{"id":25369,"date":"2020-11-03T18:50:12","date_gmt":"2020-11-03T17:50:12","guid":{"rendered":"https:\/\/www.revistarambla.com\/?p=25369"},"modified":"2025-01-23T21:40:47","modified_gmt":"2025-01-23T20:40:47","slug":"que-se-ensena-y-que-se-aprende-en-las-escuelas","status":"publish","type":"post","link":"https:\/\/www.revistarambla.com\/en\/que-se-ensena-y-que-se-aprende-en-las-escuelas\/","title":{"rendered":"\u00bfQu\u00e9 se ense\u00f1a y qu\u00e9 se aprende en las escuelas?"},"content":{"rendered":"<figure id=\"attachment_25370\" aria-describedby=\"caption-attachment-25370\" style=\"width: 640px\" class=\"wp-caption aligncenter\"><img decoding=\"async\" class=\"wp-image-25370 size-large\" src=\"https:\/\/www.revistarambla.com\/wp-content\/uploads\/2020\/11\/desk-person-people-girl-antique-window-1073044-pxhere.com_-1024x683.jpg\" alt=\"\" width=\"640\" height=\"427\" srcset=\"https:\/\/www.revistarambla.com\/wp-content\/uploads\/2020\/11\/desk-person-people-girl-antique-window-1073044-pxhere.com_-1024x683.jpg 1024w, https:\/\/www.revistarambla.com\/wp-content\/uploads\/2020\/11\/desk-person-people-girl-antique-window-1073044-pxhere.com_-300x200.jpg 300w, https:\/\/www.revistarambla.com\/wp-content\/uploads\/2020\/11\/desk-person-people-girl-antique-window-1073044-pxhere.com_-768x512.jpg 768w, https:\/\/www.revistarambla.com\/wp-content\/uploads\/2020\/11\/desk-person-people-girl-antique-window-1073044-pxhere.com_-1536x1024.jpg 1536w, https:\/\/www.revistarambla.com\/wp-content\/uploads\/2020\/11\/desk-person-people-girl-antique-window-1073044-pxhere.com_-scaled.jpg 2048w\" sizes=\"(max-width: 640px) 100vw, 640px\" \/><figcaption id=\"caption-attachment-25370\" class=\"wp-caption-text\">Algunos pedagogos hablan ya de \u201cgeneraci\u00f3n perdida\u201d para designar a los alumnos de la era de la Covid 19.<\/figcaption><\/figure>\n<p style=\"text-align: left;\" align=\"JUSTIFY\"><span lang=\"es-ES\">En la ma\u00f1ana del pasado 12 de octubre, \u201cd\u00eda de la Hispanidad\u201d, estuve haciendo mi cardiosaludable y cotidiano paseo por la Sierra de Collserola, en el t\u00e9rmino municipal de Cerdanyola del Vall\u00e8s (Barcelona). Numerosos paseantes \u2014en solitario, en pareja, en grupo o en familia\u2014 desentumec\u00edamos y oxigen\u00e1bamos nuestros cuerpos, cruz\u00e1ndonos o adelant\u00e1ndonos unos a otros. Al acercarme y al adelantar a una familia de viandantes y al alejarme de la misma, pude escuchar c\u00f3mo una adolescente de la ESO (Educaci\u00f3n Secundaria Obligatoria) explicaba a sus padres lo que estaba aprendiendo en las clases de lengua espa\u00f1ola. <\/span><\/p>\n<p style=\"text-align: left;\" align=\"JUSTIFY\"><span lang=\"es-ES\">Hab\u00eda estudiado ya lo del \u201catributo\u201d, lo del \u201ccomplemento de objeto directo\u201d, lo del \u201ccomplemento indirecto\u201d y lo de los \u201ccomplementos circunstanciales\u201d,\u2026 e iba a estudiar lo de los \u201cverbos transitivos, intransitivos, personales, impersonales, reflexivos\u201d,\u2026 Yo segu\u00ed mi camino, alej\u00e1ndome de la familia y de las explicaciones de la joven, al tiempo que me preguntaba: <\/span><span lang=\"es-ES\">Pero, <em>\u00bfQu\u00e9 se ense\u00f1a y qu\u00e9 se aprende en los centros escolares? <\/em><\/span><em><span lang=\"es-ES\">\u00bf<\/span><span lang=\"es-ES\">Y qu\u00e9 habr\u00eda que ense\u00f1ar y aprender<\/span><span lang=\"es-ES\">?<\/span><\/em><\/p>\n<h3 style=\"text-align: left;\"><strong><span lang=\"es-ES\">Lo que se ense\u00f1a y se aprende<\/span><\/strong><\/h3>\n<p style=\"text-align: left;\" align=\"JUSTIFY\"><span lang=\"es-ES\">Seg\u00fan esta vivencia anecd\u00f3tica, todo parece indicar que, en la escuela, a los alumnos se les atiborra de conocimientos \u201cmetaling\u00fc\u00edsticos\u201d, es decir se les ense\u00f1an saberes relativos a aspectos te\u00f3ricos y formales de la lengua espa\u00f1ola (o de cualquier otra lengua), pero no el dominio pr\u00e1ctico y real, tanto oral como escrito, de la(s) misma(s). Esta inferencia conclusiva es corroborada por los profesores que impartimos docencia universitaria. En efecto, las nuevas hornadas de j\u00f3venes que llegan a la universidad no poseen, en general y esto sucede cada vez m\u00e1s, tanto las \u201c<\/span><em><span lang=\"es-ES\">competencias ling\u00fc\u00edsticas y textuales<\/span><\/em><span lang=\"es-ES\">\u201d (orales y escritas) como lo que <\/span><strong><span lang=\"es-ES\">Umberto Eco <\/span><\/strong><span lang=\"es-ES\">llam\u00f3 la \u201c<\/span><em><span lang=\"es-ES\">competencia enciclop\u00e9dica<\/span><\/em><span lang=\"es-ES\">\u201d (conocimientos curriculares: historia, geograf\u00eda, filosof\u00eda, ciencias,\u2026), ni tampoco una capacidad anal\u00edtica y cr\u00edtica para poder hacer estudios superiores y sacar provecho del paso y de la estancia en la universidad.<\/span><\/p>\n<p style=\"text-align: left;\" align=\"JUSTIFY\"><span lang=\"es-ES\">Por su lado,<\/span> <span lang=\"es-ES\">los correctores de las <\/span><a href=\"http:\/\/honrad.blogspot.com\/2013\/09\/el-gaokao-y-las-pau.html\"><span lang=\"es-ES\">pruebas de acceso a la universidad<\/span><\/a><span lang=\"es-ES\"> (PAU o EvAU) constatan, a\u00f1o tras a\u00f1o, que los ex\u00e1menes de las PAU est\u00e1n llenos de faltas de ortograf\u00eda, que la expresi\u00f3n ling\u00fc\u00edstica es muy deficiente y que el conocimiento del tema de las distintas materias es nulo o muy escaso. Y, a pesar de esto, han conseguido el t\u00edtulo de Bachillerato, el aprobado en las PAU y el acceso a la Universidad con tama\u00f1as lagunas. Por otro lado, basta con analizar el comportamiento ling\u00fc\u00edstico de los j\u00f3venes internautas en las redes sociales para verificar tambi\u00e9n que la calidad del contenido y la correcci\u00f3n de la expresi\u00f3n de sus producciones ling\u00fc\u00edsticas dejan mucho que desear. Y, enfin, los informes PISA y de la OCDE dan testimonio reiterado de ello y no dejan lugar a dudas. <\/span><\/p>\n<p style=\"text-align: left;\" align=\"JUSTIFY\"><span lang=\"es-ES\">Hoy, en el contexto de la pandemia de la Covid 19, la clausura de los centros escolares y de toda actividad educativa presencial, durante el tercer trimestre del curso 2019-2020, y la promulgaci\u00f3n del <\/span><a href=\"https:\/\/www.boe.es\/buscar\/doc.php?id=BOE-A-2020-11417\"><span lang=\"es-ES\">Real Decreto-ley 31\/2020<\/span><\/a><span lang=\"es-ES\">, para el curso 2020-2021, han deteriorado y van a deteriorar a\u00fan m\u00e1s la ya deficiente formaci\u00f3n de los ni\u00f1os, adolescentes y j\u00f3venes, que muchos indocumentados \u201c<\/span><a href=\"http:\/\/honrad.blogspot.com\/2014\/02\/de-los-todologos.html\"><span lang=\"es-ES\">tod\u00f3logos<\/span><\/a><span lang=\"es-ES\">\u201d califican indebidamente como la \u201c<\/span><a href=\"http:\/\/honrad.blogspot.com\/2012\/06\/normal-0-21-false-false-false.html\"><span lang=\"es-ES\">Generaci\u00f3n JASP<\/span><\/a><span lang=\"es-ES\">\u201d (J\u00f3venes Aunque Sobradamente Preparados: la generaci\u00f3n m\u00e1s y mejor formada de la historia de Espa\u00f1a). Dejo para otra ocasi\u00f3n el an\u00e1lisis del R.D.-ley precitado, que propone una \u201c<\/span><span lang=\"es-ES\">ense\u00f1anza de rebajas<\/span><span lang=\"es-ES\">\u201d (a\u00fan m\u00e1s degradada y devaluada) y que ofrece un \u201c<\/span><span lang=\"es-ES\">aprobado general<\/span><span lang=\"es-ES\">\u201d y la distribuci\u00f3n de t\u00edtulos de ESO y Bachillerato \u201c<\/span><span lang=\"es-ES\">gratis et amore<\/span><span lang=\"es-ES\">\u201d. Por eso, algunos pedagogos hablan ya de \u201c<\/span><span lang=\"es-ES\">generaci\u00f3n perdida<\/span><span lang=\"es-ES\">\u201d para designar a los alumnos (ni\u00f1os, adolescentes y j\u00f3venes) de la era de la Covid 19. Y, por eso, podemos preguntarnos: \u201c<\/span><em><span lang=\"es-ES\">Quo vadis<\/span><span lang=\"es-ES\">?, <\/span><span lang=\"es-ES\">minister educationis<\/span><\/em><span lang=\"es-ES\">\u201d, Isabel Cel\u00e1a.<\/span><\/p>\n<h3 style=\"text-align: left;\" align=\"JUSTIFY\"><span lang=\"es-ES\"><strong>Lo que habr\u00eda que ense\u00f1ar y aprender<\/strong> <\/span><\/h3>\n<p style=\"text-align: left;\" align=\"JUSTIFY\"><span lang=\"es-ES\">Originaria y tradicionalmente, y tambi\u00e9n hoy d\u00eda, la funci\u00f3n y el objetivo fundamental y prioritario de la escuela es hacer transitar a los \u201c<\/span><span lang=\"es-ES\">analfabetos<\/span><span lang=\"es-ES\">\u201d (no saber ni leer, ni escribir), que somos todos al nacer, hacia el mundo de los \u201c<\/span><span lang=\"es-ES\">alfabetos<\/span><span lang=\"es-ES\">\u201d (saber leer y escribir). A esto debe estar subordinado cualquier otro aprendizaje escolar o cualquier otro aprendizaje escolar debe contribuir a mejorar las competencias ling\u00fc\u00edsticas, base y fundamento del \u00e9xito escolar, profesional y social. <\/span><\/p>\n<p style=\"text-align: left;\" align=\"JUSTIFY\"><span lang=\"es-ES\">Si hay unas ense\u00f1anzas y unos aprendizajes fundamentales e imprescindibles donde los haya, \u00e9stos son los ling\u00fc\u00edsticos: instrumentos para la adquisici\u00f3n de \u201csaberes\u201d (\u201c<\/span><span lang=\"es-ES\">savoirs<\/span><span lang=\"es-ES\">\u201d) y de \u201csaber hacer\u201d (\u201c<\/span><span lang=\"es-ES\">savoir-faire<\/span><span lang=\"es-ES\">\u201d). Por eso, todo profesor, de cualquier materia, deber\u00eda ser tambi\u00e9n profesor de lengua. Y no debemos olvidar, <\/span>pastichando el adagio popular de \u201cla letra con sangre entra\u201d, que \u201cla letra con letra entra\u201d, <strong>Pedro Salina<\/strong>s dixit. De ah\u00ed el papel de la escuela para inocular en los ni\u00f1os y j\u00f3venes el virus adictivo y taumat\u00fargico de la lectura.<\/p>\n<p style=\"text-align: left;\" align=\"JUSTIFY\"><span lang=\"es-ES\">La <\/span><a href=\"http:\/\/honrad.blogspot.com\/2020\/02\/que-cono-es-eso-de-la-lectura_1.html\"><span lang=\"es-ES\">lectura comprensiva<\/span><\/a><span lang=\"es-ES\"> y la <\/span><a href=\"http:\/\/honrad.blogspot.com\/2020\/02\/que-cono-es-eso-de-la-escritura_12.html\"><span lang=\"es-ES\">escritura cooperadora<\/span><\/a><span lang=\"es-ES\"> son dos competencias que se pueden y se deben ense\u00f1ar y aprender, y, sobre todo, practicar, ya que c<\/span>omo dijo <strong>G. Bachelard<\/strong>, \u201cavoir compris et appris, c\u2019est savoir faire et refaire\u201d. <span lang=\"es-ES\">Ahora bien, por los resultados escolares que se obtienen hoy, todo parece indicar que el sistema educativo espa\u00f1ol est\u00e1 muy lejos de formar \u201calfabetos\u201d y que, m\u00e1s bien, estamos concibiendo y formando \u201c<\/span><span lang=\"es-ES\">neo-analfabetos<\/span><span lang=\"es-ES\">\u201d: individuos, seg\u00fan el poeta <\/span><strong><span lang=\"es-ES\">Pedro Salinas<\/span><\/strong><span lang=\"es-ES\">, que han pasado por la escuela pero que o no han aprendido a leer y a escribir (caso demasiado frecuente) o habiendo adquirido el estatus de \u201c<\/span><span lang=\"es-ES\">alfabetos<\/span><span lang=\"es-ES\">\u201d <\/span><a href=\"http:\/\/honrad.blogspot.com\/2015\/09\/dime-que-lees-y-te-dire.html\"><span lang=\"es-ES\">no leen ni escriben<\/span><\/a><span lang=\"es-ES\">, dos actividades o competencias que se retroalimentan mutuamente.<\/span><\/p>\n<p style=\"text-align: left;\" align=\"JUSTIFY\"><span lang=\"es-ES\">Por todo esto, si un d\u00eda se consiguiera un l\u00f3gico y necesario consenso educativo, pensando s\u00f3lo en el bien de los alumnos de todos los niveles educativos, se deber\u00eda focalizar la ense\u00f1anza-aprendizaje escolar en las ense\u00f1anzas ling\u00fc\u00edsticas, base y fundamento de cualquier otra ense\u00f1anza o aprendizaje. As\u00ed lo vio <\/span><strong><span lang=\"es-ES\">Lionel Jospin<\/span><\/strong><span lang=\"es-ES\">, cuando se ocup\u00f3, en los 80 y 90, del Ministerio de Educaci\u00f3n con <\/span><strong><span lang=\"es-ES\">F. Mitterand<\/span><\/strong><span lang=\"es-ES\"> y formul\u00f3 el objetivo fundamental y prioritario de la escuela francesa con tres sintagmas: ense\u00f1ar a leer, a escribir, a razonar.<\/span><\/p>\n<p style=\"text-align: left;\" align=\"JUSTIFY\"><span lang=\"es-ES\">O se produce este cambio, jerarquizando las ense\u00f1anzas-aprendizajes escolares y privilegiando las ling\u00fc\u00edsticas o, despu\u00e9s, pasa lo que pasa. En general, los alumnos, con unas livianas alforjas ling\u00fc\u00edsticas, renquean y se arrastran en las ense\u00f1anzas no universitarias. Por otro lado, cuando llegan a la universidad, suelen suspender muchas asignaturas o repetir curso o cambiar de estudios o abandonarlos definitivamente. Adem\u00e1s, aquellos que terminan los estudios universitarios, al tener que afrontar la entrada en el mundo laboral, se sienten desarmados y abocados a la explotaci\u00f3n laboral con trabajos mal valorados y remunerados o simplemente al paro (m\u00e1s del 40,8%, en julio de 2020). Y, entonces, se preguntan: \u201c<\/span><a href=\"http:\/\/honrad.blogspot.com\/2014\/06\/y-ahora-que.html\"><span lang=\"es-ES\">Y con estos estudios, <\/span><em><span lang=\"es-ES\">\u00bfqu\u00e9?<\/span><\/em><\/a><span lang=\"es-ES\">\u201d. <\/span><\/p>\n<p style=\"text-align: left;\" align=\"JUSTIFY\"><span lang=\"es-ES\">Con las deficientes y livianas alforjas ling\u00fc\u00edsticas \u2014despu\u00e9s de haber estudiado y aprendido cosas sobre las lenguas, pero no el uso funcional y pr\u00e1ctico de las mismas\u2014 no se puede salir de casa o tratar de ser un ciudadano cabal, preparado y armado para no ser desinformado, manipulado, enga\u00f1ado y \u201cdesempoderado\u201d. De aquellos polvos (ense\u00f1anza te\u00f3rica y formal de la gram\u00e1tica, i.e. de conocimientos metaling\u00fc\u00edsticos), estos lodos (lagunas en la competencia comunicativa y textual, que es much\u00edsimo m\u00e1s que escribir frases sin faltas de ortograf\u00eda, y en la competencia enciclop\u00e9dica).<\/span><\/p>","protected":false},"excerpt":{"rendered":"<p>En el contexto de la pandemia de la Covid 19, la clausura de los centros escolares y de toda actividad educativa presencial ha deteriorado y van a deteriorar a\u00fan m\u00e1s la ya deficiente formaci\u00f3n de los ni\u00f1os, adolescentes y j\u00f3venes, que muchos indocumentados califican indebidamente como la \u201cGeneraci\u00f3n JASP\u201d<\/p>","protected":false},"author":17,"featured_media":25370,"comment_status":"open","ping_status":"open","sticky":false,"template":"","format":"standard","meta":{"footnotes":""},"categories":[4114],"tags":[],"class_list":["post-25369","post","type-post","status-publish","format-standard","has-post-thumbnail","hentry","category-cantando-las-verdades"],"yoast_head":"<!-- This site is optimized with the Yoast SEO plugin v27.5 - https:\/\/yoast.com\/product\/yoast-seo-wordpress\/ -->\n<title>\u00bfQu\u00e9 se ense\u00f1a y qu\u00e9 se aprende en las escuelas? - Revista Rambla<\/title>\n<meta name=\"robots\" content=\"index, follow, max-snippet:-1, max-image-preview:large, max-video-preview:-1\" \/>\n<link rel=\"canonical\" href=\"https:\/\/www.revistarambla.com\/en\/que-se-ensena-y-que-se-aprende-en-las-escuelas\/\" \/>\n<meta property=\"og:locale\" content=\"en_GB\" \/>\n<meta property=\"og:type\" content=\"article\" \/>\n<meta property=\"og:title\" content=\"\u00bfQu\u00e9 se ense\u00f1a y qu\u00e9 se aprende en las escuelas? - Revista Rambla\" \/>\n<meta property=\"og:description\" content=\"En el contexto de la pandemia de la Covid 19, la clausura de los centros escolares y de toda actividad educativa presencial ha deteriorado y van a deteriorar a\u00fan m\u00e1s la ya deficiente formaci\u00f3n de los ni\u00f1os, adolescentes y j\u00f3venes, que muchos indocumentados califican indebidamente como la \u201cGeneraci\u00f3n JASP\u201d\" \/>\n<meta property=\"og:url\" content=\"https:\/\/www.revistarambla.com\/en\/que-se-ensena-y-que-se-aprende-en-las-escuelas\/\" \/>\n<meta property=\"og:site_name\" content=\"Revista Rambla\" \/>\n<meta property=\"article:publisher\" content=\"https:\/\/www.facebook.com\/revistarambla\/\" \/>\n<meta property=\"article:author\" content=\"https:\/\/www.facebook.com\/manuelignacio.cabezasgonzalez\" \/>\n<meta property=\"article:published_time\" content=\"2020-11-03T17:50:12+00:00\" \/>\n<meta property=\"article:modified_time\" content=\"2025-01-23T20:40:47+00:00\" \/>\n<meta property=\"og:image\" content=\"https:\/\/www.revistarambla.com\/wp-content\/uploads\/2020\/11\/desk-person-people-girl-antique-window-1073044-pxhere.com_-scaled.jpg\" \/>\n\t<meta property=\"og:image:width\" content=\"2048\" \/>\n\t<meta property=\"og:image:height\" content=\"1365\" \/>\n\t<meta property=\"og:image:type\" content=\"image\/jpeg\" \/>\n<meta name=\"author\" content=\"Manuel Ignacio Cabezas Gonz\u00e1lez\" \/>\n<meta name=\"twitter:card\" content=\"summary_large_image\" \/>\n<meta name=\"twitter:creator\" content=\"@ManuelICabezas\" \/>\n<meta name=\"twitter:site\" content=\"@revistarambla\" \/>\n<meta name=\"twitter:label1\" content=\"Written by\" \/>\n\t<meta name=\"twitter:data1\" content=\"Manuel Ignacio Cabezas Gonz\u00e1lez\" \/>\n\t<meta name=\"twitter:label2\" content=\"Estimated reading time\" \/>\n\t<meta name=\"twitter:data2\" content=\"6 minutes\" \/>\n<script type=\"application\/ld+json\" class=\"yoast-schema-graph\">{\"@context\":\"https:\\\/\\\/schema.org\",\"@graph\":[{\"@type\":\"Article\",\"@id\":\"https:\\\/\\\/www.revistarambla.com\\\/que-se-ensena-y-que-se-aprende-en-las-escuelas\\\/#article\",\"isPartOf\":{\"@id\":\"https:\\\/\\\/www.revistarambla.com\\\/que-se-ensena-y-que-se-aprende-en-las-escuelas\\\/\"},\"author\":{\"name\":\"Manuel Ignacio Cabezas Gonz\u00e1lez\",\"@id\":\"https:\\\/\\\/www.revistarambla.com\\\/#\\\/schema\\\/person\\\/3d71c575842522757de7f4f9c9b40215\"},\"headline\":\"\u00bfQu\u00e9 se ense\u00f1a y qu\u00e9 se aprende en las escuelas?\",\"datePublished\":\"2020-11-03T17:50:12+00:00\",\"dateModified\":\"2025-01-23T20:40:47+00:00\",\"mainEntityOfPage\":{\"@id\":\"https:\\\/\\\/www.revistarambla.com\\\/que-se-ensena-y-que-se-aprende-en-las-escuelas\\\/\"},\"wordCount\":1336,\"commentCount\":1,\"publisher\":{\"@id\":\"https:\\\/\\\/www.revistarambla.com\\\/#organization\"},\"image\":{\"@id\":\"https:\\\/\\\/www.revistarambla.com\\\/que-se-ensena-y-que-se-aprende-en-las-escuelas\\\/#primaryimage\"},\"thumbnailUrl\":\"https:\\\/\\\/www.revistarambla.com\\\/wp-content\\\/uploads\\\/2020\\\/11\\\/desk-person-people-girl-antique-window-1073044-pxhere.com_-scaled.jpg\",\"articleSection\":[\"Cantando las verdades\"],\"inLanguage\":\"en-GB\",\"potentialAction\":[{\"@type\":\"CommentAction\",\"name\":\"Comment\",\"target\":[\"https:\\\/\\\/www.revistarambla.com\\\/que-se-ensena-y-que-se-aprende-en-las-escuelas\\\/#respond\"]}]},{\"@type\":\"WebPage\",\"@id\":\"https:\\\/\\\/www.revistarambla.com\\\/que-se-ensena-y-que-se-aprende-en-las-escuelas\\\/\",\"url\":\"https:\\\/\\\/www.revistarambla.com\\\/que-se-ensena-y-que-se-aprende-en-las-escuelas\\\/\",\"name\":\"\u00bfQu\u00e9 se ense\u00f1a y qu\u00e9 se aprende en las escuelas? - Revista Rambla\",\"isPartOf\":{\"@id\":\"https:\\\/\\\/www.revistarambla.com\\\/#website\"},\"primaryImageOfPage\":{\"@id\":\"https:\\\/\\\/www.revistarambla.com\\\/que-se-ensena-y-que-se-aprende-en-las-escuelas\\\/#primaryimage\"},\"image\":{\"@id\":\"https:\\\/\\\/www.revistarambla.com\\\/que-se-ensena-y-que-se-aprende-en-las-escuelas\\\/#primaryimage\"},\"thumbnailUrl\":\"https:\\\/\\\/www.revistarambla.com\\\/wp-content\\\/uploads\\\/2020\\\/11\\\/desk-person-people-girl-antique-window-1073044-pxhere.com_-scaled.jpg\",\"datePublished\":\"2020-11-03T17:50:12+00:00\",\"dateModified\":\"2025-01-23T20:40:47+00:00\",\"breadcrumb\":{\"@id\":\"https:\\\/\\\/www.revistarambla.com\\\/que-se-ensena-y-que-se-aprende-en-las-escuelas\\\/#breadcrumb\"},\"inLanguage\":\"en-GB\",\"potentialAction\":[{\"@type\":\"ReadAction\",\"target\":[\"https:\\\/\\\/www.revistarambla.com\\\/que-se-ensena-y-que-se-aprende-en-las-escuelas\\\/\"]}]},{\"@type\":\"ImageObject\",\"inLanguage\":\"en-GB\",\"@id\":\"https:\\\/\\\/www.revistarambla.com\\\/que-se-ensena-y-que-se-aprende-en-las-escuelas\\\/#primaryimage\",\"url\":\"https:\\\/\\\/www.revistarambla.com\\\/wp-content\\\/uploads\\\/2020\\\/11\\\/desk-person-people-girl-antique-window-1073044-pxhere.com_-scaled.jpg\",\"contentUrl\":\"https:\\\/\\\/www.revistarambla.com\\\/wp-content\\\/uploads\\\/2020\\\/11\\\/desk-person-people-girl-antique-window-1073044-pxhere.com_-scaled.jpg\",\"width\":2048,\"height\":1365},{\"@type\":\"BreadcrumbList\",\"@id\":\"https:\\\/\\\/www.revistarambla.com\\\/que-se-ensena-y-que-se-aprende-en-las-escuelas\\\/#breadcrumb\",\"itemListElement\":[{\"@type\":\"ListItem\",\"position\":1,\"name\":\"Portada\",\"item\":\"https:\\\/\\\/www.revistarambla.com\\\/\"},{\"@type\":\"ListItem\",\"position\":2,\"name\":\"\u00bfQu\u00e9 se ense\u00f1a y qu\u00e9 se aprende en las escuelas?\"}]},{\"@type\":\"WebSite\",\"@id\":\"https:\\\/\\\/www.revistarambla.com\\\/#website\",\"url\":\"https:\\\/\\\/www.revistarambla.com\\\/\",\"name\":\"Revista Rambla Barcelona\",\"description\":\"Periodismo independiente\",\"publisher\":{\"@id\":\"https:\\\/\\\/www.revistarambla.com\\\/#organization\"},\"potentialAction\":[{\"@type\":\"SearchAction\",\"target\":{\"@type\":\"EntryPoint\",\"urlTemplate\":\"https:\\\/\\\/www.revistarambla.com\\\/?s={search_term_string}\"},\"query-input\":{\"@type\":\"PropertyValueSpecification\",\"valueRequired\":true,\"valueName\":\"search_term_string\"}}],\"inLanguage\":\"en-GB\"},{\"@type\":\"Organization\",\"@id\":\"https:\\\/\\\/www.revistarambla.com\\\/#organization\",\"name\":\"Revista Rambla\",\"url\":\"https:\\\/\\\/www.revistarambla.com\\\/\",\"logo\":{\"@type\":\"ImageObject\",\"inLanguage\":\"en-GB\",\"@id\":\"https:\\\/\\\/www.revistarambla.com\\\/#\\\/schema\\\/logo\\\/image\\\/\",\"url\":\"https:\\\/\\\/www.revistarambla.com\\\/wp-content\\\/uploads\\\/2020\\\/09\\\/banner_rambla_1900x600_BB.png\",\"contentUrl\":\"https:\\\/\\\/www.revistarambla.com\\\/wp-content\\\/uploads\\\/2020\\\/09\\\/banner_rambla_1900x600_BB.png\",\"width\":1900,\"height\":600,\"caption\":\"Revista Rambla\"},\"image\":{\"@id\":\"https:\\\/\\\/www.revistarambla.com\\\/#\\\/schema\\\/logo\\\/image\\\/\"},\"sameAs\":[\"https:\\\/\\\/www.facebook.com\\\/revistarambla\\\/\",\"https:\\\/\\\/x.com\\\/revistarambla\",\"https:\\\/\\\/www.instagram.com\\\/revista_rambla\",\"https:\\\/\\\/es.linkedin.com\\\/company\\\/revista-rambla\"]},{\"@type\":\"Person\",\"@id\":\"https:\\\/\\\/www.revistarambla.com\\\/#\\\/schema\\\/person\\\/3d71c575842522757de7f4f9c9b40215\",\"name\":\"Manuel Ignacio Cabezas Gonz\u00e1lez\",\"description\":\"Doctor en Didactolog\u00eda de las Lenguas y de las Culturas. Profesor Titular de Ling\u00fc\u00edstica y de Ling\u00fc\u00edstica Aplicada. Departamento de Filolog\u00eda Francesa y Rom\u00e1nica (UAB).\",\"sameAs\":[\"http:\\\/\\\/honrad.blogspot.com\\\/\",\"https:\\\/\\\/www.facebook.com\\\/manuelignacio.cabezasgonzalez\",\"https:\\\/\\\/x.com\\\/ManuelICabezas\"]}]}<\/script>\n<!-- \/ Yoast SEO plugin. -->","yoast_head_json":{"title":"\u00bfQu\u00e9 se ense\u00f1a y qu\u00e9 se aprende en las escuelas? - Revista Rambla","robots":{"index":"index","follow":"follow","max-snippet":"max-snippet:-1","max-image-preview":"max-image-preview:large","max-video-preview":"max-video-preview:-1"},"canonical":"https:\/\/www.revistarambla.com\/en\/que-se-ensena-y-que-se-aprende-en-las-escuelas\/","og_locale":"en_GB","og_type":"article","og_title":"\u00bfQu\u00e9 se ense\u00f1a y qu\u00e9 se aprende en las escuelas? - Revista Rambla","og_description":"En el contexto de la pandemia de la Covid 19, la clausura de los centros escolares y de toda actividad educativa presencial ha deteriorado y van a deteriorar a\u00fan m\u00e1s la ya deficiente formaci\u00f3n de los ni\u00f1os, adolescentes y j\u00f3venes, que muchos indocumentados califican indebidamente como la \u201cGeneraci\u00f3n JASP\u201d","og_url":"https:\/\/www.revistarambla.com\/en\/que-se-ensena-y-que-se-aprende-en-las-escuelas\/","og_site_name":"Revista Rambla","article_publisher":"https:\/\/www.facebook.com\/revistarambla\/","article_author":"https:\/\/www.facebook.com\/manuelignacio.cabezasgonzalez","article_published_time":"2020-11-03T17:50:12+00:00","article_modified_time":"2025-01-23T20:40:47+00:00","og_image":[{"width":2048,"height":1365,"url":"https:\/\/www.revistarambla.com\/wp-content\/uploads\/2020\/11\/desk-person-people-girl-antique-window-1073044-pxhere.com_-scaled.jpg","type":"image\/jpeg"}],"author":"Manuel Ignacio Cabezas Gonz\u00e1lez","twitter_card":"summary_large_image","twitter_creator":"@ManuelICabezas","twitter_site":"@revistarambla","twitter_misc":{"Written by":"Manuel Ignacio Cabezas Gonz\u00e1lez","Estimated reading time":"6 minutes"},"schema":{"@context":"https:\/\/schema.org","@graph":[{"@type":"Article","@id":"https:\/\/www.revistarambla.com\/que-se-ensena-y-que-se-aprende-en-las-escuelas\/#article","isPartOf":{"@id":"https:\/\/www.revistarambla.com\/que-se-ensena-y-que-se-aprende-en-las-escuelas\/"},"author":{"name":"Manuel Ignacio Cabezas Gonz\u00e1lez","@id":"https:\/\/www.revistarambla.com\/#\/schema\/person\/3d71c575842522757de7f4f9c9b40215"},"headline":"\u00bfQu\u00e9 se ense\u00f1a y qu\u00e9 se aprende en las escuelas?","datePublished":"2020-11-03T17:50:12+00:00","dateModified":"2025-01-23T20:40:47+00:00","mainEntityOfPage":{"@id":"https:\/\/www.revistarambla.com\/que-se-ensena-y-que-se-aprende-en-las-escuelas\/"},"wordCount":1336,"commentCount":1,"publisher":{"@id":"https:\/\/www.revistarambla.com\/#organization"},"image":{"@id":"https:\/\/www.revistarambla.com\/que-se-ensena-y-que-se-aprende-en-las-escuelas\/#primaryimage"},"thumbnailUrl":"https:\/\/www.revistarambla.com\/wp-content\/uploads\/2020\/11\/desk-person-people-girl-antique-window-1073044-pxhere.com_-scaled.jpg","articleSection":["Cantando las verdades"],"inLanguage":"en-GB","potentialAction":[{"@type":"CommentAction","name":"Comment","target":["https:\/\/www.revistarambla.com\/que-se-ensena-y-que-se-aprende-en-las-escuelas\/#respond"]}]},{"@type":"WebPage","@id":"https:\/\/www.revistarambla.com\/que-se-ensena-y-que-se-aprende-en-las-escuelas\/","url":"https:\/\/www.revistarambla.com\/que-se-ensena-y-que-se-aprende-en-las-escuelas\/","name":"\u00bfQu\u00e9 se ense\u00f1a y qu\u00e9 se aprende en las escuelas? - Revista Rambla","isPartOf":{"@id":"https:\/\/www.revistarambla.com\/#website"},"primaryImageOfPage":{"@id":"https:\/\/www.revistarambla.com\/que-se-ensena-y-que-se-aprende-en-las-escuelas\/#primaryimage"},"image":{"@id":"https:\/\/www.revistarambla.com\/que-se-ensena-y-que-se-aprende-en-las-escuelas\/#primaryimage"},"thumbnailUrl":"https:\/\/www.revistarambla.com\/wp-content\/uploads\/2020\/11\/desk-person-people-girl-antique-window-1073044-pxhere.com_-scaled.jpg","datePublished":"2020-11-03T17:50:12+00:00","dateModified":"2025-01-23T20:40:47+00:00","breadcrumb":{"@id":"https:\/\/www.revistarambla.com\/que-se-ensena-y-que-se-aprende-en-las-escuelas\/#breadcrumb"},"inLanguage":"en-GB","potentialAction":[{"@type":"ReadAction","target":["https:\/\/www.revistarambla.com\/que-se-ensena-y-que-se-aprende-en-las-escuelas\/"]}]},{"@type":"ImageObject","inLanguage":"en-GB","@id":"https:\/\/www.revistarambla.com\/que-se-ensena-y-que-se-aprende-en-las-escuelas\/#primaryimage","url":"https:\/\/www.revistarambla.com\/wp-content\/uploads\/2020\/11\/desk-person-people-girl-antique-window-1073044-pxhere.com_-scaled.jpg","contentUrl":"https:\/\/www.revistarambla.com\/wp-content\/uploads\/2020\/11\/desk-person-people-girl-antique-window-1073044-pxhere.com_-scaled.jpg","width":2048,"height":1365},{"@type":"BreadcrumbList","@id":"https:\/\/www.revistarambla.com\/que-se-ensena-y-que-se-aprende-en-las-escuelas\/#breadcrumb","itemListElement":[{"@type":"ListItem","position":1,"name":"Portada","item":"https:\/\/www.revistarambla.com\/"},{"@type":"ListItem","position":2,"name":"\u00bfQu\u00e9 se ense\u00f1a y qu\u00e9 se aprende en las escuelas?"}]},{"@type":"WebSite","@id":"https:\/\/www.revistarambla.com\/#website","url":"https:\/\/www.revistarambla.com\/","name":"Revista Rambla Barcelona","description":"Periodismo independiente","publisher":{"@id":"https:\/\/www.revistarambla.com\/#organization"},"potentialAction":[{"@type":"SearchAction","target":{"@type":"EntryPoint","urlTemplate":"https:\/\/www.revistarambla.com\/?s={search_term_string}"},"query-input":{"@type":"PropertyValueSpecification","valueRequired":true,"valueName":"search_term_string"}}],"inLanguage":"en-GB"},{"@type":"Organization","@id":"https:\/\/www.revistarambla.com\/#organization","name":"Revista Rambla","url":"https:\/\/www.revistarambla.com\/","logo":{"@type":"ImageObject","inLanguage":"en-GB","@id":"https:\/\/www.revistarambla.com\/#\/schema\/logo\/image\/","url":"https:\/\/www.revistarambla.com\/wp-content\/uploads\/2020\/09\/banner_rambla_1900x600_BB.png","contentUrl":"https:\/\/www.revistarambla.com\/wp-content\/uploads\/2020\/09\/banner_rambla_1900x600_BB.png","width":1900,"height":600,"caption":"Revista Rambla"},"image":{"@id":"https:\/\/www.revistarambla.com\/#\/schema\/logo\/image\/"},"sameAs":["https:\/\/www.facebook.com\/revistarambla\/","https:\/\/x.com\/revistarambla","https:\/\/www.instagram.com\/revista_rambla","https:\/\/es.linkedin.com\/company\/revista-rambla"]},{"@type":"Person","@id":"https:\/\/www.revistarambla.com\/#\/schema\/person\/3d71c575842522757de7f4f9c9b40215","name":"Manuel Ignacio Cabezas Gonz\u00e1lez","description":"Doctor en Didactolog\u00eda de las Lenguas y de las Culturas. Profesor Titular de Ling\u00fc\u00edstica y de Ling\u00fc\u00edstica Aplicada. Departamento de Filolog\u00eda Francesa y Rom\u00e1nica (UAB).","sameAs":["http:\/\/honrad.blogspot.com\/","https:\/\/www.facebook.com\/manuelignacio.cabezasgonzalez","https:\/\/x.com\/ManuelICabezas"]}]}},"_links":{"self":[{"href":"https:\/\/www.revistarambla.com\/en\/wp-json\/wp\/v2\/posts\/25369","targetHints":{"allow":["GET"]}}],"collection":[{"href":"https:\/\/www.revistarambla.com\/en\/wp-json\/wp\/v2\/posts"}],"about":[{"href":"https:\/\/www.revistarambla.com\/en\/wp-json\/wp\/v2\/types\/post"}],"author":[{"embeddable":true,"href":"https:\/\/www.revistarambla.com\/en\/wp-json\/wp\/v2\/users\/17"}],"replies":[{"embeddable":true,"href":"https:\/\/www.revistarambla.com\/en\/wp-json\/wp\/v2\/comments?post=25369"}],"version-history":[{"count":1,"href":"https:\/\/www.revistarambla.com\/en\/wp-json\/wp\/v2\/posts\/25369\/revisions"}],"predecessor-version":[{"id":64109,"href":"https:\/\/www.revistarambla.com\/en\/wp-json\/wp\/v2\/posts\/25369\/revisions\/64109"}],"wp:featuredmedia":[{"embeddable":true,"href":"https:\/\/www.revistarambla.com\/en\/wp-json\/wp\/v2\/media\/25370"}],"wp:attachment":[{"href":"https:\/\/www.revistarambla.com\/en\/wp-json\/wp\/v2\/media?parent=25369"}],"wp:term":[{"taxonomy":"category","embeddable":true,"href":"https:\/\/www.revistarambla.com\/en\/wp-json\/wp\/v2\/categories?post=25369"},{"taxonomy":"post_tag","embeddable":true,"href":"https:\/\/www.revistarambla.com\/en\/wp-json\/wp\/v2\/tags?post=25369"}],"curies":[{"name":"wp","href":"https:\/\/api.w.org\/{rel}","templated":true}]}}