{"id":25334,"date":"2020-10-29T21:11:57","date_gmt":"2020-10-29T20:11:57","guid":{"rendered":"https:\/\/www.revistarambla.com\/?p=25334"},"modified":"2021-12-07T16:13:52","modified_gmt":"2021-12-07T15:13:52","slug":"ayuso-y-la-enfermedad-del-poder","status":"publish","type":"post","link":"https:\/\/www.revistarambla.com\/en\/ayuso-y-la-enfermedad-del-poder\/","title":{"rendered":"Ayuso y la enfermedad del Poder"},"content":{"rendered":"<figure id=\"attachment_25335\" aria-describedby=\"caption-attachment-25335\" style=\"width: 640px\" class=\"wp-caption aligncenter\"><img decoding=\"async\" class=\"wp-image-25335\" src=\"https:\/\/www.revistarambla.com\/wp-content\/uploads\/2020\/10\/50162109598_2bf40a20ef_b-300x191.jpg\" alt=\"Isabel D\u00edaz Ayuso\" width=\"640\" height=\"407\" srcset=\"https:\/\/www.revistarambla.com\/wp-content\/uploads\/2020\/10\/50162109598_2bf40a20ef_b-300x191.jpg 300w, https:\/\/www.revistarambla.com\/wp-content\/uploads\/2020\/10\/50162109598_2bf40a20ef_b-768x489.jpg 768w, https:\/\/www.revistarambla.com\/wp-content\/uploads\/2020\/10\/50162109598_2bf40a20ef_b.jpg 1023w\" sizes=\"(max-width: 640px) 100vw, 640px\" \/><figcaption id=\"caption-attachment-25335\" class=\"wp-caption-text\">Isabel D\u00edaz Ayuso.<\/figcaption><\/figure>\n<p>El psiquiatra espa\u00f1ol <strong>Enrique Gonz\u00e1lez Duro<\/strong> en su libro <em>La paranoia<\/em> (1991), afirma que \u201c los factores desencadenantes de esta enfermedad se encuentran muy activos en individuos que presentan un acusado narcisismo y que se han visto expuestos a serias frustraciones, hall\u00e1ndose consecuentemente dotados de una baja autoestima. Esto provoca que se dispare en los mismos el mecanismo natural de Proyecci\u00f3n, en virtud del cual tendemos a atribuir a otros aquellos impulsos, fantas\u00edas, frustraciones y tensiones que nos resultan inexplicables, inaceptables e insoportables en nosotros mismos\u201d.<\/p>\n<p>La personalidad de <strong>D\u00edaz Ayuso<\/strong> encajar\u00eda plenamente en la descripci\u00f3n medica del trastorno conocido como psicosis paranoica pues su pensamiento es r\u00edgido e incorregible: no tiene en cuenta las razones contrarias, s\u00f3lo recoge datos o signos que le confirmen el prejuicio para convertirlo en convicci\u00f3n y aunque est\u00e9 aquejado de dicho trastorno delirante ser\u00eda bastante funcional y no tiende a mostrar un comportamiento extra\u00f1o excepto como resultado directo de la idea delirante.<\/p>\n<p>La paranoia de Ayuso se habr\u00eda agravado al verse afectado por el llamado\u00a0\u201c<em>sindrome de hydris<\/em>\u201d citado por el m\u00e9dico y pol\u00edtico ingl\u00e9s <strong>David Owen<\/strong> en su obra <em>The Hybris Syndrome: Busch, Blair ant the Intoxication of Power<\/em>, t\u00e9rmino que procede de la palabra griega \u201c<em>hybris<\/em>\u201d y que significa desmesura. As\u00ed,\u00a0<strong>D\u00edaz Ayuso<\/strong> desde su atalaya de la Puerta del Sol en Madrid, se habr\u00eda convertido en el vivo reflejo de la incongruencia trumpiana que consigue desarbolar cualquier estrategia opositora que sea m\u00ednimamente racional. Como en el caso de Trump, sus controvertidas decisiones y manifestaciones nos permiten aventurar que nos encontramos ante un caso t\u00edpico de paranoia megal\u00f3mana, \u201c<em>entendido como\u00a0delirio de grandeza que provoca que el individuo se crea dotado de un talento y un poder extraordinarios debido a que las deidades le han elegido para una alta misi\u00f3n<\/em>\u201d\u00a0(descabalgar a <strong>Pedro S\u00e1nchez<\/strong> del Poder ).<\/p>\n<p>Otro rasgo de la personalidad de Ayuso ser\u00eda el histrionismo que le impele a llamar la atenci\u00f3n p\u00fablica y ser temerario en sus afirmaciones sin importarle la opini\u00f3n de los dem\u00e1s debido a su evidente falta de moralidad as\u00ed como la tentaci\u00f3n de perjudicar la vida de los dem\u00e1s (l\u00e9ase los men\u00fas infantiles de Telepizza).<\/p>\n<p>La\u00a0personalidad de Ayuso\u00a0explicar\u00eda su frivolizaci\u00f3n de la segunda ola de la pandemia en Madrid y la consecuente falta de adopci\u00f3n de medidas profil\u00e1cticas para evitarlo,\u00a0quedando la sanidad p\u00fablica madrile\u00f1a inerme ante la agudizaci\u00f3n de la segunda ola que alcanzar\u00e1 su punto \u00e1lgido en los pr\u00f3ximos meses, no siendo descartable la presentaci\u00f3n de una Moci\u00f3n de censura contra Ayuso que escenificar\u00e1 la constituci\u00f3n de un Gobierno de Coalici\u00f3n PSOE-Ciudadanos y que contar\u00eda con el apoyo externo de M\u00e1s Madrid e Unidas Podemos.<\/p>","protected":false},"excerpt":{"rendered":"<p>\u201cLa pasi\u00f3n de dominar es la m\u00e1s terrible de todas las enfermedades del esp\u00edritu humano\u201d (Voltaire)<\/p>","protected":false},"author":16,"featured_media":25335,"comment_status":"open","ping_status":"open","sticky":false,"template":"","format":"standard","meta":{"footnotes":""},"categories":[72],"tags":[],"class_list":["post-25334","post","type-post","status-publish","format-standard","has-post-thumbnail","hentry","category-opinion"],"yoast_head":"<!-- This site is optimized with the Yoast SEO plugin v27.5 - https:\/\/yoast.com\/product\/yoast-seo-wordpress\/ -->\n<title>Ayuso y la enfermedad del Poder - Revista Rambla<\/title>\n<meta name=\"robots\" content=\"index, follow, max-snippet:-1, max-image-preview:large, max-video-preview:-1\" \/>\n<link rel=\"canonical\" href=\"https:\/\/www.revistarambla.com\/en\/ayuso-y-la-enfermedad-del-poder\/\" \/>\n<meta property=\"og:locale\" content=\"en_GB\" \/>\n<meta property=\"og:type\" content=\"article\" \/>\n<meta property=\"og:title\" content=\"Ayuso y la enfermedad del Poder - Revista Rambla\" \/>\n<meta property=\"og:description\" content=\"\u201cLa pasi\u00f3n de dominar es la m\u00e1s terrible de todas las enfermedades del esp\u00edritu humano\u201d (Voltaire)\" \/>\n<meta property=\"og:url\" content=\"https:\/\/www.revistarambla.com\/en\/ayuso-y-la-enfermedad-del-poder\/\" \/>\n<meta property=\"og:site_name\" content=\"Revista Rambla\" \/>\n<meta property=\"article:publisher\" content=\"https:\/\/www.facebook.com\/revistarambla\/\" \/>\n<meta property=\"article:published_time\" content=\"2020-10-29T20:11:57+00:00\" \/>\n<meta property=\"article:modified_time\" content=\"2021-12-07T15:13:52+00:00\" \/>\n<meta property=\"og:image\" content=\"https:\/\/www.revistarambla.com\/wp-content\/uploads\/2020\/10\/50162109598_2bf40a20ef_b.jpg\" \/>\n\t<meta property=\"og:image:width\" content=\"1023\" \/>\n\t<meta property=\"og:image:height\" content=\"651\" \/>\n\t<meta property=\"og:image:type\" content=\"image\/jpeg\" \/>\n<meta name=\"author\" content=\"Germ\u00e1n Gorraiz L\u00f3pez\" \/>\n<meta name=\"twitter:card\" content=\"summary_large_image\" \/>\n<meta name=\"twitter:creator\" content=\"@revistarambla\" \/>\n<meta name=\"twitter:site\" content=\"@revistarambla\" \/>\n<meta name=\"twitter:label1\" content=\"Written by\" \/>\n\t<meta name=\"twitter:data1\" content=\"Germ\u00e1n Gorraiz L\u00f3pez\" \/>\n\t<meta name=\"twitter:label2\" content=\"Estimated reading time\" \/>\n\t<meta name=\"twitter:data2\" content=\"3 minutes\" \/>\n<script type=\"application\/ld+json\" class=\"yoast-schema-graph\">{\"@context\":\"https:\\\/\\\/schema.org\",\"@graph\":[{\"@type\":\"Article\",\"@id\":\"https:\\\/\\\/www.revistarambla.com\\\/ayuso-y-la-enfermedad-del-poder\\\/#article\",\"isPartOf\":{\"@id\":\"https:\\\/\\\/www.revistarambla.com\\\/ayuso-y-la-enfermedad-del-poder\\\/\"},\"author\":{\"name\":\"Germ\u00e1n Gorraiz L\u00f3pez\",\"@id\":\"https:\\\/\\\/www.revistarambla.com\\\/#\\\/schema\\\/person\\\/23a7868ff10cd88f8fdb045c7b7e4a4d\"},\"headline\":\"Ayuso y la enfermedad del Poder\",\"datePublished\":\"2020-10-29T20:11:57+00:00\",\"dateModified\":\"2021-12-07T15:13:52+00:00\",\"mainEntityOfPage\":{\"@id\":\"https:\\\/\\\/www.revistarambla.com\\\/ayuso-y-la-enfermedad-del-poder\\\/\"},\"wordCount\":506,\"commentCount\":0,\"publisher\":{\"@id\":\"https:\\\/\\\/www.revistarambla.com\\\/#organization\"},\"image\":{\"@id\":\"https:\\\/\\\/www.revistarambla.com\\\/ayuso-y-la-enfermedad-del-poder\\\/#primaryimage\"},\"thumbnailUrl\":\"https:\\\/\\\/www.revistarambla.com\\\/wp-content\\\/uploads\\\/2020\\\/10\\\/50162109598_2bf40a20ef_b.jpg\",\"articleSection\":[\"Opiniones\"],\"inLanguage\":\"en-GB\",\"potentialAction\":[{\"@type\":\"CommentAction\",\"name\":\"Comment\",\"target\":[\"https:\\\/\\\/www.revistarambla.com\\\/ayuso-y-la-enfermedad-del-poder\\\/#respond\"]}]},{\"@type\":\"WebPage\",\"@id\":\"https:\\\/\\\/www.revistarambla.com\\\/ayuso-y-la-enfermedad-del-poder\\\/\",\"url\":\"https:\\\/\\\/www.revistarambla.com\\\/ayuso-y-la-enfermedad-del-poder\\\/\",\"name\":\"Ayuso y la enfermedad del Poder - Revista Rambla\",\"isPartOf\":{\"@id\":\"https:\\\/\\\/www.revistarambla.com\\\/#website\"},\"primaryImageOfPage\":{\"@id\":\"https:\\\/\\\/www.revistarambla.com\\\/ayuso-y-la-enfermedad-del-poder\\\/#primaryimage\"},\"image\":{\"@id\":\"https:\\\/\\\/www.revistarambla.com\\\/ayuso-y-la-enfermedad-del-poder\\\/#primaryimage\"},\"thumbnailUrl\":\"https:\\\/\\\/www.revistarambla.com\\\/wp-content\\\/uploads\\\/2020\\\/10\\\/50162109598_2bf40a20ef_b.jpg\",\"datePublished\":\"2020-10-29T20:11:57+00:00\",\"dateModified\":\"2021-12-07T15:13:52+00:00\",\"breadcrumb\":{\"@id\":\"https:\\\/\\\/www.revistarambla.com\\\/ayuso-y-la-enfermedad-del-poder\\\/#breadcrumb\"},\"inLanguage\":\"en-GB\",\"potentialAction\":[{\"@type\":\"ReadAction\",\"target\":[\"https:\\\/\\\/www.revistarambla.com\\\/ayuso-y-la-enfermedad-del-poder\\\/\"]}]},{\"@type\":\"ImageObject\",\"inLanguage\":\"en-GB\",\"@id\":\"https:\\\/\\\/www.revistarambla.com\\\/ayuso-y-la-enfermedad-del-poder\\\/#primaryimage\",\"url\":\"https:\\\/\\\/www.revistarambla.com\\\/wp-content\\\/uploads\\\/2020\\\/10\\\/50162109598_2bf40a20ef_b.jpg\",\"contentUrl\":\"https:\\\/\\\/www.revistarambla.com\\\/wp-content\\\/uploads\\\/2020\\\/10\\\/50162109598_2bf40a20ef_b.jpg\",\"width\":1023,\"height\":651},{\"@type\":\"BreadcrumbList\",\"@id\":\"https:\\\/\\\/www.revistarambla.com\\\/ayuso-y-la-enfermedad-del-poder\\\/#breadcrumb\",\"itemListElement\":[{\"@type\":\"ListItem\",\"position\":1,\"name\":\"Portada\",\"item\":\"https:\\\/\\\/www.revistarambla.com\\\/\"},{\"@type\":\"ListItem\",\"position\":2,\"name\":\"Ayuso y la enfermedad del Poder\"}]},{\"@type\":\"WebSite\",\"@id\":\"https:\\\/\\\/www.revistarambla.com\\\/#website\",\"url\":\"https:\\\/\\\/www.revistarambla.com\\\/\",\"name\":\"Revista Rambla Barcelona\",\"description\":\"Periodismo independiente\",\"publisher\":{\"@id\":\"https:\\\/\\\/www.revistarambla.com\\\/#organization\"},\"potentialAction\":[{\"@type\":\"SearchAction\",\"target\":{\"@type\":\"EntryPoint\",\"urlTemplate\":\"https:\\\/\\\/www.revistarambla.com\\\/?s={search_term_string}\"},\"query-input\":{\"@type\":\"PropertyValueSpecification\",\"valueRequired\":true,\"valueName\":\"search_term_string\"}}],\"inLanguage\":\"en-GB\"},{\"@type\":\"Organization\",\"@id\":\"https:\\\/\\\/www.revistarambla.com\\\/#organization\",\"name\":\"Revista Rambla\",\"url\":\"https:\\\/\\\/www.revistarambla.com\\\/\",\"logo\":{\"@type\":\"ImageObject\",\"inLanguage\":\"en-GB\",\"@id\":\"https:\\\/\\\/www.revistarambla.com\\\/#\\\/schema\\\/logo\\\/image\\\/\",\"url\":\"https:\\\/\\\/www.revistarambla.com\\\/wp-content\\\/uploads\\\/2020\\\/09\\\/banner_rambla_1900x600_BB.png\",\"contentUrl\":\"https:\\\/\\\/www.revistarambla.com\\\/wp-content\\\/uploads\\\/2020\\\/09\\\/banner_rambla_1900x600_BB.png\",\"width\":1900,\"height\":600,\"caption\":\"Revista Rambla\"},\"image\":{\"@id\":\"https:\\\/\\\/www.revistarambla.com\\\/#\\\/schema\\\/logo\\\/image\\\/\"},\"sameAs\":[\"https:\\\/\\\/www.facebook.com\\\/revistarambla\\\/\",\"https:\\\/\\\/x.com\\\/revistarambla\",\"https:\\\/\\\/www.instagram.com\\\/revista_rambla\",\"https:\\\/\\\/es.linkedin.com\\\/company\\\/revista-rambla\"]},{\"@type\":\"Person\",\"@id\":\"https:\\\/\\\/www.revistarambla.com\\\/#\\\/schema\\\/person\\\/23a7868ff10cd88f8fdb045c7b7e4a4d\",\"name\":\"Germ\u00e1n Gorraiz L\u00f3pez\",\"description\":\"Nacido en Navarra en 1957. Escribe an\u00e1lisis sobre temas econ\u00f3micos y geopol\u00edticos. Es miembro de Attac-Navarra. Colabora habitualmente en varios medios digitales e impresos espa\u00f1oles y latinoamericanos.\"}]}<\/script>\n<!-- \/ Yoast SEO plugin. -->","yoast_head_json":{"title":"Ayuso y la enfermedad del Poder - Revista Rambla","robots":{"index":"index","follow":"follow","max-snippet":"max-snippet:-1","max-image-preview":"max-image-preview:large","max-video-preview":"max-video-preview:-1"},"canonical":"https:\/\/www.revistarambla.com\/en\/ayuso-y-la-enfermedad-del-poder\/","og_locale":"en_GB","og_type":"article","og_title":"Ayuso y la enfermedad del Poder - Revista Rambla","og_description":"\u201cLa pasi\u00f3n de dominar es la m\u00e1s terrible de todas las enfermedades del esp\u00edritu humano\u201d (Voltaire)","og_url":"https:\/\/www.revistarambla.com\/en\/ayuso-y-la-enfermedad-del-poder\/","og_site_name":"Revista Rambla","article_publisher":"https:\/\/www.facebook.com\/revistarambla\/","article_published_time":"2020-10-29T20:11:57+00:00","article_modified_time":"2021-12-07T15:13:52+00:00","og_image":[{"width":1023,"height":651,"url":"https:\/\/www.revistarambla.com\/wp-content\/uploads\/2020\/10\/50162109598_2bf40a20ef_b.jpg","type":"image\/jpeg"}],"author":"Germ\u00e1n Gorraiz L\u00f3pez","twitter_card":"summary_large_image","twitter_creator":"@revistarambla","twitter_site":"@revistarambla","twitter_misc":{"Written by":"Germ\u00e1n Gorraiz L\u00f3pez","Estimated reading time":"3 minutes"},"schema":{"@context":"https:\/\/schema.org","@graph":[{"@type":"Article","@id":"https:\/\/www.revistarambla.com\/ayuso-y-la-enfermedad-del-poder\/#article","isPartOf":{"@id":"https:\/\/www.revistarambla.com\/ayuso-y-la-enfermedad-del-poder\/"},"author":{"name":"Germ\u00e1n Gorraiz L\u00f3pez","@id":"https:\/\/www.revistarambla.com\/#\/schema\/person\/23a7868ff10cd88f8fdb045c7b7e4a4d"},"headline":"Ayuso y la enfermedad del Poder","datePublished":"2020-10-29T20:11:57+00:00","dateModified":"2021-12-07T15:13:52+00:00","mainEntityOfPage":{"@id":"https:\/\/www.revistarambla.com\/ayuso-y-la-enfermedad-del-poder\/"},"wordCount":506,"commentCount":0,"publisher":{"@id":"https:\/\/www.revistarambla.com\/#organization"},"image":{"@id":"https:\/\/www.revistarambla.com\/ayuso-y-la-enfermedad-del-poder\/#primaryimage"},"thumbnailUrl":"https:\/\/www.revistarambla.com\/wp-content\/uploads\/2020\/10\/50162109598_2bf40a20ef_b.jpg","articleSection":["Opiniones"],"inLanguage":"en-GB","potentialAction":[{"@type":"CommentAction","name":"Comment","target":["https:\/\/www.revistarambla.com\/ayuso-y-la-enfermedad-del-poder\/#respond"]}]},{"@type":"WebPage","@id":"https:\/\/www.revistarambla.com\/ayuso-y-la-enfermedad-del-poder\/","url":"https:\/\/www.revistarambla.com\/ayuso-y-la-enfermedad-del-poder\/","name":"Ayuso y la enfermedad del Poder - Revista Rambla","isPartOf":{"@id":"https:\/\/www.revistarambla.com\/#website"},"primaryImageOfPage":{"@id":"https:\/\/www.revistarambla.com\/ayuso-y-la-enfermedad-del-poder\/#primaryimage"},"image":{"@id":"https:\/\/www.revistarambla.com\/ayuso-y-la-enfermedad-del-poder\/#primaryimage"},"thumbnailUrl":"https:\/\/www.revistarambla.com\/wp-content\/uploads\/2020\/10\/50162109598_2bf40a20ef_b.jpg","datePublished":"2020-10-29T20:11:57+00:00","dateModified":"2021-12-07T15:13:52+00:00","breadcrumb":{"@id":"https:\/\/www.revistarambla.com\/ayuso-y-la-enfermedad-del-poder\/#breadcrumb"},"inLanguage":"en-GB","potentialAction":[{"@type":"ReadAction","target":["https:\/\/www.revistarambla.com\/ayuso-y-la-enfermedad-del-poder\/"]}]},{"@type":"ImageObject","inLanguage":"en-GB","@id":"https:\/\/www.revistarambla.com\/ayuso-y-la-enfermedad-del-poder\/#primaryimage","url":"https:\/\/www.revistarambla.com\/wp-content\/uploads\/2020\/10\/50162109598_2bf40a20ef_b.jpg","contentUrl":"https:\/\/www.revistarambla.com\/wp-content\/uploads\/2020\/10\/50162109598_2bf40a20ef_b.jpg","width":1023,"height":651},{"@type":"BreadcrumbList","@id":"https:\/\/www.revistarambla.com\/ayuso-y-la-enfermedad-del-poder\/#breadcrumb","itemListElement":[{"@type":"ListItem","position":1,"name":"Portada","item":"https:\/\/www.revistarambla.com\/"},{"@type":"ListItem","position":2,"name":"Ayuso y la enfermedad del Poder"}]},{"@type":"WebSite","@id":"https:\/\/www.revistarambla.com\/#website","url":"https:\/\/www.revistarambla.com\/","name":"Revista Rambla Barcelona","description":"Periodismo independiente","publisher":{"@id":"https:\/\/www.revistarambla.com\/#organization"},"potentialAction":[{"@type":"SearchAction","target":{"@type":"EntryPoint","urlTemplate":"https:\/\/www.revistarambla.com\/?s={search_term_string}"},"query-input":{"@type":"PropertyValueSpecification","valueRequired":true,"valueName":"search_term_string"}}],"inLanguage":"en-GB"},{"@type":"Organization","@id":"https:\/\/www.revistarambla.com\/#organization","name":"Revista Rambla","url":"https:\/\/www.revistarambla.com\/","logo":{"@type":"ImageObject","inLanguage":"en-GB","@id":"https:\/\/www.revistarambla.com\/#\/schema\/logo\/image\/","url":"https:\/\/www.revistarambla.com\/wp-content\/uploads\/2020\/09\/banner_rambla_1900x600_BB.png","contentUrl":"https:\/\/www.revistarambla.com\/wp-content\/uploads\/2020\/09\/banner_rambla_1900x600_BB.png","width":1900,"height":600,"caption":"Revista Rambla"},"image":{"@id":"https:\/\/www.revistarambla.com\/#\/schema\/logo\/image\/"},"sameAs":["https:\/\/www.facebook.com\/revistarambla\/","https:\/\/x.com\/revistarambla","https:\/\/www.instagram.com\/revista_rambla","https:\/\/es.linkedin.com\/company\/revista-rambla"]},{"@type":"Person","@id":"https:\/\/www.revistarambla.com\/#\/schema\/person\/23a7868ff10cd88f8fdb045c7b7e4a4d","name":"Germ\u00e1n Gorraiz L\u00f3pez","description":"Nacido en Navarra en 1957. Escribe an\u00e1lisis sobre temas econ\u00f3micos y geopol\u00edticos. Es miembro de Attac-Navarra. Colabora habitualmente en varios medios digitales e impresos espa\u00f1oles y latinoamericanos."}]}},"_links":{"self":[{"href":"https:\/\/www.revistarambla.com\/en\/wp-json\/wp\/v2\/posts\/25334","targetHints":{"allow":["GET"]}}],"collection":[{"href":"https:\/\/www.revistarambla.com\/en\/wp-json\/wp\/v2\/posts"}],"about":[{"href":"https:\/\/www.revistarambla.com\/en\/wp-json\/wp\/v2\/types\/post"}],"author":[{"embeddable":true,"href":"https:\/\/www.revistarambla.com\/en\/wp-json\/wp\/v2\/users\/16"}],"replies":[{"embeddable":true,"href":"https:\/\/www.revistarambla.com\/en\/wp-json\/wp\/v2\/comments?post=25334"}],"version-history":[{"count":0,"href":"https:\/\/www.revistarambla.com\/en\/wp-json\/wp\/v2\/posts\/25334\/revisions"}],"wp:featuredmedia":[{"embeddable":true,"href":"https:\/\/www.revistarambla.com\/en\/wp-json\/wp\/v2\/media\/25335"}],"wp:attachment":[{"href":"https:\/\/www.revistarambla.com\/en\/wp-json\/wp\/v2\/media?parent=25334"}],"wp:term":[{"taxonomy":"category","embeddable":true,"href":"https:\/\/www.revistarambla.com\/en\/wp-json\/wp\/v2\/categories?post=25334"},{"taxonomy":"post_tag","embeddable":true,"href":"https:\/\/www.revistarambla.com\/en\/wp-json\/wp\/v2\/tags?post=25334"}],"curies":[{"name":"wp","href":"https:\/\/api.w.org\/{rel}","templated":true}]}}