{"id":24938,"date":"2020-10-10T13:44:12","date_gmt":"2020-10-10T11:44:12","guid":{"rendered":"https:\/\/www.revistarambla.com\/?p=24938"},"modified":"2021-01-25T20:04:36","modified_gmt":"2021-01-25T19:04:36","slug":"diez-anos-sin-simon-rosado","status":"publish","type":"post","link":"https:\/\/www.revistarambla.com\/en\/diez-anos-sin-simon-rosado\/","title":{"rendered":"Diez a\u00f1os sin Sim\u00f3n Rosado"},"content":{"rendered":"<figure id=\"attachment_24939\" aria-describedby=\"caption-attachment-24939\" style=\"width: 640px\" class=\"wp-caption aligncenter\"><img decoding=\"async\" class=\"wp-image-24939 size-large\" src=\"https:\/\/www.revistarambla.com\/wp-content\/uploads\/2020\/10\/Simon_SEAT-1024x761.jpg\" alt=\"sim\u00f3n rosado\" width=\"640\" height=\"476\" srcset=\"https:\/\/www.revistarambla.com\/wp-content\/uploads\/2020\/10\/Simon_SEAT-1024x761.jpg 1024w, https:\/\/www.revistarambla.com\/wp-content\/uploads\/2020\/10\/Simon_SEAT-300x223.jpg 300w, https:\/\/www.revistarambla.com\/wp-content\/uploads\/2020\/10\/Simon_SEAT-768x571.jpg 768w, https:\/\/www.revistarambla.com\/wp-content\/uploads\/2020\/10\/Simon_SEAT-1536x1142.jpg 1536w, https:\/\/www.revistarambla.com\/wp-content\/uploads\/2020\/10\/Simon_SEAT-scaled.jpg 2048w\" sizes=\"(max-width: 640px) 100vw, 640px\" \/><figcaption id=\"caption-attachment-24939\" class=\"wp-caption-text\">Sim\u00f3n Rosado -centro- en una manifestaci\u00f3n de los trabajadores de la Seat.<\/figcaption><\/figure>\n<p>Era el d\u00eda 11 de octubre de 2010 cuando la familia de CCOO recibimos con una fuerte consternaci\u00f3n la muerte de nuestro compa\u00f1ero Sim\u00f3n Rosado, secretario de Acci\u00f3n Sindical y Pol\u00edtica Sectorial de CCOO de Catalu\u00f1a en aquel momento, y miembro hist\u00f3rico de la organizaci\u00f3n. Sim\u00f3n hab\u00eda muerto v\u00edctima de un ataque de coraz\u00f3n que sufri\u00f3 durante la madrugada. Sim\u00f3n era incansable y aquel mismo d\u00eda hab\u00eda participado en una manifestaci\u00f3n del colectivo de parados y paradas y semanas antes de su muerte hab\u00eda sido una pieza clave en la preparaci\u00f3n y celebraci\u00f3n de la huelga general del 29 de septiembre contra el recorte de derechos sociales y laborales del Gobierno Zapatero. Por eso su muerte fue tan sobrecogedora como inesperada.<\/p>\n<p>Nacido el 11 de marzo de 1957 en Herv\u00e1s (C\u00e1ceres), trabaj\u00f3 en Derbi entre el 1974 y el 1984, y fue presidente del Comit\u00e9 de empresa desde el 1979. En 1974 ingres\u00f3 a CCOO dentro de la Coordinadora de CCOO del Vall\u00e8s Oriental. Aquel mismo a\u00f1o ingres\u00f3 en las Juventudes Comunistas del PSUC. Su compromiso lo llev\u00f3 a ser detenido en 1976 a ra\u00edz de la huelga organizada por la COS contra la reforma pol\u00edtica y por la libertad pol\u00edtica y sindical y en 1977 a ra\u00edz de la huelga por el Convenio provincial siderometal\u00fargico.<\/p>\n<p>Del 1980 al 1988 fue secretario general de la Uni\u00f3n Local de CCOO de Mollet del Vall\u00e8s. Entre el 1984 y el 1988 fue secretario general de la Uni\u00f3n Comarcal de CCOO del Vall\u00e8s Oriental y, posteriormente, ocup\u00f3 el cargo de secretario general de la Federaci\u00f3n del Metal y la Miner\u00eda de CCOO de Catalu\u00f1a. Desde abril del a\u00f1o 2000 era miembro del Secretariado de CCOO de Catalu\u00f1a.<\/p>\n<p>Su recorrido pol\u00edtico tambi\u00e9n era extenso. El a\u00f1o 1989 form\u00f3 parte del Comit\u00e9 Central del PCE y del Comit\u00e9 Ejecutivo del PSUC. Particip\u00f3 en los congresos del PSUC desde el 4.\u00ba y a los del PCE desde el 9.\u00ba Adem\u00e1s, era miembro del Consejo Nacional de Iniciativa por Catalu\u00f1a-Verdes (ICV).<\/p>\n<p>Sim\u00f3n era y es un referente para los sindicalistas de nuestro pa\u00eds. Hoy lo recordamos con mucho de afecto y respeto. Su recuerdo y sus ense\u00f1anzas siempre estar\u00e1n con nosotros.<\/p>","protected":false},"excerpt":{"rendered":"<p>El hist\u00f3rico y emblem\u00e1tico sindicalista nos dej\u00f3 el 11 de octubre de 2010<\/p>","protected":false},"author":15,"featured_media":24939,"comment_status":"open","ping_status":"open","sticky":false,"template":"","format":"standard","meta":{"footnotes":""},"categories":[72],"tags":[],"class_list":["post-24938","post","type-post","status-publish","format-standard","has-post-thumbnail","hentry","category-opinion"],"yoast_head":"<!-- This site is optimized with the Yoast SEO plugin v27.5 - https:\/\/yoast.com\/product\/yoast-seo-wordpress\/ -->\n<title>Diez a\u00f1os sin Sim\u00f3n Rosado - Revista Rambla<\/title>\n<meta name=\"robots\" content=\"index, follow, max-snippet:-1, max-image-preview:large, max-video-preview:-1\" \/>\n<link rel=\"canonical\" href=\"https:\/\/www.revistarambla.com\/en\/diez-anos-sin-simon-rosado\/\" \/>\n<meta property=\"og:locale\" content=\"en_GB\" \/>\n<meta property=\"og:type\" content=\"article\" \/>\n<meta property=\"og:title\" content=\"Diez a\u00f1os sin Sim\u00f3n Rosado - Revista Rambla\" \/>\n<meta property=\"og:description\" content=\"El hist\u00f3rico y emblem\u00e1tico sindicalista nos dej\u00f3 el 11 de octubre de 2010\" \/>\n<meta property=\"og:url\" content=\"https:\/\/www.revistarambla.com\/en\/diez-anos-sin-simon-rosado\/\" \/>\n<meta property=\"og:site_name\" content=\"Revista Rambla\" \/>\n<meta property=\"article:publisher\" content=\"https:\/\/www.facebook.com\/revistarambla\/\" \/>\n<meta property=\"article:published_time\" content=\"2020-10-10T11:44:12+00:00\" \/>\n<meta property=\"article:modified_time\" content=\"2021-01-25T19:04:36+00:00\" \/>\n<meta property=\"og:image\" content=\"https:\/\/i1.wp.com\/www.revistarambla.com\/wp-content\/uploads\/2020\/10\/Simon_SEAT-scaled.jpg?fit=2048%2C1522&ssl=1\" \/>\n\t<meta property=\"og:image:width\" content=\"2048\" \/>\n\t<meta property=\"og:image:height\" content=\"1522\" \/>\n\t<meta property=\"og:image:type\" content=\"image\/jpeg\" \/>\n<meta name=\"author\" content=\"CCOO Catalunya\" \/>\n<meta name=\"twitter:card\" content=\"summary_large_image\" \/>\n<meta name=\"twitter:creator\" content=\"@revistarambla\" \/>\n<meta name=\"twitter:site\" content=\"@revistarambla\" \/>\n<meta name=\"twitter:label1\" content=\"Written by\" \/>\n\t<meta name=\"twitter:data1\" content=\"CCOO Catalunya\" \/>\n\t<meta name=\"twitter:label2\" content=\"Estimated reading time\" \/>\n\t<meta name=\"twitter:data2\" content=\"2 minutes\" \/>\n<script type=\"application\/ld+json\" class=\"yoast-schema-graph\">{\"@context\":\"https:\\\/\\\/schema.org\",\"@graph\":[{\"@type\":\"Article\",\"@id\":\"https:\\\/\\\/www.revistarambla.com\\\/diez-anos-sin-simon-rosado\\\/#article\",\"isPartOf\":{\"@id\":\"https:\\\/\\\/www.revistarambla.com\\\/diez-anos-sin-simon-rosado\\\/\"},\"author\":{\"name\":\"CCOO Catalunya\",\"@id\":\"https:\\\/\\\/www.revistarambla.com\\\/#\\\/schema\\\/person\\\/2b19179a8ace334b829ad72cc6e6ce97\"},\"headline\":\"Diez a\u00f1os sin Sim\u00f3n Rosado\",\"datePublished\":\"2020-10-10T11:44:12+00:00\",\"dateModified\":\"2021-01-25T19:04:36+00:00\",\"mainEntityOfPage\":{\"@id\":\"https:\\\/\\\/www.revistarambla.com\\\/diez-anos-sin-simon-rosado\\\/\"},\"wordCount\":420,\"commentCount\":0,\"publisher\":{\"@id\":\"https:\\\/\\\/www.revistarambla.com\\\/#organization\"},\"image\":{\"@id\":\"https:\\\/\\\/www.revistarambla.com\\\/diez-anos-sin-simon-rosado\\\/#primaryimage\"},\"thumbnailUrl\":\"https:\\\/\\\/www.revistarambla.com\\\/wp-content\\\/uploads\\\/2020\\\/10\\\/Simon_SEAT-scaled.jpg\",\"articleSection\":[\"Opiniones\"],\"inLanguage\":\"en-GB\",\"potentialAction\":[{\"@type\":\"CommentAction\",\"name\":\"Comment\",\"target\":[\"https:\\\/\\\/www.revistarambla.com\\\/diez-anos-sin-simon-rosado\\\/#respond\"]}]},{\"@type\":\"WebPage\",\"@id\":\"https:\\\/\\\/www.revistarambla.com\\\/diez-anos-sin-simon-rosado\\\/\",\"url\":\"https:\\\/\\\/www.revistarambla.com\\\/diez-anos-sin-simon-rosado\\\/\",\"name\":\"Diez a\u00f1os sin Sim\u00f3n Rosado - Revista Rambla\",\"isPartOf\":{\"@id\":\"https:\\\/\\\/www.revistarambla.com\\\/#website\"},\"primaryImageOfPage\":{\"@id\":\"https:\\\/\\\/www.revistarambla.com\\\/diez-anos-sin-simon-rosado\\\/#primaryimage\"},\"image\":{\"@id\":\"https:\\\/\\\/www.revistarambla.com\\\/diez-anos-sin-simon-rosado\\\/#primaryimage\"},\"thumbnailUrl\":\"https:\\\/\\\/www.revistarambla.com\\\/wp-content\\\/uploads\\\/2020\\\/10\\\/Simon_SEAT-scaled.jpg\",\"datePublished\":\"2020-10-10T11:44:12+00:00\",\"dateModified\":\"2021-01-25T19:04:36+00:00\",\"breadcrumb\":{\"@id\":\"https:\\\/\\\/www.revistarambla.com\\\/diez-anos-sin-simon-rosado\\\/#breadcrumb\"},\"inLanguage\":\"en-GB\",\"potentialAction\":[{\"@type\":\"ReadAction\",\"target\":[\"https:\\\/\\\/www.revistarambla.com\\\/diez-anos-sin-simon-rosado\\\/\"]}]},{\"@type\":\"ImageObject\",\"inLanguage\":\"en-GB\",\"@id\":\"https:\\\/\\\/www.revistarambla.com\\\/diez-anos-sin-simon-rosado\\\/#primaryimage\",\"url\":\"https:\\\/\\\/www.revistarambla.com\\\/wp-content\\\/uploads\\\/2020\\\/10\\\/Simon_SEAT-scaled.jpg\",\"contentUrl\":\"https:\\\/\\\/www.revistarambla.com\\\/wp-content\\\/uploads\\\/2020\\\/10\\\/Simon_SEAT-scaled.jpg\",\"width\":2048,\"height\":1522},{\"@type\":\"BreadcrumbList\",\"@id\":\"https:\\\/\\\/www.revistarambla.com\\\/diez-anos-sin-simon-rosado\\\/#breadcrumb\",\"itemListElement\":[{\"@type\":\"ListItem\",\"position\":1,\"name\":\"Portada\",\"item\":\"https:\\\/\\\/www.revistarambla.com\\\/\"},{\"@type\":\"ListItem\",\"position\":2,\"name\":\"Diez a\u00f1os sin Sim\u00f3n Rosado\"}]},{\"@type\":\"WebSite\",\"@id\":\"https:\\\/\\\/www.revistarambla.com\\\/#website\",\"url\":\"https:\\\/\\\/www.revistarambla.com\\\/\",\"name\":\"Revista Rambla Barcelona\",\"description\":\"Periodismo independiente\",\"publisher\":{\"@id\":\"https:\\\/\\\/www.revistarambla.com\\\/#organization\"},\"potentialAction\":[{\"@type\":\"SearchAction\",\"target\":{\"@type\":\"EntryPoint\",\"urlTemplate\":\"https:\\\/\\\/www.revistarambla.com\\\/?s={search_term_string}\"},\"query-input\":{\"@type\":\"PropertyValueSpecification\",\"valueRequired\":true,\"valueName\":\"search_term_string\"}}],\"inLanguage\":\"en-GB\"},{\"@type\":\"Organization\",\"@id\":\"https:\\\/\\\/www.revistarambla.com\\\/#organization\",\"name\":\"Revista Rambla\",\"url\":\"https:\\\/\\\/www.revistarambla.com\\\/\",\"logo\":{\"@type\":\"ImageObject\",\"inLanguage\":\"en-GB\",\"@id\":\"https:\\\/\\\/www.revistarambla.com\\\/#\\\/schema\\\/logo\\\/image\\\/\",\"url\":\"https:\\\/\\\/www.revistarambla.com\\\/wp-content\\\/uploads\\\/2020\\\/09\\\/banner_rambla_1900x600_BB.png\",\"contentUrl\":\"https:\\\/\\\/www.revistarambla.com\\\/wp-content\\\/uploads\\\/2020\\\/09\\\/banner_rambla_1900x600_BB.png\",\"width\":1900,\"height\":600,\"caption\":\"Revista Rambla\"},\"image\":{\"@id\":\"https:\\\/\\\/www.revistarambla.com\\\/#\\\/schema\\\/logo\\\/image\\\/\"},\"sameAs\":[\"https:\\\/\\\/www.facebook.com\\\/revistarambla\\\/\",\"https:\\\/\\\/x.com\\\/revistarambla\",\"https:\\\/\\\/www.instagram.com\\\/revista_rambla\",\"https:\\\/\\\/es.linkedin.com\\\/company\\\/revista-rambla\"]},{\"@type\":\"Person\",\"@id\":\"https:\\\/\\\/www.revistarambla.com\\\/#\\\/schema\\\/person\\\/2b19179a8ace334b829ad72cc6e6ce97\",\"name\":\"CCOO Catalunya\"}]}<\/script>\n<!-- \/ Yoast SEO plugin. -->","yoast_head_json":{"title":"Diez a\u00f1os sin Sim\u00f3n Rosado - Revista Rambla","robots":{"index":"index","follow":"follow","max-snippet":"max-snippet:-1","max-image-preview":"max-image-preview:large","max-video-preview":"max-video-preview:-1"},"canonical":"https:\/\/www.revistarambla.com\/en\/diez-anos-sin-simon-rosado\/","og_locale":"en_GB","og_type":"article","og_title":"Diez a\u00f1os sin Sim\u00f3n Rosado - Revista Rambla","og_description":"El hist\u00f3rico y emblem\u00e1tico sindicalista nos dej\u00f3 el 11 de octubre de 2010","og_url":"https:\/\/www.revistarambla.com\/en\/diez-anos-sin-simon-rosado\/","og_site_name":"Revista Rambla","article_publisher":"https:\/\/www.facebook.com\/revistarambla\/","article_published_time":"2020-10-10T11:44:12+00:00","article_modified_time":"2021-01-25T19:04:36+00:00","og_image":[{"width":2048,"height":1522,"url":"https:\/\/i1.wp.com\/www.revistarambla.com\/wp-content\/uploads\/2020\/10\/Simon_SEAT-scaled.jpg?fit=2048%2C1522&ssl=1","type":"image\/jpeg"}],"author":"CCOO Catalunya","twitter_card":"summary_large_image","twitter_creator":"@revistarambla","twitter_site":"@revistarambla","twitter_misc":{"Written by":"CCOO Catalunya","Estimated reading time":"2 minutes"},"schema":{"@context":"https:\/\/schema.org","@graph":[{"@type":"Article","@id":"https:\/\/www.revistarambla.com\/diez-anos-sin-simon-rosado\/#article","isPartOf":{"@id":"https:\/\/www.revistarambla.com\/diez-anos-sin-simon-rosado\/"},"author":{"name":"CCOO Catalunya","@id":"https:\/\/www.revistarambla.com\/#\/schema\/person\/2b19179a8ace334b829ad72cc6e6ce97"},"headline":"Diez a\u00f1os sin Sim\u00f3n Rosado","datePublished":"2020-10-10T11:44:12+00:00","dateModified":"2021-01-25T19:04:36+00:00","mainEntityOfPage":{"@id":"https:\/\/www.revistarambla.com\/diez-anos-sin-simon-rosado\/"},"wordCount":420,"commentCount":0,"publisher":{"@id":"https:\/\/www.revistarambla.com\/#organization"},"image":{"@id":"https:\/\/www.revistarambla.com\/diez-anos-sin-simon-rosado\/#primaryimage"},"thumbnailUrl":"https:\/\/www.revistarambla.com\/wp-content\/uploads\/2020\/10\/Simon_SEAT-scaled.jpg","articleSection":["Opiniones"],"inLanguage":"en-GB","potentialAction":[{"@type":"CommentAction","name":"Comment","target":["https:\/\/www.revistarambla.com\/diez-anos-sin-simon-rosado\/#respond"]}]},{"@type":"WebPage","@id":"https:\/\/www.revistarambla.com\/diez-anos-sin-simon-rosado\/","url":"https:\/\/www.revistarambla.com\/diez-anos-sin-simon-rosado\/","name":"Diez a\u00f1os sin Sim\u00f3n Rosado - Revista Rambla","isPartOf":{"@id":"https:\/\/www.revistarambla.com\/#website"},"primaryImageOfPage":{"@id":"https:\/\/www.revistarambla.com\/diez-anos-sin-simon-rosado\/#primaryimage"},"image":{"@id":"https:\/\/www.revistarambla.com\/diez-anos-sin-simon-rosado\/#primaryimage"},"thumbnailUrl":"https:\/\/www.revistarambla.com\/wp-content\/uploads\/2020\/10\/Simon_SEAT-scaled.jpg","datePublished":"2020-10-10T11:44:12+00:00","dateModified":"2021-01-25T19:04:36+00:00","breadcrumb":{"@id":"https:\/\/www.revistarambla.com\/diez-anos-sin-simon-rosado\/#breadcrumb"},"inLanguage":"en-GB","potentialAction":[{"@type":"ReadAction","target":["https:\/\/www.revistarambla.com\/diez-anos-sin-simon-rosado\/"]}]},{"@type":"ImageObject","inLanguage":"en-GB","@id":"https:\/\/www.revistarambla.com\/diez-anos-sin-simon-rosado\/#primaryimage","url":"https:\/\/www.revistarambla.com\/wp-content\/uploads\/2020\/10\/Simon_SEAT-scaled.jpg","contentUrl":"https:\/\/www.revistarambla.com\/wp-content\/uploads\/2020\/10\/Simon_SEAT-scaled.jpg","width":2048,"height":1522},{"@type":"BreadcrumbList","@id":"https:\/\/www.revistarambla.com\/diez-anos-sin-simon-rosado\/#breadcrumb","itemListElement":[{"@type":"ListItem","position":1,"name":"Portada","item":"https:\/\/www.revistarambla.com\/"},{"@type":"ListItem","position":2,"name":"Diez a\u00f1os sin Sim\u00f3n Rosado"}]},{"@type":"WebSite","@id":"https:\/\/www.revistarambla.com\/#website","url":"https:\/\/www.revistarambla.com\/","name":"Revista Rambla Barcelona","description":"Periodismo independiente","publisher":{"@id":"https:\/\/www.revistarambla.com\/#organization"},"potentialAction":[{"@type":"SearchAction","target":{"@type":"EntryPoint","urlTemplate":"https:\/\/www.revistarambla.com\/?s={search_term_string}"},"query-input":{"@type":"PropertyValueSpecification","valueRequired":true,"valueName":"search_term_string"}}],"inLanguage":"en-GB"},{"@type":"Organization","@id":"https:\/\/www.revistarambla.com\/#organization","name":"Revista Rambla","url":"https:\/\/www.revistarambla.com\/","logo":{"@type":"ImageObject","inLanguage":"en-GB","@id":"https:\/\/www.revistarambla.com\/#\/schema\/logo\/image\/","url":"https:\/\/www.revistarambla.com\/wp-content\/uploads\/2020\/09\/banner_rambla_1900x600_BB.png","contentUrl":"https:\/\/www.revistarambla.com\/wp-content\/uploads\/2020\/09\/banner_rambla_1900x600_BB.png","width":1900,"height":600,"caption":"Revista Rambla"},"image":{"@id":"https:\/\/www.revistarambla.com\/#\/schema\/logo\/image\/"},"sameAs":["https:\/\/www.facebook.com\/revistarambla\/","https:\/\/x.com\/revistarambla","https:\/\/www.instagram.com\/revista_rambla","https:\/\/es.linkedin.com\/company\/revista-rambla"]},{"@type":"Person","@id":"https:\/\/www.revistarambla.com\/#\/schema\/person\/2b19179a8ace334b829ad72cc6e6ce97","name":"CCOO Catalunya"}]}},"_links":{"self":[{"href":"https:\/\/www.revistarambla.com\/en\/wp-json\/wp\/v2\/posts\/24938","targetHints":{"allow":["GET"]}}],"collection":[{"href":"https:\/\/www.revistarambla.com\/en\/wp-json\/wp\/v2\/posts"}],"about":[{"href":"https:\/\/www.revistarambla.com\/en\/wp-json\/wp\/v2\/types\/post"}],"author":[{"embeddable":true,"href":"https:\/\/www.revistarambla.com\/en\/wp-json\/wp\/v2\/users\/15"}],"replies":[{"embeddable":true,"href":"https:\/\/www.revistarambla.com\/en\/wp-json\/wp\/v2\/comments?post=24938"}],"version-history":[{"count":0,"href":"https:\/\/www.revistarambla.com\/en\/wp-json\/wp\/v2\/posts\/24938\/revisions"}],"wp:featuredmedia":[{"embeddable":true,"href":"https:\/\/www.revistarambla.com\/en\/wp-json\/wp\/v2\/media\/24939"}],"wp:attachment":[{"href":"https:\/\/www.revistarambla.com\/en\/wp-json\/wp\/v2\/media?parent=24938"}],"wp:term":[{"taxonomy":"category","embeddable":true,"href":"https:\/\/www.revistarambla.com\/en\/wp-json\/wp\/v2\/categories?post=24938"},{"taxonomy":"post_tag","embeddable":true,"href":"https:\/\/www.revistarambla.com\/en\/wp-json\/wp\/v2\/tags?post=24938"}],"curies":[{"name":"wp","href":"https:\/\/api.w.org\/{rel}","templated":true}]}}