{"id":2478,"date":"2012-11-17T03:43:19","date_gmt":"2012-11-17T02:43:19","guid":{"rendered":"https:\/\/www.revistarambla.com\/el-decreto-contra-los-desahucios-ofende-a-icv-euia\/"},"modified":"2021-12-08T17:33:02","modified_gmt":"2021-12-08T16:33:02","slug":"el-decreto-contra-los-desahucios-ofende-a-icv-euia","status":"publish","type":"post","link":"https:\/\/www.revistarambla.com\/en\/el-decreto-contra-los-desahucios-ofende-a-icv-euia\/","title":{"rendered":"El decreto contra los desahucios ofende a ICV"},"content":{"rendered":"<p><img decoding=\"async\" class=\"alignright\" src=\"https:\/\/www.revistarambla.com\/wp-content\/uploads\/2012\/11\/icv01%281%29.jpg\" alt=\"alt\" width=\"399\" height=\"234\" \/><\/p>\n<p>\u201cEs un decreto de cobardes, dictado por la banca de espaldas a los afectados\u201d. As\u00ed de contundente se ha mostrado el l\u00edder de ICV-EUiA, Joan Herrera, cuando en el transcurso de un acto de campa\u00f1a se le ha preguntado por el decreto de ley aprobado por el Consejo de Ministros sobre los desahucios. \u201cLlegan tarde\u201d ha dicho Herrera minutos antes de que alguien informara de un nuevo suicidio, esta vez en C\u00f3rdoba, como consecuencia de una orden de desahucio. \u201cEste decreto es mera caridad, una nueva estafa como el c\u00f3digo de buenas pr\u00e1cticas de De Guindos\u201d, ha valorado el l\u00edder ecosocialista al tiempo que se\u00f1alaba que el decreto es tan restrictivo que excluye, por ejemplo, situaciones como las que padec\u00edan las tres personas que han acabado con su vida.<\/p>\n<p>La agrupaci\u00f3n de los verdes lleva toda la campa\u00f1a electoral catalana intentando que los problemas sociales que sufre el pa\u00eds tambi\u00e9n ocupen el debate pol\u00edtico. Su gran baza electoral. Sin embargo, para desgracia de sus protagonistas, han tenido que ser dos casos de suicidio los que focalizasen la atenci\u00f3n de los medios y de los grandes partidos sobre el drama de las hipotecas. En este sentido, Herrera ha querido recordar que fueron tanto PP como PSOE y CiU los que se \u201crieron\u201d y \u201ctildaron de intervencionista\u201d a su agrupaci\u00f3n cuando \u00e9sta plante\u00f3 al Congreso una reforma de la legislaci\u00f3n hipotecaria.<\/p>\n<p>Por eso el l\u00edder ecosocialista ha querido reiterar sus postulados acerca del problema hipotecario y ha aprovechado para presentar las propuestas de su partido acerca del tema. La primera condici\u00f3n es que se detengan inmediatamente los desahucios y \u201cque las medidas a tomar se hagan en estrecha colaboraci\u00f3n con las plataformas de afectados\u201d y el resto de partidos pol\u00edticos. A partir de aqu\u00ed las propuestas de ICV incluyen la daci\u00f3n en pago con car\u00e1cter retroactivo, que se cree un parque p\u00fablico para alquiler social con los pisos del banco malo y, finalmente, que se puedan recuperar por \u201cexpropiaci\u00f3n forzosa\u201d los pisos vac\u00edos que est\u00e1n en manos de entidades financieras.<\/p>\n<p>Estas medidas tienen el objetivo de modificar la actual legislaci\u00f3n hipotecaria que a ojos de la formaci\u00f3n ecosocialista est\u00e1 hecha para que \u201clos bancos especulen con la vida de la gente\u201d.<\/p>\n<h3>La izquierda espa\u00f1ola frente al independentismo<\/h3>\n<p><img decoding=\"async\" class=\"alignright\" src=\"https:\/\/www.revistarambla.com\/wp-content\/uploads\/2012\/11\/cayo_lara.jpg\" alt=\"alt\" width=\"397\" height=\"187\" \/><\/p>\n<p>El acto en el que Herrera ha presentado las mencionadas propuestas ha contado tambi\u00e9n con la participaci\u00f3n del coordinador general de IU, Cayo Lara, quien, el d\u00eda despu\u00e9s de la huelga, se ha presentado en Barcelona para dar su apoyo a la federaci\u00f3n catalana.<\/p>\n<p>Aprovechando esta circunstancia Lara ha sido requerido acerca de la postura de su partido sobre el soberanismo catal\u00e1n. Una cuesti\u00f3n que, en cierta medida, ha cogido a contrapi\u00e9 a la izquierda espa\u00f1ola. \u201cLlevamos desde el 88 defini\u00e9ndonos como federales\u201d ha contestado r\u00e1pidamente Lara. No obstante, consciente de que a d\u00eda de hoy la palabra federal parece una etiqueta vac\u00eda, el l\u00edder de IU ha explicado que su formaci\u00f3n tratar\u00e1 la cuesti\u00f3n en la pr\u00f3xima asamblea del partido. \u201cLa palabra federal ha de ser dotada de contenido\u201d ha reconocido antes de afirmar que, en cualquier caso, su formaci\u00f3n no se opone a la convocatoria de una consulta acerca de la independencia.<\/p>\n<p>Ahora bien, Lara no ha querido despedir su discurso sin remarcar que, a su entender , \u201clo que genera los problemas a Catalunya son las pol\u00edticas de Mas\u201d y que \u00e9ste ha creado un \u201cdebate de la bandera\u201d para esconder sus recortes sociales.<\/p>","protected":false},"excerpt":{"rendered":"<p>\u201cEs un decreto de cobardes, dictado por la banca de espaldas a los afectados\u201d. As\u00ed de contundente se ha mostrado el l\u00edder de ICV-EUiA, Joan Herrera, cuando en el transcurso de un acto de campa\u00f1a se le ha preguntado por el decreto de ley aprobado por el Consejo de Ministros [&hellip;]<\/p>\n","protected":false},"author":35,"featured_media":0,"comment_status":"open","ping_status":"open","sticky":false,"template":"","format":"standard","meta":{"footnotes":""},"categories":[3,59],"tags":[],"class_list":["post-2478","post","type-post","status-publish","format-standard","hentry","category-actualidad","category-catalunya"],"yoast_head":"<!-- This site is optimized with the Yoast SEO plugin v27.5 - https:\/\/yoast.com\/product\/yoast-seo-wordpress\/ -->\n<title>El decreto contra los desahucios ofende a ICV - Revista Rambla<\/title>\n<meta name=\"robots\" content=\"index, follow, max-snippet:-1, max-image-preview:large, max-video-preview:-1\" \/>\n<link rel=\"canonical\" href=\"https:\/\/www.revistarambla.com\/en\/el-decreto-contra-los-desahucios-ofende-a-icv-euia\/\" \/>\n<meta property=\"og:locale\" content=\"en_GB\" \/>\n<meta property=\"og:type\" content=\"article\" \/>\n<meta property=\"og:title\" content=\"El decreto contra los desahucios ofende a ICV - Revista Rambla\" \/>\n<meta property=\"og:description\" content=\"\u201cEs un decreto de cobardes, dictado por la banca de espaldas a los afectados\u201d. As\u00ed de contundente se ha mostrado el l\u00edder de ICV-EUiA, Joan Herrera, cuando en el transcurso de un acto de campa\u00f1a se le ha preguntado por el decreto de ley aprobado por el Consejo de Ministros [&hellip;]\" \/>\n<meta property=\"og:url\" content=\"https:\/\/www.revistarambla.com\/en\/el-decreto-contra-los-desahucios-ofende-a-icv-euia\/\" \/>\n<meta property=\"og:site_name\" content=\"Revista Rambla\" \/>\n<meta property=\"article:publisher\" content=\"https:\/\/www.facebook.com\/revistarambla\/\" \/>\n<meta property=\"article:author\" content=\"https:\/\/www.facebook.com\/andresaznar3d\/\" \/>\n<meta property=\"article:published_time\" content=\"2012-11-17T02:43:19+00:00\" \/>\n<meta property=\"article:modified_time\" content=\"2021-12-08T16:33:02+00:00\" \/>\n<meta property=\"og:image\" content=\"https:\/\/www.revistarambla.com\/wp-content\/uploads\/2012\/11\/icv01(1).jpg\" \/>\n\t<meta property=\"og:image:width\" content=\"682\" \/>\n\t<meta property=\"og:image:height\" content=\"400\" \/>\n\t<meta property=\"og:image:type\" content=\"image\/jpeg\" \/>\n<meta name=\"author\" content=\"Andr\u00e9s Aznar Siguan\" \/>\n<meta name=\"twitter:card\" content=\"summary_large_image\" \/>\n<meta name=\"twitter:creator\" content=\"@andrsaznar\" \/>\n<meta name=\"twitter:site\" content=\"@revistarambla\" \/>\n<meta name=\"twitter:label1\" content=\"Written by\" \/>\n\t<meta name=\"twitter:data1\" content=\"Andr\u00e9s Aznar Siguan\" \/>\n\t<meta name=\"twitter:label2\" content=\"Estimated reading time\" \/>\n\t<meta name=\"twitter:data2\" content=\"3 minutes\" \/>\n<script type=\"application\/ld+json\" class=\"yoast-schema-graph\">{\"@context\":\"https:\\\/\\\/schema.org\",\"@graph\":[{\"@type\":\"Article\",\"@id\":\"https:\\\/\\\/www.revistarambla.com\\\/el-decreto-contra-los-desahucios-ofende-a-icv-euia\\\/#article\",\"isPartOf\":{\"@id\":\"https:\\\/\\\/www.revistarambla.com\\\/el-decreto-contra-los-desahucios-ofende-a-icv-euia\\\/\"},\"author\":{\"name\":\"Andr\u00e9s Aznar Siguan\",\"@id\":\"https:\\\/\\\/www.revistarambla.com\\\/#\\\/schema\\\/person\\\/ebd3a0b3c0ce4d939d1f29a7972db871\"},\"headline\":\"El decreto contra los desahucios ofende a ICV\",\"datePublished\":\"2012-11-17T02:43:19+00:00\",\"dateModified\":\"2021-12-08T16:33:02+00:00\",\"mainEntityOfPage\":{\"@id\":\"https:\\\/\\\/www.revistarambla.com\\\/el-decreto-contra-los-desahucios-ofende-a-icv-euia\\\/\"},\"wordCount\":625,\"commentCount\":0,\"publisher\":{\"@id\":\"https:\\\/\\\/www.revistarambla.com\\\/#organization\"},\"image\":{\"@id\":\"https:\\\/\\\/www.revistarambla.com\\\/el-decreto-contra-los-desahucios-ofende-a-icv-euia\\\/#primaryimage\"},\"thumbnailUrl\":\"https:\\\/\\\/www.revistarambla.com\\\/wp-content\\\/uploads\\\/2012\\\/11\\\/icv01%281%29.jpg\",\"articleSection\":[\"Actualidad\",\"Catalunya\"],\"inLanguage\":\"en-GB\",\"potentialAction\":[{\"@type\":\"CommentAction\",\"name\":\"Comment\",\"target\":[\"https:\\\/\\\/www.revistarambla.com\\\/el-decreto-contra-los-desahucios-ofende-a-icv-euia\\\/#respond\"]}]},{\"@type\":\"WebPage\",\"@id\":\"https:\\\/\\\/www.revistarambla.com\\\/el-decreto-contra-los-desahucios-ofende-a-icv-euia\\\/\",\"url\":\"https:\\\/\\\/www.revistarambla.com\\\/el-decreto-contra-los-desahucios-ofende-a-icv-euia\\\/\",\"name\":\"El decreto contra los desahucios ofende a ICV - Revista Rambla\",\"isPartOf\":{\"@id\":\"https:\\\/\\\/www.revistarambla.com\\\/#website\"},\"primaryImageOfPage\":{\"@id\":\"https:\\\/\\\/www.revistarambla.com\\\/el-decreto-contra-los-desahucios-ofende-a-icv-euia\\\/#primaryimage\"},\"image\":{\"@id\":\"https:\\\/\\\/www.revistarambla.com\\\/el-decreto-contra-los-desahucios-ofende-a-icv-euia\\\/#primaryimage\"},\"thumbnailUrl\":\"https:\\\/\\\/www.revistarambla.com\\\/wp-content\\\/uploads\\\/2012\\\/11\\\/icv01%281%29.jpg\",\"datePublished\":\"2012-11-17T02:43:19+00:00\",\"dateModified\":\"2021-12-08T16:33:02+00:00\",\"breadcrumb\":{\"@id\":\"https:\\\/\\\/www.revistarambla.com\\\/el-decreto-contra-los-desahucios-ofende-a-icv-euia\\\/#breadcrumb\"},\"inLanguage\":\"en-GB\",\"potentialAction\":[{\"@type\":\"ReadAction\",\"target\":[\"https:\\\/\\\/www.revistarambla.com\\\/el-decreto-contra-los-desahucios-ofende-a-icv-euia\\\/\"]}]},{\"@type\":\"ImageObject\",\"inLanguage\":\"en-GB\",\"@id\":\"https:\\\/\\\/www.revistarambla.com\\\/el-decreto-contra-los-desahucios-ofende-a-icv-euia\\\/#primaryimage\",\"url\":\"https:\\\/\\\/www.revistarambla.com\\\/wp-content\\\/uploads\\\/2012\\\/11\\\/icv01%281%29.jpg\",\"contentUrl\":\"https:\\\/\\\/www.revistarambla.com\\\/wp-content\\\/uploads\\\/2012\\\/11\\\/icv01%281%29.jpg\"},{\"@type\":\"BreadcrumbList\",\"@id\":\"https:\\\/\\\/www.revistarambla.com\\\/el-decreto-contra-los-desahucios-ofende-a-icv-euia\\\/#breadcrumb\",\"itemListElement\":[{\"@type\":\"ListItem\",\"position\":1,\"name\":\"Portada\",\"item\":\"https:\\\/\\\/www.revistarambla.com\\\/\"},{\"@type\":\"ListItem\",\"position\":2,\"name\":\"El decreto contra los desahucios ofende a ICV\"}]},{\"@type\":\"WebSite\",\"@id\":\"https:\\\/\\\/www.revistarambla.com\\\/#website\",\"url\":\"https:\\\/\\\/www.revistarambla.com\\\/\",\"name\":\"Revista Rambla Barcelona\",\"description\":\"Periodismo independiente\",\"publisher\":{\"@id\":\"https:\\\/\\\/www.revistarambla.com\\\/#organization\"},\"potentialAction\":[{\"@type\":\"SearchAction\",\"target\":{\"@type\":\"EntryPoint\",\"urlTemplate\":\"https:\\\/\\\/www.revistarambla.com\\\/?s={search_term_string}\"},\"query-input\":{\"@type\":\"PropertyValueSpecification\",\"valueRequired\":true,\"valueName\":\"search_term_string\"}}],\"inLanguage\":\"en-GB\"},{\"@type\":\"Organization\",\"@id\":\"https:\\\/\\\/www.revistarambla.com\\\/#organization\",\"name\":\"Revista Rambla\",\"url\":\"https:\\\/\\\/www.revistarambla.com\\\/\",\"logo\":{\"@type\":\"ImageObject\",\"inLanguage\":\"en-GB\",\"@id\":\"https:\\\/\\\/www.revistarambla.com\\\/#\\\/schema\\\/logo\\\/image\\\/\",\"url\":\"https:\\\/\\\/www.revistarambla.com\\\/wp-content\\\/uploads\\\/2020\\\/09\\\/banner_rambla_1900x600_BB.png\",\"contentUrl\":\"https:\\\/\\\/www.revistarambla.com\\\/wp-content\\\/uploads\\\/2020\\\/09\\\/banner_rambla_1900x600_BB.png\",\"width\":1900,\"height\":600,\"caption\":\"Revista Rambla\"},\"image\":{\"@id\":\"https:\\\/\\\/www.revistarambla.com\\\/#\\\/schema\\\/logo\\\/image\\\/\"},\"sameAs\":[\"https:\\\/\\\/www.facebook.com\\\/revistarambla\\\/\",\"https:\\\/\\\/x.com\\\/revistarambla\",\"https:\\\/\\\/www.instagram.com\\\/revista_rambla\",\"https:\\\/\\\/es.linkedin.com\\\/company\\\/revista-rambla\"]},{\"@type\":\"Person\",\"@id\":\"https:\\\/\\\/www.revistarambla.com\\\/#\\\/schema\\\/person\\\/ebd3a0b3c0ce4d939d1f29a7972db871\",\"name\":\"Andr\u00e9s Aznar Siguan\",\"description\":\"Licenciado en Periodismo y Filosof\u00eda con experiencia en medios de comunicaci\u00f3n tanto en el campo de la redacci\u00f3n como en el de la cobertura audiovisual.\",\"sameAs\":[\"https:\\\/\\\/www.facebook.com\\\/andresaznar3d\\\/\",\"https:\\\/\\\/www.instagram.com\\\/andresaznarsiguan\",\"https:\\\/\\\/www.pinterest.de\\\/aaznarsiguan\\\/\",\"https:\\\/\\\/x.com\\\/andrsaznar\"]}]}<\/script>\n<!-- \/ Yoast SEO plugin. -->","yoast_head_json":{"title":"El decreto contra los desahucios ofende a ICV - Revista Rambla","robots":{"index":"index","follow":"follow","max-snippet":"max-snippet:-1","max-image-preview":"max-image-preview:large","max-video-preview":"max-video-preview:-1"},"canonical":"https:\/\/www.revistarambla.com\/en\/el-decreto-contra-los-desahucios-ofende-a-icv-euia\/","og_locale":"en_GB","og_type":"article","og_title":"El decreto contra los desahucios ofende a ICV - Revista Rambla","og_description":"\u201cEs un decreto de cobardes, dictado por la banca de espaldas a los afectados\u201d. As\u00ed de contundente se ha mostrado el l\u00edder de ICV-EUiA, Joan Herrera, cuando en el transcurso de un acto de campa\u00f1a se le ha preguntado por el decreto de ley aprobado por el Consejo de Ministros [&hellip;]","og_url":"https:\/\/www.revistarambla.com\/en\/el-decreto-contra-los-desahucios-ofende-a-icv-euia\/","og_site_name":"Revista Rambla","article_publisher":"https:\/\/www.facebook.com\/revistarambla\/","article_author":"https:\/\/www.facebook.com\/andresaznar3d\/","article_published_time":"2012-11-17T02:43:19+00:00","article_modified_time":"2021-12-08T16:33:02+00:00","og_image":[{"width":682,"height":400,"url":"https:\/\/www.revistarambla.com\/wp-content\/uploads\/2012\/11\/icv01(1).jpg","type":"image\/jpeg"}],"author":"Andr\u00e9s Aznar Siguan","twitter_card":"summary_large_image","twitter_creator":"@andrsaznar","twitter_site":"@revistarambla","twitter_misc":{"Written by":"Andr\u00e9s Aznar Siguan","Estimated reading time":"3 minutes"},"schema":{"@context":"https:\/\/schema.org","@graph":[{"@type":"Article","@id":"https:\/\/www.revistarambla.com\/el-decreto-contra-los-desahucios-ofende-a-icv-euia\/#article","isPartOf":{"@id":"https:\/\/www.revistarambla.com\/el-decreto-contra-los-desahucios-ofende-a-icv-euia\/"},"author":{"name":"Andr\u00e9s Aznar Siguan","@id":"https:\/\/www.revistarambla.com\/#\/schema\/person\/ebd3a0b3c0ce4d939d1f29a7972db871"},"headline":"El decreto contra los desahucios ofende a ICV","datePublished":"2012-11-17T02:43:19+00:00","dateModified":"2021-12-08T16:33:02+00:00","mainEntityOfPage":{"@id":"https:\/\/www.revistarambla.com\/el-decreto-contra-los-desahucios-ofende-a-icv-euia\/"},"wordCount":625,"commentCount":0,"publisher":{"@id":"https:\/\/www.revistarambla.com\/#organization"},"image":{"@id":"https:\/\/www.revistarambla.com\/el-decreto-contra-los-desahucios-ofende-a-icv-euia\/#primaryimage"},"thumbnailUrl":"https:\/\/www.revistarambla.com\/wp-content\/uploads\/2012\/11\/icv01%281%29.jpg","articleSection":["Actualidad","Catalunya"],"inLanguage":"en-GB","potentialAction":[{"@type":"CommentAction","name":"Comment","target":["https:\/\/www.revistarambla.com\/el-decreto-contra-los-desahucios-ofende-a-icv-euia\/#respond"]}]},{"@type":"WebPage","@id":"https:\/\/www.revistarambla.com\/el-decreto-contra-los-desahucios-ofende-a-icv-euia\/","url":"https:\/\/www.revistarambla.com\/el-decreto-contra-los-desahucios-ofende-a-icv-euia\/","name":"El decreto contra los desahucios ofende a ICV - Revista Rambla","isPartOf":{"@id":"https:\/\/www.revistarambla.com\/#website"},"primaryImageOfPage":{"@id":"https:\/\/www.revistarambla.com\/el-decreto-contra-los-desahucios-ofende-a-icv-euia\/#primaryimage"},"image":{"@id":"https:\/\/www.revistarambla.com\/el-decreto-contra-los-desahucios-ofende-a-icv-euia\/#primaryimage"},"thumbnailUrl":"https:\/\/www.revistarambla.com\/wp-content\/uploads\/2012\/11\/icv01%281%29.jpg","datePublished":"2012-11-17T02:43:19+00:00","dateModified":"2021-12-08T16:33:02+00:00","breadcrumb":{"@id":"https:\/\/www.revistarambla.com\/el-decreto-contra-los-desahucios-ofende-a-icv-euia\/#breadcrumb"},"inLanguage":"en-GB","potentialAction":[{"@type":"ReadAction","target":["https:\/\/www.revistarambla.com\/el-decreto-contra-los-desahucios-ofende-a-icv-euia\/"]}]},{"@type":"ImageObject","inLanguage":"en-GB","@id":"https:\/\/www.revistarambla.com\/el-decreto-contra-los-desahucios-ofende-a-icv-euia\/#primaryimage","url":"https:\/\/www.revistarambla.com\/wp-content\/uploads\/2012\/11\/icv01%281%29.jpg","contentUrl":"https:\/\/www.revistarambla.com\/wp-content\/uploads\/2012\/11\/icv01%281%29.jpg"},{"@type":"BreadcrumbList","@id":"https:\/\/www.revistarambla.com\/el-decreto-contra-los-desahucios-ofende-a-icv-euia\/#breadcrumb","itemListElement":[{"@type":"ListItem","position":1,"name":"Portada","item":"https:\/\/www.revistarambla.com\/"},{"@type":"ListItem","position":2,"name":"El decreto contra los desahucios ofende a ICV"}]},{"@type":"WebSite","@id":"https:\/\/www.revistarambla.com\/#website","url":"https:\/\/www.revistarambla.com\/","name":"Revista Rambla Barcelona","description":"Periodismo independiente","publisher":{"@id":"https:\/\/www.revistarambla.com\/#organization"},"potentialAction":[{"@type":"SearchAction","target":{"@type":"EntryPoint","urlTemplate":"https:\/\/www.revistarambla.com\/?s={search_term_string}"},"query-input":{"@type":"PropertyValueSpecification","valueRequired":true,"valueName":"search_term_string"}}],"inLanguage":"en-GB"},{"@type":"Organization","@id":"https:\/\/www.revistarambla.com\/#organization","name":"Revista Rambla","url":"https:\/\/www.revistarambla.com\/","logo":{"@type":"ImageObject","inLanguage":"en-GB","@id":"https:\/\/www.revistarambla.com\/#\/schema\/logo\/image\/","url":"https:\/\/www.revistarambla.com\/wp-content\/uploads\/2020\/09\/banner_rambla_1900x600_BB.png","contentUrl":"https:\/\/www.revistarambla.com\/wp-content\/uploads\/2020\/09\/banner_rambla_1900x600_BB.png","width":1900,"height":600,"caption":"Revista Rambla"},"image":{"@id":"https:\/\/www.revistarambla.com\/#\/schema\/logo\/image\/"},"sameAs":["https:\/\/www.facebook.com\/revistarambla\/","https:\/\/x.com\/revistarambla","https:\/\/www.instagram.com\/revista_rambla","https:\/\/es.linkedin.com\/company\/revista-rambla"]},{"@type":"Person","@id":"https:\/\/www.revistarambla.com\/#\/schema\/person\/ebd3a0b3c0ce4d939d1f29a7972db871","name":"Andr\u00e9s Aznar Siguan","description":"Licenciado en Periodismo y Filosof\u00eda con experiencia en medios de comunicaci\u00f3n tanto en el campo de la redacci\u00f3n como en el de la cobertura audiovisual.","sameAs":["https:\/\/www.facebook.com\/andresaznar3d\/","https:\/\/www.instagram.com\/andresaznarsiguan","https:\/\/www.pinterest.de\/aaznarsiguan\/","https:\/\/x.com\/andrsaznar"]}]}},"_links":{"self":[{"href":"https:\/\/www.revistarambla.com\/en\/wp-json\/wp\/v2\/posts\/2478","targetHints":{"allow":["GET"]}}],"collection":[{"href":"https:\/\/www.revistarambla.com\/en\/wp-json\/wp\/v2\/posts"}],"about":[{"href":"https:\/\/www.revistarambla.com\/en\/wp-json\/wp\/v2\/types\/post"}],"author":[{"embeddable":true,"href":"https:\/\/www.revistarambla.com\/en\/wp-json\/wp\/v2\/users\/35"}],"replies":[{"embeddable":true,"href":"https:\/\/www.revistarambla.com\/en\/wp-json\/wp\/v2\/comments?post=2478"}],"version-history":[{"count":0,"href":"https:\/\/www.revistarambla.com\/en\/wp-json\/wp\/v2\/posts\/2478\/revisions"}],"wp:attachment":[{"href":"https:\/\/www.revistarambla.com\/en\/wp-json\/wp\/v2\/media?parent=2478"}],"wp:term":[{"taxonomy":"category","embeddable":true,"href":"https:\/\/www.revistarambla.com\/en\/wp-json\/wp\/v2\/categories?post=2478"},{"taxonomy":"post_tag","embeddable":true,"href":"https:\/\/www.revistarambla.com\/en\/wp-json\/wp\/v2\/tags?post=2478"}],"curies":[{"name":"wp","href":"https:\/\/api.w.org\/{rel}","templated":true}]}}