{"id":2468,"date":"2012-11-13T14:18:13","date_gmt":"2012-11-13T13:18:13","guid":{"rendered":"https:\/\/www.revistarambla.com\/duelo-de-poderosos-en-la-villaroel\/"},"modified":"2021-12-08T17:58:24","modified_gmt":"2021-12-08T16:58:24","slug":"duelo-de-poderosos-en-la-villaroel","status":"publish","type":"post","link":"https:\/\/www.revistarambla.com\/en\/duelo-de-poderosos-en-la-villaroel\/","title":{"rendered":"Duelo de poderosos en la Villarroel"},"content":{"rendered":"<p><img decoding=\"async\" class=\"alignright\" src=\"https:\/\/www.revistarambla.com\/wp-content\/uploads\/2012\/11\/villaroel_01.jpg\" alt=\"alt\" width=\"398\" height=\"234\" \/><\/p>\n<p>La Sala Villarroel acoge estos d\u00edas Poder absoluto. Una obra de Roger Pe\u00f1a Carulla protagonizada por dos caras conocidas: Eduard Farelo y Emilio Guti\u00e9rrez Caba.<\/p>\n<p>En la hora y cuarto que dura el espect\u00e1culo asistimos aun di\u00e1logo cargado de tensi\u00f3n, que se sumerge en la corrupci\u00f3n pol\u00edtica y en su l\u00f3gica de la compensaci\u00f3n.<\/p>\n<p>Una historia rocambolesca donde el pol\u00edtico no tiene escr\u00fapulos, tan solo obedece a la prudencia, ala fidelidad al partido y a la moderaci\u00f3n.<\/p>\n<p>En esta trama de enga\u00f1o y traici\u00f3n se muestra la habilidad de los contrincantes por violar las normas del juego. Un cara a cara entre dos generaciones de liberales y sus diferentes maneras de aprovecharse y legitimar su poder, que mantendr\u00e1 el suspense creciente hasta el final.<\/p>\n<p>El texto sugiere muchas ganas de denunciar una pol\u00edtica conservadora y poco transparente de algunas esferas de nuestro pa\u00eds. Acierta en ciertas reflexiones aunque ahondando en ejemplos expl\u00edcitos que no siempre hubieran sido necesarios. Una echa en falta un poco de sutileza en las formas, menos dramatismo en la actuaci\u00f3n. Aunque entiende que a veces es necesario un poco de provocaci\u00f3n en una \u00e9poca d\u00f3nde la m\u00e1quina maquiav\u00e9lica de la propaganda electoral ataca con todas sus fuerzas y el thriller pol\u00edtico en nuestros teatros parece m\u00e1s necesario para recordarnos de qu\u00e9 va todo este circo medi\u00e1tico en realidad.<\/p>","protected":false},"excerpt":{"rendered":"<p>La Sala Villarroel acoge estos d\u00edas Poder absoluto. Una obra de Roger Pe\u00f1a Carulla protagonizada por dos caras conocidas: Eduard Farelo y Emilio Guti\u00e9rrez Caba. En la hora y cuarto que dura el espect\u00e1culo asistimos aun di\u00e1logo cargado de tensi\u00f3n, que se sumerge en la corrupci\u00f3n pol\u00edtica y en su [&hellip;]<\/p>\n","protected":false},"author":37,"featured_media":0,"comment_status":"open","ping_status":"open","sticky":false,"template":"","format":"standard","meta":{"footnotes":""},"categories":[4,62],"tags":[],"class_list":["post-2468","post","type-post","status-publish","format-standard","hentry","category-cultura","category-teatro"],"yoast_head":"<!-- This site is optimized with the Yoast SEO plugin v27.5 - https:\/\/yoast.com\/product\/yoast-seo-wordpress\/ -->\n<title>Duelo de poderosos en la Villarroel - Revista Rambla<\/title>\n<meta name=\"robots\" content=\"index, follow, max-snippet:-1, max-image-preview:large, max-video-preview:-1\" \/>\n<link rel=\"canonical\" href=\"https:\/\/www.revistarambla.com\/en\/duelo-de-poderosos-en-la-villaroel\/\" \/>\n<meta property=\"og:locale\" content=\"en_GB\" \/>\n<meta property=\"og:type\" content=\"article\" \/>\n<meta property=\"og:title\" content=\"Duelo de poderosos en la Villarroel - Revista Rambla\" \/>\n<meta property=\"og:description\" content=\"La Sala Villarroel acoge estos d\u00edas Poder absoluto. Una obra de Roger Pe\u00f1a Carulla protagonizada por dos caras conocidas: Eduard Farelo y Emilio Guti\u00e9rrez Caba. En la hora y cuarto que dura el espect\u00e1culo asistimos aun di\u00e1logo cargado de tensi\u00f3n, que se sumerge en la corrupci\u00f3n pol\u00edtica y en su [&hellip;]\" \/>\n<meta property=\"og:url\" content=\"https:\/\/www.revistarambla.com\/en\/duelo-de-poderosos-en-la-villaroel\/\" \/>\n<meta property=\"og:site_name\" content=\"Revista Rambla\" \/>\n<meta property=\"article:publisher\" content=\"https:\/\/www.facebook.com\/revistarambla\/\" \/>\n<meta property=\"article:published_time\" content=\"2012-11-13T13:18:13+00:00\" \/>\n<meta property=\"article:modified_time\" content=\"2021-12-08T16:58:24+00:00\" \/>\n<meta property=\"og:image\" content=\"https:\/\/www.revistarambla.com\/wp-content\/uploads\/2012\/11\/villaroel_01.jpg\" \/>\n\t<meta property=\"og:image:width\" content=\"550\" \/>\n\t<meta property=\"og:image:height\" content=\"323\" \/>\n\t<meta property=\"og:image:type\" content=\"image\/jpeg\" \/>\n<meta name=\"author\" content=\"Ariadna Rogero\" \/>\n<meta name=\"twitter:card\" content=\"summary_large_image\" \/>\n<meta name=\"twitter:creator\" content=\"@revistarambla\" \/>\n<meta name=\"twitter:site\" content=\"@revistarambla\" \/>\n<meta name=\"twitter:label1\" content=\"Written by\" \/>\n\t<meta name=\"twitter:data1\" content=\"Ariadna Rogero\" \/>\n\t<meta name=\"twitter:label2\" content=\"Estimated reading time\" \/>\n\t<meta name=\"twitter:data2\" content=\"2 minutes\" \/>\n<script type=\"application\/ld+json\" class=\"yoast-schema-graph\">{\"@context\":\"https:\\\/\\\/schema.org\",\"@graph\":[{\"@type\":\"Article\",\"@id\":\"https:\\\/\\\/www.revistarambla.com\\\/duelo-de-poderosos-en-la-villaroel\\\/#article\",\"isPartOf\":{\"@id\":\"https:\\\/\\\/www.revistarambla.com\\\/duelo-de-poderosos-en-la-villaroel\\\/\"},\"author\":{\"name\":\"Ariadna Rogero\",\"@id\":\"https:\\\/\\\/www.revistarambla.com\\\/#\\\/schema\\\/person\\\/25237fac14c57c75609d1fab050bc99e\"},\"headline\":\"Duelo de poderosos en la Villarroel\",\"datePublished\":\"2012-11-13T13:18:13+00:00\",\"dateModified\":\"2021-12-08T16:58:24+00:00\",\"mainEntityOfPage\":{\"@id\":\"https:\\\/\\\/www.revistarambla.com\\\/duelo-de-poderosos-en-la-villaroel\\\/\"},\"wordCount\":254,\"commentCount\":0,\"publisher\":{\"@id\":\"https:\\\/\\\/www.revistarambla.com\\\/#organization\"},\"image\":{\"@id\":\"https:\\\/\\\/www.revistarambla.com\\\/duelo-de-poderosos-en-la-villaroel\\\/#primaryimage\"},\"thumbnailUrl\":\"https:\\\/\\\/www.revistarambla.com\\\/wp-content\\\/uploads\\\/2012\\\/11\\\/villaroel_01.jpg\",\"articleSection\":[\"Cultura\",\"Teatro\"],\"inLanguage\":\"en-GB\",\"potentialAction\":[{\"@type\":\"CommentAction\",\"name\":\"Comment\",\"target\":[\"https:\\\/\\\/www.revistarambla.com\\\/duelo-de-poderosos-en-la-villaroel\\\/#respond\"]}]},{\"@type\":\"WebPage\",\"@id\":\"https:\\\/\\\/www.revistarambla.com\\\/duelo-de-poderosos-en-la-villaroel\\\/\",\"url\":\"https:\\\/\\\/www.revistarambla.com\\\/duelo-de-poderosos-en-la-villaroel\\\/\",\"name\":\"Duelo de poderosos en la Villarroel - Revista Rambla\",\"isPartOf\":{\"@id\":\"https:\\\/\\\/www.revistarambla.com\\\/#website\"},\"primaryImageOfPage\":{\"@id\":\"https:\\\/\\\/www.revistarambla.com\\\/duelo-de-poderosos-en-la-villaroel\\\/#primaryimage\"},\"image\":{\"@id\":\"https:\\\/\\\/www.revistarambla.com\\\/duelo-de-poderosos-en-la-villaroel\\\/#primaryimage\"},\"thumbnailUrl\":\"https:\\\/\\\/www.revistarambla.com\\\/wp-content\\\/uploads\\\/2012\\\/11\\\/villaroel_01.jpg\",\"datePublished\":\"2012-11-13T13:18:13+00:00\",\"dateModified\":\"2021-12-08T16:58:24+00:00\",\"breadcrumb\":{\"@id\":\"https:\\\/\\\/www.revistarambla.com\\\/duelo-de-poderosos-en-la-villaroel\\\/#breadcrumb\"},\"inLanguage\":\"en-GB\",\"potentialAction\":[{\"@type\":\"ReadAction\",\"target\":[\"https:\\\/\\\/www.revistarambla.com\\\/duelo-de-poderosos-en-la-villaroel\\\/\"]}]},{\"@type\":\"ImageObject\",\"inLanguage\":\"en-GB\",\"@id\":\"https:\\\/\\\/www.revistarambla.com\\\/duelo-de-poderosos-en-la-villaroel\\\/#primaryimage\",\"url\":\"https:\\\/\\\/www.revistarambla.com\\\/wp-content\\\/uploads\\\/2012\\\/11\\\/villaroel_01.jpg\",\"contentUrl\":\"https:\\\/\\\/www.revistarambla.com\\\/wp-content\\\/uploads\\\/2012\\\/11\\\/villaroel_01.jpg\"},{\"@type\":\"BreadcrumbList\",\"@id\":\"https:\\\/\\\/www.revistarambla.com\\\/duelo-de-poderosos-en-la-villaroel\\\/#breadcrumb\",\"itemListElement\":[{\"@type\":\"ListItem\",\"position\":1,\"name\":\"Portada\",\"item\":\"https:\\\/\\\/www.revistarambla.com\\\/\"},{\"@type\":\"ListItem\",\"position\":2,\"name\":\"Duelo de poderosos en la Villarroel\"}]},{\"@type\":\"WebSite\",\"@id\":\"https:\\\/\\\/www.revistarambla.com\\\/#website\",\"url\":\"https:\\\/\\\/www.revistarambla.com\\\/\",\"name\":\"Revista Rambla Barcelona\",\"description\":\"Periodismo independiente\",\"publisher\":{\"@id\":\"https:\\\/\\\/www.revistarambla.com\\\/#organization\"},\"potentialAction\":[{\"@type\":\"SearchAction\",\"target\":{\"@type\":\"EntryPoint\",\"urlTemplate\":\"https:\\\/\\\/www.revistarambla.com\\\/?s={search_term_string}\"},\"query-input\":{\"@type\":\"PropertyValueSpecification\",\"valueRequired\":true,\"valueName\":\"search_term_string\"}}],\"inLanguage\":\"en-GB\"},{\"@type\":\"Organization\",\"@id\":\"https:\\\/\\\/www.revistarambla.com\\\/#organization\",\"name\":\"Revista Rambla\",\"url\":\"https:\\\/\\\/www.revistarambla.com\\\/\",\"logo\":{\"@type\":\"ImageObject\",\"inLanguage\":\"en-GB\",\"@id\":\"https:\\\/\\\/www.revistarambla.com\\\/#\\\/schema\\\/logo\\\/image\\\/\",\"url\":\"https:\\\/\\\/www.revistarambla.com\\\/wp-content\\\/uploads\\\/2020\\\/09\\\/banner_rambla_1900x600_BB.png\",\"contentUrl\":\"https:\\\/\\\/www.revistarambla.com\\\/wp-content\\\/uploads\\\/2020\\\/09\\\/banner_rambla_1900x600_BB.png\",\"width\":1900,\"height\":600,\"caption\":\"Revista Rambla\"},\"image\":{\"@id\":\"https:\\\/\\\/www.revistarambla.com\\\/#\\\/schema\\\/logo\\\/image\\\/\"},\"sameAs\":[\"https:\\\/\\\/www.facebook.com\\\/revistarambla\\\/\",\"https:\\\/\\\/x.com\\\/revistarambla\",\"https:\\\/\\\/www.instagram.com\\\/revista_rambla\",\"https:\\\/\\\/es.linkedin.com\\\/company\\\/revista-rambla\"]},{\"@type\":\"Person\",\"@id\":\"https:\\\/\\\/www.revistarambla.com\\\/#\\\/schema\\\/person\\\/25237fac14c57c75609d1fab050bc99e\",\"name\":\"Ariadna Rogero\",\"description\":\"Periodista.\"}]}<\/script>\n<!-- \/ Yoast SEO plugin. -->","yoast_head_json":{"title":"Duelo de poderosos en la Villarroel - Revista Rambla","robots":{"index":"index","follow":"follow","max-snippet":"max-snippet:-1","max-image-preview":"max-image-preview:large","max-video-preview":"max-video-preview:-1"},"canonical":"https:\/\/www.revistarambla.com\/en\/duelo-de-poderosos-en-la-villaroel\/","og_locale":"en_GB","og_type":"article","og_title":"Duelo de poderosos en la Villarroel - Revista Rambla","og_description":"La Sala Villarroel acoge estos d\u00edas Poder absoluto. Una obra de Roger Pe\u00f1a Carulla protagonizada por dos caras conocidas: Eduard Farelo y Emilio Guti\u00e9rrez Caba. En la hora y cuarto que dura el espect\u00e1culo asistimos aun di\u00e1logo cargado de tensi\u00f3n, que se sumerge en la corrupci\u00f3n pol\u00edtica y en su [&hellip;]","og_url":"https:\/\/www.revistarambla.com\/en\/duelo-de-poderosos-en-la-villaroel\/","og_site_name":"Revista Rambla","article_publisher":"https:\/\/www.facebook.com\/revistarambla\/","article_published_time":"2012-11-13T13:18:13+00:00","article_modified_time":"2021-12-08T16:58:24+00:00","og_image":[{"width":550,"height":323,"url":"https:\/\/www.revistarambla.com\/wp-content\/uploads\/2012\/11\/villaroel_01.jpg","type":"image\/jpeg"}],"author":"Ariadna Rogero","twitter_card":"summary_large_image","twitter_creator":"@revistarambla","twitter_site":"@revistarambla","twitter_misc":{"Written by":"Ariadna Rogero","Estimated reading time":"2 minutes"},"schema":{"@context":"https:\/\/schema.org","@graph":[{"@type":"Article","@id":"https:\/\/www.revistarambla.com\/duelo-de-poderosos-en-la-villaroel\/#article","isPartOf":{"@id":"https:\/\/www.revistarambla.com\/duelo-de-poderosos-en-la-villaroel\/"},"author":{"name":"Ariadna Rogero","@id":"https:\/\/www.revistarambla.com\/#\/schema\/person\/25237fac14c57c75609d1fab050bc99e"},"headline":"Duelo de poderosos en la Villarroel","datePublished":"2012-11-13T13:18:13+00:00","dateModified":"2021-12-08T16:58:24+00:00","mainEntityOfPage":{"@id":"https:\/\/www.revistarambla.com\/duelo-de-poderosos-en-la-villaroel\/"},"wordCount":254,"commentCount":0,"publisher":{"@id":"https:\/\/www.revistarambla.com\/#organization"},"image":{"@id":"https:\/\/www.revistarambla.com\/duelo-de-poderosos-en-la-villaroel\/#primaryimage"},"thumbnailUrl":"https:\/\/www.revistarambla.com\/wp-content\/uploads\/2012\/11\/villaroel_01.jpg","articleSection":["Cultura","Teatro"],"inLanguage":"en-GB","potentialAction":[{"@type":"CommentAction","name":"Comment","target":["https:\/\/www.revistarambla.com\/duelo-de-poderosos-en-la-villaroel\/#respond"]}]},{"@type":"WebPage","@id":"https:\/\/www.revistarambla.com\/duelo-de-poderosos-en-la-villaroel\/","url":"https:\/\/www.revistarambla.com\/duelo-de-poderosos-en-la-villaroel\/","name":"Duelo de poderosos en la Villarroel - Revista Rambla","isPartOf":{"@id":"https:\/\/www.revistarambla.com\/#website"},"primaryImageOfPage":{"@id":"https:\/\/www.revistarambla.com\/duelo-de-poderosos-en-la-villaroel\/#primaryimage"},"image":{"@id":"https:\/\/www.revistarambla.com\/duelo-de-poderosos-en-la-villaroel\/#primaryimage"},"thumbnailUrl":"https:\/\/www.revistarambla.com\/wp-content\/uploads\/2012\/11\/villaroel_01.jpg","datePublished":"2012-11-13T13:18:13+00:00","dateModified":"2021-12-08T16:58:24+00:00","breadcrumb":{"@id":"https:\/\/www.revistarambla.com\/duelo-de-poderosos-en-la-villaroel\/#breadcrumb"},"inLanguage":"en-GB","potentialAction":[{"@type":"ReadAction","target":["https:\/\/www.revistarambla.com\/duelo-de-poderosos-en-la-villaroel\/"]}]},{"@type":"ImageObject","inLanguage":"en-GB","@id":"https:\/\/www.revistarambla.com\/duelo-de-poderosos-en-la-villaroel\/#primaryimage","url":"https:\/\/www.revistarambla.com\/wp-content\/uploads\/2012\/11\/villaroel_01.jpg","contentUrl":"https:\/\/www.revistarambla.com\/wp-content\/uploads\/2012\/11\/villaroel_01.jpg"},{"@type":"BreadcrumbList","@id":"https:\/\/www.revistarambla.com\/duelo-de-poderosos-en-la-villaroel\/#breadcrumb","itemListElement":[{"@type":"ListItem","position":1,"name":"Portada","item":"https:\/\/www.revistarambla.com\/"},{"@type":"ListItem","position":2,"name":"Duelo de poderosos en la Villarroel"}]},{"@type":"WebSite","@id":"https:\/\/www.revistarambla.com\/#website","url":"https:\/\/www.revistarambla.com\/","name":"Revista Rambla Barcelona","description":"Periodismo independiente","publisher":{"@id":"https:\/\/www.revistarambla.com\/#organization"},"potentialAction":[{"@type":"SearchAction","target":{"@type":"EntryPoint","urlTemplate":"https:\/\/www.revistarambla.com\/?s={search_term_string}"},"query-input":{"@type":"PropertyValueSpecification","valueRequired":true,"valueName":"search_term_string"}}],"inLanguage":"en-GB"},{"@type":"Organization","@id":"https:\/\/www.revistarambla.com\/#organization","name":"Revista Rambla","url":"https:\/\/www.revistarambla.com\/","logo":{"@type":"ImageObject","inLanguage":"en-GB","@id":"https:\/\/www.revistarambla.com\/#\/schema\/logo\/image\/","url":"https:\/\/www.revistarambla.com\/wp-content\/uploads\/2020\/09\/banner_rambla_1900x600_BB.png","contentUrl":"https:\/\/www.revistarambla.com\/wp-content\/uploads\/2020\/09\/banner_rambla_1900x600_BB.png","width":1900,"height":600,"caption":"Revista Rambla"},"image":{"@id":"https:\/\/www.revistarambla.com\/#\/schema\/logo\/image\/"},"sameAs":["https:\/\/www.facebook.com\/revistarambla\/","https:\/\/x.com\/revistarambla","https:\/\/www.instagram.com\/revista_rambla","https:\/\/es.linkedin.com\/company\/revista-rambla"]},{"@type":"Person","@id":"https:\/\/www.revistarambla.com\/#\/schema\/person\/25237fac14c57c75609d1fab050bc99e","name":"Ariadna Rogero","description":"Periodista."}]}},"_links":{"self":[{"href":"https:\/\/www.revistarambla.com\/en\/wp-json\/wp\/v2\/posts\/2468","targetHints":{"allow":["GET"]}}],"collection":[{"href":"https:\/\/www.revistarambla.com\/en\/wp-json\/wp\/v2\/posts"}],"about":[{"href":"https:\/\/www.revistarambla.com\/en\/wp-json\/wp\/v2\/types\/post"}],"author":[{"embeddable":true,"href":"https:\/\/www.revistarambla.com\/en\/wp-json\/wp\/v2\/users\/37"}],"replies":[{"embeddable":true,"href":"https:\/\/www.revistarambla.com\/en\/wp-json\/wp\/v2\/comments?post=2468"}],"version-history":[{"count":0,"href":"https:\/\/www.revistarambla.com\/en\/wp-json\/wp\/v2\/posts\/2468\/revisions"}],"wp:attachment":[{"href":"https:\/\/www.revistarambla.com\/en\/wp-json\/wp\/v2\/media?parent=2468"}],"wp:term":[{"taxonomy":"category","embeddable":true,"href":"https:\/\/www.revistarambla.com\/en\/wp-json\/wp\/v2\/categories?post=2468"},{"taxonomy":"post_tag","embeddable":true,"href":"https:\/\/www.revistarambla.com\/en\/wp-json\/wp\/v2\/tags?post=2468"}],"curies":[{"name":"wp","href":"https:\/\/api.w.org\/{rel}","templated":true}]}}