{"id":2464,"date":"2012-11-12T14:39:59","date_gmt":"2012-11-12T13:39:59","guid":{"rendered":"https:\/\/www.revistarambla.com\/la-hegemonia-del-discurso-de-la-precarizacion-o-como-tirarse-piedras-sobre-el-propio-tejado\/"},"modified":"2021-12-08T17:33:29","modified_gmt":"2021-12-08T16:33:29","slug":"la-hegemonia-del-discurso-de-la-precarizacion-o-como-tirarse-piedras-sobre-el-propio-tejado","status":"publish","type":"post","link":"https:\/\/www.revistarambla.com\/en\/la-hegemonia-del-discurso-de-la-precarizacion-o-como-tirarse-piedras-sobre-el-propio-tejado\/","title":{"rendered":"La hegemon\u00eda del discurso de la precarizaci\u00f3n o c\u00f3mo tirarse piedras sobre el propio tejado"},"content":{"rendered":"<p>El periodismo y el sector de la comunicaci\u00f3n en general est\u00e1 pasando por un momento de dificultades agudas. A la crisis econ\u00f3mica global se le suma una crisis particular del sector auspiciada por la implantaci\u00f3n de las nuevas tecnolog\u00edas y la inc\u00f3gnita frente a los nuevos modelos de negocio y rentabilidad econ\u00f3mica que se abren gracias a Internet. En los \u00faltimos a\u00f1os se ha acentuado la destrucci\u00f3n de puestos de trabajo en las empresas de comunicaci\u00f3n as\u00ed como la degradaci\u00f3n y precarizaci\u00f3n de las condiciones laborales de los trabajadores del sector. No en vano se trata de una de las profesiones con mayor tasa de paro del Estado.<\/p>\n<p><img decoding=\"async\" src=\"https:\/\/www.revistarambla.com\/wp-content\/uploads\/2012\/11\/vicent%20navarro_02.jpg\" alt=\"alt\" width=\"3711\" height=\"1752\" \/><\/p>\n<p>Por ello, el sindicato de periodistas de Catalunya, el sindicato de la imagen y las respectivas secciones de CC.OO. y UGT han llamado a los trabajadores de la comunicaci\u00f3n a sumarse a la huelga general prevista para este mi\u00e9rcoles. 14 de noviembre.<\/p>\n<p>Sin embargo, las condiciones laborales no son la \u00fanica causa de cr\u00edtica por parte de los sindicatos.\u00a0 Uno de los aspectos que m\u00e1s encono produce en aquellas entidades, asociaciones y profesionales que se muestran cr\u00edticos con las pol\u00edticas econ\u00f3micas actuales es la implantaci\u00f3n sutil de un discurso hegem\u00f3nico. No se trata tanto de publicitar alternativas pol\u00edticas como de traer a colaci\u00f3n datos y an\u00e1lisis que demuestran la existencia de respuestas pol\u00edticas alternativas a la crisis. Y es que el referido discurso hegem\u00f3nico tiene como principal leitmotiv la inexistencia de estas alternativas. El desmantelamiento del Estado de bienestar a trav\u00e9s de los recortes a los servicios p\u00fablicos y, por ende, a las posibilidades de la administraci\u00f3n de generar y regular un espacio p\u00fablico, parece, en boca de los numerosos tertulianos y analistas que copan los principales medios de comunicaci\u00f3n, una direcci\u00f3n inevitable.<\/p>\n<p>Este hecho ha sido sobradamente denunciado por voces discordantes con la direcci\u00f3n que est\u00e1n tomando las respuestas a la crisis econ\u00f3mica. Entre ellas, la del soci\u00f3logo y economista Vicen\u00e7 Navarro. El polit\u00f3logo catal\u00e1n es una de las personas que m\u00e1s ha denunciado la poca diversidad informativa de los medios catalanes en materia de pol\u00edticas p\u00fablicas. Sirva de ejemplo la marginaci\u00f3n en las agendas medi\u00e1ticas del debate en torno a las pol\u00edticas fiscales y sus repercusiones en la sociedad.<\/p>\n<p>De esta manera, las alternativas a las principales medidas que desmantelan el estado de bienestar son marginadas del discurso medi\u00e1tico hegem\u00f3nico. Sirvan de ejemplo los siguientes datos extra\u00eddos de una ponencia del mencionado economista Vicen\u00e7 Navarro<\/p>\n<p>A la recaudaci\u00f3n que se obtendr\u00eda mediante la congelaci\u00f3n de las pensiones puede contraponerse la recaudaci\u00f3n procedente de el mantenimiento del impuesto de patrimonio (2.100 millones), la anulaci\u00f3n de la rebaja del impuesto de sucesiones (2.552 millones) o la marcha atr\u00e1s en la bajada tributaria a las personas que ingresan m\u00e1s de 120.000 euros el a\u00f1o (2.500 millones)<\/p>\n<p>Otra de las medidas estrella que han puesto entre las cuerdas a los servicios p\u00fablicos son los recortes a sanidad, educaci\u00f3n y servicios sociales. Frente a estos recortes surgen tambi\u00e9n opciones alternativas como; la anulaci\u00f3n de la reducci\u00f3n del impuesto de sociedades de las empresas que facturan m\u00e1s de 150 millones de euros al a\u00f1o (unos 5.300 millones procedentes de una medida que afectar\u00eda tan s\u00f3lo al 0,12% de las empresas que operan en Espa\u00f1a) o la persecuci\u00f3n del fraude fiscal de las grandes fortunas, empresas, y bancos que supone el 71% del total de fraude (44.000 millones)<\/p>\n<p>De la misma manera, los recortes en los servicios de ayuda a las personas con dependencia podr\u00edan evitarse mediante la reducci\u00f3n del subsidio del Estado a la Iglesia Cat\u00f3lica para que ense\u00f1e religi\u00f3n en las escuelas p\u00fablicas y\/o la reducci\u00f3n en gasto militar (650 millones)<\/p>\n<p>M\u00e1s all\u00e1 del acuerdo pol\u00edtico en torno a estas alternativas, lo que muestran estos datos y su poca repercusi\u00f3n medi\u00e1tica es que la inevitabilidad de las pol\u00edticas neoliberales no es tal sino que esconde decisiones pol\u00edticas que orientan la respuesta a la crisis hacia el sector p\u00fablico en detrimento del privado. Es decir, que se socializan las p\u00e9rdidas causadas por la crisis mientras determinados sectores y personas mantienen sus beneficios. Una consecuencia que no suele reflejarse en los debates pol\u00edticos y econ\u00f3micos de los principales medios de comunicaci\u00f3n.<\/p>","protected":false},"excerpt":{"rendered":"<p>El periodismo y el sector de la comunicaci\u00f3n en general est\u00e1 pasando por un momento de dificultades agudas. A la crisis econ\u00f3mica global se le suma una crisis particular del sector auspiciada por la implantaci\u00f3n de las nuevas tecnolog\u00edas y la inc\u00f3gnita frente a los nuevos modelos de negocio y [&hellip;]<\/p>\n","protected":false},"author":35,"featured_media":0,"comment_status":"open","ping_status":"open","sticky":false,"template":"","format":"standard","meta":{"footnotes":""},"categories":[3,76],"tags":[],"class_list":["post-2464","post","type-post","status-publish","format-standard","hentry","category-actualidad","category-barcelona"],"yoast_head":"<!-- This site is optimized with the Yoast SEO plugin v27.5 - https:\/\/yoast.com\/product\/yoast-seo-wordpress\/ -->\n<title>La hegemon\u00eda del discurso de la precarizaci\u00f3n o c\u00f3mo tirarse piedras sobre el propio tejado - Revista Rambla<\/title>\n<meta name=\"robots\" content=\"index, follow, max-snippet:-1, max-image-preview:large, max-video-preview:-1\" \/>\n<link rel=\"canonical\" href=\"https:\/\/www.revistarambla.com\/en\/la-hegemonia-del-discurso-de-la-precarizacion-o-como-tirarse-piedras-sobre-el-propio-tejado\/\" \/>\n<meta property=\"og:locale\" content=\"en_GB\" \/>\n<meta property=\"og:type\" content=\"article\" \/>\n<meta property=\"og:title\" content=\"La hegemon\u00eda del discurso de la precarizaci\u00f3n o c\u00f3mo tirarse piedras sobre el propio tejado - Revista Rambla\" \/>\n<meta property=\"og:description\" content=\"El periodismo y el sector de la comunicaci\u00f3n en general est\u00e1 pasando por un momento de dificultades agudas. A la crisis econ\u00f3mica global se le suma una crisis particular del sector auspiciada por la implantaci\u00f3n de las nuevas tecnolog\u00edas y la inc\u00f3gnita frente a los nuevos modelos de negocio y [&hellip;]\" \/>\n<meta property=\"og:url\" content=\"https:\/\/www.revistarambla.com\/en\/la-hegemonia-del-discurso-de-la-precarizacion-o-como-tirarse-piedras-sobre-el-propio-tejado\/\" \/>\n<meta property=\"og:site_name\" content=\"Revista Rambla\" \/>\n<meta property=\"article:publisher\" content=\"https:\/\/www.facebook.com\/revistarambla\/\" \/>\n<meta property=\"article:author\" content=\"https:\/\/www.facebook.com\/andresaznar3d\/\" \/>\n<meta property=\"article:published_time\" content=\"2012-11-12T13:39:59+00:00\" \/>\n<meta property=\"article:modified_time\" content=\"2021-12-08T16:33:29+00:00\" \/>\n<meta property=\"og:image\" content=\"https:\/\/www.revistarambla.com\/wp-content\/uploads\/2012\/11\/vicent%20navarro_01.jpg\" \/>\n\t<meta property=\"og:image:width\" content=\"682\" \/>\n\t<meta property=\"og:image:height\" content=\"400\" \/>\n\t<meta property=\"og:image:type\" content=\"image\/jpeg\" \/>\n<meta name=\"author\" content=\"Andr\u00e9s Aznar Siguan\" \/>\n<meta name=\"twitter:card\" content=\"summary_large_image\" \/>\n<meta name=\"twitter:creator\" content=\"@andrsaznar\" \/>\n<meta name=\"twitter:site\" content=\"@revistarambla\" \/>\n<meta name=\"twitter:label1\" content=\"Written by\" \/>\n\t<meta name=\"twitter:data1\" content=\"Andr\u00e9s Aznar Siguan\" \/>\n\t<meta name=\"twitter:label2\" content=\"Estimated reading time\" \/>\n\t<meta name=\"twitter:data2\" content=\"4 minutes\" \/>\n<script type=\"application\/ld+json\" class=\"yoast-schema-graph\">{\"@context\":\"https:\\\/\\\/schema.org\",\"@graph\":[{\"@type\":\"Article\",\"@id\":\"https:\\\/\\\/www.revistarambla.com\\\/la-hegemonia-del-discurso-de-la-precarizacion-o-como-tirarse-piedras-sobre-el-propio-tejado\\\/#article\",\"isPartOf\":{\"@id\":\"https:\\\/\\\/www.revistarambla.com\\\/la-hegemonia-del-discurso-de-la-precarizacion-o-como-tirarse-piedras-sobre-el-propio-tejado\\\/\"},\"author\":{\"name\":\"Andr\u00e9s Aznar Siguan\",\"@id\":\"https:\\\/\\\/www.revistarambla.com\\\/#\\\/schema\\\/person\\\/ebd3a0b3c0ce4d939d1f29a7972db871\"},\"headline\":\"La hegemon\u00eda del discurso de la precarizaci\u00f3n o c\u00f3mo tirarse piedras sobre el propio tejado\",\"datePublished\":\"2012-11-12T13:39:59+00:00\",\"dateModified\":\"2021-12-08T16:33:29+00:00\",\"mainEntityOfPage\":{\"@id\":\"https:\\\/\\\/www.revistarambla.com\\\/la-hegemonia-del-discurso-de-la-precarizacion-o-como-tirarse-piedras-sobre-el-propio-tejado\\\/\"},\"wordCount\":786,\"commentCount\":0,\"publisher\":{\"@id\":\"https:\\\/\\\/www.revistarambla.com\\\/#organization\"},\"image\":{\"@id\":\"https:\\\/\\\/www.revistarambla.com\\\/la-hegemonia-del-discurso-de-la-precarizacion-o-como-tirarse-piedras-sobre-el-propio-tejado\\\/#primaryimage\"},\"thumbnailUrl\":\"https:\\\/\\\/www.revistarambla.com\\\/wp-content\\\/uploads\\\/2012\\\/11\\\/vicent%20navarro_02.jpg\",\"articleSection\":[\"Actualidad\",\"Barcelona\"],\"inLanguage\":\"en-GB\",\"potentialAction\":[{\"@type\":\"CommentAction\",\"name\":\"Comment\",\"target\":[\"https:\\\/\\\/www.revistarambla.com\\\/la-hegemonia-del-discurso-de-la-precarizacion-o-como-tirarse-piedras-sobre-el-propio-tejado\\\/#respond\"]}]},{\"@type\":\"WebPage\",\"@id\":\"https:\\\/\\\/www.revistarambla.com\\\/la-hegemonia-del-discurso-de-la-precarizacion-o-como-tirarse-piedras-sobre-el-propio-tejado\\\/\",\"url\":\"https:\\\/\\\/www.revistarambla.com\\\/la-hegemonia-del-discurso-de-la-precarizacion-o-como-tirarse-piedras-sobre-el-propio-tejado\\\/\",\"name\":\"La hegemon\u00eda del discurso de la precarizaci\u00f3n o c\u00f3mo tirarse piedras sobre el propio tejado - Revista Rambla\",\"isPartOf\":{\"@id\":\"https:\\\/\\\/www.revistarambla.com\\\/#website\"},\"primaryImageOfPage\":{\"@id\":\"https:\\\/\\\/www.revistarambla.com\\\/la-hegemonia-del-discurso-de-la-precarizacion-o-como-tirarse-piedras-sobre-el-propio-tejado\\\/#primaryimage\"},\"image\":{\"@id\":\"https:\\\/\\\/www.revistarambla.com\\\/la-hegemonia-del-discurso-de-la-precarizacion-o-como-tirarse-piedras-sobre-el-propio-tejado\\\/#primaryimage\"},\"thumbnailUrl\":\"https:\\\/\\\/www.revistarambla.com\\\/wp-content\\\/uploads\\\/2012\\\/11\\\/vicent%20navarro_02.jpg\",\"datePublished\":\"2012-11-12T13:39:59+00:00\",\"dateModified\":\"2021-12-08T16:33:29+00:00\",\"breadcrumb\":{\"@id\":\"https:\\\/\\\/www.revistarambla.com\\\/la-hegemonia-del-discurso-de-la-precarizacion-o-como-tirarse-piedras-sobre-el-propio-tejado\\\/#breadcrumb\"},\"inLanguage\":\"en-GB\",\"potentialAction\":[{\"@type\":\"ReadAction\",\"target\":[\"https:\\\/\\\/www.revistarambla.com\\\/la-hegemonia-del-discurso-de-la-precarizacion-o-como-tirarse-piedras-sobre-el-propio-tejado\\\/\"]}]},{\"@type\":\"ImageObject\",\"inLanguage\":\"en-GB\",\"@id\":\"https:\\\/\\\/www.revistarambla.com\\\/la-hegemonia-del-discurso-de-la-precarizacion-o-como-tirarse-piedras-sobre-el-propio-tejado\\\/#primaryimage\",\"url\":\"https:\\\/\\\/www.revistarambla.com\\\/wp-content\\\/uploads\\\/2012\\\/11\\\/vicent%20navarro_02.jpg\",\"contentUrl\":\"https:\\\/\\\/www.revistarambla.com\\\/wp-content\\\/uploads\\\/2012\\\/11\\\/vicent%20navarro_02.jpg\"},{\"@type\":\"BreadcrumbList\",\"@id\":\"https:\\\/\\\/www.revistarambla.com\\\/la-hegemonia-del-discurso-de-la-precarizacion-o-como-tirarse-piedras-sobre-el-propio-tejado\\\/#breadcrumb\",\"itemListElement\":[{\"@type\":\"ListItem\",\"position\":1,\"name\":\"Portada\",\"item\":\"https:\\\/\\\/www.revistarambla.com\\\/\"},{\"@type\":\"ListItem\",\"position\":2,\"name\":\"La hegemon\u00eda del discurso de la precarizaci\u00f3n o c\u00f3mo tirarse piedras sobre el propio tejado\"}]},{\"@type\":\"WebSite\",\"@id\":\"https:\\\/\\\/www.revistarambla.com\\\/#website\",\"url\":\"https:\\\/\\\/www.revistarambla.com\\\/\",\"name\":\"Revista Rambla Barcelona\",\"description\":\"Periodismo independiente\",\"publisher\":{\"@id\":\"https:\\\/\\\/www.revistarambla.com\\\/#organization\"},\"potentialAction\":[{\"@type\":\"SearchAction\",\"target\":{\"@type\":\"EntryPoint\",\"urlTemplate\":\"https:\\\/\\\/www.revistarambla.com\\\/?s={search_term_string}\"},\"query-input\":{\"@type\":\"PropertyValueSpecification\",\"valueRequired\":true,\"valueName\":\"search_term_string\"}}],\"inLanguage\":\"en-GB\"},{\"@type\":\"Organization\",\"@id\":\"https:\\\/\\\/www.revistarambla.com\\\/#organization\",\"name\":\"Revista Rambla\",\"url\":\"https:\\\/\\\/www.revistarambla.com\\\/\",\"logo\":{\"@type\":\"ImageObject\",\"inLanguage\":\"en-GB\",\"@id\":\"https:\\\/\\\/www.revistarambla.com\\\/#\\\/schema\\\/logo\\\/image\\\/\",\"url\":\"https:\\\/\\\/www.revistarambla.com\\\/wp-content\\\/uploads\\\/2020\\\/09\\\/banner_rambla_1900x600_BB.png\",\"contentUrl\":\"https:\\\/\\\/www.revistarambla.com\\\/wp-content\\\/uploads\\\/2020\\\/09\\\/banner_rambla_1900x600_BB.png\",\"width\":1900,\"height\":600,\"caption\":\"Revista Rambla\"},\"image\":{\"@id\":\"https:\\\/\\\/www.revistarambla.com\\\/#\\\/schema\\\/logo\\\/image\\\/\"},\"sameAs\":[\"https:\\\/\\\/www.facebook.com\\\/revistarambla\\\/\",\"https:\\\/\\\/x.com\\\/revistarambla\",\"https:\\\/\\\/www.instagram.com\\\/revista_rambla\",\"https:\\\/\\\/es.linkedin.com\\\/company\\\/revista-rambla\"]},{\"@type\":\"Person\",\"@id\":\"https:\\\/\\\/www.revistarambla.com\\\/#\\\/schema\\\/person\\\/ebd3a0b3c0ce4d939d1f29a7972db871\",\"name\":\"Andr\u00e9s Aznar Siguan\",\"description\":\"Licenciado en Periodismo y Filosof\u00eda con experiencia en medios de comunicaci\u00f3n tanto en el campo de la redacci\u00f3n como en el de la cobertura audiovisual.\",\"sameAs\":[\"https:\\\/\\\/www.facebook.com\\\/andresaznar3d\\\/\",\"https:\\\/\\\/www.instagram.com\\\/andresaznarsiguan\",\"https:\\\/\\\/www.pinterest.de\\\/aaznarsiguan\\\/\",\"https:\\\/\\\/x.com\\\/andrsaznar\"]}]}<\/script>\n<!-- \/ Yoast SEO plugin. -->","yoast_head_json":{"title":"La hegemon\u00eda del discurso de la precarizaci\u00f3n o c\u00f3mo tirarse piedras sobre el propio tejado - Revista Rambla","robots":{"index":"index","follow":"follow","max-snippet":"max-snippet:-1","max-image-preview":"max-image-preview:large","max-video-preview":"max-video-preview:-1"},"canonical":"https:\/\/www.revistarambla.com\/en\/la-hegemonia-del-discurso-de-la-precarizacion-o-como-tirarse-piedras-sobre-el-propio-tejado\/","og_locale":"en_GB","og_type":"article","og_title":"La hegemon\u00eda del discurso de la precarizaci\u00f3n o c\u00f3mo tirarse piedras sobre el propio tejado - Revista Rambla","og_description":"El periodismo y el sector de la comunicaci\u00f3n en general est\u00e1 pasando por un momento de dificultades agudas. A la crisis econ\u00f3mica global se le suma una crisis particular del sector auspiciada por la implantaci\u00f3n de las nuevas tecnolog\u00edas y la inc\u00f3gnita frente a los nuevos modelos de negocio y [&hellip;]","og_url":"https:\/\/www.revistarambla.com\/en\/la-hegemonia-del-discurso-de-la-precarizacion-o-como-tirarse-piedras-sobre-el-propio-tejado\/","og_site_name":"Revista Rambla","article_publisher":"https:\/\/www.facebook.com\/revistarambla\/","article_author":"https:\/\/www.facebook.com\/andresaznar3d\/","article_published_time":"2012-11-12T13:39:59+00:00","article_modified_time":"2021-12-08T16:33:29+00:00","og_image":[{"width":682,"height":400,"url":"https:\/\/www.revistarambla.com\/wp-content\/uploads\/2012\/11\/vicent navarro_01.jpg","type":"image\/jpeg"}],"author":"Andr\u00e9s Aznar Siguan","twitter_card":"summary_large_image","twitter_creator":"@andrsaznar","twitter_site":"@revistarambla","twitter_misc":{"Written by":"Andr\u00e9s Aznar Siguan","Estimated reading time":"4 minutes"},"schema":{"@context":"https:\/\/schema.org","@graph":[{"@type":"Article","@id":"https:\/\/www.revistarambla.com\/la-hegemonia-del-discurso-de-la-precarizacion-o-como-tirarse-piedras-sobre-el-propio-tejado\/#article","isPartOf":{"@id":"https:\/\/www.revistarambla.com\/la-hegemonia-del-discurso-de-la-precarizacion-o-como-tirarse-piedras-sobre-el-propio-tejado\/"},"author":{"name":"Andr\u00e9s Aznar Siguan","@id":"https:\/\/www.revistarambla.com\/#\/schema\/person\/ebd3a0b3c0ce4d939d1f29a7972db871"},"headline":"La hegemon\u00eda del discurso de la precarizaci\u00f3n o c\u00f3mo tirarse piedras sobre el propio tejado","datePublished":"2012-11-12T13:39:59+00:00","dateModified":"2021-12-08T16:33:29+00:00","mainEntityOfPage":{"@id":"https:\/\/www.revistarambla.com\/la-hegemonia-del-discurso-de-la-precarizacion-o-como-tirarse-piedras-sobre-el-propio-tejado\/"},"wordCount":786,"commentCount":0,"publisher":{"@id":"https:\/\/www.revistarambla.com\/#organization"},"image":{"@id":"https:\/\/www.revistarambla.com\/la-hegemonia-del-discurso-de-la-precarizacion-o-como-tirarse-piedras-sobre-el-propio-tejado\/#primaryimage"},"thumbnailUrl":"https:\/\/www.revistarambla.com\/wp-content\/uploads\/2012\/11\/vicent%20navarro_02.jpg","articleSection":["Actualidad","Barcelona"],"inLanguage":"en-GB","potentialAction":[{"@type":"CommentAction","name":"Comment","target":["https:\/\/www.revistarambla.com\/la-hegemonia-del-discurso-de-la-precarizacion-o-como-tirarse-piedras-sobre-el-propio-tejado\/#respond"]}]},{"@type":"WebPage","@id":"https:\/\/www.revistarambla.com\/la-hegemonia-del-discurso-de-la-precarizacion-o-como-tirarse-piedras-sobre-el-propio-tejado\/","url":"https:\/\/www.revistarambla.com\/la-hegemonia-del-discurso-de-la-precarizacion-o-como-tirarse-piedras-sobre-el-propio-tejado\/","name":"La hegemon\u00eda del discurso de la precarizaci\u00f3n o c\u00f3mo tirarse piedras sobre el propio tejado - Revista Rambla","isPartOf":{"@id":"https:\/\/www.revistarambla.com\/#website"},"primaryImageOfPage":{"@id":"https:\/\/www.revistarambla.com\/la-hegemonia-del-discurso-de-la-precarizacion-o-como-tirarse-piedras-sobre-el-propio-tejado\/#primaryimage"},"image":{"@id":"https:\/\/www.revistarambla.com\/la-hegemonia-del-discurso-de-la-precarizacion-o-como-tirarse-piedras-sobre-el-propio-tejado\/#primaryimage"},"thumbnailUrl":"https:\/\/www.revistarambla.com\/wp-content\/uploads\/2012\/11\/vicent%20navarro_02.jpg","datePublished":"2012-11-12T13:39:59+00:00","dateModified":"2021-12-08T16:33:29+00:00","breadcrumb":{"@id":"https:\/\/www.revistarambla.com\/la-hegemonia-del-discurso-de-la-precarizacion-o-como-tirarse-piedras-sobre-el-propio-tejado\/#breadcrumb"},"inLanguage":"en-GB","potentialAction":[{"@type":"ReadAction","target":["https:\/\/www.revistarambla.com\/la-hegemonia-del-discurso-de-la-precarizacion-o-como-tirarse-piedras-sobre-el-propio-tejado\/"]}]},{"@type":"ImageObject","inLanguage":"en-GB","@id":"https:\/\/www.revistarambla.com\/la-hegemonia-del-discurso-de-la-precarizacion-o-como-tirarse-piedras-sobre-el-propio-tejado\/#primaryimage","url":"https:\/\/www.revistarambla.com\/wp-content\/uploads\/2012\/11\/vicent%20navarro_02.jpg","contentUrl":"https:\/\/www.revistarambla.com\/wp-content\/uploads\/2012\/11\/vicent%20navarro_02.jpg"},{"@type":"BreadcrumbList","@id":"https:\/\/www.revistarambla.com\/la-hegemonia-del-discurso-de-la-precarizacion-o-como-tirarse-piedras-sobre-el-propio-tejado\/#breadcrumb","itemListElement":[{"@type":"ListItem","position":1,"name":"Portada","item":"https:\/\/www.revistarambla.com\/"},{"@type":"ListItem","position":2,"name":"La hegemon\u00eda del discurso de la precarizaci\u00f3n o c\u00f3mo tirarse piedras sobre el propio tejado"}]},{"@type":"WebSite","@id":"https:\/\/www.revistarambla.com\/#website","url":"https:\/\/www.revistarambla.com\/","name":"Revista Rambla Barcelona","description":"Periodismo independiente","publisher":{"@id":"https:\/\/www.revistarambla.com\/#organization"},"potentialAction":[{"@type":"SearchAction","target":{"@type":"EntryPoint","urlTemplate":"https:\/\/www.revistarambla.com\/?s={search_term_string}"},"query-input":{"@type":"PropertyValueSpecification","valueRequired":true,"valueName":"search_term_string"}}],"inLanguage":"en-GB"},{"@type":"Organization","@id":"https:\/\/www.revistarambla.com\/#organization","name":"Revista Rambla","url":"https:\/\/www.revistarambla.com\/","logo":{"@type":"ImageObject","inLanguage":"en-GB","@id":"https:\/\/www.revistarambla.com\/#\/schema\/logo\/image\/","url":"https:\/\/www.revistarambla.com\/wp-content\/uploads\/2020\/09\/banner_rambla_1900x600_BB.png","contentUrl":"https:\/\/www.revistarambla.com\/wp-content\/uploads\/2020\/09\/banner_rambla_1900x600_BB.png","width":1900,"height":600,"caption":"Revista Rambla"},"image":{"@id":"https:\/\/www.revistarambla.com\/#\/schema\/logo\/image\/"},"sameAs":["https:\/\/www.facebook.com\/revistarambla\/","https:\/\/x.com\/revistarambla","https:\/\/www.instagram.com\/revista_rambla","https:\/\/es.linkedin.com\/company\/revista-rambla"]},{"@type":"Person","@id":"https:\/\/www.revistarambla.com\/#\/schema\/person\/ebd3a0b3c0ce4d939d1f29a7972db871","name":"Andr\u00e9s Aznar Siguan","description":"Licenciado en Periodismo y Filosof\u00eda con experiencia en medios de comunicaci\u00f3n tanto en el campo de la redacci\u00f3n como en el de la cobertura audiovisual.","sameAs":["https:\/\/www.facebook.com\/andresaznar3d\/","https:\/\/www.instagram.com\/andresaznarsiguan","https:\/\/www.pinterest.de\/aaznarsiguan\/","https:\/\/x.com\/andrsaznar"]}]}},"_links":{"self":[{"href":"https:\/\/www.revistarambla.com\/en\/wp-json\/wp\/v2\/posts\/2464","targetHints":{"allow":["GET"]}}],"collection":[{"href":"https:\/\/www.revistarambla.com\/en\/wp-json\/wp\/v2\/posts"}],"about":[{"href":"https:\/\/www.revistarambla.com\/en\/wp-json\/wp\/v2\/types\/post"}],"author":[{"embeddable":true,"href":"https:\/\/www.revistarambla.com\/en\/wp-json\/wp\/v2\/users\/35"}],"replies":[{"embeddable":true,"href":"https:\/\/www.revistarambla.com\/en\/wp-json\/wp\/v2\/comments?post=2464"}],"version-history":[{"count":0,"href":"https:\/\/www.revistarambla.com\/en\/wp-json\/wp\/v2\/posts\/2464\/revisions"}],"wp:attachment":[{"href":"https:\/\/www.revistarambla.com\/en\/wp-json\/wp\/v2\/media?parent=2464"}],"wp:term":[{"taxonomy":"category","embeddable":true,"href":"https:\/\/www.revistarambla.com\/en\/wp-json\/wp\/v2\/categories?post=2464"},{"taxonomy":"post_tag","embeddable":true,"href":"https:\/\/www.revistarambla.com\/en\/wp-json\/wp\/v2\/tags?post=2464"}],"curies":[{"name":"wp","href":"https:\/\/api.w.org\/{rel}","templated":true}]}}