{"id":245,"date":"2010-08-06T09:20:34","date_gmt":"2010-08-06T07:20:34","guid":{"rendered":"https:\/\/www.revistarambla.com\/etica-y-evolucion\/"},"modified":"2021-12-28T19:37:25","modified_gmt":"2021-12-28T18:37:25","slug":"etica-y-evolucion","status":"publish","type":"post","link":"https:\/\/www.revistarambla.com\/en\/etica-y-evolucion\/","title":{"rendered":"\u00c9tica y evoluci\u00f3n"},"content":{"rendered":"<p style=\"text-align: left;\">Llega la triste noticia del fallecimiento del ilustre primat\u00f3logo Sabater Pi, justamente en el mismo a\u00f1o en que se conmemora el bicentenario del nacimiento de Darwin. La importante obra del cient\u00edfico catal\u00e1n se sit\u00faa en la estela abierta por la revoluci\u00f3n evolucionista, asentada con decisivo empuje a trav\u00e9s de la teor\u00eda de la selecci\u00f3n natural de Darwin y Wallace. Todo un movimiento intelectual que, tal como ocurre con las grandes transformaciones cient\u00edficas,\u00a0 mas all\u00e1 de su importancia decisiva en las aulas acad\u00e9micas, transcendiendo la comunidad cient\u00edfica, afect\u00f3 profundamente a nuestra concepci\u00f3n de la realidad, en este caso a la comprensi\u00f3n de lo humano en su relaci\u00f3n con la vida animal y la naturaleza,\u00a0 y, no s\u00f3lo conmociona viejas creencias sino que plantea la necesidad de impulsar una nueva conciencia \u00e9tica.<\/p>\n<p style=\"text-align: left;\">\u00a0\u00a0 Darwin, aunque no se deben olvidar sus aportaciones a la conducta zool\u00f3gica y humana, decisivamente hab\u00eda iluminado los or\u00edgenes del cuerpo humano. La concepci\u00f3n de las especies animales en aquella \u00e9poca se centraba en su anatom\u00eda y fisiolog\u00eda. Pero, a mediados del siglo XX, florecer\u00e1 la investigaci\u00f3n etol\u00f3gica, el estudio del comportamiento animal, en que destac\u00f3 la figura de Konrad Lorenz. Y en este terreno se sit\u00faa la importante contribuci\u00f3n de Sabater Pi, con sus trabajos sobre el\u00a0 uso de los instrumentos en los chimpanc\u00e9s. El ser humano como \u201chomo faber\u201d no representa ya una innovaci\u00f3n que arranca de la nada, sino la culminaci\u00f3n de un proceso iniciado en la vida animal.<\/p>\n<p style=\"text-align: left;\">\u00a0\u00a0 A lo largo de la historia se ha tratado de definir al al ser humano desde m\u00faltiples perspectivas, como \u201chomo faber\u201d, seg\u00fan acabo de indicar, como animal que usa la\u00a0 palabra, en Arist\u00f3tes, como \u201chomo sapiens\u201d , como ser capaz de proyectar su vida, como viviente que trabaja y juega. Mas todas estas perspectivas quedan englobadas en la amplitud del concepto de cultura, tal como expongo en mi libro \u201cEl animal cultural-Biolog\u00eda y cultura en la realidad humana\u201d<\/p>\n<p style=\"text-align: left;\">\u00a0\u00a0\u00a0 Y la cultura humana, como nuestra corporalidad, es una realidad que parte\u00a0 del proceso evolutivo, en que nos aparece completando los recursos de la biolog\u00eda, de los determinismos gen\u00e9ticos y de las posibilidades de la anatom\u00eda. Tambi\u00e9n las especies animales son capaces de aprendizaje individual y de transmisi\u00f3n de\u00a0 tales logros al grupo. O de aumentar sus posibilidades de acci\u00f3n mediante instrumentos que extienden la corporalidad y protagonizan conductas que modifican el medio,\u00a0 adapt\u00e1ndolo a sus necesidades. Tambi\u00e9n llegan a desarrollar la comunicaci\u00f3n mediante lenguajes que transcienden lo meramente innato. Si nuestra corporalidad es resultado de la evoluci\u00f3n tambi\u00e9n la misma realidad de la cultura, cuya poderosa expansi\u00f3n en la t\u00e9cnica, en el saber, en la libertad caracteriza a nuestra especie es el \u00faltimo y culminante pelda\u00f1o de un largo itinerario.<\/p>\n<p style=\"text-align: left;\">\u00a0 \u00bfEsta visi\u00f3n que nos emparenta con el mundo animal, que hunde nuestras ra\u00edces en el proceso de la evoluci\u00f3n, representa una humillaci\u00f3n de nuestro pretencioso orgullo? Tal cosa pensaba Freud respecto a la revoluci\u00f3n copernicana que nos desplazaba del centro del universo y de la evolucionista que sit\u00faa nuestros or\u00edgenes no un acto creador singular, sino en el seno de un universo en evoluci\u00f3n. Y, si recordamos el modo en que la modernidad se inici\u00f3 con el frenes\u00ed de un poder ilimitado sobre la naturaleza, pensada como enemiga dominable a trav\u00e9s de la ciencia y la tecnolog\u00eda hay que pensar no en una humillaci\u00f3n sino en la rectificaci\u00f3n de un peligros\u00edsimo error, de \u00a0una fatal ilusi\u00f3n. Para Bacon hab\u00eda que \u201cvencer\u201d a la naturaleza. Obedeci\u00e9ndola con las astucias del esclavo. Para Descartes era el hombre el \u201cdue\u00f1o y poseedor de la naturaleza\u201d. Para Leonardo \u201cIl dio della natura\u201d. La naturaleza fue considerada como mero objeto de explotaci\u00f3n Una explotaci\u00f3n que el capitalismo estableci\u00f3 sobre los seres humanos y sobre nuestro medio natural. Y cuyas\u00a0 consecuencias terribles hoy palpamos. Hemos desarrollado un enorme poder\u00edo tecnol\u00f3gico, mas este irracionalmente dirigido por la voluntad de pode r y lucro se convierte en fuerza de destrucci\u00f3n de la humanidad y de la naturaleza. En amenaza de ecocidio b\u00e9lico en el uso del arma nuclear, en amenaza de ecocidio industrial por una producci\u00f3n\u00a0 descontrolada,<\/p>\n<p style=\"text-align: left;\">\u00a0\u00a0 Ya Marx vi\u00f3 al ser humano como \u201cparte de la naturaleza\u201d y a \u00e9sta como \u201cnuestro cuerpo inorg\u00e1nico\u201d.\u00a0 Al par que Engels repudiaba la imagen de la naturaleza como un territorio enemigo que hemos de conquistar..Y hoy d\u00eda<\/p>\n<p style=\"text-align: left;\">el movimiento ecol\u00f3gico , junto a pensadores como Jonas imponen una nueva conciencia \u00e9tica, una relaci\u00f3n simbi\u00f3tica con el medio. En realidad necesitamos una radical transformaci\u00f3n de nuestra civilizaci\u00f3n. En que la utop\u00eda tecnol\u00f3gica que vivimos se reoriente en una utop\u00eda social.<\/p>\n<p style=\"text-align: left;\">\u00a0\u00a0 El ser humano ha sido desplazado de su reinado sobre la naturaleza. Pero para conseguir una funci\u00f3n mucho m\u00e1s noble\u00a0 para convertirse en custodio de la naturaleza. Es lo que nos ensa\u00f1aba ya el evolucionista Julian Huxley\u00a0 en su \u201cEvoluci\u00f3n en acci\u00f3n\u201d. Heidegger hablaba ret\u00f3ricamente del ser humano como \u201cpastor del ser\u201d, m\u00e1s concretamente habr\u00eda que propugnar la misi\u00f3n\u00a0 del ser\u00a0 humano como pastor de la naturaleza.<\/p>\n<p style=\"text-align: left;\">\u00a0\u00a0\u00a0 Sabater Pi, no recibi\u00f3 el reconocimiento de sus m\u00e9ritos por parte de las grandes instancias que gobiernan nuestra cultura. \u00bfNo merec\u00eda el Premio Pr\u00edncipe de Asturias de las ciencias? Fue un hombre que se hizo a s\u00ed mismo en denonado esfuerzo. Pero el mejor homenaje que podemos rendir a su figura y\u00a0 su obra es luchar por el desarrollo de una civilizaci\u00f3n en que reine la armon\u00eda con la naturaleza y la solidaridad entre los humanos.<\/p>","protected":false},"excerpt":{"rendered":"<p>Llega la triste noticia del fallecimiento del ilustre primat\u00f3logo Sabater Pi, justamente en el mismo a\u00f1o en que se conmemora el bicentenario del nacimiento de Darwin. La importante obra del cient\u00edfico catal\u00e1n se sit\u00faa en la estela abierta por la revoluci\u00f3n evolucionista, asentada con decisivo empuje a trav\u00e9s de la [&hellip;]<\/p>\n","protected":false},"author":87,"featured_media":0,"comment_status":"open","ping_status":"open","sticky":false,"template":"","format":"standard","meta":{"footnotes":""},"categories":[72],"tags":[],"class_list":["post-245","post","type-post","status-publish","format-standard","hentry","category-opinion"],"yoast_head":"<!-- This site is optimized with the Yoast SEO plugin v27.5 - https:\/\/yoast.com\/product\/yoast-seo-wordpress\/ -->\n<title>\u00c9tica y evoluci\u00f3n - Revista Rambla<\/title>\n<meta name=\"robots\" content=\"index, follow, max-snippet:-1, max-image-preview:large, max-video-preview:-1\" \/>\n<link rel=\"canonical\" href=\"https:\/\/www.revistarambla.com\/en\/etica-y-evolucion\/\" \/>\n<meta property=\"og:locale\" content=\"en_GB\" \/>\n<meta property=\"og:type\" content=\"article\" \/>\n<meta property=\"og:title\" content=\"\u00c9tica y evoluci\u00f3n - Revista Rambla\" \/>\n<meta property=\"og:description\" content=\"Llega la triste noticia del fallecimiento del ilustre primat\u00f3logo Sabater Pi, justamente en el mismo a\u00f1o en que se conmemora el bicentenario del nacimiento de Darwin. La importante obra del cient\u00edfico catal\u00e1n se sit\u00faa en la estela abierta por la revoluci\u00f3n evolucionista, asentada con decisivo empuje a trav\u00e9s de la [&hellip;]\" \/>\n<meta property=\"og:url\" content=\"https:\/\/www.revistarambla.com\/en\/etica-y-evolucion\/\" \/>\n<meta property=\"og:site_name\" content=\"Revista Rambla\" \/>\n<meta property=\"article:publisher\" content=\"https:\/\/www.facebook.com\/revistarambla\/\" \/>\n<meta property=\"article:published_time\" content=\"2010-08-06T07:20:34+00:00\" \/>\n<meta property=\"article:modified_time\" content=\"2021-12-28T18:37:25+00:00\" \/>\n<meta property=\"og:image\" content=\"https:\/\/www.revistarambla.com\/wp-content\/uploads\/2010\/08\/carlos%20paris.jpg\" \/>\n\t<meta property=\"og:image:width\" content=\"400\" \/>\n\t<meta property=\"og:image:height\" content=\"492\" \/>\n\t<meta property=\"og:image:type\" content=\"image\/jpeg\" \/>\n<meta name=\"author\" content=\"Carlos Par\u00eds Amador\" \/>\n<meta name=\"twitter:card\" content=\"summary_large_image\" \/>\n<meta name=\"twitter:creator\" content=\"@revistarambla\" \/>\n<meta name=\"twitter:site\" content=\"@revistarambla\" \/>\n<meta name=\"twitter:label1\" content=\"Written by\" \/>\n\t<meta name=\"twitter:data1\" content=\"Carlos Par\u00eds Amador\" \/>\n\t<meta name=\"twitter:label2\" content=\"Estimated reading time\" \/>\n\t<meta name=\"twitter:data2\" content=\"4 minutes\" \/>\n<script type=\"application\/ld+json\" class=\"yoast-schema-graph\">{\"@context\":\"https:\\\/\\\/schema.org\",\"@graph\":[{\"@type\":\"Article\",\"@id\":\"https:\\\/\\\/www.revistarambla.com\\\/etica-y-evolucion\\\/#article\",\"isPartOf\":{\"@id\":\"https:\\\/\\\/www.revistarambla.com\\\/etica-y-evolucion\\\/\"},\"author\":{\"name\":\"Carlos Par\u00eds Amador\",\"@id\":\"https:\\\/\\\/www.revistarambla.com\\\/#\\\/schema\\\/person\\\/559efa779b0766551d55c26cdc8c6d53\"},\"headline\":\"\u00c9tica y evoluci\u00f3n\",\"datePublished\":\"2010-08-06T07:20:34+00:00\",\"dateModified\":\"2021-12-28T18:37:25+00:00\",\"mainEntityOfPage\":{\"@id\":\"https:\\\/\\\/www.revistarambla.com\\\/etica-y-evolucion\\\/\"},\"wordCount\":1001,\"commentCount\":0,\"publisher\":{\"@id\":\"https:\\\/\\\/www.revistarambla.com\\\/#organization\"},\"articleSection\":[\"Opiniones\"],\"inLanguage\":\"en-GB\",\"potentialAction\":[{\"@type\":\"CommentAction\",\"name\":\"Comment\",\"target\":[\"https:\\\/\\\/www.revistarambla.com\\\/etica-y-evolucion\\\/#respond\"]}]},{\"@type\":\"WebPage\",\"@id\":\"https:\\\/\\\/www.revistarambla.com\\\/etica-y-evolucion\\\/\",\"url\":\"https:\\\/\\\/www.revistarambla.com\\\/etica-y-evolucion\\\/\",\"name\":\"\u00c9tica y evoluci\u00f3n - Revista Rambla\",\"isPartOf\":{\"@id\":\"https:\\\/\\\/www.revistarambla.com\\\/#website\"},\"datePublished\":\"2010-08-06T07:20:34+00:00\",\"dateModified\":\"2021-12-28T18:37:25+00:00\",\"breadcrumb\":{\"@id\":\"https:\\\/\\\/www.revistarambla.com\\\/etica-y-evolucion\\\/#breadcrumb\"},\"inLanguage\":\"en-GB\",\"potentialAction\":[{\"@type\":\"ReadAction\",\"target\":[\"https:\\\/\\\/www.revistarambla.com\\\/etica-y-evolucion\\\/\"]}]},{\"@type\":\"BreadcrumbList\",\"@id\":\"https:\\\/\\\/www.revistarambla.com\\\/etica-y-evolucion\\\/#breadcrumb\",\"itemListElement\":[{\"@type\":\"ListItem\",\"position\":1,\"name\":\"Portada\",\"item\":\"https:\\\/\\\/www.revistarambla.com\\\/\"},{\"@type\":\"ListItem\",\"position\":2,\"name\":\"\u00c9tica y evoluci\u00f3n\"}]},{\"@type\":\"WebSite\",\"@id\":\"https:\\\/\\\/www.revistarambla.com\\\/#website\",\"url\":\"https:\\\/\\\/www.revistarambla.com\\\/\",\"name\":\"Revista Rambla Barcelona\",\"description\":\"Periodismo independiente\",\"publisher\":{\"@id\":\"https:\\\/\\\/www.revistarambla.com\\\/#organization\"},\"potentialAction\":[{\"@type\":\"SearchAction\",\"target\":{\"@type\":\"EntryPoint\",\"urlTemplate\":\"https:\\\/\\\/www.revistarambla.com\\\/?s={search_term_string}\"},\"query-input\":{\"@type\":\"PropertyValueSpecification\",\"valueRequired\":true,\"valueName\":\"search_term_string\"}}],\"inLanguage\":\"en-GB\"},{\"@type\":\"Organization\",\"@id\":\"https:\\\/\\\/www.revistarambla.com\\\/#organization\",\"name\":\"Revista Rambla\",\"url\":\"https:\\\/\\\/www.revistarambla.com\\\/\",\"logo\":{\"@type\":\"ImageObject\",\"inLanguage\":\"en-GB\",\"@id\":\"https:\\\/\\\/www.revistarambla.com\\\/#\\\/schema\\\/logo\\\/image\\\/\",\"url\":\"https:\\\/\\\/www.revistarambla.com\\\/wp-content\\\/uploads\\\/2020\\\/09\\\/banner_rambla_1900x600_BB.png\",\"contentUrl\":\"https:\\\/\\\/www.revistarambla.com\\\/wp-content\\\/uploads\\\/2020\\\/09\\\/banner_rambla_1900x600_BB.png\",\"width\":1900,\"height\":600,\"caption\":\"Revista Rambla\"},\"image\":{\"@id\":\"https:\\\/\\\/www.revistarambla.com\\\/#\\\/schema\\\/logo\\\/image\\\/\"},\"sameAs\":[\"https:\\\/\\\/www.facebook.com\\\/revistarambla\\\/\",\"https:\\\/\\\/x.com\\\/revistarambla\",\"https:\\\/\\\/www.instagram.com\\\/revista_rambla\",\"https:\\\/\\\/es.linkedin.com\\\/company\\\/revista-rambla\"]},{\"@type\":\"Person\",\"@id\":\"https:\\\/\\\/www.revistarambla.com\\\/#\\\/schema\\\/person\\\/559efa779b0766551d55c26cdc8c6d53\",\"name\":\"Carlos Par\u00eds Amador\",\"description\":\"Fil\u00f3sofo, escritor y columnista espa\u00f1ol, catedr\u00e1tico de la Facultad de Filosof\u00eda de la Universidad de Valencia entre 1960 y 1968, donde llev\u00f3 a cabo una clandestina lucha antifranquista, Honoris Causa en la misma, em\u00e9rito de Filosof\u00eda en la Universidad Aut\u00f3noma de Madrid y miembro del Comit\u00e9 Central del Partido Comunista de Espa\u00f1a. Desde 1997 hasta 2014 fue presidente del Ateneo de Madrid.\",\"sameAs\":[\"https:\\\/\\\/carlosparis.wordpress.com\\\/\",\"https:\\\/\\\/es.wikipedia.org\\\/wiki\\\/Carlos_Pars\"]}]}<\/script>\n<!-- \/ Yoast SEO plugin. -->","yoast_head_json":{"title":"\u00c9tica y evoluci\u00f3n - Revista Rambla","robots":{"index":"index","follow":"follow","max-snippet":"max-snippet:-1","max-image-preview":"max-image-preview:large","max-video-preview":"max-video-preview:-1"},"canonical":"https:\/\/www.revistarambla.com\/en\/etica-y-evolucion\/","og_locale":"en_GB","og_type":"article","og_title":"\u00c9tica y evoluci\u00f3n - Revista Rambla","og_description":"Llega la triste noticia del fallecimiento del ilustre primat\u00f3logo Sabater Pi, justamente en el mismo a\u00f1o en que se conmemora el bicentenario del nacimiento de Darwin. La importante obra del cient\u00edfico catal\u00e1n se sit\u00faa en la estela abierta por la revoluci\u00f3n evolucionista, asentada con decisivo empuje a trav\u00e9s de la [&hellip;]","og_url":"https:\/\/www.revistarambla.com\/en\/etica-y-evolucion\/","og_site_name":"Revista Rambla","article_publisher":"https:\/\/www.facebook.com\/revistarambla\/","article_published_time":"2010-08-06T07:20:34+00:00","article_modified_time":"2021-12-28T18:37:25+00:00","og_image":[{"width":400,"height":492,"url":"https:\/\/www.revistarambla.com\/wp-content\/uploads\/2010\/08\/carlos paris.jpg","type":"image\/jpeg"}],"author":"Carlos Par\u00eds Amador","twitter_card":"summary_large_image","twitter_creator":"@revistarambla","twitter_site":"@revistarambla","twitter_misc":{"Written by":"Carlos Par\u00eds Amador","Estimated reading time":"4 minutes"},"schema":{"@context":"https:\/\/schema.org","@graph":[{"@type":"Article","@id":"https:\/\/www.revistarambla.com\/etica-y-evolucion\/#article","isPartOf":{"@id":"https:\/\/www.revistarambla.com\/etica-y-evolucion\/"},"author":{"name":"Carlos Par\u00eds Amador","@id":"https:\/\/www.revistarambla.com\/#\/schema\/person\/559efa779b0766551d55c26cdc8c6d53"},"headline":"\u00c9tica y evoluci\u00f3n","datePublished":"2010-08-06T07:20:34+00:00","dateModified":"2021-12-28T18:37:25+00:00","mainEntityOfPage":{"@id":"https:\/\/www.revistarambla.com\/etica-y-evolucion\/"},"wordCount":1001,"commentCount":0,"publisher":{"@id":"https:\/\/www.revistarambla.com\/#organization"},"articleSection":["Opiniones"],"inLanguage":"en-GB","potentialAction":[{"@type":"CommentAction","name":"Comment","target":["https:\/\/www.revistarambla.com\/etica-y-evolucion\/#respond"]}]},{"@type":"WebPage","@id":"https:\/\/www.revistarambla.com\/etica-y-evolucion\/","url":"https:\/\/www.revistarambla.com\/etica-y-evolucion\/","name":"\u00c9tica y evoluci\u00f3n - Revista Rambla","isPartOf":{"@id":"https:\/\/www.revistarambla.com\/#website"},"datePublished":"2010-08-06T07:20:34+00:00","dateModified":"2021-12-28T18:37:25+00:00","breadcrumb":{"@id":"https:\/\/www.revistarambla.com\/etica-y-evolucion\/#breadcrumb"},"inLanguage":"en-GB","potentialAction":[{"@type":"ReadAction","target":["https:\/\/www.revistarambla.com\/etica-y-evolucion\/"]}]},{"@type":"BreadcrumbList","@id":"https:\/\/www.revistarambla.com\/etica-y-evolucion\/#breadcrumb","itemListElement":[{"@type":"ListItem","position":1,"name":"Portada","item":"https:\/\/www.revistarambla.com\/"},{"@type":"ListItem","position":2,"name":"\u00c9tica y evoluci\u00f3n"}]},{"@type":"WebSite","@id":"https:\/\/www.revistarambla.com\/#website","url":"https:\/\/www.revistarambla.com\/","name":"Revista Rambla Barcelona","description":"Periodismo independiente","publisher":{"@id":"https:\/\/www.revistarambla.com\/#organization"},"potentialAction":[{"@type":"SearchAction","target":{"@type":"EntryPoint","urlTemplate":"https:\/\/www.revistarambla.com\/?s={search_term_string}"},"query-input":{"@type":"PropertyValueSpecification","valueRequired":true,"valueName":"search_term_string"}}],"inLanguage":"en-GB"},{"@type":"Organization","@id":"https:\/\/www.revistarambla.com\/#organization","name":"Revista Rambla","url":"https:\/\/www.revistarambla.com\/","logo":{"@type":"ImageObject","inLanguage":"en-GB","@id":"https:\/\/www.revistarambla.com\/#\/schema\/logo\/image\/","url":"https:\/\/www.revistarambla.com\/wp-content\/uploads\/2020\/09\/banner_rambla_1900x600_BB.png","contentUrl":"https:\/\/www.revistarambla.com\/wp-content\/uploads\/2020\/09\/banner_rambla_1900x600_BB.png","width":1900,"height":600,"caption":"Revista Rambla"},"image":{"@id":"https:\/\/www.revistarambla.com\/#\/schema\/logo\/image\/"},"sameAs":["https:\/\/www.facebook.com\/revistarambla\/","https:\/\/x.com\/revistarambla","https:\/\/www.instagram.com\/revista_rambla","https:\/\/es.linkedin.com\/company\/revista-rambla"]},{"@type":"Person","@id":"https:\/\/www.revistarambla.com\/#\/schema\/person\/559efa779b0766551d55c26cdc8c6d53","name":"Carlos Par\u00eds Amador","description":"Fil\u00f3sofo, escritor y columnista espa\u00f1ol, catedr\u00e1tico de la Facultad de Filosof\u00eda de la Universidad de Valencia entre 1960 y 1968, donde llev\u00f3 a cabo una clandestina lucha antifranquista, Honoris Causa en la misma, em\u00e9rito de Filosof\u00eda en la Universidad Aut\u00f3noma de Madrid y miembro del Comit\u00e9 Central del Partido Comunista de Espa\u00f1a. Desde 1997 hasta 2014 fue presidente del Ateneo de Madrid.","sameAs":["https:\/\/carlosparis.wordpress.com\/","https:\/\/es.wikipedia.org\/wiki\/Carlos_Pars"]}]}},"_links":{"self":[{"href":"https:\/\/www.revistarambla.com\/en\/wp-json\/wp\/v2\/posts\/245","targetHints":{"allow":["GET"]}}],"collection":[{"href":"https:\/\/www.revistarambla.com\/en\/wp-json\/wp\/v2\/posts"}],"about":[{"href":"https:\/\/www.revistarambla.com\/en\/wp-json\/wp\/v2\/types\/post"}],"author":[{"embeddable":true,"href":"https:\/\/www.revistarambla.com\/en\/wp-json\/wp\/v2\/users\/87"}],"replies":[{"embeddable":true,"href":"https:\/\/www.revistarambla.com\/en\/wp-json\/wp\/v2\/comments?post=245"}],"version-history":[{"count":0,"href":"https:\/\/www.revistarambla.com\/en\/wp-json\/wp\/v2\/posts\/245\/revisions"}],"wp:attachment":[{"href":"https:\/\/www.revistarambla.com\/en\/wp-json\/wp\/v2\/media?parent=245"}],"wp:term":[{"taxonomy":"category","embeddable":true,"href":"https:\/\/www.revistarambla.com\/en\/wp-json\/wp\/v2\/categories?post=245"},{"taxonomy":"post_tag","embeddable":true,"href":"https:\/\/www.revistarambla.com\/en\/wp-json\/wp\/v2\/tags?post=245"}],"curies":[{"name":"wp","href":"https:\/\/api.w.org\/{rel}","templated":true}]}}