{"id":2431,"date":"2012-11-06T07:41:49","date_gmt":"2012-11-06T06:41:49","guid":{"rendered":"https:\/\/www.revistarambla.com\/david-fernandez-las-cup-van-al-parlamento-a-decir-que-se-ha-acabado-el-tiempo-de-las-excusas-los-fraudes-y-la-impunidad-del-poder\/"},"modified":"2021-12-08T17:33:41","modified_gmt":"2021-12-08T16:33:41","slug":"david-fernandez-las-cup-van-al-parlamento-a-decir-que-se-ha-acabado-el-tiempo-de-las-excusas-los-fraudes-y-la-impunidad-del-poder","status":"publish","type":"post","link":"https:\/\/www.revistarambla.com\/en\/david-fernandez-las-cup-van-al-parlamento-a-decir-que-se-ha-acabado-el-tiempo-de-las-excusas-los-fraudes-y-la-impunidad-del-poder\/","title":{"rendered":"David Fern\u00e0ndez: \u00abV\u00e1mos al Parlament a decir que se han terminado las excusas y la impunidad del poder\u00bb"},"content":{"rendered":"<p>En la \u00faltima d\u00e9cada las Candidaturas de Unidad Popular han experimentado un crecimiento que les ha permitido introducir su proyecto municipalista en varios ayuntamientos de Catalunya. Las \u00faltimas elecciones municipales, en las que la Cup super\u00f3 los 100 regidores, supusieron el punto \u00e1lgido de este proceso. A pesar de rechazar presentarse a los \u00faltimos comicios auton\u00f3micos, el anuncio de Artur Mas de convocar elecciones anticipadas, la situaci\u00f3n de efervescencia soberanista y la delicada situaci\u00f3n social del pa\u00eds les impulsaron a decidir en asamblea nacional su concurrencia a las presentes elecciones. Hablamos con el periodista David Fern\u00e0ndez quien se presenta como n\u00famero uno de la lista por Barcelona.<\/p>\n<p><img decoding=\"async\" class=\"alignright\" src=\"https:\/\/www.revistarambla.com\/wp-content\/uploads\/2012\/11\/dani_03.jpg\" alt=\"alt\" width=\"387\" height=\"790\" \/><strong>\u00bfQu\u00e9 es la unidad popular? \u00bfPodr\u00edas explicar un poco en que consiste este concepto y vuestra candidatura?<\/strong><\/p>\n<p>Para la CUP, el concepto de unidad popular es un concepto pol\u00edtico operativo. Es aquel que hace indisociable la liberaci\u00f3n nacional, es decir la independencia del pueblo catal\u00e1n en todos los sentidos (econ\u00f3mico, social, cultural) de la liberaci\u00f3n social. La unidad popular est\u00e1 conceptualizada como un proyecto de ruptura democr\u00e1tica y transformaci\u00f3n social profunda. Actualmente, no s\u00f3lo vivimos una gran crisis social sino tambi\u00e9n el fallo de la pol\u00edtica y la democracia en s\u00ed misma.<\/p>\n<p>Paralelamente a este deterioro se ha producido un ciclo en el que la mejor \u00e1gora pol\u00edtica ha sido la calle. Ya sean las consultas soberanistas, la plataforma de afectados por la hipoteca, las redes de soporte para los inmigrantes sin papeles o el cooperativismo capaz de generar herramientas financieras \u00e9ticas.<\/p>\n<p>Pues bien, la unidad popular es una espacio m\u00e1s donde confluyen todos estas iniciativas. La unidad popular afronta todas las contradicciones y desigualdades que se dan en nuestra sociedad e intenta buscar la alternativa m\u00e1s justa, democr\u00e1tica y solidaria para la mayor\u00eda social.<\/p>\n<p>En este sentido, la Cup no es un partido pol\u00edtico, sino un proyecto pol\u00edtico y social. No pretendemos ser la mediaci\u00f3n pol\u00edtica de un espacio sino que somos ese espacio, somos los parados, los j\u00f3venes precarizados, los desahuciados y las clases populares.<\/p>\n<p><strong>En las \u00faltimas elecciones la Cup decidi\u00f3 no presentarse al Parlamento catal\u00e1n. Ahora hab\u00e9is cambiado de opini\u00f3n \u00bfa qu\u00e9 se debe este cambio?<\/strong><\/p>\n<p>Hay varios factores. El primero es el tiempo pol\u00edtico. Entendemos que el final de la cultura de la transici\u00f3n ya tiene certificada su defunci\u00f3n, que la manifestaci\u00f3n del 11S es un punto de inflexi\u00f3n hist\u00f3rico y que vivimos una crisis social que, en los Pa\u00edses Catalanes, ya ha producido 3 millones de pobres, 80.000 desahuciados, 1,5 millones de parados etc.\u2026 Son cuestiones a las que hay que dar respuesta.<\/p>\n<p>Por otro lado ha habido una aceleraci\u00f3n del debate interno sobre si las Cup deb\u00edan o no presentarse. A pesar de ser un movimiento que viene de lejos nuestro \u00e1mbito era el municipal y \u00e9ste nos da ya mucho trabajo. Sin embargo, a ra\u00edz del adelanto de las elecciones por parte de Artur Mas, la militancia, a trav\u00e9s de asambleas abiertas, decide y consensua que es el momento de presentarse. Al final o estas o te atropellan.<\/p>\n<p><strong>M\u00e1s de una vez has dicho que la Cup no era ninguna m\u00e1quina electoral. \u00bfQu\u00e9 quieres decir con ello?<\/strong><\/p>\n<p>La Cup no es un partido pol\u00edtico al uso. No tiene ni \u00e9lite, ni barones, ni m\u00e1quina mercadot\u00e9cnica, ni deudas con bancos. En las Cup no hay personas de partido con intereses por el cargo, esto ya est\u00e1 muy superado por nuevas formas de democracia participativa. Es un movimiento asambleario que parte del principio de la democracia cooperativa, una persona-un voto, y, por tanto, es m\u00e1s bien un movimiento pol\u00edtico que un partido. No somos una instituci\u00f3n en el sentido de ser una forma de representaci\u00f3n. El gran espacio pol\u00edtico para cambiar nuestra vida cotidiana est\u00e1 en la calle y en la auto organizaci\u00f3n.<\/p>\n<p><strong>\u00bfEntonces, cu\u00e1l es el papel de la Cup en el Parlamento?<\/strong><\/p>\n<p>Vamos a intentar que las clases populares irrumpan en la soluci\u00f3n de la crisis desde las propias necesidades y desigualdades que est\u00e1n sufriendo. Vamos a hacer de tensor, vamos a hacer de fiscal. Queremos decir que se ha acabado el tiempo de las excusas, los fraudes y la impunidad del poder. \u00bfQu\u00e9 es esto de rescatar bancos? Vamos a visualizar las contradicciones de este sistema y a poner un trozo de la calle en el Parlamento y, sobre todo, vamos a intentar romper el discurso hegem\u00f3nico de CiU que, en apenas 45 d\u00edas, nos quiere dar gato por liebre y hacernos creer que llevan toda la vida defendiendo la libertad pol\u00edtica de este pa\u00eds.<\/p>\n<p>Ahora bien, tambi\u00e9n somos conscientes de que se trata de un punto de partida y no de llegada. Vamos al Parlamento en un contexto de hegemon\u00eda conservadora y de victoria de la econom\u00eda neoliberal frente a unas izquierdas que se han hecho el hara kiri. En este sentido, nuestra presencia es un primer paso. Nosotros no podremos modular pol\u00edticas p\u00fablicas, ni cambiar la reforma laboral, ni aprobar la ILP (iniciativa legislativa popular) de la daci\u00f3n en pago, pero, como m\u00ednimo, les diremos que est\u00e1n machacando al pueblo que dicen representar.<\/p>\n<p><strong>\u00bfTen\u00e9is alg\u00fan tipo de protocolo de actuaci\u00f3n parlamentaria? Es decir, \u00bfos hab\u00e9is marcado ciertos l\u00edmites para la negociaci\u00f3n pol\u00edtica y el pacto con otras fuerzas?<\/strong><\/p>\n<p>No. Aunque obviamente se ha hablado de c\u00f3mo encarar el juego de la vida parlamentaria. Nos hemos planteado el porqu\u00e9, el c\u00f3mo y el con qui\u00e9n. El porqu\u00e9 ya lo hemos hablado. Por lo que respecta al qui\u00e9n; est\u00e1 claro que son las luchas sociales y populares. En cuanto al c\u00f3mo, partimos de la base de que aunque nuestra presencia ser\u00e1 peque\u00f1a tendremos un altavoz que puede ser muy potente. No obstante, nosotros nos presentamos teniendo en cuenta que nuestro parlamento es la calle, es la sociedad civil, y que el objetivo es recuperar el v\u00ednculo social comunitario. Si las mayor\u00edas sociales se activan en la calle \u00e9stas acabar\u00e1n traslad\u00e1ndose a la instituci\u00f3n. Adem\u00e1s, las Cup est\u00e1n teorizando una forma de hacer pol\u00edtica donde caben muchos tipos de democracia. Nosotros contemplamos la convivencia entre espacios de democracia directa en los municipios, de democracia participativa en las \u00e1reas metropolitanas m\u00e1s grandes y tambi\u00e9n de democracia representativa. Hay mucha vida fuera del Parlamento.<\/p>\n<p><strong>En este sentido, y dado que propon\u00e9is una forma de hacer pol\u00edtica distinta \u00bfno os da miedo que os engulla el juego pol\u00edtico parlamentario?<\/strong><\/p>\n<p>Hombre el sistema de poder es muy sutil y capaz de integrar demandas, diluirlas y \u00a0difuminarlas. De vencerte por agotamiento. Parece una m\u00e1quina burocr\u00e1tica contra la que hay que luchar permanentemente para que no te engulla. Pero eso es algo que a menor escala ya nos hemos encontrado en los municipios. Tenemos ciertos ant\u00eddotos. Asumimos que es un riesgo pero lo tenemos bien conjurado porque la centralidad del proyecto pol\u00edtico de las Cup no est\u00e1 en el Parlamento, est\u00e1 en la sociedad civil y en el tejido popular. Hay m\u00e1s posibilidades de transformaci\u00f3n social fuera de la c\u00e1mara que dentro.<\/p>\n<p><strong>\u00bfCu\u00e1les ser\u00edan las leyes m\u00e1s urgentes para el pa\u00eds?<\/strong><\/p>\n<p>A ver, desde la \u00f3ptica nacional, yo dir\u00eda que lo urgente es irse ya. Es decir, tener un \u00e1mbito de decisi\u00f3n propio. En cuanto al aspecto social, lo m\u00e1s urgente creo que es la aprobaci\u00f3n de la daci\u00f3n en pago y un plan de choque contra la pobreza.<\/p>\n<p><strong>Bien, cambiando un poco de tema y en referencia a la situaci\u00f3n actual \u00bfLa mera existencia de las Cup pone en evidencia el fracaso de las pol\u00edticas realizadas por la izquierda parlamentaria en las \u00faltimas d\u00e9cadas?<\/strong><\/p>\n<p>Hombre, sobre los hechos concretos se podr\u00eda ser muy cruel porque la realidad es la que es; ver a consellers de ERC intentando deslocalizar a cooperativas catalanas en T\u00e1nger hace da\u00f1o, ver a una fuerza que se llama ecosocialista secuestrando a N\u00faria P\u00f2rtules hace da\u00f1o y ver que fue el tripartido el que comenz\u00f3 a recortar a los trabajadores p\u00fablicos tambi\u00e9n es sangrante. Pero dicho esto, y a pesar de que la lista es extensa, tambi\u00e9n hay que tener en cuenta que el poder de los mercados y las \u00e9lites es tan fuerte que uno se plantea d\u00f3nde est\u00e1n los l\u00edmites de la democracia formal para poder cambiar las cosas desde la acci\u00f3n institucional. Ah\u00ed est\u00e1 la experiencia del tripartido para comprobarlo.<\/p>\n<p>Por otro lado hay que tener en cuenta la fallida de la socialdemocracia como proyecto hist\u00f3rico de la \u00e9lite europea. \u00c9sta ha hecho aguas porque la izquierda ha acabado gobernando como hace la derecha. Adem\u00e1s, junto a esta crisis de la socialdemocracia, tambi\u00e9n hay que a\u00f1adir el hundimiento del modelo de concertaci\u00f3n del sindicalismo socialdem\u00f3crata. En el estado de bienestar se pactaba pero ahora estamos en plena ofensiva neoliberal.<\/p>\n<p><strong>Por lo que respecta a CiU \u00bfqu\u00e9 opini\u00f3n te merece el giro que han hecho hacia el soberanismo?<\/strong><\/p>\n<p>Es indudable que ha habido un c\u00e1lculo pol\u00edtico y electoral, todos los informes oficiales anuncian que el 2003 ser\u00e1 el peor a\u00f1o de la crisis y lo que ha hecho Artur Mas es ganar tiempo. Adem\u00e1s, tengo muy claro que CiU siempre ha confundido el gobierno con un consejo de administraci\u00f3n. Confunden el pa\u00eds con el negocio, con una empresa. Sin embargo, creo que quien ha llevado a Converg\u00e8ncia i Uni\u00f3 a la posici\u00f3n en la que se encuentra actualmente no es la propia CiU sino la calle. Hay que tener en cuenta que venimos de un proceso en el que ha habido consultas populares, se ha creado la ANC, y, sobre todo, hace 40 a\u00f1os que existe la izquierda independentista. Hay que recordar que es la izquierda independentista quien lleva defendiendo la independencia desde el 68.<\/p>\n<p>Pues bien, ahora CiU tendr\u00e1 que demostrar que no har\u00e1 lo que ha caracterizado su obra de gobierno. Hay que tener en cuenta que el voto \u00fatil para continuar con las recortes es Artur Mas. Yo lo que le pido a la gente es que recuerde que en el 2006 fue Mas quien pact\u00f3 el recorte del Estatut con Zapatero. Que se trata de la misma CiU que hizo el pacto del Majestic y que llev\u00f3 al poder a Aznar. Que es la misma CiU que permanentemente privilegia a las grandes oligarqu\u00edas de este pa\u00eds, sea La Caixa o Abertis o Joan Rosell, presidente de la CEOE.<\/p>\n<p><strong>No obstante, a veces uno tiene la sensaci\u00f3n que hay m\u00e1s gente moviliz\u00e1ndose por la independencia que en contra del modelo econ\u00f3mico.<\/strong><\/p>\n<p>Bueno CiU tiene mucha capacidad medi\u00e1tica para generar un relato determinado de los acontecimientos. La Vanguardia, entre los d\u00edas 1 y 11 de septiembre, apenas hablaba de que hab\u00eda una manifestaci\u00f3n independentista y el d\u00eda 12 ya estaban regalando el DVD.<\/p>\n<p>Pero creo que con las cifras se hace trampa. Creo que si sumas a la gente que ha salido los \u00faltimos cinco a\u00f1os a manifestarse en contra de los recortes las cifras son similares. Artur Mas s\u00f3lo hace caso de la calle cuando \u00e9sta dice algo que le gusta. El president hace o\u00eddos sordos a la reiterada movilizaci\u00f3n en contra de sus pol\u00edticas.<\/p>\n<p>Yo creo que, a pesar de la delicada situaci\u00f3n del movimiento obrero, que se convoquen dos huelgas generales que lleguen a parar el 55% del pa\u00eds es una cifra importante.<\/p>\n<p><img decoding=\"async\" class=\"alignright\" src=\"https:\/\/www.revistarambla.com\/wp-content\/uploads\/2012\/11\/dani_04.jpg\" alt=\"alt\" width=\"250\" height=\"699\" \/><strong>En el momento en el que estamos \u00bfuna radicalizaci\u00f3n del espa\u00f1olismo podr\u00eda conllevar el peligro de que apareciera un nacionalismo catal\u00e1n excluyente? \u00bfC\u00f3mo se encara esta posibilidad desde un partido de izquierda como la Cup?<\/strong><\/p>\n<p>Nosotros asumimos que todo nacionalismo tiene el riesgo de acabar derivando en lo peor del siglo XX que es el fascismo. Aqu\u00ed mismo, en Catalunya, tenemos nacionalismo nacional cat\u00f3lico de barretina y misa diaria. Hay ejemplos hist\u00f3ricos; cuando Carles Sent\u00eds hablaba de los charnegos de Murcia destilaba racismo y xenofobia. Aqu\u00ed tenemos Angladas, Millets i Felips Puigs.<\/p>\n<p>No obstante, nuestro proyecto no es nacionalista en el sentido de que se fundamente en las esencias sino que lo hace en la convivencia social. Otro aspecto a tener en cuenta es que nosotros formamos parte de la clase trabajadora de este pa\u00eds, somos internacionalistas. Por algo ser\u00e1 que nuestro acto central de campa\u00f1a cuente con la presencia de Diego Ca\u00f1amero, del Sindicato de Obreros del Campo de Andaluc\u00eda. Nos unen muchas m\u00e1s cosas de las que nos separan. Nuestro combate pol\u00edtico es con el Estado espa\u00f1ol no con los pueblos del estado espa\u00f1ol.<\/p>\n<p>Respecto a la ofensiva nacionalista hay que tener en cuenta que, a pesar de no representar a toda la sociedad espa\u00f1ola, la hegemon\u00eda del discurso en Espa\u00f1a la tiene la caverna, la extrema derecha, los ultras. Hay una tendencia al discurso panserbio. Pero este argumento, el favorito de personajes como Aznar, es, de hecho, el que a ellos les conviene. Se pretende generar una fractura social que a ellos ya les va bien. S\u00f3lo pueden recurrir al miedo para imponer un proyecto determinado.<\/p>\n<p><strong>\u00bfEn este sentido, la relaci\u00f3n con otros movimientos sociales del resto de Espa\u00f1a es un ant\u00eddoto?<\/strong><\/p>\n<p>S\u00ed, s\u00ed. Yo creo que aqu\u00ed se tendr\u00eda que hacer tambi\u00e9n una lectura hist\u00f3rica. Nosotros, por ejemplo, tenemos una relaci\u00f3n muy fluida con los movimientos sociales de todo el Estado. Yo estoy en una cooperativa, Coop57, que naci\u00f3 en Catalunya pero que trabaja en red confederal a trav\u00e9s de todo el Estado. Con la PAH (Plataforma de Afectados por la Hipoteca) pasa lo mismo. Hay que tener en cuenta que la misma Espa\u00f1a que ha perseguido la cultura catalana es la que mat\u00f3 a Garc\u00eda Lorca, Miguel Hern\u00e1ndez u oblig\u00f3 a exiliarse a Machado.<\/p>\n<p>De la misma manera tambi\u00e9n tenemos relaci\u00f3n con otros pa\u00edses del mediterr\u00e1neo. No hay que olvidar que somos PIGGS y la potencial mano de obra barata del capitalismo europeo.<\/p>\n<p><strong>Ahora que hablamos de Europa. \u00bfC\u00f3mo se encara desde las Cup la cuesti\u00f3n europea?\u00bfPasa la independencia por Europa?<\/strong><\/p>\n<p>Desde las Cup somos cr\u00edticos con Europa. El Euro no es un proyecto pol\u00edtico, es un proyecto econ\u00f3mico de imposici\u00f3n neoliberal. Desde que naci\u00f3 la U.E. su proyecto ha consistido en configurar un polo econ\u00f3mico en el capitalismo transnacional.<\/p>\n<p>Nosotros estamos a favor de un proyecto pol\u00edtico europeo pero no tiene mucho que ver con la actual U.E. El Parlamento europeo no tiene poder ejecutivo, quien manda es una comisi\u00f3n y las grandes \u00e9lites econ\u00f3micas europeas. Tambi\u00e9n cabe preguntarse por el papel de Europa en las desigualdades econ\u00f3micas mundiales. El estrecho de Gibraltar es una fosa com\u00fan de 20.000 personas. A nuestro entender la U.E. actualmente es un proyecto que agudiza las contradicciones y las desigualdades sociales. Nuestro proyecto europeo es el fomento de la convivencia, la paz y el entendimiento entre los pueblos.<\/p>\n<p>No obstante, en Europa tambi\u00e9n han cambiado mucho las cosas. Antes era muy estatista. Hace 15 a\u00f1os ibas a reclamar cualquier cosa como cultura minorizada y se remit\u00edan a lo que dijera el Estado. Ahora la gran frase es \u201cno haremos nada por vosotros pero no lo impediremos\u201d. Parece que desde Europa lo \u00fanico que piden es que el de la independencia sea un proceso democr\u00e1tico y civil.<\/p>\n<p><strong>\u00bfY respecto a la deuda del estado?<\/strong><\/p>\n<p>Respecto a la deuda el asunto est\u00e1 muy claro. No pensamos pagar la deuda privada, no es nuestra deuda, que la paguen los bancos y que los banqueros vayan a juicio. En cuanto a la deuda p\u00fablica, lo primero es hacer una auditoria para saber cu\u00e1l es la composici\u00f3n de \u00e9sta. Despu\u00e9s, nuestra opci\u00f3n es retrasar el pago porque hay unas prioridades sociales ineludibles. Si esto deriva en que nos echan de la U.E. pues nosotros decimos que hay vida fuera de ella. Para nosotros el Euro est\u00e1 asociado a un proyecto neoliberal. A nosotros no nos da miedo estar fuera del Euro, si se ha de estar fuera se est\u00e1 fuera. Hay otros pa\u00edses como Islandia y Noruega que lo est\u00e1n. Este pa\u00eds ya ha salido de una guerra y de una dictadura.<\/p>\n<p><strong>Y ya para acabar, una pregunta m\u00e1s personal \u00bfqu\u00e9 te ha impulsado a presentarte?<\/strong><\/p>\n<p>La inconciencia, jajaja. Las ganas de cambiar las cosas y los anhelos de libertad y justicia. Sobretodo las ganas de memoria, la de nuestros abuelos y abuelas que lucharon por un pa\u00eds y sufrieron una dictadura. Es una gran responsabilidad, pero soy uno entre muchos y eso lo tengo muy claro. De ah\u00ed sale tambi\u00e9n nuestra fuerza porque hay mucha gente detr\u00e1s, pero esta candidatura requiere un gran grado de autoexigencia y responsabilidad.<\/p>","protected":false},"excerpt":{"rendered":"<p>En la \u00faltima d\u00e9cada las Candidaturas de Unidad Popular han experimentado un crecimiento que les ha permitido introducir su proyecto municipalista en varios ayuntamientos de Catalunya. Las \u00faltimas elecciones municipales, en las que la Cup super\u00f3 los 100 regidores, supusieron el punto \u00e1lgido de este proceso. A pesar de rechazar [&hellip;]<\/p>\n","protected":false},"author":35,"featured_media":0,"comment_status":"open","ping_status":"open","sticky":false,"template":"","format":"standard","meta":{"footnotes":""},"categories":[3,59],"tags":[],"class_list":["post-2431","post","type-post","status-publish","format-standard","hentry","category-actualidad","category-catalunya"],"yoast_head":"<!-- This site is optimized with the Yoast SEO plugin v27.5 - https:\/\/yoast.com\/product\/yoast-seo-wordpress\/ -->\n<title>David Fern\u00e0ndez: &quot;V\u00e1mos al Parlament a decir que se han terminado las excusas y la impunidad del poder&quot; - Revista Rambla<\/title>\n<meta name=\"robots\" content=\"index, follow, max-snippet:-1, max-image-preview:large, max-video-preview:-1\" \/>\n<link rel=\"canonical\" href=\"https:\/\/www.revistarambla.com\/en\/david-fernandez-las-cup-van-al-parlamento-a-decir-que-se-ha-acabado-el-tiempo-de-las-excusas-los-fraudes-y-la-impunidad-del-poder\/\" \/>\n<meta property=\"og:locale\" content=\"en_GB\" \/>\n<meta property=\"og:type\" content=\"article\" \/>\n<meta property=\"og:title\" content=\"David Fern\u00e0ndez: &quot;V\u00e1mos al Parlament a decir que se han terminado las excusas y la impunidad del poder&quot; - Revista Rambla\" \/>\n<meta property=\"og:description\" content=\"En la \u00faltima d\u00e9cada las Candidaturas de Unidad Popular han experimentado un crecimiento que les ha permitido introducir su proyecto municipalista en varios ayuntamientos de Catalunya. Las \u00faltimas elecciones municipales, en las que la Cup super\u00f3 los 100 regidores, supusieron el punto \u00e1lgido de este proceso. A pesar de rechazar [&hellip;]\" \/>\n<meta property=\"og:url\" content=\"https:\/\/www.revistarambla.com\/en\/david-fernandez-las-cup-van-al-parlamento-a-decir-que-se-ha-acabado-el-tiempo-de-las-excusas-los-fraudes-y-la-impunidad-del-poder\/\" \/>\n<meta property=\"og:site_name\" content=\"Revista Rambla\" \/>\n<meta property=\"article:publisher\" content=\"https:\/\/www.facebook.com\/revistarambla\/\" \/>\n<meta property=\"article:author\" content=\"https:\/\/www.facebook.com\/andresaznar3d\/\" \/>\n<meta property=\"article:published_time\" content=\"2012-11-06T06:41:49+00:00\" \/>\n<meta property=\"article:modified_time\" content=\"2021-12-08T16:33:41+00:00\" \/>\n<meta property=\"og:image\" content=\"https:\/\/www.revistarambla.com\/wp-content\/uploads\/2012\/11\/dani_01.jpg\" \/>\n\t<meta property=\"og:image:width\" content=\"682\" \/>\n\t<meta property=\"og:image:height\" content=\"400\" \/>\n\t<meta property=\"og:image:type\" content=\"image\/jpeg\" \/>\n<meta name=\"author\" content=\"Andr\u00e9s Aznar Siguan\" \/>\n<meta name=\"twitter:card\" content=\"summary_large_image\" \/>\n<meta name=\"twitter:creator\" content=\"@andrsaznar\" \/>\n<meta name=\"twitter:site\" content=\"@revistarambla\" \/>\n<meta name=\"twitter:label1\" content=\"Written by\" \/>\n\t<meta name=\"twitter:data1\" content=\"Andr\u00e9s Aznar Siguan\" \/>\n\t<meta name=\"twitter:label2\" content=\"Estimated reading time\" \/>\n\t<meta name=\"twitter:data2\" content=\"13 minutes\" \/>\n<script type=\"application\/ld+json\" class=\"yoast-schema-graph\">{\"@context\":\"https:\\\/\\\/schema.org\",\"@graph\":[{\"@type\":\"Article\",\"@id\":\"https:\\\/\\\/www.revistarambla.com\\\/david-fernandez-las-cup-van-al-parlamento-a-decir-que-se-ha-acabado-el-tiempo-de-las-excusas-los-fraudes-y-la-impunidad-del-poder\\\/#article\",\"isPartOf\":{\"@id\":\"https:\\\/\\\/www.revistarambla.com\\\/david-fernandez-las-cup-van-al-parlamento-a-decir-que-se-ha-acabado-el-tiempo-de-las-excusas-los-fraudes-y-la-impunidad-del-poder\\\/\"},\"author\":{\"name\":\"Andr\u00e9s Aznar Siguan\",\"@id\":\"https:\\\/\\\/www.revistarambla.com\\\/#\\\/schema\\\/person\\\/ebd3a0b3c0ce4d939d1f29a7972db871\"},\"headline\":\"David Fern\u00e0ndez: \u00abV\u00e1mos al Parlament a decir que se han terminado las excusas y la impunidad del poder\u00bb\",\"datePublished\":\"2012-11-06T06:41:49+00:00\",\"dateModified\":\"2021-12-08T16:33:41+00:00\",\"mainEntityOfPage\":{\"@id\":\"https:\\\/\\\/www.revistarambla.com\\\/david-fernandez-las-cup-van-al-parlamento-a-decir-que-se-ha-acabado-el-tiempo-de-las-excusas-los-fraudes-y-la-impunidad-del-poder\\\/\"},\"wordCount\":2943,\"commentCount\":0,\"publisher\":{\"@id\":\"https:\\\/\\\/www.revistarambla.com\\\/#organization\"},\"image\":{\"@id\":\"https:\\\/\\\/www.revistarambla.com\\\/david-fernandez-las-cup-van-al-parlamento-a-decir-que-se-ha-acabado-el-tiempo-de-las-excusas-los-fraudes-y-la-impunidad-del-poder\\\/#primaryimage\"},\"thumbnailUrl\":\"https:\\\/\\\/www.revistarambla.com\\\/wp-content\\\/uploads\\\/2012\\\/11\\\/dani_03.jpg\",\"articleSection\":[\"Actualidad\",\"Catalunya\"],\"inLanguage\":\"en-GB\",\"potentialAction\":[{\"@type\":\"CommentAction\",\"name\":\"Comment\",\"target\":[\"https:\\\/\\\/www.revistarambla.com\\\/david-fernandez-las-cup-van-al-parlamento-a-decir-que-se-ha-acabado-el-tiempo-de-las-excusas-los-fraudes-y-la-impunidad-del-poder\\\/#respond\"]}]},{\"@type\":\"WebPage\",\"@id\":\"https:\\\/\\\/www.revistarambla.com\\\/david-fernandez-las-cup-van-al-parlamento-a-decir-que-se-ha-acabado-el-tiempo-de-las-excusas-los-fraudes-y-la-impunidad-del-poder\\\/\",\"url\":\"https:\\\/\\\/www.revistarambla.com\\\/david-fernandez-las-cup-van-al-parlamento-a-decir-que-se-ha-acabado-el-tiempo-de-las-excusas-los-fraudes-y-la-impunidad-del-poder\\\/\",\"name\":\"David Fern\u00e0ndez: \\\"V\u00e1mos al Parlament a decir que se han terminado las excusas y la impunidad del poder\\\" - Revista Rambla\",\"isPartOf\":{\"@id\":\"https:\\\/\\\/www.revistarambla.com\\\/#website\"},\"primaryImageOfPage\":{\"@id\":\"https:\\\/\\\/www.revistarambla.com\\\/david-fernandez-las-cup-van-al-parlamento-a-decir-que-se-ha-acabado-el-tiempo-de-las-excusas-los-fraudes-y-la-impunidad-del-poder\\\/#primaryimage\"},\"image\":{\"@id\":\"https:\\\/\\\/www.revistarambla.com\\\/david-fernandez-las-cup-van-al-parlamento-a-decir-que-se-ha-acabado-el-tiempo-de-las-excusas-los-fraudes-y-la-impunidad-del-poder\\\/#primaryimage\"},\"thumbnailUrl\":\"https:\\\/\\\/www.revistarambla.com\\\/wp-content\\\/uploads\\\/2012\\\/11\\\/dani_03.jpg\",\"datePublished\":\"2012-11-06T06:41:49+00:00\",\"dateModified\":\"2021-12-08T16:33:41+00:00\",\"breadcrumb\":{\"@id\":\"https:\\\/\\\/www.revistarambla.com\\\/david-fernandez-las-cup-van-al-parlamento-a-decir-que-se-ha-acabado-el-tiempo-de-las-excusas-los-fraudes-y-la-impunidad-del-poder\\\/#breadcrumb\"},\"inLanguage\":\"en-GB\",\"potentialAction\":[{\"@type\":\"ReadAction\",\"target\":[\"https:\\\/\\\/www.revistarambla.com\\\/david-fernandez-las-cup-van-al-parlamento-a-decir-que-se-ha-acabado-el-tiempo-de-las-excusas-los-fraudes-y-la-impunidad-del-poder\\\/\"]}]},{\"@type\":\"ImageObject\",\"inLanguage\":\"en-GB\",\"@id\":\"https:\\\/\\\/www.revistarambla.com\\\/david-fernandez-las-cup-van-al-parlamento-a-decir-que-se-ha-acabado-el-tiempo-de-las-excusas-los-fraudes-y-la-impunidad-del-poder\\\/#primaryimage\",\"url\":\"https:\\\/\\\/www.revistarambla.com\\\/wp-content\\\/uploads\\\/2012\\\/11\\\/dani_03.jpg\",\"contentUrl\":\"https:\\\/\\\/www.revistarambla.com\\\/wp-content\\\/uploads\\\/2012\\\/11\\\/dani_03.jpg\"},{\"@type\":\"BreadcrumbList\",\"@id\":\"https:\\\/\\\/www.revistarambla.com\\\/david-fernandez-las-cup-van-al-parlamento-a-decir-que-se-ha-acabado-el-tiempo-de-las-excusas-los-fraudes-y-la-impunidad-del-poder\\\/#breadcrumb\",\"itemListElement\":[{\"@type\":\"ListItem\",\"position\":1,\"name\":\"Portada\",\"item\":\"https:\\\/\\\/www.revistarambla.com\\\/\"},{\"@type\":\"ListItem\",\"position\":2,\"name\":\"David Fern\u00e0ndez: \u00abV\u00e1mos al Parlament a decir que se han terminado las excusas y la impunidad del poder\u00bb\"}]},{\"@type\":\"WebSite\",\"@id\":\"https:\\\/\\\/www.revistarambla.com\\\/#website\",\"url\":\"https:\\\/\\\/www.revistarambla.com\\\/\",\"name\":\"Revista Rambla Barcelona\",\"description\":\"Periodismo independiente\",\"publisher\":{\"@id\":\"https:\\\/\\\/www.revistarambla.com\\\/#organization\"},\"potentialAction\":[{\"@type\":\"SearchAction\",\"target\":{\"@type\":\"EntryPoint\",\"urlTemplate\":\"https:\\\/\\\/www.revistarambla.com\\\/?s={search_term_string}\"},\"query-input\":{\"@type\":\"PropertyValueSpecification\",\"valueRequired\":true,\"valueName\":\"search_term_string\"}}],\"inLanguage\":\"en-GB\"},{\"@type\":\"Organization\",\"@id\":\"https:\\\/\\\/www.revistarambla.com\\\/#organization\",\"name\":\"Revista Rambla\",\"url\":\"https:\\\/\\\/www.revistarambla.com\\\/\",\"logo\":{\"@type\":\"ImageObject\",\"inLanguage\":\"en-GB\",\"@id\":\"https:\\\/\\\/www.revistarambla.com\\\/#\\\/schema\\\/logo\\\/image\\\/\",\"url\":\"https:\\\/\\\/www.revistarambla.com\\\/wp-content\\\/uploads\\\/2020\\\/09\\\/banner_rambla_1900x600_BB.png\",\"contentUrl\":\"https:\\\/\\\/www.revistarambla.com\\\/wp-content\\\/uploads\\\/2020\\\/09\\\/banner_rambla_1900x600_BB.png\",\"width\":1900,\"height\":600,\"caption\":\"Revista Rambla\"},\"image\":{\"@id\":\"https:\\\/\\\/www.revistarambla.com\\\/#\\\/schema\\\/logo\\\/image\\\/\"},\"sameAs\":[\"https:\\\/\\\/www.facebook.com\\\/revistarambla\\\/\",\"https:\\\/\\\/x.com\\\/revistarambla\",\"https:\\\/\\\/www.instagram.com\\\/revista_rambla\",\"https:\\\/\\\/es.linkedin.com\\\/company\\\/revista-rambla\"]},{\"@type\":\"Person\",\"@id\":\"https:\\\/\\\/www.revistarambla.com\\\/#\\\/schema\\\/person\\\/ebd3a0b3c0ce4d939d1f29a7972db871\",\"name\":\"Andr\u00e9s Aznar Siguan\",\"description\":\"Licenciado en Periodismo y Filosof\u00eda con experiencia en medios de comunicaci\u00f3n tanto en el campo de la redacci\u00f3n como en el de la cobertura audiovisual.\",\"sameAs\":[\"https:\\\/\\\/www.facebook.com\\\/andresaznar3d\\\/\",\"https:\\\/\\\/www.instagram.com\\\/andresaznarsiguan\",\"https:\\\/\\\/www.pinterest.de\\\/aaznarsiguan\\\/\",\"https:\\\/\\\/x.com\\\/andrsaznar\"]}]}<\/script>\n<!-- \/ Yoast SEO plugin. -->","yoast_head_json":{"title":"David Fern\u00e0ndez: \"V\u00e1mos al Parlament a decir que se han terminado las excusas y la impunidad del poder\" - Revista Rambla","robots":{"index":"index","follow":"follow","max-snippet":"max-snippet:-1","max-image-preview":"max-image-preview:large","max-video-preview":"max-video-preview:-1"},"canonical":"https:\/\/www.revistarambla.com\/en\/david-fernandez-las-cup-van-al-parlamento-a-decir-que-se-ha-acabado-el-tiempo-de-las-excusas-los-fraudes-y-la-impunidad-del-poder\/","og_locale":"en_GB","og_type":"article","og_title":"David Fern\u00e0ndez: \"V\u00e1mos al Parlament a decir que se han terminado las excusas y la impunidad del poder\" - Revista Rambla","og_description":"En la \u00faltima d\u00e9cada las Candidaturas de Unidad Popular han experimentado un crecimiento que les ha permitido introducir su proyecto municipalista en varios ayuntamientos de Catalunya. Las \u00faltimas elecciones municipales, en las que la Cup super\u00f3 los 100 regidores, supusieron el punto \u00e1lgido de este proceso. A pesar de rechazar [&hellip;]","og_url":"https:\/\/www.revistarambla.com\/en\/david-fernandez-las-cup-van-al-parlamento-a-decir-que-se-ha-acabado-el-tiempo-de-las-excusas-los-fraudes-y-la-impunidad-del-poder\/","og_site_name":"Revista Rambla","article_publisher":"https:\/\/www.facebook.com\/revistarambla\/","article_author":"https:\/\/www.facebook.com\/andresaznar3d\/","article_published_time":"2012-11-06T06:41:49+00:00","article_modified_time":"2021-12-08T16:33:41+00:00","og_image":[{"width":682,"height":400,"url":"https:\/\/www.revistarambla.com\/wp-content\/uploads\/2012\/11\/dani_01.jpg","type":"image\/jpeg"}],"author":"Andr\u00e9s Aznar Siguan","twitter_card":"summary_large_image","twitter_creator":"@andrsaznar","twitter_site":"@revistarambla","twitter_misc":{"Written by":"Andr\u00e9s Aznar Siguan","Estimated reading time":"13 minutes"},"schema":{"@context":"https:\/\/schema.org","@graph":[{"@type":"Article","@id":"https:\/\/www.revistarambla.com\/david-fernandez-las-cup-van-al-parlamento-a-decir-que-se-ha-acabado-el-tiempo-de-las-excusas-los-fraudes-y-la-impunidad-del-poder\/#article","isPartOf":{"@id":"https:\/\/www.revistarambla.com\/david-fernandez-las-cup-van-al-parlamento-a-decir-que-se-ha-acabado-el-tiempo-de-las-excusas-los-fraudes-y-la-impunidad-del-poder\/"},"author":{"name":"Andr\u00e9s Aznar Siguan","@id":"https:\/\/www.revistarambla.com\/#\/schema\/person\/ebd3a0b3c0ce4d939d1f29a7972db871"},"headline":"David Fern\u00e0ndez: \u00abV\u00e1mos al Parlament a decir que se han terminado las excusas y la impunidad del poder\u00bb","datePublished":"2012-11-06T06:41:49+00:00","dateModified":"2021-12-08T16:33:41+00:00","mainEntityOfPage":{"@id":"https:\/\/www.revistarambla.com\/david-fernandez-las-cup-van-al-parlamento-a-decir-que-se-ha-acabado-el-tiempo-de-las-excusas-los-fraudes-y-la-impunidad-del-poder\/"},"wordCount":2943,"commentCount":0,"publisher":{"@id":"https:\/\/www.revistarambla.com\/#organization"},"image":{"@id":"https:\/\/www.revistarambla.com\/david-fernandez-las-cup-van-al-parlamento-a-decir-que-se-ha-acabado-el-tiempo-de-las-excusas-los-fraudes-y-la-impunidad-del-poder\/#primaryimage"},"thumbnailUrl":"https:\/\/www.revistarambla.com\/wp-content\/uploads\/2012\/11\/dani_03.jpg","articleSection":["Actualidad","Catalunya"],"inLanguage":"en-GB","potentialAction":[{"@type":"CommentAction","name":"Comment","target":["https:\/\/www.revistarambla.com\/david-fernandez-las-cup-van-al-parlamento-a-decir-que-se-ha-acabado-el-tiempo-de-las-excusas-los-fraudes-y-la-impunidad-del-poder\/#respond"]}]},{"@type":"WebPage","@id":"https:\/\/www.revistarambla.com\/david-fernandez-las-cup-van-al-parlamento-a-decir-que-se-ha-acabado-el-tiempo-de-las-excusas-los-fraudes-y-la-impunidad-del-poder\/","url":"https:\/\/www.revistarambla.com\/david-fernandez-las-cup-van-al-parlamento-a-decir-que-se-ha-acabado-el-tiempo-de-las-excusas-los-fraudes-y-la-impunidad-del-poder\/","name":"David Fern\u00e0ndez: \"V\u00e1mos al Parlament a decir que se han terminado las excusas y la impunidad del poder\" - Revista Rambla","isPartOf":{"@id":"https:\/\/www.revistarambla.com\/#website"},"primaryImageOfPage":{"@id":"https:\/\/www.revistarambla.com\/david-fernandez-las-cup-van-al-parlamento-a-decir-que-se-ha-acabado-el-tiempo-de-las-excusas-los-fraudes-y-la-impunidad-del-poder\/#primaryimage"},"image":{"@id":"https:\/\/www.revistarambla.com\/david-fernandez-las-cup-van-al-parlamento-a-decir-que-se-ha-acabado-el-tiempo-de-las-excusas-los-fraudes-y-la-impunidad-del-poder\/#primaryimage"},"thumbnailUrl":"https:\/\/www.revistarambla.com\/wp-content\/uploads\/2012\/11\/dani_03.jpg","datePublished":"2012-11-06T06:41:49+00:00","dateModified":"2021-12-08T16:33:41+00:00","breadcrumb":{"@id":"https:\/\/www.revistarambla.com\/david-fernandez-las-cup-van-al-parlamento-a-decir-que-se-ha-acabado-el-tiempo-de-las-excusas-los-fraudes-y-la-impunidad-del-poder\/#breadcrumb"},"inLanguage":"en-GB","potentialAction":[{"@type":"ReadAction","target":["https:\/\/www.revistarambla.com\/david-fernandez-las-cup-van-al-parlamento-a-decir-que-se-ha-acabado-el-tiempo-de-las-excusas-los-fraudes-y-la-impunidad-del-poder\/"]}]},{"@type":"ImageObject","inLanguage":"en-GB","@id":"https:\/\/www.revistarambla.com\/david-fernandez-las-cup-van-al-parlamento-a-decir-que-se-ha-acabado-el-tiempo-de-las-excusas-los-fraudes-y-la-impunidad-del-poder\/#primaryimage","url":"https:\/\/www.revistarambla.com\/wp-content\/uploads\/2012\/11\/dani_03.jpg","contentUrl":"https:\/\/www.revistarambla.com\/wp-content\/uploads\/2012\/11\/dani_03.jpg"},{"@type":"BreadcrumbList","@id":"https:\/\/www.revistarambla.com\/david-fernandez-las-cup-van-al-parlamento-a-decir-que-se-ha-acabado-el-tiempo-de-las-excusas-los-fraudes-y-la-impunidad-del-poder\/#breadcrumb","itemListElement":[{"@type":"ListItem","position":1,"name":"Portada","item":"https:\/\/www.revistarambla.com\/"},{"@type":"ListItem","position":2,"name":"David Fern\u00e0ndez: \u00abV\u00e1mos al Parlament a decir que se han terminado las excusas y la impunidad del poder\u00bb"}]},{"@type":"WebSite","@id":"https:\/\/www.revistarambla.com\/#website","url":"https:\/\/www.revistarambla.com\/","name":"Revista Rambla Barcelona","description":"Periodismo independiente","publisher":{"@id":"https:\/\/www.revistarambla.com\/#organization"},"potentialAction":[{"@type":"SearchAction","target":{"@type":"EntryPoint","urlTemplate":"https:\/\/www.revistarambla.com\/?s={search_term_string}"},"query-input":{"@type":"PropertyValueSpecification","valueRequired":true,"valueName":"search_term_string"}}],"inLanguage":"en-GB"},{"@type":"Organization","@id":"https:\/\/www.revistarambla.com\/#organization","name":"Revista Rambla","url":"https:\/\/www.revistarambla.com\/","logo":{"@type":"ImageObject","inLanguage":"en-GB","@id":"https:\/\/www.revistarambla.com\/#\/schema\/logo\/image\/","url":"https:\/\/www.revistarambla.com\/wp-content\/uploads\/2020\/09\/banner_rambla_1900x600_BB.png","contentUrl":"https:\/\/www.revistarambla.com\/wp-content\/uploads\/2020\/09\/banner_rambla_1900x600_BB.png","width":1900,"height":600,"caption":"Revista Rambla"},"image":{"@id":"https:\/\/www.revistarambla.com\/#\/schema\/logo\/image\/"},"sameAs":["https:\/\/www.facebook.com\/revistarambla\/","https:\/\/x.com\/revistarambla","https:\/\/www.instagram.com\/revista_rambla","https:\/\/es.linkedin.com\/company\/revista-rambla"]},{"@type":"Person","@id":"https:\/\/www.revistarambla.com\/#\/schema\/person\/ebd3a0b3c0ce4d939d1f29a7972db871","name":"Andr\u00e9s Aznar Siguan","description":"Licenciado en Periodismo y Filosof\u00eda con experiencia en medios de comunicaci\u00f3n tanto en el campo de la redacci\u00f3n como en el de la cobertura audiovisual.","sameAs":["https:\/\/www.facebook.com\/andresaznar3d\/","https:\/\/www.instagram.com\/andresaznarsiguan","https:\/\/www.pinterest.de\/aaznarsiguan\/","https:\/\/x.com\/andrsaznar"]}]}},"_links":{"self":[{"href":"https:\/\/www.revistarambla.com\/en\/wp-json\/wp\/v2\/posts\/2431","targetHints":{"allow":["GET"]}}],"collection":[{"href":"https:\/\/www.revistarambla.com\/en\/wp-json\/wp\/v2\/posts"}],"about":[{"href":"https:\/\/www.revistarambla.com\/en\/wp-json\/wp\/v2\/types\/post"}],"author":[{"embeddable":true,"href":"https:\/\/www.revistarambla.com\/en\/wp-json\/wp\/v2\/users\/35"}],"replies":[{"embeddable":true,"href":"https:\/\/www.revistarambla.com\/en\/wp-json\/wp\/v2\/comments?post=2431"}],"version-history":[{"count":0,"href":"https:\/\/www.revistarambla.com\/en\/wp-json\/wp\/v2\/posts\/2431\/revisions"}],"wp:attachment":[{"href":"https:\/\/www.revistarambla.com\/en\/wp-json\/wp\/v2\/media?parent=2431"}],"wp:term":[{"taxonomy":"category","embeddable":true,"href":"https:\/\/www.revistarambla.com\/en\/wp-json\/wp\/v2\/categories?post=2431"},{"taxonomy":"post_tag","embeddable":true,"href":"https:\/\/www.revistarambla.com\/en\/wp-json\/wp\/v2\/tags?post=2431"}],"curies":[{"name":"wp","href":"https:\/\/api.w.org\/{rel}","templated":true}]}}