{"id":2426,"date":"2012-11-05T16:06:51","date_gmt":"2012-11-05T15:06:51","guid":{"rendered":"https:\/\/www.revistarambla.com\/la-guerra-del-arte-frente-a-la-tormenta-perfecta\/"},"modified":"2022-10-21T17:40:29","modified_gmt":"2022-10-21T15:40:29","slug":"la-guerra-del-arte-frente-a-la-tormenta-perfecta","status":"publish","type":"post","link":"https:\/\/www.revistarambla.com\/en\/la-guerra-del-arte-frente-a-la-tormenta-perfecta\/","title":{"rendered":"La guerra del arte frente a la tormenta perfecta"},"content":{"rendered":"<figure style=\"width: 550px\" class=\"wp-caption aligncenter\"><img decoding=\"async\" src=\"https:\/\/www.revistarambla.com\/wp-content\/uploads\/2012\/11\/Tormenta.jpg\" alt=\"alt\" width=\"550\" height=\"198\" \/><figcaption class=\"wp-caption-text\">Ilustra Evelio G\u00f3mez.<\/figcaption><\/figure>\n<p>La furia meteorol\u00f3gica del hurac\u00e1n Sandy compite estos d\u00edas en Nueva York con el implacable vendaval de las malas noticias que, como nos recuerda Naomi Klein, pone de manifiesto la interesada inclinaci\u00f3n por la cat\u00e1strofe del capitalismo real. Una l\u00f3gica apocal\u00edptica que explica el entusiasmo con que los informativos reciben la llegada de la cat\u00e1strofe rutinaria, la dosis diaria de sufrimiento \u00a0en estado puro, sin necesidad de ocultar para explicar la desgracia ning\u00fan acuerdo de alg\u00fan consejo de administraci\u00f3n. Es as\u00ed como los cuatro elementos naturales se transforman en estrellas medi\u00e1ticas: la tierra, mort\u00edfero fango capaz de engullir barriadas enteras; el agua, agigantada en un tsunami hambriento de paup\u00e9rrimas aldeas; el aire, irrumpiendo con el aliento letal de los ciclones. Y por encima de todos: el fuego. \u00cdgneo elemento sagrado, llama purificadora que calcina las abigarradas favelas de S\u00e3o Paulo bajo la atenta mirada de los agentes inmobiliarios.<\/p>\n<p>Tal vez, esta irresistible atracci\u00f3n que despierta el fuego fue la que llevo a Antonio Manfredi, responsable del napolitano Museo de Arte Contempor\u00e1neo de Casoria, a elegir precisamente este elemento para reducir a cenizas una pintura del franc\u00e9s S\u00e9verine Bourguignon. \u00a0Protestaba\u00a0 as\u00ed por los recortes de las ayudas p\u00fablicas, y la extravagante historia de este hombre que quemaba los fondos de su museo logr\u00f3 hacerse un hueco entra las curiosidades medi\u00e1ticas de la crisis. Era la desesperaci\u00f3n de la Europa del sur condenada a purgar con fuego su irresponsable hedonismo, frente al pragmatismo luterano encarnado por \u00c1ngela Merkel, a quien el propio Manfredi suplicaba asilo cultural en una carta. O al menos esa era la metaf\u00f3rica visi\u00f3n que se quiso trasladar a las audiencias.<\/p>\n<p>Porque, en realidad, lo que Antonio Manfredi pretend\u00eda era promover una revoluci\u00f3n cultural, una Guerra del Arte como respuesta a las desigualdades sociales y culturales provocadas por el mercado, denunciar la precarizaci\u00f3n de la vida o la transformaci\u00f3n del hecho art\u00edstico en un mero plan de merchandising que reduce la vivencia cultural a una lucrativa propuesta de museo Ikea.\u00a0 Obviamente, su notoriedad dur\u00f3 poco y ninguno de sus manifiestos fue recogido por la prensa. La oportuna fugacidad de los titulares arrastr\u00f3\u00a0 el activismo art\u00edstico de Manfredi \u00a0por los torbellinos de la prima de riesgo, los debates entre Barak Obama y Mitt<\/p>\n<p>Roney, el juicio a la Pantoja, los desvar\u00edos del rey o la \u00faltima ocurrencia de Jos\u00e9 Ignacio Wert.<\/p>\n<p>Por eso tampoco estos d\u00edas ning\u00fan peri\u00f3dico recoge entre sus informaciones la curiosa inversi\u00f3n de protagonistas que se ha producido en esta historia. Y es que desde el 26 de octubre el peque\u00f1o museo de Manfredi se ha convertido en refugio para un grupo de creadores \u00a0alemanes empujados al exilio. Se trata del colectivo que impulsaba en pleno coraz\u00f3n de Berl\u00edn la peque\u00f1a galer\u00eda Tacheles, hasta que el pasado \u00a0septiembre el espacio \u00a0fue clausurado. Su ausencia ser\u00e1 ocupada por un centro comercial.<\/p>\n<p>Fue, sin duda, un episodio intranscendente para merecer la atenci\u00f3n de los informativos, demasiado ocupados en encontrar la aparatosa toma de un volc\u00e1n en erupci\u00f3n que sustituya las im\u00e1genes de la \u00faltima inundaci\u00f3n que sucedi\u00f3 al anterior incendio. Tal vez por ello, mientras los jefes de informativos siguen pendiente del \u00faltimo parte meteorol\u00f3gico, fuera de c\u00e1mara los br\u00f3keres m\u00e1s aventureros sacan lustre a sus tablas de surf para disfrutar con las olas de una crisis concebida a la medida de sus necesidades, hecha con \u00a0los perfiles precisos de una tormenta perfecta.<\/p>","protected":false},"excerpt":{"rendered":"<p>La furia meteorol\u00f3gica del hurac\u00e1n Sandy compite estos d\u00edas en Nueva York con el implacable vendaval de las malas noticias que, como nos recuerda Naomi Klein, pone de manifiesto la interesada inclinaci\u00f3n por la cat\u00e1strofe del capitalismo real. Una l\u00f3gica apocal\u00edptica que explica el entusiasmo con que los informativos reciben [&hellip;]<\/p>\n","protected":false},"author":325,"featured_media":0,"comment_status":"open","ping_status":"open","sticky":false,"template":"","format":"standard","meta":{"footnotes":""},"categories":[72],"tags":[],"class_list":["post-2426","post","type-post","status-publish","format-standard","hentry","category-opinion"],"yoast_head":"<!-- This site is optimized with the Yoast SEO plugin v27.5 - https:\/\/yoast.com\/product\/yoast-seo-wordpress\/ -->\n<title>La guerra del arte frente a la tormenta perfecta - Revista Rambla<\/title>\n<meta name=\"robots\" content=\"index, follow, max-snippet:-1, max-image-preview:large, max-video-preview:-1\" \/>\n<link rel=\"canonical\" href=\"https:\/\/www.revistarambla.com\/en\/la-guerra-del-arte-frente-a-la-tormenta-perfecta\/\" \/>\n<meta property=\"og:locale\" content=\"en_GB\" \/>\n<meta property=\"og:type\" content=\"article\" \/>\n<meta property=\"og:title\" content=\"La guerra del arte frente a la tormenta perfecta - Revista Rambla\" \/>\n<meta property=\"og:description\" content=\"La furia meteorol\u00f3gica del hurac\u00e1n Sandy compite estos d\u00edas en Nueva York con el implacable vendaval de las malas noticias que, como nos recuerda Naomi Klein, pone de manifiesto la interesada inclinaci\u00f3n por la cat\u00e1strofe del capitalismo real. Una l\u00f3gica apocal\u00edptica que explica el entusiasmo con que los informativos reciben [&hellip;]\" \/>\n<meta property=\"og:url\" content=\"https:\/\/www.revistarambla.com\/en\/la-guerra-del-arte-frente-a-la-tormenta-perfecta\/\" \/>\n<meta property=\"og:site_name\" content=\"Revista Rambla\" \/>\n<meta property=\"article:publisher\" content=\"https:\/\/www.facebook.com\/revistarambla\/\" \/>\n<meta property=\"article:author\" content=\"https:\/\/www.facebook.com\/josemanuelrambla\/\" \/>\n<meta property=\"article:published_time\" content=\"2012-11-05T15:06:51+00:00\" \/>\n<meta property=\"article:modified_time\" content=\"2022-10-21T15:40:29+00:00\" \/>\n<meta property=\"og:image\" content=\"https:\/\/www.revistarambla.com\/wp-content\/uploads\/2012\/11\/Tormenta_01.jpg\" \/>\n\t<meta property=\"og:image:width\" content=\"682\" \/>\n\t<meta property=\"og:image:height\" content=\"400\" \/>\n\t<meta property=\"og:image:type\" content=\"image\/jpeg\" \/>\n<meta name=\"author\" content=\"Jos\u00e9 Manuel Rambla\" \/>\n<meta name=\"twitter:card\" content=\"summary_large_image\" \/>\n<meta name=\"twitter:creator\" content=\"@jmrambla\" \/>\n<meta name=\"twitter:site\" content=\"@revistarambla\" \/>\n<meta name=\"twitter:label1\" content=\"Written by\" \/>\n\t<meta name=\"twitter:data1\" content=\"Jos\u00e9 Manuel Rambla\" \/>\n\t<meta name=\"twitter:label2\" content=\"Estimated reading time\" \/>\n\t<meta name=\"twitter:data2\" content=\"3 minutes\" \/>\n<script type=\"application\/ld+json\" class=\"yoast-schema-graph\">{\"@context\":\"https:\\\/\\\/schema.org\",\"@graph\":[{\"@type\":\"Article\",\"@id\":\"https:\\\/\\\/www.revistarambla.com\\\/la-guerra-del-arte-frente-a-la-tormenta-perfecta\\\/#article\",\"isPartOf\":{\"@id\":\"https:\\\/\\\/www.revistarambla.com\\\/la-guerra-del-arte-frente-a-la-tormenta-perfecta\\\/\"},\"author\":{\"name\":\"Jos\u00e9 Manuel Rambla\",\"@id\":\"https:\\\/\\\/www.revistarambla.com\\\/#\\\/schema\\\/person\\\/f8e404c0293434eaf6a60da08d1123e3\"},\"headline\":\"La guerra del arte frente a la tormenta perfecta\",\"datePublished\":\"2012-11-05T15:06:51+00:00\",\"dateModified\":\"2022-10-21T15:40:29+00:00\",\"mainEntityOfPage\":{\"@id\":\"https:\\\/\\\/www.revistarambla.com\\\/la-guerra-del-arte-frente-a-la-tormenta-perfecta\\\/\"},\"wordCount\":631,\"commentCount\":0,\"publisher\":{\"@id\":\"https:\\\/\\\/www.revistarambla.com\\\/#organization\"},\"image\":{\"@id\":\"https:\\\/\\\/www.revistarambla.com\\\/la-guerra-del-arte-frente-a-la-tormenta-perfecta\\\/#primaryimage\"},\"thumbnailUrl\":\"https:\\\/\\\/www.revistarambla.com\\\/wp-content\\\/uploads\\\/2012\\\/11\\\/Tormenta.jpg\",\"articleSection\":[\"Opiniones\"],\"inLanguage\":\"en-GB\",\"potentialAction\":[{\"@type\":\"CommentAction\",\"name\":\"Comment\",\"target\":[\"https:\\\/\\\/www.revistarambla.com\\\/la-guerra-del-arte-frente-a-la-tormenta-perfecta\\\/#respond\"]}]},{\"@type\":\"WebPage\",\"@id\":\"https:\\\/\\\/www.revistarambla.com\\\/la-guerra-del-arte-frente-a-la-tormenta-perfecta\\\/\",\"url\":\"https:\\\/\\\/www.revistarambla.com\\\/la-guerra-del-arte-frente-a-la-tormenta-perfecta\\\/\",\"name\":\"La guerra del arte frente a la tormenta perfecta - Revista Rambla\",\"isPartOf\":{\"@id\":\"https:\\\/\\\/www.revistarambla.com\\\/#website\"},\"primaryImageOfPage\":{\"@id\":\"https:\\\/\\\/www.revistarambla.com\\\/la-guerra-del-arte-frente-a-la-tormenta-perfecta\\\/#primaryimage\"},\"image\":{\"@id\":\"https:\\\/\\\/www.revistarambla.com\\\/la-guerra-del-arte-frente-a-la-tormenta-perfecta\\\/#primaryimage\"},\"thumbnailUrl\":\"https:\\\/\\\/www.revistarambla.com\\\/wp-content\\\/uploads\\\/2012\\\/11\\\/Tormenta.jpg\",\"datePublished\":\"2012-11-05T15:06:51+00:00\",\"dateModified\":\"2022-10-21T15:40:29+00:00\",\"breadcrumb\":{\"@id\":\"https:\\\/\\\/www.revistarambla.com\\\/la-guerra-del-arte-frente-a-la-tormenta-perfecta\\\/#breadcrumb\"},\"inLanguage\":\"en-GB\",\"potentialAction\":[{\"@type\":\"ReadAction\",\"target\":[\"https:\\\/\\\/www.revistarambla.com\\\/la-guerra-del-arte-frente-a-la-tormenta-perfecta\\\/\"]}]},{\"@type\":\"ImageObject\",\"inLanguage\":\"en-GB\",\"@id\":\"https:\\\/\\\/www.revistarambla.com\\\/la-guerra-del-arte-frente-a-la-tormenta-perfecta\\\/#primaryimage\",\"url\":\"https:\\\/\\\/www.revistarambla.com\\\/wp-content\\\/uploads\\\/2012\\\/11\\\/Tormenta.jpg\",\"contentUrl\":\"https:\\\/\\\/www.revistarambla.com\\\/wp-content\\\/uploads\\\/2012\\\/11\\\/Tormenta.jpg\"},{\"@type\":\"BreadcrumbList\",\"@id\":\"https:\\\/\\\/www.revistarambla.com\\\/la-guerra-del-arte-frente-a-la-tormenta-perfecta\\\/#breadcrumb\",\"itemListElement\":[{\"@type\":\"ListItem\",\"position\":1,\"name\":\"Portada\",\"item\":\"https:\\\/\\\/www.revistarambla.com\\\/\"},{\"@type\":\"ListItem\",\"position\":2,\"name\":\"La guerra del arte frente a la tormenta perfecta\"}]},{\"@type\":\"WebSite\",\"@id\":\"https:\\\/\\\/www.revistarambla.com\\\/#website\",\"url\":\"https:\\\/\\\/www.revistarambla.com\\\/\",\"name\":\"Revista Rambla Barcelona\",\"description\":\"Periodismo independiente\",\"publisher\":{\"@id\":\"https:\\\/\\\/www.revistarambla.com\\\/#organization\"},\"potentialAction\":[{\"@type\":\"SearchAction\",\"target\":{\"@type\":\"EntryPoint\",\"urlTemplate\":\"https:\\\/\\\/www.revistarambla.com\\\/?s={search_term_string}\"},\"query-input\":{\"@type\":\"PropertyValueSpecification\",\"valueRequired\":true,\"valueName\":\"search_term_string\"}}],\"inLanguage\":\"en-GB\"},{\"@type\":\"Organization\",\"@id\":\"https:\\\/\\\/www.revistarambla.com\\\/#organization\",\"name\":\"Revista Rambla\",\"url\":\"https:\\\/\\\/www.revistarambla.com\\\/\",\"logo\":{\"@type\":\"ImageObject\",\"inLanguage\":\"en-GB\",\"@id\":\"https:\\\/\\\/www.revistarambla.com\\\/#\\\/schema\\\/logo\\\/image\\\/\",\"url\":\"https:\\\/\\\/www.revistarambla.com\\\/wp-content\\\/uploads\\\/2020\\\/09\\\/banner_rambla_1900x600_BB.png\",\"contentUrl\":\"https:\\\/\\\/www.revistarambla.com\\\/wp-content\\\/uploads\\\/2020\\\/09\\\/banner_rambla_1900x600_BB.png\",\"width\":1900,\"height\":600,\"caption\":\"Revista Rambla\"},\"image\":{\"@id\":\"https:\\\/\\\/www.revistarambla.com\\\/#\\\/schema\\\/logo\\\/image\\\/\"},\"sameAs\":[\"https:\\\/\\\/www.facebook.com\\\/revistarambla\\\/\",\"https:\\\/\\\/x.com\\\/revistarambla\",\"https:\\\/\\\/www.instagram.com\\\/revista_rambla\",\"https:\\\/\\\/es.linkedin.com\\\/company\\\/revista-rambla\"]},{\"@type\":\"Person\",\"@id\":\"https:\\\/\\\/www.revistarambla.com\\\/#\\\/schema\\\/person\\\/f8e404c0293434eaf6a60da08d1123e3\",\"name\":\"Jos\u00e9 Manuel Rambla\",\"description\":\"Periodista cultural y columnista.\",\"sameAs\":[\"https:\\\/\\\/aesteladodelparaiso.com\\\/\",\"https:\\\/\\\/www.facebook.com\\\/josemanuelrambla\\\/\",\"https:\\\/\\\/x.com\\\/jmrambla\"]}]}<\/script>\n<!-- \/ Yoast SEO plugin. -->","yoast_head_json":{"title":"La guerra del arte frente a la tormenta perfecta - Revista Rambla","robots":{"index":"index","follow":"follow","max-snippet":"max-snippet:-1","max-image-preview":"max-image-preview:large","max-video-preview":"max-video-preview:-1"},"canonical":"https:\/\/www.revistarambla.com\/en\/la-guerra-del-arte-frente-a-la-tormenta-perfecta\/","og_locale":"en_GB","og_type":"article","og_title":"La guerra del arte frente a la tormenta perfecta - Revista Rambla","og_description":"La furia meteorol\u00f3gica del hurac\u00e1n Sandy compite estos d\u00edas en Nueva York con el implacable vendaval de las malas noticias que, como nos recuerda Naomi Klein, pone de manifiesto la interesada inclinaci\u00f3n por la cat\u00e1strofe del capitalismo real. Una l\u00f3gica apocal\u00edptica que explica el entusiasmo con que los informativos reciben [&hellip;]","og_url":"https:\/\/www.revistarambla.com\/en\/la-guerra-del-arte-frente-a-la-tormenta-perfecta\/","og_site_name":"Revista Rambla","article_publisher":"https:\/\/www.facebook.com\/revistarambla\/","article_author":"https:\/\/www.facebook.com\/josemanuelrambla\/","article_published_time":"2012-11-05T15:06:51+00:00","article_modified_time":"2022-10-21T15:40:29+00:00","og_image":[{"width":682,"height":400,"url":"https:\/\/www.revistarambla.com\/wp-content\/uploads\/2012\/11\/Tormenta_01.jpg","type":"image\/jpeg"}],"author":"Jos\u00e9 Manuel Rambla","twitter_card":"summary_large_image","twitter_creator":"@jmrambla","twitter_site":"@revistarambla","twitter_misc":{"Written by":"Jos\u00e9 Manuel Rambla","Estimated reading time":"3 minutes"},"schema":{"@context":"https:\/\/schema.org","@graph":[{"@type":"Article","@id":"https:\/\/www.revistarambla.com\/la-guerra-del-arte-frente-a-la-tormenta-perfecta\/#article","isPartOf":{"@id":"https:\/\/www.revistarambla.com\/la-guerra-del-arte-frente-a-la-tormenta-perfecta\/"},"author":{"name":"Jos\u00e9 Manuel Rambla","@id":"https:\/\/www.revistarambla.com\/#\/schema\/person\/f8e404c0293434eaf6a60da08d1123e3"},"headline":"La guerra del arte frente a la tormenta perfecta","datePublished":"2012-11-05T15:06:51+00:00","dateModified":"2022-10-21T15:40:29+00:00","mainEntityOfPage":{"@id":"https:\/\/www.revistarambla.com\/la-guerra-del-arte-frente-a-la-tormenta-perfecta\/"},"wordCount":631,"commentCount":0,"publisher":{"@id":"https:\/\/www.revistarambla.com\/#organization"},"image":{"@id":"https:\/\/www.revistarambla.com\/la-guerra-del-arte-frente-a-la-tormenta-perfecta\/#primaryimage"},"thumbnailUrl":"https:\/\/www.revistarambla.com\/wp-content\/uploads\/2012\/11\/Tormenta.jpg","articleSection":["Opiniones"],"inLanguage":"en-GB","potentialAction":[{"@type":"CommentAction","name":"Comment","target":["https:\/\/www.revistarambla.com\/la-guerra-del-arte-frente-a-la-tormenta-perfecta\/#respond"]}]},{"@type":"WebPage","@id":"https:\/\/www.revistarambla.com\/la-guerra-del-arte-frente-a-la-tormenta-perfecta\/","url":"https:\/\/www.revistarambla.com\/la-guerra-del-arte-frente-a-la-tormenta-perfecta\/","name":"La guerra del arte frente a la tormenta perfecta - Revista Rambla","isPartOf":{"@id":"https:\/\/www.revistarambla.com\/#website"},"primaryImageOfPage":{"@id":"https:\/\/www.revistarambla.com\/la-guerra-del-arte-frente-a-la-tormenta-perfecta\/#primaryimage"},"image":{"@id":"https:\/\/www.revistarambla.com\/la-guerra-del-arte-frente-a-la-tormenta-perfecta\/#primaryimage"},"thumbnailUrl":"https:\/\/www.revistarambla.com\/wp-content\/uploads\/2012\/11\/Tormenta.jpg","datePublished":"2012-11-05T15:06:51+00:00","dateModified":"2022-10-21T15:40:29+00:00","breadcrumb":{"@id":"https:\/\/www.revistarambla.com\/la-guerra-del-arte-frente-a-la-tormenta-perfecta\/#breadcrumb"},"inLanguage":"en-GB","potentialAction":[{"@type":"ReadAction","target":["https:\/\/www.revistarambla.com\/la-guerra-del-arte-frente-a-la-tormenta-perfecta\/"]}]},{"@type":"ImageObject","inLanguage":"en-GB","@id":"https:\/\/www.revistarambla.com\/la-guerra-del-arte-frente-a-la-tormenta-perfecta\/#primaryimage","url":"https:\/\/www.revistarambla.com\/wp-content\/uploads\/2012\/11\/Tormenta.jpg","contentUrl":"https:\/\/www.revistarambla.com\/wp-content\/uploads\/2012\/11\/Tormenta.jpg"},{"@type":"BreadcrumbList","@id":"https:\/\/www.revistarambla.com\/la-guerra-del-arte-frente-a-la-tormenta-perfecta\/#breadcrumb","itemListElement":[{"@type":"ListItem","position":1,"name":"Portada","item":"https:\/\/www.revistarambla.com\/"},{"@type":"ListItem","position":2,"name":"La guerra del arte frente a la tormenta perfecta"}]},{"@type":"WebSite","@id":"https:\/\/www.revistarambla.com\/#website","url":"https:\/\/www.revistarambla.com\/","name":"Revista Rambla Barcelona","description":"Periodismo independiente","publisher":{"@id":"https:\/\/www.revistarambla.com\/#organization"},"potentialAction":[{"@type":"SearchAction","target":{"@type":"EntryPoint","urlTemplate":"https:\/\/www.revistarambla.com\/?s={search_term_string}"},"query-input":{"@type":"PropertyValueSpecification","valueRequired":true,"valueName":"search_term_string"}}],"inLanguage":"en-GB"},{"@type":"Organization","@id":"https:\/\/www.revistarambla.com\/#organization","name":"Revista Rambla","url":"https:\/\/www.revistarambla.com\/","logo":{"@type":"ImageObject","inLanguage":"en-GB","@id":"https:\/\/www.revistarambla.com\/#\/schema\/logo\/image\/","url":"https:\/\/www.revistarambla.com\/wp-content\/uploads\/2020\/09\/banner_rambla_1900x600_BB.png","contentUrl":"https:\/\/www.revistarambla.com\/wp-content\/uploads\/2020\/09\/banner_rambla_1900x600_BB.png","width":1900,"height":600,"caption":"Revista Rambla"},"image":{"@id":"https:\/\/www.revistarambla.com\/#\/schema\/logo\/image\/"},"sameAs":["https:\/\/www.facebook.com\/revistarambla\/","https:\/\/x.com\/revistarambla","https:\/\/www.instagram.com\/revista_rambla","https:\/\/es.linkedin.com\/company\/revista-rambla"]},{"@type":"Person","@id":"https:\/\/www.revistarambla.com\/#\/schema\/person\/f8e404c0293434eaf6a60da08d1123e3","name":"Jos\u00e9 Manuel Rambla","description":"Periodista cultural y columnista.","sameAs":["https:\/\/aesteladodelparaiso.com\/","https:\/\/www.facebook.com\/josemanuelrambla\/","https:\/\/x.com\/jmrambla"]}]}},"_links":{"self":[{"href":"https:\/\/www.revistarambla.com\/en\/wp-json\/wp\/v2\/posts\/2426","targetHints":{"allow":["GET"]}}],"collection":[{"href":"https:\/\/www.revistarambla.com\/en\/wp-json\/wp\/v2\/posts"}],"about":[{"href":"https:\/\/www.revistarambla.com\/en\/wp-json\/wp\/v2\/types\/post"}],"author":[{"embeddable":true,"href":"https:\/\/www.revistarambla.com\/en\/wp-json\/wp\/v2\/users\/325"}],"replies":[{"embeddable":true,"href":"https:\/\/www.revistarambla.com\/en\/wp-json\/wp\/v2\/comments?post=2426"}],"version-history":[{"count":1,"href":"https:\/\/www.revistarambla.com\/en\/wp-json\/wp\/v2\/posts\/2426\/revisions"}],"predecessor-version":[{"id":48311,"href":"https:\/\/www.revistarambla.com\/en\/wp-json\/wp\/v2\/posts\/2426\/revisions\/48311"}],"wp:attachment":[{"href":"https:\/\/www.revistarambla.com\/en\/wp-json\/wp\/v2\/media?parent=2426"}],"wp:term":[{"taxonomy":"category","embeddable":true,"href":"https:\/\/www.revistarambla.com\/en\/wp-json\/wp\/v2\/categories?post=2426"},{"taxonomy":"post_tag","embeddable":true,"href":"https:\/\/www.revistarambla.com\/en\/wp-json\/wp\/v2\/tags?post=2426"}],"curies":[{"name":"wp","href":"https:\/\/api.w.org\/{rel}","templated":true}]}}