{"id":241,"date":"2010-08-03T14:52:35","date_gmt":"2010-08-03T12:52:35","guid":{"rendered":"https:\/\/www.revistarambla.com\/las-claudicaciones-de-la-izquierda\/"},"modified":"2021-12-28T19:36:22","modified_gmt":"2021-12-28T18:36:22","slug":"las-claudicaciones-de-la-izquierda","status":"publish","type":"post","link":"https:\/\/www.revistarambla.com\/en\/las-claudicaciones-de-la-izquierda\/","title":{"rendered":"Las claudicaciones de la izquierda"},"content":{"rendered":"<p style=\"text-align: left;\">Pocas cosas en el mundo actual me parecen tan sorprendentes como la contradicci\u00f3n interna que la pol\u00edtica abriga. Por una parte, el manifiesto fracaso del capitalismo para resolver los graves problemas sociales de la humanidad y, por otra, la creciente ceguera para percibir este fracaso y reaccionar ante \u00e9l. \u00bfEs la que denunciaba Saramago en su l\u00facido \u201cEnsayo sobre la ceguera\u201d? Y en esta ceguera se mueve a tientas una izquierda, que ha perdido el vigor de sus grandes convicciones, aquellas con que se ergu\u00eda anunciando la posibilidad de un mundo mejor.<\/p>\n<p style=\"text-align: left;\">Cuando me he referido al \u201cfracaso\u201d del capitalismo no alud\u00eda, ciertamente, a sus beneficiarios. El orden actual, con toda su injusticia,\u00a0 constituye un enorme \u00e9xito que corona triunfalmente sus luchas, especialmente virulentas desde los ochenta, bajo la direcci\u00f3n de la\u00a0 trinidad Reagan, Thatcher, Woytula.\u00a0 Ni pienso s\u00f3lo en la actual crisis mundial. Las peri\u00f3dicas crisis forman parte de la din\u00e1mica del capitalismo, como ya vi\u00f3 Marx.<\/p>\n<p style=\"text-align: left;\">Pensaba en el panorama desolador, que, en medio de un enorme desarrollo cient\u00edfico y t\u00e9cnico, se extiende ante nuestros ojos, cuando contemplamos la\u00a0 sociedad planetaria, con los mil millones de seres humanos que sufren el flagelo del hambre, en el Tercer Mundo,\u00a0 y en las bolsas de miseria del Primero, y\u00a0 con muchos m\u00e1s que llevan una vida inhumana. Y que, cuando tratan de huir de la miseria, se encuentran con los muros levantados por el primer Mundo. Todo ello mientras no faltan alimentos, sino las medidas que, permitan desarrollar su producci\u00f3n y distribuci\u00f3n, obstaculizadas por los interese de las multinacionales. Hace ya a\u00f1os Ren\u00e9 Lenoir lo documentaba en su l\u00facido libro \u201cLe Tiers Monde peut se nourrir\u201d. Y Susan George explicaba que la ra\u00edz\u00a0 del hambre mundial no se encuentra sino en el precio especulativo de los alimentos. Hoy el Primer Mundo, m\u00e1s preocupado por el funcionamiento de sus veh\u00edculos que por el hambre, ha descubierto los biocombustibles. Pero, como recientemente explicaba Ziegler, con la cantidad de maiz que es precisa para llenar el dep\u00f3sito de un coche se podr\u00eda alimentar, durante un a\u00f1o, no a la \u201cni\u00f1a de Rajoy\u201d, pero si a un ni\u00f1o o ni\u00f1a mejicanos.<\/p>\n<p style=\"text-align: left;\">Y pensaba en los hirientes contrastes que en el mundo industrial se dan entre las clases sociales. Seg\u00fan el economista Stiglitz \u201c a finales del siglo XX\u00a0 el n\u00famero de pobres aument\u00f3 en cien millones, al mismo tiempo que la renta mundial total crec\u00eda seg\u00fan un promedio del 2,5 \u201d Todo un fracaso del devotamente cantado desarrollo, que obliga a pensar m\u00e1s all\u00e1 de los lugares comunes que se han impuesto a las mentes. Porque a la incapacidad para contemplar la realidad se une la asunci\u00f3n de los m\u00e1s viejos t\u00f3picos de la derecha, triunfantemente lanzados por los beneficiarios del actual orden, y asimilados por pol\u00edticos y pensadores que se consideran progresistas y por las resignadas multitudes, incapaces de luchar por una sociedad mejor. Recordando el concepto de hegemon\u00eda ideol\u00f3gica de Gramsci hemos de reconocer que la derecha se ha impuesto en este terreno de combate, del cual es preciso desplazarla.<\/p>\n<p style=\"text-align: left;\">El primero y decisivo de estos victoriosos t\u00f3picos es la afirmaci\u00f3n de\u00a0 que no existe m\u00e1s manera de organizar la vida econ\u00f3mica y social, que la representada por el capitalismo. Incluso mentes tan cr\u00edticas y documentadas, como la de Vidal Beneyto mantienen que no cabe otra posibilidad sino escoger entre las diversas formas del capitalismo, representadas por Europa,\u00a0 por los EEUU y por China, pronunci\u00e1ndose a favor del modelo europeo. Pero en la realidad de la Uni\u00f3n Europea se acusa un creciente deterioro de los avances con que la socialdemocracia, aun sin tratar de eliminar el capitalismo, pretend\u00eda hacerlo algo m\u00e1s habitable, mediante medidas sociales de protecci\u00f3n a los m\u00e1s desfavorecidos. Un exponente de ello es la propuesta de la jornada de sesenta y cinco horas. En que culmina la agresi\u00f3n a los trabajadores que Lidia Falc\u00f3n ya expon\u00eda l\u00facidamente en su libro, \u201cProletarios del mundo rend\u00edos\u201d<\/p>\n<p style=\"text-align: left;\">Hoy d\u00eda nuestro Presidente del Gobierno Central ha declarado que no piensa tomar ninguna medida que suponga una intervenci\u00f3n en el mercado. La idea de que el mercado est\u00e1 gobernado por un mano m\u00e1gica que produce el universal beneficio es otro de los grandes t\u00f3picos difundidos por la derecha que falsean la realidad. Ya hace muchos a\u00f1os Einaudi demostr\u00f3 como los oligopolios dominaban el espacio mercantil y ,en nuestros d\u00edas, cada ma\u00f1ana nos sorprende la noticia de una fusi\u00f3n de grandes empresas, llamadas a aumentar a nuestra costa sus beneficios, imponi\u00e9ndose en el mercado.<\/p>\n<p style=\"text-align: left;\">La libertad que la Revoluci\u00f3n Francesa reclamaba para el ciudadano, y Olimpia de Gouges exig\u00eda para la ciudadana, la que Marx vindicaba cuando afirmaba que \u201cel libre desarrollo de cada uno es condici\u00f3n del libre desarrollo de los dem\u00e1s\u201d, se ha convertido, hecha caricatura esperp\u00e9ntica, en libertad de la empresa para incrementar sin l\u00edmite sus beneficios, falta de control social. Y, al mismo tiempo, se extiende la mitolog\u00eda de la privatizaci\u00f3n, que en nuestra Comunidad Madrile\u00f1a, bajo la direcci\u00f3n de Esperanza Aguirre, trata de arrollar la sanidad, la ense\u00f1anza p\u00fablicas\u00a0 y arrinconar a la Universidad abierta a toda la poblaci\u00f3n. Y, en una pr\u00e1ctica ampliamente extendida, se convierte en \u201cexternalizaci\u00f3n de servicios\u201d que, aumentando costes, solo benefician a las empresas privadas.<\/p>\n<p style=\"text-align: left;\">Hace tiempo escrib\u00ed que la izquierda, tras sus derrotas, estaba presa del \u201cs\u00edndrome de Estocolmo\u201d. Y, sin embargo, nunca sus ideales y su proyecto han sido tan necesarios. Como afirmaba Rosa Luxemburgo \u201csocialismo o barbarie\u201d. Y hoy nos invade la barbarie.<\/p>","protected":false},"excerpt":{"rendered":"<p>Pocas cosas en el mundo actual me parecen tan sorprendentes como la contradicci\u00f3n interna que la pol\u00edtica abriga. Por una parte, el manifiesto fracaso del capitalismo para resolver los graves problemas sociales de la humanidad y, por otra, la creciente ceguera para percibir este fracaso y reaccionar ante \u00e9l. \u00bfEs [&hellip;]<\/p>\n","protected":false},"author":87,"featured_media":0,"comment_status":"open","ping_status":"open","sticky":false,"template":"","format":"standard","meta":{"footnotes":""},"categories":[72],"tags":[],"class_list":["post-241","post","type-post","status-publish","format-standard","hentry","category-opinion"],"yoast_head":"<!-- This site is optimized with the Yoast SEO plugin v27.5 - https:\/\/yoast.com\/product\/yoast-seo-wordpress\/ -->\n<title>Las claudicaciones de la izquierda - Revista Rambla<\/title>\n<meta name=\"robots\" content=\"index, follow, max-snippet:-1, max-image-preview:large, max-video-preview:-1\" \/>\n<link rel=\"canonical\" href=\"https:\/\/www.revistarambla.com\/en\/las-claudicaciones-de-la-izquierda\/\" \/>\n<meta property=\"og:locale\" content=\"en_GB\" \/>\n<meta property=\"og:type\" content=\"article\" \/>\n<meta property=\"og:title\" content=\"Las claudicaciones de la izquierda - Revista Rambla\" \/>\n<meta property=\"og:description\" content=\"Pocas cosas en el mundo actual me parecen tan sorprendentes como la contradicci\u00f3n interna que la pol\u00edtica abriga. Por una parte, el manifiesto fracaso del capitalismo para resolver los graves problemas sociales de la humanidad y, por otra, la creciente ceguera para percibir este fracaso y reaccionar ante \u00e9l. \u00bfEs [&hellip;]\" \/>\n<meta property=\"og:url\" content=\"https:\/\/www.revistarambla.com\/en\/las-claudicaciones-de-la-izquierda\/\" \/>\n<meta property=\"og:site_name\" content=\"Revista Rambla\" \/>\n<meta property=\"article:publisher\" content=\"https:\/\/www.facebook.com\/revistarambla\/\" \/>\n<meta property=\"article:published_time\" content=\"2010-08-03T12:52:35+00:00\" \/>\n<meta property=\"article:modified_time\" content=\"2021-12-28T18:36:22+00:00\" \/>\n<meta property=\"og:image\" content=\"https:\/\/www.revistarambla.com\/wp-content\/uploads\/2010\/08\/carlos%20paris.jpg\" \/>\n\t<meta property=\"og:image:width\" content=\"400\" \/>\n\t<meta property=\"og:image:height\" content=\"492\" \/>\n\t<meta property=\"og:image:type\" content=\"image\/jpeg\" \/>\n<meta name=\"author\" content=\"Carlos Par\u00eds Amador\" \/>\n<meta name=\"twitter:card\" content=\"summary_large_image\" \/>\n<meta name=\"twitter:creator\" content=\"@revistarambla\" \/>\n<meta name=\"twitter:site\" content=\"@revistarambla\" \/>\n<meta name=\"twitter:label1\" content=\"Written by\" \/>\n\t<meta name=\"twitter:data1\" content=\"Carlos Par\u00eds Amador\" \/>\n\t<meta name=\"twitter:label2\" content=\"Estimated reading time\" \/>\n\t<meta name=\"twitter:data2\" content=\"4 minutes\" \/>\n<script type=\"application\/ld+json\" class=\"yoast-schema-graph\">{\"@context\":\"https:\\\/\\\/schema.org\",\"@graph\":[{\"@type\":\"Article\",\"@id\":\"https:\\\/\\\/www.revistarambla.com\\\/las-claudicaciones-de-la-izquierda\\\/#article\",\"isPartOf\":{\"@id\":\"https:\\\/\\\/www.revistarambla.com\\\/las-claudicaciones-de-la-izquierda\\\/\"},\"author\":{\"name\":\"Carlos Par\u00eds Amador\",\"@id\":\"https:\\\/\\\/www.revistarambla.com\\\/#\\\/schema\\\/person\\\/559efa779b0766551d55c26cdc8c6d53\"},\"headline\":\"Las claudicaciones de la izquierda\",\"datePublished\":\"2010-08-03T12:52:35+00:00\",\"dateModified\":\"2021-12-28T18:36:22+00:00\",\"mainEntityOfPage\":{\"@id\":\"https:\\\/\\\/www.revistarambla.com\\\/las-claudicaciones-de-la-izquierda\\\/\"},\"wordCount\":990,\"commentCount\":0,\"publisher\":{\"@id\":\"https:\\\/\\\/www.revistarambla.com\\\/#organization\"},\"articleSection\":[\"Opiniones\"],\"inLanguage\":\"en-GB\",\"potentialAction\":[{\"@type\":\"CommentAction\",\"name\":\"Comment\",\"target\":[\"https:\\\/\\\/www.revistarambla.com\\\/las-claudicaciones-de-la-izquierda\\\/#respond\"]}]},{\"@type\":\"WebPage\",\"@id\":\"https:\\\/\\\/www.revistarambla.com\\\/las-claudicaciones-de-la-izquierda\\\/\",\"url\":\"https:\\\/\\\/www.revistarambla.com\\\/las-claudicaciones-de-la-izquierda\\\/\",\"name\":\"Las claudicaciones de la izquierda - Revista Rambla\",\"isPartOf\":{\"@id\":\"https:\\\/\\\/www.revistarambla.com\\\/#website\"},\"datePublished\":\"2010-08-03T12:52:35+00:00\",\"dateModified\":\"2021-12-28T18:36:22+00:00\",\"breadcrumb\":{\"@id\":\"https:\\\/\\\/www.revistarambla.com\\\/las-claudicaciones-de-la-izquierda\\\/#breadcrumb\"},\"inLanguage\":\"en-GB\",\"potentialAction\":[{\"@type\":\"ReadAction\",\"target\":[\"https:\\\/\\\/www.revistarambla.com\\\/las-claudicaciones-de-la-izquierda\\\/\"]}]},{\"@type\":\"BreadcrumbList\",\"@id\":\"https:\\\/\\\/www.revistarambla.com\\\/las-claudicaciones-de-la-izquierda\\\/#breadcrumb\",\"itemListElement\":[{\"@type\":\"ListItem\",\"position\":1,\"name\":\"Portada\",\"item\":\"https:\\\/\\\/www.revistarambla.com\\\/\"},{\"@type\":\"ListItem\",\"position\":2,\"name\":\"Las claudicaciones de la izquierda\"}]},{\"@type\":\"WebSite\",\"@id\":\"https:\\\/\\\/www.revistarambla.com\\\/#website\",\"url\":\"https:\\\/\\\/www.revistarambla.com\\\/\",\"name\":\"Revista Rambla Barcelona\",\"description\":\"Periodismo independiente\",\"publisher\":{\"@id\":\"https:\\\/\\\/www.revistarambla.com\\\/#organization\"},\"potentialAction\":[{\"@type\":\"SearchAction\",\"target\":{\"@type\":\"EntryPoint\",\"urlTemplate\":\"https:\\\/\\\/www.revistarambla.com\\\/?s={search_term_string}\"},\"query-input\":{\"@type\":\"PropertyValueSpecification\",\"valueRequired\":true,\"valueName\":\"search_term_string\"}}],\"inLanguage\":\"en-GB\"},{\"@type\":\"Organization\",\"@id\":\"https:\\\/\\\/www.revistarambla.com\\\/#organization\",\"name\":\"Revista Rambla\",\"url\":\"https:\\\/\\\/www.revistarambla.com\\\/\",\"logo\":{\"@type\":\"ImageObject\",\"inLanguage\":\"en-GB\",\"@id\":\"https:\\\/\\\/www.revistarambla.com\\\/#\\\/schema\\\/logo\\\/image\\\/\",\"url\":\"https:\\\/\\\/www.revistarambla.com\\\/wp-content\\\/uploads\\\/2020\\\/09\\\/banner_rambla_1900x600_BB.png\",\"contentUrl\":\"https:\\\/\\\/www.revistarambla.com\\\/wp-content\\\/uploads\\\/2020\\\/09\\\/banner_rambla_1900x600_BB.png\",\"width\":1900,\"height\":600,\"caption\":\"Revista Rambla\"},\"image\":{\"@id\":\"https:\\\/\\\/www.revistarambla.com\\\/#\\\/schema\\\/logo\\\/image\\\/\"},\"sameAs\":[\"https:\\\/\\\/www.facebook.com\\\/revistarambla\\\/\",\"https:\\\/\\\/x.com\\\/revistarambla\",\"https:\\\/\\\/www.instagram.com\\\/revista_rambla\",\"https:\\\/\\\/es.linkedin.com\\\/company\\\/revista-rambla\"]},{\"@type\":\"Person\",\"@id\":\"https:\\\/\\\/www.revistarambla.com\\\/#\\\/schema\\\/person\\\/559efa779b0766551d55c26cdc8c6d53\",\"name\":\"Carlos Par\u00eds Amador\",\"description\":\"Fil\u00f3sofo, escritor y columnista espa\u00f1ol, catedr\u00e1tico de la Facultad de Filosof\u00eda de la Universidad de Valencia entre 1960 y 1968, donde llev\u00f3 a cabo una clandestina lucha antifranquista, Honoris Causa en la misma, em\u00e9rito de Filosof\u00eda en la Universidad Aut\u00f3noma de Madrid y miembro del Comit\u00e9 Central del Partido Comunista de Espa\u00f1a. Desde 1997 hasta 2014 fue presidente del Ateneo de Madrid.\",\"sameAs\":[\"https:\\\/\\\/carlosparis.wordpress.com\\\/\",\"https:\\\/\\\/es.wikipedia.org\\\/wiki\\\/Carlos_Pars\"]}]}<\/script>\n<!-- \/ Yoast SEO plugin. -->","yoast_head_json":{"title":"Las claudicaciones de la izquierda - Revista Rambla","robots":{"index":"index","follow":"follow","max-snippet":"max-snippet:-1","max-image-preview":"max-image-preview:large","max-video-preview":"max-video-preview:-1"},"canonical":"https:\/\/www.revistarambla.com\/en\/las-claudicaciones-de-la-izquierda\/","og_locale":"en_GB","og_type":"article","og_title":"Las claudicaciones de la izquierda - Revista Rambla","og_description":"Pocas cosas en el mundo actual me parecen tan sorprendentes como la contradicci\u00f3n interna que la pol\u00edtica abriga. Por una parte, el manifiesto fracaso del capitalismo para resolver los graves problemas sociales de la humanidad y, por otra, la creciente ceguera para percibir este fracaso y reaccionar ante \u00e9l. \u00bfEs [&hellip;]","og_url":"https:\/\/www.revistarambla.com\/en\/las-claudicaciones-de-la-izquierda\/","og_site_name":"Revista Rambla","article_publisher":"https:\/\/www.facebook.com\/revistarambla\/","article_published_time":"2010-08-03T12:52:35+00:00","article_modified_time":"2021-12-28T18:36:22+00:00","og_image":[{"width":400,"height":492,"url":"https:\/\/www.revistarambla.com\/wp-content\/uploads\/2010\/08\/carlos paris.jpg","type":"image\/jpeg"}],"author":"Carlos Par\u00eds Amador","twitter_card":"summary_large_image","twitter_creator":"@revistarambla","twitter_site":"@revistarambla","twitter_misc":{"Written by":"Carlos Par\u00eds Amador","Estimated reading time":"4 minutes"},"schema":{"@context":"https:\/\/schema.org","@graph":[{"@type":"Article","@id":"https:\/\/www.revistarambla.com\/las-claudicaciones-de-la-izquierda\/#article","isPartOf":{"@id":"https:\/\/www.revistarambla.com\/las-claudicaciones-de-la-izquierda\/"},"author":{"name":"Carlos Par\u00eds Amador","@id":"https:\/\/www.revistarambla.com\/#\/schema\/person\/559efa779b0766551d55c26cdc8c6d53"},"headline":"Las claudicaciones de la izquierda","datePublished":"2010-08-03T12:52:35+00:00","dateModified":"2021-12-28T18:36:22+00:00","mainEntityOfPage":{"@id":"https:\/\/www.revistarambla.com\/las-claudicaciones-de-la-izquierda\/"},"wordCount":990,"commentCount":0,"publisher":{"@id":"https:\/\/www.revistarambla.com\/#organization"},"articleSection":["Opiniones"],"inLanguage":"en-GB","potentialAction":[{"@type":"CommentAction","name":"Comment","target":["https:\/\/www.revistarambla.com\/las-claudicaciones-de-la-izquierda\/#respond"]}]},{"@type":"WebPage","@id":"https:\/\/www.revistarambla.com\/las-claudicaciones-de-la-izquierda\/","url":"https:\/\/www.revistarambla.com\/las-claudicaciones-de-la-izquierda\/","name":"Las claudicaciones de la izquierda - Revista Rambla","isPartOf":{"@id":"https:\/\/www.revistarambla.com\/#website"},"datePublished":"2010-08-03T12:52:35+00:00","dateModified":"2021-12-28T18:36:22+00:00","breadcrumb":{"@id":"https:\/\/www.revistarambla.com\/las-claudicaciones-de-la-izquierda\/#breadcrumb"},"inLanguage":"en-GB","potentialAction":[{"@type":"ReadAction","target":["https:\/\/www.revistarambla.com\/las-claudicaciones-de-la-izquierda\/"]}]},{"@type":"BreadcrumbList","@id":"https:\/\/www.revistarambla.com\/las-claudicaciones-de-la-izquierda\/#breadcrumb","itemListElement":[{"@type":"ListItem","position":1,"name":"Portada","item":"https:\/\/www.revistarambla.com\/"},{"@type":"ListItem","position":2,"name":"Las claudicaciones de la izquierda"}]},{"@type":"WebSite","@id":"https:\/\/www.revistarambla.com\/#website","url":"https:\/\/www.revistarambla.com\/","name":"Revista Rambla Barcelona","description":"Periodismo independiente","publisher":{"@id":"https:\/\/www.revistarambla.com\/#organization"},"potentialAction":[{"@type":"SearchAction","target":{"@type":"EntryPoint","urlTemplate":"https:\/\/www.revistarambla.com\/?s={search_term_string}"},"query-input":{"@type":"PropertyValueSpecification","valueRequired":true,"valueName":"search_term_string"}}],"inLanguage":"en-GB"},{"@type":"Organization","@id":"https:\/\/www.revistarambla.com\/#organization","name":"Revista Rambla","url":"https:\/\/www.revistarambla.com\/","logo":{"@type":"ImageObject","inLanguage":"en-GB","@id":"https:\/\/www.revistarambla.com\/#\/schema\/logo\/image\/","url":"https:\/\/www.revistarambla.com\/wp-content\/uploads\/2020\/09\/banner_rambla_1900x600_BB.png","contentUrl":"https:\/\/www.revistarambla.com\/wp-content\/uploads\/2020\/09\/banner_rambla_1900x600_BB.png","width":1900,"height":600,"caption":"Revista Rambla"},"image":{"@id":"https:\/\/www.revistarambla.com\/#\/schema\/logo\/image\/"},"sameAs":["https:\/\/www.facebook.com\/revistarambla\/","https:\/\/x.com\/revistarambla","https:\/\/www.instagram.com\/revista_rambla","https:\/\/es.linkedin.com\/company\/revista-rambla"]},{"@type":"Person","@id":"https:\/\/www.revistarambla.com\/#\/schema\/person\/559efa779b0766551d55c26cdc8c6d53","name":"Carlos Par\u00eds Amador","description":"Fil\u00f3sofo, escritor y columnista espa\u00f1ol, catedr\u00e1tico de la Facultad de Filosof\u00eda de la Universidad de Valencia entre 1960 y 1968, donde llev\u00f3 a cabo una clandestina lucha antifranquista, Honoris Causa en la misma, em\u00e9rito de Filosof\u00eda en la Universidad Aut\u00f3noma de Madrid y miembro del Comit\u00e9 Central del Partido Comunista de Espa\u00f1a. Desde 1997 hasta 2014 fue presidente del Ateneo de Madrid.","sameAs":["https:\/\/carlosparis.wordpress.com\/","https:\/\/es.wikipedia.org\/wiki\/Carlos_Pars"]}]}},"_links":{"self":[{"href":"https:\/\/www.revistarambla.com\/en\/wp-json\/wp\/v2\/posts\/241","targetHints":{"allow":["GET"]}}],"collection":[{"href":"https:\/\/www.revistarambla.com\/en\/wp-json\/wp\/v2\/posts"}],"about":[{"href":"https:\/\/www.revistarambla.com\/en\/wp-json\/wp\/v2\/types\/post"}],"author":[{"embeddable":true,"href":"https:\/\/www.revistarambla.com\/en\/wp-json\/wp\/v2\/users\/87"}],"replies":[{"embeddable":true,"href":"https:\/\/www.revistarambla.com\/en\/wp-json\/wp\/v2\/comments?post=241"}],"version-history":[{"count":0,"href":"https:\/\/www.revistarambla.com\/en\/wp-json\/wp\/v2\/posts\/241\/revisions"}],"wp:attachment":[{"href":"https:\/\/www.revistarambla.com\/en\/wp-json\/wp\/v2\/media?parent=241"}],"wp:term":[{"taxonomy":"category","embeddable":true,"href":"https:\/\/www.revistarambla.com\/en\/wp-json\/wp\/v2\/categories?post=241"},{"taxonomy":"post_tag","embeddable":true,"href":"https:\/\/www.revistarambla.com\/en\/wp-json\/wp\/v2\/tags?post=241"}],"curies":[{"name":"wp","href":"https:\/\/api.w.org\/{rel}","templated":true}]}}