{"id":2349,"date":"2012-10-21T11:35:29","date_gmt":"2012-10-21T09:35:29","guid":{"rendered":"https:\/\/www.revistarambla.com\/las-cosas-que-se-callan\/"},"modified":"2022-10-21T17:40:56","modified_gmt":"2022-10-21T15:40:56","slug":"las-cosas-que-se-callan","status":"publish","type":"post","link":"https:\/\/www.revistarambla.com\/en\/las-cosas-que-se-callan\/","title":{"rendered":"Las cosas que se callan"},"content":{"rendered":"<p>Lo peor de las cosas que se dicen es que siempre, irremediablemente, dejan entrever las que se piensan sin nombrar. Cuando un periodista como Juancho Amas Marcelo es capaz de escribir sin sonrojarse que los catalanes mataron a Jesucristo por el supuesto RH tarraconense de Poncio Pilatos, uno puede llegar a espantarse solo con imaginar qu\u00e9 cosas pueden llegar a pasar por una mente como la suya con tal de alegrar a la caverna y a la cuenta de resultados de Pedro J. Ram\u00edrez. Es cierto que en este caso nos encontramos con la atenuante del encargo laboral. Y es que, tal y como est\u00e1 el patio period\u00edstico, hoy m\u00e1s que nunca encontramos no pocos plumillas dispuestos a decir lo contrario de lo que piensan con tal de no salir escaldados en la siguiente tanda de despidos. Al fin de cuentas, tampoco resulta tan grave ataviar con barretina al c\u00f3nsul de las manos limpias si con ello conseguimos seguir pagando las facturas del Mercadona.<\/p>\n<figure style=\"width: 550px\" class=\"wp-caption aligncenter\"><img decoding=\"async\" src=\"https:\/\/www.revistarambla.com\/wp-content\/uploads\/2012\/10\/las%20cosas%20que%20se%20callan%20copia.jpg\" alt=\"alt\" width=\"550\" height=\"198\" \/><figcaption class=\"wp-caption-text\">Ilustra Evelio G\u00f3mez.<\/figcaption><\/figure>\n<p>M\u00e1s grave resultan aquellos casos en los que el autor del comentario descabellado no necesita tragarse los sapos del sonrojo para llegar a fin de mes. Es lo que ha ocurrido con la campechana\u00a0 ocurrencia de Jos\u00e9 Manuel Castelao Braga\u00f1a quien en su intervenci\u00f3n ante el Consejo General de la Ciudadan\u00eda Espa\u00f1ola en el Exterior, entidad que presid\u00eda a propuesta del PP, no dud\u00f3 al afirmar que las leyes, como las mujeres, est\u00e1n hechas para violarlas. A sus 71 a\u00f1os, este viejo amigo de Fraga, ya no precisaba contentar a nadie aunque, eso s\u00ed, como buen pol\u00edtico, cabe pensar que con las elecciones gallegas en puertas, lo \u00faltimo que desear\u00eda era abochornar con un esc\u00e1ndalo a su no tambi\u00e9n amigo Alberto N\u00fa\u00f1ez Feijoo. Por ello, si Castelao articul\u00f3 su frase con tanta tranquilidad fue por la seguridad que da pensar en lo inofensivo, concebir las palabras como un gui\u00f1o simp\u00e1tico a partir de una idea compartida como natural. Y ah\u00ed, de nuevo, aparece lo terror\u00edfico. Porque si para alguien violar mujeres (y leyes, como bien han demostrado sus compatriotas gallegos al frente de las alcald\u00edas de Ourense y Boqueix\u00f3n) se concibe como algo natural, \u00bfqu\u00e9 ser\u00e1 de aquellas otras ideas que el pudor obliga a decapitar ante el p\u00fablico aplic\u00e1ndoles esa guillotina que es morderse la lengua?<\/p>\n<p>En cualquier caso, los deslices relativos a la mujer no son exclusivos del pol\u00edtico gallego. Por desgracia, se trata de una materia abonado para que los hombres tengan este tipo de lapsus anclados en los abismos del psicoan\u00e1lisis y el machismo. Lo pudimos ver hace unos meses cuando el candidato republicano al Senado por Misuri, Todd Akin, expuso su extravagante teor\u00eda seg\u00fan la cual algunas violaciones a mujeres son leg\u00edtimas o, lo que suena todav\u00eda m\u00e1s normativamente espeluznante, reglamentarias. A su juicio, cuando se trata de una violaci\u00f3n leg\u00edtima el cuerpo de la mujer sabe cerrarse con el hermetismo de la dignidad que impida el embarazo, haciendo de este modo innecesario el aborto. Por el contrario, la mujer que queda embarazada por su violador, solo pondr\u00eda de evidencia su flaqueza frente al agresor, al permitir (y quien sabe si gozar) que sus envestidas accedan al final. Presupuestos aterradores que dejan pocas dudas sobre cu\u00e1l es la opini\u00f3n real que el Akin o Castelao de turno, tienen de la mujer.<\/p>\n<p>Queda as\u00ed de manifiesto que las palabras, con lo que dicen, dejan entreabierta la puerta por la que se cuela la presencia de las opiniones y deseos m\u00e1s \u00edntimos. Por eso, algunos como Mariano Rajoy opten por el silencio para mantener a buen recaudo sus \u00faltimas intenciones. Porque lo que m\u00e1s desasosiego despierta del presidente del gobierno no es el incumplimiento de sus promesas. Lo realmente terror\u00edfico es su mutismo, su determinaci\u00f3n por cerrar a cal y canto la nebulosidad de sus intenciones.<\/p>","protected":false},"excerpt":{"rendered":"<p>Lo peor de las cosas que se dicen es que siempre, irremediablemente, dejan entrever las que se piensan sin nombrar. Cuando un periodista como Juancho Amas Marcelo es capaz de escribir sin sonrojarse que los catalanes mataron a Jesucristo por el supuesto RH tarraconense de Poncio Pilatos, uno puede llegar [&hellip;]<\/p>\n","protected":false},"author":325,"featured_media":0,"comment_status":"open","ping_status":"open","sticky":false,"template":"","format":"standard","meta":{"footnotes":""},"categories":[72],"tags":[],"class_list":["post-2349","post","type-post","status-publish","format-standard","hentry","category-opinion"],"yoast_head":"<!-- This site is optimized with the Yoast SEO plugin v27.5 - https:\/\/yoast.com\/product\/yoast-seo-wordpress\/ -->\n<title>Las cosas que se callan - Revista Rambla<\/title>\n<meta name=\"robots\" content=\"index, follow, max-snippet:-1, max-image-preview:large, max-video-preview:-1\" \/>\n<link rel=\"canonical\" href=\"https:\/\/www.revistarambla.com\/en\/las-cosas-que-se-callan\/\" \/>\n<meta property=\"og:locale\" content=\"en_GB\" \/>\n<meta property=\"og:type\" content=\"article\" \/>\n<meta property=\"og:title\" content=\"Las cosas que se callan - Revista Rambla\" \/>\n<meta property=\"og:description\" content=\"Lo peor de las cosas que se dicen es que siempre, irremediablemente, dejan entrever las que se piensan sin nombrar. Cuando un periodista como Juancho Amas Marcelo es capaz de escribir sin sonrojarse que los catalanes mataron a Jesucristo por el supuesto RH tarraconense de Poncio Pilatos, uno puede llegar [&hellip;]\" \/>\n<meta property=\"og:url\" content=\"https:\/\/www.revistarambla.com\/en\/las-cosas-que-se-callan\/\" \/>\n<meta property=\"og:site_name\" content=\"Revista Rambla\" \/>\n<meta property=\"article:publisher\" content=\"https:\/\/www.facebook.com\/revistarambla\/\" \/>\n<meta property=\"article:author\" content=\"https:\/\/www.facebook.com\/josemanuelrambla\/\" \/>\n<meta property=\"article:published_time\" content=\"2012-10-21T09:35:29+00:00\" \/>\n<meta property=\"article:modified_time\" content=\"2022-10-21T15:40:56+00:00\" \/>\n<meta property=\"og:image\" content=\"https:\/\/www.revistarambla.com\/wp-content\/uploads\/2012\/10\/las%20cosas%20que%20se%20callan_01.jpg\" \/>\n\t<meta property=\"og:image:width\" content=\"682\" \/>\n\t<meta property=\"og:image:height\" content=\"400\" \/>\n\t<meta property=\"og:image:type\" content=\"image\/jpeg\" \/>\n<meta name=\"author\" content=\"Jos\u00e9 Manuel Rambla\" \/>\n<meta name=\"twitter:card\" content=\"summary_large_image\" \/>\n<meta name=\"twitter:creator\" content=\"@jmrambla\" \/>\n<meta name=\"twitter:site\" content=\"@revistarambla\" \/>\n<meta name=\"twitter:label1\" content=\"Written by\" \/>\n\t<meta name=\"twitter:data1\" content=\"Jos\u00e9 Manuel Rambla\" \/>\n\t<meta name=\"twitter:label2\" content=\"Estimated reading time\" \/>\n\t<meta name=\"twitter:data2\" content=\"4 minutes\" \/>\n<script type=\"application\/ld+json\" class=\"yoast-schema-graph\">{\"@context\":\"https:\\\/\\\/schema.org\",\"@graph\":[{\"@type\":\"Article\",\"@id\":\"https:\\\/\\\/www.revistarambla.com\\\/las-cosas-que-se-callan\\\/#article\",\"isPartOf\":{\"@id\":\"https:\\\/\\\/www.revistarambla.com\\\/las-cosas-que-se-callan\\\/\"},\"author\":{\"name\":\"Jos\u00e9 Manuel Rambla\",\"@id\":\"https:\\\/\\\/www.revistarambla.com\\\/#\\\/schema\\\/person\\\/f8e404c0293434eaf6a60da08d1123e3\"},\"headline\":\"Las cosas que se callan\",\"datePublished\":\"2012-10-21T09:35:29+00:00\",\"dateModified\":\"2022-10-21T15:40:56+00:00\",\"mainEntityOfPage\":{\"@id\":\"https:\\\/\\\/www.revistarambla.com\\\/las-cosas-que-se-callan\\\/\"},\"wordCount\":687,\"commentCount\":0,\"publisher\":{\"@id\":\"https:\\\/\\\/www.revistarambla.com\\\/#organization\"},\"image\":{\"@id\":\"https:\\\/\\\/www.revistarambla.com\\\/las-cosas-que-se-callan\\\/#primaryimage\"},\"thumbnailUrl\":\"https:\\\/\\\/www.revistarambla.com\\\/wp-content\\\/uploads\\\/2012\\\/10\\\/las%20cosas%20que%20se%20callan%20copia.jpg\",\"articleSection\":[\"Opiniones\"],\"inLanguage\":\"en-GB\",\"potentialAction\":[{\"@type\":\"CommentAction\",\"name\":\"Comment\",\"target\":[\"https:\\\/\\\/www.revistarambla.com\\\/las-cosas-que-se-callan\\\/#respond\"]}]},{\"@type\":\"WebPage\",\"@id\":\"https:\\\/\\\/www.revistarambla.com\\\/las-cosas-que-se-callan\\\/\",\"url\":\"https:\\\/\\\/www.revistarambla.com\\\/las-cosas-que-se-callan\\\/\",\"name\":\"Las cosas que se callan - Revista Rambla\",\"isPartOf\":{\"@id\":\"https:\\\/\\\/www.revistarambla.com\\\/#website\"},\"primaryImageOfPage\":{\"@id\":\"https:\\\/\\\/www.revistarambla.com\\\/las-cosas-que-se-callan\\\/#primaryimage\"},\"image\":{\"@id\":\"https:\\\/\\\/www.revistarambla.com\\\/las-cosas-que-se-callan\\\/#primaryimage\"},\"thumbnailUrl\":\"https:\\\/\\\/www.revistarambla.com\\\/wp-content\\\/uploads\\\/2012\\\/10\\\/las%20cosas%20que%20se%20callan%20copia.jpg\",\"datePublished\":\"2012-10-21T09:35:29+00:00\",\"dateModified\":\"2022-10-21T15:40:56+00:00\",\"breadcrumb\":{\"@id\":\"https:\\\/\\\/www.revistarambla.com\\\/las-cosas-que-se-callan\\\/#breadcrumb\"},\"inLanguage\":\"en-GB\",\"potentialAction\":[{\"@type\":\"ReadAction\",\"target\":[\"https:\\\/\\\/www.revistarambla.com\\\/las-cosas-que-se-callan\\\/\"]}]},{\"@type\":\"ImageObject\",\"inLanguage\":\"en-GB\",\"@id\":\"https:\\\/\\\/www.revistarambla.com\\\/las-cosas-que-se-callan\\\/#primaryimage\",\"url\":\"https:\\\/\\\/www.revistarambla.com\\\/wp-content\\\/uploads\\\/2012\\\/10\\\/las%20cosas%20que%20se%20callan%20copia.jpg\",\"contentUrl\":\"https:\\\/\\\/www.revistarambla.com\\\/wp-content\\\/uploads\\\/2012\\\/10\\\/las%20cosas%20que%20se%20callan%20copia.jpg\"},{\"@type\":\"BreadcrumbList\",\"@id\":\"https:\\\/\\\/www.revistarambla.com\\\/las-cosas-que-se-callan\\\/#breadcrumb\",\"itemListElement\":[{\"@type\":\"ListItem\",\"position\":1,\"name\":\"Portada\",\"item\":\"https:\\\/\\\/www.revistarambla.com\\\/\"},{\"@type\":\"ListItem\",\"position\":2,\"name\":\"Las cosas que se callan\"}]},{\"@type\":\"WebSite\",\"@id\":\"https:\\\/\\\/www.revistarambla.com\\\/#website\",\"url\":\"https:\\\/\\\/www.revistarambla.com\\\/\",\"name\":\"Revista Rambla Barcelona\",\"description\":\"Periodismo independiente\",\"publisher\":{\"@id\":\"https:\\\/\\\/www.revistarambla.com\\\/#organization\"},\"potentialAction\":[{\"@type\":\"SearchAction\",\"target\":{\"@type\":\"EntryPoint\",\"urlTemplate\":\"https:\\\/\\\/www.revistarambla.com\\\/?s={search_term_string}\"},\"query-input\":{\"@type\":\"PropertyValueSpecification\",\"valueRequired\":true,\"valueName\":\"search_term_string\"}}],\"inLanguage\":\"en-GB\"},{\"@type\":\"Organization\",\"@id\":\"https:\\\/\\\/www.revistarambla.com\\\/#organization\",\"name\":\"Revista Rambla\",\"url\":\"https:\\\/\\\/www.revistarambla.com\\\/\",\"logo\":{\"@type\":\"ImageObject\",\"inLanguage\":\"en-GB\",\"@id\":\"https:\\\/\\\/www.revistarambla.com\\\/#\\\/schema\\\/logo\\\/image\\\/\",\"url\":\"https:\\\/\\\/www.revistarambla.com\\\/wp-content\\\/uploads\\\/2020\\\/09\\\/banner_rambla_1900x600_BB.png\",\"contentUrl\":\"https:\\\/\\\/www.revistarambla.com\\\/wp-content\\\/uploads\\\/2020\\\/09\\\/banner_rambla_1900x600_BB.png\",\"width\":1900,\"height\":600,\"caption\":\"Revista Rambla\"},\"image\":{\"@id\":\"https:\\\/\\\/www.revistarambla.com\\\/#\\\/schema\\\/logo\\\/image\\\/\"},\"sameAs\":[\"https:\\\/\\\/www.facebook.com\\\/revistarambla\\\/\",\"https:\\\/\\\/x.com\\\/revistarambla\",\"https:\\\/\\\/www.instagram.com\\\/revista_rambla\",\"https:\\\/\\\/es.linkedin.com\\\/company\\\/revista-rambla\"]},{\"@type\":\"Person\",\"@id\":\"https:\\\/\\\/www.revistarambla.com\\\/#\\\/schema\\\/person\\\/f8e404c0293434eaf6a60da08d1123e3\",\"name\":\"Jos\u00e9 Manuel Rambla\",\"description\":\"Periodista cultural y columnista.\",\"sameAs\":[\"https:\\\/\\\/aesteladodelparaiso.com\\\/\",\"https:\\\/\\\/www.facebook.com\\\/josemanuelrambla\\\/\",\"https:\\\/\\\/x.com\\\/jmrambla\"]}]}<\/script>\n<!-- \/ Yoast SEO plugin. -->","yoast_head_json":{"title":"Las cosas que se callan - Revista Rambla","robots":{"index":"index","follow":"follow","max-snippet":"max-snippet:-1","max-image-preview":"max-image-preview:large","max-video-preview":"max-video-preview:-1"},"canonical":"https:\/\/www.revistarambla.com\/en\/las-cosas-que-se-callan\/","og_locale":"en_GB","og_type":"article","og_title":"Las cosas que se callan - Revista Rambla","og_description":"Lo peor de las cosas que se dicen es que siempre, irremediablemente, dejan entrever las que se piensan sin nombrar. Cuando un periodista como Juancho Amas Marcelo es capaz de escribir sin sonrojarse que los catalanes mataron a Jesucristo por el supuesto RH tarraconense de Poncio Pilatos, uno puede llegar [&hellip;]","og_url":"https:\/\/www.revistarambla.com\/en\/las-cosas-que-se-callan\/","og_site_name":"Revista Rambla","article_publisher":"https:\/\/www.facebook.com\/revistarambla\/","article_author":"https:\/\/www.facebook.com\/josemanuelrambla\/","article_published_time":"2012-10-21T09:35:29+00:00","article_modified_time":"2022-10-21T15:40:56+00:00","og_image":[{"width":682,"height":400,"url":"https:\/\/www.revistarambla.com\/wp-content\/uploads\/2012\/10\/las cosas que se callan_01.jpg","type":"image\/jpeg"}],"author":"Jos\u00e9 Manuel Rambla","twitter_card":"summary_large_image","twitter_creator":"@jmrambla","twitter_site":"@revistarambla","twitter_misc":{"Written by":"Jos\u00e9 Manuel Rambla","Estimated reading time":"4 minutes"},"schema":{"@context":"https:\/\/schema.org","@graph":[{"@type":"Article","@id":"https:\/\/www.revistarambla.com\/las-cosas-que-se-callan\/#article","isPartOf":{"@id":"https:\/\/www.revistarambla.com\/las-cosas-que-se-callan\/"},"author":{"name":"Jos\u00e9 Manuel Rambla","@id":"https:\/\/www.revistarambla.com\/#\/schema\/person\/f8e404c0293434eaf6a60da08d1123e3"},"headline":"Las cosas que se callan","datePublished":"2012-10-21T09:35:29+00:00","dateModified":"2022-10-21T15:40:56+00:00","mainEntityOfPage":{"@id":"https:\/\/www.revistarambla.com\/las-cosas-que-se-callan\/"},"wordCount":687,"commentCount":0,"publisher":{"@id":"https:\/\/www.revistarambla.com\/#organization"},"image":{"@id":"https:\/\/www.revistarambla.com\/las-cosas-que-se-callan\/#primaryimage"},"thumbnailUrl":"https:\/\/www.revistarambla.com\/wp-content\/uploads\/2012\/10\/las%20cosas%20que%20se%20callan%20copia.jpg","articleSection":["Opiniones"],"inLanguage":"en-GB","potentialAction":[{"@type":"CommentAction","name":"Comment","target":["https:\/\/www.revistarambla.com\/las-cosas-que-se-callan\/#respond"]}]},{"@type":"WebPage","@id":"https:\/\/www.revistarambla.com\/las-cosas-que-se-callan\/","url":"https:\/\/www.revistarambla.com\/las-cosas-que-se-callan\/","name":"Las cosas que se callan - Revista Rambla","isPartOf":{"@id":"https:\/\/www.revistarambla.com\/#website"},"primaryImageOfPage":{"@id":"https:\/\/www.revistarambla.com\/las-cosas-que-se-callan\/#primaryimage"},"image":{"@id":"https:\/\/www.revistarambla.com\/las-cosas-que-se-callan\/#primaryimage"},"thumbnailUrl":"https:\/\/www.revistarambla.com\/wp-content\/uploads\/2012\/10\/las%20cosas%20que%20se%20callan%20copia.jpg","datePublished":"2012-10-21T09:35:29+00:00","dateModified":"2022-10-21T15:40:56+00:00","breadcrumb":{"@id":"https:\/\/www.revistarambla.com\/las-cosas-que-se-callan\/#breadcrumb"},"inLanguage":"en-GB","potentialAction":[{"@type":"ReadAction","target":["https:\/\/www.revistarambla.com\/las-cosas-que-se-callan\/"]}]},{"@type":"ImageObject","inLanguage":"en-GB","@id":"https:\/\/www.revistarambla.com\/las-cosas-que-se-callan\/#primaryimage","url":"https:\/\/www.revistarambla.com\/wp-content\/uploads\/2012\/10\/las%20cosas%20que%20se%20callan%20copia.jpg","contentUrl":"https:\/\/www.revistarambla.com\/wp-content\/uploads\/2012\/10\/las%20cosas%20que%20se%20callan%20copia.jpg"},{"@type":"BreadcrumbList","@id":"https:\/\/www.revistarambla.com\/las-cosas-que-se-callan\/#breadcrumb","itemListElement":[{"@type":"ListItem","position":1,"name":"Portada","item":"https:\/\/www.revistarambla.com\/"},{"@type":"ListItem","position":2,"name":"Las cosas que se callan"}]},{"@type":"WebSite","@id":"https:\/\/www.revistarambla.com\/#website","url":"https:\/\/www.revistarambla.com\/","name":"Revista Rambla Barcelona","description":"Periodismo independiente","publisher":{"@id":"https:\/\/www.revistarambla.com\/#organization"},"potentialAction":[{"@type":"SearchAction","target":{"@type":"EntryPoint","urlTemplate":"https:\/\/www.revistarambla.com\/?s={search_term_string}"},"query-input":{"@type":"PropertyValueSpecification","valueRequired":true,"valueName":"search_term_string"}}],"inLanguage":"en-GB"},{"@type":"Organization","@id":"https:\/\/www.revistarambla.com\/#organization","name":"Revista Rambla","url":"https:\/\/www.revistarambla.com\/","logo":{"@type":"ImageObject","inLanguage":"en-GB","@id":"https:\/\/www.revistarambla.com\/#\/schema\/logo\/image\/","url":"https:\/\/www.revistarambla.com\/wp-content\/uploads\/2020\/09\/banner_rambla_1900x600_BB.png","contentUrl":"https:\/\/www.revistarambla.com\/wp-content\/uploads\/2020\/09\/banner_rambla_1900x600_BB.png","width":1900,"height":600,"caption":"Revista Rambla"},"image":{"@id":"https:\/\/www.revistarambla.com\/#\/schema\/logo\/image\/"},"sameAs":["https:\/\/www.facebook.com\/revistarambla\/","https:\/\/x.com\/revistarambla","https:\/\/www.instagram.com\/revista_rambla","https:\/\/es.linkedin.com\/company\/revista-rambla"]},{"@type":"Person","@id":"https:\/\/www.revistarambla.com\/#\/schema\/person\/f8e404c0293434eaf6a60da08d1123e3","name":"Jos\u00e9 Manuel Rambla","description":"Periodista cultural y columnista.","sameAs":["https:\/\/aesteladodelparaiso.com\/","https:\/\/www.facebook.com\/josemanuelrambla\/","https:\/\/x.com\/jmrambla"]}]}},"_links":{"self":[{"href":"https:\/\/www.revistarambla.com\/en\/wp-json\/wp\/v2\/posts\/2349","targetHints":{"allow":["GET"]}}],"collection":[{"href":"https:\/\/www.revistarambla.com\/en\/wp-json\/wp\/v2\/posts"}],"about":[{"href":"https:\/\/www.revistarambla.com\/en\/wp-json\/wp\/v2\/types\/post"}],"author":[{"embeddable":true,"href":"https:\/\/www.revistarambla.com\/en\/wp-json\/wp\/v2\/users\/325"}],"replies":[{"embeddable":true,"href":"https:\/\/www.revistarambla.com\/en\/wp-json\/wp\/v2\/comments?post=2349"}],"version-history":[{"count":1,"href":"https:\/\/www.revistarambla.com\/en\/wp-json\/wp\/v2\/posts\/2349\/revisions"}],"predecessor-version":[{"id":48313,"href":"https:\/\/www.revistarambla.com\/en\/wp-json\/wp\/v2\/posts\/2349\/revisions\/48313"}],"wp:attachment":[{"href":"https:\/\/www.revistarambla.com\/en\/wp-json\/wp\/v2\/media?parent=2349"}],"wp:term":[{"taxonomy":"category","embeddable":true,"href":"https:\/\/www.revistarambla.com\/en\/wp-json\/wp\/v2\/categories?post=2349"},{"taxonomy":"post_tag","embeddable":true,"href":"https:\/\/www.revistarambla.com\/en\/wp-json\/wp\/v2\/tags?post=2349"}],"curies":[{"name":"wp","href":"https:\/\/api.w.org\/{rel}","templated":true}]}}