{"id":23309,"date":"2020-06-16T12:57:56","date_gmt":"2020-06-16T10:57:56","guid":{"rendered":"https:\/\/www.revistarambla.com\/?p=23309"},"modified":"2025-01-23T21:40:49","modified_gmt":"2025-01-23T20:40:49","slug":"del-contrato-social-al-intergeneracional","status":"publish","type":"post","link":"https:\/\/www.revistarambla.com\/en\/del-contrato-social-al-intergeneracional\/","title":{"rendered":"Del contrato social al intergeneracional"},"content":{"rendered":"<p align=\"JUSTIFY\"><a href=\"https:\/\/www.revistarambla.com\/wp-content\/uploads\/2020\/06\/people-relax-rest-musician-street-scene-talk-828133-pxhere.com_-scaled.jpg\"><img decoding=\"async\" class=\"aligncenter wp-image-23311 size-full\" src=\"https:\/\/www.revistarambla.com\/wp-content\/uploads\/2020\/06\/people-relax-rest-musician-street-scene-talk-828133-pxhere.com_-scaled.jpg\" alt=\"\" width=\"2048\" height=\"1536\" srcset=\"https:\/\/www.revistarambla.com\/wp-content\/uploads\/2020\/06\/people-relax-rest-musician-street-scene-talk-828133-pxhere.com_-scaled.jpg 2048w, https:\/\/www.revistarambla.com\/wp-content\/uploads\/2020\/06\/people-relax-rest-musician-street-scene-talk-828133-pxhere.com_-300x225.jpg 300w, https:\/\/www.revistarambla.com\/wp-content\/uploads\/2020\/06\/people-relax-rest-musician-street-scene-talk-828133-pxhere.com_-1024x768.jpg 1024w, https:\/\/www.revistarambla.com\/wp-content\/uploads\/2020\/06\/people-relax-rest-musician-street-scene-talk-828133-pxhere.com_-768x576.jpg 768w, https:\/\/www.revistarambla.com\/wp-content\/uploads\/2020\/06\/people-relax-rest-musician-street-scene-talk-828133-pxhere.com_-1536x1152.jpg 1536w, https:\/\/www.revistarambla.com\/wp-content\/uploads\/2020\/06\/people-relax-rest-musician-street-scene-talk-828133-pxhere.com_-140x105.jpg 140w, https:\/\/www.revistarambla.com\/wp-content\/uploads\/2020\/06\/people-relax-rest-musician-street-scene-talk-828133-pxhere.com_-755x566.jpg 755w, https:\/\/www.revistarambla.com\/wp-content\/uploads\/2020\/06\/people-relax-rest-musician-street-scene-talk-828133-pxhere.com_-577x433.jpg 577w, https:\/\/www.revistarambla.com\/wp-content\/uploads\/2020\/06\/people-relax-rest-musician-street-scene-talk-828133-pxhere.com_-407x305.jpg 407w, https:\/\/www.revistarambla.com\/wp-content\/uploads\/2020\/06\/people-relax-rest-musician-street-scene-talk-828133-pxhere.com_-678x509.jpg 678w, https:\/\/www.revistarambla.com\/wp-content\/uploads\/2020\/06\/people-relax-rest-musician-street-scene-talk-828133-pxhere.com_-326x245.jpg 326w, https:\/\/www.revistarambla.com\/wp-content\/uploads\/2020\/06\/people-relax-rest-musician-street-scene-talk-828133-pxhere.com_-80x60.jpg 80w\" sizes=\"(max-width: 2048px) 100vw, 2048px\" \/><\/a><\/p>\n<p style=\"text-align: left;\" align=\"JUSTIFY\"><span lang=\"es-ES\">El ser humano nace y es, por naturaleza, d\u00e9bil y vulnerable. Aislado y solo, est\u00e1 expuesto a todo tipo de peligros. Por eso, siempre ha vivido con otros seres humanos para hacer frente a los contratiempos y asegurarse mejores condiciones de supervivencia y de vida. Sin embargo, esta vida en sociedad s\u00f3lo ha sido posible gracias a un \u201ccontrato\u201d \u2014primero, t\u00e1cito, en las sociedades primitivas; y luego, expl\u00edcito, recogido en el derecho positivo\u2014 entre los miembros de toda comunidad humana.<\/span><\/p>\n<h3 lang=\"es-ES\" style=\"text-align: left;\" align=\"JUSTIFY\">Del contrato social<\/h3>\n<p style=\"text-align: left;\" align=\"JUSTIFY\"><span lang=\"es-ES\">En el siglo XVIII, uno de los que teoriz\u00f3 sobre el <\/span><em><span lang=\"es-ES\">Contrato Social<\/span><\/em><span lang=\"es-ES\">\u00a0(1762) fue <\/span><strong><span lang=\"es-ES\">J. J. Rousseau<\/span><\/strong><span lang=\"es-ES\">. Para \u00e9l, la libertad y la igualdad s\u00f3lo son posibles en un Estado de Derecho, constituido sobre la base de un contrato social. Por su lado, <\/span><strong><span lang=\"es-ES\">Mostesquieu<\/span><\/strong><span lang=\"es-ES\">, en<\/span>\u00a0<em><span lang=\"es-ES\">El Esp\u00edritu de las Leyes<\/span><\/em>\u00a0<span lang=\"es-ES\">(1748), ya hab\u00eda explicitado la quintaesencia del buen funcionamiento de una sociedad regida por el \u201ccontrato social\u201d: separaci\u00f3n e independencia de los tres poderes fundamentales (legislativo, ejecutivo y judicial). S\u00f3lo as\u00ed, con contrato y con separaci\u00f3n de poderes, se pudo pasar de una sociedad regida por la \u201c<\/span><span lang=\"es-ES\">ley de la fuerza<\/span><span lang=\"es-ES\">\u201d a otra en la que deber\u00eda imperar la \u201c<\/span><span lang=\"es-ES\">fuerza de la ley<\/span><span lang=\"es-ES\">\u201d. <\/span><\/p>\n<p style=\"text-align: left;\" align=\"JUSTIFY\"><span lang=\"es-ES\">Despu\u00e9s de la II\u00aa Guerra Mundial, se estableci\u00f3 tambi\u00e9n, entre las fuerzas pol\u00edticas de izquierda (socialdem\u00f3cratas) y de derecha (democristianos), un \u201c<\/span><span lang=\"es-ES\">contrato social europeo<\/span><span lang=\"es-ES\">\u201d, que permiti\u00f3 la convivencia pac\u00edfica durante m\u00e1s de medio siglo y que garantiz\u00f3 el bienestar creciente de los ciudadanos europeos. En efecto, la mayor\u00eda de \u00e9stos tuvieron trabajo asegurado, retribuido con salarios cada vez m\u00e1s decentes, estuvieron protegidos contra los posibles contratiempos (enfermedad, paro, jubilaci\u00f3n, etc.) y progresaron \u2014poco a poco, gracias a una buena formaci\u00f3n y a un esfuerzo-sacrificio constante y encomiable\u2014 en la escala cultural, social y econ\u00f3mica. <\/span><\/p>\n<p style=\"text-align: left;\" align=\"JUSTIFY\"><span lang=\"es-ES\">Ahora bien, en los estertores del s. XX y en los albores del s. XXI, este contrato social europeo empez\u00f3 a hacer aguas a causa de la globalizaci\u00f3n, de la revoluci\u00f3n tecnol\u00f3gica, de la econom\u00eda digital, de la crisis demogr\u00e1fica y tambi\u00e9n de la crisis econ\u00f3mica de 2008, agravada ahora con los nefastos da\u00f1os colaterales de la pandemia del Covid 19. Por eso, el contrato social europeo ha dado paso al <\/span><em><strong><span lang=\"es-ES\">efecto Mateo<\/span><\/strong><\/em><span lang=\"es-ES\">, seg\u00fan el cual <\/span>el rico se hace cada vez m\u00e1s rico y el pobre se hace cada vez m\u00e1s pobre<span lang=\"es-ES\"> o, dicho con palabras m\u00e1s castizas, <\/span>\u00abdinero llama a dinero\u00bb. Y los reci\u00e9n llegados al mundo del trabajo y los hijos empezaron a vivir peor que sus padres, lo que propici\u00f3 la aparici\u00f3n de una brecha intergeneracional.<\/p>\n<h3 style=\"text-align: left;\" align=\"JUSTIFY\"><span lang=\"es-ES\">Del contrato intergeneracional<\/span><\/h3>\n<p style=\"text-align: left;\" align=\"JUSTIFY\"><span lang=\"es-ES\">En efecto, desde 2008, las fisuras en el \u201c<\/span><span lang=\"es-ES\">contrato social europeo<\/span><span lang=\"es-ES\">\u201d han provocado tambi\u00e9n la puesta en tela de juicio del \u201c<\/span><span lang=\"es-ES\">contrato intergeneracional<\/span><span lang=\"es-ES\">\u201d, existente en Espa\u00f1a. Seg\u00fan un pacto expl\u00edcito entre grupos etarios (\u201c<\/span><span lang=\"es-ES\">modelo de reparto<\/span><span lang=\"es-ES\">\u201d), los ciudadanos activos de hoy les pagamos las pensiones a los mayores de hoy para que los activos de ma\u00f1ana nos las paguen a nosotros. A esto se dedica entre el 8 y el 10% de nuestros ingresos. Por otro lado, ya no es moneda de curso legal aquello de que si estudias, te esfuerzas y te sacrificas, podr\u00e1s vivir mejor que tus padres y llegar a lo m\u00e1s alto. Seg\u00fan ciertos analistas (soci\u00f3logos y economistas), los j\u00f3venes de hoy son los perdedores, tanto en expectativas como en bienestar presente y futuro, tanto de la crisis de 2008 como de la colateral crisis econ\u00f3mica provocada por la pandemia del coronavirus. Todos los analistas afirman que los j\u00f3venes vivir\u00e1n, en general, peor que sus padres y que el ascensor social ha dejado de funcionar para la mayor\u00eda de ellos.<\/span><\/p>\n<p style=\"text-align: left;\" align=\"JUSTIFY\"><span lang=\"es-ES\">En este inicio del siglo XXI, en Espa\u00f1a disfrutamos a\u00fan de un \u201c<\/span><span lang=\"es-ES\">Estado de Bienestar<\/span><span lang=\"es-ES\">\u201d envidiable y envidiado, producto del trabajo duro, del esfuerzo y de los sacrificios de nuestros mayores. Adem\u00e1s, ante la crisis econ\u00f3mica de 2008, nuestros mayores contribuyeron a sacarles las casta\u00f1as del fuego a los Gobiernos de Zapatero y de Rajoy. En efecto, en vez de dedicarse a lo que les tocaba (descansar, disfrutar de la merecida jubilaci\u00f3n y ser cuidados), los mayores tuvieron que arrimar el hombro y ayudar a sus hijos y nietos \u2014descapitaliz\u00e1ndose\u2014, a sortear y a aliviar las consecuencias nefastas de la crisis de 2008 con sus raqu\u00edticas pensiones, con sus ahorros y con su total disponibilidad. As\u00ed, nuestros mayores apuntalaron el d\u00e9bil y tambaleante \u201cEstado de Bienestar\u201d, al tiempo que evitaron un previsible y l\u00f3gico estallido social. Con la nueva crisis econ\u00f3mica, provocada por el <a href=\"https:\/\/www.revistarambla.com\/en\/tag\/covid-19\/\">Covid 19<\/a>, millones de espa\u00f1oles volver\u00e1n a vivir situaciones dram\u00e1ticas y los descapitalizados mayores no podr\u00e1n, en este momento, arrimar el hombro econ\u00f3mico.<\/span><\/p>\n<p style=\"text-align: left;\" align=\"JUSTIFY\"><span lang=\"es-ES\">A esto habr\u00eda que a\u00f1adir que nuestros mayores (abuelos y padres) han sido tradicionalmente los depositarios y los conservadores de la tradici\u00f3n, de los <\/span><em><span lang=\"es-ES\">savoir-faire<\/span><\/em><span lang=\"es-ES\">\u00a0y de la sabidur\u00eda en todos los campos, que transmit\u00edan diligentemente a sus descendientes. Y, en consecuencia, se les escuchaba y eran objeto de respecto y de atenci\u00f3n por parte de sus reto\u00f1os. Ahora bien, con los cambios socio-econ\u00f3micos y culturales, los mayores ya no tienen ni el estatus ni el predicamento del pasado. Y, adem\u00e1s, la brecha con otros grupos etarios es cada vez mayor.<\/span><\/p>\n<h3 lang=\"es-ES\" style=\"text-align: left;\" align=\"JUSTIFY\">De la brecha intergeneracional y de la marginaci\u00f3n de los mayores<\/h3>\n<p style=\"text-align: left;\" align=\"JUSTIFY\"><span lang=\"es-ES\">Seg\u00fan la tradici\u00f3n y la sabidur\u00eda popular, es de bien nacidos ser agradecidos. Ahora bien, \u00bfc\u00f3mo hemos tratado a nuestros mayores en las \u00faltimas d\u00e9cadas y, en particular ahora, con la pandemia del coronavirus? Por un lado, los hemos derribado de su merecido y l\u00f3gico pedestal, consider\u00e1ndolos como algo in\u00fatil e improductivo que hay que desechar. Por eso, en \u00e9poca de vacas gordas, los hemos metido y abandonado en esas barcas de Caronte, que son las residencias de la tercera edad, para que los transporte hacia el m\u00e1s all\u00e1. Sin embargo, en \u00e9poca de vacas flacas, los hemos rescatado de las residencias, no por amor filial sino para hacer frente a la falta de liquidez, provocada por la crisis de 2008, con sus pensiones y ahorros. Y, para m\u00e1s inri, en los momentos cr\u00edticos de la pandemia del Covid 19, fueron secuestrados en los zulos de sus habitaciones de las residencias de mayores y se les aplic\u00f3 la metodolog\u00eda b\u00e9lica del \u201c<\/span><span lang=\"es-ES\">triaje<\/span><span lang=\"es-ES\">\u201d: ante la penuria de medios, ante el n\u00famero de contagiados y ante el colapso sanitario, los mayores fueron dejados a la deriva, de nuevo, en esas modernas barcas de Caronte de las residencias de la tercera edad para que bogaran y transitaran hacia el m\u00e1s all\u00e1 en la m\u00e1s absoluta soledad. Y \u00e9ste ha sido el caso, hasta ahora, de m\u00e1s de 20.000 mayores (el 71,8% de todos los fallecidos por coronavirus).<\/span><\/p>\n<p style=\"text-align: left;\" align=\"JUSTIFY\"><span lang=\"es-ES\">Esto no es provocar una brecha en el contrato intergeneracional. Es, m\u00e1s bien, escavar una profunda, amplia e infranqueable fosa, que pone definitivamente tierra y espacio por medio, entre nosotros y nuestros mayores. Esto es aplicarles la hitleriana \u201c<\/span><span lang=\"es-ES\">soluci\u00f3n final<\/span><span lang=\"es-ES\">\u201d, a la que ministro de finanzas nip\u00f3n, <\/span><strong><span lang=\"es-ES\">Taro Aso<\/span><\/strong><span lang=\"es-ES\">, invitaba a los ancianos japoneses: \u201c<\/span><em><span lang=\"es-ES\">El problema (la supervivencia del Estado de Bienestar) no se resolver\u00e1 a menos que Uds. se den prisa en morir<\/span><\/em><span lang=\"es-ES\">\u201d. <\/span><\/p>\n<p style=\"text-align: left;\" align=\"JUSTIFY\"><span lang=\"es-ES\">\u00a1Qu\u00e9 lecciones y que ejemplos estamos dando a nuestros reto\u00f1os! As\u00ed s\u00f3lo estamos criando cuervos que, como dice el refr\u00e1n, nos sacar\u00e1n los ojos. \u00a1Y con raz\u00f3n! De seguir por este camino, merecemos que nos apliquen la misma medicina. Y, sin lugar a dudas, nos la aplicar\u00e1n, ya que los hijos suelen imitar a sus progenitores. Como reza esta otra paremia: el que a hierro mata, a hierro muere. Por eso, cuando las barbas de tu vecino veas pelar, pon las tuyas a remojar. El que avisa no es traidor.<\/span><\/p>","protected":false},"excerpt":{"rendered":"<p>El ser humano nace y es, por naturaleza, d\u00e9bil y vulnerable. Aislado y solo, est\u00e1 expuesto a todo tipo de peligros. Por eso, siempre ha vivido con otros seres humanos para hacer frente a los contratiempos y asegurarse mejores condiciones de supervivencia y de vida. Sin embargo, esta vida en [&hellip;]<\/p>\n","protected":false},"author":17,"featured_media":23311,"comment_status":"open","ping_status":"open","sticky":false,"template":"","format":"standard","meta":{"footnotes":""},"categories":[4114],"tags":[],"class_list":["post-23309","post","type-post","status-publish","format-standard","has-post-thumbnail","hentry","category-cantando-las-verdades"],"yoast_head":"<!-- This site is optimized with the Yoast SEO plugin v27.5 - https:\/\/yoast.com\/product\/yoast-seo-wordpress\/ -->\n<title>Del contrato social al intergeneracional - Revista Rambla<\/title>\n<meta name=\"robots\" content=\"index, follow, max-snippet:-1, max-image-preview:large, max-video-preview:-1\" \/>\n<link rel=\"canonical\" href=\"https:\/\/www.revistarambla.com\/en\/del-contrato-social-al-intergeneracional\/\" \/>\n<meta property=\"og:locale\" content=\"en_GB\" \/>\n<meta property=\"og:type\" content=\"article\" \/>\n<meta property=\"og:title\" content=\"Del contrato social al intergeneracional - Revista Rambla\" \/>\n<meta property=\"og:description\" content=\"El ser humano nace y es, por naturaleza, d\u00e9bil y vulnerable. Aislado y solo, est\u00e1 expuesto a todo tipo de peligros. Por eso, siempre ha vivido con otros seres humanos para hacer frente a los contratiempos y asegurarse mejores condiciones de supervivencia y de vida. Sin embargo, esta vida en [&hellip;]\" \/>\n<meta property=\"og:url\" content=\"https:\/\/www.revistarambla.com\/en\/del-contrato-social-al-intergeneracional\/\" \/>\n<meta property=\"og:site_name\" content=\"Revista Rambla\" \/>\n<meta property=\"article:publisher\" content=\"https:\/\/www.facebook.com\/revistarambla\/\" \/>\n<meta property=\"article:author\" content=\"https:\/\/www.facebook.com\/manuelignacio.cabezasgonzalez\" \/>\n<meta property=\"article:published_time\" content=\"2020-06-16T10:57:56+00:00\" \/>\n<meta property=\"article:modified_time\" content=\"2025-01-23T20:40:49+00:00\" \/>\n<meta property=\"og:image\" content=\"https:\/\/www.revistarambla.com\/wp-content\/uploads\/2020\/06\/people-relax-rest-musician-street-scene-talk-828133-pxhere.com_-scaled.jpg\" \/>\n\t<meta property=\"og:image:width\" content=\"2048\" \/>\n\t<meta property=\"og:image:height\" content=\"1536\" \/>\n\t<meta property=\"og:image:type\" content=\"image\/jpeg\" \/>\n<meta name=\"author\" content=\"Manuel Ignacio Cabezas Gonz\u00e1lez\" \/>\n<meta name=\"twitter:card\" content=\"summary_large_image\" \/>\n<meta name=\"twitter:creator\" content=\"@ManuelICabezas\" \/>\n<meta name=\"twitter:site\" content=\"@revistarambla\" \/>\n<meta name=\"twitter:label1\" content=\"Written by\" \/>\n\t<meta name=\"twitter:data1\" content=\"Manuel Ignacio Cabezas Gonz\u00e1lez\" \/>\n\t<meta name=\"twitter:label2\" content=\"Estimated reading time\" \/>\n\t<meta name=\"twitter:data2\" content=\"6 minutes\" \/>\n<script type=\"application\/ld+json\" class=\"yoast-schema-graph\">{\"@context\":\"https:\\\/\\\/schema.org\",\"@graph\":[{\"@type\":\"Article\",\"@id\":\"https:\\\/\\\/www.revistarambla.com\\\/del-contrato-social-al-intergeneracional\\\/#article\",\"isPartOf\":{\"@id\":\"https:\\\/\\\/www.revistarambla.com\\\/del-contrato-social-al-intergeneracional\\\/\"},\"author\":{\"name\":\"Manuel Ignacio Cabezas Gonz\u00e1lez\",\"@id\":\"https:\\\/\\\/www.revistarambla.com\\\/#\\\/schema\\\/person\\\/3d71c575842522757de7f4f9c9b40215\"},\"headline\":\"Del contrato social al intergeneracional\",\"datePublished\":\"2020-06-16T10:57:56+00:00\",\"dateModified\":\"2025-01-23T20:40:49+00:00\",\"mainEntityOfPage\":{\"@id\":\"https:\\\/\\\/www.revistarambla.com\\\/del-contrato-social-al-intergeneracional\\\/\"},\"wordCount\":1357,\"commentCount\":0,\"publisher\":{\"@id\":\"https:\\\/\\\/www.revistarambla.com\\\/#organization\"},\"image\":{\"@id\":\"https:\\\/\\\/www.revistarambla.com\\\/del-contrato-social-al-intergeneracional\\\/#primaryimage\"},\"thumbnailUrl\":\"https:\\\/\\\/www.revistarambla.com\\\/wp-content\\\/uploads\\\/2020\\\/06\\\/people-relax-rest-musician-street-scene-talk-828133-pxhere.com_-scaled.jpg\",\"articleSection\":[\"Cantando las verdades\"],\"inLanguage\":\"en-GB\",\"potentialAction\":[{\"@type\":\"CommentAction\",\"name\":\"Comment\",\"target\":[\"https:\\\/\\\/www.revistarambla.com\\\/del-contrato-social-al-intergeneracional\\\/#respond\"]}]},{\"@type\":\"WebPage\",\"@id\":\"https:\\\/\\\/www.revistarambla.com\\\/del-contrato-social-al-intergeneracional\\\/\",\"url\":\"https:\\\/\\\/www.revistarambla.com\\\/del-contrato-social-al-intergeneracional\\\/\",\"name\":\"Del contrato social al intergeneracional - Revista Rambla\",\"isPartOf\":{\"@id\":\"https:\\\/\\\/www.revistarambla.com\\\/#website\"},\"primaryImageOfPage\":{\"@id\":\"https:\\\/\\\/www.revistarambla.com\\\/del-contrato-social-al-intergeneracional\\\/#primaryimage\"},\"image\":{\"@id\":\"https:\\\/\\\/www.revistarambla.com\\\/del-contrato-social-al-intergeneracional\\\/#primaryimage\"},\"thumbnailUrl\":\"https:\\\/\\\/www.revistarambla.com\\\/wp-content\\\/uploads\\\/2020\\\/06\\\/people-relax-rest-musician-street-scene-talk-828133-pxhere.com_-scaled.jpg\",\"datePublished\":\"2020-06-16T10:57:56+00:00\",\"dateModified\":\"2025-01-23T20:40:49+00:00\",\"breadcrumb\":{\"@id\":\"https:\\\/\\\/www.revistarambla.com\\\/del-contrato-social-al-intergeneracional\\\/#breadcrumb\"},\"inLanguage\":\"en-GB\",\"potentialAction\":[{\"@type\":\"ReadAction\",\"target\":[\"https:\\\/\\\/www.revistarambla.com\\\/del-contrato-social-al-intergeneracional\\\/\"]}]},{\"@type\":\"ImageObject\",\"inLanguage\":\"en-GB\",\"@id\":\"https:\\\/\\\/www.revistarambla.com\\\/del-contrato-social-al-intergeneracional\\\/#primaryimage\",\"url\":\"https:\\\/\\\/www.revistarambla.com\\\/wp-content\\\/uploads\\\/2020\\\/06\\\/people-relax-rest-musician-street-scene-talk-828133-pxhere.com_-scaled.jpg\",\"contentUrl\":\"https:\\\/\\\/www.revistarambla.com\\\/wp-content\\\/uploads\\\/2020\\\/06\\\/people-relax-rest-musician-street-scene-talk-828133-pxhere.com_-scaled.jpg\",\"width\":2048,\"height\":1536},{\"@type\":\"BreadcrumbList\",\"@id\":\"https:\\\/\\\/www.revistarambla.com\\\/del-contrato-social-al-intergeneracional\\\/#breadcrumb\",\"itemListElement\":[{\"@type\":\"ListItem\",\"position\":1,\"name\":\"Portada\",\"item\":\"https:\\\/\\\/www.revistarambla.com\\\/\"},{\"@type\":\"ListItem\",\"position\":2,\"name\":\"Del contrato social al intergeneracional\"}]},{\"@type\":\"WebSite\",\"@id\":\"https:\\\/\\\/www.revistarambla.com\\\/#website\",\"url\":\"https:\\\/\\\/www.revistarambla.com\\\/\",\"name\":\"Revista Rambla Barcelona\",\"description\":\"Periodismo independiente\",\"publisher\":{\"@id\":\"https:\\\/\\\/www.revistarambla.com\\\/#organization\"},\"potentialAction\":[{\"@type\":\"SearchAction\",\"target\":{\"@type\":\"EntryPoint\",\"urlTemplate\":\"https:\\\/\\\/www.revistarambla.com\\\/?s={search_term_string}\"},\"query-input\":{\"@type\":\"PropertyValueSpecification\",\"valueRequired\":true,\"valueName\":\"search_term_string\"}}],\"inLanguage\":\"en-GB\"},{\"@type\":\"Organization\",\"@id\":\"https:\\\/\\\/www.revistarambla.com\\\/#organization\",\"name\":\"Revista Rambla\",\"url\":\"https:\\\/\\\/www.revistarambla.com\\\/\",\"logo\":{\"@type\":\"ImageObject\",\"inLanguage\":\"en-GB\",\"@id\":\"https:\\\/\\\/www.revistarambla.com\\\/#\\\/schema\\\/logo\\\/image\\\/\",\"url\":\"https:\\\/\\\/www.revistarambla.com\\\/wp-content\\\/uploads\\\/2020\\\/09\\\/banner_rambla_1900x600_BB.png\",\"contentUrl\":\"https:\\\/\\\/www.revistarambla.com\\\/wp-content\\\/uploads\\\/2020\\\/09\\\/banner_rambla_1900x600_BB.png\",\"width\":1900,\"height\":600,\"caption\":\"Revista Rambla\"},\"image\":{\"@id\":\"https:\\\/\\\/www.revistarambla.com\\\/#\\\/schema\\\/logo\\\/image\\\/\"},\"sameAs\":[\"https:\\\/\\\/www.facebook.com\\\/revistarambla\\\/\",\"https:\\\/\\\/x.com\\\/revistarambla\",\"https:\\\/\\\/www.instagram.com\\\/revista_rambla\",\"https:\\\/\\\/es.linkedin.com\\\/company\\\/revista-rambla\"]},{\"@type\":\"Person\",\"@id\":\"https:\\\/\\\/www.revistarambla.com\\\/#\\\/schema\\\/person\\\/3d71c575842522757de7f4f9c9b40215\",\"name\":\"Manuel Ignacio Cabezas Gonz\u00e1lez\",\"description\":\"Doctor en Didactolog\u00eda de las Lenguas y de las Culturas. Profesor Titular de Ling\u00fc\u00edstica y de Ling\u00fc\u00edstica Aplicada. Departamento de Filolog\u00eda Francesa y Rom\u00e1nica (UAB).\",\"sameAs\":[\"http:\\\/\\\/honrad.blogspot.com\\\/\",\"https:\\\/\\\/www.facebook.com\\\/manuelignacio.cabezasgonzalez\",\"https:\\\/\\\/x.com\\\/ManuelICabezas\"]}]}<\/script>\n<!-- \/ Yoast SEO plugin. -->","yoast_head_json":{"title":"Del contrato social al intergeneracional - Revista Rambla","robots":{"index":"index","follow":"follow","max-snippet":"max-snippet:-1","max-image-preview":"max-image-preview:large","max-video-preview":"max-video-preview:-1"},"canonical":"https:\/\/www.revistarambla.com\/en\/del-contrato-social-al-intergeneracional\/","og_locale":"en_GB","og_type":"article","og_title":"Del contrato social al intergeneracional - Revista Rambla","og_description":"El ser humano nace y es, por naturaleza, d\u00e9bil y vulnerable. Aislado y solo, est\u00e1 expuesto a todo tipo de peligros. Por eso, siempre ha vivido con otros seres humanos para hacer frente a los contratiempos y asegurarse mejores condiciones de supervivencia y de vida. Sin embargo, esta vida en [&hellip;]","og_url":"https:\/\/www.revistarambla.com\/en\/del-contrato-social-al-intergeneracional\/","og_site_name":"Revista Rambla","article_publisher":"https:\/\/www.facebook.com\/revistarambla\/","article_author":"https:\/\/www.facebook.com\/manuelignacio.cabezasgonzalez","article_published_time":"2020-06-16T10:57:56+00:00","article_modified_time":"2025-01-23T20:40:49+00:00","og_image":[{"width":2048,"height":1536,"url":"https:\/\/www.revistarambla.com\/wp-content\/uploads\/2020\/06\/people-relax-rest-musician-street-scene-talk-828133-pxhere.com_-scaled.jpg","type":"image\/jpeg"}],"author":"Manuel Ignacio Cabezas Gonz\u00e1lez","twitter_card":"summary_large_image","twitter_creator":"@ManuelICabezas","twitter_site":"@revistarambla","twitter_misc":{"Written by":"Manuel Ignacio Cabezas Gonz\u00e1lez","Estimated reading time":"6 minutes"},"schema":{"@context":"https:\/\/schema.org","@graph":[{"@type":"Article","@id":"https:\/\/www.revistarambla.com\/del-contrato-social-al-intergeneracional\/#article","isPartOf":{"@id":"https:\/\/www.revistarambla.com\/del-contrato-social-al-intergeneracional\/"},"author":{"name":"Manuel Ignacio Cabezas Gonz\u00e1lez","@id":"https:\/\/www.revistarambla.com\/#\/schema\/person\/3d71c575842522757de7f4f9c9b40215"},"headline":"Del contrato social al intergeneracional","datePublished":"2020-06-16T10:57:56+00:00","dateModified":"2025-01-23T20:40:49+00:00","mainEntityOfPage":{"@id":"https:\/\/www.revistarambla.com\/del-contrato-social-al-intergeneracional\/"},"wordCount":1357,"commentCount":0,"publisher":{"@id":"https:\/\/www.revistarambla.com\/#organization"},"image":{"@id":"https:\/\/www.revistarambla.com\/del-contrato-social-al-intergeneracional\/#primaryimage"},"thumbnailUrl":"https:\/\/www.revistarambla.com\/wp-content\/uploads\/2020\/06\/people-relax-rest-musician-street-scene-talk-828133-pxhere.com_-scaled.jpg","articleSection":["Cantando las verdades"],"inLanguage":"en-GB","potentialAction":[{"@type":"CommentAction","name":"Comment","target":["https:\/\/www.revistarambla.com\/del-contrato-social-al-intergeneracional\/#respond"]}]},{"@type":"WebPage","@id":"https:\/\/www.revistarambla.com\/del-contrato-social-al-intergeneracional\/","url":"https:\/\/www.revistarambla.com\/del-contrato-social-al-intergeneracional\/","name":"Del contrato social al intergeneracional - Revista Rambla","isPartOf":{"@id":"https:\/\/www.revistarambla.com\/#website"},"primaryImageOfPage":{"@id":"https:\/\/www.revistarambla.com\/del-contrato-social-al-intergeneracional\/#primaryimage"},"image":{"@id":"https:\/\/www.revistarambla.com\/del-contrato-social-al-intergeneracional\/#primaryimage"},"thumbnailUrl":"https:\/\/www.revistarambla.com\/wp-content\/uploads\/2020\/06\/people-relax-rest-musician-street-scene-talk-828133-pxhere.com_-scaled.jpg","datePublished":"2020-06-16T10:57:56+00:00","dateModified":"2025-01-23T20:40:49+00:00","breadcrumb":{"@id":"https:\/\/www.revistarambla.com\/del-contrato-social-al-intergeneracional\/#breadcrumb"},"inLanguage":"en-GB","potentialAction":[{"@type":"ReadAction","target":["https:\/\/www.revistarambla.com\/del-contrato-social-al-intergeneracional\/"]}]},{"@type":"ImageObject","inLanguage":"en-GB","@id":"https:\/\/www.revistarambla.com\/del-contrato-social-al-intergeneracional\/#primaryimage","url":"https:\/\/www.revistarambla.com\/wp-content\/uploads\/2020\/06\/people-relax-rest-musician-street-scene-talk-828133-pxhere.com_-scaled.jpg","contentUrl":"https:\/\/www.revistarambla.com\/wp-content\/uploads\/2020\/06\/people-relax-rest-musician-street-scene-talk-828133-pxhere.com_-scaled.jpg","width":2048,"height":1536},{"@type":"BreadcrumbList","@id":"https:\/\/www.revistarambla.com\/del-contrato-social-al-intergeneracional\/#breadcrumb","itemListElement":[{"@type":"ListItem","position":1,"name":"Portada","item":"https:\/\/www.revistarambla.com\/"},{"@type":"ListItem","position":2,"name":"Del contrato social al intergeneracional"}]},{"@type":"WebSite","@id":"https:\/\/www.revistarambla.com\/#website","url":"https:\/\/www.revistarambla.com\/","name":"Revista Rambla Barcelona","description":"Periodismo independiente","publisher":{"@id":"https:\/\/www.revistarambla.com\/#organization"},"potentialAction":[{"@type":"SearchAction","target":{"@type":"EntryPoint","urlTemplate":"https:\/\/www.revistarambla.com\/?s={search_term_string}"},"query-input":{"@type":"PropertyValueSpecification","valueRequired":true,"valueName":"search_term_string"}}],"inLanguage":"en-GB"},{"@type":"Organization","@id":"https:\/\/www.revistarambla.com\/#organization","name":"Revista Rambla","url":"https:\/\/www.revistarambla.com\/","logo":{"@type":"ImageObject","inLanguage":"en-GB","@id":"https:\/\/www.revistarambla.com\/#\/schema\/logo\/image\/","url":"https:\/\/www.revistarambla.com\/wp-content\/uploads\/2020\/09\/banner_rambla_1900x600_BB.png","contentUrl":"https:\/\/www.revistarambla.com\/wp-content\/uploads\/2020\/09\/banner_rambla_1900x600_BB.png","width":1900,"height":600,"caption":"Revista Rambla"},"image":{"@id":"https:\/\/www.revistarambla.com\/#\/schema\/logo\/image\/"},"sameAs":["https:\/\/www.facebook.com\/revistarambla\/","https:\/\/x.com\/revistarambla","https:\/\/www.instagram.com\/revista_rambla","https:\/\/es.linkedin.com\/company\/revista-rambla"]},{"@type":"Person","@id":"https:\/\/www.revistarambla.com\/#\/schema\/person\/3d71c575842522757de7f4f9c9b40215","name":"Manuel Ignacio Cabezas Gonz\u00e1lez","description":"Doctor en Didactolog\u00eda de las Lenguas y de las Culturas. Profesor Titular de Ling\u00fc\u00edstica y de Ling\u00fc\u00edstica Aplicada. Departamento de Filolog\u00eda Francesa y Rom\u00e1nica (UAB).","sameAs":["http:\/\/honrad.blogspot.com\/","https:\/\/www.facebook.com\/manuelignacio.cabezasgonzalez","https:\/\/x.com\/ManuelICabezas"]}]}},"_links":{"self":[{"href":"https:\/\/www.revistarambla.com\/en\/wp-json\/wp\/v2\/posts\/23309","targetHints":{"allow":["GET"]}}],"collection":[{"href":"https:\/\/www.revistarambla.com\/en\/wp-json\/wp\/v2\/posts"}],"about":[{"href":"https:\/\/www.revistarambla.com\/en\/wp-json\/wp\/v2\/types\/post"}],"author":[{"embeddable":true,"href":"https:\/\/www.revistarambla.com\/en\/wp-json\/wp\/v2\/users\/17"}],"replies":[{"embeddable":true,"href":"https:\/\/www.revistarambla.com\/en\/wp-json\/wp\/v2\/comments?post=23309"}],"version-history":[{"count":1,"href":"https:\/\/www.revistarambla.com\/en\/wp-json\/wp\/v2\/posts\/23309\/revisions"}],"predecessor-version":[{"id":64113,"href":"https:\/\/www.revistarambla.com\/en\/wp-json\/wp\/v2\/posts\/23309\/revisions\/64113"}],"wp:featuredmedia":[{"embeddable":true,"href":"https:\/\/www.revistarambla.com\/en\/wp-json\/wp\/v2\/media\/23311"}],"wp:attachment":[{"href":"https:\/\/www.revistarambla.com\/en\/wp-json\/wp\/v2\/media?parent=23309"}],"wp:term":[{"taxonomy":"category","embeddable":true,"href":"https:\/\/www.revistarambla.com\/en\/wp-json\/wp\/v2\/categories?post=23309"},{"taxonomy":"post_tag","embeddable":true,"href":"https:\/\/www.revistarambla.com\/en\/wp-json\/wp\/v2\/tags?post=23309"}],"curies":[{"name":"wp","href":"https:\/\/api.w.org\/{rel}","templated":true}]}}