{"id":23105,"date":"2020-05-18T17:57:10","date_gmt":"2020-05-18T15:57:10","guid":{"rendered":"https:\/\/www.revistarambla.com\/?p=23105"},"modified":"2025-01-23T21:40:50","modified_gmt":"2025-01-23T20:40:50","slug":"la-pandemia-de-la-soledad-no-deseada","status":"publish","type":"post","link":"https:\/\/www.revistarambla.com\/en\/la-pandemia-de-la-soledad-no-deseada\/","title":{"rendered":"La pandemia de &#8216;la soledad no deseada&#8217;"},"content":{"rendered":"<figure id=\"attachment_23107\" aria-describedby=\"caption-attachment-23107\" style=\"width: 2048px\" class=\"wp-caption aligncenter\"><a href=\"https:\/\/www.revistarambla.com\/wp-content\/uploads\/2020\/05\/Desertificaci\u00f3n-social-scaled.jpg\"><img decoding=\"async\" class=\"wp-image-23107 size-full\" src=\"https:\/\/www.revistarambla.com\/wp-content\/uploads\/2020\/05\/Desertificaci\u00f3n-social-scaled.jpg\" alt=\"\" width=\"2048\" height=\"1537\" srcset=\"https:\/\/www.revistarambla.com\/wp-content\/uploads\/2020\/05\/Desertificaci\u00f3n-social-scaled.jpg 2048w, https:\/\/www.revistarambla.com\/wp-content\/uploads\/2020\/05\/Desertificaci\u00f3n-social-300x225.jpg 300w, https:\/\/www.revistarambla.com\/wp-content\/uploads\/2020\/05\/Desertificaci\u00f3n-social-1024x769.jpg 1024w, https:\/\/www.revistarambla.com\/wp-content\/uploads\/2020\/05\/Desertificaci\u00f3n-social-768x576.jpg 768w, https:\/\/www.revistarambla.com\/wp-content\/uploads\/2020\/05\/Desertificaci\u00f3n-social-1536x1153.jpg 1536w, https:\/\/www.revistarambla.com\/wp-content\/uploads\/2020\/05\/Desertificaci\u00f3n-social-140x105.jpg 140w, https:\/\/www.revistarambla.com\/wp-content\/uploads\/2020\/05\/Desertificaci\u00f3n-social-754x566.jpg 754w, https:\/\/www.revistarambla.com\/wp-content\/uploads\/2020\/05\/Desertificaci\u00f3n-social-577x433.jpg 577w, https:\/\/www.revistarambla.com\/wp-content\/uploads\/2020\/05\/Desertificaci\u00f3n-social-406x305.jpg 406w, https:\/\/www.revistarambla.com\/wp-content\/uploads\/2020\/05\/Desertificaci\u00f3n-social-678x509.jpg 678w, https:\/\/www.revistarambla.com\/wp-content\/uploads\/2020\/05\/Desertificaci\u00f3n-social-326x245.jpg 326w, https:\/\/www.revistarambla.com\/wp-content\/uploads\/2020\/05\/Desertificaci\u00f3n-social-80x60.jpg 80w\" sizes=\"(max-width: 2048px) 100vw, 2048px\" \/><\/a><figcaption id=\"caption-attachment-23107\" class=\"wp-caption-text\">&#8216;Desertificaci\u00f3n social&#8217; by <strong><a href=\"https:\/\/www.instagram.com\/pomeladrop\/?hl=es\">@pomeladrop<\/a><\/strong>.<\/figcaption><\/figure>\n<p><span lang=\"es-ES\">En el mundo actual que nos ha tocado vivir, la pandemia del conoravirus, la crisis sanitaria subsiguiente y el efecto colateral de la amenazadora crisis econ\u00f3mica, social y laboral son ciertamente problemas muy graves y preocupantes. Pero, desde hace mucho tiempo, hay otro, tan grave como el Covid 19, del que se habla poco. Digamos, como hubiera dicho <\/span><strong><span lang=\"es-ES\">Sabina<\/span><\/strong><span lang=\"es-ES\">, que hablo de la \u201c<\/span><span lang=\"es-ES\">soledad<\/span><span lang=\"es-ES\">\u201d. Cuando utilizo la expresi\u00f3n \u201c<\/span><span lang=\"es-ES\">soledad como problema<\/span><span lang=\"es-ES\">\u201d, me refiero a la \u201c<\/span><span lang=\"es-ES\">soledad no deseada ni buscada<\/span><span lang=\"es-ES\">\u201d, a aquella soledad de las personas que se sienten solas porque necesitan m\u00e1s interacciones sociales o un cierto tipo de interacci\u00f3n social, que no tienen. Y este d\u00e9ficit de contactos sociales es vivido por los afectados como un drama, como un martirio, como un aut\u00e9ntico y grave problema.<\/span><\/p>\n<h4><strong><span lang=\"es-ES\">La soledad no deseada<\/span><\/strong><\/h4>\n<p><span lang=\"es-ES\">Esta soledad<\/span> <span lang=\"es-ES\">es tambi\u00e9n una pandemia que, desde hace ya muchos a\u00f1os, se propaga por el mundo desarrollado, como una mancha de aceite, producida y propagada por el viento del enga\u00f1oso \u201cprogreso\u201d, del consumismo desenfrenado, del bienestar social y de ese pernicioso virus de la \u201cglobalizaci\u00f3n\u201d. Contra esta pandemia, que algunos tildan ya de \u201cpandemia del siglo XXI\u201d, ning\u00fan pa\u00eds del mundo desarrollado est\u00e1 vacunado. En todos ellos el virus maligno de la soledad se ha cobrado y se cobra cada vez m\u00e1s v\u00edctimas, principalmente entre las personas mayores, pero no s\u00f3lo. Los adultos, los j\u00f3venes e, incluso, los ni\u00f1os son tambi\u00e9n v\u00edctimas de ella.<\/span><\/p>\n<p><span lang=\"es-ES\">As\u00ed, en el Reino Unido, en 2018, 9 de los 65 millones de brit\u00e1nicos padec\u00edan de soledad; y unos 200.000 no hab\u00edan hablado con nadie durante m\u00e1s de un a\u00f1o. Ante la magnitud y la gravedad de este problema, la primera ministra <\/span><strong><span lang=\"es-ES\">Theresa May<\/span><\/strong><span lang=\"es-ES\"> cre\u00f3 el \u201c<\/span><span lang=\"es-ES\">Ministerio de la Soledad<\/span><span lang=\"es-ES\">\u201d para abordarlo, gestionarlo y darle soluci\u00f3n. En Jap\u00f3n, en 2019, el 70% de los nipones entre los 18 y los 34 a\u00f1os no ten\u00edan pareja y esto va a m\u00e1s cada a\u00f1o. Por otro lado, en los restaurantes japoneses, se suele ofrecer un peluche \u201c<\/span><span lang=\"es-ES\">grandeur nature<\/span><span lang=\"es-ES\">\u201d a los clientes para que no coman o cenen solos. Y, para los fines de semana, las vacaciones o los d\u00edas festivos, existe la f\u00f3rmula de las \u201c<\/span><span lang=\"es-ES\">familias en renta<\/span><span lang=\"es-ES\">\u201d, para pasarlos en compa\u00f1\u00eda. Adem\u00e1s, en el Pa\u00eds del Sol Naciente, muchos ancianos cometen delitos menores s\u00f3lo para ir a la c\u00e1rcel y no sentirse solos. En EE.UU., encontramos la misma realidad: 3 de cada 5 americanos dicen sentirse solos. Y, por dar un \u00faltimo ejemplo, lo mismo sucede en China donde, en 2018, m\u00e1s de 200 millones de chinos eran solteros y unos 77 millones viv\u00edan solos. <\/span><\/p>\n<h4><strong><span lang=\"es-ES\">La soledad no deseada en Espa\u00f1a <\/span><\/strong><\/h4>\n<p><span lang=\"es-ES\">Espa\u00f1a no es un caso aparte. Seg\u00fan un estudio de AXA &amp; ONCE, casi 5 millones de espa\u00f1oles viven tambi\u00e9n solos y su n\u00famero crece sin parar. La mayor parte son personas mayores, que pasan meses sin que nadie las eche en falta y sin que nadie pregunte por ellas. Adem\u00e1s, uno de cada 10 espa\u00f1oles dice sentirse tambi\u00e9n solo. Y esto es particularmente grave entre los mayores de 80 a\u00f1os: el 48% se sienten solos y abandonados. Por otro lado, seg\u00fan un estudio de la Caixa, el 20% de las personas entre 20 y 40 a\u00f1os est\u00e1n en peligro de aislamiento social por soledad. Ahora bien, la soledad es un problema estructural, que no afecta a todas las personas que viven solas ni s\u00f3lo a las personas que viven solas. Como dijo alguien, de cuyo nombre no puedo acordarme, \u201c<\/span><span lang=\"es-ES\">la peor soledad es estar con alguien y, sin embargo, sentirse solo<\/span><span lang=\"es-ES\">\u201d.<\/span><\/p>\n<h4><strong><span lang=\"es-ES\">Consecuencias<\/span><span lang=\"es-ES\">\u00a0<\/span><\/strong><\/h4>\n<p><span lang=\"es-ES\">La pandemia de la soledad constituye el caldo de cultivo que permite el desarrollo de una serie de patolog\u00edas, tanto sociales como som\u00e1ticas y ps\u00edquicas. Los seres humanos somos seres indefensos y dependientes, expuestos a toda clase de peligros. Por eso, somos sociables ya que, seg\u00fan <\/span><strong>Thomas Harris<\/strong>,<span lang=\"es-ES\"> \u201c<\/span><span lang=\"es-ES\">nada nos hace m\u00e1s vulnerables que la soledad<\/span><span lang=\"es-ES\">\u201d. Distintos estudios han puesto el acento en el hecho de que la soledad es la principal causa de exclusi\u00f3n social. Adem\u00e1s, favorece la hipertensi\u00f3n, los riesgos cardiovasculares, el debilitamiento del sistema inmunol\u00f3gico, la obesidad, el exceso de colesterol, etc. Y, por otro lado, propicia la ansiedad, las adicciones (alcohol, drogas, redes sociales, etc.), la mala calidad del sue\u00f1o, el deterioro mental, que pueden conducir al suicidio (casi 4.000 suicidios, al a\u00f1o, en Espa\u00f1a). La soledad es, como la tensi\u00f3n alta, una \u201casesina silenciosa\u201d. <\/span><\/p>\n<h4><strong><span lang=\"es-ES\">Causas<\/span><span lang=\"es-ES\">\u00a0<\/span><\/strong><\/h4>\n<p><span lang=\"es-ES\">En Espa\u00f1a, las causas de la pandemia de la \u201c<\/span><span lang=\"es-ES\">soledad no deseada<\/span><span lang=\"es-ES\">\u201d son, como en otros pa\u00edses, muy variadas y cortocircuitan las relaciones humanas. En los estudios e informes sobre la cuesti\u00f3n, se suele citar, como una de las principales causas, el no haber cultivado la amistad o el no haberlo hecho con personas significativas a lo largo del devenir vital: infancia, adolescencia, juventud y vida adulta. Y, por eso, con el paso del tiempo y sobre todo en la llamada \u201ctercera edad\u201d, la soledad se convierte en un peso insoportable, que hace que la vida sea un sinvivir y un aut\u00e9ntico valle de l\u00e1grimas.<\/span><\/p>\n<p><span lang=\"es-ES\">Adem\u00e1s, se suelen citar la p\u00e9rdida de seres queridos, las rupturas sentimentales, los divorcios y la p\u00e9rdida de esa actividad tan socializadora y equilibradora que es el empleo, que deja encalladas y varadas a millones de personas en la arena del desempleo. Se trae tambi\u00e9n a colaci\u00f3n la metamorfosis sufrida por los hogares y las familias espa\u00f1olas. La nueva familia espa\u00f1ola (de menor tama\u00f1o, con una baja tasa de natalidad, desintegrada, con dificultades para conciliar trabajo y familia, con mayor movilidad de sus miembros, etc.) ya no es ese gran ant\u00eddoto-oasis contra la soledad. Por otro lado, tambi\u00e9n se suele hacer referencia a los nuevos h\u00e1bitos de vida de los espa\u00f1oles: consumo desenfrenado, materialismo, egocentrismo, hedonismo sin coste ni esfuerzo, derechos sin deberes, etc. <\/span><\/p>\n<p><span lang=\"es-ES\">Se imputa adem\u00e1s el problema de la soledad al mal uso y abuso de las nuevas tecnolog\u00edas (internet, m\u00f3vil, redes sociales), que han propiciado que las nuevas generaciones prefieran las redes sociales (todo lo virtual) a las interacciones reales y directas. Como ha escrito muy acertadamente <\/span><strong><span lang=\"es-ES\">Ignatus Farray<\/span><\/strong><span lang=\"es-ES\">, las \u201cconsolas\u201d han reemplazado a los \u201clibros\u201d, los \u201cm\u00f3viles\u201d nos han privado de la cercan\u00eda de la \u201cvoz\u201d del \u201c<\/span><span lang=\"es-ES\">t\u00eate-\u00e0-t\u00eate<\/span><span lang=\"es-ES\">\u201d, las \u201cmiradas\u201d han sido sustituidas por \u201c<\/span><span lang=\"es-ES\">likes<\/span><span lang=\"es-ES\">\u201d, las \u201ccartas de amor\u201d han dado paso a los \u201c<\/span><span lang=\"es-ES\">tinder<\/span><span lang=\"es-ES\">\u201d instant\u00e1neos, los \u201camigos virtuales\u201d han ganado la partida a los de carne y hueso, las \u201choras de consolas y de redes sociales\u201d no cesan de aumentar, al tiempo que disminuyen \u201clas de los paseos y las ca\u00f1as con confidencias\u201d. A prop\u00f3sito del mal uso y\/o abuso de las redes sociales, podemos preguntarnos: \u00bflas personas se conectan cada vez m\u00e1s a las redes porque se sienten solas o, por el contrario, por estar mucho tiempo conectadas a las redes se quedan y se sienten solas?<\/span><\/p>\n<h4><strong><span lang=\"es-ES\">El ant\u00eddoto contra la soledad <\/span><\/strong><\/h4>\n<p><span lang=\"es-ES\">El ant\u00eddoto contra esta pandemia tr\u00e1gica de la \u201csoledad no deseada\u201d est\u00e1 al alcance de la mano y depende de cada uno de nosotros. El ser humano es un ser incompleto, vulnerable, dependiente y, por lo tanto, sociable por naturaleza y por necesidad. Por eso, como puede leerse en el G\u00e9nesis \u201c<\/span><span lang=\"es-ES\">no es bueno que el hombre est\u00e9 solo<\/span><span lang=\"es-ES\">\u201d. Sin embargo, nos hemos dejado engatusar y enga\u00f1ar por la falacia y la seudo-ilusi\u00f3n de la amistad y de los amigos de las redes sociales. Por eso, deber\u00edamos, m\u00e1s bien, alejarnos de ellas y cultivar las aut\u00e9nticas relaciones humanas y, sobre todo, la verdadera amistad \u201c<\/span><span lang=\"es-ES\">face to face<\/span><span lang=\"es-ES\">\u201d. Como escribi\u00f3 <\/span><strong><span lang=\"es-ES\">Arist\u00f3teles<\/span><\/strong><span lang=\"es-ES\">, \u201c<\/span><span lang=\"es-ES\">la amistad es la cosa m\u00e1s necesaria en la vida, ya que nadie, aunque tuviese todos los bienes restantes, elegir\u00eda vivir sin amigos<\/span><span lang=\"es-ES\">\u201d. Ahora bien, los amigos y la verdadera amistad exigen tiempo, dedicaci\u00f3n, esfuerzo, cuidados, inversi\u00f3n personal, proximidad f\u00edsica con el otro, compartir, etc. No es algo que se obtiene \u201c<\/span>gratis et amore\u201d.<span lang=\"es-ES\"> Y, adem\u00e1s, cultivar la amistad con may\u00fasculas nos debe obligar a que abandonemos el insolidario y egoista \u201c<\/span><span lang=\"es-ES\">s\u00e1lvese quien pueda<\/span><span lang=\"es-ES\">\u201d y volvamos al solidario y altruista \u201c<\/span><span lang=\"es-ES\">hoy, por m\u00ed; ma\u00f1ana, por ti<\/span><span lang=\"es-ES\">\u201d o al lema mosqueteril de \u201c<\/span><span lang=\"es-ES\">todos, para uno; uno, para todos<\/span><span lang=\"es-ES\">\u201d. No nos enga\u00f1emos: \u201ce<\/span><span lang=\"es-ES\">star solo no es casualidad<\/span><span lang=\"es-ES\">\u201d, <\/span><strong><span lang=\"es-ES\">Jorge Buacay<\/span><\/strong><em> <span lang=\"es-ES\">dixit<\/span><\/em><span lang=\"es-ES\">. Por eso, para afrontar la soledad, no la llenemos con cualquier persona. \u00a1Invirtamos en amistad y cultiv\u00e9mosla! As\u00ed nos vacunaremos contra la \u201cpandemia de la soledad no deseada\u201d.<\/span><\/p>\n<p><em>*<strong>Manuel I. Cabezas Gonz\u00e1lez<\/strong> es doctor en Didactolog\u00eda de las Lenguas y de las Culturas y profesor titular de Ling\u00fc\u00edstica y de Ling\u00fc\u00edstica Aplicada del Departamento de Filolog\u00eda Francesa y Rom\u00e1nica de la UAB.<\/em><\/p>\n<p><em>*Ilustra el art\u00edculo <strong>Mar\u00eda Eugenia Piacentini<\/strong>, puedes <a href=\"https:\/\/www.instagram.com\/pomeladrop\/?hl=es\">seguirla en Instagram (@pomeladrop)<\/a> o ver <a href=\"https:\/\/eugenia-piacentini.myportfolio.com\/colourful-smoke\">aqu\u00ed su portfolio<\/a>. Contacto: <a href=\"mailto:eu.piacentini@telefonica.net\" target=\"_blank\" rel=\"noopener noreferrer\">eu.piacentini@telefonica.net<\/a><\/em><\/p>","protected":false},"excerpt":{"rendered":"<p>En el mundo actual que nos ha tocado vivir, la pandemia del conoravirus, la crisis sanitaria subsiguiente y el efecto colateral de la amenazadora crisis econ\u00f3mica, social y laboral son ciertamente problemas muy graves y preocupantes. Pero, desde hace mucho tiempo, hay otro, tan grave como el Covid 19, del [&hellip;]<\/p>\n","protected":false},"author":17,"featured_media":23107,"comment_status":"open","ping_status":"open","sticky":false,"template":"","format":"standard","meta":{"footnotes":""},"categories":[4114],"tags":[],"class_list":["post-23105","post","type-post","status-publish","format-standard","has-post-thumbnail","hentry","category-cantando-las-verdades"],"yoast_head":"<!-- This site is optimized with the Yoast SEO plugin v27.5 - https:\/\/yoast.com\/product\/yoast-seo-wordpress\/ -->\n<title>La pandemia de &#039;la soledad no deseada&#039; - Revista Rambla<\/title>\n<meta name=\"robots\" content=\"index, follow, max-snippet:-1, max-image-preview:large, max-video-preview:-1\" \/>\n<link rel=\"canonical\" href=\"https:\/\/www.revistarambla.com\/en\/la-pandemia-de-la-soledad-no-deseada\/\" \/>\n<meta property=\"og:locale\" content=\"en_GB\" \/>\n<meta property=\"og:type\" content=\"article\" \/>\n<meta property=\"og:title\" content=\"La pandemia de &#039;la soledad no deseada&#039; - Revista Rambla\" \/>\n<meta property=\"og:description\" content=\"En el mundo actual que nos ha tocado vivir, la pandemia del conoravirus, la crisis sanitaria subsiguiente y el efecto colateral de la amenazadora crisis econ\u00f3mica, social y laboral son ciertamente problemas muy graves y preocupantes. Pero, desde hace mucho tiempo, hay otro, tan grave como el Covid 19, del [&hellip;]\" \/>\n<meta property=\"og:url\" content=\"https:\/\/www.revistarambla.com\/en\/la-pandemia-de-la-soledad-no-deseada\/\" \/>\n<meta property=\"og:site_name\" content=\"Revista Rambla\" \/>\n<meta property=\"article:publisher\" content=\"https:\/\/www.facebook.com\/revistarambla\/\" \/>\n<meta property=\"article:author\" content=\"https:\/\/www.facebook.com\/manuelignacio.cabezasgonzalez\" \/>\n<meta property=\"article:published_time\" content=\"2020-05-18T15:57:10+00:00\" \/>\n<meta property=\"article:modified_time\" content=\"2025-01-23T20:40:50+00:00\" \/>\n<meta property=\"og:image\" content=\"https:\/\/www.revistarambla.com\/wp-content\/uploads\/2020\/05\/Desertificaci\u00f3n-social-scaled.jpg\" \/>\n\t<meta property=\"og:image:width\" content=\"2048\" \/>\n\t<meta property=\"og:image:height\" content=\"1537\" \/>\n\t<meta property=\"og:image:type\" content=\"image\/jpeg\" \/>\n<meta name=\"author\" content=\"Manuel Ignacio Cabezas Gonz\u00e1lez\" \/>\n<meta name=\"twitter:card\" content=\"summary_large_image\" \/>\n<meta name=\"twitter:creator\" content=\"@ManuelICabezas\" \/>\n<meta name=\"twitter:site\" content=\"@revistarambla\" \/>\n<meta name=\"twitter:label1\" content=\"Written by\" \/>\n\t<meta name=\"twitter:data1\" content=\"Manuel Ignacio Cabezas Gonz\u00e1lez\" \/>\n\t<meta name=\"twitter:label2\" content=\"Estimated reading time\" \/>\n\t<meta name=\"twitter:data2\" content=\"8 minutes\" \/>\n<script type=\"application\/ld+json\" class=\"yoast-schema-graph\">{\"@context\":\"https:\\\/\\\/schema.org\",\"@graph\":[{\"@type\":\"Article\",\"@id\":\"https:\\\/\\\/www.revistarambla.com\\\/la-pandemia-de-la-soledad-no-deseada\\\/#article\",\"isPartOf\":{\"@id\":\"https:\\\/\\\/www.revistarambla.com\\\/la-pandemia-de-la-soledad-no-deseada\\\/\"},\"author\":{\"name\":\"Manuel Ignacio Cabezas Gonz\u00e1lez\",\"@id\":\"https:\\\/\\\/www.revistarambla.com\\\/#\\\/schema\\\/person\\\/3d71c575842522757de7f4f9c9b40215\"},\"headline\":\"La pandemia de &#8216;la soledad no deseada&#8217;\",\"datePublished\":\"2020-05-18T15:57:10+00:00\",\"dateModified\":\"2025-01-23T20:40:50+00:00\",\"mainEntityOfPage\":{\"@id\":\"https:\\\/\\\/www.revistarambla.com\\\/la-pandemia-de-la-soledad-no-deseada\\\/\"},\"wordCount\":1558,\"commentCount\":0,\"publisher\":{\"@id\":\"https:\\\/\\\/www.revistarambla.com\\\/#organization\"},\"image\":{\"@id\":\"https:\\\/\\\/www.revistarambla.com\\\/la-pandemia-de-la-soledad-no-deseada\\\/#primaryimage\"},\"thumbnailUrl\":\"https:\\\/\\\/www.revistarambla.com\\\/wp-content\\\/uploads\\\/2020\\\/05\\\/Desertificaci\u00f3n-social-scaled.jpg\",\"articleSection\":[\"Cantando las verdades\"],\"inLanguage\":\"en-GB\",\"potentialAction\":[{\"@type\":\"CommentAction\",\"name\":\"Comment\",\"target\":[\"https:\\\/\\\/www.revistarambla.com\\\/la-pandemia-de-la-soledad-no-deseada\\\/#respond\"]}]},{\"@type\":\"WebPage\",\"@id\":\"https:\\\/\\\/www.revistarambla.com\\\/la-pandemia-de-la-soledad-no-deseada\\\/\",\"url\":\"https:\\\/\\\/www.revistarambla.com\\\/la-pandemia-de-la-soledad-no-deseada\\\/\",\"name\":\"La pandemia de 'la soledad no deseada' - Revista Rambla\",\"isPartOf\":{\"@id\":\"https:\\\/\\\/www.revistarambla.com\\\/#website\"},\"primaryImageOfPage\":{\"@id\":\"https:\\\/\\\/www.revistarambla.com\\\/la-pandemia-de-la-soledad-no-deseada\\\/#primaryimage\"},\"image\":{\"@id\":\"https:\\\/\\\/www.revistarambla.com\\\/la-pandemia-de-la-soledad-no-deseada\\\/#primaryimage\"},\"thumbnailUrl\":\"https:\\\/\\\/www.revistarambla.com\\\/wp-content\\\/uploads\\\/2020\\\/05\\\/Desertificaci\u00f3n-social-scaled.jpg\",\"datePublished\":\"2020-05-18T15:57:10+00:00\",\"dateModified\":\"2025-01-23T20:40:50+00:00\",\"breadcrumb\":{\"@id\":\"https:\\\/\\\/www.revistarambla.com\\\/la-pandemia-de-la-soledad-no-deseada\\\/#breadcrumb\"},\"inLanguage\":\"en-GB\",\"potentialAction\":[{\"@type\":\"ReadAction\",\"target\":[\"https:\\\/\\\/www.revistarambla.com\\\/la-pandemia-de-la-soledad-no-deseada\\\/\"]}]},{\"@type\":\"ImageObject\",\"inLanguage\":\"en-GB\",\"@id\":\"https:\\\/\\\/www.revistarambla.com\\\/la-pandemia-de-la-soledad-no-deseada\\\/#primaryimage\",\"url\":\"https:\\\/\\\/www.revistarambla.com\\\/wp-content\\\/uploads\\\/2020\\\/05\\\/Desertificaci\u00f3n-social-scaled.jpg\",\"contentUrl\":\"https:\\\/\\\/www.revistarambla.com\\\/wp-content\\\/uploads\\\/2020\\\/05\\\/Desertificaci\u00f3n-social-scaled.jpg\",\"width\":2048,\"height\":1537,\"caption\":\"Desertificaci\u00f3n social\"},{\"@type\":\"BreadcrumbList\",\"@id\":\"https:\\\/\\\/www.revistarambla.com\\\/la-pandemia-de-la-soledad-no-deseada\\\/#breadcrumb\",\"itemListElement\":[{\"@type\":\"ListItem\",\"position\":1,\"name\":\"Portada\",\"item\":\"https:\\\/\\\/www.revistarambla.com\\\/\"},{\"@type\":\"ListItem\",\"position\":2,\"name\":\"La pandemia de &#8216;la soledad no deseada&#8217;\"}]},{\"@type\":\"WebSite\",\"@id\":\"https:\\\/\\\/www.revistarambla.com\\\/#website\",\"url\":\"https:\\\/\\\/www.revistarambla.com\\\/\",\"name\":\"Revista Rambla Barcelona\",\"description\":\"Periodismo independiente\",\"publisher\":{\"@id\":\"https:\\\/\\\/www.revistarambla.com\\\/#organization\"},\"potentialAction\":[{\"@type\":\"SearchAction\",\"target\":{\"@type\":\"EntryPoint\",\"urlTemplate\":\"https:\\\/\\\/www.revistarambla.com\\\/?s={search_term_string}\"},\"query-input\":{\"@type\":\"PropertyValueSpecification\",\"valueRequired\":true,\"valueName\":\"search_term_string\"}}],\"inLanguage\":\"en-GB\"},{\"@type\":\"Organization\",\"@id\":\"https:\\\/\\\/www.revistarambla.com\\\/#organization\",\"name\":\"Revista Rambla\",\"url\":\"https:\\\/\\\/www.revistarambla.com\\\/\",\"logo\":{\"@type\":\"ImageObject\",\"inLanguage\":\"en-GB\",\"@id\":\"https:\\\/\\\/www.revistarambla.com\\\/#\\\/schema\\\/logo\\\/image\\\/\",\"url\":\"https:\\\/\\\/www.revistarambla.com\\\/wp-content\\\/uploads\\\/2020\\\/09\\\/banner_rambla_1900x600_BB.png\",\"contentUrl\":\"https:\\\/\\\/www.revistarambla.com\\\/wp-content\\\/uploads\\\/2020\\\/09\\\/banner_rambla_1900x600_BB.png\",\"width\":1900,\"height\":600,\"caption\":\"Revista Rambla\"},\"image\":{\"@id\":\"https:\\\/\\\/www.revistarambla.com\\\/#\\\/schema\\\/logo\\\/image\\\/\"},\"sameAs\":[\"https:\\\/\\\/www.facebook.com\\\/revistarambla\\\/\",\"https:\\\/\\\/x.com\\\/revistarambla\",\"https:\\\/\\\/www.instagram.com\\\/revista_rambla\",\"https:\\\/\\\/es.linkedin.com\\\/company\\\/revista-rambla\"]},{\"@type\":\"Person\",\"@id\":\"https:\\\/\\\/www.revistarambla.com\\\/#\\\/schema\\\/person\\\/3d71c575842522757de7f4f9c9b40215\",\"name\":\"Manuel Ignacio Cabezas Gonz\u00e1lez\",\"description\":\"Doctor en Didactolog\u00eda de las Lenguas y de las Culturas. Profesor Titular de Ling\u00fc\u00edstica y de Ling\u00fc\u00edstica Aplicada. Departamento de Filolog\u00eda Francesa y Rom\u00e1nica (UAB).\",\"sameAs\":[\"http:\\\/\\\/honrad.blogspot.com\\\/\",\"https:\\\/\\\/www.facebook.com\\\/manuelignacio.cabezasgonzalez\",\"https:\\\/\\\/x.com\\\/ManuelICabezas\"]}]}<\/script>\n<!-- \/ Yoast SEO plugin. -->","yoast_head_json":{"title":"La pandemia de 'la soledad no deseada' - Revista Rambla","robots":{"index":"index","follow":"follow","max-snippet":"max-snippet:-1","max-image-preview":"max-image-preview:large","max-video-preview":"max-video-preview:-1"},"canonical":"https:\/\/www.revistarambla.com\/en\/la-pandemia-de-la-soledad-no-deseada\/","og_locale":"en_GB","og_type":"article","og_title":"La pandemia de 'la soledad no deseada' - Revista Rambla","og_description":"En el mundo actual que nos ha tocado vivir, la pandemia del conoravirus, la crisis sanitaria subsiguiente y el efecto colateral de la amenazadora crisis econ\u00f3mica, social y laboral son ciertamente problemas muy graves y preocupantes. Pero, desde hace mucho tiempo, hay otro, tan grave como el Covid 19, del [&hellip;]","og_url":"https:\/\/www.revistarambla.com\/en\/la-pandemia-de-la-soledad-no-deseada\/","og_site_name":"Revista Rambla","article_publisher":"https:\/\/www.facebook.com\/revistarambla\/","article_author":"https:\/\/www.facebook.com\/manuelignacio.cabezasgonzalez","article_published_time":"2020-05-18T15:57:10+00:00","article_modified_time":"2025-01-23T20:40:50+00:00","og_image":[{"width":2048,"height":1537,"url":"https:\/\/www.revistarambla.com\/wp-content\/uploads\/2020\/05\/Desertificaci\u00f3n-social-scaled.jpg","type":"image\/jpeg"}],"author":"Manuel Ignacio Cabezas Gonz\u00e1lez","twitter_card":"summary_large_image","twitter_creator":"@ManuelICabezas","twitter_site":"@revistarambla","twitter_misc":{"Written by":"Manuel Ignacio Cabezas Gonz\u00e1lez","Estimated reading time":"8 minutes"},"schema":{"@context":"https:\/\/schema.org","@graph":[{"@type":"Article","@id":"https:\/\/www.revistarambla.com\/la-pandemia-de-la-soledad-no-deseada\/#article","isPartOf":{"@id":"https:\/\/www.revistarambla.com\/la-pandemia-de-la-soledad-no-deseada\/"},"author":{"name":"Manuel Ignacio Cabezas Gonz\u00e1lez","@id":"https:\/\/www.revistarambla.com\/#\/schema\/person\/3d71c575842522757de7f4f9c9b40215"},"headline":"La pandemia de &#8216;la soledad no deseada&#8217;","datePublished":"2020-05-18T15:57:10+00:00","dateModified":"2025-01-23T20:40:50+00:00","mainEntityOfPage":{"@id":"https:\/\/www.revistarambla.com\/la-pandemia-de-la-soledad-no-deseada\/"},"wordCount":1558,"commentCount":0,"publisher":{"@id":"https:\/\/www.revistarambla.com\/#organization"},"image":{"@id":"https:\/\/www.revistarambla.com\/la-pandemia-de-la-soledad-no-deseada\/#primaryimage"},"thumbnailUrl":"https:\/\/www.revistarambla.com\/wp-content\/uploads\/2020\/05\/Desertificaci\u00f3n-social-scaled.jpg","articleSection":["Cantando las verdades"],"inLanguage":"en-GB","potentialAction":[{"@type":"CommentAction","name":"Comment","target":["https:\/\/www.revistarambla.com\/la-pandemia-de-la-soledad-no-deseada\/#respond"]}]},{"@type":"WebPage","@id":"https:\/\/www.revistarambla.com\/la-pandemia-de-la-soledad-no-deseada\/","url":"https:\/\/www.revistarambla.com\/la-pandemia-de-la-soledad-no-deseada\/","name":"La pandemia de 'la soledad no deseada' - Revista Rambla","isPartOf":{"@id":"https:\/\/www.revistarambla.com\/#website"},"primaryImageOfPage":{"@id":"https:\/\/www.revistarambla.com\/la-pandemia-de-la-soledad-no-deseada\/#primaryimage"},"image":{"@id":"https:\/\/www.revistarambla.com\/la-pandemia-de-la-soledad-no-deseada\/#primaryimage"},"thumbnailUrl":"https:\/\/www.revistarambla.com\/wp-content\/uploads\/2020\/05\/Desertificaci\u00f3n-social-scaled.jpg","datePublished":"2020-05-18T15:57:10+00:00","dateModified":"2025-01-23T20:40:50+00:00","breadcrumb":{"@id":"https:\/\/www.revistarambla.com\/la-pandemia-de-la-soledad-no-deseada\/#breadcrumb"},"inLanguage":"en-GB","potentialAction":[{"@type":"ReadAction","target":["https:\/\/www.revistarambla.com\/la-pandemia-de-la-soledad-no-deseada\/"]}]},{"@type":"ImageObject","inLanguage":"en-GB","@id":"https:\/\/www.revistarambla.com\/la-pandemia-de-la-soledad-no-deseada\/#primaryimage","url":"https:\/\/www.revistarambla.com\/wp-content\/uploads\/2020\/05\/Desertificaci\u00f3n-social-scaled.jpg","contentUrl":"https:\/\/www.revistarambla.com\/wp-content\/uploads\/2020\/05\/Desertificaci\u00f3n-social-scaled.jpg","width":2048,"height":1537,"caption":"Desertificaci\u00f3n social"},{"@type":"BreadcrumbList","@id":"https:\/\/www.revistarambla.com\/la-pandemia-de-la-soledad-no-deseada\/#breadcrumb","itemListElement":[{"@type":"ListItem","position":1,"name":"Portada","item":"https:\/\/www.revistarambla.com\/"},{"@type":"ListItem","position":2,"name":"La pandemia de &#8216;la soledad no deseada&#8217;"}]},{"@type":"WebSite","@id":"https:\/\/www.revistarambla.com\/#website","url":"https:\/\/www.revistarambla.com\/","name":"Revista Rambla Barcelona","description":"Periodismo independiente","publisher":{"@id":"https:\/\/www.revistarambla.com\/#organization"},"potentialAction":[{"@type":"SearchAction","target":{"@type":"EntryPoint","urlTemplate":"https:\/\/www.revistarambla.com\/?s={search_term_string}"},"query-input":{"@type":"PropertyValueSpecification","valueRequired":true,"valueName":"search_term_string"}}],"inLanguage":"en-GB"},{"@type":"Organization","@id":"https:\/\/www.revistarambla.com\/#organization","name":"Revista Rambla","url":"https:\/\/www.revistarambla.com\/","logo":{"@type":"ImageObject","inLanguage":"en-GB","@id":"https:\/\/www.revistarambla.com\/#\/schema\/logo\/image\/","url":"https:\/\/www.revistarambla.com\/wp-content\/uploads\/2020\/09\/banner_rambla_1900x600_BB.png","contentUrl":"https:\/\/www.revistarambla.com\/wp-content\/uploads\/2020\/09\/banner_rambla_1900x600_BB.png","width":1900,"height":600,"caption":"Revista Rambla"},"image":{"@id":"https:\/\/www.revistarambla.com\/#\/schema\/logo\/image\/"},"sameAs":["https:\/\/www.facebook.com\/revistarambla\/","https:\/\/x.com\/revistarambla","https:\/\/www.instagram.com\/revista_rambla","https:\/\/es.linkedin.com\/company\/revista-rambla"]},{"@type":"Person","@id":"https:\/\/www.revistarambla.com\/#\/schema\/person\/3d71c575842522757de7f4f9c9b40215","name":"Manuel Ignacio Cabezas Gonz\u00e1lez","description":"Doctor en Didactolog\u00eda de las Lenguas y de las Culturas. Profesor Titular de Ling\u00fc\u00edstica y de Ling\u00fc\u00edstica Aplicada. Departamento de Filolog\u00eda Francesa y Rom\u00e1nica (UAB).","sameAs":["http:\/\/honrad.blogspot.com\/","https:\/\/www.facebook.com\/manuelignacio.cabezasgonzalez","https:\/\/x.com\/ManuelICabezas"]}]}},"_links":{"self":[{"href":"https:\/\/www.revistarambla.com\/en\/wp-json\/wp\/v2\/posts\/23105","targetHints":{"allow":["GET"]}}],"collection":[{"href":"https:\/\/www.revistarambla.com\/en\/wp-json\/wp\/v2\/posts"}],"about":[{"href":"https:\/\/www.revistarambla.com\/en\/wp-json\/wp\/v2\/types\/post"}],"author":[{"embeddable":true,"href":"https:\/\/www.revistarambla.com\/en\/wp-json\/wp\/v2\/users\/17"}],"replies":[{"embeddable":true,"href":"https:\/\/www.revistarambla.com\/en\/wp-json\/wp\/v2\/comments?post=23105"}],"version-history":[{"count":1,"href":"https:\/\/www.revistarambla.com\/en\/wp-json\/wp\/v2\/posts\/23105\/revisions"}],"predecessor-version":[{"id":64115,"href":"https:\/\/www.revistarambla.com\/en\/wp-json\/wp\/v2\/posts\/23105\/revisions\/64115"}],"wp:featuredmedia":[{"embeddable":true,"href":"https:\/\/www.revistarambla.com\/en\/wp-json\/wp\/v2\/media\/23107"}],"wp:attachment":[{"href":"https:\/\/www.revistarambla.com\/en\/wp-json\/wp\/v2\/media?parent=23105"}],"wp:term":[{"taxonomy":"category","embeddable":true,"href":"https:\/\/www.revistarambla.com\/en\/wp-json\/wp\/v2\/categories?post=23105"},{"taxonomy":"post_tag","embeddable":true,"href":"https:\/\/www.revistarambla.com\/en\/wp-json\/wp\/v2\/tags?post=23105"}],"curies":[{"name":"wp","href":"https:\/\/api.w.org\/{rel}","templated":true}]}}