{"id":2307,"date":"2012-10-12T17:20:43","date_gmt":"2012-10-12T15:20:43","guid":{"rendered":"https:\/\/www.revistarambla.com\/piranesi-un-arquitecto-de-papel\/"},"modified":"2021-12-10T17:20:28","modified_gmt":"2021-12-10T16:20:28","slug":"piranesi-un-arquitecto-de-papel","status":"publish","type":"post","link":"https:\/\/www.revistarambla.com\/en\/piranesi-un-arquitecto-de-papel\/","title":{"rendered":"Piranesi, un arquitecto de papel"},"content":{"rendered":"<p><img decoding=\"async\" class=\"aligncenter\" src=\"https:\/\/www.revistarambla.com\/wp-content\/uploads\/2012\/10\/Piranesi01.jpg\" alt=\"alt\" width=\"550\" height=\"298\" \/><\/p>\n<p>\u201c &lt;&lt;Dinamarca es una prisi\u00f3n&gt;&gt;, dice Hamlet. &lt;&lt;Entonces, el mundo tambi\u00e9n lo es&gt;&gt;, replica el ins\u00edpido Rosencrantz, gan\u00e1ndole por una vez la partida al pr\u00edncipe vestido de negro. \u00bfHabr\u00e1 que suponerle a Piranesi una concepci\u00f3n del mismo estilo, la visi\u00f3n clara de un universo de prisioneros? F\u00e1cil es para nosotros \u2013ensombrecidos por dos siglos suplementarios de aventura humana- reconocer ese mundo limitado y, sin embargo, infinito, en donde hormiguean obsesivos y min\u00fasculos fantasmas: reconocemos el cerebro del hombre.\u201d Marquerite Yourcenar, El Cerebro negro de Piranesi<\/p>\n<p>Giambattista Piranesi (Venecia, 1720 \u2013 Roma, 1778) qued\u00f3 fascinado el d\u00eda que, con veinte a\u00f1os, desembarc\u00f3 en Roma y su joven mirada se desbord\u00f3 ante la magn\u00e1nima antig\u00fcedad romana. A partir de ese mismo instante, el artista veneciano hizo de la ciudad su principal fuente de inspiraci\u00f3n\u2026\u00a0 y de su obsesi\u00f3n.<\/p>\n<p>Aunque ten\u00eda claro que quer\u00eda ser arquitecto, la crisis que atravesaba Italia hacia el a\u00f1o 1740 no le permiti\u00f3 ejercer en el plano de la construcci\u00f3n, relegando su actividad al dibujo. Fue entonces cuando Piranesi se autodenomin\u00f3 \u201carquitecto de papel\u201d, consiguiendo acceder, como \u00e9l mismo pregonaba, a la libertad art\u00edstica que los pintores y escultores coet\u00e1neos practicaban. En la dedicatoria de su obra Prima Parte di Architetture, e Prospettive, de 1743 dice: \u201cNo veo otra salida para m\u00ed, ni para cualquier otro Arquitecto moderno, que explicar con dibujos las propias ideas, y sustraer de ese modo a la Escultura y a la Pintura la ventaja que (\u2026) tienen en ese sentido frente a la Arquitectura; tambi\u00e9n con el fin de sustraerla al arbitrio de quienes poseen los tesoros y consideran que pueden disponer seg\u00fan les plazca de las operaciones de las misma.\u201d Toda una provocaci\u00f3n.<\/p>\n<p>De car\u00e1cter fuerte y extravagante, los estudiosos ven en su figura a un artista exc\u00e9ntrico, que no dud\u00f3 en defender sus ideas induciendo a fuertes debates y enfrentamientos. El ejemplo m\u00e1s claro de este esp\u00edritu transgresor se encuentra en su rotunda tesis sobre el arte cl\u00e1sico, en la que afirma que el verdadero \u201carte madre\u201d no es el griego, sino el romano. Una concepci\u00f3n-bomba para la \u00e9poca.<\/p>\n<p>Provocador y, tambi\u00e9n, obsesivo. Fascinado por los restos arqueol\u00f3gicos de la antigua Roma, estudi\u00f3 en profundidad los yacimientos y las ruinas, llegando a contraer enfermedades como la malaria por sus largas estancias en los campos y los subterr\u00e1neos. Quer\u00eda plasmarlo todo, quer\u00eda dibujar y estudiar toda la antig\u00fcedad romana. Su curiosidad no ten\u00eda fin, y su labor arqueol\u00f3gica se convirti\u00f3 en un verdadero estudio minucioso y sistem\u00e1tico que qued\u00f3 plasmado en la obra Antichit\u00e0 romane (1756).<\/p>\n<p><img decoding=\"async\" class=\"aligncenter\" src=\"https:\/\/www.revistarambla.com\/wp-content\/uploads\/2012\/10\/Piranesi02.jpg\" alt=\"alt\" width=\"550\" height=\"308\" \/><\/p>\n<p>Piranesi produc\u00eda para vender. Como si se tratase de un artista rom\u00e1ntico, nunca ten\u00eda dinero, as\u00ed que vend\u00eda sus grabados de las vistas de la ciudad como \u201csouvenirs\u201d a los turistas y como documentos de estudio para los investigadores extranjeros.\u00a0 Vend\u00eda proyectos, dise\u00f1os, con la intenci\u00f3n de que el arte romano se exportase al extranjero y pudiera reproducirse al detalle. Sus postales de Roma dilataban la perspectiva, aportando a la ciudad vol\u00famenes irreales, concedi\u00e9ndole la imagen de grandiosidad que su admiraci\u00f3n le provocaba.<\/p>\n<p>Piranesi grabador, arque\u00f3logo, documentalista&#8230; Artista polivalente, la exposici\u00f3n inaugurada recientemente en CaixaForum Barcelona pone de relieve las distintas profesiones que ejercit\u00f3 en el transcurso de su vida. En este sentido, la muestra se divide a partir de las diferentes vertientes de su trabajo: Piranesi como arquitecto, arque\u00f3logo, dise\u00f1ador, ingeniero, anticuario, decorador y vedutista.<\/p>\n<p>La exposici\u00f3n, producida por la Fondazione Giorgio Cini y Factum Arte, bajo la concepci\u00f3n de Michele De Lucchi, re\u00fane m\u00e1s de 250 grabados originales, desde la primera serie de l\u00e1minas ejecutada el 1743, hasta sus \u00faltimos trabajos de la d\u00e9cada del 1770 dedicados a los estudios de objetos y mobiliario.<\/p>\n<p>Pero Las Artes de Piranesi. Arquitecto, grabador, anticuario, vedutista, y dise\u00f1ador va m\u00e1s all\u00e1. Como los propios comisarios comentan, esta exposici\u00f3n se desmarca de las anteriores por una serie de \u201cintervenciones contempor\u00e1neas\u201d inspiradas en la obra del artista. De este modo, la secci\u00f3n que descubre al Piranesi anticuario, decorador y dise\u00f1ador se convierte en un espacio m\u00e1gico y de reflexi\u00f3n en el que encontramos ocho objetos originales realizados a partir de los grabados. \u201cGracias al trabajo de Adam Lowe y su taller madrile\u00f1o Factum Arte, se nos ha presentado una oportunidad irrepetible de reflexionar sobre los procesos creativos del artista y entender la originalidad y la modernidad del llamado estilo Piranesi\u201d, afirmaba el director del \u00e1rea cultural de la Obra Social \u201cla Caixa\u201d, Ignasi Mir\u00f3.<\/p>\n<p>Por otro lado, la muestra incorpora una reinterpretaci\u00f3n tecnol\u00f3gica de la obra las Carceri d\u2019invenzione con un video 3D. Este enigm\u00e1tico conjunto de grabados, que muestra el lado m\u00e1s oscuro y misterioso del artista veneciano, se nos presenta en formato digital provocando un acercamiento tridimensional a los espacios on\u00edricos e imposibles de un Piranesi cercano al Goya de las pinturas negras. Las C\u00e1rceles imaginarias muestran, seg\u00fan los estudiosos, el estado de \u00e1nimo de un artista loco y extravagante, a trav\u00e9s de ambientes oscuros y espacios opresores.<\/p>\n<p>Por \u00faltimo, en esta serie de intervenciones tecnol\u00f3gicas, la exposici\u00f3n cuenta con una selecci\u00f3n de fotograf\u00edas que Gabriele Basilico realiz\u00f3 en homenaje a Piranesi, que configuran un recorrido en paralelo al recorrido trazado por el artista veneciano de las vistas de Roma y Paestum. Es muy interesante comparar los grabados y las fotograf\u00edas y establecer la interpretaci\u00f3n de la ciudad y sus espacios que el artista veneciano plasmaba en sus dibujos.<\/p>\n<p>En definitiva, el resultado de estas aportaciones es una exposici\u00f3n realmente atractiva e interesante, en la que se pone de manifiesto el delirio art\u00edstico de este grabador polifac\u00e9tico, y su contemporaneidad a trav\u00e9s de la influencia que ha ejercido sobre muchas corrientes art\u00edsticas. \u201cArtistas y escritores de distintas \u00e9pocas han visto en sus panoramas arquitect\u00f3nicos la manifestaci\u00f3n de un mundo interior. Las Carceri d\u2019invenzione sirvieron de inspiraci\u00f3n a la poes\u00eda rom\u00e1ntica y a la novela g\u00f3tica, mientras que Le Antichit\u00e0 Romane fij\u00f3 una imagen misteriosa de la ciudad sometida al paso del tiempo y abri\u00f3 el camino a los paisajes metaf\u00edsicos de Giorgio de Chirico, Max Ernst o Salvador Dal\u00ed\u201d, apunta Jaime Lanaspa, director general de la Fundaci\u00f3n \u201cla Caixa\u201d, en su presentaci\u00f3n.<\/p>\n<p>Visitar la exposici\u00f3n que presenta CaixaForum Barcelona, es descubrir un recorrido que va desde la intenci\u00f3n parad\u00f3jica de una representaci\u00f3n objetiva mediante la t\u00e9cnica del claro-oscuro y la perspectiva de \u201cgran angular\u201d, hasta la plasmaci\u00f3n on\u00edrica de lugares donde espacio y tiempo se niegan hacia el imposible. Y es que esta muestra nos revela el fruto de una fascinaci\u00f3n por el arte romano a trav\u00e9s de un visionario del siglo XVIII, que, sin lugar a duda, se adelant\u00f3 dos siglos en su concepci\u00f3n de la arquitectura y del dise\u00f1o.<\/p>\n<p><img decoding=\"async\" class=\"aligncenter\" src=\"https:\/\/www.revistarambla.com\/wp-content\/uploads\/2012\/10\/Piranesi03.jpg\" alt=\"alt\" width=\"550\" height=\"355\" \/><\/p>","protected":false},"excerpt":{"rendered":"<p>\u201c &lt;&lt;Dinamarca es una prisi\u00f3n&gt;&gt;, dice Hamlet. &lt;&lt;Entonces, el mundo tambi\u00e9n lo es&gt;&gt;, replica el ins\u00edpido Rosencrantz, gan\u00e1ndole por una vez la partida al pr\u00edncipe vestido de negro. \u00bfHabr\u00e1 que suponerle a Piranesi una concepci\u00f3n del mismo estilo, la visi\u00f3n clara de un universo de prisioneros? F\u00e1cil es para nosotros [&hellip;]<\/p>\n","protected":false},"author":55,"featured_media":0,"comment_status":"open","ping_status":"open","sticky":false,"template":"","format":"standard","meta":{"footnotes":""},"categories":[64,4],"tags":[],"class_list":["post-2307","post","type-post","status-publish","format-standard","hentry","category-arte","category-cultura"],"yoast_head":"<!-- This site is optimized with the Yoast SEO plugin v27.5 - https:\/\/yoast.com\/product\/yoast-seo-wordpress\/ -->\n<title>Piranesi, un arquitecto de papel - Revista Rambla<\/title>\n<meta name=\"robots\" content=\"index, follow, max-snippet:-1, max-image-preview:large, max-video-preview:-1\" \/>\n<link rel=\"canonical\" href=\"https:\/\/www.revistarambla.com\/en\/piranesi-un-arquitecto-de-papel\/\" \/>\n<meta property=\"og:locale\" content=\"en_GB\" \/>\n<meta property=\"og:type\" content=\"article\" \/>\n<meta property=\"og:title\" content=\"Piranesi, un arquitecto de papel - Revista Rambla\" \/>\n<meta property=\"og:description\" content=\"\u201c &lt;&lt;Dinamarca es una prisi\u00f3n&gt;&gt;, dice Hamlet. &lt;&lt;Entonces, el mundo tambi\u00e9n lo es&gt;&gt;, replica el ins\u00edpido Rosencrantz, gan\u00e1ndole por una vez la partida al pr\u00edncipe vestido de negro. \u00bfHabr\u00e1 que suponerle a Piranesi una concepci\u00f3n del mismo estilo, la visi\u00f3n clara de un universo de prisioneros? F\u00e1cil es para nosotros [&hellip;]\" \/>\n<meta property=\"og:url\" content=\"https:\/\/www.revistarambla.com\/en\/piranesi-un-arquitecto-de-papel\/\" \/>\n<meta property=\"og:site_name\" content=\"Revista Rambla\" \/>\n<meta property=\"article:publisher\" content=\"https:\/\/www.facebook.com\/revistarambla\/\" \/>\n<meta property=\"article:published_time\" content=\"2012-10-12T15:20:43+00:00\" \/>\n<meta property=\"article:modified_time\" content=\"2021-12-10T16:20:28+00:00\" \/>\n<meta property=\"og:image\" content=\"https:\/\/www.revistarambla.com\/wp-content\/uploads\/2012\/10\/Piranesi04.jpg\" \/>\n\t<meta property=\"og:image:width\" content=\"501\" \/>\n\t<meta property=\"og:image:height\" content=\"294\" \/>\n\t<meta property=\"og:image:type\" content=\"image\/jpeg\" \/>\n<meta name=\"author\" content=\"Esther Pedr\u00f3s\" \/>\n<meta name=\"twitter:card\" content=\"summary_large_image\" \/>\n<meta name=\"twitter:creator\" content=\"@revistarambla\" \/>\n<meta name=\"twitter:site\" content=\"@revistarambla\" \/>\n<meta name=\"twitter:label1\" content=\"Written by\" \/>\n\t<meta name=\"twitter:data1\" content=\"Esther Pedr\u00f3s\" \/>\n\t<meta name=\"twitter:label2\" content=\"Estimated reading time\" \/>\n\t<meta name=\"twitter:data2\" content=\"6 minutes\" \/>\n<script type=\"application\/ld+json\" class=\"yoast-schema-graph\">{\"@context\":\"https:\\\/\\\/schema.org\",\"@graph\":[{\"@type\":\"Article\",\"@id\":\"https:\\\/\\\/www.revistarambla.com\\\/piranesi-un-arquitecto-de-papel\\\/#article\",\"isPartOf\":{\"@id\":\"https:\\\/\\\/www.revistarambla.com\\\/piranesi-un-arquitecto-de-papel\\\/\"},\"author\":{\"name\":\"Esther Pedr\u00f3s\",\"@id\":\"https:\\\/\\\/www.revistarambla.com\\\/#\\\/schema\\\/person\\\/466d4cc4d3765dc6a18364840ae3e031\"},\"headline\":\"Piranesi, un arquitecto de papel\",\"datePublished\":\"2012-10-12T15:20:43+00:00\",\"dateModified\":\"2021-12-10T16:20:28+00:00\",\"mainEntityOfPage\":{\"@id\":\"https:\\\/\\\/www.revistarambla.com\\\/piranesi-un-arquitecto-de-papel\\\/\"},\"wordCount\":1215,\"commentCount\":0,\"publisher\":{\"@id\":\"https:\\\/\\\/www.revistarambla.com\\\/#organization\"},\"image\":{\"@id\":\"https:\\\/\\\/www.revistarambla.com\\\/piranesi-un-arquitecto-de-papel\\\/#primaryimage\"},\"thumbnailUrl\":\"https:\\\/\\\/www.revistarambla.com\\\/wp-content\\\/uploads\\\/2012\\\/10\\\/Piranesi01.jpg\",\"articleSection\":[\"Arte\",\"Cultura\"],\"inLanguage\":\"en-GB\",\"potentialAction\":[{\"@type\":\"CommentAction\",\"name\":\"Comment\",\"target\":[\"https:\\\/\\\/www.revistarambla.com\\\/piranesi-un-arquitecto-de-papel\\\/#respond\"]}]},{\"@type\":\"WebPage\",\"@id\":\"https:\\\/\\\/www.revistarambla.com\\\/piranesi-un-arquitecto-de-papel\\\/\",\"url\":\"https:\\\/\\\/www.revistarambla.com\\\/piranesi-un-arquitecto-de-papel\\\/\",\"name\":\"Piranesi, un arquitecto de papel - Revista Rambla\",\"isPartOf\":{\"@id\":\"https:\\\/\\\/www.revistarambla.com\\\/#website\"},\"primaryImageOfPage\":{\"@id\":\"https:\\\/\\\/www.revistarambla.com\\\/piranesi-un-arquitecto-de-papel\\\/#primaryimage\"},\"image\":{\"@id\":\"https:\\\/\\\/www.revistarambla.com\\\/piranesi-un-arquitecto-de-papel\\\/#primaryimage\"},\"thumbnailUrl\":\"https:\\\/\\\/www.revistarambla.com\\\/wp-content\\\/uploads\\\/2012\\\/10\\\/Piranesi01.jpg\",\"datePublished\":\"2012-10-12T15:20:43+00:00\",\"dateModified\":\"2021-12-10T16:20:28+00:00\",\"breadcrumb\":{\"@id\":\"https:\\\/\\\/www.revistarambla.com\\\/piranesi-un-arquitecto-de-papel\\\/#breadcrumb\"},\"inLanguage\":\"en-GB\",\"potentialAction\":[{\"@type\":\"ReadAction\",\"target\":[\"https:\\\/\\\/www.revistarambla.com\\\/piranesi-un-arquitecto-de-papel\\\/\"]}]},{\"@type\":\"ImageObject\",\"inLanguage\":\"en-GB\",\"@id\":\"https:\\\/\\\/www.revistarambla.com\\\/piranesi-un-arquitecto-de-papel\\\/#primaryimage\",\"url\":\"https:\\\/\\\/www.revistarambla.com\\\/wp-content\\\/uploads\\\/2012\\\/10\\\/Piranesi01.jpg\",\"contentUrl\":\"https:\\\/\\\/www.revistarambla.com\\\/wp-content\\\/uploads\\\/2012\\\/10\\\/Piranesi01.jpg\"},{\"@type\":\"BreadcrumbList\",\"@id\":\"https:\\\/\\\/www.revistarambla.com\\\/piranesi-un-arquitecto-de-papel\\\/#breadcrumb\",\"itemListElement\":[{\"@type\":\"ListItem\",\"position\":1,\"name\":\"Portada\",\"item\":\"https:\\\/\\\/www.revistarambla.com\\\/\"},{\"@type\":\"ListItem\",\"position\":2,\"name\":\"Piranesi, un arquitecto de papel\"}]},{\"@type\":\"WebSite\",\"@id\":\"https:\\\/\\\/www.revistarambla.com\\\/#website\",\"url\":\"https:\\\/\\\/www.revistarambla.com\\\/\",\"name\":\"Revista Rambla Barcelona\",\"description\":\"Periodismo independiente\",\"publisher\":{\"@id\":\"https:\\\/\\\/www.revistarambla.com\\\/#organization\"},\"potentialAction\":[{\"@type\":\"SearchAction\",\"target\":{\"@type\":\"EntryPoint\",\"urlTemplate\":\"https:\\\/\\\/www.revistarambla.com\\\/?s={search_term_string}\"},\"query-input\":{\"@type\":\"PropertyValueSpecification\",\"valueRequired\":true,\"valueName\":\"search_term_string\"}}],\"inLanguage\":\"en-GB\"},{\"@type\":\"Organization\",\"@id\":\"https:\\\/\\\/www.revistarambla.com\\\/#organization\",\"name\":\"Revista Rambla\",\"url\":\"https:\\\/\\\/www.revistarambla.com\\\/\",\"logo\":{\"@type\":\"ImageObject\",\"inLanguage\":\"en-GB\",\"@id\":\"https:\\\/\\\/www.revistarambla.com\\\/#\\\/schema\\\/logo\\\/image\\\/\",\"url\":\"https:\\\/\\\/www.revistarambla.com\\\/wp-content\\\/uploads\\\/2020\\\/09\\\/banner_rambla_1900x600_BB.png\",\"contentUrl\":\"https:\\\/\\\/www.revistarambla.com\\\/wp-content\\\/uploads\\\/2020\\\/09\\\/banner_rambla_1900x600_BB.png\",\"width\":1900,\"height\":600,\"caption\":\"Revista Rambla\"},\"image\":{\"@id\":\"https:\\\/\\\/www.revistarambla.com\\\/#\\\/schema\\\/logo\\\/image\\\/\"},\"sameAs\":[\"https:\\\/\\\/www.facebook.com\\\/revistarambla\\\/\",\"https:\\\/\\\/x.com\\\/revistarambla\",\"https:\\\/\\\/www.instagram.com\\\/revista_rambla\",\"https:\\\/\\\/es.linkedin.com\\\/company\\\/revista-rambla\"]},{\"@type\":\"Person\",\"@id\":\"https:\\\/\\\/www.revistarambla.com\\\/#\\\/schema\\\/person\\\/466d4cc4d3765dc6a18364840ae3e031\",\"name\":\"Esther Pedr\u00f3s\",\"description\":\"_\"}]}<\/script>\n<!-- \/ Yoast SEO plugin. -->","yoast_head_json":{"title":"Piranesi, un arquitecto de papel - Revista Rambla","robots":{"index":"index","follow":"follow","max-snippet":"max-snippet:-1","max-image-preview":"max-image-preview:large","max-video-preview":"max-video-preview:-1"},"canonical":"https:\/\/www.revistarambla.com\/en\/piranesi-un-arquitecto-de-papel\/","og_locale":"en_GB","og_type":"article","og_title":"Piranesi, un arquitecto de papel - Revista Rambla","og_description":"\u201c &lt;&lt;Dinamarca es una prisi\u00f3n&gt;&gt;, dice Hamlet. &lt;&lt;Entonces, el mundo tambi\u00e9n lo es&gt;&gt;, replica el ins\u00edpido Rosencrantz, gan\u00e1ndole por una vez la partida al pr\u00edncipe vestido de negro. \u00bfHabr\u00e1 que suponerle a Piranesi una concepci\u00f3n del mismo estilo, la visi\u00f3n clara de un universo de prisioneros? F\u00e1cil es para nosotros [&hellip;]","og_url":"https:\/\/www.revistarambla.com\/en\/piranesi-un-arquitecto-de-papel\/","og_site_name":"Revista Rambla","article_publisher":"https:\/\/www.facebook.com\/revistarambla\/","article_published_time":"2012-10-12T15:20:43+00:00","article_modified_time":"2021-12-10T16:20:28+00:00","og_image":[{"width":501,"height":294,"url":"https:\/\/www.revistarambla.com\/wp-content\/uploads\/2012\/10\/Piranesi04.jpg","type":"image\/jpeg"}],"author":"Esther Pedr\u00f3s","twitter_card":"summary_large_image","twitter_creator":"@revistarambla","twitter_site":"@revistarambla","twitter_misc":{"Written by":"Esther Pedr\u00f3s","Estimated reading time":"6 minutes"},"schema":{"@context":"https:\/\/schema.org","@graph":[{"@type":"Article","@id":"https:\/\/www.revistarambla.com\/piranesi-un-arquitecto-de-papel\/#article","isPartOf":{"@id":"https:\/\/www.revistarambla.com\/piranesi-un-arquitecto-de-papel\/"},"author":{"name":"Esther Pedr\u00f3s","@id":"https:\/\/www.revistarambla.com\/#\/schema\/person\/466d4cc4d3765dc6a18364840ae3e031"},"headline":"Piranesi, un arquitecto de papel","datePublished":"2012-10-12T15:20:43+00:00","dateModified":"2021-12-10T16:20:28+00:00","mainEntityOfPage":{"@id":"https:\/\/www.revistarambla.com\/piranesi-un-arquitecto-de-papel\/"},"wordCount":1215,"commentCount":0,"publisher":{"@id":"https:\/\/www.revistarambla.com\/#organization"},"image":{"@id":"https:\/\/www.revistarambla.com\/piranesi-un-arquitecto-de-papel\/#primaryimage"},"thumbnailUrl":"https:\/\/www.revistarambla.com\/wp-content\/uploads\/2012\/10\/Piranesi01.jpg","articleSection":["Arte","Cultura"],"inLanguage":"en-GB","potentialAction":[{"@type":"CommentAction","name":"Comment","target":["https:\/\/www.revistarambla.com\/piranesi-un-arquitecto-de-papel\/#respond"]}]},{"@type":"WebPage","@id":"https:\/\/www.revistarambla.com\/piranesi-un-arquitecto-de-papel\/","url":"https:\/\/www.revistarambla.com\/piranesi-un-arquitecto-de-papel\/","name":"Piranesi, un arquitecto de papel - Revista Rambla","isPartOf":{"@id":"https:\/\/www.revistarambla.com\/#website"},"primaryImageOfPage":{"@id":"https:\/\/www.revistarambla.com\/piranesi-un-arquitecto-de-papel\/#primaryimage"},"image":{"@id":"https:\/\/www.revistarambla.com\/piranesi-un-arquitecto-de-papel\/#primaryimage"},"thumbnailUrl":"https:\/\/www.revistarambla.com\/wp-content\/uploads\/2012\/10\/Piranesi01.jpg","datePublished":"2012-10-12T15:20:43+00:00","dateModified":"2021-12-10T16:20:28+00:00","breadcrumb":{"@id":"https:\/\/www.revistarambla.com\/piranesi-un-arquitecto-de-papel\/#breadcrumb"},"inLanguage":"en-GB","potentialAction":[{"@type":"ReadAction","target":["https:\/\/www.revistarambla.com\/piranesi-un-arquitecto-de-papel\/"]}]},{"@type":"ImageObject","inLanguage":"en-GB","@id":"https:\/\/www.revistarambla.com\/piranesi-un-arquitecto-de-papel\/#primaryimage","url":"https:\/\/www.revistarambla.com\/wp-content\/uploads\/2012\/10\/Piranesi01.jpg","contentUrl":"https:\/\/www.revistarambla.com\/wp-content\/uploads\/2012\/10\/Piranesi01.jpg"},{"@type":"BreadcrumbList","@id":"https:\/\/www.revistarambla.com\/piranesi-un-arquitecto-de-papel\/#breadcrumb","itemListElement":[{"@type":"ListItem","position":1,"name":"Portada","item":"https:\/\/www.revistarambla.com\/"},{"@type":"ListItem","position":2,"name":"Piranesi, un arquitecto de papel"}]},{"@type":"WebSite","@id":"https:\/\/www.revistarambla.com\/#website","url":"https:\/\/www.revistarambla.com\/","name":"Revista Rambla Barcelona","description":"Periodismo independiente","publisher":{"@id":"https:\/\/www.revistarambla.com\/#organization"},"potentialAction":[{"@type":"SearchAction","target":{"@type":"EntryPoint","urlTemplate":"https:\/\/www.revistarambla.com\/?s={search_term_string}"},"query-input":{"@type":"PropertyValueSpecification","valueRequired":true,"valueName":"search_term_string"}}],"inLanguage":"en-GB"},{"@type":"Organization","@id":"https:\/\/www.revistarambla.com\/#organization","name":"Revista Rambla","url":"https:\/\/www.revistarambla.com\/","logo":{"@type":"ImageObject","inLanguage":"en-GB","@id":"https:\/\/www.revistarambla.com\/#\/schema\/logo\/image\/","url":"https:\/\/www.revistarambla.com\/wp-content\/uploads\/2020\/09\/banner_rambla_1900x600_BB.png","contentUrl":"https:\/\/www.revistarambla.com\/wp-content\/uploads\/2020\/09\/banner_rambla_1900x600_BB.png","width":1900,"height":600,"caption":"Revista Rambla"},"image":{"@id":"https:\/\/www.revistarambla.com\/#\/schema\/logo\/image\/"},"sameAs":["https:\/\/www.facebook.com\/revistarambla\/","https:\/\/x.com\/revistarambla","https:\/\/www.instagram.com\/revista_rambla","https:\/\/es.linkedin.com\/company\/revista-rambla"]},{"@type":"Person","@id":"https:\/\/www.revistarambla.com\/#\/schema\/person\/466d4cc4d3765dc6a18364840ae3e031","name":"Esther Pedr\u00f3s","description":"_"}]}},"_links":{"self":[{"href":"https:\/\/www.revistarambla.com\/en\/wp-json\/wp\/v2\/posts\/2307","targetHints":{"allow":["GET"]}}],"collection":[{"href":"https:\/\/www.revistarambla.com\/en\/wp-json\/wp\/v2\/posts"}],"about":[{"href":"https:\/\/www.revistarambla.com\/en\/wp-json\/wp\/v2\/types\/post"}],"author":[{"embeddable":true,"href":"https:\/\/www.revistarambla.com\/en\/wp-json\/wp\/v2\/users\/55"}],"replies":[{"embeddable":true,"href":"https:\/\/www.revistarambla.com\/en\/wp-json\/wp\/v2\/comments?post=2307"}],"version-history":[{"count":0,"href":"https:\/\/www.revistarambla.com\/en\/wp-json\/wp\/v2\/posts\/2307\/revisions"}],"wp:attachment":[{"href":"https:\/\/www.revistarambla.com\/en\/wp-json\/wp\/v2\/media?parent=2307"}],"wp:term":[{"taxonomy":"category","embeddable":true,"href":"https:\/\/www.revistarambla.com\/en\/wp-json\/wp\/v2\/categories?post=2307"},{"taxonomy":"post_tag","embeddable":true,"href":"https:\/\/www.revistarambla.com\/en\/wp-json\/wp\/v2\/tags?post=2307"}],"curies":[{"name":"wp","href":"https:\/\/api.w.org\/{rel}","templated":true}]}}