{"id":22939,"date":"2020-04-27T19:49:18","date_gmt":"2020-04-27T17:49:18","guid":{"rendered":"https:\/\/www.revistarambla.com\/?p=22939"},"modified":"2025-01-23T21:40:50","modified_gmt":"2025-01-23T20:40:50","slug":"la-cuarentena-de-boccaccio-y-la-de-sanchez","status":"publish","type":"post","link":"https:\/\/www.revistarambla.com\/en\/la-cuarentena-de-boccaccio-y-la-de-sanchez\/","title":{"rendered":"La cuarentena de Boccaccio y la de S\u00e1nchez"},"content":{"rendered":"<p>Ante la pandemia del Covid-19 que asola a Espa\u00f1a, si los de la casta pol\u00edtica gobernante fueran personas informadas, documentadas y pol\u00edticamente incorrectas, no nos hubieran conducido a donde nos encontramos hoy, 21 de abril de 2020: por un lado, 204.178 contagiados (de los cuales m\u00e1s de 31.000 es personal sanitario) y 25.571 muertos, la cifra m\u00e1s alta por mill\u00f3n de habitantes de todos los pa\u00edses del mundo; y, por el otro, el nig\u00e9rrimo futuro econ\u00f3mico, social y laboral, que nos espera.<\/p>\n<figure id=\"attachment_22941\" aria-describedby=\"caption-attachment-22941\" style=\"width: 2048px\" class=\"wp-caption aligncenter\"><a href=\"http:\/\/https:\/\/www.instagram.com\/pomeladrop\/?hl=es\"><img decoding=\"async\" class=\"wp-image-22941 size-full\" src=\"https:\/\/www.revistarambla.com\/wp-content\/uploads\/2020\/04\/Historia-scaled.jpg\" alt=\"Mar\u00eda Eugenia Piacentini cuarentena s\u00e1nchez\" width=\"2048\" height=\"1545\" srcset=\"https:\/\/www.revistarambla.com\/wp-content\/uploads\/2020\/04\/Historia-scaled.jpg 2048w, https:\/\/www.revistarambla.com\/wp-content\/uploads\/2020\/04\/Historia-300x226.jpg 300w, https:\/\/www.revistarambla.com\/wp-content\/uploads\/2020\/04\/Historia-1024x773.jpg 1024w, https:\/\/www.revistarambla.com\/wp-content\/uploads\/2020\/04\/Historia-768x579.jpg 768w, https:\/\/www.revistarambla.com\/wp-content\/uploads\/2020\/04\/Historia-1536x1159.jpg 1536w, https:\/\/www.revistarambla.com\/wp-content\/uploads\/2020\/04\/Historia-140x105.jpg 140w, https:\/\/www.revistarambla.com\/wp-content\/uploads\/2020\/04\/Historia-750x566.jpg 750w, https:\/\/www.revistarambla.com\/wp-content\/uploads\/2020\/04\/Historia-574x433.jpg 574w, https:\/\/www.revistarambla.com\/wp-content\/uploads\/2020\/04\/Historia-404x305.jpg 404w, https:\/\/www.revistarambla.com\/wp-content\/uploads\/2020\/04\/Historia-326x245.jpg 326w, https:\/\/www.revistarambla.com\/wp-content\/uploads\/2020\/04\/Historia-80x60.jpg 80w\" sizes=\"(max-width: 2048px) 100vw, 2048px\" \/><\/a><figcaption id=\"caption-attachment-22941\" class=\"wp-caption-text\">&#8216;Historia&#8217; by <strong><a href=\"https:\/\/www.instagram.com\/pomeladrop\/?hl=es\">@pomeladrop<\/a><\/strong><\/figcaption><\/figure>\n<p>En el combate contra el coronavirus estamos perdiendo por goleada. En efecto, hay que reconocer que los de la casta pol\u00edtica gobernante no han sabido planificar o no han querido planificar y llevar a cabo la lucha contra la pandemia y han estado dando y siguen dando palos de ciego. Si fuesen personas le\u00eddas y armadas intelectual y culturalmente, habr\u00edan encontrado, en <em>El Decamer\u00f3n<\/em> (s. XIV), el relato detallado de lo que estamos sufriendo desde primeros de marzo y lo que te rondar\u00e9, morena; y, adem\u00e1s, las precauciones a tomar y el camino a seguir.<\/p>\n<h4><strong>La cuarentena de Boccaccio<\/strong><\/h4>\n<p>En <em>El Decamer\u00f3n<\/em>, Boccaccio narra c\u00f3mo 10 j\u00f3venes florentinos (7 damiselas y 3 mozalbetes) pasaron una cuarentena, para escapar de la <em>peste bub\u00f3nica<\/em> o <em>peste negra<\/em>, que asol\u00f3 Europa y que se ceb\u00f3, en particular, en la ciudad de Florencia, entre marzo y julio de 1348. Fue esta mort\u00edfera plaga la que empuj\u00f3 a los 10 j\u00f3venes a huir de la ciudad y a refugiarse en una villa, sita a unas dos millas de Florencia, durante\u00a0 10 (<em>d\u00e9ka<\/em>) d\u00edas (<em>hem\u00e9ra<\/em>). El relato de <em>El Decamer\u00f3n<\/em> comienza con un breve introito sobre el origen, los modos de contagio, la evoluci\u00f3n, los efectos de esta letal plaga y las armas para combatirla y ganarle la batalla.<\/p>\n<p>Esta mort\u00edfera peste, seg\u00fan la exposici\u00f3n liminar de Boccaccio, lleg\u00f3 de Oriente, donde se hab\u00eda manifestado unos a\u00f1os antes, por las \u201crutas de la seda\u201d. Se contagiaba entre humanos al hablar y tratar con los enfermos o al tocar sus ropas o sus objetos personales. Se manifestaba, primero, en las ingles y en las axilas, donde aparec\u00edan unas hinchazones (<em>bubas<\/em>); y, luego, se extend\u00edan, por todo el cuerpo, unas manchas negras, premonitorias de una segura muerte futura. Ni la limpieza de la ciudad de Florencia, ni la prohibici\u00f3n de entrar en la ciudad a los enfermos, ni los consejos sobre salubridad e higiene, ni las rogativas, ni las procesiones, ni la medicina,\u2026 nada consigui\u00f3 parar la peste. Adem\u00e1s, ante tama\u00f1a mortandad (\u201cm\u00e1s de 100.000\u201d muertos, de marzo a julio de 1348; s\u00f3lo sobrevivi\u00f3 1 de cada 5 habitantes), no hubo ata\u00fades ni velatorios\u00a0 para tanto muerto; ni curas para tanto sepelio; ni tierra sagrada para tanta inhumaci\u00f3n; y, por eso, tuvieron que hacerse entierros colectivos en fosas comunes.<\/p>\n<p>Ante esta hecatombe, las personas sanas huyeron de la ciudad, abandonando a sus seres queridos (mujer, marido, padres, hijos, familiares, vecinos, amigos), dejando atr\u00e1s la ciudad, sus casas y sus posesiones, e instal\u00e1ndose en el campo. Fue el \u201cs\u00e1lvese quien pueda\u201d. Y \u00e9ste fue tambi\u00e9n el caso de los 10 j\u00f3venes, que abandonaron Florencia para esperar el fin de la peste. Para matar el tiempo durante el confinamiento, estos j\u00f3venes se dedicaron a bailar, a tocar instrumentos de m\u00fasica, a cantar, a jugar, a pasear, etc. y se fueron turnando para contarse los 100 cuentos o relatos que Boccaccio recoge en <em>El Decamer\u00f3n<\/em>.<\/p>\n<h4><strong>La cuarentena de Pedro S\u00e1nchez<\/strong><\/h4>\n<p>Entre la cuarentena, por peste bub\u00f3nica, del Decamer\u00f3n de Boccaccio y la de Pedro S\u00e1nchez, por Covid-19, el paralelismo es claro y contundente: son dos situaciones muy parecidas o parejas. En efecto, el coronavirus procede tambi\u00e9n de China y se est\u00e1 extendiendo por\u00a0 todo el mundo. Y el vector de propagaci\u00f3n es ahora esa nueva ruta de la seda que es la globalizaci\u00f3n: desplazamientos masivos de bienes, de servicios y de gentes a lo largo y ancho del mundo, en un breve espacio de tiempo. Las formas de contagio coinciden tambi\u00e9n: cercan\u00eda y contacto con personas y objetos contaminados. Las medidas de protecci\u00f3n y de defensa contra la pandemia son fundamentalmente las mismas: cuarentena, con cierre de ciudades, de puertos, aeropuertos y fronteras, para evitar la difusi\u00f3n del virus. Incluso coinciden las fechas de la pandemia: en los dos casos, todo empez\u00f3 en el mes de marzo; ahora bien, la peste bub\u00f3nica termin\u00f3 en julio, pero no hay noticias ciertas de cu\u00e1ndo terminar\u00e1 la pesadilla del Covid-19 en Espa\u00f1a. Ante la muy deficiente y desgraciada gesti\u00f3n de la crisis, \u00a1Dios dir\u00e1!<\/p>\n<p>Adem\u00e1s, la pandemia cogi\u00f3 sesteando y desprevenido al Gobierno de Pedro S\u00e1nchez. A pesar de los avisos de la OMS y de lo sucedido en China e Italia, aqu\u00e9l no prepar\u00f3 un plan de acci\u00f3n, ni previ\u00f3 los instrumentos b\u00e1sicos necesarios para luchar contra el coronavirus: ni EPIs (mascarillas, guantes, gafas, batas), ni instrumental m\u00e9dico (tests, respiradores), ni medicaci\u00f3n, ni infraestructuras suficientes (camas en UCIs y en planta). Por otro lado, el goteo constante de contaminados y de muertos provoc\u00f3 y est\u00e1 provocando miedo, desasosiego y zozobra ante la crisis sanitaria aguada y la crisis econ\u00f3mica, laboral y social que se avecina. Y esta sensaci\u00f3n de inseguridad se ve incrementada por la falta de coordinaci\u00f3n entre CC.AA. y el Gobierno de Espa\u00f1a y por la incompetencia de este \u00faltimo en la gesti\u00f3n de la crisis sanitaria; y, tambi\u00e9n, por <a href=\"https:\/\/okdiario.com\/espana\/crueldad-mayores-80-7-369-muertos-porque-solo-241-17-084-hospitalizados-fue-uci-5486954\"><strong>el abandono de una parte de los contagiados (nuestros mayores)<\/strong><\/a>, que se est\u00e1n yendo al m\u00e1s all\u00e1, en la m\u00e1s absoluta soledad.<\/p>\n<p>Para matar el tiempo y hacer m\u00e1s soportable el aislamiento, los confinados por Pedro S\u00e1nchez, en general, pasan las horas ante la TV, zapeando de tertulia en tertulia, donde los <em><a href=\"http:\/\/honrad.blogspot.com\/2014\/02\/de-los-todologos.html\"><strong>tod\u00f3logos<\/strong><\/a><\/em> de servicio, sin criterio y sin tener nada que decir, parlotean y pontifican sobre la pandemia, haciendo el caldo gordo al Gobierno de S\u00e1nchez. Y, adem\u00e1s, utilizan tambi\u00e9n profusamente las redes sociales para reenviar las majader\u00edas de las <em>fake news<\/em>, que soliviantan a los confinados, y para jugar a la guerra, al mus, al ajedrez, etc. Y, todos los d\u00edas, a las 20h., debidamente amaestrados por la <em>caja tonta<\/em>, tienen una cita en los balcones para hacer un homenaje a esos esforzados <em>liquidadores<\/em> sanitarios, enviados al matadero del coronavirus completamente desarmados.<\/p>\n<h4><strong>Moraleja<\/strong><\/h4>\n<p>Esta descripci\u00f3n contrastiva demuestra que no hay nada nuevo en 2020 en relaci\u00f3n con lo sucedido en 1348 en Florencia. Se ha repetido la misma historia. Ahora bien, como dice el acervo popular, \u201clos pueblos que olvidan su historia est\u00e1n condenados a repetirla\u201d. En efecto, no hemos aprendido nada o muy poco con lo que sucedi\u00f3 en Florencia en 1348 o, hace unos meses o semanas, en China y en nuestra vecina y hermana Italia. Y, aqu\u00ed, en Espa\u00f1a, el Gobierno de Pedro S\u00e1nchez no s\u00f3lo ha estado tropezando en las mismas piedras que florentinos, chinos e italianos, sino que adem\u00e1s, cuando acomete algo, comete error tras error.<\/p>\n<p>Por eso, les digo a S\u00e1nchez y a su Gobierno: hay que leer, hay que informarse, hay que documentarse para poder actuar con conocimiento de causa y no a la buena de Dios. Y, hecho esto, hay que tomar decisiones pensado s\u00f3lo en los ciudadanos y mirando s\u00f3lo a la pandemia del Covid 19 y no a las encuestas y a las pr\u00f3ximas elecciones. S\u00f3lo as\u00ed se puede realmente \u201cgobernar\u201d, que consiste en gestionar el presente poli\u00e9drico y en prever y planificar el futuro. Ahora bien, esto s\u00f3lo es posible si se han hecho muchas y variadas lecturas y mucha, mucha,\u2026 reflexi\u00f3n; y si s\u00f3lo se piensa en las pr\u00f3ximas generaciones y no en las pr\u00f3ximas elecciones. No hacer lo uno ni lo otro es estar en pol\u00edtica por oportunismo, por inter\u00e9s personal, para poder comer, aunque sea a costa del sudor de los de enfrente (los miles de contagiados y las miles de v\u00edctimas mortales).<\/p>\n<p align=\"JUSTIFY\"><em>*Ilustra el art\u00edculo <strong>Mar\u00eda Eugenia Piacentini<\/strong>, puedes <strong><a href=\"https:\/\/www.instagram.com\/pomeladrop\/?hl=es\">seguirla en Instagram (@pomeladrop)<\/a><\/strong> o ver <strong><a href=\"https:\/\/eugenia-piacentini.myportfolio.com\/colourful-smoke\">aqu\u00ed su portfolio<\/a><\/strong>. Contacto: <a href=\"mailto:eu.piacentini@telefonica.net\" target=\"_blank\" rel=\"noopener noreferrer\">eu.piacentini@telefonica.net<\/a><\/em><\/p>","protected":false},"excerpt":{"rendered":"<p>Ante la pandemia del Covid-19 que asola a Espa\u00f1a, si los de la casta pol\u00edtica gobernante fueran personas informadas, documentadas y pol\u00edticamente incorrectas, no nos hubieran conducido a donde nos encontramos hoy, 21 de abril de 2020: por un lado, 204.178 contagiados (de los cuales m\u00e1s de 31.000 es personal [&hellip;]<\/p>\n","protected":false},"author":17,"featured_media":22941,"comment_status":"open","ping_status":"open","sticky":false,"template":"","format":"standard","meta":{"footnotes":""},"categories":[4114],"tags":[],"class_list":["post-22939","post","type-post","status-publish","format-standard","has-post-thumbnail","hentry","category-cantando-las-verdades"],"yoast_head":"<!-- This site is optimized with the Yoast SEO plugin v27.5 - https:\/\/yoast.com\/product\/yoast-seo-wordpress\/ -->\n<title>La cuarentena de Boccaccio y la de S\u00e1nchez - Revista Rambla<\/title>\n<meta name=\"robots\" content=\"index, follow, max-snippet:-1, max-image-preview:large, max-video-preview:-1\" \/>\n<link rel=\"canonical\" href=\"https:\/\/www.revistarambla.com\/en\/la-cuarentena-de-boccaccio-y-la-de-sanchez\/\" \/>\n<meta property=\"og:locale\" content=\"en_GB\" \/>\n<meta property=\"og:type\" content=\"article\" \/>\n<meta property=\"og:title\" content=\"La cuarentena de Boccaccio y la de S\u00e1nchez - Revista Rambla\" \/>\n<meta property=\"og:description\" content=\"Ante la pandemia del Covid-19 que asola a Espa\u00f1a, si los de la casta pol\u00edtica gobernante fueran personas informadas, documentadas y pol\u00edticamente incorrectas, no nos hubieran conducido a donde nos encontramos hoy, 21 de abril de 2020: por un lado, 204.178 contagiados (de los cuales m\u00e1s de 31.000 es personal [&hellip;]\" \/>\n<meta property=\"og:url\" content=\"https:\/\/www.revistarambla.com\/en\/la-cuarentena-de-boccaccio-y-la-de-sanchez\/\" \/>\n<meta property=\"og:site_name\" content=\"Revista Rambla\" \/>\n<meta property=\"article:publisher\" content=\"https:\/\/www.facebook.com\/revistarambla\/\" \/>\n<meta property=\"article:author\" content=\"https:\/\/www.facebook.com\/manuelignacio.cabezasgonzalez\" \/>\n<meta property=\"article:published_time\" content=\"2020-04-27T17:49:18+00:00\" \/>\n<meta property=\"article:modified_time\" content=\"2025-01-23T20:40:50+00:00\" \/>\n<meta property=\"og:image\" content=\"https:\/\/www.revistarambla.com\/wp-content\/uploads\/2020\/04\/Historia-scaled.jpg\" \/>\n\t<meta property=\"og:image:width\" content=\"2048\" \/>\n\t<meta property=\"og:image:height\" content=\"1545\" \/>\n\t<meta property=\"og:image:type\" content=\"image\/jpeg\" \/>\n<meta name=\"author\" content=\"Manuel Ignacio Cabezas Gonz\u00e1lez\" \/>\n<meta name=\"twitter:card\" content=\"summary_large_image\" \/>\n<meta name=\"twitter:creator\" content=\"@ManuelICabezas\" \/>\n<meta name=\"twitter:site\" content=\"@revistarambla\" \/>\n<meta name=\"twitter:label1\" content=\"Written by\" \/>\n\t<meta name=\"twitter:data1\" content=\"Manuel Ignacio Cabezas Gonz\u00e1lez\" \/>\n\t<meta name=\"twitter:label2\" content=\"Estimated reading time\" \/>\n\t<meta name=\"twitter:data2\" content=\"7 minutes\" \/>\n<script type=\"application\/ld+json\" class=\"yoast-schema-graph\">{\"@context\":\"https:\\\/\\\/schema.org\",\"@graph\":[{\"@type\":\"Article\",\"@id\":\"https:\\\/\\\/www.revistarambla.com\\\/la-cuarentena-de-boccaccio-y-la-de-sanchez\\\/#article\",\"isPartOf\":{\"@id\":\"https:\\\/\\\/www.revistarambla.com\\\/la-cuarentena-de-boccaccio-y-la-de-sanchez\\\/\"},\"author\":{\"name\":\"Manuel Ignacio Cabezas Gonz\u00e1lez\",\"@id\":\"https:\\\/\\\/www.revistarambla.com\\\/#\\\/schema\\\/person\\\/3d71c575842522757de7f4f9c9b40215\"},\"headline\":\"La cuarentena de Boccaccio y la de S\u00e1nchez\",\"datePublished\":\"2020-04-27T17:49:18+00:00\",\"dateModified\":\"2025-01-23T20:40:50+00:00\",\"mainEntityOfPage\":{\"@id\":\"https:\\\/\\\/www.revistarambla.com\\\/la-cuarentena-de-boccaccio-y-la-de-sanchez\\\/\"},\"wordCount\":1429,\"commentCount\":0,\"publisher\":{\"@id\":\"https:\\\/\\\/www.revistarambla.com\\\/#organization\"},\"image\":{\"@id\":\"https:\\\/\\\/www.revistarambla.com\\\/la-cuarentena-de-boccaccio-y-la-de-sanchez\\\/#primaryimage\"},\"thumbnailUrl\":\"https:\\\/\\\/www.revistarambla.com\\\/wp-content\\\/uploads\\\/2020\\\/04\\\/Historia-scaled.jpg\",\"articleSection\":[\"Cantando las verdades\"],\"inLanguage\":\"en-GB\",\"potentialAction\":[{\"@type\":\"CommentAction\",\"name\":\"Comment\",\"target\":[\"https:\\\/\\\/www.revistarambla.com\\\/la-cuarentena-de-boccaccio-y-la-de-sanchez\\\/#respond\"]}]},{\"@type\":\"WebPage\",\"@id\":\"https:\\\/\\\/www.revistarambla.com\\\/la-cuarentena-de-boccaccio-y-la-de-sanchez\\\/\",\"url\":\"https:\\\/\\\/www.revistarambla.com\\\/la-cuarentena-de-boccaccio-y-la-de-sanchez\\\/\",\"name\":\"La cuarentena de Boccaccio y la de S\u00e1nchez - Revista Rambla\",\"isPartOf\":{\"@id\":\"https:\\\/\\\/www.revistarambla.com\\\/#website\"},\"primaryImageOfPage\":{\"@id\":\"https:\\\/\\\/www.revistarambla.com\\\/la-cuarentena-de-boccaccio-y-la-de-sanchez\\\/#primaryimage\"},\"image\":{\"@id\":\"https:\\\/\\\/www.revistarambla.com\\\/la-cuarentena-de-boccaccio-y-la-de-sanchez\\\/#primaryimage\"},\"thumbnailUrl\":\"https:\\\/\\\/www.revistarambla.com\\\/wp-content\\\/uploads\\\/2020\\\/04\\\/Historia-scaled.jpg\",\"datePublished\":\"2020-04-27T17:49:18+00:00\",\"dateModified\":\"2025-01-23T20:40:50+00:00\",\"breadcrumb\":{\"@id\":\"https:\\\/\\\/www.revistarambla.com\\\/la-cuarentena-de-boccaccio-y-la-de-sanchez\\\/#breadcrumb\"},\"inLanguage\":\"en-GB\",\"potentialAction\":[{\"@type\":\"ReadAction\",\"target\":[\"https:\\\/\\\/www.revistarambla.com\\\/la-cuarentena-de-boccaccio-y-la-de-sanchez\\\/\"]}]},{\"@type\":\"ImageObject\",\"inLanguage\":\"en-GB\",\"@id\":\"https:\\\/\\\/www.revistarambla.com\\\/la-cuarentena-de-boccaccio-y-la-de-sanchez\\\/#primaryimage\",\"url\":\"https:\\\/\\\/www.revistarambla.com\\\/wp-content\\\/uploads\\\/2020\\\/04\\\/Historia-scaled.jpg\",\"contentUrl\":\"https:\\\/\\\/www.revistarambla.com\\\/wp-content\\\/uploads\\\/2020\\\/04\\\/Historia-scaled.jpg\",\"width\":2048,\"height\":1545,\"caption\":\"Historia\"},{\"@type\":\"BreadcrumbList\",\"@id\":\"https:\\\/\\\/www.revistarambla.com\\\/la-cuarentena-de-boccaccio-y-la-de-sanchez\\\/#breadcrumb\",\"itemListElement\":[{\"@type\":\"ListItem\",\"position\":1,\"name\":\"Portada\",\"item\":\"https:\\\/\\\/www.revistarambla.com\\\/\"},{\"@type\":\"ListItem\",\"position\":2,\"name\":\"La cuarentena de Boccaccio y la de S\u00e1nchez\"}]},{\"@type\":\"WebSite\",\"@id\":\"https:\\\/\\\/www.revistarambla.com\\\/#website\",\"url\":\"https:\\\/\\\/www.revistarambla.com\\\/\",\"name\":\"Revista Rambla Barcelona\",\"description\":\"Periodismo independiente\",\"publisher\":{\"@id\":\"https:\\\/\\\/www.revistarambla.com\\\/#organization\"},\"potentialAction\":[{\"@type\":\"SearchAction\",\"target\":{\"@type\":\"EntryPoint\",\"urlTemplate\":\"https:\\\/\\\/www.revistarambla.com\\\/?s={search_term_string}\"},\"query-input\":{\"@type\":\"PropertyValueSpecification\",\"valueRequired\":true,\"valueName\":\"search_term_string\"}}],\"inLanguage\":\"en-GB\"},{\"@type\":\"Organization\",\"@id\":\"https:\\\/\\\/www.revistarambla.com\\\/#organization\",\"name\":\"Revista Rambla\",\"url\":\"https:\\\/\\\/www.revistarambla.com\\\/\",\"logo\":{\"@type\":\"ImageObject\",\"inLanguage\":\"en-GB\",\"@id\":\"https:\\\/\\\/www.revistarambla.com\\\/#\\\/schema\\\/logo\\\/image\\\/\",\"url\":\"https:\\\/\\\/www.revistarambla.com\\\/wp-content\\\/uploads\\\/2020\\\/09\\\/banner_rambla_1900x600_BB.png\",\"contentUrl\":\"https:\\\/\\\/www.revistarambla.com\\\/wp-content\\\/uploads\\\/2020\\\/09\\\/banner_rambla_1900x600_BB.png\",\"width\":1900,\"height\":600,\"caption\":\"Revista Rambla\"},\"image\":{\"@id\":\"https:\\\/\\\/www.revistarambla.com\\\/#\\\/schema\\\/logo\\\/image\\\/\"},\"sameAs\":[\"https:\\\/\\\/www.facebook.com\\\/revistarambla\\\/\",\"https:\\\/\\\/x.com\\\/revistarambla\",\"https:\\\/\\\/www.instagram.com\\\/revista_rambla\",\"https:\\\/\\\/es.linkedin.com\\\/company\\\/revista-rambla\"]},{\"@type\":\"Person\",\"@id\":\"https:\\\/\\\/www.revistarambla.com\\\/#\\\/schema\\\/person\\\/3d71c575842522757de7f4f9c9b40215\",\"name\":\"Manuel Ignacio Cabezas Gonz\u00e1lez\",\"description\":\"Doctor en Didactolog\u00eda de las Lenguas y de las Culturas. Profesor Titular de Ling\u00fc\u00edstica y de Ling\u00fc\u00edstica Aplicada. Departamento de Filolog\u00eda Francesa y Rom\u00e1nica (UAB).\",\"sameAs\":[\"http:\\\/\\\/honrad.blogspot.com\\\/\",\"https:\\\/\\\/www.facebook.com\\\/manuelignacio.cabezasgonzalez\",\"https:\\\/\\\/x.com\\\/ManuelICabezas\"]}]}<\/script>\n<!-- \/ Yoast SEO plugin. -->","yoast_head_json":{"title":"La cuarentena de Boccaccio y la de S\u00e1nchez - Revista Rambla","robots":{"index":"index","follow":"follow","max-snippet":"max-snippet:-1","max-image-preview":"max-image-preview:large","max-video-preview":"max-video-preview:-1"},"canonical":"https:\/\/www.revistarambla.com\/en\/la-cuarentena-de-boccaccio-y-la-de-sanchez\/","og_locale":"en_GB","og_type":"article","og_title":"La cuarentena de Boccaccio y la de S\u00e1nchez - Revista Rambla","og_description":"Ante la pandemia del Covid-19 que asola a Espa\u00f1a, si los de la casta pol\u00edtica gobernante fueran personas informadas, documentadas y pol\u00edticamente incorrectas, no nos hubieran conducido a donde nos encontramos hoy, 21 de abril de 2020: por un lado, 204.178 contagiados (de los cuales m\u00e1s de 31.000 es personal [&hellip;]","og_url":"https:\/\/www.revistarambla.com\/en\/la-cuarentena-de-boccaccio-y-la-de-sanchez\/","og_site_name":"Revista Rambla","article_publisher":"https:\/\/www.facebook.com\/revistarambla\/","article_author":"https:\/\/www.facebook.com\/manuelignacio.cabezasgonzalez","article_published_time":"2020-04-27T17:49:18+00:00","article_modified_time":"2025-01-23T20:40:50+00:00","og_image":[{"width":2048,"height":1545,"url":"https:\/\/www.revistarambla.com\/wp-content\/uploads\/2020\/04\/Historia-scaled.jpg","type":"image\/jpeg"}],"author":"Manuel Ignacio Cabezas Gonz\u00e1lez","twitter_card":"summary_large_image","twitter_creator":"@ManuelICabezas","twitter_site":"@revistarambla","twitter_misc":{"Written by":"Manuel Ignacio Cabezas Gonz\u00e1lez","Estimated reading time":"7 minutes"},"schema":{"@context":"https:\/\/schema.org","@graph":[{"@type":"Article","@id":"https:\/\/www.revistarambla.com\/la-cuarentena-de-boccaccio-y-la-de-sanchez\/#article","isPartOf":{"@id":"https:\/\/www.revistarambla.com\/la-cuarentena-de-boccaccio-y-la-de-sanchez\/"},"author":{"name":"Manuel Ignacio Cabezas Gonz\u00e1lez","@id":"https:\/\/www.revistarambla.com\/#\/schema\/person\/3d71c575842522757de7f4f9c9b40215"},"headline":"La cuarentena de Boccaccio y la de S\u00e1nchez","datePublished":"2020-04-27T17:49:18+00:00","dateModified":"2025-01-23T20:40:50+00:00","mainEntityOfPage":{"@id":"https:\/\/www.revistarambla.com\/la-cuarentena-de-boccaccio-y-la-de-sanchez\/"},"wordCount":1429,"commentCount":0,"publisher":{"@id":"https:\/\/www.revistarambla.com\/#organization"},"image":{"@id":"https:\/\/www.revistarambla.com\/la-cuarentena-de-boccaccio-y-la-de-sanchez\/#primaryimage"},"thumbnailUrl":"https:\/\/www.revistarambla.com\/wp-content\/uploads\/2020\/04\/Historia-scaled.jpg","articleSection":["Cantando las verdades"],"inLanguage":"en-GB","potentialAction":[{"@type":"CommentAction","name":"Comment","target":["https:\/\/www.revistarambla.com\/la-cuarentena-de-boccaccio-y-la-de-sanchez\/#respond"]}]},{"@type":"WebPage","@id":"https:\/\/www.revistarambla.com\/la-cuarentena-de-boccaccio-y-la-de-sanchez\/","url":"https:\/\/www.revistarambla.com\/la-cuarentena-de-boccaccio-y-la-de-sanchez\/","name":"La cuarentena de Boccaccio y la de S\u00e1nchez - Revista Rambla","isPartOf":{"@id":"https:\/\/www.revistarambla.com\/#website"},"primaryImageOfPage":{"@id":"https:\/\/www.revistarambla.com\/la-cuarentena-de-boccaccio-y-la-de-sanchez\/#primaryimage"},"image":{"@id":"https:\/\/www.revistarambla.com\/la-cuarentena-de-boccaccio-y-la-de-sanchez\/#primaryimage"},"thumbnailUrl":"https:\/\/www.revistarambla.com\/wp-content\/uploads\/2020\/04\/Historia-scaled.jpg","datePublished":"2020-04-27T17:49:18+00:00","dateModified":"2025-01-23T20:40:50+00:00","breadcrumb":{"@id":"https:\/\/www.revistarambla.com\/la-cuarentena-de-boccaccio-y-la-de-sanchez\/#breadcrumb"},"inLanguage":"en-GB","potentialAction":[{"@type":"ReadAction","target":["https:\/\/www.revistarambla.com\/la-cuarentena-de-boccaccio-y-la-de-sanchez\/"]}]},{"@type":"ImageObject","inLanguage":"en-GB","@id":"https:\/\/www.revistarambla.com\/la-cuarentena-de-boccaccio-y-la-de-sanchez\/#primaryimage","url":"https:\/\/www.revistarambla.com\/wp-content\/uploads\/2020\/04\/Historia-scaled.jpg","contentUrl":"https:\/\/www.revistarambla.com\/wp-content\/uploads\/2020\/04\/Historia-scaled.jpg","width":2048,"height":1545,"caption":"Historia"},{"@type":"BreadcrumbList","@id":"https:\/\/www.revistarambla.com\/la-cuarentena-de-boccaccio-y-la-de-sanchez\/#breadcrumb","itemListElement":[{"@type":"ListItem","position":1,"name":"Portada","item":"https:\/\/www.revistarambla.com\/"},{"@type":"ListItem","position":2,"name":"La cuarentena de Boccaccio y la de S\u00e1nchez"}]},{"@type":"WebSite","@id":"https:\/\/www.revistarambla.com\/#website","url":"https:\/\/www.revistarambla.com\/","name":"Revista Rambla Barcelona","description":"Periodismo independiente","publisher":{"@id":"https:\/\/www.revistarambla.com\/#organization"},"potentialAction":[{"@type":"SearchAction","target":{"@type":"EntryPoint","urlTemplate":"https:\/\/www.revistarambla.com\/?s={search_term_string}"},"query-input":{"@type":"PropertyValueSpecification","valueRequired":true,"valueName":"search_term_string"}}],"inLanguage":"en-GB"},{"@type":"Organization","@id":"https:\/\/www.revistarambla.com\/#organization","name":"Revista Rambla","url":"https:\/\/www.revistarambla.com\/","logo":{"@type":"ImageObject","inLanguage":"en-GB","@id":"https:\/\/www.revistarambla.com\/#\/schema\/logo\/image\/","url":"https:\/\/www.revistarambla.com\/wp-content\/uploads\/2020\/09\/banner_rambla_1900x600_BB.png","contentUrl":"https:\/\/www.revistarambla.com\/wp-content\/uploads\/2020\/09\/banner_rambla_1900x600_BB.png","width":1900,"height":600,"caption":"Revista Rambla"},"image":{"@id":"https:\/\/www.revistarambla.com\/#\/schema\/logo\/image\/"},"sameAs":["https:\/\/www.facebook.com\/revistarambla\/","https:\/\/x.com\/revistarambla","https:\/\/www.instagram.com\/revista_rambla","https:\/\/es.linkedin.com\/company\/revista-rambla"]},{"@type":"Person","@id":"https:\/\/www.revistarambla.com\/#\/schema\/person\/3d71c575842522757de7f4f9c9b40215","name":"Manuel Ignacio Cabezas Gonz\u00e1lez","description":"Doctor en Didactolog\u00eda de las Lenguas y de las Culturas. Profesor Titular de Ling\u00fc\u00edstica y de Ling\u00fc\u00edstica Aplicada. Departamento de Filolog\u00eda Francesa y Rom\u00e1nica (UAB).","sameAs":["http:\/\/honrad.blogspot.com\/","https:\/\/www.facebook.com\/manuelignacio.cabezasgonzalez","https:\/\/x.com\/ManuelICabezas"]}]}},"_links":{"self":[{"href":"https:\/\/www.revistarambla.com\/en\/wp-json\/wp\/v2\/posts\/22939","targetHints":{"allow":["GET"]}}],"collection":[{"href":"https:\/\/www.revistarambla.com\/en\/wp-json\/wp\/v2\/posts"}],"about":[{"href":"https:\/\/www.revistarambla.com\/en\/wp-json\/wp\/v2\/types\/post"}],"author":[{"embeddable":true,"href":"https:\/\/www.revistarambla.com\/en\/wp-json\/wp\/v2\/users\/17"}],"replies":[{"embeddable":true,"href":"https:\/\/www.revistarambla.com\/en\/wp-json\/wp\/v2\/comments?post=22939"}],"version-history":[{"count":1,"href":"https:\/\/www.revistarambla.com\/en\/wp-json\/wp\/v2\/posts\/22939\/revisions"}],"predecessor-version":[{"id":64116,"href":"https:\/\/www.revistarambla.com\/en\/wp-json\/wp\/v2\/posts\/22939\/revisions\/64116"}],"wp:featuredmedia":[{"embeddable":true,"href":"https:\/\/www.revistarambla.com\/en\/wp-json\/wp\/v2\/media\/22941"}],"wp:attachment":[{"href":"https:\/\/www.revistarambla.com\/en\/wp-json\/wp\/v2\/media?parent=22939"}],"wp:term":[{"taxonomy":"category","embeddable":true,"href":"https:\/\/www.revistarambla.com\/en\/wp-json\/wp\/v2\/categories?post=22939"},{"taxonomy":"post_tag","embeddable":true,"href":"https:\/\/www.revistarambla.com\/en\/wp-json\/wp\/v2\/tags?post=22939"}],"curies":[{"name":"wp","href":"https:\/\/api.w.org\/{rel}","templated":true}]}}