{"id":22826,"date":"2020-04-12T13:51:01","date_gmt":"2020-04-12T11:51:01","guid":{"rendered":"https:\/\/www.revistarambla.com\/?p=22826"},"modified":"2025-01-23T21:40:51","modified_gmt":"2025-01-23T20:40:51","slug":"beatus-ille","status":"publish","type":"post","link":"https:\/\/www.revistarambla.com\/en\/beatus-ille\/","title":{"rendered":"Beatus ille&#8230;"},"content":{"rendered":"<p align=\"JUSTIFY\"><a href=\"https:\/\/www.revistarambla.com\/wp-content\/uploads\/2020\/04\/landscape-tree-nature-grass-horizon-cloud-941745-pxhere.com_.jpg\"><img decoding=\"async\" class=\"alignright wp-image-22829 size-medium\" src=\"https:\/\/www.revistarambla.com\/wp-content\/uploads\/2020\/04\/landscape-tree-nature-grass-horizon-cloud-941745-pxhere.com_-300x200.jpg\" alt=\"Beatus ille\" width=\"300\" height=\"200\" srcset=\"https:\/\/www.revistarambla.com\/wp-content\/uploads\/2020\/04\/landscape-tree-nature-grass-horizon-cloud-941745-pxhere.com_-300x200.jpg 300w, https:\/\/www.revistarambla.com\/wp-content\/uploads\/2020\/04\/landscape-tree-nature-grass-horizon-cloud-941745-pxhere.com_-1024x683.jpg 1024w, https:\/\/www.revistarambla.com\/wp-content\/uploads\/2020\/04\/landscape-tree-nature-grass-horizon-cloud-941745-pxhere.com_-768x512.jpg 768w, https:\/\/www.revistarambla.com\/wp-content\/uploads\/2020\/04\/landscape-tree-nature-grass-horizon-cloud-941745-pxhere.com_-848x566.jpg 848w, https:\/\/www.revistarambla.com\/wp-content\/uploads\/2020\/04\/landscape-tree-nature-grass-horizon-cloud-941745-pxhere.com_-650x433.jpg 650w, https:\/\/www.revistarambla.com\/wp-content\/uploads\/2020\/04\/landscape-tree-nature-grass-horizon-cloud-941745-pxhere.com_-458x305.jpg 458w, https:\/\/www.revistarambla.com\/wp-content\/uploads\/2020\/04\/landscape-tree-nature-grass-horizon-cloud-941745-pxhere.com_.jpg 1280w\" sizes=\"(max-width: 300px) 100vw, 300px\" \/><\/a><span lang=\"es-ES\">Corr\u00edan los primeros d\u00edas de febrero de 2020 cuando nos reunimos, una vez m\u00e1s, unos cuantos amigos en la casa de campo \u201c<\/span><span lang=\"es-ES\"><i>Mas Alimbau<\/i><\/span><span lang=\"es-ES\">\u201d, sita en la provincia de Tarragona. Como siempre, nuestro objetivo fue reencontrarnos para cultivar la amistad y disfrutar de ella, \u2014alejados, como hubiera dicho <\/span><span lang=\"es-ES\"><b>Fray Luis de Le\u00f3n<\/b><\/span><span lang=\"es-ES\">, del mundanal ruido\u2014 y para zambullirnos en una naturaleza salvaje, acogedora y ed\u00e9nica. <\/span><\/p>\n<p style=\"text-align: left;\" align=\"JUSTIFY\"><span lang=\"es-ES\">El \u201c<\/span><span lang=\"es-ES\"><i>sanctasant\u00f3rum<\/i><\/span><span lang=\"es-ES\">\u201d de la mas\u00eda es un mega-espacio polivalente, separado de la mas\u00eda propiamente dicha, que es al mismo tiempo cocina, barbacoa, horno de pan, comedor, bodega, <\/span><span lang=\"es-ES\"><i>living room<\/i><\/span><span lang=\"es-ES\">, sala de juegos y sal\u00f3n de baile. Para convertirlo en polivalente, su restaurador, el hacendoso e infatigable <\/span><span lang=\"es-ES\"><b>Agust\u00edn Serna<\/b><\/span><span lang=\"es-ES\">, dedic\u00f3 mucho tiempo y esfuerzos para transformarlo en polifuncional. A la entrada de este espacio, al que bautiz\u00f3 como \u201c<\/span><span lang=\"es-ES\"><i>la barbacoa<\/i><\/span><span lang=\"es-ES\">\u201d, y en un lugar destacado, nuestro entra\u00f1able amigo Agust\u00edn coloc\u00f3 un viejo azulejo (cf. foto <\/span><span lang=\"es-ES\"><i>ci-dessus<\/i><\/span><span lang=\"es-ES\">) con una cita de <\/span><span lang=\"es-ES\"><b>Cicer\u00f3n<\/b><\/span><span lang=\"es-ES\">, que siempre ha representado para \u00e9l toda una declaraci\u00f3n de principios o regla de vida y que reza as\u00ed: \u201c<\/span><span lang=\"es-ES\"><i>La agricultura es la profesi\u00f3n propia del sabio, la m\u00e1s adecuada al sencillo y la ocupaci\u00f3n m\u00e1s digna para todo hombre libre<\/i><\/span><span lang=\"es-ES\">\u201d. <\/span><\/p>\n<p style=\"text-align: left;\" align=\"JUSTIFY\"><span lang=\"es-ES\">El contexto buc\u00f3lico del lugar, el reencuentro con viejos amigos y la cita de Cicer\u00f3n me hicieron pensar en las primeras palabras de un epodo de un poema de <\/span><span lang=\"es-ES\"><b>Horacio<\/b><\/span><span lang=\"es-ES\">, que he tomado prestadas para titular esta reflexi\u00f3n: \u201c<\/span><span lang=\"es-ES\"><i>beatus ille\u2026<\/i><\/span><span lang=\"es-ES\">\u201d. Este sintagma se suele traducir como \u201c<\/span><span lang=\"es-ES\"><i>afortunado aquel que\u2026<\/i><\/span><span lang=\"es-ES\">\u201d. Y, con \u00e9l, <\/span>Horacio inicia el elogio y la defensa de la vida sencilla y retirada en el campo, lejos de la ciudad, del hombre sabio y libre.<\/p>\n<p style=\"text-align: left;\" align=\"JUSTIFY\"><span lang=\"es-ES\">El \u201c<\/span><span lang=\"es-ES\"><i>beatus ille\u2026<\/i><\/span><span lang=\"es-ES\">\u201d, junto al \u201c<\/span><span lang=\"es-ES\"><i>carpe diem<\/i><\/span><span lang=\"es-ES\">\u201d, al \u201c<\/span><span lang=\"es-ES\"><i>locus amoenus<\/i><\/span><span lang=\"es-ES\">\u201d y al \u201c<\/span><span lang=\"es-ES\"><i>tempus fugit<\/i><\/span><span lang=\"es-ES\">\u201d denotan algunas de las aspiraciones y valores de la Roma cl\u00e1sica y, en general, del ser humano a lo largo de la historia; y, c\u00f3mo no, tambi\u00e9n del hombre de principios del siglo XXI. En efecto, todos estos t\u00f3picos literarios van en la misma direcci\u00f3n y nos invitan a no dejar para ma\u00f1ana lo que podamos gozar hoy (\u201c<\/span><span lang=\"es-ES\"><i>carpe diem<\/i><\/span><span lang=\"es-ES\">\u201d), en un contexto agradable e id\u00edlico (\u201c<\/span><span lang=\"es-ES\"><i>locus amoenus<\/i><\/span><span lang=\"es-ES\">\u201d), alejado del mundanal ruido (\u201c<\/span><span lang=\"es-ES\"><i>beatus ille<\/i><\/span><span lang=\"es-ES\">\u201d), ya que el paso del tiempo (\u201c<\/span><span lang=\"es-ES\"><i>tempus fugit<\/i><\/span><span lang=\"es-ES\">\u201d) nos conduce r\u00e1pido e inevitablemente a la vejez y a la muerte, que son nuestro destino.<\/span><\/p>\n<p style=\"text-align: left;\" align=\"JUSTIFY\"><span lang=\"es-ES\">En este convulso inicio del siglo XXI y en el contexto de la lucha y del aislamiento globales contra la pandemia del <strong><a href=\"https:\/\/www.revistarambla.com\/en\/tag\/covid-19\/\">Covid 19<\/a><\/strong>, el recuerdo de estos cuatro t\u00f3picos constituye un toque de atenci\u00f3n y nos invita a tomar conciencia de lo que es realmente importante e imprescindible y de aquello que es secundario y prescindible. Este aldabonazo nos lleva a reflexionar sobre la vida campestre o rural y la vida urbanita. <\/span><\/p>\n<p style=\"text-align: left;\" align=\"JUSTIFY\"><span lang=\"es-ES\">Desde hace mucho tiempo, la reflexi\u00f3n sobre esta dicotom\u00eda es algo iterativo en el discurso de los ecologistas, <\/span>que propugnan, como valores supremos, la defensa de la naturaleza y la preservaci\u00f3n del medio ambiente; y tambi\u00e9n de la casta pol\u00edtica, pero s\u00f3lo de boquilla, con el fin de granjearse los votos de la ciudadan\u00eda y, conseguido esto, olvidarse del tema y si te he visto no me acuerdo. Si contrastamos <span lang=\"es-ES\">estos dos tipos de vida (rural vs. urbanita), podemos constatar que los pros o las ventajas de la una son los contras o las desventajas de la otra y viceversa. De ah\u00ed la pertinencia de ponerlos en los platillos de la balanza.<\/span><\/p>\n<blockquote>\n<p align=\"JUSTIFY\"><span lang=\"es-ES\">La vida urbanita, con el desarrollo desbocado de las ciudades, est\u00e1 siendo puesta en tela de juicio, ya que es cada vez m\u00e1s dura, m\u00e1s antinatural y m\u00e1s inh\u00f3spita.<\/span><\/p>\n<\/blockquote>\n<p style=\"text-align: left;\" align=\"JUSTIFY\"><span lang=\"es-ES\">La vida urbanita, con el desarrollo desbocado de las ciudades, est\u00e1 siendo puesta en tela de juicio, ya que es cada vez m\u00e1s dura, m\u00e1s antinatural y m\u00e1s inh\u00f3spita. Algunos, incluso, han llegado a afirmar que la ciudad ha declarado la guerra a las personas y al territorio. Por eso, remedando un aforismo latino, se podr\u00eda decir que \u201c<\/span><span lang=\"es-ES\"><i>civitas civitati lupus<\/i><\/span><span lang=\"es-ES\">\u201d (la ciudad es el lobo para la ciudad). En efecto, a pesar de que las ciudades disfruten de una gran conectividad (carreteras, autopistas, transporte p\u00fablico, nuevas tecnolog\u00edas), tengan una mayor accesibilidad a los servicios y equipamientos p\u00fablicos (educaci\u00f3n, sanidad, Administraci\u00f3n, etc.) y disfruten de mayores posibilidades de trabajo, de ocio y de cultura (museos, exposiciones, conciertos, conferencias, etc.), la ciudad no es ese \u201c<\/span><span lang=\"es-ES\"><i>locus amoenus<\/i><\/span><span lang=\"es-ES\">\u201d que haga que los urbanistas se encuentren a gusto, disfruten y sean felices (\u201c<\/span><span lang=\"es-ES\"><i>carpe diem<\/i><\/span><span lang=\"es-ES\">\u201d). \u00bfPor qu\u00e9?<\/span><\/p>\n<p style=\"text-align: left;\" align=\"JUSTIFY\"><span lang=\"es-ES\">Son muchas las razones. Sin \u00e1nimo de ser exhaustivo, entre las m\u00e1s evidentes est\u00e1n las hiperaglomeraciones humanas y el hiperurbanismo desenfrenado, de muy dif\u00edcil gesti\u00f3n, que est\u00e1n en el origen: 1. de los cr\u00edmenes hidrogeol\u00f3gicos y de los suburbios-dormitorio de las grandes ciudades; 2. de la contaminaci\u00f3n: ambiental, lum\u00ednica y ac\u00fastica; 3. del ritmo fren\u00e9tico, que es causa a su vez del estr\u00e9s, del individualismo, de la marginaci\u00f3n de los ancianos, del deterioro de la comunicaci\u00f3n entre los ciudadanos, de la crisis de la instituci\u00f3n familiar, de la soledad, de la alienaci\u00f3n, de la depresi\u00f3n, de las adicciones, del suicidio,\u2026 de demasiados urbanitas.<\/span><\/p>\n<p style=\"text-align: left;\" align=\"JUSTIFY\"><span lang=\"es-ES\">A consecuencia de estos efectos colaterales negativos, la vida rural o campestre tiene cada vez m\u00e1s adeptos y ha provocado y provoca un \u00e9xodo hacia la \u201c<\/span><strong><a href=\"https:\/\/www.revistarambla.com\/en\/la-espana-vaciada-y-vacia\/\"><span lang=\"es-ES\">Espa\u00f1a vaciada y vac\u00eda<\/span><\/a><\/strong><span lang=\"es-ES\">\u201d, que ocupa el 80% del territorio espa\u00f1ol. Este retorno definitivo \u2014por el momento, gota a gota\u2014 o espor\u00e1dico y masivo (fines de semana, puentes, vacaciones) est\u00e1 auspiciado por el atractivo de una vida menos convencional (m\u00e1s basada en el \u201c<\/span><span lang=\"es-ES\"><i>ser<\/i><\/span><span lang=\"es-ES\">\u201d que en el \u201c<\/span><span lang=\"es-ES\"><i>parecer<\/i><\/span><span lang=\"es-ES\">\u201d y el \u201c<\/span><span lang=\"es-ES\"><i>tener<\/i><\/span><span lang=\"es-ES\">\u201d); de una vida m\u00e1s natural, m\u00e1s sana y m\u00e1s tranquila; de un entorno menos contaminado; y de una socializaci\u00f3n m\u00e1s amigable, convivial y desinteresada. Adem\u00e1s, el retorno definitivo al campo ha sido potenciado porque han surgido nuevas posibilidades de negocio para poder vivir en el agro y del agro: el teletrabajo, la agricultura ecol\u00f3gica, el agroturismo, las casas rurales, el retorno de la ganader\u00eda extensiva, la apicultura, etc. Por otro lado, el coste de la vida es m\u00e1s soportable: impuestos y tasas m\u00e1s bajos, acceso m\u00e1s barato a la vivienda. <\/span><\/p>\n<p style=\"text-align: left;\" align=\"JUSTIFY\"><span lang=\"es-ES\">Ante el balance no satisfactorio de la vida urbanita y ante la necesidad vital de los urbanitas de reencontrarse \u2014de forma espor\u00e1dica (fines de semana, puentes, vacaciones) o permanente (vuelta definitiva al campo)\u2014 con la naturaleza, no ser\u00eda descabellado pensar en \u201c<\/span><span lang=\"es-ES\"><i>re-naturalizar<\/i><\/span><span lang=\"es-ES\">\u201d la vida urbanita y \u201c<\/span><span lang=\"es-ES\"><i>urbanizar<\/i><\/span><span lang=\"es-ES\">\u201d, en su justa medida, la vida rural. As\u00ed, se podr\u00eda reequilibrar la relaci\u00f3n actual entre la vida en el campo y en la ciudad, poniendo fin a la hiperconcentraci\u00f3n demogr\u00e1fica en las ciudades y a las desgualdades entre la <\/span><em><span lang=\"es-ES\">\u201c<\/span><span lang=\"es-ES\">Espa\u00f1a llena<\/span><span lang=\"es-ES\">\u201d<\/span><\/em><span lang=\"es-ES\"> y la <\/span><em><span lang=\"es-ES\">\u201c<\/span><span lang=\"es-ES\">Espa\u00f1a vaciada y vac\u00eda<\/span><span lang=\"es-ES\">\u201d<\/span><\/em><span lang=\"es-ES\">. Tambi\u00e9n se amortiguar\u00eda la idolatr\u00eda del consumo desenfrenado que ha llevado a los urbanitas \u2014como hubiera podido afirmar ese personaje de ficci\u00f3n,<\/span> <b>Tyler Durden<\/b><span lang=\"es-ES\">\u2014 a \u201c<\/span><span lang=\"es-ES\"><i>tener<\/i><\/span><i> empleos de mierda, que odian, con salarios de mierda, para comprar mierda que no necesitan<\/i>\u201d. El <b>Dalai Lama<\/b> lo vio tambi\u00e9n muy claro cuando asever\u00f3:<b> <\/b>\u201c<i>Lo que m\u00e1s me sorprende del hombre occidental es que pierde la salud para ganar dinero, despu\u00e9s pierde el dinero para recuperar la salud. Y por pensar ansiosamente en el futuro no disfruta el presente, por lo que no vive ni el presente ni el futuro. Y vive como si no tuviera que morir nunca y muere como si nunca hubiera vivido<\/i>\u201d.<\/p>\n<p style=\"text-align: left;\" align=\"JUSTIFY\">Por eso, afortunado aquel (<span lang=\"es-ES\">\u201c<\/span><span lang=\"es-ES\"><i>beatus ille\u2026<\/i><\/span><span lang=\"es-ES\">\u201d), como nuestro amigo Agust\u00edn Serna, que vive en comuni\u00f3n con la madre naturaleza (\u201c<\/span><span lang=\"es-ES\"><i>locus amoenus<\/i><\/span><span lang=\"es-ES\">\u201d) y que no deja para ma\u00f1ana lo que puede disfrutar hoy (\u201c<\/span><span lang=\"es-ES\"><i>carpe diem<\/i><\/span><span lang=\"es-ES\">\u201d), ya que el tiempo inexorable y veloz (\u201c<\/span><span lang=\"es-ES\"><i>tempus fugit<\/i><\/span><span lang=\"es-ES\">\u201d), nos arrastra hacia nuestro destino final. Por este motivo, volvamos nuestros ojos y nuestros pasos hacia <\/span>la vida sencilla y retirada en el campo, lejos de la ciudad, que es lo propio del hombre sabio y libre. Sigamos este consejo de Cicer\u00f3n, que tambi\u00e9n dej\u00f3 escrita esta otra perla: \u00ab<i>Si tienes un biblioteca y un huerto, lo tienes todo y no necesitas nada m\u00e1s para ser feliz<\/i>\u201d.<\/p>","protected":false},"excerpt":{"rendered":"<p>Corr\u00edan los primeros d\u00edas de febrero de 2020 cuando nos reunimos, una vez m\u00e1s, unos cuantos amigos en la casa de campo \u201cMas Alimbau\u201d, sita en la provincia de Tarragona. Como siempre, nuestro objetivo fue reencontrarnos para cultivar la amistad y disfrutar de ella, \u2014alejados, como hubiera dicho Fray Luis [&hellip;]<\/p>\n","protected":false},"author":17,"featured_media":22829,"comment_status":"open","ping_status":"open","sticky":false,"template":"","format":"standard","meta":{"footnotes":""},"categories":[4114],"tags":[],"class_list":["post-22826","post","type-post","status-publish","format-standard","has-post-thumbnail","hentry","category-cantando-las-verdades"],"yoast_head":"<!-- This site is optimized with the Yoast SEO plugin v27.5 - https:\/\/yoast.com\/product\/yoast-seo-wordpress\/ -->\n<title>Beatus ille... - Revista Rambla<\/title>\n<meta name=\"robots\" content=\"index, follow, max-snippet:-1, max-image-preview:large, max-video-preview:-1\" \/>\n<link rel=\"canonical\" href=\"https:\/\/www.revistarambla.com\/en\/beatus-ille\/\" \/>\n<meta property=\"og:locale\" content=\"en_GB\" \/>\n<meta property=\"og:type\" content=\"article\" \/>\n<meta property=\"og:title\" content=\"Beatus ille... - Revista Rambla\" \/>\n<meta property=\"og:description\" content=\"Corr\u00edan los primeros d\u00edas de febrero de 2020 cuando nos reunimos, una vez m\u00e1s, unos cuantos amigos en la casa de campo \u201cMas Alimbau\u201d, sita en la provincia de Tarragona. Como siempre, nuestro objetivo fue reencontrarnos para cultivar la amistad y disfrutar de ella, \u2014alejados, como hubiera dicho Fray Luis [&hellip;]\" \/>\n<meta property=\"og:url\" content=\"https:\/\/www.revistarambla.com\/en\/beatus-ille\/\" \/>\n<meta property=\"og:site_name\" content=\"Revista Rambla\" \/>\n<meta property=\"article:publisher\" content=\"https:\/\/www.facebook.com\/revistarambla\/\" \/>\n<meta property=\"article:author\" content=\"https:\/\/www.facebook.com\/manuelignacio.cabezasgonzalez\" \/>\n<meta property=\"article:published_time\" content=\"2020-04-12T11:51:01+00:00\" \/>\n<meta property=\"article:modified_time\" content=\"2025-01-23T20:40:51+00:00\" \/>\n<meta property=\"og:image\" content=\"https:\/\/www.revistarambla.com\/wp-content\/uploads\/2020\/04\/landscape-tree-nature-grass-horizon-cloud-941745-pxhere.com_.jpg\" \/>\n\t<meta property=\"og:image:width\" content=\"1280\" \/>\n\t<meta property=\"og:image:height\" content=\"854\" \/>\n\t<meta property=\"og:image:type\" content=\"image\/jpeg\" \/>\n<meta name=\"author\" content=\"Manuel Ignacio Cabezas Gonz\u00e1lez\" \/>\n<meta name=\"twitter:card\" content=\"summary_large_image\" \/>\n<meta name=\"twitter:creator\" content=\"@ManuelICabezas\" \/>\n<meta name=\"twitter:site\" content=\"@revistarambla\" \/>\n<meta name=\"twitter:label1\" content=\"Written by\" \/>\n\t<meta name=\"twitter:data1\" content=\"Manuel Ignacio Cabezas Gonz\u00e1lez\" \/>\n\t<meta name=\"twitter:label2\" content=\"Estimated reading time\" \/>\n\t<meta name=\"twitter:data2\" content=\"7 minutes\" \/>\n<script type=\"application\/ld+json\" class=\"yoast-schema-graph\">{\"@context\":\"https:\\\/\\\/schema.org\",\"@graph\":[{\"@type\":\"Article\",\"@id\":\"https:\\\/\\\/www.revistarambla.com\\\/beatus-ille\\\/#article\",\"isPartOf\":{\"@id\":\"https:\\\/\\\/www.revistarambla.com\\\/beatus-ille\\\/\"},\"author\":{\"name\":\"Manuel Ignacio Cabezas Gonz\u00e1lez\",\"@id\":\"https:\\\/\\\/www.revistarambla.com\\\/#\\\/schema\\\/person\\\/3d71c575842522757de7f4f9c9b40215\"},\"headline\":\"Beatus ille&#8230;\",\"datePublished\":\"2020-04-12T11:51:01+00:00\",\"dateModified\":\"2025-01-23T20:40:51+00:00\",\"mainEntityOfPage\":{\"@id\":\"https:\\\/\\\/www.revistarambla.com\\\/beatus-ille\\\/\"},\"wordCount\":1433,\"commentCount\":0,\"publisher\":{\"@id\":\"https:\\\/\\\/www.revistarambla.com\\\/#organization\"},\"image\":{\"@id\":\"https:\\\/\\\/www.revistarambla.com\\\/beatus-ille\\\/#primaryimage\"},\"thumbnailUrl\":\"https:\\\/\\\/www.revistarambla.com\\\/wp-content\\\/uploads\\\/2020\\\/04\\\/landscape-tree-nature-grass-horizon-cloud-941745-pxhere.com_.jpg\",\"articleSection\":[\"Cantando las verdades\"],\"inLanguage\":\"en-GB\",\"potentialAction\":[{\"@type\":\"CommentAction\",\"name\":\"Comment\",\"target\":[\"https:\\\/\\\/www.revistarambla.com\\\/beatus-ille\\\/#respond\"]}]},{\"@type\":\"WebPage\",\"@id\":\"https:\\\/\\\/www.revistarambla.com\\\/beatus-ille\\\/\",\"url\":\"https:\\\/\\\/www.revistarambla.com\\\/beatus-ille\\\/\",\"name\":\"Beatus ille... - Revista Rambla\",\"isPartOf\":{\"@id\":\"https:\\\/\\\/www.revistarambla.com\\\/#website\"},\"primaryImageOfPage\":{\"@id\":\"https:\\\/\\\/www.revistarambla.com\\\/beatus-ille\\\/#primaryimage\"},\"image\":{\"@id\":\"https:\\\/\\\/www.revistarambla.com\\\/beatus-ille\\\/#primaryimage\"},\"thumbnailUrl\":\"https:\\\/\\\/www.revistarambla.com\\\/wp-content\\\/uploads\\\/2020\\\/04\\\/landscape-tree-nature-grass-horizon-cloud-941745-pxhere.com_.jpg\",\"datePublished\":\"2020-04-12T11:51:01+00:00\",\"dateModified\":\"2025-01-23T20:40:51+00:00\",\"breadcrumb\":{\"@id\":\"https:\\\/\\\/www.revistarambla.com\\\/beatus-ille\\\/#breadcrumb\"},\"inLanguage\":\"en-GB\",\"potentialAction\":[{\"@type\":\"ReadAction\",\"target\":[\"https:\\\/\\\/www.revistarambla.com\\\/beatus-ille\\\/\"]}]},{\"@type\":\"ImageObject\",\"inLanguage\":\"en-GB\",\"@id\":\"https:\\\/\\\/www.revistarambla.com\\\/beatus-ille\\\/#primaryimage\",\"url\":\"https:\\\/\\\/www.revistarambla.com\\\/wp-content\\\/uploads\\\/2020\\\/04\\\/landscape-tree-nature-grass-horizon-cloud-941745-pxhere.com_.jpg\",\"contentUrl\":\"https:\\\/\\\/www.revistarambla.com\\\/wp-content\\\/uploads\\\/2020\\\/04\\\/landscape-tree-nature-grass-horizon-cloud-941745-pxhere.com_.jpg\",\"width\":1280,\"height\":854},{\"@type\":\"BreadcrumbList\",\"@id\":\"https:\\\/\\\/www.revistarambla.com\\\/beatus-ille\\\/#breadcrumb\",\"itemListElement\":[{\"@type\":\"ListItem\",\"position\":1,\"name\":\"Portada\",\"item\":\"https:\\\/\\\/www.revistarambla.com\\\/\"},{\"@type\":\"ListItem\",\"position\":2,\"name\":\"Beatus ille&#8230;\"}]},{\"@type\":\"WebSite\",\"@id\":\"https:\\\/\\\/www.revistarambla.com\\\/#website\",\"url\":\"https:\\\/\\\/www.revistarambla.com\\\/\",\"name\":\"Revista Rambla Barcelona\",\"description\":\"Periodismo independiente\",\"publisher\":{\"@id\":\"https:\\\/\\\/www.revistarambla.com\\\/#organization\"},\"potentialAction\":[{\"@type\":\"SearchAction\",\"target\":{\"@type\":\"EntryPoint\",\"urlTemplate\":\"https:\\\/\\\/www.revistarambla.com\\\/?s={search_term_string}\"},\"query-input\":{\"@type\":\"PropertyValueSpecification\",\"valueRequired\":true,\"valueName\":\"search_term_string\"}}],\"inLanguage\":\"en-GB\"},{\"@type\":\"Organization\",\"@id\":\"https:\\\/\\\/www.revistarambla.com\\\/#organization\",\"name\":\"Revista Rambla\",\"url\":\"https:\\\/\\\/www.revistarambla.com\\\/\",\"logo\":{\"@type\":\"ImageObject\",\"inLanguage\":\"en-GB\",\"@id\":\"https:\\\/\\\/www.revistarambla.com\\\/#\\\/schema\\\/logo\\\/image\\\/\",\"url\":\"https:\\\/\\\/www.revistarambla.com\\\/wp-content\\\/uploads\\\/2020\\\/09\\\/banner_rambla_1900x600_BB.png\",\"contentUrl\":\"https:\\\/\\\/www.revistarambla.com\\\/wp-content\\\/uploads\\\/2020\\\/09\\\/banner_rambla_1900x600_BB.png\",\"width\":1900,\"height\":600,\"caption\":\"Revista Rambla\"},\"image\":{\"@id\":\"https:\\\/\\\/www.revistarambla.com\\\/#\\\/schema\\\/logo\\\/image\\\/\"},\"sameAs\":[\"https:\\\/\\\/www.facebook.com\\\/revistarambla\\\/\",\"https:\\\/\\\/x.com\\\/revistarambla\",\"https:\\\/\\\/www.instagram.com\\\/revista_rambla\",\"https:\\\/\\\/es.linkedin.com\\\/company\\\/revista-rambla\"]},{\"@type\":\"Person\",\"@id\":\"https:\\\/\\\/www.revistarambla.com\\\/#\\\/schema\\\/person\\\/3d71c575842522757de7f4f9c9b40215\",\"name\":\"Manuel Ignacio Cabezas Gonz\u00e1lez\",\"description\":\"Doctor en Didactolog\u00eda de las Lenguas y de las Culturas. Profesor Titular de Ling\u00fc\u00edstica y de Ling\u00fc\u00edstica Aplicada. Departamento de Filolog\u00eda Francesa y Rom\u00e1nica (UAB).\",\"sameAs\":[\"http:\\\/\\\/honrad.blogspot.com\\\/\",\"https:\\\/\\\/www.facebook.com\\\/manuelignacio.cabezasgonzalez\",\"https:\\\/\\\/x.com\\\/ManuelICabezas\"]}]}<\/script>\n<!-- \/ Yoast SEO plugin. -->","yoast_head_json":{"title":"Beatus ille... - Revista Rambla","robots":{"index":"index","follow":"follow","max-snippet":"max-snippet:-1","max-image-preview":"max-image-preview:large","max-video-preview":"max-video-preview:-1"},"canonical":"https:\/\/www.revistarambla.com\/en\/beatus-ille\/","og_locale":"en_GB","og_type":"article","og_title":"Beatus ille... - Revista Rambla","og_description":"Corr\u00edan los primeros d\u00edas de febrero de 2020 cuando nos reunimos, una vez m\u00e1s, unos cuantos amigos en la casa de campo \u201cMas Alimbau\u201d, sita en la provincia de Tarragona. Como siempre, nuestro objetivo fue reencontrarnos para cultivar la amistad y disfrutar de ella, \u2014alejados, como hubiera dicho Fray Luis [&hellip;]","og_url":"https:\/\/www.revistarambla.com\/en\/beatus-ille\/","og_site_name":"Revista Rambla","article_publisher":"https:\/\/www.facebook.com\/revistarambla\/","article_author":"https:\/\/www.facebook.com\/manuelignacio.cabezasgonzalez","article_published_time":"2020-04-12T11:51:01+00:00","article_modified_time":"2025-01-23T20:40:51+00:00","og_image":[{"width":1280,"height":854,"url":"https:\/\/www.revistarambla.com\/wp-content\/uploads\/2020\/04\/landscape-tree-nature-grass-horizon-cloud-941745-pxhere.com_.jpg","type":"image\/jpeg"}],"author":"Manuel Ignacio Cabezas Gonz\u00e1lez","twitter_card":"summary_large_image","twitter_creator":"@ManuelICabezas","twitter_site":"@revistarambla","twitter_misc":{"Written by":"Manuel Ignacio Cabezas Gonz\u00e1lez","Estimated reading time":"7 minutes"},"schema":{"@context":"https:\/\/schema.org","@graph":[{"@type":"Article","@id":"https:\/\/www.revistarambla.com\/beatus-ille\/#article","isPartOf":{"@id":"https:\/\/www.revistarambla.com\/beatus-ille\/"},"author":{"name":"Manuel Ignacio Cabezas Gonz\u00e1lez","@id":"https:\/\/www.revistarambla.com\/#\/schema\/person\/3d71c575842522757de7f4f9c9b40215"},"headline":"Beatus ille&#8230;","datePublished":"2020-04-12T11:51:01+00:00","dateModified":"2025-01-23T20:40:51+00:00","mainEntityOfPage":{"@id":"https:\/\/www.revistarambla.com\/beatus-ille\/"},"wordCount":1433,"commentCount":0,"publisher":{"@id":"https:\/\/www.revistarambla.com\/#organization"},"image":{"@id":"https:\/\/www.revistarambla.com\/beatus-ille\/#primaryimage"},"thumbnailUrl":"https:\/\/www.revistarambla.com\/wp-content\/uploads\/2020\/04\/landscape-tree-nature-grass-horizon-cloud-941745-pxhere.com_.jpg","articleSection":["Cantando las verdades"],"inLanguage":"en-GB","potentialAction":[{"@type":"CommentAction","name":"Comment","target":["https:\/\/www.revistarambla.com\/beatus-ille\/#respond"]}]},{"@type":"WebPage","@id":"https:\/\/www.revistarambla.com\/beatus-ille\/","url":"https:\/\/www.revistarambla.com\/beatus-ille\/","name":"Beatus ille... - Revista Rambla","isPartOf":{"@id":"https:\/\/www.revistarambla.com\/#website"},"primaryImageOfPage":{"@id":"https:\/\/www.revistarambla.com\/beatus-ille\/#primaryimage"},"image":{"@id":"https:\/\/www.revistarambla.com\/beatus-ille\/#primaryimage"},"thumbnailUrl":"https:\/\/www.revistarambla.com\/wp-content\/uploads\/2020\/04\/landscape-tree-nature-grass-horizon-cloud-941745-pxhere.com_.jpg","datePublished":"2020-04-12T11:51:01+00:00","dateModified":"2025-01-23T20:40:51+00:00","breadcrumb":{"@id":"https:\/\/www.revistarambla.com\/beatus-ille\/#breadcrumb"},"inLanguage":"en-GB","potentialAction":[{"@type":"ReadAction","target":["https:\/\/www.revistarambla.com\/beatus-ille\/"]}]},{"@type":"ImageObject","inLanguage":"en-GB","@id":"https:\/\/www.revistarambla.com\/beatus-ille\/#primaryimage","url":"https:\/\/www.revistarambla.com\/wp-content\/uploads\/2020\/04\/landscape-tree-nature-grass-horizon-cloud-941745-pxhere.com_.jpg","contentUrl":"https:\/\/www.revistarambla.com\/wp-content\/uploads\/2020\/04\/landscape-tree-nature-grass-horizon-cloud-941745-pxhere.com_.jpg","width":1280,"height":854},{"@type":"BreadcrumbList","@id":"https:\/\/www.revistarambla.com\/beatus-ille\/#breadcrumb","itemListElement":[{"@type":"ListItem","position":1,"name":"Portada","item":"https:\/\/www.revistarambla.com\/"},{"@type":"ListItem","position":2,"name":"Beatus ille&#8230;"}]},{"@type":"WebSite","@id":"https:\/\/www.revistarambla.com\/#website","url":"https:\/\/www.revistarambla.com\/","name":"Revista Rambla Barcelona","description":"Periodismo independiente","publisher":{"@id":"https:\/\/www.revistarambla.com\/#organization"},"potentialAction":[{"@type":"SearchAction","target":{"@type":"EntryPoint","urlTemplate":"https:\/\/www.revistarambla.com\/?s={search_term_string}"},"query-input":{"@type":"PropertyValueSpecification","valueRequired":true,"valueName":"search_term_string"}}],"inLanguage":"en-GB"},{"@type":"Organization","@id":"https:\/\/www.revistarambla.com\/#organization","name":"Revista Rambla","url":"https:\/\/www.revistarambla.com\/","logo":{"@type":"ImageObject","inLanguage":"en-GB","@id":"https:\/\/www.revistarambla.com\/#\/schema\/logo\/image\/","url":"https:\/\/www.revistarambla.com\/wp-content\/uploads\/2020\/09\/banner_rambla_1900x600_BB.png","contentUrl":"https:\/\/www.revistarambla.com\/wp-content\/uploads\/2020\/09\/banner_rambla_1900x600_BB.png","width":1900,"height":600,"caption":"Revista Rambla"},"image":{"@id":"https:\/\/www.revistarambla.com\/#\/schema\/logo\/image\/"},"sameAs":["https:\/\/www.facebook.com\/revistarambla\/","https:\/\/x.com\/revistarambla","https:\/\/www.instagram.com\/revista_rambla","https:\/\/es.linkedin.com\/company\/revista-rambla"]},{"@type":"Person","@id":"https:\/\/www.revistarambla.com\/#\/schema\/person\/3d71c575842522757de7f4f9c9b40215","name":"Manuel Ignacio Cabezas Gonz\u00e1lez","description":"Doctor en Didactolog\u00eda de las Lenguas y de las Culturas. Profesor Titular de Ling\u00fc\u00edstica y de Ling\u00fc\u00edstica Aplicada. Departamento de Filolog\u00eda Francesa y Rom\u00e1nica (UAB).","sameAs":["http:\/\/honrad.blogspot.com\/","https:\/\/www.facebook.com\/manuelignacio.cabezasgonzalez","https:\/\/x.com\/ManuelICabezas"]}]}},"_links":{"self":[{"href":"https:\/\/www.revistarambla.com\/en\/wp-json\/wp\/v2\/posts\/22826","targetHints":{"allow":["GET"]}}],"collection":[{"href":"https:\/\/www.revistarambla.com\/en\/wp-json\/wp\/v2\/posts"}],"about":[{"href":"https:\/\/www.revistarambla.com\/en\/wp-json\/wp\/v2\/types\/post"}],"author":[{"embeddable":true,"href":"https:\/\/www.revistarambla.com\/en\/wp-json\/wp\/v2\/users\/17"}],"replies":[{"embeddable":true,"href":"https:\/\/www.revistarambla.com\/en\/wp-json\/wp\/v2\/comments?post=22826"}],"version-history":[{"count":1,"href":"https:\/\/www.revistarambla.com\/en\/wp-json\/wp\/v2\/posts\/22826\/revisions"}],"predecessor-version":[{"id":64117,"href":"https:\/\/www.revistarambla.com\/en\/wp-json\/wp\/v2\/posts\/22826\/revisions\/64117"}],"wp:featuredmedia":[{"embeddable":true,"href":"https:\/\/www.revistarambla.com\/en\/wp-json\/wp\/v2\/media\/22829"}],"wp:attachment":[{"href":"https:\/\/www.revistarambla.com\/en\/wp-json\/wp\/v2\/media?parent=22826"}],"wp:term":[{"taxonomy":"category","embeddable":true,"href":"https:\/\/www.revistarambla.com\/en\/wp-json\/wp\/v2\/categories?post=22826"},{"taxonomy":"post_tag","embeddable":true,"href":"https:\/\/www.revistarambla.com\/en\/wp-json\/wp\/v2\/tags?post=22826"}],"curies":[{"name":"wp","href":"https:\/\/api.w.org\/{rel}","templated":true}]}}