{"id":2261,"date":"2012-10-02T03:53:56","date_gmt":"2012-10-02T01:53:56","guid":{"rendered":"https:\/\/www.revistarambla.com\/la-crisis-se-acaba-ya-lo-que-empieza-ahora-es-la-pobreza\/"},"modified":"2021-12-08T17:35:23","modified_gmt":"2021-12-08T16:35:23","slug":"la-crisis-se-acaba-ya-lo-que-empieza-ahora-es-la-pobreza","status":"publish","type":"post","link":"https:\/\/www.revistarambla.com\/en\/la-crisis-se-acaba-ya-lo-que-empieza-ahora-es-la-pobreza\/","title":{"rendered":"Sergio Argibay: \u00abLa crisis acaba ya, lo que empieza ahora es la pobreza\u00bb"},"content":{"rendered":"<p><img decoding=\"async\" class=\"aligncenter\" src=\"https:\/\/www.revistarambla.com\/wp-content\/uploads\/2012\/10\/funcionario_01%281%29.jpg\" alt=\"alt\" width=\"550\" height=\"343\" \/><\/p>\n<p>Ellos son algunos de los muchos trabajadores del Estado que se ven afectados por unos recortes que precarizan sus condiciones laborales y afectan al servicio que se ofrece. Hablamos con Sergio Argibay, empleado en el Ministerio de Trabajo, que nos explica cu\u00e1l es la situaci\u00f3n.<\/p>\n<p><strong>\u00bfCu\u00e1les son las funciones que desarroll\u00e1is?<\/strong><\/p>\n<p>Desde el Ministerio de Trabajo se realizan diferentes tareas, sobretodo controlar aspectos relacionados con la filiaci\u00f3n a la seguridad social, las garant\u00edas de higiene, la contrataci\u00f3n\u2026 Los inspectores y subinspectores se encargan de comprobar que se cotice y que se haga en el grupo correcto, las normas de higiene, el tipo de contrato, las medidas de seguridad etc. Yo hago de inform\u00e1tico, aunque sin plaza, estoy como administrativo.<\/p>\n<p><strong>Aunque se hable poco de \u00e9l, el fraude fiscal s\u00ed que ha generado cierto debate \u00bfQu\u00e9 pasa con el fraude laboral, ten\u00e9is problemas para luchar contra \u00e9l?<\/strong><\/p>\n<p>Los inspectores cada vez son menos, cada vez hay menos personal administrativo y llega un momento en que no abarcas. Normalmente se atiende a denuncias pero, tambi\u00e9n se realizan campa\u00f1as de inspecci\u00f3n que normalmente van por sectores.<\/p>\n<p>En algunas de ellas incluso hay que ir con la polic\u00eda. Porque hay evasiones y obstrucciones. Es complicado. El trabajador deber\u00eda denunciar con m\u00e1s frecuencia. Lo que pasa que es un arma de doble filo porque puedes quedarte sin trabajo.<\/p>\n<p>Si los empresarios se dieran cuenta de que como los pillen les meten un palo. Aunque tambi\u00e9n su situaci\u00f3n es dif\u00edcil porque tener un trabajador asegurado, y adem\u00e1s ahora con la subida del IVA, te obliga a pagar una pasta. Pero es que si hay alg\u00fan tipo de accidente, si un trabajador tiene un accidente grave y muere o queda malherido, m\u00e1s all\u00e1 de la desgracia, el empresario se arruina.<\/p>\n<p><strong>Entonces, por lo que a vosotros se refiere, \u00bfel problema es que falta gente?<\/strong><\/p>\n<p>S\u00ed, ya antes de la crisis era un problema. Nosotros ahora estamos divididos entre Generalitat y Estado, 55% -45%. Tanto los inspectores como el personal administrativo pero a ambos lados es igual. No se cubren las jubilaciones por ejemplo. La ratio que tenemos en Barcelona es de un administrativo por cinco o seis inspectores. Eso afecta al trabajo y se nos acumulan los expedientes. Hay provincias en las que los expedientes tienen incluso nombre.<\/p>\n<p>Tampoco se ofertan plazas.. Aqu\u00ed nos han congelado todos los partidos que han pasado por el gobierno, tanto PSOE como PP. Con el sueldo congelado llevamos la tira. Ahora nos han quitado un 5% y la paga de navidad. Pero es que adem\u00e1s si calculas cuanto han subido cosas como el agua o el gas pues resulta que el recorte es mayor. El poder adquisitivo se te ve mermando.<\/p>\n<p>Tambi\u00e9n se rumorea que cuando haya rescate va a haber entre un 10% y un 25% de bajada de sueldo como en Grecia.<\/p>\n<p><strong>\u00bfC\u00f3mo afectan los recortes al trabajo?<\/strong><\/p>\n<p>Por lo que respecta al material, no hay ni papel higi\u00e9nico. A nivel inform\u00e1tico tenemos ordenadores de siete u ocho a\u00f1os de antig\u00fcedad a los que no se repara nunca el hardware.<\/p>\n<p>Y en cuanto al personal. Dentro de la administraci\u00f3n hay que diferenciar entre el funcionario de carrera, el interino y el laboral. Ahora quedan muy pocos interinos y laborales. A la que vuelvan a meter mano, los que primero van a sufrir son ellos. Eso est\u00e1 claro y en este caso creo que van a sufrir m\u00e1s los funcionarios de las Comunidades Aut\u00f3nomas que los del Estado porque en ellas hay m\u00e1s interinos. M\u00e1s tarde, tampoco veo descabellado que toquen a los que han opositado.<\/p>\n<p>En general, la gente est\u00e1 muy quemada. No se llega a fin de mes. Yo no puedo apuntar a mi hija al comedor de la escuela y adem\u00e1s a ingl\u00e9s. El descontento est\u00e1 generalizado. Como dicen, la crisis se acaba ya, lo que empieza ahora es la pobreza.<\/p>\n<p>Aunque hay diferencias entre inspectores y el resto pues los sueldos de ellos no son comparables. Adem\u00e1s est\u00e1n obligados a venir poco por aqu\u00ed.\u00a0 A ellos les afectan m\u00e1s bien las elecciones porque muchos son cargos pol\u00edticos.. Ahora bien, el d\u00eda que ellos pataleen seguro que consiguen algo. Si ellos paran\u2026 no se pueden hacer inspecciones.<\/p>\n<p><strong>\u00bfQu\u00e9 pasa con el t\u00f3pico de que los funcionaros no arriman el hombro?<\/strong><\/p>\n<p>Es cierto que yo he visto a gente que ha venido a la administraci\u00f3n a pasar el rato, a tener hijos, y que le echan mucho morro. Pero es que la mayor\u00eda nos tomamos en serio nuestro trabajo. En este sentido, a m\u00ed no me parecer\u00eda mal que hubiera m\u00e1s control en la administraci\u00f3n porque el que le echa morro le echa mucho morro. Pero son casos contad\u00edsimos. Ahora mismo, con los que somos y tal como est\u00e1 la cosa o trabajamos todos o no sale el trabajo.<\/p>\n<p><img decoding=\"async\" class=\"aligncenter\" src=\"https:\/\/www.revistarambla.com\/wp-content\/uploads\/2012\/10\/funcionario_02.jpg\" alt=\"alt\" width=\"550\" height=\"319\" \/><\/p>","protected":false},"excerpt":{"rendered":"<p>Cada viernes a las once, aprovechando la hora del almuerzo, algunos de los trabajadores de los Ministerios de Empleo y Seguridad Social, y de la Oficina de Extranjer\u00eda se re\u00fanen en la calle Mar\u00eda Claret para realizar una breve protesta<\/p>","protected":false},"author":35,"featured_media":0,"comment_status":"open","ping_status":"open","sticky":false,"template":"","format":"standard","meta":{"footnotes":""},"categories":[3,76],"tags":[],"class_list":["post-2261","post","type-post","status-publish","format-standard","hentry","category-actualidad","category-barcelona"],"yoast_head":"<!-- This site is optimized with the Yoast SEO plugin v27.5 - https:\/\/yoast.com\/product\/yoast-seo-wordpress\/ -->\n<title>Sergio Argibay: &quot;La crisis acaba ya, lo que empieza ahora es la pobreza&quot; - Revista Rambla<\/title>\n<meta name=\"robots\" content=\"index, follow, max-snippet:-1, max-image-preview:large, max-video-preview:-1\" \/>\n<link rel=\"canonical\" href=\"https:\/\/www.revistarambla.com\/en\/la-crisis-se-acaba-ya-lo-que-empieza-ahora-es-la-pobreza\/\" \/>\n<meta property=\"og:locale\" content=\"en_GB\" \/>\n<meta property=\"og:type\" content=\"article\" \/>\n<meta property=\"og:title\" content=\"Sergio Argibay: &quot;La crisis acaba ya, lo que empieza ahora es la pobreza&quot; - Revista Rambla\" \/>\n<meta property=\"og:description\" content=\"Cada viernes a las once, aprovechando la hora del almuerzo, algunos de los trabajadores de los Ministerios de Empleo y Seguridad Social, y de la Oficina de Extranjer\u00eda se re\u00fanen en la calle Mar\u00eda Claret para realizar una breve protesta\" \/>\n<meta property=\"og:url\" content=\"https:\/\/www.revistarambla.com\/en\/la-crisis-se-acaba-ya-lo-que-empieza-ahora-es-la-pobreza\/\" \/>\n<meta property=\"og:site_name\" content=\"Revista Rambla\" \/>\n<meta property=\"article:publisher\" content=\"https:\/\/www.facebook.com\/revistarambla\/\" \/>\n<meta property=\"article:author\" content=\"https:\/\/www.facebook.com\/andresaznar3d\/\" \/>\n<meta property=\"article:published_time\" content=\"2012-10-02T01:53:56+00:00\" \/>\n<meta property=\"article:modified_time\" content=\"2021-12-08T16:35:23+00:00\" \/>\n<meta property=\"og:image\" content=\"https:\/\/www.revistarambla.com\/wp-content\/uploads\/2012\/10\/funcionario_00.jpg\" \/>\n\t<meta property=\"og:image:width\" content=\"682\" \/>\n\t<meta property=\"og:image:height\" content=\"400\" \/>\n\t<meta property=\"og:image:type\" content=\"image\/jpeg\" \/>\n<meta name=\"author\" content=\"Andr\u00e9s Aznar Siguan\" \/>\n<meta name=\"twitter:card\" content=\"summary_large_image\" \/>\n<meta name=\"twitter:creator\" content=\"@andrsaznar\" \/>\n<meta name=\"twitter:site\" content=\"@revistarambla\" \/>\n<meta name=\"twitter:label1\" content=\"Written by\" \/>\n\t<meta name=\"twitter:data1\" content=\"Andr\u00e9s Aznar Siguan\" \/>\n\t<meta name=\"twitter:label2\" content=\"Estimated reading time\" \/>\n\t<meta name=\"twitter:data2\" content=\"4 minutes\" \/>\n<script type=\"application\/ld+json\" class=\"yoast-schema-graph\">{\"@context\":\"https:\\\/\\\/schema.org\",\"@graph\":[{\"@type\":\"Article\",\"@id\":\"https:\\\/\\\/www.revistarambla.com\\\/la-crisis-se-acaba-ya-lo-que-empieza-ahora-es-la-pobreza\\\/#article\",\"isPartOf\":{\"@id\":\"https:\\\/\\\/www.revistarambla.com\\\/la-crisis-se-acaba-ya-lo-que-empieza-ahora-es-la-pobreza\\\/\"},\"author\":{\"name\":\"Andr\u00e9s Aznar Siguan\",\"@id\":\"https:\\\/\\\/www.revistarambla.com\\\/#\\\/schema\\\/person\\\/ebd3a0b3c0ce4d939d1f29a7972db871\"},\"headline\":\"Sergio Argibay: \u00abLa crisis acaba ya, lo que empieza ahora es la pobreza\u00bb\",\"datePublished\":\"2012-10-02T01:53:56+00:00\",\"dateModified\":\"2021-12-08T16:35:23+00:00\",\"mainEntityOfPage\":{\"@id\":\"https:\\\/\\\/www.revistarambla.com\\\/la-crisis-se-acaba-ya-lo-que-empieza-ahora-es-la-pobreza\\\/\"},\"wordCount\":857,\"commentCount\":0,\"publisher\":{\"@id\":\"https:\\\/\\\/www.revistarambla.com\\\/#organization\"},\"image\":{\"@id\":\"https:\\\/\\\/www.revistarambla.com\\\/la-crisis-se-acaba-ya-lo-que-empieza-ahora-es-la-pobreza\\\/#primaryimage\"},\"thumbnailUrl\":\"https:\\\/\\\/www.revistarambla.com\\\/wp-content\\\/uploads\\\/2012\\\/10\\\/funcionario_01%281%29.jpg\",\"articleSection\":[\"Actualidad\",\"Barcelona\"],\"inLanguage\":\"en-GB\",\"potentialAction\":[{\"@type\":\"CommentAction\",\"name\":\"Comment\",\"target\":[\"https:\\\/\\\/www.revistarambla.com\\\/la-crisis-se-acaba-ya-lo-que-empieza-ahora-es-la-pobreza\\\/#respond\"]}]},{\"@type\":\"WebPage\",\"@id\":\"https:\\\/\\\/www.revistarambla.com\\\/la-crisis-se-acaba-ya-lo-que-empieza-ahora-es-la-pobreza\\\/\",\"url\":\"https:\\\/\\\/www.revistarambla.com\\\/la-crisis-se-acaba-ya-lo-que-empieza-ahora-es-la-pobreza\\\/\",\"name\":\"Sergio Argibay: \\\"La crisis acaba ya, lo que empieza ahora es la pobreza\\\" - Revista Rambla\",\"isPartOf\":{\"@id\":\"https:\\\/\\\/www.revistarambla.com\\\/#website\"},\"primaryImageOfPage\":{\"@id\":\"https:\\\/\\\/www.revistarambla.com\\\/la-crisis-se-acaba-ya-lo-que-empieza-ahora-es-la-pobreza\\\/#primaryimage\"},\"image\":{\"@id\":\"https:\\\/\\\/www.revistarambla.com\\\/la-crisis-se-acaba-ya-lo-que-empieza-ahora-es-la-pobreza\\\/#primaryimage\"},\"thumbnailUrl\":\"https:\\\/\\\/www.revistarambla.com\\\/wp-content\\\/uploads\\\/2012\\\/10\\\/funcionario_01%281%29.jpg\",\"datePublished\":\"2012-10-02T01:53:56+00:00\",\"dateModified\":\"2021-12-08T16:35:23+00:00\",\"breadcrumb\":{\"@id\":\"https:\\\/\\\/www.revistarambla.com\\\/la-crisis-se-acaba-ya-lo-que-empieza-ahora-es-la-pobreza\\\/#breadcrumb\"},\"inLanguage\":\"en-GB\",\"potentialAction\":[{\"@type\":\"ReadAction\",\"target\":[\"https:\\\/\\\/www.revistarambla.com\\\/la-crisis-se-acaba-ya-lo-que-empieza-ahora-es-la-pobreza\\\/\"]}]},{\"@type\":\"ImageObject\",\"inLanguage\":\"en-GB\",\"@id\":\"https:\\\/\\\/www.revistarambla.com\\\/la-crisis-se-acaba-ya-lo-que-empieza-ahora-es-la-pobreza\\\/#primaryimage\",\"url\":\"https:\\\/\\\/www.revistarambla.com\\\/wp-content\\\/uploads\\\/2012\\\/10\\\/funcionario_01%281%29.jpg\",\"contentUrl\":\"https:\\\/\\\/www.revistarambla.com\\\/wp-content\\\/uploads\\\/2012\\\/10\\\/funcionario_01%281%29.jpg\"},{\"@type\":\"BreadcrumbList\",\"@id\":\"https:\\\/\\\/www.revistarambla.com\\\/la-crisis-se-acaba-ya-lo-que-empieza-ahora-es-la-pobreza\\\/#breadcrumb\",\"itemListElement\":[{\"@type\":\"ListItem\",\"position\":1,\"name\":\"Portada\",\"item\":\"https:\\\/\\\/www.revistarambla.com\\\/\"},{\"@type\":\"ListItem\",\"position\":2,\"name\":\"Sergio Argibay: \u00abLa crisis acaba ya, lo que empieza ahora es la pobreza\u00bb\"}]},{\"@type\":\"WebSite\",\"@id\":\"https:\\\/\\\/www.revistarambla.com\\\/#website\",\"url\":\"https:\\\/\\\/www.revistarambla.com\\\/\",\"name\":\"Revista Rambla Barcelona\",\"description\":\"Periodismo independiente\",\"publisher\":{\"@id\":\"https:\\\/\\\/www.revistarambla.com\\\/#organization\"},\"potentialAction\":[{\"@type\":\"SearchAction\",\"target\":{\"@type\":\"EntryPoint\",\"urlTemplate\":\"https:\\\/\\\/www.revistarambla.com\\\/?s={search_term_string}\"},\"query-input\":{\"@type\":\"PropertyValueSpecification\",\"valueRequired\":true,\"valueName\":\"search_term_string\"}}],\"inLanguage\":\"en-GB\"},{\"@type\":\"Organization\",\"@id\":\"https:\\\/\\\/www.revistarambla.com\\\/#organization\",\"name\":\"Revista Rambla\",\"url\":\"https:\\\/\\\/www.revistarambla.com\\\/\",\"logo\":{\"@type\":\"ImageObject\",\"inLanguage\":\"en-GB\",\"@id\":\"https:\\\/\\\/www.revistarambla.com\\\/#\\\/schema\\\/logo\\\/image\\\/\",\"url\":\"https:\\\/\\\/www.revistarambla.com\\\/wp-content\\\/uploads\\\/2020\\\/09\\\/banner_rambla_1900x600_BB.png\",\"contentUrl\":\"https:\\\/\\\/www.revistarambla.com\\\/wp-content\\\/uploads\\\/2020\\\/09\\\/banner_rambla_1900x600_BB.png\",\"width\":1900,\"height\":600,\"caption\":\"Revista Rambla\"},\"image\":{\"@id\":\"https:\\\/\\\/www.revistarambla.com\\\/#\\\/schema\\\/logo\\\/image\\\/\"},\"sameAs\":[\"https:\\\/\\\/www.facebook.com\\\/revistarambla\\\/\",\"https:\\\/\\\/x.com\\\/revistarambla\",\"https:\\\/\\\/www.instagram.com\\\/revista_rambla\",\"https:\\\/\\\/es.linkedin.com\\\/company\\\/revista-rambla\"]},{\"@type\":\"Person\",\"@id\":\"https:\\\/\\\/www.revistarambla.com\\\/#\\\/schema\\\/person\\\/ebd3a0b3c0ce4d939d1f29a7972db871\",\"name\":\"Andr\u00e9s Aznar Siguan\",\"description\":\"Licenciado en Periodismo y Filosof\u00eda con experiencia en medios de comunicaci\u00f3n tanto en el campo de la redacci\u00f3n como en el de la cobertura audiovisual.\",\"sameAs\":[\"https:\\\/\\\/www.facebook.com\\\/andresaznar3d\\\/\",\"https:\\\/\\\/www.instagram.com\\\/andresaznarsiguan\",\"https:\\\/\\\/www.pinterest.de\\\/aaznarsiguan\\\/\",\"https:\\\/\\\/x.com\\\/andrsaznar\"]}]}<\/script>\n<!-- \/ Yoast SEO plugin. -->","yoast_head_json":{"title":"Sergio Argibay: \"La crisis acaba ya, lo que empieza ahora es la pobreza\" - Revista Rambla","robots":{"index":"index","follow":"follow","max-snippet":"max-snippet:-1","max-image-preview":"max-image-preview:large","max-video-preview":"max-video-preview:-1"},"canonical":"https:\/\/www.revistarambla.com\/en\/la-crisis-se-acaba-ya-lo-que-empieza-ahora-es-la-pobreza\/","og_locale":"en_GB","og_type":"article","og_title":"Sergio Argibay: \"La crisis acaba ya, lo que empieza ahora es la pobreza\" - Revista Rambla","og_description":"Cada viernes a las once, aprovechando la hora del almuerzo, algunos de los trabajadores de los Ministerios de Empleo y Seguridad Social, y de la Oficina de Extranjer\u00eda se re\u00fanen en la calle Mar\u00eda Claret para realizar una breve protesta","og_url":"https:\/\/www.revistarambla.com\/en\/la-crisis-se-acaba-ya-lo-que-empieza-ahora-es-la-pobreza\/","og_site_name":"Revista Rambla","article_publisher":"https:\/\/www.facebook.com\/revistarambla\/","article_author":"https:\/\/www.facebook.com\/andresaznar3d\/","article_published_time":"2012-10-02T01:53:56+00:00","article_modified_time":"2021-12-08T16:35:23+00:00","og_image":[{"width":682,"height":400,"url":"https:\/\/www.revistarambla.com\/wp-content\/uploads\/2012\/10\/funcionario_00.jpg","type":"image\/jpeg"}],"author":"Andr\u00e9s Aznar Siguan","twitter_card":"summary_large_image","twitter_creator":"@andrsaznar","twitter_site":"@revistarambla","twitter_misc":{"Written by":"Andr\u00e9s Aznar Siguan","Estimated reading time":"4 minutes"},"schema":{"@context":"https:\/\/schema.org","@graph":[{"@type":"Article","@id":"https:\/\/www.revistarambla.com\/la-crisis-se-acaba-ya-lo-que-empieza-ahora-es-la-pobreza\/#article","isPartOf":{"@id":"https:\/\/www.revistarambla.com\/la-crisis-se-acaba-ya-lo-que-empieza-ahora-es-la-pobreza\/"},"author":{"name":"Andr\u00e9s Aznar Siguan","@id":"https:\/\/www.revistarambla.com\/#\/schema\/person\/ebd3a0b3c0ce4d939d1f29a7972db871"},"headline":"Sergio Argibay: \u00abLa crisis acaba ya, lo que empieza ahora es la pobreza\u00bb","datePublished":"2012-10-02T01:53:56+00:00","dateModified":"2021-12-08T16:35:23+00:00","mainEntityOfPage":{"@id":"https:\/\/www.revistarambla.com\/la-crisis-se-acaba-ya-lo-que-empieza-ahora-es-la-pobreza\/"},"wordCount":857,"commentCount":0,"publisher":{"@id":"https:\/\/www.revistarambla.com\/#organization"},"image":{"@id":"https:\/\/www.revistarambla.com\/la-crisis-se-acaba-ya-lo-que-empieza-ahora-es-la-pobreza\/#primaryimage"},"thumbnailUrl":"https:\/\/www.revistarambla.com\/wp-content\/uploads\/2012\/10\/funcionario_01%281%29.jpg","articleSection":["Actualidad","Barcelona"],"inLanguage":"en-GB","potentialAction":[{"@type":"CommentAction","name":"Comment","target":["https:\/\/www.revistarambla.com\/la-crisis-se-acaba-ya-lo-que-empieza-ahora-es-la-pobreza\/#respond"]}]},{"@type":"WebPage","@id":"https:\/\/www.revistarambla.com\/la-crisis-se-acaba-ya-lo-que-empieza-ahora-es-la-pobreza\/","url":"https:\/\/www.revistarambla.com\/la-crisis-se-acaba-ya-lo-que-empieza-ahora-es-la-pobreza\/","name":"Sergio Argibay: \"La crisis acaba ya, lo que empieza ahora es la pobreza\" - Revista Rambla","isPartOf":{"@id":"https:\/\/www.revistarambla.com\/#website"},"primaryImageOfPage":{"@id":"https:\/\/www.revistarambla.com\/la-crisis-se-acaba-ya-lo-que-empieza-ahora-es-la-pobreza\/#primaryimage"},"image":{"@id":"https:\/\/www.revistarambla.com\/la-crisis-se-acaba-ya-lo-que-empieza-ahora-es-la-pobreza\/#primaryimage"},"thumbnailUrl":"https:\/\/www.revistarambla.com\/wp-content\/uploads\/2012\/10\/funcionario_01%281%29.jpg","datePublished":"2012-10-02T01:53:56+00:00","dateModified":"2021-12-08T16:35:23+00:00","breadcrumb":{"@id":"https:\/\/www.revistarambla.com\/la-crisis-se-acaba-ya-lo-que-empieza-ahora-es-la-pobreza\/#breadcrumb"},"inLanguage":"en-GB","potentialAction":[{"@type":"ReadAction","target":["https:\/\/www.revistarambla.com\/la-crisis-se-acaba-ya-lo-que-empieza-ahora-es-la-pobreza\/"]}]},{"@type":"ImageObject","inLanguage":"en-GB","@id":"https:\/\/www.revistarambla.com\/la-crisis-se-acaba-ya-lo-que-empieza-ahora-es-la-pobreza\/#primaryimage","url":"https:\/\/www.revistarambla.com\/wp-content\/uploads\/2012\/10\/funcionario_01%281%29.jpg","contentUrl":"https:\/\/www.revistarambla.com\/wp-content\/uploads\/2012\/10\/funcionario_01%281%29.jpg"},{"@type":"BreadcrumbList","@id":"https:\/\/www.revistarambla.com\/la-crisis-se-acaba-ya-lo-que-empieza-ahora-es-la-pobreza\/#breadcrumb","itemListElement":[{"@type":"ListItem","position":1,"name":"Portada","item":"https:\/\/www.revistarambla.com\/"},{"@type":"ListItem","position":2,"name":"Sergio Argibay: \u00abLa crisis acaba ya, lo que empieza ahora es la pobreza\u00bb"}]},{"@type":"WebSite","@id":"https:\/\/www.revistarambla.com\/#website","url":"https:\/\/www.revistarambla.com\/","name":"Revista Rambla Barcelona","description":"Periodismo independiente","publisher":{"@id":"https:\/\/www.revistarambla.com\/#organization"},"potentialAction":[{"@type":"SearchAction","target":{"@type":"EntryPoint","urlTemplate":"https:\/\/www.revistarambla.com\/?s={search_term_string}"},"query-input":{"@type":"PropertyValueSpecification","valueRequired":true,"valueName":"search_term_string"}}],"inLanguage":"en-GB"},{"@type":"Organization","@id":"https:\/\/www.revistarambla.com\/#organization","name":"Revista Rambla","url":"https:\/\/www.revistarambla.com\/","logo":{"@type":"ImageObject","inLanguage":"en-GB","@id":"https:\/\/www.revistarambla.com\/#\/schema\/logo\/image\/","url":"https:\/\/www.revistarambla.com\/wp-content\/uploads\/2020\/09\/banner_rambla_1900x600_BB.png","contentUrl":"https:\/\/www.revistarambla.com\/wp-content\/uploads\/2020\/09\/banner_rambla_1900x600_BB.png","width":1900,"height":600,"caption":"Revista Rambla"},"image":{"@id":"https:\/\/www.revistarambla.com\/#\/schema\/logo\/image\/"},"sameAs":["https:\/\/www.facebook.com\/revistarambla\/","https:\/\/x.com\/revistarambla","https:\/\/www.instagram.com\/revista_rambla","https:\/\/es.linkedin.com\/company\/revista-rambla"]},{"@type":"Person","@id":"https:\/\/www.revistarambla.com\/#\/schema\/person\/ebd3a0b3c0ce4d939d1f29a7972db871","name":"Andr\u00e9s Aznar Siguan","description":"Licenciado en Periodismo y Filosof\u00eda con experiencia en medios de comunicaci\u00f3n tanto en el campo de la redacci\u00f3n como en el de la cobertura audiovisual.","sameAs":["https:\/\/www.facebook.com\/andresaznar3d\/","https:\/\/www.instagram.com\/andresaznarsiguan","https:\/\/www.pinterest.de\/aaznarsiguan\/","https:\/\/x.com\/andrsaznar"]}]}},"_links":{"self":[{"href":"https:\/\/www.revistarambla.com\/en\/wp-json\/wp\/v2\/posts\/2261","targetHints":{"allow":["GET"]}}],"collection":[{"href":"https:\/\/www.revistarambla.com\/en\/wp-json\/wp\/v2\/posts"}],"about":[{"href":"https:\/\/www.revistarambla.com\/en\/wp-json\/wp\/v2\/types\/post"}],"author":[{"embeddable":true,"href":"https:\/\/www.revistarambla.com\/en\/wp-json\/wp\/v2\/users\/35"}],"replies":[{"embeddable":true,"href":"https:\/\/www.revistarambla.com\/en\/wp-json\/wp\/v2\/comments?post=2261"}],"version-history":[{"count":0,"href":"https:\/\/www.revistarambla.com\/en\/wp-json\/wp\/v2\/posts\/2261\/revisions"}],"wp:attachment":[{"href":"https:\/\/www.revistarambla.com\/en\/wp-json\/wp\/v2\/media?parent=2261"}],"wp:term":[{"taxonomy":"category","embeddable":true,"href":"https:\/\/www.revistarambla.com\/en\/wp-json\/wp\/v2\/categories?post=2261"},{"taxonomy":"post_tag","embeddable":true,"href":"https:\/\/www.revistarambla.com\/en\/wp-json\/wp\/v2\/tags?post=2261"}],"curies":[{"name":"wp","href":"https:\/\/api.w.org\/{rel}","templated":true}]}}