{"id":2240,"date":"2012-09-26T10:58:39","date_gmt":"2012-09-26T08:58:39","guid":{"rendered":"https:\/\/www.revistarambla.com\/independencia-y-algo-mas\/"},"modified":"2021-12-08T17:35:39","modified_gmt":"2021-12-08T16:35:39","slug":"independencia-y-algo-mas","status":"publish","type":"post","link":"https:\/\/www.revistarambla.com\/en\/independencia-y-algo-mas\/","title":{"rendered":"Independencia&#8230; y algo m\u00e1s"},"content":{"rendered":"<p><img decoding=\"async\" class=\"aligncenter\" src=\"https:\/\/www.revistarambla.com\/wp-content\/uploads\/2012\/09\/parlament_01.jpg\" alt=\"alt\" width=\"550\" height=\"270\" \/><\/p>\n<p>Mientras en el seno del Parlamento el presidente de la Generalitat, Artur Mas,\u00a0 iniciaba el pleno con la convocatoria de elecciones y la disoluci\u00f3n de la c\u00e1mara en el horizonte Fuera, en los aleda\u00f1os del edificio, se agrupaban unos 500 manifestantes con la intenci\u00f3n de recordar a los pol\u00edticos reunidos que la situaci\u00f3n social en Catalu\u00f1a es alarmante. El objetivo de la concentraci\u00f3n era dar soporte a la multitudinaria manifestaci\u00f3n convocada frente al Congreso de los Diputados, en Madrid, por los movimientos colindantes al 15M. Estas son algunas de las opiniones de los participantes.<\/p>\n<p><img decoding=\"async\" class=\"aligncenter\" src=\"https:\/\/www.revistarambla.com\/wp-content\/uploads\/2012\/09\/PAREJA_01.jpg\" alt=\"alt\" width=\"550\" height=\"364\" \/><\/p>\n<p><strong>Rosario y Alfonso Romero (Iaioflautas)<\/strong><\/p>\n<p><strong>\u00bfQu\u00e9 os ha motivado a participar? \u00bfCu\u00e1l es el objetivo?<\/strong><\/p>\n<p>Rosario: Hemos querido participar porque nos sentimos hijos del 15M y venimos a dar nuestro \u00e1nimo y apoyo. Somos parte de ellos. El objetivo es reivindicar que las pol\u00edticas que se est\u00e1n haciendo son negativas para los ciudadanos. El 99 porciento de ellos est\u00e1n pagando la crisis. Ahora nos ha cogido a pie cambiado porque nada m\u00e1s empezar el pleno el presidente ha disuelto el Parlamento pero igualmente venimos a pedir que los que vengan atiendan nuestras reivindicaciones<\/p>\n<p><strong>Parece que en Catalu\u00f1a la cr\u00edtica a la gesti\u00f3n de la crisis de la clase pol\u00edtica se ha puesto entre par\u00e9ntesis por la necesidad de confiarles un proceso de emancipaci\u00f3n nacional. \u00bfC\u00f3mo lo veis?<\/strong><\/p>\n<p>Rosario: Los iaioflautas lo tenemos claro, tenemos memoria i sabemos que el problema es c\u00f3mo se gobierna. A m\u00ed me es igual que seamos independientes y me exploten aqu\u00ed o que sea Madrid la que me explote. Yo lo que quiero es un cambio de pol\u00edticas en los gobernantes. Se ha hecho mucho m\u00e1rquetin, como si la independencia fuera la soluci\u00f3n. Desgraciadamente no ser\u00e1 la soluci\u00f3n.<\/p>\n<p><strong>La delegada del gobierno en Madrid, Cristina Cifuentes, les ha acusado de golpistas. \u00bfQu\u00e9 opini\u00f3n os merecen sus palabras?<\/strong><\/p>\n<p>Alfonso: Bueno me parece rid\u00edculo, tambi\u00e9n han dicho que dentro del movimiento hab\u00eda gente de ultraderecha y eso es imposible porque est\u00e1n todos en el gobierno. Tanto en el catal\u00e1n como en el de Madrid. Se dice que en Grecia ha crecido la ultraderecha. Pues aqu\u00ed no crecer\u00e1n porque est\u00e1n todos juntos y as\u00ed, por suerte, los tenemos localizados. Lo que no queremos es que nos gobierne la ultraderecha con este capitalismo tan duro.<\/p>\n<p><img decoding=\"async\" class=\"alignright\" src=\"https:\/\/www.revistarambla.com\/wp-content\/uploads\/2012\/09\/PAREJA_02.jpg\" alt=\"alt\" width=\"260\" height=\"393\" \/><\/p>\n<p><strong>Anna Pascual (profesora)<\/strong><\/p>\n<p><strong>\u00bfPor qu\u00e9 has decidido venir hoy aqu\u00ed?<\/strong><\/p>\n<p>Soy profesora de la ense\u00f1anza p\u00fablica pero aunque no lo fuera tambi\u00e9n estar\u00eda aqu\u00ed porque considero que los recortes impulsados por Mas y Madrid no son ni adecuados ni una soluci\u00f3n para la crisis. Una crisis que, por otro lado, y aunque siempre se repita lo mismo, no han provocado las personas a las que afectan los recortes.<\/p>\n<p><strong>\u00bfTu sector est\u00e1 siendo especialmente afectado por los recortes?<\/strong><\/p>\n<p>S\u00ed, en la ense\u00f1anza los recortes se notan mucho. Acabamos de empezar el curso con m\u00e1s alumnos por clase, con m\u00e1s horas por profesorado, menos sueldo y, en conclusi\u00f3n, una degradaci\u00f3n de nuestras condiciones laborales y en definitiva del servicio p\u00fablico. Tengo la sensaci\u00f3n que al gobierno de Convergencia ya le est\u00e1 bien esta degradaci\u00f3n.<\/p>\n<p><strong>Parece que en Catalu\u00f1a la cr\u00edtica a la gesti\u00f3n de la crisis de la clase pol\u00edtica se ha puesto entre par\u00e9ntesis por la necesidad de confiarles un proceso de emancipaci\u00f3n nacional. \u00bfC\u00f3mo lo ves?<\/strong><\/p>\n<p>Para mi son dos temas paralelos. A CiU le han venido estupendamente este auge del debate independentista. Lo han dormido cuando les ha interesado y ahora que le ven\u00eda bien recuperarlo lo ha apoyado. Con esto ha conseguido desviar la atenci\u00f3n para no hablar de los recortes. Adem\u00e1s el avance electoral beneficia mucho a CiU porque tiene bastante garantizado que ganar\u00e1 cosa que le legitimar\u00e1 a estar cuatro a\u00f1os m\u00e1s en el gobierno y continuar recortando.<\/p>\n<p>Pero independientemente de que vaya a haber m\u00e1s recortes, los que ya ha habido son suficientes para justificar que estemos en la calle. La clase pol\u00edtica no est\u00e1 a la altura, no intentan solucionar el problema de ra\u00edz.<\/p>\n<p><strong>\u00bfQu\u00e9 opini\u00f3n te merecen las palabras de la delegada del gobierno acus\u00e1ndoos de golpistas?<\/strong><\/p>\n<p>Imagino que el lema de \u201cocupa el congreso\u201d son palabras fuertes. En cualquier caso me hace gracia porque parece que la gente s\u00f3lo se puede quejar desde los micr\u00f3fonos de los medios de comunicaci\u00f3n y no a pie de calle. Pero resulta que la gente afectada estamos a pie de calle y si tenemos que venir donde trabajan los pol\u00edticos pues entonces tenemos que venir al Parlamento a quejarnos. Entre otras cosas porque los medios de comunicaci\u00f3n m\u00e1s masivos no acaban de cubrir estas noticias.<\/p>\n<p><img decoding=\"async\" class=\"aligncenter\" src=\"https:\/\/www.revistarambla.com\/wp-content\/uploads\/2012\/09\/PAREJA_03.jpg\" alt=\"alt\" width=\"550\" height=\"364\" \/><\/p>\n<p><strong>Cristina (Plataforma d&#8217;afectats per la hipoteca )<\/strong><\/p>\n<p><strong>\u00bfPor qu\u00e9 hab\u00e9is querido sumaros a la manifestaci\u00f3n?<\/strong><\/p>\n<p>Pues hemos venido a quejarnos. No hay trabajo como todo el mundo ya sabe, la cosa va a peor y no parece que vaya a arreglarse. A m\u00ed la que me preocupa es mi hija. Los pol\u00edticos no parece que est\u00e9n haciendo nada y lo poco que hacen no es suficiente. Por eso estamos aqu\u00ed, para apoyar y que la protesta se extienda. Es que si no nos movemos nosotros no se va a mover nadie.<\/p>\n<p>Ahora mismo mi marido y yo estamos sin trabajo, sin poder pagar la hipoteca. Nos echan a la calle, nos recoge la familia y con una hipoteca que tienes que seguir pagando. Es una verg\u00fcenza. Que tu hija se tenga que ver sin casa, sin nada, con lo peque\u00f1a que es. Pero es que no es nuestro caso \u00fanicamente, hay much\u00edsima gente, cada d\u00eda desahucian a much\u00edsima gente. Gente mayor, parejas con ni\u00f1os peque\u00f1os\u2026<\/p>\n<p><strong>\u00bfCrees que la centralidad del debate independentista puede trasladar el debate acerca de la gesti\u00f3n de la crisis?<\/strong><\/p>\n<p>Creo que no se olvida, los problemas siguen ah\u00ed. Se le ha dado m\u00e1s centralidad al tema de la independencia pero el problema sigue ah\u00ed. Ni se ha olvidado ni se puede olvidar porque no nos dejan. En la Plataforma vemos unos casos que\u2026 es que te dan ganas de llorar. Lo que pasa que no lo haces, tienes que tirar para adelante.<\/p>\n<p><strong>En este sentido, crees que iniciativas como las del 15M sirven de algo?<\/strong><\/p>\n<p>S\u00ed yo creo que s\u00ed sirve de algo. Poco a poco se va llegando y si todos nos unimos seguro que sirve para algo. El problema es que a muchos hasta que no les toca no se mueven pero hay que saber que a lo mejor no te toca hora sino que te toca ma\u00f1ana.<\/p>\n<p>\u00bfEl futuro? a veces lo veo con optimismo pero otras veces lo ves todo muy negro. Aunque por mi hija lo intento ver con optimismo. Cosas como la Plataforma ayudan, son peque\u00f1as cosas pero ayudan. Nos vamos moviendo pero tendr\u00edamos que ser much\u00edsimos m\u00e1s.<\/p>\n<p><img decoding=\"async\" class=\"aligncenter\" src=\"https:\/\/www.revistarambla.com\/wp-content\/uploads\/2012\/09\/PAREJA_04.jpg\" alt=\"alt\" width=\"550\" height=\"323\" \/><\/p>\n<p><strong>Joan Manel (15M)<\/strong><\/p>\n<p><strong>\u00bfPor qu\u00e9 has venido hoy a la concentraci\u00f3n?<\/strong><\/p>\n<p>Soy del 15M desde que se ocup\u00f3 la Plaza Catalunya y hoy he venido a aqu\u00ed a apoyar al acto de Madrid, esta es m\u00e1s bien secundaria. Creo que se trata de hacer presi\u00f3n sencillamente. El objetivo final ser\u00eda que se convocaran elecciones en Espa\u00f1a y se pudiera crear una asamblea constituyente pero siendo realistas se trata de hacer presi\u00f3n y como m\u00ednimo hacer notar el malestar de la gente.<\/p>\n<p><strong>\u00bfCrees que Converg\u00e8ncia i Uni\u00f3 aprovecha el debate nacional para desviar la atenci\u00f3n sobre los recortes?<\/strong><\/p>\n<p>S\u00ed, ahora Mas ya no es qui\u00e9n recorta sino que es el l\u00edder que nos lleva a la independencia. Tiene huevos la cosa, un t\u00edo que hace una semana no era independentista\u2026 Bueno supongo que la gente se dar\u00e1 cuenta de ello. CiU est\u00e1 muy segura de que subir\u00e1 en las elecciones\u2026 sinceramente yo espero que suban otros partidos que a parte de ser independentistas se acerquen m\u00e1s a las pol\u00edticas de izquierda. Espero que el deslumbramiento no dure y se den cuenta de quien es el t\u00edtere este. Manifestaciones como esta sirven para recordar que la gente sigue cabreada.<\/p>\n<p><strong>\u00bfHas o\u00eddo las declaraciones de la delegada del gobierno donde acusa al 15m de golpistas?<\/strong><\/p>\n<p>Bueno ya sabemos el criterio del PP en referencia a las libertades civiles, no me sorprende. Esta se\u00f1ora puede decir lo que le de la gana. Si hay enfrentamientos lo comparar\u00e1n con el r\u00e9gimen de Pol Pot. Son los derroteros que cogen siempre.<\/p>","protected":false},"excerpt":{"rendered":"<p>Mientras en el seno del Parlamento el presidente de la Generalitat, Artur Mas,\u00a0 iniciaba el pleno con la convocatoria de elecciones y la disoluci\u00f3n de la c\u00e1mara en el horizonte Fuera, en los aleda\u00f1os del edificio, se agrupaban unos 500 manifestantes con la intenci\u00f3n de recordar a los pol\u00edticos reunidos [&hellip;]<\/p>\n","protected":false},"author":35,"featured_media":0,"comment_status":"open","ping_status":"open","sticky":false,"template":"","format":"standard","meta":{"footnotes":""},"categories":[3,76],"tags":[],"class_list":["post-2240","post","type-post","status-publish","format-standard","hentry","category-actualidad","category-barcelona"],"yoast_head":"<!-- This site is optimized with the Yoast SEO plugin v27.5 - https:\/\/yoast.com\/product\/yoast-seo-wordpress\/ -->\n<title>Independencia... y algo m\u00e1s - Revista Rambla<\/title>\n<meta name=\"robots\" content=\"index, follow, max-snippet:-1, max-image-preview:large, max-video-preview:-1\" \/>\n<link rel=\"canonical\" href=\"https:\/\/www.revistarambla.com\/en\/independencia-y-algo-mas\/\" \/>\n<meta property=\"og:locale\" content=\"en_GB\" \/>\n<meta property=\"og:type\" content=\"article\" \/>\n<meta property=\"og:title\" content=\"Independencia... y algo m\u00e1s - Revista Rambla\" \/>\n<meta property=\"og:description\" content=\"Mientras en el seno del Parlamento el presidente de la Generalitat, Artur Mas,\u00a0 iniciaba el pleno con la convocatoria de elecciones y la disoluci\u00f3n de la c\u00e1mara en el horizonte Fuera, en los aleda\u00f1os del edificio, se agrupaban unos 500 manifestantes con la intenci\u00f3n de recordar a los pol\u00edticos reunidos [&hellip;]\" \/>\n<meta property=\"og:url\" content=\"https:\/\/www.revistarambla.com\/en\/independencia-y-algo-mas\/\" \/>\n<meta property=\"og:site_name\" content=\"Revista Rambla\" \/>\n<meta property=\"article:publisher\" content=\"https:\/\/www.facebook.com\/revistarambla\/\" \/>\n<meta property=\"article:author\" content=\"https:\/\/www.facebook.com\/andresaznar3d\/\" \/>\n<meta property=\"article:published_time\" content=\"2012-09-26T08:58:39+00:00\" \/>\n<meta property=\"article:modified_time\" content=\"2021-12-08T16:35:39+00:00\" \/>\n<meta property=\"og:image\" content=\"https:\/\/www.revistarambla.com\/wp-content\/uploads\/2012\/09\/parlament_00.jpg\" \/>\n\t<meta property=\"og:image:width\" content=\"682\" \/>\n\t<meta property=\"og:image:height\" content=\"400\" \/>\n\t<meta property=\"og:image:type\" content=\"image\/jpeg\" \/>\n<meta name=\"author\" content=\"Andr\u00e9s Aznar Siguan\" \/>\n<meta name=\"twitter:card\" content=\"summary_large_image\" \/>\n<meta name=\"twitter:creator\" content=\"@andrsaznar\" \/>\n<meta name=\"twitter:site\" content=\"@revistarambla\" \/>\n<meta name=\"twitter:label1\" content=\"Written by\" \/>\n\t<meta name=\"twitter:data1\" content=\"Andr\u00e9s Aznar Siguan\" \/>\n\t<meta name=\"twitter:label2\" content=\"Estimated reading time\" \/>\n\t<meta name=\"twitter:data2\" content=\"8 minutes\" \/>\n<script type=\"application\/ld+json\" class=\"yoast-schema-graph\">{\"@context\":\"https:\\\/\\\/schema.org\",\"@graph\":[{\"@type\":\"Article\",\"@id\":\"https:\\\/\\\/www.revistarambla.com\\\/independencia-y-algo-mas\\\/#article\",\"isPartOf\":{\"@id\":\"https:\\\/\\\/www.revistarambla.com\\\/independencia-y-algo-mas\\\/\"},\"author\":{\"name\":\"Andr\u00e9s Aznar Siguan\",\"@id\":\"https:\\\/\\\/www.revistarambla.com\\\/#\\\/schema\\\/person\\\/ebd3a0b3c0ce4d939d1f29a7972db871\"},\"headline\":\"Independencia&#8230; y algo m\u00e1s\",\"datePublished\":\"2012-09-26T08:58:39+00:00\",\"dateModified\":\"2021-12-08T16:35:39+00:00\",\"mainEntityOfPage\":{\"@id\":\"https:\\\/\\\/www.revistarambla.com\\\/independencia-y-algo-mas\\\/\"},\"wordCount\":1482,\"commentCount\":0,\"publisher\":{\"@id\":\"https:\\\/\\\/www.revistarambla.com\\\/#organization\"},\"image\":{\"@id\":\"https:\\\/\\\/www.revistarambla.com\\\/independencia-y-algo-mas\\\/#primaryimage\"},\"thumbnailUrl\":\"https:\\\/\\\/www.revistarambla.com\\\/wp-content\\\/uploads\\\/2012\\\/09\\\/parlament_01.jpg\",\"articleSection\":[\"Actualidad\",\"Barcelona\"],\"inLanguage\":\"en-GB\",\"potentialAction\":[{\"@type\":\"CommentAction\",\"name\":\"Comment\",\"target\":[\"https:\\\/\\\/www.revistarambla.com\\\/independencia-y-algo-mas\\\/#respond\"]}]},{\"@type\":\"WebPage\",\"@id\":\"https:\\\/\\\/www.revistarambla.com\\\/independencia-y-algo-mas\\\/\",\"url\":\"https:\\\/\\\/www.revistarambla.com\\\/independencia-y-algo-mas\\\/\",\"name\":\"Independencia... y algo m\u00e1s - Revista Rambla\",\"isPartOf\":{\"@id\":\"https:\\\/\\\/www.revistarambla.com\\\/#website\"},\"primaryImageOfPage\":{\"@id\":\"https:\\\/\\\/www.revistarambla.com\\\/independencia-y-algo-mas\\\/#primaryimage\"},\"image\":{\"@id\":\"https:\\\/\\\/www.revistarambla.com\\\/independencia-y-algo-mas\\\/#primaryimage\"},\"thumbnailUrl\":\"https:\\\/\\\/www.revistarambla.com\\\/wp-content\\\/uploads\\\/2012\\\/09\\\/parlament_01.jpg\",\"datePublished\":\"2012-09-26T08:58:39+00:00\",\"dateModified\":\"2021-12-08T16:35:39+00:00\",\"breadcrumb\":{\"@id\":\"https:\\\/\\\/www.revistarambla.com\\\/independencia-y-algo-mas\\\/#breadcrumb\"},\"inLanguage\":\"en-GB\",\"potentialAction\":[{\"@type\":\"ReadAction\",\"target\":[\"https:\\\/\\\/www.revistarambla.com\\\/independencia-y-algo-mas\\\/\"]}]},{\"@type\":\"ImageObject\",\"inLanguage\":\"en-GB\",\"@id\":\"https:\\\/\\\/www.revistarambla.com\\\/independencia-y-algo-mas\\\/#primaryimage\",\"url\":\"https:\\\/\\\/www.revistarambla.com\\\/wp-content\\\/uploads\\\/2012\\\/09\\\/parlament_01.jpg\",\"contentUrl\":\"https:\\\/\\\/www.revistarambla.com\\\/wp-content\\\/uploads\\\/2012\\\/09\\\/parlament_01.jpg\"},{\"@type\":\"BreadcrumbList\",\"@id\":\"https:\\\/\\\/www.revistarambla.com\\\/independencia-y-algo-mas\\\/#breadcrumb\",\"itemListElement\":[{\"@type\":\"ListItem\",\"position\":1,\"name\":\"Portada\",\"item\":\"https:\\\/\\\/www.revistarambla.com\\\/\"},{\"@type\":\"ListItem\",\"position\":2,\"name\":\"Independencia&#8230; y algo m\u00e1s\"}]},{\"@type\":\"WebSite\",\"@id\":\"https:\\\/\\\/www.revistarambla.com\\\/#website\",\"url\":\"https:\\\/\\\/www.revistarambla.com\\\/\",\"name\":\"Revista Rambla Barcelona\",\"description\":\"Periodismo independiente\",\"publisher\":{\"@id\":\"https:\\\/\\\/www.revistarambla.com\\\/#organization\"},\"potentialAction\":[{\"@type\":\"SearchAction\",\"target\":{\"@type\":\"EntryPoint\",\"urlTemplate\":\"https:\\\/\\\/www.revistarambla.com\\\/?s={search_term_string}\"},\"query-input\":{\"@type\":\"PropertyValueSpecification\",\"valueRequired\":true,\"valueName\":\"search_term_string\"}}],\"inLanguage\":\"en-GB\"},{\"@type\":\"Organization\",\"@id\":\"https:\\\/\\\/www.revistarambla.com\\\/#organization\",\"name\":\"Revista Rambla\",\"url\":\"https:\\\/\\\/www.revistarambla.com\\\/\",\"logo\":{\"@type\":\"ImageObject\",\"inLanguage\":\"en-GB\",\"@id\":\"https:\\\/\\\/www.revistarambla.com\\\/#\\\/schema\\\/logo\\\/image\\\/\",\"url\":\"https:\\\/\\\/www.revistarambla.com\\\/wp-content\\\/uploads\\\/2020\\\/09\\\/banner_rambla_1900x600_BB.png\",\"contentUrl\":\"https:\\\/\\\/www.revistarambla.com\\\/wp-content\\\/uploads\\\/2020\\\/09\\\/banner_rambla_1900x600_BB.png\",\"width\":1900,\"height\":600,\"caption\":\"Revista Rambla\"},\"image\":{\"@id\":\"https:\\\/\\\/www.revistarambla.com\\\/#\\\/schema\\\/logo\\\/image\\\/\"},\"sameAs\":[\"https:\\\/\\\/www.facebook.com\\\/revistarambla\\\/\",\"https:\\\/\\\/x.com\\\/revistarambla\",\"https:\\\/\\\/www.instagram.com\\\/revista_rambla\",\"https:\\\/\\\/es.linkedin.com\\\/company\\\/revista-rambla\"]},{\"@type\":\"Person\",\"@id\":\"https:\\\/\\\/www.revistarambla.com\\\/#\\\/schema\\\/person\\\/ebd3a0b3c0ce4d939d1f29a7972db871\",\"name\":\"Andr\u00e9s Aznar Siguan\",\"description\":\"Licenciado en Periodismo y Filosof\u00eda con experiencia en medios de comunicaci\u00f3n tanto en el campo de la redacci\u00f3n como en el de la cobertura audiovisual.\",\"sameAs\":[\"https:\\\/\\\/www.facebook.com\\\/andresaznar3d\\\/\",\"https:\\\/\\\/www.instagram.com\\\/andresaznarsiguan\",\"https:\\\/\\\/www.pinterest.de\\\/aaznarsiguan\\\/\",\"https:\\\/\\\/x.com\\\/andrsaznar\"]}]}<\/script>\n<!-- \/ Yoast SEO plugin. -->","yoast_head_json":{"title":"Independencia... y algo m\u00e1s - Revista Rambla","robots":{"index":"index","follow":"follow","max-snippet":"max-snippet:-1","max-image-preview":"max-image-preview:large","max-video-preview":"max-video-preview:-1"},"canonical":"https:\/\/www.revistarambla.com\/en\/independencia-y-algo-mas\/","og_locale":"en_GB","og_type":"article","og_title":"Independencia... y algo m\u00e1s - Revista Rambla","og_description":"Mientras en el seno del Parlamento el presidente de la Generalitat, Artur Mas,\u00a0 iniciaba el pleno con la convocatoria de elecciones y la disoluci\u00f3n de la c\u00e1mara en el horizonte Fuera, en los aleda\u00f1os del edificio, se agrupaban unos 500 manifestantes con la intenci\u00f3n de recordar a los pol\u00edticos reunidos [&hellip;]","og_url":"https:\/\/www.revistarambla.com\/en\/independencia-y-algo-mas\/","og_site_name":"Revista Rambla","article_publisher":"https:\/\/www.facebook.com\/revistarambla\/","article_author":"https:\/\/www.facebook.com\/andresaznar3d\/","article_published_time":"2012-09-26T08:58:39+00:00","article_modified_time":"2021-12-08T16:35:39+00:00","og_image":[{"width":682,"height":400,"url":"https:\/\/www.revistarambla.com\/wp-content\/uploads\/2012\/09\/parlament_00.jpg","type":"image\/jpeg"}],"author":"Andr\u00e9s Aznar Siguan","twitter_card":"summary_large_image","twitter_creator":"@andrsaznar","twitter_site":"@revistarambla","twitter_misc":{"Written by":"Andr\u00e9s Aznar Siguan","Estimated reading time":"8 minutes"},"schema":{"@context":"https:\/\/schema.org","@graph":[{"@type":"Article","@id":"https:\/\/www.revistarambla.com\/independencia-y-algo-mas\/#article","isPartOf":{"@id":"https:\/\/www.revistarambla.com\/independencia-y-algo-mas\/"},"author":{"name":"Andr\u00e9s Aznar Siguan","@id":"https:\/\/www.revistarambla.com\/#\/schema\/person\/ebd3a0b3c0ce4d939d1f29a7972db871"},"headline":"Independencia&#8230; y algo m\u00e1s","datePublished":"2012-09-26T08:58:39+00:00","dateModified":"2021-12-08T16:35:39+00:00","mainEntityOfPage":{"@id":"https:\/\/www.revistarambla.com\/independencia-y-algo-mas\/"},"wordCount":1482,"commentCount":0,"publisher":{"@id":"https:\/\/www.revistarambla.com\/#organization"},"image":{"@id":"https:\/\/www.revistarambla.com\/independencia-y-algo-mas\/#primaryimage"},"thumbnailUrl":"https:\/\/www.revistarambla.com\/wp-content\/uploads\/2012\/09\/parlament_01.jpg","articleSection":["Actualidad","Barcelona"],"inLanguage":"en-GB","potentialAction":[{"@type":"CommentAction","name":"Comment","target":["https:\/\/www.revistarambla.com\/independencia-y-algo-mas\/#respond"]}]},{"@type":"WebPage","@id":"https:\/\/www.revistarambla.com\/independencia-y-algo-mas\/","url":"https:\/\/www.revistarambla.com\/independencia-y-algo-mas\/","name":"Independencia... y algo m\u00e1s - Revista Rambla","isPartOf":{"@id":"https:\/\/www.revistarambla.com\/#website"},"primaryImageOfPage":{"@id":"https:\/\/www.revistarambla.com\/independencia-y-algo-mas\/#primaryimage"},"image":{"@id":"https:\/\/www.revistarambla.com\/independencia-y-algo-mas\/#primaryimage"},"thumbnailUrl":"https:\/\/www.revistarambla.com\/wp-content\/uploads\/2012\/09\/parlament_01.jpg","datePublished":"2012-09-26T08:58:39+00:00","dateModified":"2021-12-08T16:35:39+00:00","breadcrumb":{"@id":"https:\/\/www.revistarambla.com\/independencia-y-algo-mas\/#breadcrumb"},"inLanguage":"en-GB","potentialAction":[{"@type":"ReadAction","target":["https:\/\/www.revistarambla.com\/independencia-y-algo-mas\/"]}]},{"@type":"ImageObject","inLanguage":"en-GB","@id":"https:\/\/www.revistarambla.com\/independencia-y-algo-mas\/#primaryimage","url":"https:\/\/www.revistarambla.com\/wp-content\/uploads\/2012\/09\/parlament_01.jpg","contentUrl":"https:\/\/www.revistarambla.com\/wp-content\/uploads\/2012\/09\/parlament_01.jpg"},{"@type":"BreadcrumbList","@id":"https:\/\/www.revistarambla.com\/independencia-y-algo-mas\/#breadcrumb","itemListElement":[{"@type":"ListItem","position":1,"name":"Portada","item":"https:\/\/www.revistarambla.com\/"},{"@type":"ListItem","position":2,"name":"Independencia&#8230; y algo m\u00e1s"}]},{"@type":"WebSite","@id":"https:\/\/www.revistarambla.com\/#website","url":"https:\/\/www.revistarambla.com\/","name":"Revista Rambla Barcelona","description":"Periodismo independiente","publisher":{"@id":"https:\/\/www.revistarambla.com\/#organization"},"potentialAction":[{"@type":"SearchAction","target":{"@type":"EntryPoint","urlTemplate":"https:\/\/www.revistarambla.com\/?s={search_term_string}"},"query-input":{"@type":"PropertyValueSpecification","valueRequired":true,"valueName":"search_term_string"}}],"inLanguage":"en-GB"},{"@type":"Organization","@id":"https:\/\/www.revistarambla.com\/#organization","name":"Revista Rambla","url":"https:\/\/www.revistarambla.com\/","logo":{"@type":"ImageObject","inLanguage":"en-GB","@id":"https:\/\/www.revistarambla.com\/#\/schema\/logo\/image\/","url":"https:\/\/www.revistarambla.com\/wp-content\/uploads\/2020\/09\/banner_rambla_1900x600_BB.png","contentUrl":"https:\/\/www.revistarambla.com\/wp-content\/uploads\/2020\/09\/banner_rambla_1900x600_BB.png","width":1900,"height":600,"caption":"Revista Rambla"},"image":{"@id":"https:\/\/www.revistarambla.com\/#\/schema\/logo\/image\/"},"sameAs":["https:\/\/www.facebook.com\/revistarambla\/","https:\/\/x.com\/revistarambla","https:\/\/www.instagram.com\/revista_rambla","https:\/\/es.linkedin.com\/company\/revista-rambla"]},{"@type":"Person","@id":"https:\/\/www.revistarambla.com\/#\/schema\/person\/ebd3a0b3c0ce4d939d1f29a7972db871","name":"Andr\u00e9s Aznar Siguan","description":"Licenciado en Periodismo y Filosof\u00eda con experiencia en medios de comunicaci\u00f3n tanto en el campo de la redacci\u00f3n como en el de la cobertura audiovisual.","sameAs":["https:\/\/www.facebook.com\/andresaznar3d\/","https:\/\/www.instagram.com\/andresaznarsiguan","https:\/\/www.pinterest.de\/aaznarsiguan\/","https:\/\/x.com\/andrsaznar"]}]}},"_links":{"self":[{"href":"https:\/\/www.revistarambla.com\/en\/wp-json\/wp\/v2\/posts\/2240","targetHints":{"allow":["GET"]}}],"collection":[{"href":"https:\/\/www.revistarambla.com\/en\/wp-json\/wp\/v2\/posts"}],"about":[{"href":"https:\/\/www.revistarambla.com\/en\/wp-json\/wp\/v2\/types\/post"}],"author":[{"embeddable":true,"href":"https:\/\/www.revistarambla.com\/en\/wp-json\/wp\/v2\/users\/35"}],"replies":[{"embeddable":true,"href":"https:\/\/www.revistarambla.com\/en\/wp-json\/wp\/v2\/comments?post=2240"}],"version-history":[{"count":0,"href":"https:\/\/www.revistarambla.com\/en\/wp-json\/wp\/v2\/posts\/2240\/revisions"}],"wp:attachment":[{"href":"https:\/\/www.revistarambla.com\/en\/wp-json\/wp\/v2\/media?parent=2240"}],"wp:term":[{"taxonomy":"category","embeddable":true,"href":"https:\/\/www.revistarambla.com\/en\/wp-json\/wp\/v2\/categories?post=2240"},{"taxonomy":"post_tag","embeddable":true,"href":"https:\/\/www.revistarambla.com\/en\/wp-json\/wp\/v2\/tags?post=2240"}],"curies":[{"name":"wp","href":"https:\/\/api.w.org\/{rel}","templated":true}]}}