{"id":22297,"date":"2020-01-01T21:24:38","date_gmt":"2020-01-01T20:24:38","guid":{"rendered":"https:\/\/www.revistarambla.com\/?p=22297"},"modified":"2025-01-23T21:40:52","modified_gmt":"2025-01-23T20:40:52","slug":"que-cono-es-la-lectura","status":"publish","type":"post","link":"https:\/\/www.revistarambla.com\/en\/que-cono-es-la-lectura\/","title":{"rendered":"\u00bfQu\u00e9 co\u00f1o es eso de la lectura?"},"content":{"rendered":"<p align=\"JUSTIFY\"><a href=\"https:\/\/www.revistarambla.com\/wp-content\/uploads\/2020\/02\/Ria-Sopala.jpg\"><img decoding=\"async\" class=\"alignright wp-image-22298 size-medium\" src=\"https:\/\/www.revistarambla.com\/wp-content\/uploads\/2020\/02\/Ria-Sopala-300x199.jpg\" alt=\"que es la lectura\" width=\"300\" height=\"199\" srcset=\"https:\/\/www.revistarambla.com\/wp-content\/uploads\/2020\/02\/Ria-Sopala-300x199.jpg 300w, https:\/\/www.revistarambla.com\/wp-content\/uploads\/2020\/02\/Ria-Sopala-1024x681.jpg 1024w, https:\/\/www.revistarambla.com\/wp-content\/uploads\/2020\/02\/Ria-Sopala-768x510.jpg 768w, https:\/\/www.revistarambla.com\/wp-content\/uploads\/2020\/02\/Ria-Sopala-1536x1021.jpg 1536w, https:\/\/www.revistarambla.com\/wp-content\/uploads\/2020\/02\/Ria-Sopala-850x566.jpg 850w, https:\/\/www.revistarambla.com\/wp-content\/uploads\/2020\/02\/Ria-Sopala-650x433.jpg 650w, https:\/\/www.revistarambla.com\/wp-content\/uploads\/2020\/02\/Ria-Sopala-458x305.jpg 458w, https:\/\/www.revistarambla.com\/wp-content\/uploads\/2020\/02\/Ria-Sopala.jpg 1920w\" sizes=\"(max-width: 300px) 100vw, 300px\" \/><\/a>\u201c<span lang=\"es-ES\">\u00bfQu\u00e9 co\u00f1o es eso de la UDEF?<\/span><span lang=\"es-ES\">\u201d<\/span><span lang=\"es-ES\">. As\u00ed, en una entrevista en <\/span><span lang=\"es-ES\">Espejo P\u00fablico<\/span><span lang=\"es-ES\">, <\/span><span lang=\"es-ES\">Jordi Pujol i Soley<\/span><span lang=\"es-ES\"> respondi\u00f3 a la gallega, al sentirse acorralado<\/span> por las preguntas de Susanna Griso sobre un informe de la Udef, que lo vinculaba con tramas de corrupci\u00f3n.<span lang=\"es-ES\"> \u201c<\/span><span lang=\"es-ES\">\u00bfQu\u00e9 co\u00f1o es eso de la lectura y de la escritura?<\/span><span lang=\"es-ES\">\u201d, se podr\u00edan preguntar tambi\u00e9n los j\u00f3venes universitarios, sorprendidos y acorralados por las deficiencias que tienen en estas dos actividades y competencias instrumentales fundamentales.<\/span><\/p>\n<p style=\"text-align: left;\" align=\"JUSTIFY\"><span lang=\"es-ES\">Creo que no existen estudios sobre estas competencias (capacidad de lectura, de escritura, de esp\u00edritu cr\u00edtico) de los j\u00f3venes bachilleres que llegan a las universidades espa\u00f1olas. Ahora bien, a partir de mi experiencia docente en la Universidad Aut\u00f3noma de Barcelona (UAB), puedo afirmar y afirmo que la mayor\u00eda de ellos llegan con unas lagunas ling\u00fc\u00edsticas tan acusadas, que \u00e9stas ponen en entredicho tanto <\/span><a href=\"http:\/\/honrad.blogspot.com\/2013\/09\/el-gaokao-y-las-pau.html\"><span lang=\"es-ES\">las PAU<\/span><\/a><span lang=\"es-ES\"> como la <\/span><a href=\"http:\/\/honrad.blogspot.com\/2014\/06\/y-ahora-que.html\"><span lang=\"es-ES\">calidad de la formaci\u00f3n<\/span><\/a><span lang=\"es-ES\"> acreditada formalmente por los t\u00edtulos universitarios. Por eso, no se puede aseverar, como hacen los \u201c<\/span><a href=\"http:\/\/honrad.blogspot.com\/2014\/02\/de-los-todologos.html\"><span lang=\"es-ES\">tod\u00f3logos<\/span><\/a><span lang=\"es-ES\">\u201d que los j\u00f3venes espa\u00f1oles de hoy son la \u201c<\/span><a href=\"http:\/\/honrad.blogspot.com\/2012\/06\/normal-0-21-false-false-false.html\"><span lang=\"es-ES\">Generaci\u00f3n JASP<\/span><\/a><span lang=\"es-ES\">\u201d: la generaci\u00f3n de los mejor y m\u00e1s formados de la historia de Espa\u00f1a. Eso es s\u00f3lo una leyenda urbana.<\/span><\/p>\n<p style=\"text-align: left;\" align=\"JUSTIFY\"><span lang=\"es-ES\">Para argumentar estas aseveraciones y llevar el agua a mi molino, hoy vamos a tratar de responder, plagiando al Honorable (?) Jordi Pujol, a la pregunta \u201c<\/span><span lang=\"es-ES\">\u00bfQu\u00e9 co\u00f1o es eso de la lectura?<\/span><span lang=\"es-ES\">\u201d. Y dejamos, para una pr\u00f3xima reflexi\u00f3n, la respuesta a esa otra pregunta complementaria: \u201c<\/span><span lang=\"es-ES\">\u00bfY qu\u00e9 co\u00f1o es eso de la escritura?<\/span><span lang=\"es-ES\">\u201d. <\/span><\/p>\n<p style=\"text-align: left;\" align=\"JUSTIFY\"><span lang=\"es-ES\">No es la primera vez que analizo la actividad lectora. En otro lugar, ya he respondido a las tres preguntas que <\/span><span lang=\"es-ES\">Andr\u00e9 Gide<\/span><span lang=\"es-ES\"> se plantea sobre los \u201c<\/span><span lang=\"es-ES\">alfabetos<\/span><span lang=\"es-ES\">\u201d (aquellos que saben leer y escribir): \u201c\u00bf<\/span><a href=\"https:\/\/latribunadelpaisvasco.com\/art\/3536\/dime-que-lees-y-te-dire\"><span lang=\"es-ES\">Qu\u00e9 leer\u00e1n, cu\u00e1nto leer\u00e1n<\/span><\/a><span lang=\"es-ES\"> y <\/span><a href=\"http:\/\/honrad.blogspot.com\/2013\/06\/el-lector-mariposa.html\"><span lang=\"es-ES\">c\u00f3mo leer\u00e1n<\/span><\/a><span lang=\"es-ES\">?\u201d. Hoy, ante las lagunas en la competencia lectora de los estudiantes universitarios, vamos a ocuparnos de escudri\u00f1ar, desde un punto de vista pedag\u00f3gico y anal\u00edtico, en qu\u00e9 consiste la lectura comprensiva y detallada de un texto, tipo de lectura necesaria en los estudios universitarios. Para ello, vamos a responder a tres nuevas preguntas: \u00bfqu\u00e9 es un texto?, \u00bfen qu\u00e9 consiste comprender un texto? y \u00bfc\u00f3mo proceder para conseguirlo?<\/span><\/p>\n<p style=\"text-align: left;\" align=\"JUSTIFY\"><span lang=\"es-ES\">El texto: objeto complejo y pluricodificado<\/span><span lang=\"es-ES\">. Un texto es un objeto nuevo para el lector; de ah\u00ed, la funcionalidad de la lectura: permitirle descubrir ese algo nuevo vehiculado por el texto. Y, adem\u00e1s, es un objeto complejo; por eso, su lectura es una actividad complicada y dif\u00edcil. Ahora bien, los textos suelen estar \u201c<\/span><span lang=\"es-ES\">pluricodificados<\/span><span lang=\"es-ES\">\u201d: el mismo mensaje es expresado con c\u00f3digos diferentes. Por un lado, el mensaje ling\u00fc\u00edstico suele estar acompa\u00f1ado de mensajes ic\u00f3nicos (fotos, dibujos, etc.). Adem\u00e1s, los textos siempre est\u00e1n precedidos de un \u201c<\/span><span lang=\"es-ES\">ante-texto<\/span><span lang=\"es-ES\">\u201d (t\u00edtulo, subt\u00edtulos). Y finalmente, si los textos est\u00e1n bien escritos, el autor ha cuidado la edici\u00f3n, dividi\u00e9ndolos en p\u00e1rrafos. Ante la complejidad de los textos y de la lectura, estos elementos son la tabla de salvaci\u00f3n y un seguro a todo riesgo para la comprensi\u00f3n lectora del mensaje ling\u00fc\u00edstico.<\/span><\/p>\n<p style=\"text-align: left;\" align=\"JUSTIFY\"><span lang=\"es-ES\">En efecto, el mensaje ic\u00f3nico permite descubrir el tema y el contenido global del mensaje ling\u00fc\u00edstico. Por otro lado, este descubrimiento es confirmado por el \u201cante-texto\u201d y la \u201clectura parcial del texto\u201d (primera frase de cada p\u00e1rrafo). As\u00ed, estos elementos permiten llevar a cabo una \u201c<\/span><span lang=\"es-ES\">pre-lectura<\/span><span lang=\"es-ES\">\u201d del texto, sin haberlo le\u00eddo, y alcanzar una comprensi\u00f3n global del mismo. <\/span><\/p>\n<p style=\"text-align: left;\" align=\"JUSTIFY\"><span lang=\"es-ES\">La lectura comprensiva. <\/span><span lang=\"es-ES\">Para que el lector demuestre que ha comprendido realmente un texto, debe ser capaz de responder a cuatro preguntas. <\/span><span lang=\"es-ES\">P1:<\/span><span lang=\"es-ES\"> \u00bfDe qu\u00e9 o de qui\u00e9n se habla en el texto le\u00eddo? <\/span><span lang=\"es-ES\">P2:<\/span><span lang=\"es-ES\"> \u00bfQu\u00e9 aspectos de la cosa o de la persona son abordados en el texto? (i.e. \u00bfCu\u00e1l es la estructura \u2014partes\u2014 del mismo?). <\/span><span lang=\"es-ES\">P3:<\/span><span lang=\"es-ES\"> \u00bfCu\u00e1les son las informaciones fundamentales y secundarias expresadas en cada parte del texto? Y <\/span><span lang=\"es-ES\">P4<\/span><span lang=\"es-ES\">: \u00bfQu\u00e9 piensa el lector de lo le\u00eddo? (i.e. el lector debe rumiar el texto). <\/span><\/p>\n<p style=\"text-align: left;\" align=\"JUSTIFY\"><span lang=\"es-ES\">Metodolog\u00eda. <\/span><span lang=\"es-ES\">Desde un punto de vista anal\u00edtico y pedag\u00f3gico, el aprendiz de lector, para alcanzar su objetivo, debe recorrer 4 etapas y realizar 4 actividades sucesivas. En primer lugar, debe <\/span><span lang=\"es-ES\">sobrevolar el texto<\/span><span lang=\"es-ES\">. \u201cLeer\u201d es como viajar a un pa\u00eds desconocido. Por eso, antes de iniciar un viaje tur\u00edstico y para sacar el mayor provecho del mismo, es necesario documentarse, prepararlo y tomar ciertas precauciones. Podemos decir lo mismo de la lectura de un texto: si iniciamos la lectura \u201c<\/span><span lang=\"es-ES\">in extenso<\/span><span lang=\"es-ES\">\u201d del texto, sin haberlo sobrevolado y explorado, corremos el riesgo de perdernos, de no comprenderlo y, lo que es m\u00e1s grave, de abandonar la lectura. De ah\u00ed, la funcionalidad de la \u201c<\/span><span lang=\"es-ES\">pre-lectura<\/span><span lang=\"es-ES\">\u201d: descodificaci\u00f3n del mensaje ic\u00f3nico; luego, del t\u00edtulo y de los subt\u00edtulos; y, finalmente, de la lectura parcial del mensaje ling\u00fc\u00edstico (primera frase de cada p\u00e1rrafo), gracias a la divisi\u00f3n del texto en p\u00e1rrafos.<\/span><\/p>\n<p style=\"text-align: left;\" align=\"JUSTIFY\"><span lang=\"es-ES\">En segundo lugar y hecho lo que precede, el aprendiz de lector debe realizar la primera lectura \u201c<\/span><span lang=\"es-ES\">in extenso<\/span><span lang=\"es-ES\">\u201d del mensaje ling\u00fc\u00edstico. Para ello, debe leer el texto sin detenerse antes las palabras o expresiones desconocidas o los pasajes oscuros o que presentan dificultades. Esto no impide una comprensi\u00f3n global del texto, facilitada ya por la pre-lectura. Con esta primera lectura, el aprendiz de lector debe ser capaz de responder a las dos primeras preguntas, formuladas <\/span><span lang=\"es-ES\">ut supra<\/span><span lang=\"es-ES\">: \u00bfde qu\u00e9 o de qui\u00e9n se habla? (P1) y \u00bfCu\u00e1l es la estructura del texto? (P2).<\/span><\/p>\n<p style=\"text-align: left;\" align=\"JUSTIFY\"><span lang=\"es-ES\">En tercer lugar, el aprendiz de lector debe hacer una segunda lectura \u201cin extenso\u201d, por dos motivos: si no es capaz de responder a las dos preguntas precitadas y para solucionar los problemas puntuales de l\u00e9xico, morfosintaxis o referenciales. Para ello, tiene que localizarlos (subray\u00e1ndolos o encuadr\u00e1ndolos o marc\u00e1ndolos con un rotulador, etc.) y utilizar diccionarios y gram\u00e1ticas. <\/span><\/p>\n<p style=\"text-align: left;\" align=\"JUSTIFY\"><span lang=\"es-ES\">Una vez solucionados todos los problemas encontrados en la segunda lectura \u201cin extenso\u201d, el aprendiz de lector podr\u00e1 proceder a la tercera y definitiva lectura del texto y a tomar apuntes para poder responder a las 4 preguntas explicitadas \u201c<\/span><span lang=\"es-ES\">ci-dessus<\/span><span lang=\"es-ES\">\u201d: P1, P2, P3 y P4. Y, finalmente, debe analizar, rumiar y apropiarse, con sentido critico, lo que acaba de conocer.<\/span><\/p>\n<p style=\"text-align: left;\" align=\"JUSTIFY\"><span lang=\"es-ES\">Moraleja.<\/span><span lang=\"es-ES\"> Si \u201c<\/span><span lang=\"es-ES\">alfabetizar<\/span><span lang=\"es-ES\">\u201d es hacer adquirir el alfabeto para leer y escribir, un \u201c<\/span><span lang=\"es-ES\">analfabeto<\/span><span lang=\"es-ES\">\u201d ser\u00eda aquel que no lo ha adquirido y, por lo tanto, no sabe ni leer ni escribir. Estas competencias b\u00e1sicas deber\u00edan ser adquiridas en la ense\u00f1anza primaria y secundaria. Sin embargo, seg\u00fan mi experiencia docente, esto no siempre sucede y, lo que es m\u00e1s grave, sucede cada vez menos, en la mayor\u00eda de los j\u00f3venes bachilleres que llegan a la universidad. Con estas livianas alforjas ling\u00fc\u00edsticas no se puede ir muy lejos y s\u00f3lo se puede resentir la formaci\u00f3n que deben adquirir en la universidad. No se pueden pedir peras al olmo.<\/span><\/p>\n<p style=\"text-align: left;\" align=\"JUSTIFY\"><span lang=\"es-ES\">La lectura, como la escritura o cualquier otra capacidad, se puede y se debe ense\u00f1ar y aprender. Pero, para ello, hay que tener claro y explicar <\/span><span lang=\"es-ES\">qu\u00e9<\/span><span lang=\"es-ES\"> es lo que se quiere ense\u00f1ar-aprender. Y, adem\u00e1s, tener claro <\/span><span lang=\"es-ES\">c\u00f3mo<\/span><span lang=\"es-ES\"> se va a proceder para llevarlo a cabo. Con estas dos premisas y si no se escatiman esfuerzos y uno se lanza a la acci\u00f3n, el \u00e9xito estar\u00e1 asegurado en cualquier empresa. <\/span><span lang=\"es-ES\">Giner de los R\u00edos<\/span><span lang=\"es-ES\">, uno de los padres de la Instituci\u00f3n Libre de Ense\u00f1anza, lo ten\u00eda muy claro cuando formul\u00f3 el siguiente principio pedag\u00f3gico: \u201c<\/span><span lang=\"es-ES\">Teor\u00eda y pr\u00e1ctica, no. La teor\u00eda debe ser teor\u00eda de la pr\u00e1ctica. Y la pr\u00e1ctica, pr\u00e1ctica de la teor\u00eda<\/span><span lang=\"es-ES\">\u201d. Plantear las preguntas correctas sobre la lectura, como hemos hecho <\/span><span lang=\"es-ES\">ut supra<\/span><span lang=\"es-ES\">, es tener ya la mitad de la respuesta, es situarse en el camino de la adquisici\u00f3n de la competencia lectora, tan fundamental para sacar provecho de la ense\u00f1anza universitaria y para asegurar la obligatoria autoformaci\u00f3n continua y continuada.<\/span><\/p>","protected":false},"excerpt":{"rendered":"<p>\u201c\u00bfQu\u00e9 co\u00f1o es eso de la UDEF?\u201d. As\u00ed, en una entrevista en Espejo P\u00fablico, Jordi Pujol i Soley respondi\u00f3 a la gallega, al sentirse acorralado por las preguntas de Susanna Griso sobre un informe de la Udef, que lo vinculaba con tramas de corrupci\u00f3n. \u201c\u00bfQu\u00e9 co\u00f1o es eso de la [&hellip;]<\/p>\n","protected":false},"author":17,"featured_media":22298,"comment_status":"open","ping_status":"open","sticky":false,"template":"","format":"standard","meta":{"footnotes":""},"categories":[4114],"tags":[],"class_list":["post-22297","post","type-post","status-publish","format-standard","has-post-thumbnail","hentry","category-cantando-las-verdades"],"yoast_head":"<!-- This site is optimized with the Yoast SEO plugin v27.5 - https:\/\/yoast.com\/product\/yoast-seo-wordpress\/ -->\n<title>\u00bfQu\u00e9 co\u00f1o es eso de la lectura? - Revista Rambla<\/title>\n<meta name=\"robots\" content=\"index, follow, max-snippet:-1, max-image-preview:large, max-video-preview:-1\" \/>\n<link rel=\"canonical\" href=\"https:\/\/www.revistarambla.com\/en\/que-cono-es-la-lectura\/\" \/>\n<meta property=\"og:locale\" content=\"en_GB\" \/>\n<meta property=\"og:type\" content=\"article\" \/>\n<meta property=\"og:title\" content=\"\u00bfQu\u00e9 co\u00f1o es eso de la lectura? - Revista Rambla\" \/>\n<meta property=\"og:description\" content=\"\u201c\u00bfQu\u00e9 co\u00f1o es eso de la UDEF?\u201d. As\u00ed, en una entrevista en Espejo P\u00fablico, Jordi Pujol i Soley respondi\u00f3 a la gallega, al sentirse acorralado por las preguntas de Susanna Griso sobre un informe de la Udef, que lo vinculaba con tramas de corrupci\u00f3n. \u201c\u00bfQu\u00e9 co\u00f1o es eso de la [&hellip;]\" \/>\n<meta property=\"og:url\" content=\"https:\/\/www.revistarambla.com\/en\/que-cono-es-la-lectura\/\" \/>\n<meta property=\"og:site_name\" content=\"Revista Rambla\" \/>\n<meta property=\"article:publisher\" content=\"https:\/\/www.facebook.com\/revistarambla\/\" \/>\n<meta property=\"article:author\" content=\"https:\/\/www.facebook.com\/manuelignacio.cabezasgonzalez\" \/>\n<meta property=\"article:published_time\" content=\"2020-01-01T20:24:38+00:00\" \/>\n<meta property=\"article:modified_time\" content=\"2025-01-23T20:40:52+00:00\" \/>\n<meta property=\"og:image\" content=\"https:\/\/www.revistarambla.com\/wp-content\/uploads\/2020\/02\/Ria-Sopala.jpg\" \/>\n\t<meta property=\"og:image:width\" content=\"1920\" \/>\n\t<meta property=\"og:image:height\" content=\"1276\" \/>\n\t<meta property=\"og:image:type\" content=\"image\/jpeg\" \/>\n<meta name=\"author\" content=\"Manuel Ignacio Cabezas Gonz\u00e1lez\" \/>\n<meta name=\"twitter:card\" content=\"summary_large_image\" \/>\n<meta name=\"twitter:creator\" content=\"@ManuelICabezas\" \/>\n<meta name=\"twitter:site\" content=\"@revistarambla\" \/>\n<meta name=\"twitter:label1\" content=\"Written by\" \/>\n\t<meta name=\"twitter:data1\" content=\"Manuel Ignacio Cabezas Gonz\u00e1lez\" \/>\n\t<meta name=\"twitter:label2\" content=\"Estimated reading time\" \/>\n\t<meta name=\"twitter:data2\" content=\"6 minutes\" \/>\n<script type=\"application\/ld+json\" class=\"yoast-schema-graph\">{\"@context\":\"https:\\\/\\\/schema.org\",\"@graph\":[{\"@type\":\"Article\",\"@id\":\"https:\\\/\\\/www.revistarambla.com\\\/que-cono-es-la-lectura\\\/#article\",\"isPartOf\":{\"@id\":\"https:\\\/\\\/www.revistarambla.com\\\/que-cono-es-la-lectura\\\/\"},\"author\":{\"name\":\"Manuel Ignacio Cabezas Gonz\u00e1lez\",\"@id\":\"https:\\\/\\\/www.revistarambla.com\\\/#\\\/schema\\\/person\\\/3d71c575842522757de7f4f9c9b40215\"},\"headline\":\"\u00bfQu\u00e9 co\u00f1o es eso de la lectura?\",\"datePublished\":\"2020-01-01T20:24:38+00:00\",\"dateModified\":\"2025-01-23T20:40:52+00:00\",\"mainEntityOfPage\":{\"@id\":\"https:\\\/\\\/www.revistarambla.com\\\/que-cono-es-la-lectura\\\/\"},\"wordCount\":1389,\"commentCount\":0,\"publisher\":{\"@id\":\"https:\\\/\\\/www.revistarambla.com\\\/#organization\"},\"image\":{\"@id\":\"https:\\\/\\\/www.revistarambla.com\\\/que-cono-es-la-lectura\\\/#primaryimage\"},\"thumbnailUrl\":\"https:\\\/\\\/www.revistarambla.com\\\/wp-content\\\/uploads\\\/2020\\\/02\\\/Ria-Sopala.jpg\",\"articleSection\":[\"Cantando las verdades\"],\"inLanguage\":\"en-GB\",\"potentialAction\":[{\"@type\":\"CommentAction\",\"name\":\"Comment\",\"target\":[\"https:\\\/\\\/www.revistarambla.com\\\/que-cono-es-la-lectura\\\/#respond\"]}]},{\"@type\":\"WebPage\",\"@id\":\"https:\\\/\\\/www.revistarambla.com\\\/que-cono-es-la-lectura\\\/\",\"url\":\"https:\\\/\\\/www.revistarambla.com\\\/que-cono-es-la-lectura\\\/\",\"name\":\"\u00bfQu\u00e9 co\u00f1o es eso de la lectura? - Revista Rambla\",\"isPartOf\":{\"@id\":\"https:\\\/\\\/www.revistarambla.com\\\/#website\"},\"primaryImageOfPage\":{\"@id\":\"https:\\\/\\\/www.revistarambla.com\\\/que-cono-es-la-lectura\\\/#primaryimage\"},\"image\":{\"@id\":\"https:\\\/\\\/www.revistarambla.com\\\/que-cono-es-la-lectura\\\/#primaryimage\"},\"thumbnailUrl\":\"https:\\\/\\\/www.revistarambla.com\\\/wp-content\\\/uploads\\\/2020\\\/02\\\/Ria-Sopala.jpg\",\"datePublished\":\"2020-01-01T20:24:38+00:00\",\"dateModified\":\"2025-01-23T20:40:52+00:00\",\"breadcrumb\":{\"@id\":\"https:\\\/\\\/www.revistarambla.com\\\/que-cono-es-la-lectura\\\/#breadcrumb\"},\"inLanguage\":\"en-GB\",\"potentialAction\":[{\"@type\":\"ReadAction\",\"target\":[\"https:\\\/\\\/www.revistarambla.com\\\/que-cono-es-la-lectura\\\/\"]}]},{\"@type\":\"ImageObject\",\"inLanguage\":\"en-GB\",\"@id\":\"https:\\\/\\\/www.revistarambla.com\\\/que-cono-es-la-lectura\\\/#primaryimage\",\"url\":\"https:\\\/\\\/www.revistarambla.com\\\/wp-content\\\/uploads\\\/2020\\\/02\\\/Ria-Sopala.jpg\",\"contentUrl\":\"https:\\\/\\\/www.revistarambla.com\\\/wp-content\\\/uploads\\\/2020\\\/02\\\/Ria-Sopala.jpg\",\"width\":1920,\"height\":1276},{\"@type\":\"BreadcrumbList\",\"@id\":\"https:\\\/\\\/www.revistarambla.com\\\/que-cono-es-la-lectura\\\/#breadcrumb\",\"itemListElement\":[{\"@type\":\"ListItem\",\"position\":1,\"name\":\"Portada\",\"item\":\"https:\\\/\\\/www.revistarambla.com\\\/\"},{\"@type\":\"ListItem\",\"position\":2,\"name\":\"\u00bfQu\u00e9 co\u00f1o es eso de la lectura?\"}]},{\"@type\":\"WebSite\",\"@id\":\"https:\\\/\\\/www.revistarambla.com\\\/#website\",\"url\":\"https:\\\/\\\/www.revistarambla.com\\\/\",\"name\":\"Revista Rambla Barcelona\",\"description\":\"Periodismo independiente\",\"publisher\":{\"@id\":\"https:\\\/\\\/www.revistarambla.com\\\/#organization\"},\"potentialAction\":[{\"@type\":\"SearchAction\",\"target\":{\"@type\":\"EntryPoint\",\"urlTemplate\":\"https:\\\/\\\/www.revistarambla.com\\\/?s={search_term_string}\"},\"query-input\":{\"@type\":\"PropertyValueSpecification\",\"valueRequired\":true,\"valueName\":\"search_term_string\"}}],\"inLanguage\":\"en-GB\"},{\"@type\":\"Organization\",\"@id\":\"https:\\\/\\\/www.revistarambla.com\\\/#organization\",\"name\":\"Revista Rambla\",\"url\":\"https:\\\/\\\/www.revistarambla.com\\\/\",\"logo\":{\"@type\":\"ImageObject\",\"inLanguage\":\"en-GB\",\"@id\":\"https:\\\/\\\/www.revistarambla.com\\\/#\\\/schema\\\/logo\\\/image\\\/\",\"url\":\"https:\\\/\\\/www.revistarambla.com\\\/wp-content\\\/uploads\\\/2020\\\/09\\\/banner_rambla_1900x600_BB.png\",\"contentUrl\":\"https:\\\/\\\/www.revistarambla.com\\\/wp-content\\\/uploads\\\/2020\\\/09\\\/banner_rambla_1900x600_BB.png\",\"width\":1900,\"height\":600,\"caption\":\"Revista Rambla\"},\"image\":{\"@id\":\"https:\\\/\\\/www.revistarambla.com\\\/#\\\/schema\\\/logo\\\/image\\\/\"},\"sameAs\":[\"https:\\\/\\\/www.facebook.com\\\/revistarambla\\\/\",\"https:\\\/\\\/x.com\\\/revistarambla\",\"https:\\\/\\\/www.instagram.com\\\/revista_rambla\",\"https:\\\/\\\/es.linkedin.com\\\/company\\\/revista-rambla\"]},{\"@type\":\"Person\",\"@id\":\"https:\\\/\\\/www.revistarambla.com\\\/#\\\/schema\\\/person\\\/3d71c575842522757de7f4f9c9b40215\",\"name\":\"Manuel Ignacio Cabezas Gonz\u00e1lez\",\"description\":\"Doctor en Didactolog\u00eda de las Lenguas y de las Culturas. Profesor Titular de Ling\u00fc\u00edstica y de Ling\u00fc\u00edstica Aplicada. Departamento de Filolog\u00eda Francesa y Rom\u00e1nica (UAB).\",\"sameAs\":[\"http:\\\/\\\/honrad.blogspot.com\\\/\",\"https:\\\/\\\/www.facebook.com\\\/manuelignacio.cabezasgonzalez\",\"https:\\\/\\\/x.com\\\/ManuelICabezas\"]}]}<\/script>\n<!-- \/ Yoast SEO plugin. -->","yoast_head_json":{"title":"\u00bfQu\u00e9 co\u00f1o es eso de la lectura? - Revista Rambla","robots":{"index":"index","follow":"follow","max-snippet":"max-snippet:-1","max-image-preview":"max-image-preview:large","max-video-preview":"max-video-preview:-1"},"canonical":"https:\/\/www.revistarambla.com\/en\/que-cono-es-la-lectura\/","og_locale":"en_GB","og_type":"article","og_title":"\u00bfQu\u00e9 co\u00f1o es eso de la lectura? - Revista Rambla","og_description":"\u201c\u00bfQu\u00e9 co\u00f1o es eso de la UDEF?\u201d. As\u00ed, en una entrevista en Espejo P\u00fablico, Jordi Pujol i Soley respondi\u00f3 a la gallega, al sentirse acorralado por las preguntas de Susanna Griso sobre un informe de la Udef, que lo vinculaba con tramas de corrupci\u00f3n. \u201c\u00bfQu\u00e9 co\u00f1o es eso de la [&hellip;]","og_url":"https:\/\/www.revistarambla.com\/en\/que-cono-es-la-lectura\/","og_site_name":"Revista Rambla","article_publisher":"https:\/\/www.facebook.com\/revistarambla\/","article_author":"https:\/\/www.facebook.com\/manuelignacio.cabezasgonzalez","article_published_time":"2020-01-01T20:24:38+00:00","article_modified_time":"2025-01-23T20:40:52+00:00","og_image":[{"width":1920,"height":1276,"url":"https:\/\/www.revistarambla.com\/wp-content\/uploads\/2020\/02\/Ria-Sopala.jpg","type":"image\/jpeg"}],"author":"Manuel Ignacio Cabezas Gonz\u00e1lez","twitter_card":"summary_large_image","twitter_creator":"@ManuelICabezas","twitter_site":"@revistarambla","twitter_misc":{"Written by":"Manuel Ignacio Cabezas Gonz\u00e1lez","Estimated reading time":"6 minutes"},"schema":{"@context":"https:\/\/schema.org","@graph":[{"@type":"Article","@id":"https:\/\/www.revistarambla.com\/que-cono-es-la-lectura\/#article","isPartOf":{"@id":"https:\/\/www.revistarambla.com\/que-cono-es-la-lectura\/"},"author":{"name":"Manuel Ignacio Cabezas Gonz\u00e1lez","@id":"https:\/\/www.revistarambla.com\/#\/schema\/person\/3d71c575842522757de7f4f9c9b40215"},"headline":"\u00bfQu\u00e9 co\u00f1o es eso de la lectura?","datePublished":"2020-01-01T20:24:38+00:00","dateModified":"2025-01-23T20:40:52+00:00","mainEntityOfPage":{"@id":"https:\/\/www.revistarambla.com\/que-cono-es-la-lectura\/"},"wordCount":1389,"commentCount":0,"publisher":{"@id":"https:\/\/www.revistarambla.com\/#organization"},"image":{"@id":"https:\/\/www.revistarambla.com\/que-cono-es-la-lectura\/#primaryimage"},"thumbnailUrl":"https:\/\/www.revistarambla.com\/wp-content\/uploads\/2020\/02\/Ria-Sopala.jpg","articleSection":["Cantando las verdades"],"inLanguage":"en-GB","potentialAction":[{"@type":"CommentAction","name":"Comment","target":["https:\/\/www.revistarambla.com\/que-cono-es-la-lectura\/#respond"]}]},{"@type":"WebPage","@id":"https:\/\/www.revistarambla.com\/que-cono-es-la-lectura\/","url":"https:\/\/www.revistarambla.com\/que-cono-es-la-lectura\/","name":"\u00bfQu\u00e9 co\u00f1o es eso de la lectura? - Revista Rambla","isPartOf":{"@id":"https:\/\/www.revistarambla.com\/#website"},"primaryImageOfPage":{"@id":"https:\/\/www.revistarambla.com\/que-cono-es-la-lectura\/#primaryimage"},"image":{"@id":"https:\/\/www.revistarambla.com\/que-cono-es-la-lectura\/#primaryimage"},"thumbnailUrl":"https:\/\/www.revistarambla.com\/wp-content\/uploads\/2020\/02\/Ria-Sopala.jpg","datePublished":"2020-01-01T20:24:38+00:00","dateModified":"2025-01-23T20:40:52+00:00","breadcrumb":{"@id":"https:\/\/www.revistarambla.com\/que-cono-es-la-lectura\/#breadcrumb"},"inLanguage":"en-GB","potentialAction":[{"@type":"ReadAction","target":["https:\/\/www.revistarambla.com\/que-cono-es-la-lectura\/"]}]},{"@type":"ImageObject","inLanguage":"en-GB","@id":"https:\/\/www.revistarambla.com\/que-cono-es-la-lectura\/#primaryimage","url":"https:\/\/www.revistarambla.com\/wp-content\/uploads\/2020\/02\/Ria-Sopala.jpg","contentUrl":"https:\/\/www.revistarambla.com\/wp-content\/uploads\/2020\/02\/Ria-Sopala.jpg","width":1920,"height":1276},{"@type":"BreadcrumbList","@id":"https:\/\/www.revistarambla.com\/que-cono-es-la-lectura\/#breadcrumb","itemListElement":[{"@type":"ListItem","position":1,"name":"Portada","item":"https:\/\/www.revistarambla.com\/"},{"@type":"ListItem","position":2,"name":"\u00bfQu\u00e9 co\u00f1o es eso de la lectura?"}]},{"@type":"WebSite","@id":"https:\/\/www.revistarambla.com\/#website","url":"https:\/\/www.revistarambla.com\/","name":"Revista Rambla Barcelona","description":"Periodismo independiente","publisher":{"@id":"https:\/\/www.revistarambla.com\/#organization"},"potentialAction":[{"@type":"SearchAction","target":{"@type":"EntryPoint","urlTemplate":"https:\/\/www.revistarambla.com\/?s={search_term_string}"},"query-input":{"@type":"PropertyValueSpecification","valueRequired":true,"valueName":"search_term_string"}}],"inLanguage":"en-GB"},{"@type":"Organization","@id":"https:\/\/www.revistarambla.com\/#organization","name":"Revista Rambla","url":"https:\/\/www.revistarambla.com\/","logo":{"@type":"ImageObject","inLanguage":"en-GB","@id":"https:\/\/www.revistarambla.com\/#\/schema\/logo\/image\/","url":"https:\/\/www.revistarambla.com\/wp-content\/uploads\/2020\/09\/banner_rambla_1900x600_BB.png","contentUrl":"https:\/\/www.revistarambla.com\/wp-content\/uploads\/2020\/09\/banner_rambla_1900x600_BB.png","width":1900,"height":600,"caption":"Revista Rambla"},"image":{"@id":"https:\/\/www.revistarambla.com\/#\/schema\/logo\/image\/"},"sameAs":["https:\/\/www.facebook.com\/revistarambla\/","https:\/\/x.com\/revistarambla","https:\/\/www.instagram.com\/revista_rambla","https:\/\/es.linkedin.com\/company\/revista-rambla"]},{"@type":"Person","@id":"https:\/\/www.revistarambla.com\/#\/schema\/person\/3d71c575842522757de7f4f9c9b40215","name":"Manuel Ignacio Cabezas Gonz\u00e1lez","description":"Doctor en Didactolog\u00eda de las Lenguas y de las Culturas. Profesor Titular de Ling\u00fc\u00edstica y de Ling\u00fc\u00edstica Aplicada. Departamento de Filolog\u00eda Francesa y Rom\u00e1nica (UAB).","sameAs":["http:\/\/honrad.blogspot.com\/","https:\/\/www.facebook.com\/manuelignacio.cabezasgonzalez","https:\/\/x.com\/ManuelICabezas"]}]}},"_links":{"self":[{"href":"https:\/\/www.revistarambla.com\/en\/wp-json\/wp\/v2\/posts\/22297","targetHints":{"allow":["GET"]}}],"collection":[{"href":"https:\/\/www.revistarambla.com\/en\/wp-json\/wp\/v2\/posts"}],"about":[{"href":"https:\/\/www.revistarambla.com\/en\/wp-json\/wp\/v2\/types\/post"}],"author":[{"embeddable":true,"href":"https:\/\/www.revistarambla.com\/en\/wp-json\/wp\/v2\/users\/17"}],"replies":[{"embeddable":true,"href":"https:\/\/www.revistarambla.com\/en\/wp-json\/wp\/v2\/comments?post=22297"}],"version-history":[{"count":1,"href":"https:\/\/www.revistarambla.com\/en\/wp-json\/wp\/v2\/posts\/22297\/revisions"}],"predecessor-version":[{"id":64119,"href":"https:\/\/www.revistarambla.com\/en\/wp-json\/wp\/v2\/posts\/22297\/revisions\/64119"}],"wp:featuredmedia":[{"embeddable":true,"href":"https:\/\/www.revistarambla.com\/en\/wp-json\/wp\/v2\/media\/22298"}],"wp:attachment":[{"href":"https:\/\/www.revistarambla.com\/en\/wp-json\/wp\/v2\/media?parent=22297"}],"wp:term":[{"taxonomy":"category","embeddable":true,"href":"https:\/\/www.revistarambla.com\/en\/wp-json\/wp\/v2\/categories?post=22297"},{"taxonomy":"post_tag","embeddable":true,"href":"https:\/\/www.revistarambla.com\/en\/wp-json\/wp\/v2\/tags?post=22297"}],"curies":[{"name":"wp","href":"https:\/\/api.w.org\/{rel}","templated":true}]}}