{"id":2219,"date":"2012-09-26T03:25:48","date_gmt":"2012-09-26T03:25:48","guid":{"rendered":"https:\/\/www.revistarambla.com\/una-fiesta-popular\/"},"modified":"2021-06-01T20:09:32","modified_gmt":"2021-06-01T18:09:32","slug":"una-fiesta-popular","status":"publish","type":"post","link":"https:\/\/www.revistarambla.com\/en\/una-fiesta-popular\/","title":{"rendered":"Una fiesta popular"},"content":{"rendered":"<p><img decoding=\"async\" class=\"aligncenter\" src=\"https:\/\/www.revistarambla.com\/wp-content\/uploads\/2012\/09\/fiestas_00.jpg\" alt=\"alt\" width=\"682\" height=\"400\" \/><\/p>\n<p>Las fiestas populares nacen en los pueblos a partir de onom\u00e1sticas de santos y m\u00faltiples v\u00edrgenes que llenan las hojas del calendario sobre todo en verano, de las fiestas campesinas para celebrar la recolecci\u00f3n a las fiestas de las grandes ciudades, todos los pueblos y ciudades tienen sus fiestas, los festejos tienen una relaci\u00f3n directa con la iglesia aunque sean los ciudadanos los organizadores; los pol\u00edticos y fuerzas vivas utilizan estos festejos para hacer demostraci\u00f3n (aun en tiempos de crisis) de su vano poder, ofrendas y fuegos artificiales, misa y baile de fiesta mayor, concursos varios y comidas populares, en algunos lugares va acompa\u00f1ado de un toro embolado, o de fuego, corrida o directamente ajusticiamiento del toro, todo ello para seguir tradiciones \u00abmodernas\u00bb o de un pasado no muy lejano o \u00abancestral\u00bb.\u00a0 Son diferentes los or\u00edgenes de estas fiestas, tambi\u00e9n son diferentes los tipos de fiesta, en Barcelona se celebran fiestas en algunos distritos (antiguos pueblos anexionados a la ciudad) que superan en expectaci\u00f3n a la fiesta mayor de la ciudad, desde sus or\u00edgenes las fiestas de Gr\u00e1cia y Sants han sido fiestas populares que han llegado a nuestros d\u00edas con altibajos y cambios, pero siguen siendo las fiestas m\u00e1s conocidas de la ciudad, son fiestas de verano con reclamo internacional, Gr\u00e1cia y en menor medida Sants reciben visitantes de fuera del barrio y de la ciudad de Barcelona. La caracter\u00edstica principal de estas fiestas es la ornamentaci\u00f3n de diferentes calles del barrio, una arquitectura ef\u00edmera que nace cuando termina la fiesta anterior.<br \/>\nDe una decoraci\u00f3n de tramoya, con obra, madera, \u00abporexpan\u00bb, pintura y escayola, a partir de los a\u00f1os ochenta del siglo pasado se dio paso a una decoraci\u00f3n alternativa, cuya finalidad es la creatividad y el uso de materiales reciclados o reutilizados.<\/p>\n<p>La ornamentaci\u00f3n debe ocupar la calle o parte de ella, con una fachada a modo de entrada y un cerramiento al final de calle, el techo debe estar cubierto, antiguamente entoldado o cerrado con banderolas y otros elementos decorativos. Las portadas siempre han sido la parte m\u00e1s ornamentada dando paso al espacio interior donde muchas veces se multiplican los decorados, en el interior de la calle, mesas, sillas, alg\u00fan bar y tienda de regalos, al fondo o al principio de calle una tarima elevada que servir\u00e1 para las diferentes actuaciones que amenizaran los siete o m\u00e1s d\u00edas que duran las fiestas. M\u00fasica y alguna iluminaci\u00f3n nocturna va acompa\u00f1ado de espect\u00e1culos de magia, payasos, bingo, campeonatos de d\u00f3mino, partidas de \u00abbotifarra\u00bb y parch\u00eds, alg\u00fan d\u00eda concurso de sardanas, ba\u00f1o de espuma y fuegos de artificio, tambi\u00e9n comidas de vecinos y chocolatadas populares.<\/p>\n<p>Esta fiesta anual empieza al d\u00eda siguiente de terminar la fiesta del a\u00f1o anterior, mientras desmantelan el anterior decorado la mayor\u00eda planifica la nueva decoraci\u00f3n. La reuni\u00f3n de la comisi\u00f3n de vecinos (pocos o muchos) de la calle decide que tema y decoraci\u00f3n ocupar\u00e1 la calle en la fiesta mayor del a\u00f1o siguiente,<\/p>\n<p>Este a\u00f1o en el barrio de Sants que toma el relevo de la fiesta de Gr\u00e1cia, se decoraron 15 calles y plazas; las tem\u00e1ticas, algunas casualmente repetidas de las de Gr\u00e1cia, han sido el fr\u00edo polar, con icebergs, ping\u00fcinos y osos, alg\u00fan \u00abigloo\u00bb y muchas estrellas de nieve, al lado de espacios ex\u00f3ticos como la selva amaz\u00f3nica y descubridores?!, la nostalgia de la mu\u00f1eca Hello Kitty, junto a calles que celebraban aniversarios, otra calle que planteaba una despedida con una alegor\u00eda gigantesca de m\u00e1quina de tren y maletas, una alegor\u00eda a las Vegas con cadillac y casino acompa\u00f1ado de capilla para celebrar bodas al estilo Elvis. Alguna calle plantea juegos sobre la mitad, las medias partes y el medio, en otra, aprovechando una canci\u00f3n muy conocida de Jaume Sisa, nos invita a entrar en una calle-casa donde podremos comer en compa\u00f1\u00eda de personajes famosos del cuento, la f\u00e1bula, la novela y el cine, mesas colgadas del techo acompa\u00f1ado de met\u00e1foras visuales para reconocer al personaje. Y en la Farga, una de las plazas del barrio de Sants, una representaci\u00f3n a tama\u00f1o real de una excavadora de cart\u00f3n da paso a una mina de carb\u00f3n, hecha con papel y cart\u00f3n ondulado, esta entrada nos introduce a un viaje interior de la mina, que nos llevar\u00e1 junto a las v\u00edas y vagonetas al espacio central de la plaza, recorriendo pasillos abiertos con vigas que sostienen el falso techo de la noche. Un homenaje a la miner\u00eda y a los que han trabajado en las minas. Esta instalaci\u00f3n fue la que recibi\u00f3 el primer premio del concurso de decoraci\u00f3n de calles y plazas de la fiesta de Sants 2012.<\/p>\n<p>La entrega de premios, otra fiesta, donde todos los participantes reciben un diploma y una placa, acompa\u00f1ado de un jam\u00f3n, caja de cava y productos de mercado, supongo que algunos sienten que el veredicto del jurado ha sido injusto con ellos en cambio otros se sienten felices por el premio recibido. A veces los esfuerzos de todo un a\u00f1o no son debidamente recompensados, pero esa \u00abinjusticia\u00bb debe estar compensada por la ilusi\u00f3n y el trabajo bien hecho, por la aproximaci\u00f3n a los vecinos, por recuperar ese espacio vecinal cada vez m\u00e1s perdido, el encuentro donde poder hablar de lo divino y humano, del barrio, de la ciudad, de los nuevos vecinos llegados, de los que se fueron. Estos grupos de vecinos que participan activamente en la fiesta est\u00e1n en un foro, mucho m\u00e1s interesante que las redes sociales, se reconocen, juegan, colaboran y al final compiten con otras calles por ellos mismos y quiz\u00e1s tambi\u00e9n por el valor simb\u00f3lico de un premio.<\/p>\n<p>Aprovechando los temas expuestos en la decoraci\u00f3n de las calles, encuentro a faltar un mensaje m\u00e1s cr\u00edtico a la actualidad, la decoraci\u00f3n de las calles aunque muy bien hechas, podr\u00eda ser, con s\u00e1tira y buen humor un alegato m\u00e1s reivindicativo.<\/p>\n<p>Solo uno de los premiados desde el estrado donde se entregaron los premios, afirm\u00f3, que no le gustaban las cosas a medias\u2026media sanidad, media educaci\u00f3n, media independ\u00e9ncia\u2026<br \/>\nAs\u00ed hasta el a\u00f1o que viene.<\/p>\n<p><img decoding=\"async\" class=\"aligncenter\" src=\"https:\/\/www.revistarambla.com\/wp-content\/uploads\/2012\/09\/fiestas_02.jpg\" alt=\"alt\" width=\"550\" height=\"364\" \/><\/p>","protected":false},"excerpt":{"rendered":"<p>Las fiestas populares nacen en los pueblos a partir de onom\u00e1sticas de santos y m\u00faltiples v\u00edrgenes que llenan las hojas del calendario sobre todo en verano, de las fiestas campesinas para celebrar la recolecci\u00f3n a las fiestas de las grandes ciudades, todos los pueblos y ciudades tienen sus fiestas, los [&hellip;]<\/p>\n","protected":false},"author":1,"featured_media":0,"comment_status":"open","ping_status":"open","sticky":false,"template":"","format":"standard","meta":{"footnotes":""},"categories":[4],"tags":[],"class_list":["post-2219","post","type-post","status-publish","format-standard","hentry","category-cultura"],"yoast_head":"<!-- This site is optimized with the Yoast SEO plugin v27.5 - https:\/\/yoast.com\/product\/yoast-seo-wordpress\/ -->\n<title>Una fiesta popular - Revista Rambla<\/title>\n<meta name=\"robots\" content=\"index, follow, max-snippet:-1, max-image-preview:large, max-video-preview:-1\" \/>\n<link rel=\"canonical\" href=\"https:\/\/www.revistarambla.com\/en\/una-fiesta-popular\/\" \/>\n<meta property=\"og:locale\" content=\"en_GB\" \/>\n<meta property=\"og:type\" content=\"article\" \/>\n<meta property=\"og:title\" content=\"Una fiesta popular - Revista Rambla\" \/>\n<meta property=\"og:description\" content=\"Las fiestas populares nacen en los pueblos a partir de onom\u00e1sticas de santos y m\u00faltiples v\u00edrgenes que llenan las hojas del calendario sobre todo en verano, de las fiestas campesinas para celebrar la recolecci\u00f3n a las fiestas de las grandes ciudades, todos los pueblos y ciudades tienen sus fiestas, los [&hellip;]\" \/>\n<meta property=\"og:url\" content=\"https:\/\/www.revistarambla.com\/en\/una-fiesta-popular\/\" \/>\n<meta property=\"og:site_name\" content=\"Revista Rambla\" \/>\n<meta property=\"article:publisher\" content=\"https:\/\/www.facebook.com\/revistarambla\/\" \/>\n<meta property=\"article:published_time\" content=\"2012-09-26T03:25:48+00:00\" \/>\n<meta property=\"article:modified_time\" content=\"2021-06-01T18:09:32+00:00\" \/>\n<meta property=\"og:image\" content=\"https:\/\/i1.wp.com\/www.revistarambla.com\/wp-content\/uploads\/2012\/09\/fiestas_00.jpg?fit=682%2C400&ssl=1\" \/>\n\t<meta property=\"og:image:width\" content=\"682\" \/>\n\t<meta property=\"og:image:height\" content=\"400\" \/>\n\t<meta property=\"og:image:type\" content=\"image\/jpeg\" \/>\n<meta name=\"author\" content=\"E.G.S.\" \/>\n<meta name=\"twitter:card\" content=\"summary_large_image\" \/>\n<meta name=\"twitter:creator\" content=\"@revistarambla\" \/>\n<meta name=\"twitter:site\" content=\"@revistarambla\" \/>\n<meta name=\"twitter:label1\" content=\"Written by\" \/>\n\t<meta name=\"twitter:data1\" content=\"E.G.S.\" \/>\n\t<meta name=\"twitter:label2\" content=\"Estimated reading time\" \/>\n\t<meta name=\"twitter:data2\" content=\"5 minutes\" \/>\n<script type=\"application\/ld+json\" class=\"yoast-schema-graph\">{\"@context\":\"https:\\\/\\\/schema.org\",\"@graph\":[{\"@type\":\"Article\",\"@id\":\"https:\\\/\\\/www.revistarambla.com\\\/una-fiesta-popular\\\/#article\",\"isPartOf\":{\"@id\":\"https:\\\/\\\/www.revistarambla.com\\\/una-fiesta-popular\\\/\"},\"author\":{\"name\":\"E.G.S.\",\"@id\":\"https:\\\/\\\/www.revistarambla.com\\\/#\\\/schema\\\/person\\\/4a5652fc8c82df1f8593002d038cd79e\"},\"headline\":\"Una fiesta popular\",\"datePublished\":\"2012-09-26T03:25:48+00:00\",\"dateModified\":\"2021-06-01T18:09:32+00:00\",\"mainEntityOfPage\":{\"@id\":\"https:\\\/\\\/www.revistarambla.com\\\/una-fiesta-popular\\\/\"},\"wordCount\":1095,\"commentCount\":0,\"publisher\":{\"@id\":\"https:\\\/\\\/www.revistarambla.com\\\/#organization\"},\"image\":{\"@id\":\"https:\\\/\\\/www.revistarambla.com\\\/una-fiesta-popular\\\/#primaryimage\"},\"thumbnailUrl\":\"https:\\\/\\\/www.revistarambla.com\\\/wp-content\\\/uploads\\\/2012\\\/09\\\/fiestas_00.jpg\",\"articleSection\":[\"Cultura\"],\"inLanguage\":\"en-GB\",\"potentialAction\":[{\"@type\":\"CommentAction\",\"name\":\"Comment\",\"target\":[\"https:\\\/\\\/www.revistarambla.com\\\/una-fiesta-popular\\\/#respond\"]}]},{\"@type\":\"WebPage\",\"@id\":\"https:\\\/\\\/www.revistarambla.com\\\/una-fiesta-popular\\\/\",\"url\":\"https:\\\/\\\/www.revistarambla.com\\\/una-fiesta-popular\\\/\",\"name\":\"Una fiesta popular - Revista Rambla\",\"isPartOf\":{\"@id\":\"https:\\\/\\\/www.revistarambla.com\\\/#website\"},\"primaryImageOfPage\":{\"@id\":\"https:\\\/\\\/www.revistarambla.com\\\/una-fiesta-popular\\\/#primaryimage\"},\"image\":{\"@id\":\"https:\\\/\\\/www.revistarambla.com\\\/una-fiesta-popular\\\/#primaryimage\"},\"thumbnailUrl\":\"https:\\\/\\\/www.revistarambla.com\\\/wp-content\\\/uploads\\\/2012\\\/09\\\/fiestas_00.jpg\",\"datePublished\":\"2012-09-26T03:25:48+00:00\",\"dateModified\":\"2021-06-01T18:09:32+00:00\",\"breadcrumb\":{\"@id\":\"https:\\\/\\\/www.revistarambla.com\\\/una-fiesta-popular\\\/#breadcrumb\"},\"inLanguage\":\"en-GB\",\"potentialAction\":[{\"@type\":\"ReadAction\",\"target\":[\"https:\\\/\\\/www.revistarambla.com\\\/una-fiesta-popular\\\/\"]}]},{\"@type\":\"ImageObject\",\"inLanguage\":\"en-GB\",\"@id\":\"https:\\\/\\\/www.revistarambla.com\\\/una-fiesta-popular\\\/#primaryimage\",\"url\":\"https:\\\/\\\/www.revistarambla.com\\\/wp-content\\\/uploads\\\/2012\\\/09\\\/fiestas_00.jpg\",\"contentUrl\":\"https:\\\/\\\/www.revistarambla.com\\\/wp-content\\\/uploads\\\/2012\\\/09\\\/fiestas_00.jpg\"},{\"@type\":\"BreadcrumbList\",\"@id\":\"https:\\\/\\\/www.revistarambla.com\\\/una-fiesta-popular\\\/#breadcrumb\",\"itemListElement\":[{\"@type\":\"ListItem\",\"position\":1,\"name\":\"Portada\",\"item\":\"https:\\\/\\\/www.revistarambla.com\\\/\"},{\"@type\":\"ListItem\",\"position\":2,\"name\":\"Una fiesta popular\"}]},{\"@type\":\"WebSite\",\"@id\":\"https:\\\/\\\/www.revistarambla.com\\\/#website\",\"url\":\"https:\\\/\\\/www.revistarambla.com\\\/\",\"name\":\"Revista Rambla Barcelona\",\"description\":\"Periodismo independiente\",\"publisher\":{\"@id\":\"https:\\\/\\\/www.revistarambla.com\\\/#organization\"},\"potentialAction\":[{\"@type\":\"SearchAction\",\"target\":{\"@type\":\"EntryPoint\",\"urlTemplate\":\"https:\\\/\\\/www.revistarambla.com\\\/?s={search_term_string}\"},\"query-input\":{\"@type\":\"PropertyValueSpecification\",\"valueRequired\":true,\"valueName\":\"search_term_string\"}}],\"inLanguage\":\"en-GB\"},{\"@type\":\"Organization\",\"@id\":\"https:\\\/\\\/www.revistarambla.com\\\/#organization\",\"name\":\"Revista Rambla\",\"url\":\"https:\\\/\\\/www.revistarambla.com\\\/\",\"logo\":{\"@type\":\"ImageObject\",\"inLanguage\":\"en-GB\",\"@id\":\"https:\\\/\\\/www.revistarambla.com\\\/#\\\/schema\\\/logo\\\/image\\\/\",\"url\":\"https:\\\/\\\/www.revistarambla.com\\\/wp-content\\\/uploads\\\/2020\\\/09\\\/banner_rambla_1900x600_BB.png\",\"contentUrl\":\"https:\\\/\\\/www.revistarambla.com\\\/wp-content\\\/uploads\\\/2020\\\/09\\\/banner_rambla_1900x600_BB.png\",\"width\":1900,\"height\":600,\"caption\":\"Revista Rambla\"},\"image\":{\"@id\":\"https:\\\/\\\/www.revistarambla.com\\\/#\\\/schema\\\/logo\\\/image\\\/\"},\"sameAs\":[\"https:\\\/\\\/www.facebook.com\\\/revistarambla\\\/\",\"https:\\\/\\\/x.com\\\/revistarambla\",\"https:\\\/\\\/www.instagram.com\\\/revista_rambla\",\"https:\\\/\\\/es.linkedin.com\\\/company\\\/revista-rambla\"]},{\"@type\":\"Person\",\"@id\":\"https:\\\/\\\/www.revistarambla.com\\\/#\\\/schema\\\/person\\\/4a5652fc8c82df1f8593002d038cd79e\",\"name\":\"E.G.S.\"}]}<\/script>\n<!-- \/ Yoast SEO plugin. -->","yoast_head_json":{"title":"Una fiesta popular - Revista Rambla","robots":{"index":"index","follow":"follow","max-snippet":"max-snippet:-1","max-image-preview":"max-image-preview:large","max-video-preview":"max-video-preview:-1"},"canonical":"https:\/\/www.revistarambla.com\/en\/una-fiesta-popular\/","og_locale":"en_GB","og_type":"article","og_title":"Una fiesta popular - Revista Rambla","og_description":"Las fiestas populares nacen en los pueblos a partir de onom\u00e1sticas de santos y m\u00faltiples v\u00edrgenes que llenan las hojas del calendario sobre todo en verano, de las fiestas campesinas para celebrar la recolecci\u00f3n a las fiestas de las grandes ciudades, todos los pueblos y ciudades tienen sus fiestas, los [&hellip;]","og_url":"https:\/\/www.revistarambla.com\/en\/una-fiesta-popular\/","og_site_name":"Revista Rambla","article_publisher":"https:\/\/www.facebook.com\/revistarambla\/","article_published_time":"2012-09-26T03:25:48+00:00","article_modified_time":"2021-06-01T18:09:32+00:00","og_image":[{"width":682,"height":400,"url":"https:\/\/i1.wp.com\/www.revistarambla.com\/wp-content\/uploads\/2012\/09\/fiestas_00.jpg?fit=682%2C400&ssl=1","type":"image\/jpeg"}],"author":"E.G.S.","twitter_card":"summary_large_image","twitter_creator":"@revistarambla","twitter_site":"@revistarambla","twitter_misc":{"Written by":"E.G.S.","Estimated reading time":"5 minutes"},"schema":{"@context":"https:\/\/schema.org","@graph":[{"@type":"Article","@id":"https:\/\/www.revistarambla.com\/una-fiesta-popular\/#article","isPartOf":{"@id":"https:\/\/www.revistarambla.com\/una-fiesta-popular\/"},"author":{"name":"E.G.S.","@id":"https:\/\/www.revistarambla.com\/#\/schema\/person\/4a5652fc8c82df1f8593002d038cd79e"},"headline":"Una fiesta popular","datePublished":"2012-09-26T03:25:48+00:00","dateModified":"2021-06-01T18:09:32+00:00","mainEntityOfPage":{"@id":"https:\/\/www.revistarambla.com\/una-fiesta-popular\/"},"wordCount":1095,"commentCount":0,"publisher":{"@id":"https:\/\/www.revistarambla.com\/#organization"},"image":{"@id":"https:\/\/www.revistarambla.com\/una-fiesta-popular\/#primaryimage"},"thumbnailUrl":"https:\/\/www.revistarambla.com\/wp-content\/uploads\/2012\/09\/fiestas_00.jpg","articleSection":["Cultura"],"inLanguage":"en-GB","potentialAction":[{"@type":"CommentAction","name":"Comment","target":["https:\/\/www.revistarambla.com\/una-fiesta-popular\/#respond"]}]},{"@type":"WebPage","@id":"https:\/\/www.revistarambla.com\/una-fiesta-popular\/","url":"https:\/\/www.revistarambla.com\/una-fiesta-popular\/","name":"Una fiesta popular - Revista Rambla","isPartOf":{"@id":"https:\/\/www.revistarambla.com\/#website"},"primaryImageOfPage":{"@id":"https:\/\/www.revistarambla.com\/una-fiesta-popular\/#primaryimage"},"image":{"@id":"https:\/\/www.revistarambla.com\/una-fiesta-popular\/#primaryimage"},"thumbnailUrl":"https:\/\/www.revistarambla.com\/wp-content\/uploads\/2012\/09\/fiestas_00.jpg","datePublished":"2012-09-26T03:25:48+00:00","dateModified":"2021-06-01T18:09:32+00:00","breadcrumb":{"@id":"https:\/\/www.revistarambla.com\/una-fiesta-popular\/#breadcrumb"},"inLanguage":"en-GB","potentialAction":[{"@type":"ReadAction","target":["https:\/\/www.revistarambla.com\/una-fiesta-popular\/"]}]},{"@type":"ImageObject","inLanguage":"en-GB","@id":"https:\/\/www.revistarambla.com\/una-fiesta-popular\/#primaryimage","url":"https:\/\/www.revistarambla.com\/wp-content\/uploads\/2012\/09\/fiestas_00.jpg","contentUrl":"https:\/\/www.revistarambla.com\/wp-content\/uploads\/2012\/09\/fiestas_00.jpg"},{"@type":"BreadcrumbList","@id":"https:\/\/www.revistarambla.com\/una-fiesta-popular\/#breadcrumb","itemListElement":[{"@type":"ListItem","position":1,"name":"Portada","item":"https:\/\/www.revistarambla.com\/"},{"@type":"ListItem","position":2,"name":"Una fiesta popular"}]},{"@type":"WebSite","@id":"https:\/\/www.revistarambla.com\/#website","url":"https:\/\/www.revistarambla.com\/","name":"Revista Rambla Barcelona","description":"Periodismo independiente","publisher":{"@id":"https:\/\/www.revistarambla.com\/#organization"},"potentialAction":[{"@type":"SearchAction","target":{"@type":"EntryPoint","urlTemplate":"https:\/\/www.revistarambla.com\/?s={search_term_string}"},"query-input":{"@type":"PropertyValueSpecification","valueRequired":true,"valueName":"search_term_string"}}],"inLanguage":"en-GB"},{"@type":"Organization","@id":"https:\/\/www.revistarambla.com\/#organization","name":"Revista Rambla","url":"https:\/\/www.revistarambla.com\/","logo":{"@type":"ImageObject","inLanguage":"en-GB","@id":"https:\/\/www.revistarambla.com\/#\/schema\/logo\/image\/","url":"https:\/\/www.revistarambla.com\/wp-content\/uploads\/2020\/09\/banner_rambla_1900x600_BB.png","contentUrl":"https:\/\/www.revistarambla.com\/wp-content\/uploads\/2020\/09\/banner_rambla_1900x600_BB.png","width":1900,"height":600,"caption":"Revista Rambla"},"image":{"@id":"https:\/\/www.revistarambla.com\/#\/schema\/logo\/image\/"},"sameAs":["https:\/\/www.facebook.com\/revistarambla\/","https:\/\/x.com\/revistarambla","https:\/\/www.instagram.com\/revista_rambla","https:\/\/es.linkedin.com\/company\/revista-rambla"]},{"@type":"Person","@id":"https:\/\/www.revistarambla.com\/#\/schema\/person\/4a5652fc8c82df1f8593002d038cd79e","name":"E.G.S."}]}},"_links":{"self":[{"href":"https:\/\/www.revistarambla.com\/en\/wp-json\/wp\/v2\/posts\/2219","targetHints":{"allow":["GET"]}}],"collection":[{"href":"https:\/\/www.revistarambla.com\/en\/wp-json\/wp\/v2\/posts"}],"about":[{"href":"https:\/\/www.revistarambla.com\/en\/wp-json\/wp\/v2\/types\/post"}],"author":[{"embeddable":true,"href":"https:\/\/www.revistarambla.com\/en\/wp-json\/wp\/v2\/users\/1"}],"replies":[{"embeddable":true,"href":"https:\/\/www.revistarambla.com\/en\/wp-json\/wp\/v2\/comments?post=2219"}],"version-history":[{"count":0,"href":"https:\/\/www.revistarambla.com\/en\/wp-json\/wp\/v2\/posts\/2219\/revisions"}],"wp:attachment":[{"href":"https:\/\/www.revistarambla.com\/en\/wp-json\/wp\/v2\/media?parent=2219"}],"wp:term":[{"taxonomy":"category","embeddable":true,"href":"https:\/\/www.revistarambla.com\/en\/wp-json\/wp\/v2\/categories?post=2219"},{"taxonomy":"post_tag","embeddable":true,"href":"https:\/\/www.revistarambla.com\/en\/wp-json\/wp\/v2\/tags?post=2219"}],"curies":[{"name":"wp","href":"https:\/\/api.w.org\/{rel}","templated":true}]}}