{"id":2181,"date":"2012-09-19T09:10:22","date_gmt":"2012-09-19T07:10:22","guid":{"rendered":"https:\/\/www.revistarambla.com\/espana-antes-coja-que-rota\/"},"modified":"2022-10-21T17:41:59","modified_gmt":"2022-10-21T15:41:59","slug":"espana-antes-coja-que-rota","status":"publish","type":"post","link":"https:\/\/www.revistarambla.com\/en\/espana-antes-coja-que-rota\/","title":{"rendered":"Espa\u00f1a, antes coja que rota"},"content":{"rendered":"<p>All\u00e1 por los a\u00f1os 30 del siglo pasado, el l\u00edder de la derecha espa\u00f1ola Jos\u00e9 Calvo Sotelo no ocultaba su angustia ante el supuesto avance de los nacionalismos. Su desesperaci\u00f3n era tal que hasta lleg\u00f3 a declararse partidario de una Espa\u00f1a roja antes que rota. A\u00f1os m\u00e1s tarde su asesinato fue la coartada para que un general regordete formulase una peculiar versi\u00f3n de la misma idea. Y es que para Franco era preferible una Espa\u00f1a cojaantes que rota. El resultado fue tres a\u00f1os de guerra y cuarenta de paredones de fusilamiento frente a los que se hermanaron izquierdistas y nacionalista como p\u00e9rfidos representantes de una supuesta Antiespa\u00f1a. Fue as\u00ed como acab\u00f3 cre\u00e1ndose aquella Espa\u00f1a tullida, hecha a imagen y semejanza del Caudillo por la gracia de Dios, que acabamos heredando a la muerte del dictador.<\/p>\n<p>Pese al tiempo transcurrido, la derecha patria no ha dejado desde entonces de poner el grito en el cielo cada vez que las sombras de los separatismo perif\u00e9ricos se han proyectado en las paredes de la caverna postplat\u00f3nica que no pocos de ellos vienen habitando c\u00f3modamente desde los tiempos de Fernando VII. Lo hemos podido ver estos d\u00edas a prop\u00f3sito de la multitudinaria manifestaci\u00f3n soberanista que recorri\u00f3 las calles de Barcelona durante la Diada. Todo un agravio a la supuesta testosterona incorrupta de Don Pelayo que para estos herederos de la Espa\u00f1a eterna, resulta de todo punto inadmisible.<\/p>\n<p>Es cierto que no deja de ser curioso el entusiasmo soberanista del president de la Generalitat. Sobre todo teniendo en cuenta que en los \u00faltimos meses Artur Mas ha sido el gran espejo en el que no han dejado de mirarse los neoliberales m\u00e1s espa\u00f1olistas. De hecho, ni sus recortes sociales, ni la contundencia de los Mossos de Esquadra a la hora de hacer entrar en razones a la disidencia catalana han tenido nada que envidiar a las pr\u00e1cticas chusqueras de esa fiel infanter\u00eda que estos d\u00edas, prietas las filas, se desgarra las vestiduras por su deriva separatista. Con todo, la nueva controversia solo pone de relieve la gran maestr\u00eda con que CiU -desde los tiempos de Jordi Pujol y el caso de la Banca Catalana- sabe capear los temporales de las crisis con la cuatribarrada estrellada por montera.<\/p>\n<p>En cualquier caso, mientras el p\u00e1nico a los separatismos \u2013que, sin duda, se acrecentar\u00e1 hasta la histeria con las elecciones vascas\u2013 no deja de llenar editoriales y tertulias, llama la atenci\u00f3n el mutismo de la derechona \u00a0ante el verdadero independentismo que se est\u00e1 consolidando en Espa\u00f1a. Porque de aut\u00e9ntica ruptura independentista hay que calificar el distanciamiento que cada vez separa m\u00e1s el establishment pol\u00edtico de esa Espa\u00f1a real condenada ya no al trabajo basura, sino directamente a una desesperaci\u00f3n de mierda que, en nombre de la interminable disciplina presupuestaria, nos imponen los mercados financieros con la babosa complicidad de gabinete de Mariano Rajoy. Un secesionismo del Parlamento y la Moncloa que este s\u00e1bado volvi\u00f3 a dejar patente el ministro de Econom\u00eda Luis de Guindos al responder con el anuncio de nuevos recortes a la multitud que clamaba en las calles.<\/p>\n<p>Un separatismo que afecta igualmente al poder judicial, incapaz hasta la fecha de haber metido en prisi\u00f3n a un solo responsable del actual fiasco econ\u00f3mico y social, por mucho que ahora el camale\u00f3nico ministro Alberto Ruiz Gallard\u00f3n disimule su apat\u00eda realista en estos casos lanzando carnaza al populacho a cuenta de la tragedia de los ni\u00f1os Ruth y Jos\u00e9.\u00a0 Pretendida determinaci\u00f3n frente a los canallas que, de paso, aprovechando que el C\u00f3digo Penal pasa por el Pisuerga, est\u00e1 sirviendo para apretar las tuercas a una disidencia social cada d\u00eda m\u00e1s cerca de ver resucitada la Ley de Fugas.<\/p>\n<p>Separatismo, en fin, el que se instal\u00f3 definitivamente en la Casa Real, presentada desde los tiempos de la amn\u00e9sica transici\u00f3n como la gran garante de la unidad nacional (eso s\u00ed, con la tutelar y constitucional ayuda del ej\u00e9rcito, por si las moscas), pero cuyas preocupaciones y comportamientos est\u00e1n cada vez m\u00e1s lejos de las vivencias de los espa\u00f1oles. O si no que le pregunten a la Infanta Cristina y a Urdangar\u00edn.\u00a0 O a los ch\u00f3feres de Su Majestad.<\/p>","protected":false},"excerpt":{"rendered":"<p>All\u00e1 por los a\u00f1os 30 del siglo pasado, el l\u00edder de la derecha espa\u00f1ola Jos\u00e9 Calvo Sotelo no ocultaba su angustia ante el supuesto avance de los nacionalismos. Su desesperaci\u00f3n era tal que hasta lleg\u00f3 a declararse partidario de una Espa\u00f1a roja antes que rota. A\u00f1os m\u00e1s tarde su asesinato [&hellip;]<\/p>\n","protected":false},"author":325,"featured_media":14386,"comment_status":"open","ping_status":"open","sticky":false,"template":"","format":"standard","meta":{"footnotes":""},"categories":[72],"tags":[],"class_list":["post-2181","post","type-post","status-publish","format-standard","has-post-thumbnail","hentry","category-opinion"],"yoast_head":"<!-- This site is optimized with the Yoast SEO plugin v27.5 - https:\/\/yoast.com\/product\/yoast-seo-wordpress\/ -->\n<title>Espa\u00f1a, antes coja que rota - Revista Rambla<\/title>\n<meta name=\"robots\" content=\"index, follow, max-snippet:-1, max-image-preview:large, max-video-preview:-1\" \/>\n<link rel=\"canonical\" href=\"https:\/\/www.revistarambla.com\/en\/espana-antes-coja-que-rota\/\" \/>\n<meta property=\"og:locale\" content=\"en_GB\" \/>\n<meta property=\"og:type\" content=\"article\" \/>\n<meta property=\"og:title\" content=\"Espa\u00f1a, antes coja que rota - Revista Rambla\" \/>\n<meta property=\"og:description\" content=\"All\u00e1 por los a\u00f1os 30 del siglo pasado, el l\u00edder de la derecha espa\u00f1ola Jos\u00e9 Calvo Sotelo no ocultaba su angustia ante el supuesto avance de los nacionalismos. Su desesperaci\u00f3n era tal que hasta lleg\u00f3 a declararse partidario de una Espa\u00f1a roja antes que rota. A\u00f1os m\u00e1s tarde su asesinato [&hellip;]\" \/>\n<meta property=\"og:url\" content=\"https:\/\/www.revistarambla.com\/en\/espana-antes-coja-que-rota\/\" \/>\n<meta property=\"og:site_name\" content=\"Revista Rambla\" \/>\n<meta property=\"article:publisher\" content=\"https:\/\/www.facebook.com\/revistarambla\/\" \/>\n<meta property=\"article:author\" content=\"https:\/\/www.facebook.com\/josemanuelrambla\/\" \/>\n<meta property=\"article:published_time\" content=\"2012-09-19T07:10:22+00:00\" \/>\n<meta property=\"article:modified_time\" content=\"2022-10-21T15:41:59+00:00\" \/>\n<meta property=\"og:image\" content=\"https:\/\/www.revistarambla.com\/wp-content\/uploads\/2018\/01\/espa\u00f1a-01.jpg\" \/>\n\t<meta property=\"og:image:width\" content=\"1087\" \/>\n\t<meta property=\"og:image:height\" content=\"595\" \/>\n\t<meta property=\"og:image:type\" content=\"image\/jpeg\" \/>\n<meta name=\"author\" content=\"Jos\u00e9 Manuel Rambla\" \/>\n<meta name=\"twitter:card\" content=\"summary_large_image\" \/>\n<meta name=\"twitter:creator\" content=\"@jmrambla\" \/>\n<meta name=\"twitter:site\" content=\"@revistarambla\" \/>\n<meta name=\"twitter:label1\" content=\"Written by\" \/>\n\t<meta name=\"twitter:data1\" content=\"Jos\u00e9 Manuel Rambla\" \/>\n\t<meta name=\"twitter:label2\" content=\"Estimated reading time\" \/>\n\t<meta name=\"twitter:data2\" content=\"4 minutes\" \/>\n<script type=\"application\/ld+json\" class=\"yoast-schema-graph\">{\"@context\":\"https:\\\/\\\/schema.org\",\"@graph\":[{\"@type\":\"Article\",\"@id\":\"https:\\\/\\\/www.revistarambla.com\\\/espana-antes-coja-que-rota\\\/#article\",\"isPartOf\":{\"@id\":\"https:\\\/\\\/www.revistarambla.com\\\/espana-antes-coja-que-rota\\\/\"},\"author\":{\"name\":\"Jos\u00e9 Manuel Rambla\",\"@id\":\"https:\\\/\\\/www.revistarambla.com\\\/#\\\/schema\\\/person\\\/f8e404c0293434eaf6a60da08d1123e3\"},\"headline\":\"Espa\u00f1a, antes coja que rota\",\"datePublished\":\"2012-09-19T07:10:22+00:00\",\"dateModified\":\"2022-10-21T15:41:59+00:00\",\"mainEntityOfPage\":{\"@id\":\"https:\\\/\\\/www.revistarambla.com\\\/espana-antes-coja-que-rota\\\/\"},\"wordCount\":748,\"commentCount\":0,\"publisher\":{\"@id\":\"https:\\\/\\\/www.revistarambla.com\\\/#organization\"},\"image\":{\"@id\":\"https:\\\/\\\/www.revistarambla.com\\\/espana-antes-coja-que-rota\\\/#primaryimage\"},\"thumbnailUrl\":\"https:\\\/\\\/www.revistarambla.com\\\/wp-content\\\/uploads\\\/2018\\\/01\\\/espa\u00f1a-01.jpg\",\"articleSection\":[\"Opiniones\"],\"inLanguage\":\"en-GB\",\"potentialAction\":[{\"@type\":\"CommentAction\",\"name\":\"Comment\",\"target\":[\"https:\\\/\\\/www.revistarambla.com\\\/espana-antes-coja-que-rota\\\/#respond\"]}]},{\"@type\":\"WebPage\",\"@id\":\"https:\\\/\\\/www.revistarambla.com\\\/espana-antes-coja-que-rota\\\/\",\"url\":\"https:\\\/\\\/www.revistarambla.com\\\/espana-antes-coja-que-rota\\\/\",\"name\":\"Espa\u00f1a, antes coja que rota - Revista Rambla\",\"isPartOf\":{\"@id\":\"https:\\\/\\\/www.revistarambla.com\\\/#website\"},\"primaryImageOfPage\":{\"@id\":\"https:\\\/\\\/www.revistarambla.com\\\/espana-antes-coja-que-rota\\\/#primaryimage\"},\"image\":{\"@id\":\"https:\\\/\\\/www.revistarambla.com\\\/espana-antes-coja-que-rota\\\/#primaryimage\"},\"thumbnailUrl\":\"https:\\\/\\\/www.revistarambla.com\\\/wp-content\\\/uploads\\\/2018\\\/01\\\/espa\u00f1a-01.jpg\",\"datePublished\":\"2012-09-19T07:10:22+00:00\",\"dateModified\":\"2022-10-21T15:41:59+00:00\",\"breadcrumb\":{\"@id\":\"https:\\\/\\\/www.revistarambla.com\\\/espana-antes-coja-que-rota\\\/#breadcrumb\"},\"inLanguage\":\"en-GB\",\"potentialAction\":[{\"@type\":\"ReadAction\",\"target\":[\"https:\\\/\\\/www.revistarambla.com\\\/espana-antes-coja-que-rota\\\/\"]}]},{\"@type\":\"ImageObject\",\"inLanguage\":\"en-GB\",\"@id\":\"https:\\\/\\\/www.revistarambla.com\\\/espana-antes-coja-que-rota\\\/#primaryimage\",\"url\":\"https:\\\/\\\/www.revistarambla.com\\\/wp-content\\\/uploads\\\/2018\\\/01\\\/espa\u00f1a-01.jpg\",\"contentUrl\":\"https:\\\/\\\/www.revistarambla.com\\\/wp-content\\\/uploads\\\/2018\\\/01\\\/espa\u00f1a-01.jpg\",\"width\":1087,\"height\":595,\"caption\":\"legislatura\"},{\"@type\":\"BreadcrumbList\",\"@id\":\"https:\\\/\\\/www.revistarambla.com\\\/espana-antes-coja-que-rota\\\/#breadcrumb\",\"itemListElement\":[{\"@type\":\"ListItem\",\"position\":1,\"name\":\"Portada\",\"item\":\"https:\\\/\\\/www.revistarambla.com\\\/\"},{\"@type\":\"ListItem\",\"position\":2,\"name\":\"Espa\u00f1a, antes coja que rota\"}]},{\"@type\":\"WebSite\",\"@id\":\"https:\\\/\\\/www.revistarambla.com\\\/#website\",\"url\":\"https:\\\/\\\/www.revistarambla.com\\\/\",\"name\":\"Revista Rambla Barcelona\",\"description\":\"Periodismo independiente\",\"publisher\":{\"@id\":\"https:\\\/\\\/www.revistarambla.com\\\/#organization\"},\"potentialAction\":[{\"@type\":\"SearchAction\",\"target\":{\"@type\":\"EntryPoint\",\"urlTemplate\":\"https:\\\/\\\/www.revistarambla.com\\\/?s={search_term_string}\"},\"query-input\":{\"@type\":\"PropertyValueSpecification\",\"valueRequired\":true,\"valueName\":\"search_term_string\"}}],\"inLanguage\":\"en-GB\"},{\"@type\":\"Organization\",\"@id\":\"https:\\\/\\\/www.revistarambla.com\\\/#organization\",\"name\":\"Revista Rambla\",\"url\":\"https:\\\/\\\/www.revistarambla.com\\\/\",\"logo\":{\"@type\":\"ImageObject\",\"inLanguage\":\"en-GB\",\"@id\":\"https:\\\/\\\/www.revistarambla.com\\\/#\\\/schema\\\/logo\\\/image\\\/\",\"url\":\"https:\\\/\\\/www.revistarambla.com\\\/wp-content\\\/uploads\\\/2020\\\/09\\\/banner_rambla_1900x600_BB.png\",\"contentUrl\":\"https:\\\/\\\/www.revistarambla.com\\\/wp-content\\\/uploads\\\/2020\\\/09\\\/banner_rambla_1900x600_BB.png\",\"width\":1900,\"height\":600,\"caption\":\"Revista Rambla\"},\"image\":{\"@id\":\"https:\\\/\\\/www.revistarambla.com\\\/#\\\/schema\\\/logo\\\/image\\\/\"},\"sameAs\":[\"https:\\\/\\\/www.facebook.com\\\/revistarambla\\\/\",\"https:\\\/\\\/x.com\\\/revistarambla\",\"https:\\\/\\\/www.instagram.com\\\/revista_rambla\",\"https:\\\/\\\/es.linkedin.com\\\/company\\\/revista-rambla\"]},{\"@type\":\"Person\",\"@id\":\"https:\\\/\\\/www.revistarambla.com\\\/#\\\/schema\\\/person\\\/f8e404c0293434eaf6a60da08d1123e3\",\"name\":\"Jos\u00e9 Manuel Rambla\",\"description\":\"Periodista cultural y columnista.\",\"sameAs\":[\"https:\\\/\\\/aesteladodelparaiso.com\\\/\",\"https:\\\/\\\/www.facebook.com\\\/josemanuelrambla\\\/\",\"https:\\\/\\\/x.com\\\/jmrambla\"]}]}<\/script>\n<!-- \/ Yoast SEO plugin. -->","yoast_head_json":{"title":"Espa\u00f1a, antes coja que rota - Revista Rambla","robots":{"index":"index","follow":"follow","max-snippet":"max-snippet:-1","max-image-preview":"max-image-preview:large","max-video-preview":"max-video-preview:-1"},"canonical":"https:\/\/www.revistarambla.com\/en\/espana-antes-coja-que-rota\/","og_locale":"en_GB","og_type":"article","og_title":"Espa\u00f1a, antes coja que rota - Revista Rambla","og_description":"All\u00e1 por los a\u00f1os 30 del siglo pasado, el l\u00edder de la derecha espa\u00f1ola Jos\u00e9 Calvo Sotelo no ocultaba su angustia ante el supuesto avance de los nacionalismos. Su desesperaci\u00f3n era tal que hasta lleg\u00f3 a declararse partidario de una Espa\u00f1a roja antes que rota. A\u00f1os m\u00e1s tarde su asesinato [&hellip;]","og_url":"https:\/\/www.revistarambla.com\/en\/espana-antes-coja-que-rota\/","og_site_name":"Revista Rambla","article_publisher":"https:\/\/www.facebook.com\/revistarambla\/","article_author":"https:\/\/www.facebook.com\/josemanuelrambla\/","article_published_time":"2012-09-19T07:10:22+00:00","article_modified_time":"2022-10-21T15:41:59+00:00","og_image":[{"width":1087,"height":595,"url":"https:\/\/www.revistarambla.com\/wp-content\/uploads\/2018\/01\/espa\u00f1a-01.jpg","type":"image\/jpeg"}],"author":"Jos\u00e9 Manuel Rambla","twitter_card":"summary_large_image","twitter_creator":"@jmrambla","twitter_site":"@revistarambla","twitter_misc":{"Written by":"Jos\u00e9 Manuel Rambla","Estimated reading time":"4 minutes"},"schema":{"@context":"https:\/\/schema.org","@graph":[{"@type":"Article","@id":"https:\/\/www.revistarambla.com\/espana-antes-coja-que-rota\/#article","isPartOf":{"@id":"https:\/\/www.revistarambla.com\/espana-antes-coja-que-rota\/"},"author":{"name":"Jos\u00e9 Manuel Rambla","@id":"https:\/\/www.revistarambla.com\/#\/schema\/person\/f8e404c0293434eaf6a60da08d1123e3"},"headline":"Espa\u00f1a, antes coja que rota","datePublished":"2012-09-19T07:10:22+00:00","dateModified":"2022-10-21T15:41:59+00:00","mainEntityOfPage":{"@id":"https:\/\/www.revistarambla.com\/espana-antes-coja-que-rota\/"},"wordCount":748,"commentCount":0,"publisher":{"@id":"https:\/\/www.revistarambla.com\/#organization"},"image":{"@id":"https:\/\/www.revistarambla.com\/espana-antes-coja-que-rota\/#primaryimage"},"thumbnailUrl":"https:\/\/www.revistarambla.com\/wp-content\/uploads\/2018\/01\/espa\u00f1a-01.jpg","articleSection":["Opiniones"],"inLanguage":"en-GB","potentialAction":[{"@type":"CommentAction","name":"Comment","target":["https:\/\/www.revistarambla.com\/espana-antes-coja-que-rota\/#respond"]}]},{"@type":"WebPage","@id":"https:\/\/www.revistarambla.com\/espana-antes-coja-que-rota\/","url":"https:\/\/www.revistarambla.com\/espana-antes-coja-que-rota\/","name":"Espa\u00f1a, antes coja que rota - Revista Rambla","isPartOf":{"@id":"https:\/\/www.revistarambla.com\/#website"},"primaryImageOfPage":{"@id":"https:\/\/www.revistarambla.com\/espana-antes-coja-que-rota\/#primaryimage"},"image":{"@id":"https:\/\/www.revistarambla.com\/espana-antes-coja-que-rota\/#primaryimage"},"thumbnailUrl":"https:\/\/www.revistarambla.com\/wp-content\/uploads\/2018\/01\/espa\u00f1a-01.jpg","datePublished":"2012-09-19T07:10:22+00:00","dateModified":"2022-10-21T15:41:59+00:00","breadcrumb":{"@id":"https:\/\/www.revistarambla.com\/espana-antes-coja-que-rota\/#breadcrumb"},"inLanguage":"en-GB","potentialAction":[{"@type":"ReadAction","target":["https:\/\/www.revistarambla.com\/espana-antes-coja-que-rota\/"]}]},{"@type":"ImageObject","inLanguage":"en-GB","@id":"https:\/\/www.revistarambla.com\/espana-antes-coja-que-rota\/#primaryimage","url":"https:\/\/www.revistarambla.com\/wp-content\/uploads\/2018\/01\/espa\u00f1a-01.jpg","contentUrl":"https:\/\/www.revistarambla.com\/wp-content\/uploads\/2018\/01\/espa\u00f1a-01.jpg","width":1087,"height":595,"caption":"legislatura"},{"@type":"BreadcrumbList","@id":"https:\/\/www.revistarambla.com\/espana-antes-coja-que-rota\/#breadcrumb","itemListElement":[{"@type":"ListItem","position":1,"name":"Portada","item":"https:\/\/www.revistarambla.com\/"},{"@type":"ListItem","position":2,"name":"Espa\u00f1a, antes coja que rota"}]},{"@type":"WebSite","@id":"https:\/\/www.revistarambla.com\/#website","url":"https:\/\/www.revistarambla.com\/","name":"Revista Rambla Barcelona","description":"Periodismo independiente","publisher":{"@id":"https:\/\/www.revistarambla.com\/#organization"},"potentialAction":[{"@type":"SearchAction","target":{"@type":"EntryPoint","urlTemplate":"https:\/\/www.revistarambla.com\/?s={search_term_string}"},"query-input":{"@type":"PropertyValueSpecification","valueRequired":true,"valueName":"search_term_string"}}],"inLanguage":"en-GB"},{"@type":"Organization","@id":"https:\/\/www.revistarambla.com\/#organization","name":"Revista Rambla","url":"https:\/\/www.revistarambla.com\/","logo":{"@type":"ImageObject","inLanguage":"en-GB","@id":"https:\/\/www.revistarambla.com\/#\/schema\/logo\/image\/","url":"https:\/\/www.revistarambla.com\/wp-content\/uploads\/2020\/09\/banner_rambla_1900x600_BB.png","contentUrl":"https:\/\/www.revistarambla.com\/wp-content\/uploads\/2020\/09\/banner_rambla_1900x600_BB.png","width":1900,"height":600,"caption":"Revista Rambla"},"image":{"@id":"https:\/\/www.revistarambla.com\/#\/schema\/logo\/image\/"},"sameAs":["https:\/\/www.facebook.com\/revistarambla\/","https:\/\/x.com\/revistarambla","https:\/\/www.instagram.com\/revista_rambla","https:\/\/es.linkedin.com\/company\/revista-rambla"]},{"@type":"Person","@id":"https:\/\/www.revistarambla.com\/#\/schema\/person\/f8e404c0293434eaf6a60da08d1123e3","name":"Jos\u00e9 Manuel Rambla","description":"Periodista cultural y columnista.","sameAs":["https:\/\/aesteladodelparaiso.com\/","https:\/\/www.facebook.com\/josemanuelrambla\/","https:\/\/x.com\/jmrambla"]}]}},"_links":{"self":[{"href":"https:\/\/www.revistarambla.com\/en\/wp-json\/wp\/v2\/posts\/2181","targetHints":{"allow":["GET"]}}],"collection":[{"href":"https:\/\/www.revistarambla.com\/en\/wp-json\/wp\/v2\/posts"}],"about":[{"href":"https:\/\/www.revistarambla.com\/en\/wp-json\/wp\/v2\/types\/post"}],"author":[{"embeddable":true,"href":"https:\/\/www.revistarambla.com\/en\/wp-json\/wp\/v2\/users\/325"}],"replies":[{"embeddable":true,"href":"https:\/\/www.revistarambla.com\/en\/wp-json\/wp\/v2\/comments?post=2181"}],"version-history":[{"count":1,"href":"https:\/\/www.revistarambla.com\/en\/wp-json\/wp\/v2\/posts\/2181\/revisions"}],"predecessor-version":[{"id":48317,"href":"https:\/\/www.revistarambla.com\/en\/wp-json\/wp\/v2\/posts\/2181\/revisions\/48317"}],"wp:featuredmedia":[{"embeddable":true,"href":"https:\/\/www.revistarambla.com\/en\/wp-json\/wp\/v2\/media\/14386"}],"wp:attachment":[{"href":"https:\/\/www.revistarambla.com\/en\/wp-json\/wp\/v2\/media?parent=2181"}],"wp:term":[{"taxonomy":"category","embeddable":true,"href":"https:\/\/www.revistarambla.com\/en\/wp-json\/wp\/v2\/categories?post=2181"},{"taxonomy":"post_tag","embeddable":true,"href":"https:\/\/www.revistarambla.com\/en\/wp-json\/wp\/v2\/tags?post=2181"}],"curies":[{"name":"wp","href":"https:\/\/api.w.org\/{rel}","templated":true}]}}