{"id":2165,"date":"2012-09-14T14:46:01","date_gmt":"2012-09-14T12:46:01","guid":{"rendered":"https:\/\/www.revistarambla.com\/barcelona-abre-su-ventana-anual-a-la-cultura-asiatica\/"},"modified":"2021-12-08T17:36:32","modified_gmt":"2021-12-08T16:36:32","slug":"barcelona-abre-su-ventana-anual-a-la-cultura-asiatica","status":"publish","type":"post","link":"https:\/\/www.revistarambla.com\/en\/barcelona-abre-su-ventana-anual-a-la-cultura-asiatica\/","title":{"rendered":"Barcelona abre su ventana anual a la cultura asi\u00e1tica"},"content":{"rendered":"<p>A pesar de la crisis y con un formato m\u00e1s reducido el festival Asia abre sus puertas un a\u00f1o m\u00e1s a la cultura asi\u00e1tica. Con la participaci\u00f3n de 12 pa\u00edses el festival ofrecer\u00e1 un total de 17 espect\u00e1culos y 11 talleres que pretenden acercar la cultura asi\u00e1tica a Catalunya y fomentar la obertura a la sociedad de las comunidades asi\u00e1ticas que residen en el pa\u00eds. El festival tendr\u00e1 lugar del 21 al 24 de septiembre.<\/p>\n<p><img decoding=\"async\" class=\"aligncenter\" src=\"https:\/\/www.revistarambla.com\/wp-content\/uploads\/2012\/09\/asia_02.jpg\" alt=\"alt\" width=\"550\" height=\"280\" \/><\/p>\n<p>Cinco a\u00f1os de recesi\u00f3n es un lastre duro incluso para un festival tan consolidado en Barcelona como el festival Asia. No obstante, la implicaci\u00f3n de sus organizadores y el hecho de que el mercado asi\u00e1tico sea un atractivo para muchas empresas con ambici\u00f3n internacional han permitido que el festival pueda celebrar este a\u00f1o su onceava edici\u00f3n. \u201cLa cultura tambi\u00e9n tiene un valor econ\u00f3mico\u201d, ha recordado su directora, G\u00e4elle Patin-Laloy en la presentaci\u00f3n del festival. Y este valor no es balad\u00ed si tenemos en cuenta que dentro de la llamada cultura asi\u00e1tica se encuentran dos econom\u00edas del peso de la India y China.<\/p>\n<p>M\u00e1s all\u00e1 de cuestiones econ\u00f3micas lo relevante del certamen es que pretende tender puentes entre Catalunya y Asia y no s\u00f3lo mediante la participaci\u00f3n de artistas procedentes del continente asi\u00e1tico sino tambi\u00e9n mediante la implicaci\u00f3n de las comunidades que residen aqu\u00ed. No en vano la china y la pakistan\u00ed se encuentran entre las tres nacionalidades extranjeras m\u00e1s numerosas en Barcelona. Es un ejemplo la Barcelona Coral Asia, un coro formado por 60 j\u00f3venes de 23 nacionalidades diferentes (60%\u00a0 asi\u00e1ticos) que debutar\u00e1 en esta edici\u00f3n.<\/p>\n<p>No obstante el peso del certamen recae en las actuaciones de artistas procedentes de diferentes pa\u00edses de Asia. Para la edici\u00f3n de este a\u00f1o, que tendr\u00e1 lugar del 21 al 24 de septiembre, cabe destacar el espect\u00e1culo de percusi\u00f3n que llevar\u00e1n a cabo los coreanos Noreum Machi, ritmo canto y acrobacias sobre la base del samulnori, la m\u00fasica tradicional coreana. Tambi\u00e9n hay que resaltar la \u00f3pera Wu de Quzhou. Un antiguo estilo teatral que se caracteriza\u00a0 por sus vistosos vestidos, sus acrobacias, su velocidad y los cambios de m\u00e1scaras que son cambiadas con tal rapidez que el cambio es pr\u00e1cticamente imperceptible al p\u00fablico.<\/p>\n<p>Los que est\u00e9n un poco m\u00e1s al tanto de la cultura china actual reconocer\u00e1n al cantante de folk-rock chino Hao Yun quien tambi\u00e9n ofrecer\u00e1 un concierto coincidiendo con la Merc\u00e8 . Complementan el programa el grupo de danza Bengal\u00ed Bangladesh Shilpakala Academy y el premio nacional de danza pakistan\u00ed\u00a0 Fasih Ur Rehman, uno de los pocos hombres que bailan el kathak, la danza cl\u00e1sica m\u00e1s popular al norte de la India.<\/p>\n<p>Finalmente el certamen propone tambi\u00e9n una serie de talleres sobre caligraf\u00eda china, gastronom\u00eda asi\u00e1tica o danza oriental que pretenden dar a conocer las tradiciones asi\u00e1ticas y proponer un di\u00e1logo intercultural.<\/p>\n<p>En total el festival propone 17 espect\u00e1culos y 11 talleres repartidos a lo largo de sus cuatro d\u00edas de duraci\u00f3n. Asimismo el d\u00eda 24 se celebrar\u00e1 una Muestra de Talentos Asi\u00e1ticos cuyos finalistas, una vez concluido el certamen, actuaran en seis municipios de Barcelona entre octubre y diciembre de 2012.<\/p>","protected":false},"excerpt":{"rendered":"<p>A pesar de la crisis y con un formato m\u00e1s reducido el festival Asia abre sus puertas un a\u00f1o m\u00e1s a la cultura asi\u00e1tica. Con la participaci\u00f3n de 12 pa\u00edses el festival ofrecer\u00e1 un total de 17 espect\u00e1culos y 11 talleres que pretenden acercar la cultura asi\u00e1tica a Catalunya y [&hellip;]<\/p>\n","protected":false},"author":35,"featured_media":0,"comment_status":"open","ping_status":"open","sticky":false,"template":"","format":"standard","meta":{"footnotes":""},"categories":[3,76],"tags":[],"class_list":["post-2165","post","type-post","status-publish","format-standard","hentry","category-actualidad","category-barcelona"],"yoast_head":"<!-- This site is optimized with the Yoast SEO plugin v27.5 - https:\/\/yoast.com\/product\/yoast-seo-wordpress\/ -->\n<title>Barcelona abre su ventana anual a la cultura asi\u00e1tica - Revista Rambla<\/title>\n<meta name=\"robots\" content=\"index, follow, max-snippet:-1, max-image-preview:large, max-video-preview:-1\" \/>\n<link rel=\"canonical\" href=\"https:\/\/www.revistarambla.com\/en\/barcelona-abre-su-ventana-anual-a-la-cultura-asiatica\/\" \/>\n<meta property=\"og:locale\" content=\"en_GB\" \/>\n<meta property=\"og:type\" content=\"article\" \/>\n<meta property=\"og:title\" content=\"Barcelona abre su ventana anual a la cultura asi\u00e1tica - Revista Rambla\" \/>\n<meta property=\"og:description\" content=\"A pesar de la crisis y con un formato m\u00e1s reducido el festival Asia abre sus puertas un a\u00f1o m\u00e1s a la cultura asi\u00e1tica. Con la participaci\u00f3n de 12 pa\u00edses el festival ofrecer\u00e1 un total de 17 espect\u00e1culos y 11 talleres que pretenden acercar la cultura asi\u00e1tica a Catalunya y [&hellip;]\" \/>\n<meta property=\"og:url\" content=\"https:\/\/www.revistarambla.com\/en\/barcelona-abre-su-ventana-anual-a-la-cultura-asiatica\/\" \/>\n<meta property=\"og:site_name\" content=\"Revista Rambla\" \/>\n<meta property=\"article:publisher\" content=\"https:\/\/www.facebook.com\/revistarambla\/\" \/>\n<meta property=\"article:author\" content=\"https:\/\/www.facebook.com\/andresaznar3d\/\" \/>\n<meta property=\"article:published_time\" content=\"2012-09-14T12:46:01+00:00\" \/>\n<meta property=\"article:modified_time\" content=\"2021-12-08T16:36:32+00:00\" \/>\n<meta property=\"og:image\" content=\"https:\/\/www.revistarambla.com\/wp-content\/uploads\/2012\/09\/asia_01(1).jpg\" \/>\n\t<meta property=\"og:image:width\" content=\"682\" \/>\n\t<meta property=\"og:image:height\" content=\"400\" \/>\n\t<meta property=\"og:image:type\" content=\"image\/jpeg\" \/>\n<meta name=\"author\" content=\"Andr\u00e9s Aznar Siguan\" \/>\n<meta name=\"twitter:card\" content=\"summary_large_image\" \/>\n<meta name=\"twitter:creator\" content=\"@andrsaznar\" \/>\n<meta name=\"twitter:site\" content=\"@revistarambla\" \/>\n<meta name=\"twitter:label1\" content=\"Written by\" \/>\n\t<meta name=\"twitter:data1\" content=\"Andr\u00e9s Aznar Siguan\" \/>\n\t<meta name=\"twitter:label2\" content=\"Estimated reading time\" \/>\n\t<meta name=\"twitter:data2\" content=\"3 minutes\" \/>\n<script type=\"application\/ld+json\" class=\"yoast-schema-graph\">{\"@context\":\"https:\\\/\\\/schema.org\",\"@graph\":[{\"@type\":\"Article\",\"@id\":\"https:\\\/\\\/www.revistarambla.com\\\/barcelona-abre-su-ventana-anual-a-la-cultura-asiatica\\\/#article\",\"isPartOf\":{\"@id\":\"https:\\\/\\\/www.revistarambla.com\\\/barcelona-abre-su-ventana-anual-a-la-cultura-asiatica\\\/\"},\"author\":{\"name\":\"Andr\u00e9s Aznar Siguan\",\"@id\":\"https:\\\/\\\/www.revistarambla.com\\\/#\\\/schema\\\/person\\\/ebd3a0b3c0ce4d939d1f29a7972db871\"},\"headline\":\"Barcelona abre su ventana anual a la cultura asi\u00e1tica\",\"datePublished\":\"2012-09-14T12:46:01+00:00\",\"dateModified\":\"2021-12-08T16:36:32+00:00\",\"mainEntityOfPage\":{\"@id\":\"https:\\\/\\\/www.revistarambla.com\\\/barcelona-abre-su-ventana-anual-a-la-cultura-asiatica\\\/\"},\"wordCount\":572,\"commentCount\":0,\"publisher\":{\"@id\":\"https:\\\/\\\/www.revistarambla.com\\\/#organization\"},\"image\":{\"@id\":\"https:\\\/\\\/www.revistarambla.com\\\/barcelona-abre-su-ventana-anual-a-la-cultura-asiatica\\\/#primaryimage\"},\"thumbnailUrl\":\"https:\\\/\\\/www.revistarambla.com\\\/wp-content\\\/uploads\\\/2012\\\/09\\\/asia_02.jpg\",\"articleSection\":[\"Actualidad\",\"Barcelona\"],\"inLanguage\":\"en-GB\",\"potentialAction\":[{\"@type\":\"CommentAction\",\"name\":\"Comment\",\"target\":[\"https:\\\/\\\/www.revistarambla.com\\\/barcelona-abre-su-ventana-anual-a-la-cultura-asiatica\\\/#respond\"]}]},{\"@type\":\"WebPage\",\"@id\":\"https:\\\/\\\/www.revistarambla.com\\\/barcelona-abre-su-ventana-anual-a-la-cultura-asiatica\\\/\",\"url\":\"https:\\\/\\\/www.revistarambla.com\\\/barcelona-abre-su-ventana-anual-a-la-cultura-asiatica\\\/\",\"name\":\"Barcelona abre su ventana anual a la cultura asi\u00e1tica - Revista Rambla\",\"isPartOf\":{\"@id\":\"https:\\\/\\\/www.revistarambla.com\\\/#website\"},\"primaryImageOfPage\":{\"@id\":\"https:\\\/\\\/www.revistarambla.com\\\/barcelona-abre-su-ventana-anual-a-la-cultura-asiatica\\\/#primaryimage\"},\"image\":{\"@id\":\"https:\\\/\\\/www.revistarambla.com\\\/barcelona-abre-su-ventana-anual-a-la-cultura-asiatica\\\/#primaryimage\"},\"thumbnailUrl\":\"https:\\\/\\\/www.revistarambla.com\\\/wp-content\\\/uploads\\\/2012\\\/09\\\/asia_02.jpg\",\"datePublished\":\"2012-09-14T12:46:01+00:00\",\"dateModified\":\"2021-12-08T16:36:32+00:00\",\"breadcrumb\":{\"@id\":\"https:\\\/\\\/www.revistarambla.com\\\/barcelona-abre-su-ventana-anual-a-la-cultura-asiatica\\\/#breadcrumb\"},\"inLanguage\":\"en-GB\",\"potentialAction\":[{\"@type\":\"ReadAction\",\"target\":[\"https:\\\/\\\/www.revistarambla.com\\\/barcelona-abre-su-ventana-anual-a-la-cultura-asiatica\\\/\"]}]},{\"@type\":\"ImageObject\",\"inLanguage\":\"en-GB\",\"@id\":\"https:\\\/\\\/www.revistarambla.com\\\/barcelona-abre-su-ventana-anual-a-la-cultura-asiatica\\\/#primaryimage\",\"url\":\"https:\\\/\\\/www.revistarambla.com\\\/wp-content\\\/uploads\\\/2012\\\/09\\\/asia_02.jpg\",\"contentUrl\":\"https:\\\/\\\/www.revistarambla.com\\\/wp-content\\\/uploads\\\/2012\\\/09\\\/asia_02.jpg\"},{\"@type\":\"BreadcrumbList\",\"@id\":\"https:\\\/\\\/www.revistarambla.com\\\/barcelona-abre-su-ventana-anual-a-la-cultura-asiatica\\\/#breadcrumb\",\"itemListElement\":[{\"@type\":\"ListItem\",\"position\":1,\"name\":\"Portada\",\"item\":\"https:\\\/\\\/www.revistarambla.com\\\/\"},{\"@type\":\"ListItem\",\"position\":2,\"name\":\"Barcelona abre su ventana anual a la cultura asi\u00e1tica\"}]},{\"@type\":\"WebSite\",\"@id\":\"https:\\\/\\\/www.revistarambla.com\\\/#website\",\"url\":\"https:\\\/\\\/www.revistarambla.com\\\/\",\"name\":\"Revista Rambla Barcelona\",\"description\":\"Periodismo independiente\",\"publisher\":{\"@id\":\"https:\\\/\\\/www.revistarambla.com\\\/#organization\"},\"potentialAction\":[{\"@type\":\"SearchAction\",\"target\":{\"@type\":\"EntryPoint\",\"urlTemplate\":\"https:\\\/\\\/www.revistarambla.com\\\/?s={search_term_string}\"},\"query-input\":{\"@type\":\"PropertyValueSpecification\",\"valueRequired\":true,\"valueName\":\"search_term_string\"}}],\"inLanguage\":\"en-GB\"},{\"@type\":\"Organization\",\"@id\":\"https:\\\/\\\/www.revistarambla.com\\\/#organization\",\"name\":\"Revista Rambla\",\"url\":\"https:\\\/\\\/www.revistarambla.com\\\/\",\"logo\":{\"@type\":\"ImageObject\",\"inLanguage\":\"en-GB\",\"@id\":\"https:\\\/\\\/www.revistarambla.com\\\/#\\\/schema\\\/logo\\\/image\\\/\",\"url\":\"https:\\\/\\\/www.revistarambla.com\\\/wp-content\\\/uploads\\\/2020\\\/09\\\/banner_rambla_1900x600_BB.png\",\"contentUrl\":\"https:\\\/\\\/www.revistarambla.com\\\/wp-content\\\/uploads\\\/2020\\\/09\\\/banner_rambla_1900x600_BB.png\",\"width\":1900,\"height\":600,\"caption\":\"Revista Rambla\"},\"image\":{\"@id\":\"https:\\\/\\\/www.revistarambla.com\\\/#\\\/schema\\\/logo\\\/image\\\/\"},\"sameAs\":[\"https:\\\/\\\/www.facebook.com\\\/revistarambla\\\/\",\"https:\\\/\\\/x.com\\\/revistarambla\",\"https:\\\/\\\/www.instagram.com\\\/revista_rambla\",\"https:\\\/\\\/es.linkedin.com\\\/company\\\/revista-rambla\"]},{\"@type\":\"Person\",\"@id\":\"https:\\\/\\\/www.revistarambla.com\\\/#\\\/schema\\\/person\\\/ebd3a0b3c0ce4d939d1f29a7972db871\",\"name\":\"Andr\u00e9s Aznar Siguan\",\"description\":\"Licenciado en Periodismo y Filosof\u00eda con experiencia en medios de comunicaci\u00f3n tanto en el campo de la redacci\u00f3n como en el de la cobertura audiovisual.\",\"sameAs\":[\"https:\\\/\\\/www.facebook.com\\\/andresaznar3d\\\/\",\"https:\\\/\\\/www.instagram.com\\\/andresaznarsiguan\",\"https:\\\/\\\/www.pinterest.de\\\/aaznarsiguan\\\/\",\"https:\\\/\\\/x.com\\\/andrsaznar\"]}]}<\/script>\n<!-- \/ Yoast SEO plugin. -->","yoast_head_json":{"title":"Barcelona abre su ventana anual a la cultura asi\u00e1tica - Revista Rambla","robots":{"index":"index","follow":"follow","max-snippet":"max-snippet:-1","max-image-preview":"max-image-preview:large","max-video-preview":"max-video-preview:-1"},"canonical":"https:\/\/www.revistarambla.com\/en\/barcelona-abre-su-ventana-anual-a-la-cultura-asiatica\/","og_locale":"en_GB","og_type":"article","og_title":"Barcelona abre su ventana anual a la cultura asi\u00e1tica - Revista Rambla","og_description":"A pesar de la crisis y con un formato m\u00e1s reducido el festival Asia abre sus puertas un a\u00f1o m\u00e1s a la cultura asi\u00e1tica. Con la participaci\u00f3n de 12 pa\u00edses el festival ofrecer\u00e1 un total de 17 espect\u00e1culos y 11 talleres que pretenden acercar la cultura asi\u00e1tica a Catalunya y [&hellip;]","og_url":"https:\/\/www.revistarambla.com\/en\/barcelona-abre-su-ventana-anual-a-la-cultura-asiatica\/","og_site_name":"Revista Rambla","article_publisher":"https:\/\/www.facebook.com\/revistarambla\/","article_author":"https:\/\/www.facebook.com\/andresaznar3d\/","article_published_time":"2012-09-14T12:46:01+00:00","article_modified_time":"2021-12-08T16:36:32+00:00","og_image":[{"width":682,"height":400,"url":"https:\/\/www.revistarambla.com\/wp-content\/uploads\/2012\/09\/asia_01(1).jpg","type":"image\/jpeg"}],"author":"Andr\u00e9s Aznar Siguan","twitter_card":"summary_large_image","twitter_creator":"@andrsaznar","twitter_site":"@revistarambla","twitter_misc":{"Written by":"Andr\u00e9s Aznar Siguan","Estimated reading time":"3 minutes"},"schema":{"@context":"https:\/\/schema.org","@graph":[{"@type":"Article","@id":"https:\/\/www.revistarambla.com\/barcelona-abre-su-ventana-anual-a-la-cultura-asiatica\/#article","isPartOf":{"@id":"https:\/\/www.revistarambla.com\/barcelona-abre-su-ventana-anual-a-la-cultura-asiatica\/"},"author":{"name":"Andr\u00e9s Aznar Siguan","@id":"https:\/\/www.revistarambla.com\/#\/schema\/person\/ebd3a0b3c0ce4d939d1f29a7972db871"},"headline":"Barcelona abre su ventana anual a la cultura asi\u00e1tica","datePublished":"2012-09-14T12:46:01+00:00","dateModified":"2021-12-08T16:36:32+00:00","mainEntityOfPage":{"@id":"https:\/\/www.revistarambla.com\/barcelona-abre-su-ventana-anual-a-la-cultura-asiatica\/"},"wordCount":572,"commentCount":0,"publisher":{"@id":"https:\/\/www.revistarambla.com\/#organization"},"image":{"@id":"https:\/\/www.revistarambla.com\/barcelona-abre-su-ventana-anual-a-la-cultura-asiatica\/#primaryimage"},"thumbnailUrl":"https:\/\/www.revistarambla.com\/wp-content\/uploads\/2012\/09\/asia_02.jpg","articleSection":["Actualidad","Barcelona"],"inLanguage":"en-GB","potentialAction":[{"@type":"CommentAction","name":"Comment","target":["https:\/\/www.revistarambla.com\/barcelona-abre-su-ventana-anual-a-la-cultura-asiatica\/#respond"]}]},{"@type":"WebPage","@id":"https:\/\/www.revistarambla.com\/barcelona-abre-su-ventana-anual-a-la-cultura-asiatica\/","url":"https:\/\/www.revistarambla.com\/barcelona-abre-su-ventana-anual-a-la-cultura-asiatica\/","name":"Barcelona abre su ventana anual a la cultura asi\u00e1tica - Revista Rambla","isPartOf":{"@id":"https:\/\/www.revistarambla.com\/#website"},"primaryImageOfPage":{"@id":"https:\/\/www.revistarambla.com\/barcelona-abre-su-ventana-anual-a-la-cultura-asiatica\/#primaryimage"},"image":{"@id":"https:\/\/www.revistarambla.com\/barcelona-abre-su-ventana-anual-a-la-cultura-asiatica\/#primaryimage"},"thumbnailUrl":"https:\/\/www.revistarambla.com\/wp-content\/uploads\/2012\/09\/asia_02.jpg","datePublished":"2012-09-14T12:46:01+00:00","dateModified":"2021-12-08T16:36:32+00:00","breadcrumb":{"@id":"https:\/\/www.revistarambla.com\/barcelona-abre-su-ventana-anual-a-la-cultura-asiatica\/#breadcrumb"},"inLanguage":"en-GB","potentialAction":[{"@type":"ReadAction","target":["https:\/\/www.revistarambla.com\/barcelona-abre-su-ventana-anual-a-la-cultura-asiatica\/"]}]},{"@type":"ImageObject","inLanguage":"en-GB","@id":"https:\/\/www.revistarambla.com\/barcelona-abre-su-ventana-anual-a-la-cultura-asiatica\/#primaryimage","url":"https:\/\/www.revistarambla.com\/wp-content\/uploads\/2012\/09\/asia_02.jpg","contentUrl":"https:\/\/www.revistarambla.com\/wp-content\/uploads\/2012\/09\/asia_02.jpg"},{"@type":"BreadcrumbList","@id":"https:\/\/www.revistarambla.com\/barcelona-abre-su-ventana-anual-a-la-cultura-asiatica\/#breadcrumb","itemListElement":[{"@type":"ListItem","position":1,"name":"Portada","item":"https:\/\/www.revistarambla.com\/"},{"@type":"ListItem","position":2,"name":"Barcelona abre su ventana anual a la cultura asi\u00e1tica"}]},{"@type":"WebSite","@id":"https:\/\/www.revistarambla.com\/#website","url":"https:\/\/www.revistarambla.com\/","name":"Revista Rambla Barcelona","description":"Periodismo independiente","publisher":{"@id":"https:\/\/www.revistarambla.com\/#organization"},"potentialAction":[{"@type":"SearchAction","target":{"@type":"EntryPoint","urlTemplate":"https:\/\/www.revistarambla.com\/?s={search_term_string}"},"query-input":{"@type":"PropertyValueSpecification","valueRequired":true,"valueName":"search_term_string"}}],"inLanguage":"en-GB"},{"@type":"Organization","@id":"https:\/\/www.revistarambla.com\/#organization","name":"Revista Rambla","url":"https:\/\/www.revistarambla.com\/","logo":{"@type":"ImageObject","inLanguage":"en-GB","@id":"https:\/\/www.revistarambla.com\/#\/schema\/logo\/image\/","url":"https:\/\/www.revistarambla.com\/wp-content\/uploads\/2020\/09\/banner_rambla_1900x600_BB.png","contentUrl":"https:\/\/www.revistarambla.com\/wp-content\/uploads\/2020\/09\/banner_rambla_1900x600_BB.png","width":1900,"height":600,"caption":"Revista Rambla"},"image":{"@id":"https:\/\/www.revistarambla.com\/#\/schema\/logo\/image\/"},"sameAs":["https:\/\/www.facebook.com\/revistarambla\/","https:\/\/x.com\/revistarambla","https:\/\/www.instagram.com\/revista_rambla","https:\/\/es.linkedin.com\/company\/revista-rambla"]},{"@type":"Person","@id":"https:\/\/www.revistarambla.com\/#\/schema\/person\/ebd3a0b3c0ce4d939d1f29a7972db871","name":"Andr\u00e9s Aznar Siguan","description":"Licenciado en Periodismo y Filosof\u00eda con experiencia en medios de comunicaci\u00f3n tanto en el campo de la redacci\u00f3n como en el de la cobertura audiovisual.","sameAs":["https:\/\/www.facebook.com\/andresaznar3d\/","https:\/\/www.instagram.com\/andresaznarsiguan","https:\/\/www.pinterest.de\/aaznarsiguan\/","https:\/\/x.com\/andrsaznar"]}]}},"_links":{"self":[{"href":"https:\/\/www.revistarambla.com\/en\/wp-json\/wp\/v2\/posts\/2165","targetHints":{"allow":["GET"]}}],"collection":[{"href":"https:\/\/www.revistarambla.com\/en\/wp-json\/wp\/v2\/posts"}],"about":[{"href":"https:\/\/www.revistarambla.com\/en\/wp-json\/wp\/v2\/types\/post"}],"author":[{"embeddable":true,"href":"https:\/\/www.revistarambla.com\/en\/wp-json\/wp\/v2\/users\/35"}],"replies":[{"embeddable":true,"href":"https:\/\/www.revistarambla.com\/en\/wp-json\/wp\/v2\/comments?post=2165"}],"version-history":[{"count":0,"href":"https:\/\/www.revistarambla.com\/en\/wp-json\/wp\/v2\/posts\/2165\/revisions"}],"wp:attachment":[{"href":"https:\/\/www.revistarambla.com\/en\/wp-json\/wp\/v2\/media?parent=2165"}],"wp:term":[{"taxonomy":"category","embeddable":true,"href":"https:\/\/www.revistarambla.com\/en\/wp-json\/wp\/v2\/categories?post=2165"},{"taxonomy":"post_tag","embeddable":true,"href":"https:\/\/www.revistarambla.com\/en\/wp-json\/wp\/v2\/tags?post=2165"}],"curies":[{"name":"wp","href":"https:\/\/api.w.org\/{rel}","templated":true}]}}