{"id":21281,"date":"2019-10-15T10:53:14","date_gmt":"2019-10-15T08:53:14","guid":{"rendered":"https:\/\/www.revistarambla.com\/?p=21281"},"modified":"2022-10-21T17:20:53","modified_gmt":"2022-10-21T15:20:53","slug":"obsesion-por-el-centro","status":"publish","type":"post","link":"https:\/\/www.revistarambla.com\/en\/obsesion-por-el-centro\/","title":{"rendered":"Obsesi\u00f3n por el centro"},"content":{"rendered":"<figure id=\"attachment_21282\" aria-describedby=\"caption-attachment-21282\" style=\"width: 300px\" class=\"wp-caption alignright\"><a href=\"https:\/\/www.revistarambla.com\/wp-content\/uploads\/2019\/10\/Obsesi\u00f3n-por-el-centro.jpg\"><img decoding=\"async\" class=\"wp-image-21282\" src=\"https:\/\/www.revistarambla.com\/wp-content\/uploads\/2019\/10\/Obsesi\u00f3n-por-el-centro.jpg\" alt=\"\" width=\"300\" height=\"411\" srcset=\"https:\/\/www.revistarambla.com\/wp-content\/uploads\/2019\/10\/Obsesi\u00f3n-por-el-centro.jpg 1306w, https:\/\/www.revistarambla.com\/wp-content\/uploads\/2019\/10\/Obsesi\u00f3n-por-el-centro-219x300.jpg 219w, https:\/\/www.revistarambla.com\/wp-content\/uploads\/2019\/10\/Obsesi\u00f3n-por-el-centro-768x1053.jpg 768w, https:\/\/www.revistarambla.com\/wp-content\/uploads\/2019\/10\/Obsesi\u00f3n-por-el-centro-747x1024.jpg 747w, https:\/\/www.revistarambla.com\/wp-content\/uploads\/2019\/10\/Obsesi\u00f3n-por-el-centro-500x686.jpg 500w, https:\/\/www.revistarambla.com\/wp-content\/uploads\/2019\/10\/Obsesi\u00f3n-por-el-centro-413x566.jpg 413w, https:\/\/www.revistarambla.com\/wp-content\/uploads\/2019\/10\/Obsesi\u00f3n-por-el-centro-316x433.jpg 316w, https:\/\/www.revistarambla.com\/wp-content\/uploads\/2019\/10\/Obsesi\u00f3n-por-el-centro-222x305.jpg 222w\" sizes=\"(max-width: 300px) 100vw, 300px\" \/><\/a><figcaption id=\"caption-attachment-21282\" class=\"wp-caption-text\">Ilustra Ricardo Jurado.<\/figcaption><\/figure>\n<p>La obsesi\u00f3n por el centro no es nueva, pero tras la convocatoria electoral del 10N parece haberse acrecentado hasta el paroxismo. Hay excepciones, claro. Unidas Podemos ni se molesta por jugar esa partida, pese a que en un tiempo trat\u00f3 de modernizarla sustituyendo la centralidad por la transversalidad. Pero de nada le sirvi\u00f3 aquel esfuerzo te\u00f3rico y ahora la formaci\u00f3n que lidera Pablo Iglesias ha sido desterrada a los terror\u00edficos confines de la \u201cextrema izquierda\u201d. Y lo mismo ocurre con los nacionalistas, por mucho que el PNV trate de mantener alzada no solo la ikurri\u00f1a sino la bandera de la cordura. Para los analistas pol\u00edticos de Madrid se trata de partidos demasiados \u201cperif\u00e9ricos\u201d como para poderlos integrar en la centralidad. La inc\u00f3gnita est\u00e1 en Errej\u00f3n que aspira a la cuadratura del c\u00edrculo manteniendo esa transversalidad ambigua y centralizadora, hablando catal\u00e1n y pactando con \u201cperif\u00e9ricos\u201d como Comprom\u00eds.<\/p>\n<p>El resto pugna por mantenerse en la \u00f3rbita del centro como sat\u00e9lites dando vueltas alrededor de un astro. Y ah\u00ed, precisamente, radica el principal problema del escenario pol\u00edtico espa\u00f1ol, pues la indefinici\u00f3n ideol\u00f3gica de ese objeto centrista de deseo hace imposible entender el fen\u00f3meno en t\u00e9rminos pol\u00edticos, y solo comienza a resultar comprensible si aplicamos elementos interpretativos de la astrodin\u00e1mica. Porque en este tipo de movimientos celestes lo que prima son las \u00f3rbitas el\u00edpticas: aquellas en las que el objeto que gira en torno al anhelado centro oscila entre la periapsis y la apoapsis, entre las fases de acercamiento y alejamiento que marca la par\u00e1bola de su movimiento.<\/p>\n<p>Hoy la \u00f3rbita centrista de la pol\u00edtica espa\u00f1ola est\u00e1 en plena apoapsis hacia la derecha, tan pronunciada que algunos como Albert Rivera han acabado por salirse de \u00f3rbita y quedar a la deriva por el vac\u00edo sideral. Por eso, los socialistas buscan la centralidad con valores seguros en esa distante posici\u00f3n. Como el espa\u00f1olismo. Si ayer eran\u00a0laizquierda\u00a0hoy son\u00a0Espa\u00f1a\u00a0y compiten por ver qui\u00e9n es m\u00e1s r\u00e1pido desenfundando ante Torra la Ley de Seguridad Nacional o el 155 en ese duelo al sol en que lleva tiempo convertido el conflicto catal\u00e1n. Y el PP, dispuesto a no quedarse rezagado en la carrera sideral por el centro, no duda en dar un paso m\u00e1s a su diestra con Isabel D\u00edas Ayuso, azuzada por Abascal, lista para el martirio con tal de defender directamente a Dios de los que quieren quemar sus iglesias como en el 36. O cobrar el IBI a los negocios de la Confederaci\u00f3n Episcopal, que para ella y los centrados populares viene a ser lo mismo.<\/p>\n<p>Todo vale en nombre del centro, ese deseado comod\u00edn que les permita una buena mano en la noche electoral de los tah\u00fares. Poco importa que sepan de antemano que no conseguir\u00e1n ning\u00fan p\u00f3ker de ases que anule al resto de jugadores. O que el naipe que persiguen acabe siendo un Joker tan mal\u00e9fico como el supervillano de la pel\u00edcula de Todd Phillips victoriosa en el Festival de Venecia; al fin y al cabo, el terror siempre viene bien para amansar a las mayor\u00edas cautelosas en tiempos de crisis como los que se avecinan. Poco importa tambi\u00e9n que de tanto girar en la \u00f3rbita del centro ya no sepan en qu\u00e9 pa\u00eds viven, ni en qu\u00e9 planeta.<\/p>","protected":false},"excerpt":{"rendered":"<p>La obsesi\u00f3n por el centro no es nueva, pero tras la convocatoria electoral del 10N parece haberse acrecentado hasta el paroxismo. Hay excepciones, claro. Unidas Podemos ni se molesta por jugar esa partida, pese a que en un tiempo trat\u00f3 de modernizarla sustituyendo la centralidad por la transversalidad. Pero de [&hellip;]<\/p>\n","protected":false},"author":325,"featured_media":21282,"comment_status":"open","ping_status":"open","sticky":false,"template":"","format":"standard","meta":{"footnotes":""},"categories":[72],"tags":[],"class_list":["post-21281","post","type-post","status-publish","format-standard","has-post-thumbnail","hentry","category-opinion"],"yoast_head":"<!-- This site is optimized with the Yoast SEO plugin v27.5 - https:\/\/yoast.com\/product\/yoast-seo-wordpress\/ -->\n<title>Obsesi\u00f3n por el centro - Revista Rambla<\/title>\n<meta name=\"robots\" content=\"index, follow, max-snippet:-1, max-image-preview:large, max-video-preview:-1\" \/>\n<link rel=\"canonical\" href=\"https:\/\/www.revistarambla.com\/en\/obsesion-por-el-centro\/\" \/>\n<meta property=\"og:locale\" content=\"en_GB\" \/>\n<meta property=\"og:type\" content=\"article\" \/>\n<meta property=\"og:title\" content=\"Obsesi\u00f3n por el centro - Revista Rambla\" \/>\n<meta property=\"og:description\" content=\"La obsesi\u00f3n por el centro no es nueva, pero tras la convocatoria electoral del 10N parece haberse acrecentado hasta el paroxismo. Hay excepciones, claro. Unidas Podemos ni se molesta por jugar esa partida, pese a que en un tiempo trat\u00f3 de modernizarla sustituyendo la centralidad por la transversalidad. Pero de [&hellip;]\" \/>\n<meta property=\"og:url\" content=\"https:\/\/www.revistarambla.com\/en\/obsesion-por-el-centro\/\" \/>\n<meta property=\"og:site_name\" content=\"Revista Rambla\" \/>\n<meta property=\"article:publisher\" content=\"https:\/\/www.facebook.com\/revistarambla\/\" \/>\n<meta property=\"article:author\" content=\"https:\/\/www.facebook.com\/josemanuelrambla\/\" \/>\n<meta property=\"article:published_time\" content=\"2019-10-15T08:53:14+00:00\" \/>\n<meta property=\"article:modified_time\" content=\"2022-10-21T15:20:53+00:00\" \/>\n<meta property=\"og:image\" content=\"https:\/\/www.revistarambla.com\/wp-content\/uploads\/2019\/10\/Obsesi\u00f3n-por-el-centro.jpg\" \/>\n\t<meta property=\"og:image:width\" content=\"1306\" \/>\n\t<meta property=\"og:image:height\" content=\"1791\" \/>\n\t<meta property=\"og:image:type\" content=\"image\/jpeg\" \/>\n<meta name=\"author\" content=\"Jos\u00e9 Manuel Rambla\" \/>\n<meta name=\"twitter:card\" content=\"summary_large_image\" \/>\n<meta name=\"twitter:creator\" content=\"@jmrambla\" \/>\n<meta name=\"twitter:site\" content=\"@revistarambla\" \/>\n<meta name=\"twitter:label1\" content=\"Written by\" \/>\n\t<meta name=\"twitter:data1\" content=\"Jos\u00e9 Manuel Rambla\" \/>\n\t<meta name=\"twitter:label2\" content=\"Estimated reading time\" \/>\n\t<meta name=\"twitter:data2\" content=\"3 minutes\" \/>\n<script type=\"application\/ld+json\" class=\"yoast-schema-graph\">{\"@context\":\"https:\\\/\\\/schema.org\",\"@graph\":[{\"@type\":\"Article\",\"@id\":\"https:\\\/\\\/www.revistarambla.com\\\/obsesion-por-el-centro\\\/#article\",\"isPartOf\":{\"@id\":\"https:\\\/\\\/www.revistarambla.com\\\/obsesion-por-el-centro\\\/\"},\"author\":{\"name\":\"Jos\u00e9 Manuel Rambla\",\"@id\":\"https:\\\/\\\/www.revistarambla.com\\\/#\\\/schema\\\/person\\\/f8e404c0293434eaf6a60da08d1123e3\"},\"headline\":\"Obsesi\u00f3n por el centro\",\"datePublished\":\"2019-10-15T08:53:14+00:00\",\"dateModified\":\"2022-10-21T15:20:53+00:00\",\"mainEntityOfPage\":{\"@id\":\"https:\\\/\\\/www.revistarambla.com\\\/obsesion-por-el-centro\\\/\"},\"wordCount\":600,\"commentCount\":0,\"publisher\":{\"@id\":\"https:\\\/\\\/www.revistarambla.com\\\/#organization\"},\"image\":{\"@id\":\"https:\\\/\\\/www.revistarambla.com\\\/obsesion-por-el-centro\\\/#primaryimage\"},\"thumbnailUrl\":\"https:\\\/\\\/www.revistarambla.com\\\/wp-content\\\/uploads\\\/2019\\\/10\\\/Obsesi\u00f3n-por-el-centro.jpg\",\"articleSection\":[\"Opiniones\"],\"inLanguage\":\"en-GB\",\"potentialAction\":[{\"@type\":\"CommentAction\",\"name\":\"Comment\",\"target\":[\"https:\\\/\\\/www.revistarambla.com\\\/obsesion-por-el-centro\\\/#respond\"]}]},{\"@type\":\"WebPage\",\"@id\":\"https:\\\/\\\/www.revistarambla.com\\\/obsesion-por-el-centro\\\/\",\"url\":\"https:\\\/\\\/www.revistarambla.com\\\/obsesion-por-el-centro\\\/\",\"name\":\"Obsesi\u00f3n por el centro - Revista Rambla\",\"isPartOf\":{\"@id\":\"https:\\\/\\\/www.revistarambla.com\\\/#website\"},\"primaryImageOfPage\":{\"@id\":\"https:\\\/\\\/www.revistarambla.com\\\/obsesion-por-el-centro\\\/#primaryimage\"},\"image\":{\"@id\":\"https:\\\/\\\/www.revistarambla.com\\\/obsesion-por-el-centro\\\/#primaryimage\"},\"thumbnailUrl\":\"https:\\\/\\\/www.revistarambla.com\\\/wp-content\\\/uploads\\\/2019\\\/10\\\/Obsesi\u00f3n-por-el-centro.jpg\",\"datePublished\":\"2019-10-15T08:53:14+00:00\",\"dateModified\":\"2022-10-21T15:20:53+00:00\",\"breadcrumb\":{\"@id\":\"https:\\\/\\\/www.revistarambla.com\\\/obsesion-por-el-centro\\\/#breadcrumb\"},\"inLanguage\":\"en-GB\",\"potentialAction\":[{\"@type\":\"ReadAction\",\"target\":[\"https:\\\/\\\/www.revistarambla.com\\\/obsesion-por-el-centro\\\/\"]}]},{\"@type\":\"ImageObject\",\"inLanguage\":\"en-GB\",\"@id\":\"https:\\\/\\\/www.revistarambla.com\\\/obsesion-por-el-centro\\\/#primaryimage\",\"url\":\"https:\\\/\\\/www.revistarambla.com\\\/wp-content\\\/uploads\\\/2019\\\/10\\\/Obsesi\u00f3n-por-el-centro.jpg\",\"contentUrl\":\"https:\\\/\\\/www.revistarambla.com\\\/wp-content\\\/uploads\\\/2019\\\/10\\\/Obsesi\u00f3n-por-el-centro.jpg\",\"width\":1306,\"height\":1791},{\"@type\":\"BreadcrumbList\",\"@id\":\"https:\\\/\\\/www.revistarambla.com\\\/obsesion-por-el-centro\\\/#breadcrumb\",\"itemListElement\":[{\"@type\":\"ListItem\",\"position\":1,\"name\":\"Portada\",\"item\":\"https:\\\/\\\/www.revistarambla.com\\\/\"},{\"@type\":\"ListItem\",\"position\":2,\"name\":\"Obsesi\u00f3n por el centro\"}]},{\"@type\":\"WebSite\",\"@id\":\"https:\\\/\\\/www.revistarambla.com\\\/#website\",\"url\":\"https:\\\/\\\/www.revistarambla.com\\\/\",\"name\":\"Revista Rambla Barcelona\",\"description\":\"Periodismo independiente\",\"publisher\":{\"@id\":\"https:\\\/\\\/www.revistarambla.com\\\/#organization\"},\"potentialAction\":[{\"@type\":\"SearchAction\",\"target\":{\"@type\":\"EntryPoint\",\"urlTemplate\":\"https:\\\/\\\/www.revistarambla.com\\\/?s={search_term_string}\"},\"query-input\":{\"@type\":\"PropertyValueSpecification\",\"valueRequired\":true,\"valueName\":\"search_term_string\"}}],\"inLanguage\":\"en-GB\"},{\"@type\":\"Organization\",\"@id\":\"https:\\\/\\\/www.revistarambla.com\\\/#organization\",\"name\":\"Revista Rambla\",\"url\":\"https:\\\/\\\/www.revistarambla.com\\\/\",\"logo\":{\"@type\":\"ImageObject\",\"inLanguage\":\"en-GB\",\"@id\":\"https:\\\/\\\/www.revistarambla.com\\\/#\\\/schema\\\/logo\\\/image\\\/\",\"url\":\"https:\\\/\\\/www.revistarambla.com\\\/wp-content\\\/uploads\\\/2020\\\/09\\\/banner_rambla_1900x600_BB.png\",\"contentUrl\":\"https:\\\/\\\/www.revistarambla.com\\\/wp-content\\\/uploads\\\/2020\\\/09\\\/banner_rambla_1900x600_BB.png\",\"width\":1900,\"height\":600,\"caption\":\"Revista Rambla\"},\"image\":{\"@id\":\"https:\\\/\\\/www.revistarambla.com\\\/#\\\/schema\\\/logo\\\/image\\\/\"},\"sameAs\":[\"https:\\\/\\\/www.facebook.com\\\/revistarambla\\\/\",\"https:\\\/\\\/x.com\\\/revistarambla\",\"https:\\\/\\\/www.instagram.com\\\/revista_rambla\",\"https:\\\/\\\/es.linkedin.com\\\/company\\\/revista-rambla\"]},{\"@type\":\"Person\",\"@id\":\"https:\\\/\\\/www.revistarambla.com\\\/#\\\/schema\\\/person\\\/f8e404c0293434eaf6a60da08d1123e3\",\"name\":\"Jos\u00e9 Manuel Rambla\",\"description\":\"Periodista cultural y columnista.\",\"sameAs\":[\"https:\\\/\\\/aesteladodelparaiso.com\\\/\",\"https:\\\/\\\/www.facebook.com\\\/josemanuelrambla\\\/\",\"https:\\\/\\\/x.com\\\/jmrambla\"]}]}<\/script>\n<!-- \/ Yoast SEO plugin. -->","yoast_head_json":{"title":"Obsesi\u00f3n por el centro - Revista Rambla","robots":{"index":"index","follow":"follow","max-snippet":"max-snippet:-1","max-image-preview":"max-image-preview:large","max-video-preview":"max-video-preview:-1"},"canonical":"https:\/\/www.revistarambla.com\/en\/obsesion-por-el-centro\/","og_locale":"en_GB","og_type":"article","og_title":"Obsesi\u00f3n por el centro - Revista Rambla","og_description":"La obsesi\u00f3n por el centro no es nueva, pero tras la convocatoria electoral del 10N parece haberse acrecentado hasta el paroxismo. Hay excepciones, claro. Unidas Podemos ni se molesta por jugar esa partida, pese a que en un tiempo trat\u00f3 de modernizarla sustituyendo la centralidad por la transversalidad. Pero de [&hellip;]","og_url":"https:\/\/www.revistarambla.com\/en\/obsesion-por-el-centro\/","og_site_name":"Revista Rambla","article_publisher":"https:\/\/www.facebook.com\/revistarambla\/","article_author":"https:\/\/www.facebook.com\/josemanuelrambla\/","article_published_time":"2019-10-15T08:53:14+00:00","article_modified_time":"2022-10-21T15:20:53+00:00","og_image":[{"width":1306,"height":1791,"url":"https:\/\/www.revistarambla.com\/wp-content\/uploads\/2019\/10\/Obsesi\u00f3n-por-el-centro.jpg","type":"image\/jpeg"}],"author":"Jos\u00e9 Manuel Rambla","twitter_card":"summary_large_image","twitter_creator":"@jmrambla","twitter_site":"@revistarambla","twitter_misc":{"Written by":"Jos\u00e9 Manuel Rambla","Estimated reading time":"3 minutes"},"schema":{"@context":"https:\/\/schema.org","@graph":[{"@type":"Article","@id":"https:\/\/www.revistarambla.com\/obsesion-por-el-centro\/#article","isPartOf":{"@id":"https:\/\/www.revistarambla.com\/obsesion-por-el-centro\/"},"author":{"name":"Jos\u00e9 Manuel Rambla","@id":"https:\/\/www.revistarambla.com\/#\/schema\/person\/f8e404c0293434eaf6a60da08d1123e3"},"headline":"Obsesi\u00f3n por el centro","datePublished":"2019-10-15T08:53:14+00:00","dateModified":"2022-10-21T15:20:53+00:00","mainEntityOfPage":{"@id":"https:\/\/www.revistarambla.com\/obsesion-por-el-centro\/"},"wordCount":600,"commentCount":0,"publisher":{"@id":"https:\/\/www.revistarambla.com\/#organization"},"image":{"@id":"https:\/\/www.revistarambla.com\/obsesion-por-el-centro\/#primaryimage"},"thumbnailUrl":"https:\/\/www.revistarambla.com\/wp-content\/uploads\/2019\/10\/Obsesi\u00f3n-por-el-centro.jpg","articleSection":["Opiniones"],"inLanguage":"en-GB","potentialAction":[{"@type":"CommentAction","name":"Comment","target":["https:\/\/www.revistarambla.com\/obsesion-por-el-centro\/#respond"]}]},{"@type":"WebPage","@id":"https:\/\/www.revistarambla.com\/obsesion-por-el-centro\/","url":"https:\/\/www.revistarambla.com\/obsesion-por-el-centro\/","name":"Obsesi\u00f3n por el centro - Revista Rambla","isPartOf":{"@id":"https:\/\/www.revistarambla.com\/#website"},"primaryImageOfPage":{"@id":"https:\/\/www.revistarambla.com\/obsesion-por-el-centro\/#primaryimage"},"image":{"@id":"https:\/\/www.revistarambla.com\/obsesion-por-el-centro\/#primaryimage"},"thumbnailUrl":"https:\/\/www.revistarambla.com\/wp-content\/uploads\/2019\/10\/Obsesi\u00f3n-por-el-centro.jpg","datePublished":"2019-10-15T08:53:14+00:00","dateModified":"2022-10-21T15:20:53+00:00","breadcrumb":{"@id":"https:\/\/www.revistarambla.com\/obsesion-por-el-centro\/#breadcrumb"},"inLanguage":"en-GB","potentialAction":[{"@type":"ReadAction","target":["https:\/\/www.revistarambla.com\/obsesion-por-el-centro\/"]}]},{"@type":"ImageObject","inLanguage":"en-GB","@id":"https:\/\/www.revistarambla.com\/obsesion-por-el-centro\/#primaryimage","url":"https:\/\/www.revistarambla.com\/wp-content\/uploads\/2019\/10\/Obsesi\u00f3n-por-el-centro.jpg","contentUrl":"https:\/\/www.revistarambla.com\/wp-content\/uploads\/2019\/10\/Obsesi\u00f3n-por-el-centro.jpg","width":1306,"height":1791},{"@type":"BreadcrumbList","@id":"https:\/\/www.revistarambla.com\/obsesion-por-el-centro\/#breadcrumb","itemListElement":[{"@type":"ListItem","position":1,"name":"Portada","item":"https:\/\/www.revistarambla.com\/"},{"@type":"ListItem","position":2,"name":"Obsesi\u00f3n por el centro"}]},{"@type":"WebSite","@id":"https:\/\/www.revistarambla.com\/#website","url":"https:\/\/www.revistarambla.com\/","name":"Revista Rambla Barcelona","description":"Periodismo independiente","publisher":{"@id":"https:\/\/www.revistarambla.com\/#organization"},"potentialAction":[{"@type":"SearchAction","target":{"@type":"EntryPoint","urlTemplate":"https:\/\/www.revistarambla.com\/?s={search_term_string}"},"query-input":{"@type":"PropertyValueSpecification","valueRequired":true,"valueName":"search_term_string"}}],"inLanguage":"en-GB"},{"@type":"Organization","@id":"https:\/\/www.revistarambla.com\/#organization","name":"Revista Rambla","url":"https:\/\/www.revistarambla.com\/","logo":{"@type":"ImageObject","inLanguage":"en-GB","@id":"https:\/\/www.revistarambla.com\/#\/schema\/logo\/image\/","url":"https:\/\/www.revistarambla.com\/wp-content\/uploads\/2020\/09\/banner_rambla_1900x600_BB.png","contentUrl":"https:\/\/www.revistarambla.com\/wp-content\/uploads\/2020\/09\/banner_rambla_1900x600_BB.png","width":1900,"height":600,"caption":"Revista Rambla"},"image":{"@id":"https:\/\/www.revistarambla.com\/#\/schema\/logo\/image\/"},"sameAs":["https:\/\/www.facebook.com\/revistarambla\/","https:\/\/x.com\/revistarambla","https:\/\/www.instagram.com\/revista_rambla","https:\/\/es.linkedin.com\/company\/revista-rambla"]},{"@type":"Person","@id":"https:\/\/www.revistarambla.com\/#\/schema\/person\/f8e404c0293434eaf6a60da08d1123e3","name":"Jos\u00e9 Manuel Rambla","description":"Periodista cultural y columnista.","sameAs":["https:\/\/aesteladodelparaiso.com\/","https:\/\/www.facebook.com\/josemanuelrambla\/","https:\/\/x.com\/jmrambla"]}]}},"_links":{"self":[{"href":"https:\/\/www.revistarambla.com\/en\/wp-json\/wp\/v2\/posts\/21281","targetHints":{"allow":["GET"]}}],"collection":[{"href":"https:\/\/www.revistarambla.com\/en\/wp-json\/wp\/v2\/posts"}],"about":[{"href":"https:\/\/www.revistarambla.com\/en\/wp-json\/wp\/v2\/types\/post"}],"author":[{"embeddable":true,"href":"https:\/\/www.revistarambla.com\/en\/wp-json\/wp\/v2\/users\/325"}],"replies":[{"embeddable":true,"href":"https:\/\/www.revistarambla.com\/en\/wp-json\/wp\/v2\/comments?post=21281"}],"version-history":[{"count":1,"href":"https:\/\/www.revistarambla.com\/en\/wp-json\/wp\/v2\/posts\/21281\/revisions"}],"predecessor-version":[{"id":48278,"href":"https:\/\/www.revistarambla.com\/en\/wp-json\/wp\/v2\/posts\/21281\/revisions\/48278"}],"wp:featuredmedia":[{"embeddable":true,"href":"https:\/\/www.revistarambla.com\/en\/wp-json\/wp\/v2\/media\/21282"}],"wp:attachment":[{"href":"https:\/\/www.revistarambla.com\/en\/wp-json\/wp\/v2\/media?parent=21281"}],"wp:term":[{"taxonomy":"category","embeddable":true,"href":"https:\/\/www.revistarambla.com\/en\/wp-json\/wp\/v2\/categories?post=21281"},{"taxonomy":"post_tag","embeddable":true,"href":"https:\/\/www.revistarambla.com\/en\/wp-json\/wp\/v2\/tags?post=21281"}],"curies":[{"name":"wp","href":"https:\/\/api.w.org\/{rel}","templated":true}]}}