{"id":2125,"date":"2012-09-05T12:58:34","date_gmt":"2012-09-05T12:58:34","guid":{"rendered":"https:\/\/www.revistarambla.com\/dia-de-las-victimas-de-desapariciones-forzosas-carta-abierta-al-presindente-rajoy\/"},"modified":"2021-05-29T17:15:58","modified_gmt":"2021-05-29T15:15:58","slug":"dia-de-las-victimas-de-desapariciones-forzosas-carta-abierta-al-presindente-rajoy","status":"publish","type":"post","link":"https:\/\/www.revistarambla.com\/en\/dia-de-las-victimas-de-desapariciones-forzosas-carta-abierta-al-presindente-rajoy\/","title":{"rendered":"D\u00eda de las v\u00edctimas de desapariciones forzosas: carta abierta al presidente Rajoy"},"content":{"rendered":"<p>El pasado 30 de agosto, y por segundo a\u00f1o consecutivo, se conmemor\u00f3 el D\u00eda Internacional de las V\u00edctimas de Desapariciones Forzosas e Involuntarias, fecha establecida por la ONU. Con este motivo, el Consejo de Ministros del Gobierno del PP emiti\u00f3 un comunicado, al que contesta con una carta Silvia Navarro, de la Agrupaci\u00f3n de Familiares Pro Exhumaci\u00f3n de los Republicanos del Valle de Los Ca\u00eddos (AFPERV). Aqu\u00ed les ofrecemos unos extractos de la misiva dirigida al Presidente Mariano Rajoy:<\/p>\n<p><img decoding=\"async\" class=\"alignright\" src=\"https:\/\/www.revistarambla.com\/wp-content\/uploads\/2012\/09\/desaparecido_02.jpg\" alt=\"alt\" width=\"381\" height=\"218\" \/><\/p>\n<p><strong>Madrid, 30 de agosto de 2012<\/strong><\/p>\n<p><strong>Sr. Presidente del Gobierno de Espa\u00f1a,<\/strong><\/p>\n<p>Con motivo del D\u00eda Internacional de las V\u00edctimas de Desapariciones Forzosas e Involuntarias, el Consejo de Ministros del Gobierno que usted preside ha emitido una declaraci\u00f3n.<\/p>\n<p>Como familiares de v\u00edctimas de desapariciones forzosas fruto de la sublevaci\u00f3n militar de julio de 1936, opinamos que el Gobierno de Espa\u00f1a debe rendir menos homenajes a los alrededor de 150.000 desaparecidos de nuestro pa\u00eds para, en cambio, demostrar una voluntad pol\u00edtica real de solucionar la cuesti\u00f3n de los desaparecidos y pasar de la hueca ret\u00f3rica a la acci\u00f3n.(\u2026)<\/p>\n<p>Los familiares de republicanos inhumados en el Valle de los Ca\u00eddos llevamos a\u00f1os luchando por recuperar los restos de nuestros seres queridos, v\u00edctimas tambi\u00e9n de desapariciones forzosas. Por parte del Gobierno actual, que tanto se esmera por presentar declaraciones en fechas tan se\u00f1aladas como la de hoy, no hemos recibido ning\u00fan apoyo: todo han sido ninguneos y escollos. Recordemos, por ejemplo, la ca\u00edda en saco roto del Informe de la Comisi\u00f3n de Expertos sobre el Valle de 2011 y la reapertura a un turismo de dif\u00edcil catalogaci\u00f3n\u00a0 del Valle de los Ca\u00eddos. (\u2026)<\/p>\n<p>En la mencionada declaraci\u00f3n (se refiere a la del Consejo de Ministros) se habla sobre el objetivo de dicho d\u00eda internacional: \u201c\u2026poner de relieve estos cr\u00edmenes y de no olvidar a todas las personas que son v\u00edctimas de desapariciones forzadas\u201d.<\/p>\n<p>Pero, Sr. Presidente, \u00bfpor qu\u00e9 se refiere el gobierno espa\u00f1ol a \u201ccr\u00edmenes\u201d cuando Espa\u00f1a a\u00fan no ha tipificado la desaparici\u00f3n forzada como delito en el C\u00f3digo Penal, y ello pese a que nuestro pa\u00eds est\u00e1 obligado por haber firmado una convenci\u00f3n internacional para la protecci\u00f3n de las personas contra la desaparici\u00f3n forzosa? Ni siquiera en 2010, cuando se abord\u00f3 una reforma del c\u00f3digo Penal se corrigi\u00f3 esto. Parece que con la reforma actual tampoco se abordar\u00e1 esta tipificaci\u00f3n de la desaparici\u00f3n forzosa como delito.<\/p>\n<p>A esto hay que a\u00f1adir que el gobierno de Espa\u00f1a tampoco ha cumplido las recomendaciones de 2008 del Comit\u00e9 de Derechos Humanos de la ONU que concluy\u00f3 que el estado espa\u00f1ol deb\u00eda: 1\u00ba) derogar la Ley de Amnist\u00eda de 1977; 2\u00ba) legislar para garantizar el reconocimiento de la imprescriptibilidad de los cr\u00edmenes de lesa humanidad por los tribunales nacionales; 3\u00ba) crear una comisi\u00f3n de expertos independientes que restablezca la verdad hist\u00f3rica sobre las violaciones de derechos humanos en la Guerra Civil y la dictadura franquista, y\u00a0 4\u00ba)permitir que las familias identifiquen y exhumen los cuerpos de las v\u00edctimas, y en su caso, repararlas. (\u2026)<\/p>\n<p>(\u2026) Ni el estado espa\u00f1ol ni el gobierno protegen actualmente los derechos de las v\u00edctimas de la sublevaci\u00f3n militar de 1936.<\/p>\n<p>Por todo ello, Sr. Presidente, los familiares de la AFPERV le reiteramos que nos sobran las declaraciones grandilocuentes y huecas. Nos basta con la Verdad, la Justicia y la Reparaci\u00f3n.<\/p>","protected":false},"excerpt":{"rendered":"<p>El pasado 30 de agosto, y por segundo a\u00f1o consecutivo, se conmemor\u00f3 el D\u00eda Internacional de las V\u00edctimas de Desapariciones Forzosas e Involuntarias, fecha establecida por la ONU. Con este motivo, el Consejo de Ministros del Gobierno del PP emiti\u00f3 un comunicado, al que contesta con una carta Silvia Navarro, [&hellip;]<\/p>\n","protected":false},"author":1,"featured_media":0,"comment_status":"open","ping_status":"open","sticky":false,"template":"","format":"standard","meta":{"footnotes":""},"categories":[3,58],"tags":[],"class_list":["post-2125","post","type-post","status-publish","format-standard","hentry","category-actualidad","category-estado-espanol"],"yoast_head":"<!-- This site is optimized with the Yoast SEO plugin v27.5 - https:\/\/yoast.com\/product\/yoast-seo-wordpress\/ -->\n<title>D\u00eda de las v\u00edctimas de desapariciones forzosas: carta abierta al presidente Rajoy - Revista Rambla<\/title>\n<meta name=\"robots\" content=\"index, follow, max-snippet:-1, max-image-preview:large, max-video-preview:-1\" \/>\n<link rel=\"canonical\" href=\"https:\/\/www.revistarambla.com\/en\/dia-de-las-victimas-de-desapariciones-forzosas-carta-abierta-al-presindente-rajoy\/\" \/>\n<meta property=\"og:locale\" content=\"en_GB\" \/>\n<meta property=\"og:type\" content=\"article\" \/>\n<meta property=\"og:title\" content=\"D\u00eda de las v\u00edctimas de desapariciones forzosas: carta abierta al presidente Rajoy - Revista Rambla\" \/>\n<meta property=\"og:description\" content=\"El pasado 30 de agosto, y por segundo a\u00f1o consecutivo, se conmemor\u00f3 el D\u00eda Internacional de las V\u00edctimas de Desapariciones Forzosas e Involuntarias, fecha establecida por la ONU. Con este motivo, el Consejo de Ministros del Gobierno del PP emiti\u00f3 un comunicado, al que contesta con una carta Silvia Navarro, [&hellip;]\" \/>\n<meta property=\"og:url\" content=\"https:\/\/www.revistarambla.com\/en\/dia-de-las-victimas-de-desapariciones-forzosas-carta-abierta-al-presindente-rajoy\/\" \/>\n<meta property=\"og:site_name\" content=\"Revista Rambla\" \/>\n<meta property=\"article:publisher\" content=\"https:\/\/www.facebook.com\/revistarambla\/\" \/>\n<meta property=\"article:published_time\" content=\"2012-09-05T12:58:34+00:00\" \/>\n<meta property=\"article:modified_time\" content=\"2021-05-29T15:15:58+00:00\" \/>\n<meta property=\"og:image\" content=\"https:\/\/i2.wp.com\/www.revistarambla.com\/wp-content\/uploads\/2012\/09\/desaparecido_01.jpg?fit=682%2C400&ssl=1\" \/>\n\t<meta property=\"og:image:width\" content=\"682\" \/>\n\t<meta property=\"og:image:height\" content=\"400\" \/>\n\t<meta property=\"og:image:type\" content=\"image\/jpeg\" \/>\n<meta name=\"author\" content=\"Silvia Navarro Pablo\" \/>\n<meta name=\"twitter:card\" content=\"summary_large_image\" \/>\n<meta name=\"twitter:creator\" content=\"@revistarambla\" \/>\n<meta name=\"twitter:site\" content=\"@revistarambla\" \/>\n<meta name=\"twitter:label1\" content=\"Written by\" \/>\n\t<meta name=\"twitter:data1\" content=\"Silvia Navarro Pablo\" \/>\n\t<meta name=\"twitter:label2\" content=\"Estimated reading time\" \/>\n\t<meta name=\"twitter:data2\" content=\"3 minutes\" \/>\n<script type=\"application\/ld+json\" class=\"yoast-schema-graph\">{\"@context\":\"https:\\\/\\\/schema.org\",\"@graph\":[{\"@type\":\"Article\",\"@id\":\"https:\\\/\\\/www.revistarambla.com\\\/dia-de-las-victimas-de-desapariciones-forzosas-carta-abierta-al-presindente-rajoy\\\/#article\",\"isPartOf\":{\"@id\":\"https:\\\/\\\/www.revistarambla.com\\\/dia-de-las-victimas-de-desapariciones-forzosas-carta-abierta-al-presindente-rajoy\\\/\"},\"author\":{\"name\":\"Silvia Navarro Pablo\",\"@id\":\"https:\\\/\\\/www.revistarambla.com\\\/#\\\/schema\\\/person\\\/4a5652fc8c82df1f8593002d038cd79e\"},\"headline\":\"D\u00eda de las v\u00edctimas de desapariciones forzosas: carta abierta al presidente Rajoy\",\"datePublished\":\"2012-09-05T12:58:34+00:00\",\"dateModified\":\"2021-05-29T15:15:58+00:00\",\"mainEntityOfPage\":{\"@id\":\"https:\\\/\\\/www.revistarambla.com\\\/dia-de-las-victimas-de-desapariciones-forzosas-carta-abierta-al-presindente-rajoy\\\/\"},\"wordCount\":605,\"commentCount\":0,\"publisher\":{\"@id\":\"https:\\\/\\\/www.revistarambla.com\\\/#organization\"},\"image\":{\"@id\":\"https:\\\/\\\/www.revistarambla.com\\\/dia-de-las-victimas-de-desapariciones-forzosas-carta-abierta-al-presindente-rajoy\\\/#primaryimage\"},\"thumbnailUrl\":\"https:\\\/\\\/www.revistarambla.com\\\/wp-content\\\/uploads\\\/2012\\\/09\\\/desaparecido_02.jpg\",\"articleSection\":[\"Actualidad\",\"Estado Espa\u00f1ol\"],\"inLanguage\":\"en-GB\",\"potentialAction\":[{\"@type\":\"CommentAction\",\"name\":\"Comment\",\"target\":[\"https:\\\/\\\/www.revistarambla.com\\\/dia-de-las-victimas-de-desapariciones-forzosas-carta-abierta-al-presindente-rajoy\\\/#respond\"]}]},{\"@type\":\"WebPage\",\"@id\":\"https:\\\/\\\/www.revistarambla.com\\\/dia-de-las-victimas-de-desapariciones-forzosas-carta-abierta-al-presindente-rajoy\\\/\",\"url\":\"https:\\\/\\\/www.revistarambla.com\\\/dia-de-las-victimas-de-desapariciones-forzosas-carta-abierta-al-presindente-rajoy\\\/\",\"name\":\"D\u00eda de las v\u00edctimas de desapariciones forzosas: carta abierta al presidente Rajoy - Revista Rambla\",\"isPartOf\":{\"@id\":\"https:\\\/\\\/www.revistarambla.com\\\/#website\"},\"primaryImageOfPage\":{\"@id\":\"https:\\\/\\\/www.revistarambla.com\\\/dia-de-las-victimas-de-desapariciones-forzosas-carta-abierta-al-presindente-rajoy\\\/#primaryimage\"},\"image\":{\"@id\":\"https:\\\/\\\/www.revistarambla.com\\\/dia-de-las-victimas-de-desapariciones-forzosas-carta-abierta-al-presindente-rajoy\\\/#primaryimage\"},\"thumbnailUrl\":\"https:\\\/\\\/www.revistarambla.com\\\/wp-content\\\/uploads\\\/2012\\\/09\\\/desaparecido_02.jpg\",\"datePublished\":\"2012-09-05T12:58:34+00:00\",\"dateModified\":\"2021-05-29T15:15:58+00:00\",\"breadcrumb\":{\"@id\":\"https:\\\/\\\/www.revistarambla.com\\\/dia-de-las-victimas-de-desapariciones-forzosas-carta-abierta-al-presindente-rajoy\\\/#breadcrumb\"},\"inLanguage\":\"en-GB\",\"potentialAction\":[{\"@type\":\"ReadAction\",\"target\":[\"https:\\\/\\\/www.revistarambla.com\\\/dia-de-las-victimas-de-desapariciones-forzosas-carta-abierta-al-presindente-rajoy\\\/\"]}]},{\"@type\":\"ImageObject\",\"inLanguage\":\"en-GB\",\"@id\":\"https:\\\/\\\/www.revistarambla.com\\\/dia-de-las-victimas-de-desapariciones-forzosas-carta-abierta-al-presindente-rajoy\\\/#primaryimage\",\"url\":\"https:\\\/\\\/www.revistarambla.com\\\/wp-content\\\/uploads\\\/2012\\\/09\\\/desaparecido_02.jpg\",\"contentUrl\":\"https:\\\/\\\/www.revistarambla.com\\\/wp-content\\\/uploads\\\/2012\\\/09\\\/desaparecido_02.jpg\"},{\"@type\":\"BreadcrumbList\",\"@id\":\"https:\\\/\\\/www.revistarambla.com\\\/dia-de-las-victimas-de-desapariciones-forzosas-carta-abierta-al-presindente-rajoy\\\/#breadcrumb\",\"itemListElement\":[{\"@type\":\"ListItem\",\"position\":1,\"name\":\"Portada\",\"item\":\"https:\\\/\\\/www.revistarambla.com\\\/\"},{\"@type\":\"ListItem\",\"position\":2,\"name\":\"D\u00eda de las v\u00edctimas de desapariciones forzosas: carta abierta al presidente Rajoy\"}]},{\"@type\":\"WebSite\",\"@id\":\"https:\\\/\\\/www.revistarambla.com\\\/#website\",\"url\":\"https:\\\/\\\/www.revistarambla.com\\\/\",\"name\":\"Revista Rambla Barcelona\",\"description\":\"Periodismo independiente\",\"publisher\":{\"@id\":\"https:\\\/\\\/www.revistarambla.com\\\/#organization\"},\"potentialAction\":[{\"@type\":\"SearchAction\",\"target\":{\"@type\":\"EntryPoint\",\"urlTemplate\":\"https:\\\/\\\/www.revistarambla.com\\\/?s={search_term_string}\"},\"query-input\":{\"@type\":\"PropertyValueSpecification\",\"valueRequired\":true,\"valueName\":\"search_term_string\"}}],\"inLanguage\":\"en-GB\"},{\"@type\":\"Organization\",\"@id\":\"https:\\\/\\\/www.revistarambla.com\\\/#organization\",\"name\":\"Revista Rambla\",\"url\":\"https:\\\/\\\/www.revistarambla.com\\\/\",\"logo\":{\"@type\":\"ImageObject\",\"inLanguage\":\"en-GB\",\"@id\":\"https:\\\/\\\/www.revistarambla.com\\\/#\\\/schema\\\/logo\\\/image\\\/\",\"url\":\"https:\\\/\\\/www.revistarambla.com\\\/wp-content\\\/uploads\\\/2020\\\/09\\\/banner_rambla_1900x600_BB.png\",\"contentUrl\":\"https:\\\/\\\/www.revistarambla.com\\\/wp-content\\\/uploads\\\/2020\\\/09\\\/banner_rambla_1900x600_BB.png\",\"width\":1900,\"height\":600,\"caption\":\"Revista Rambla\"},\"image\":{\"@id\":\"https:\\\/\\\/www.revistarambla.com\\\/#\\\/schema\\\/logo\\\/image\\\/\"},\"sameAs\":[\"https:\\\/\\\/www.facebook.com\\\/revistarambla\\\/\",\"https:\\\/\\\/x.com\\\/revistarambla\",\"https:\\\/\\\/www.instagram.com\\\/revista_rambla\",\"https:\\\/\\\/es.linkedin.com\\\/company\\\/revista-rambla\"]},{\"@type\":\"Person\",\"@id\":\"https:\\\/\\\/www.revistarambla.com\\\/#\\\/schema\\\/person\\\/4a5652fc8c82df1f8593002d038cd79e\",\"name\":\"Silvia Navarro Pablo\"}]}<\/script>\n<!-- \/ Yoast SEO plugin. -->","yoast_head_json":{"title":"D\u00eda de las v\u00edctimas de desapariciones forzosas: carta abierta al presidente Rajoy - Revista Rambla","robots":{"index":"index","follow":"follow","max-snippet":"max-snippet:-1","max-image-preview":"max-image-preview:large","max-video-preview":"max-video-preview:-1"},"canonical":"https:\/\/www.revistarambla.com\/en\/dia-de-las-victimas-de-desapariciones-forzosas-carta-abierta-al-presindente-rajoy\/","og_locale":"en_GB","og_type":"article","og_title":"D\u00eda de las v\u00edctimas de desapariciones forzosas: carta abierta al presidente Rajoy - Revista Rambla","og_description":"El pasado 30 de agosto, y por segundo a\u00f1o consecutivo, se conmemor\u00f3 el D\u00eda Internacional de las V\u00edctimas de Desapariciones Forzosas e Involuntarias, fecha establecida por la ONU. Con este motivo, el Consejo de Ministros del Gobierno del PP emiti\u00f3 un comunicado, al que contesta con una carta Silvia Navarro, [&hellip;]","og_url":"https:\/\/www.revistarambla.com\/en\/dia-de-las-victimas-de-desapariciones-forzosas-carta-abierta-al-presindente-rajoy\/","og_site_name":"Revista Rambla","article_publisher":"https:\/\/www.facebook.com\/revistarambla\/","article_published_time":"2012-09-05T12:58:34+00:00","article_modified_time":"2021-05-29T15:15:58+00:00","og_image":[{"width":682,"height":400,"url":"https:\/\/i2.wp.com\/www.revistarambla.com\/wp-content\/uploads\/2012\/09\/desaparecido_01.jpg?fit=682%2C400&ssl=1","type":"image\/jpeg"}],"author":"Silvia Navarro Pablo","twitter_card":"summary_large_image","twitter_creator":"@revistarambla","twitter_site":"@revistarambla","twitter_misc":{"Written by":"Silvia Navarro Pablo","Estimated reading time":"3 minutes"},"schema":{"@context":"https:\/\/schema.org","@graph":[{"@type":"Article","@id":"https:\/\/www.revistarambla.com\/dia-de-las-victimas-de-desapariciones-forzosas-carta-abierta-al-presindente-rajoy\/#article","isPartOf":{"@id":"https:\/\/www.revistarambla.com\/dia-de-las-victimas-de-desapariciones-forzosas-carta-abierta-al-presindente-rajoy\/"},"author":{"name":"Silvia Navarro Pablo","@id":"https:\/\/www.revistarambla.com\/#\/schema\/person\/4a5652fc8c82df1f8593002d038cd79e"},"headline":"D\u00eda de las v\u00edctimas de desapariciones forzosas: carta abierta al presidente Rajoy","datePublished":"2012-09-05T12:58:34+00:00","dateModified":"2021-05-29T15:15:58+00:00","mainEntityOfPage":{"@id":"https:\/\/www.revistarambla.com\/dia-de-las-victimas-de-desapariciones-forzosas-carta-abierta-al-presindente-rajoy\/"},"wordCount":605,"commentCount":0,"publisher":{"@id":"https:\/\/www.revistarambla.com\/#organization"},"image":{"@id":"https:\/\/www.revistarambla.com\/dia-de-las-victimas-de-desapariciones-forzosas-carta-abierta-al-presindente-rajoy\/#primaryimage"},"thumbnailUrl":"https:\/\/www.revistarambla.com\/wp-content\/uploads\/2012\/09\/desaparecido_02.jpg","articleSection":["Actualidad","Estado Espa\u00f1ol"],"inLanguage":"en-GB","potentialAction":[{"@type":"CommentAction","name":"Comment","target":["https:\/\/www.revistarambla.com\/dia-de-las-victimas-de-desapariciones-forzosas-carta-abierta-al-presindente-rajoy\/#respond"]}]},{"@type":"WebPage","@id":"https:\/\/www.revistarambla.com\/dia-de-las-victimas-de-desapariciones-forzosas-carta-abierta-al-presindente-rajoy\/","url":"https:\/\/www.revistarambla.com\/dia-de-las-victimas-de-desapariciones-forzosas-carta-abierta-al-presindente-rajoy\/","name":"D\u00eda de las v\u00edctimas de desapariciones forzosas: carta abierta al presidente Rajoy - Revista Rambla","isPartOf":{"@id":"https:\/\/www.revistarambla.com\/#website"},"primaryImageOfPage":{"@id":"https:\/\/www.revistarambla.com\/dia-de-las-victimas-de-desapariciones-forzosas-carta-abierta-al-presindente-rajoy\/#primaryimage"},"image":{"@id":"https:\/\/www.revistarambla.com\/dia-de-las-victimas-de-desapariciones-forzosas-carta-abierta-al-presindente-rajoy\/#primaryimage"},"thumbnailUrl":"https:\/\/www.revistarambla.com\/wp-content\/uploads\/2012\/09\/desaparecido_02.jpg","datePublished":"2012-09-05T12:58:34+00:00","dateModified":"2021-05-29T15:15:58+00:00","breadcrumb":{"@id":"https:\/\/www.revistarambla.com\/dia-de-las-victimas-de-desapariciones-forzosas-carta-abierta-al-presindente-rajoy\/#breadcrumb"},"inLanguage":"en-GB","potentialAction":[{"@type":"ReadAction","target":["https:\/\/www.revistarambla.com\/dia-de-las-victimas-de-desapariciones-forzosas-carta-abierta-al-presindente-rajoy\/"]}]},{"@type":"ImageObject","inLanguage":"en-GB","@id":"https:\/\/www.revistarambla.com\/dia-de-las-victimas-de-desapariciones-forzosas-carta-abierta-al-presindente-rajoy\/#primaryimage","url":"https:\/\/www.revistarambla.com\/wp-content\/uploads\/2012\/09\/desaparecido_02.jpg","contentUrl":"https:\/\/www.revistarambla.com\/wp-content\/uploads\/2012\/09\/desaparecido_02.jpg"},{"@type":"BreadcrumbList","@id":"https:\/\/www.revistarambla.com\/dia-de-las-victimas-de-desapariciones-forzosas-carta-abierta-al-presindente-rajoy\/#breadcrumb","itemListElement":[{"@type":"ListItem","position":1,"name":"Portada","item":"https:\/\/www.revistarambla.com\/"},{"@type":"ListItem","position":2,"name":"D\u00eda de las v\u00edctimas de desapariciones forzosas: carta abierta al presidente Rajoy"}]},{"@type":"WebSite","@id":"https:\/\/www.revistarambla.com\/#website","url":"https:\/\/www.revistarambla.com\/","name":"Revista Rambla Barcelona","description":"Periodismo independiente","publisher":{"@id":"https:\/\/www.revistarambla.com\/#organization"},"potentialAction":[{"@type":"SearchAction","target":{"@type":"EntryPoint","urlTemplate":"https:\/\/www.revistarambla.com\/?s={search_term_string}"},"query-input":{"@type":"PropertyValueSpecification","valueRequired":true,"valueName":"search_term_string"}}],"inLanguage":"en-GB"},{"@type":"Organization","@id":"https:\/\/www.revistarambla.com\/#organization","name":"Revista Rambla","url":"https:\/\/www.revistarambla.com\/","logo":{"@type":"ImageObject","inLanguage":"en-GB","@id":"https:\/\/www.revistarambla.com\/#\/schema\/logo\/image\/","url":"https:\/\/www.revistarambla.com\/wp-content\/uploads\/2020\/09\/banner_rambla_1900x600_BB.png","contentUrl":"https:\/\/www.revistarambla.com\/wp-content\/uploads\/2020\/09\/banner_rambla_1900x600_BB.png","width":1900,"height":600,"caption":"Revista Rambla"},"image":{"@id":"https:\/\/www.revistarambla.com\/#\/schema\/logo\/image\/"},"sameAs":["https:\/\/www.facebook.com\/revistarambla\/","https:\/\/x.com\/revistarambla","https:\/\/www.instagram.com\/revista_rambla","https:\/\/es.linkedin.com\/company\/revista-rambla"]},{"@type":"Person","@id":"https:\/\/www.revistarambla.com\/#\/schema\/person\/4a5652fc8c82df1f8593002d038cd79e","name":"Silvia Navarro Pablo"}]}},"_links":{"self":[{"href":"https:\/\/www.revistarambla.com\/en\/wp-json\/wp\/v2\/posts\/2125","targetHints":{"allow":["GET"]}}],"collection":[{"href":"https:\/\/www.revistarambla.com\/en\/wp-json\/wp\/v2\/posts"}],"about":[{"href":"https:\/\/www.revistarambla.com\/en\/wp-json\/wp\/v2\/types\/post"}],"author":[{"embeddable":true,"href":"https:\/\/www.revistarambla.com\/en\/wp-json\/wp\/v2\/users\/1"}],"replies":[{"embeddable":true,"href":"https:\/\/www.revistarambla.com\/en\/wp-json\/wp\/v2\/comments?post=2125"}],"version-history":[{"count":0,"href":"https:\/\/www.revistarambla.com\/en\/wp-json\/wp\/v2\/posts\/2125\/revisions"}],"wp:attachment":[{"href":"https:\/\/www.revistarambla.com\/en\/wp-json\/wp\/v2\/media?parent=2125"}],"wp:term":[{"taxonomy":"category","embeddable":true,"href":"https:\/\/www.revistarambla.com\/en\/wp-json\/wp\/v2\/categories?post=2125"},{"taxonomy":"post_tag","embeddable":true,"href":"https:\/\/www.revistarambla.com\/en\/wp-json\/wp\/v2\/tags?post=2125"}],"curies":[{"name":"wp","href":"https:\/\/api.w.org\/{rel}","templated":true}]}}