{"id":2108,"date":"2012-09-03T06:32:55","date_gmt":"2012-09-03T06:32:55","guid":{"rendered":"https:\/\/www.revistarambla.com\/la-vuelta-al-mundo-del-tibet\/"},"modified":"2022-10-25T16:32:48","modified_gmt":"2022-10-25T14:32:48","slug":"la-vuelta-al-mundo-del-tibet","status":"publish","type":"post","link":"https:\/\/www.revistarambla.com\/en\/la-vuelta-al-mundo-del-tibet\/","title":{"rendered":"La vuelta al mundo del Tibet"},"content":{"rendered":"<p>El\u00a0director de la <a href=\"https:\/\/www.revistarambla.com\/en\/tag\/fundacio-casa-del-tibet-barcelona\/\">Fundaci\u00f3 Casa del T\u00edbet<\/a> y diputado por Europa en el Parlamento Tibetano en el Exilio,\u00a0<a href=\"https:\/\/www.revistarambla.com\/en\/tag\/thubten-wangchen\/\">Ven Thubten Wangchen<\/a>, recorrer\u00e1 veintid\u00f3s pa\u00edses europeos durante dos meses con el objetivo de concienciar al m\u00e1ximo n\u00famero de personas sobre la cr\u00edtica situaci\u00f3n del T\u00edbet e\u00a0instar a las Naciones Unidas a responsabilizarse por el cumplimiento de los derechos humanos en la zona, haciendo cumplir las resoluciones pactadas y enviando delegaciones de observadores para que investiguen la actual crisis.<\/p>\n<p>\u201cQueremos darle un importante mensaje al mundo: \u00a1Tibet existe!\u201d comunic\u00f3 Thubten Wangchen al presentar la campa\u00f1a en <a href=\"https:\/\/www.revistarambla.com\/en\/category\/actualidad\/barcelona\/\">Barcelona<\/a>. Una caravana de motos y coches, encabezada por el coche oficial de la gira europea, ha dado una vuelta este domingo (coincidiendo con el D\u00eda de la Democracia Tibetana) por lugares emblem\u00e1ticos de la ciudad para divulgar la iniciativa. \u201cCinco continentes est\u00e1n alzando hoy la llama de la verdad. \u00bfQu\u00e9 verdad? La de miles de a\u00f1os de historia en los que Tibet ha sido siempre Tibet, nunca parte de China. Ellos dicen lo contrario, pero no tienen raz\u00f3n ni l\u00f3gica ni pruebas\u201d manifest\u00f3 el director de la Fundaci\u00f3.<\/p>\n<p>El <a href=\"https:\/\/www.revistarambla.com\/en\/category\/miscelanea\/viajes-ocio\/\">viaje<\/a> pasar\u00e1 por las principales ciudades europeas recogiendo firmas y haciendo ruedas de prensa en cada una de ellas, con la intenci\u00f3n de obtener la difusi\u00f3n medi\u00e1tica que en la mayor parte de pa\u00edses se les niega. Seg\u00fan Thubten Wangchen, \u201cno se habla mucho del Tibet porque todo el mundo est\u00e1 detr\u00e1s del <em>made in<\/em> China\u201d. Lo cierto es que el eco en la prensa nacional y extranjera es muy escaso, pese a que a la situaci\u00f3n en el Himalaya empeora cada d\u00eda y ya son 51 los j\u00f3venes que se han inmolado pidiendo una soluci\u00f3n pac\u00edfica y el regreso del Dalai Lama al T\u00edbet.<\/p>\n<p>Coincide en la necesidad de sensibilizaci\u00f3n internacional, Xavier Noguer, voluntario de la Casa del Tibet y conductor del coche \u201csimple, rojo, pero con buen ambiente\u201d (como lo describi\u00f3 el propio Wangchen) que los llevar\u00e1 a ambos por la ruta de los veintid\u00f3s pa\u00edses. \u201cMe voy porque siento que los tibetanos necesitan ayuda de gente de fuera para hacerse o\u00edr por el mundo, ya que solos no son tenidos en cuenta. Como el gobierno en el exilio es considerado terrorista por China, sus ciudadanos carecen de soporte institucional\u201d advierte Xavi.<\/p>\n<p>El d\u00eda 4 de noviembre \u201cla llama de la verdad\u201dconcluye su gira por Europa, con la presentaci\u00f3n de la carta de llamamiento y las firmas al Consejo de los Derechos Humanos de la ONU en Ginebra. En los dem\u00e1s continentes, la campa\u00f1a finaliza el 10 de diciembre, cuando en Nueva York y Nueva Delhi sendos coches rojos lleven a las autoridades las voces de un mundo que reclama libertad y justicia para el Tibet.<\/p>","protected":false},"excerpt":{"rendered":"<p>El\u00a05 de septiembre arranca una de las acciones m\u00e1s importantes que van a llevarse a cabo desde el exilio tibetano: la\u00a0campa\u00f1a\u00a0\u00abLlama de la Verdad\u00bb, que ser\u00e1 lanzada simult\u00e1neamente en Europa, Estados Unidos y Canad\u00e1, despu\u00e9s de haberlo hecho ya en India el 6 de julio, d\u00eda del cumplea\u00f1os del Dalai Lama<\/p>","protected":false},"author":1,"featured_media":0,"comment_status":"open","ping_status":"open","sticky":false,"template":"","format":"standard","meta":{"footnotes":""},"categories":[76],"tags":[],"class_list":["post-2108","post","type-post","status-publish","format-standard","hentry","category-barcelona"],"yoast_head":"<!-- This site is optimized with the Yoast SEO plugin v27.5 - https:\/\/yoast.com\/product\/yoast-seo-wordpress\/ -->\n<title>La vuelta al mundo del Tibet - Revista Rambla<\/title>\n<meta name=\"robots\" content=\"index, follow, max-snippet:-1, max-image-preview:large, max-video-preview:-1\" \/>\n<link rel=\"canonical\" href=\"https:\/\/www.revistarambla.com\/en\/la-vuelta-al-mundo-del-tibet\/\" \/>\n<meta property=\"og:locale\" content=\"en_GB\" \/>\n<meta property=\"og:type\" content=\"article\" \/>\n<meta property=\"og:title\" content=\"La vuelta al mundo del Tibet - Revista Rambla\" \/>\n<meta property=\"og:description\" content=\"El\u00a05 de septiembre arranca una de las acciones m\u00e1s importantes que van a llevarse a cabo desde el exilio tibetano: la\u00a0campa\u00f1a\u00a0&quot;Llama de la Verdad&quot;, que ser\u00e1 lanzada simult\u00e1neamente en Europa, Estados Unidos y Canad\u00e1, despu\u00e9s de haberlo hecho ya en India el 6 de julio, d\u00eda del cumplea\u00f1os del Dalai Lama\" \/>\n<meta property=\"og:url\" content=\"https:\/\/www.revistarambla.com\/en\/la-vuelta-al-mundo-del-tibet\/\" \/>\n<meta property=\"og:site_name\" content=\"Revista Rambla\" \/>\n<meta property=\"article:publisher\" content=\"https:\/\/www.facebook.com\/revistarambla\/\" \/>\n<meta property=\"article:published_time\" content=\"2012-09-03T06:32:55+00:00\" \/>\n<meta property=\"article:modified_time\" content=\"2022-10-25T14:32:48+00:00\" \/>\n<meta property=\"og:image\" content=\"https:\/\/www.revistarambla.com\/wp-content\/uploads\/2012\/09\/tibet_01.jpg\" \/>\n\t<meta property=\"og:image:width\" content=\"682\" \/>\n\t<meta property=\"og:image:height\" content=\"400\" \/>\n\t<meta property=\"og:image:type\" content=\"image\/jpeg\" \/>\n<meta name=\"author\" content=\"Flor Ragucci\" \/>\n<meta name=\"twitter:card\" content=\"summary_large_image\" \/>\n<meta name=\"twitter:creator\" content=\"@revistarambla\" \/>\n<meta name=\"twitter:site\" content=\"@revistarambla\" \/>\n<meta name=\"twitter:label1\" content=\"Written by\" \/>\n\t<meta name=\"twitter:data1\" content=\"Flor Ragucci\" \/>\n\t<meta name=\"twitter:label2\" content=\"Estimated reading time\" \/>\n\t<meta name=\"twitter:data2\" content=\"3 minutes\" \/>\n<script type=\"application\/ld+json\" class=\"yoast-schema-graph\">{\"@context\":\"https:\\\/\\\/schema.org\",\"@graph\":[{\"@type\":\"Article\",\"@id\":\"https:\\\/\\\/www.revistarambla.com\\\/la-vuelta-al-mundo-del-tibet\\\/#article\",\"isPartOf\":{\"@id\":\"https:\\\/\\\/www.revistarambla.com\\\/la-vuelta-al-mundo-del-tibet\\\/\"},\"author\":{\"name\":\"Flor Ragucci\",\"@id\":\"https:\\\/\\\/www.revistarambla.com\\\/#\\\/schema\\\/person\\\/4a5652fc8c82df1f8593002d038cd79e\"},\"headline\":\"La vuelta al mundo del Tibet\",\"datePublished\":\"2012-09-03T06:32:55+00:00\",\"dateModified\":\"2022-10-25T14:32:48+00:00\",\"mainEntityOfPage\":{\"@id\":\"https:\\\/\\\/www.revistarambla.com\\\/la-vuelta-al-mundo-del-tibet\\\/\"},\"wordCount\":493,\"commentCount\":0,\"publisher\":{\"@id\":\"https:\\\/\\\/www.revistarambla.com\\\/#organization\"},\"articleSection\":[\"Barcelona\"],\"inLanguage\":\"en-GB\",\"potentialAction\":[{\"@type\":\"CommentAction\",\"name\":\"Comment\",\"target\":[\"https:\\\/\\\/www.revistarambla.com\\\/la-vuelta-al-mundo-del-tibet\\\/#respond\"]}]},{\"@type\":\"WebPage\",\"@id\":\"https:\\\/\\\/www.revistarambla.com\\\/la-vuelta-al-mundo-del-tibet\\\/\",\"url\":\"https:\\\/\\\/www.revistarambla.com\\\/la-vuelta-al-mundo-del-tibet\\\/\",\"name\":\"La vuelta al mundo del Tibet - Revista Rambla\",\"isPartOf\":{\"@id\":\"https:\\\/\\\/www.revistarambla.com\\\/#website\"},\"datePublished\":\"2012-09-03T06:32:55+00:00\",\"dateModified\":\"2022-10-25T14:32:48+00:00\",\"breadcrumb\":{\"@id\":\"https:\\\/\\\/www.revistarambla.com\\\/la-vuelta-al-mundo-del-tibet\\\/#breadcrumb\"},\"inLanguage\":\"en-GB\",\"potentialAction\":[{\"@type\":\"ReadAction\",\"target\":[\"https:\\\/\\\/www.revistarambla.com\\\/la-vuelta-al-mundo-del-tibet\\\/\"]}]},{\"@type\":\"BreadcrumbList\",\"@id\":\"https:\\\/\\\/www.revistarambla.com\\\/la-vuelta-al-mundo-del-tibet\\\/#breadcrumb\",\"itemListElement\":[{\"@type\":\"ListItem\",\"position\":1,\"name\":\"Portada\",\"item\":\"https:\\\/\\\/www.revistarambla.com\\\/\"},{\"@type\":\"ListItem\",\"position\":2,\"name\":\"La vuelta al mundo del Tibet\"}]},{\"@type\":\"WebSite\",\"@id\":\"https:\\\/\\\/www.revistarambla.com\\\/#website\",\"url\":\"https:\\\/\\\/www.revistarambla.com\\\/\",\"name\":\"Revista Rambla Barcelona\",\"description\":\"Periodismo independiente\",\"publisher\":{\"@id\":\"https:\\\/\\\/www.revistarambla.com\\\/#organization\"},\"potentialAction\":[{\"@type\":\"SearchAction\",\"target\":{\"@type\":\"EntryPoint\",\"urlTemplate\":\"https:\\\/\\\/www.revistarambla.com\\\/?s={search_term_string}\"},\"query-input\":{\"@type\":\"PropertyValueSpecification\",\"valueRequired\":true,\"valueName\":\"search_term_string\"}}],\"inLanguage\":\"en-GB\"},{\"@type\":\"Organization\",\"@id\":\"https:\\\/\\\/www.revistarambla.com\\\/#organization\",\"name\":\"Revista Rambla\",\"url\":\"https:\\\/\\\/www.revistarambla.com\\\/\",\"logo\":{\"@type\":\"ImageObject\",\"inLanguage\":\"en-GB\",\"@id\":\"https:\\\/\\\/www.revistarambla.com\\\/#\\\/schema\\\/logo\\\/image\\\/\",\"url\":\"https:\\\/\\\/www.revistarambla.com\\\/wp-content\\\/uploads\\\/2020\\\/09\\\/banner_rambla_1900x600_BB.png\",\"contentUrl\":\"https:\\\/\\\/www.revistarambla.com\\\/wp-content\\\/uploads\\\/2020\\\/09\\\/banner_rambla_1900x600_BB.png\",\"width\":1900,\"height\":600,\"caption\":\"Revista Rambla\"},\"image\":{\"@id\":\"https:\\\/\\\/www.revistarambla.com\\\/#\\\/schema\\\/logo\\\/image\\\/\"},\"sameAs\":[\"https:\\\/\\\/www.facebook.com\\\/revistarambla\\\/\",\"https:\\\/\\\/x.com\\\/revistarambla\",\"https:\\\/\\\/www.instagram.com\\\/revista_rambla\",\"https:\\\/\\\/es.linkedin.com\\\/company\\\/revista-rambla\"]},{\"@type\":\"Person\",\"@id\":\"https:\\\/\\\/www.revistarambla.com\\\/#\\\/schema\\\/person\\\/4a5652fc8c82df1f8593002d038cd79e\",\"name\":\"Flor Ragucci\",\"description\":\"Periodista.\",\"sameAs\":[\"https:\\\/\\\/www.revistarambla.com\\\/\"]}]}<\/script>\n<!-- \/ Yoast SEO plugin. -->","yoast_head_json":{"title":"La vuelta al mundo del Tibet - Revista Rambla","robots":{"index":"index","follow":"follow","max-snippet":"max-snippet:-1","max-image-preview":"max-image-preview:large","max-video-preview":"max-video-preview:-1"},"canonical":"https:\/\/www.revistarambla.com\/en\/la-vuelta-al-mundo-del-tibet\/","og_locale":"en_GB","og_type":"article","og_title":"La vuelta al mundo del Tibet - Revista Rambla","og_description":"El\u00a05 de septiembre arranca una de las acciones m\u00e1s importantes que van a llevarse a cabo desde el exilio tibetano: la\u00a0campa\u00f1a\u00a0\"Llama de la Verdad\", que ser\u00e1 lanzada simult\u00e1neamente en Europa, Estados Unidos y Canad\u00e1, despu\u00e9s de haberlo hecho ya en India el 6 de julio, d\u00eda del cumplea\u00f1os del Dalai Lama","og_url":"https:\/\/www.revistarambla.com\/en\/la-vuelta-al-mundo-del-tibet\/","og_site_name":"Revista Rambla","article_publisher":"https:\/\/www.facebook.com\/revistarambla\/","article_published_time":"2012-09-03T06:32:55+00:00","article_modified_time":"2022-10-25T14:32:48+00:00","og_image":[{"width":682,"height":400,"url":"https:\/\/www.revistarambla.com\/wp-content\/uploads\/2012\/09\/tibet_01.jpg","type":"image\/jpeg"}],"author":"Flor Ragucci","twitter_card":"summary_large_image","twitter_creator":"@revistarambla","twitter_site":"@revistarambla","twitter_misc":{"Written by":"Flor Ragucci","Estimated reading time":"3 minutes"},"schema":{"@context":"https:\/\/schema.org","@graph":[{"@type":"Article","@id":"https:\/\/www.revistarambla.com\/la-vuelta-al-mundo-del-tibet\/#article","isPartOf":{"@id":"https:\/\/www.revistarambla.com\/la-vuelta-al-mundo-del-tibet\/"},"author":{"name":"Flor Ragucci","@id":"https:\/\/www.revistarambla.com\/#\/schema\/person\/4a5652fc8c82df1f8593002d038cd79e"},"headline":"La vuelta al mundo del Tibet","datePublished":"2012-09-03T06:32:55+00:00","dateModified":"2022-10-25T14:32:48+00:00","mainEntityOfPage":{"@id":"https:\/\/www.revistarambla.com\/la-vuelta-al-mundo-del-tibet\/"},"wordCount":493,"commentCount":0,"publisher":{"@id":"https:\/\/www.revistarambla.com\/#organization"},"articleSection":["Barcelona"],"inLanguage":"en-GB","potentialAction":[{"@type":"CommentAction","name":"Comment","target":["https:\/\/www.revistarambla.com\/la-vuelta-al-mundo-del-tibet\/#respond"]}]},{"@type":"WebPage","@id":"https:\/\/www.revistarambla.com\/la-vuelta-al-mundo-del-tibet\/","url":"https:\/\/www.revistarambla.com\/la-vuelta-al-mundo-del-tibet\/","name":"La vuelta al mundo del Tibet - Revista Rambla","isPartOf":{"@id":"https:\/\/www.revistarambla.com\/#website"},"datePublished":"2012-09-03T06:32:55+00:00","dateModified":"2022-10-25T14:32:48+00:00","breadcrumb":{"@id":"https:\/\/www.revistarambla.com\/la-vuelta-al-mundo-del-tibet\/#breadcrumb"},"inLanguage":"en-GB","potentialAction":[{"@type":"ReadAction","target":["https:\/\/www.revistarambla.com\/la-vuelta-al-mundo-del-tibet\/"]}]},{"@type":"BreadcrumbList","@id":"https:\/\/www.revistarambla.com\/la-vuelta-al-mundo-del-tibet\/#breadcrumb","itemListElement":[{"@type":"ListItem","position":1,"name":"Portada","item":"https:\/\/www.revistarambla.com\/"},{"@type":"ListItem","position":2,"name":"La vuelta al mundo del Tibet"}]},{"@type":"WebSite","@id":"https:\/\/www.revistarambla.com\/#website","url":"https:\/\/www.revistarambla.com\/","name":"Revista Rambla Barcelona","description":"Periodismo independiente","publisher":{"@id":"https:\/\/www.revistarambla.com\/#organization"},"potentialAction":[{"@type":"SearchAction","target":{"@type":"EntryPoint","urlTemplate":"https:\/\/www.revistarambla.com\/?s={search_term_string}"},"query-input":{"@type":"PropertyValueSpecification","valueRequired":true,"valueName":"search_term_string"}}],"inLanguage":"en-GB"},{"@type":"Organization","@id":"https:\/\/www.revistarambla.com\/#organization","name":"Revista Rambla","url":"https:\/\/www.revistarambla.com\/","logo":{"@type":"ImageObject","inLanguage":"en-GB","@id":"https:\/\/www.revistarambla.com\/#\/schema\/logo\/image\/","url":"https:\/\/www.revistarambla.com\/wp-content\/uploads\/2020\/09\/banner_rambla_1900x600_BB.png","contentUrl":"https:\/\/www.revistarambla.com\/wp-content\/uploads\/2020\/09\/banner_rambla_1900x600_BB.png","width":1900,"height":600,"caption":"Revista Rambla"},"image":{"@id":"https:\/\/www.revistarambla.com\/#\/schema\/logo\/image\/"},"sameAs":["https:\/\/www.facebook.com\/revistarambla\/","https:\/\/x.com\/revistarambla","https:\/\/www.instagram.com\/revista_rambla","https:\/\/es.linkedin.com\/company\/revista-rambla"]},{"@type":"Person","@id":"https:\/\/www.revistarambla.com\/#\/schema\/person\/4a5652fc8c82df1f8593002d038cd79e","name":"Flor Ragucci","description":"Periodista.","sameAs":["https:\/\/www.revistarambla.com\/"]}]}},"_links":{"self":[{"href":"https:\/\/www.revistarambla.com\/en\/wp-json\/wp\/v2\/posts\/2108","targetHints":{"allow":["GET"]}}],"collection":[{"href":"https:\/\/www.revistarambla.com\/en\/wp-json\/wp\/v2\/posts"}],"about":[{"href":"https:\/\/www.revistarambla.com\/en\/wp-json\/wp\/v2\/types\/post"}],"author":[{"embeddable":true,"href":"https:\/\/www.revistarambla.com\/en\/wp-json\/wp\/v2\/users\/1"}],"replies":[{"embeddable":true,"href":"https:\/\/www.revistarambla.com\/en\/wp-json\/wp\/v2\/comments?post=2108"}],"version-history":[{"count":3,"href":"https:\/\/www.revistarambla.com\/en\/wp-json\/wp\/v2\/posts\/2108\/revisions"}],"predecessor-version":[{"id":48565,"href":"https:\/\/www.revistarambla.com\/en\/wp-json\/wp\/v2\/posts\/2108\/revisions\/48565"}],"wp:attachment":[{"href":"https:\/\/www.revistarambla.com\/en\/wp-json\/wp\/v2\/media?parent=2108"}],"wp:term":[{"taxonomy":"category","embeddable":true,"href":"https:\/\/www.revistarambla.com\/en\/wp-json\/wp\/v2\/categories?post=2108"},{"taxonomy":"post_tag","embeddable":true,"href":"https:\/\/www.revistarambla.com\/en\/wp-json\/wp\/v2\/tags?post=2108"}],"curies":[{"name":"wp","href":"https:\/\/api.w.org\/{rel}","templated":true}]}}