{"id":2083,"date":"2012-08-19T08:26:48","date_gmt":"2012-08-19T06:26:48","guid":{"rendered":"https:\/\/www.revistarambla.com\/perras-urbanas\/"},"modified":"2021-12-20T19:20:03","modified_gmt":"2021-12-20T18:20:03","slug":"perras-urbanas","status":"publish","type":"post","link":"https:\/\/www.revistarambla.com\/en\/perras-urbanas\/","title":{"rendered":"Perras urbanas"},"content":{"rendered":"<p>Perras Urbanas es un montaje donde cuatro mujeres sostienen un largo di\u00e1logo que poco a poco va dando cuenta de la historia que se oculta bajo una fachada de trajes y maquillajes uniformados.<\/p>\n<p><img decoding=\"async\" class=\"aligncenter\" src=\"https:\/\/www.revistarambla.com\/wp-content\/uploads\/2012\/08\/perras_02%281%29.jpg\" alt=\"alt\" width=\"550\" height=\"384\" \/><\/p>\n<p>La obra usa un lenguaje h\u00e1bil y una escenograf\u00eda simple, pero que se complementa con un interesante juego audiovisual que a la vez sirve de punto de quiebre para una trama en donde el conflicto se acrecienta minuto a minuto llegando a un desenlace que obliga a quienes fumamos a salir r\u00e1pido de la sala a encender un cigarrillo.<\/p>\n<p>Es una pieza cruda, a ratos algo inc\u00f3moda pero porque busca serla. La antipat\u00eda que generan en ciertos momentos los personajes, espec\u00edficamente en algunos de sus desordenados parlamentos, hace que uno pueda tomar a ratos esa distancia para convertirse en juez y voyerista de la desgracia ajena.<\/p>\n<p>Perras Urbanas, ya desde su nombre, recuerda a una de las pel\u00edculas de Quentin Tarantino y es el primer montaje que realizan juntas este grupo de actrices y en el cual llevan casi un a\u00f1o trabajando, primero con la puesta en escena D\u00e1lmatas, que les sirvi\u00f3 como ensayo para el actual espect\u00e1culo que est\u00e1 desde hace algunas semanas en la cartelera de Barcelona.<\/p>\n<p>Nos juntamos poco rato antes de una de sus funciones, y en la misma mesa que les sirve de escenograf\u00eda, conversamos sobre su trabajo.<\/p>\n<p>\u201cLo que buscamos con este espect\u00e1culo es que la gente se olvide que est\u00e1 en el teatro, que sea fresco, que sea espont\u00e1neo y al improvisar se consigue eso\u201d, afirman, y es que la improvisaci\u00f3n es parte de la puesta en escena, \u201chay varios hitos marcados dentro de la obra y sobre ellos se improvisa, van surgiendo cosas nuevas durante cada funci\u00f3n, pero es la misma historia, siempre el mismo final\u201d agregan.<\/p>\n<p>\u201cLa primera parte de la obra trabajamos mucho con humor negro, y la gente se r\u00ede bastante, hay que decirlo, la gente, una misma, es mala y nos gusta ver cuando alguien se burla de otro, se r\u00ede de otro y uno goza\u201d y tienen raz\u00f3n. El maltrato, la iron\u00eda o incluso, el insulto a secas y sin adornos es parte de esa conversaci\u00f3n introductoria que poco a poco va subiendo de tono y la misma mesa en donde conversamos es luego testigo de cu\u00e1n torcida puede llegar a ser la historias que alguien quiere ocultar.<\/p>\n<p>\u201cLa gente se pone tensa, pero luego pasa a otro estado, la cosa es que al final se va con una sensaci\u00f3n. A algunos les puede impactar o violentar, hay otros que se la pasan s\u00faper bien, que r\u00eden mucho y que les impacta el final, pero en general a la gente le gusta\u201d<\/p>\n<p>Si bien las actrices son de distinto origen, dos de ellas son chilenas, los temas que abordan son de car\u00e1cter universal y aun cuando la trama de la obra est\u00e1 ubicada en la ciudad de Barcelona en un a\u00f1o que es el 2012, puede tambi\u00e9n situarse en cualquier parte del mundo \u201cabordamos los temas a nivel humano, son cosas que le pueden pasar a mujeres.\u201d\u00a0 El ser madre soltera, la violencia, las drogas y varios que preferimos no anunciar ac\u00e1 para dejar sorpresas a quienes asistan a alguna de las cincuenta funciones que han programado y que bajar\u00e1 tel\u00f3n a fines de septiembre.<\/p>\n<p>Pero cada una de ellas se aleja de la mirada que busca la l\u00e1stima, no son \u201cla t\u00edpica mujer sumisa, se trata de una mujer de car\u00e1cter fuerte que sufre violencia, y no te la puedes creer\u201d cuentan y es que esos maquillajes tan bien delineados y esos trajes sin arrugas son s\u00f3lo fachadas, son caretas que esconden una realidad que se cae a pedazos, y quiz\u00e1s ah\u00ed reside lo m\u00e1s violento de la obra. \u201cEs la doble vida, todo lo que se esconde tras la imagen, somos cuatro azafatas pero a medida que avanza la obra te vas enterando de c\u00f3mo de desmorona y derrumba todo\u201d.<\/p>\n<ul>\n<li>Obra: Perras Urbanas<\/li>\n<li>Reparto: Montserrat Lozano, Daniela Jacques-Avi\u00f1o, Sandra Gaggioli y Adriana Feito.<\/li>\n<li>Hasta el 30 de septiembre, de martes a s\u00e1bado a las 21 horas, domingo a las 19.<\/li>\n<li>Versus Teatre, Carrer de Castillejos 179<\/li>\n<li>Reservas al 936035152 &#8211; <a href=\"mailto:info@versuseatre.net\">info@versuseatre.net<\/a><\/li>\n<\/ul>","protected":false},"excerpt":{"rendered":"<p>La compa\u00f1\u00eda teatral Robinson Cecilio est\u00e1 presentando su primera obra. Hasta el 30 de septiembre en el Versus Teatre<\/p>","protected":false},"author":75,"featured_media":0,"comment_status":"open","ping_status":"open","sticky":false,"template":"","format":"standard","meta":{"footnotes":""},"categories":[4,62],"tags":[],"class_list":["post-2083","post","type-post","status-publish","format-standard","hentry","category-cultura","category-teatro"],"yoast_head":"<!-- This site is optimized with the Yoast SEO plugin v27.5 - https:\/\/yoast.com\/product\/yoast-seo-wordpress\/ -->\n<title>Perras urbanas - Revista Rambla<\/title>\n<meta name=\"robots\" content=\"index, follow, max-snippet:-1, max-image-preview:large, max-video-preview:-1\" \/>\n<link rel=\"canonical\" href=\"https:\/\/www.revistarambla.com\/en\/perras-urbanas\/\" \/>\n<meta property=\"og:locale\" content=\"en_GB\" \/>\n<meta property=\"og:type\" content=\"article\" \/>\n<meta property=\"og:title\" content=\"Perras urbanas - Revista Rambla\" \/>\n<meta property=\"og:description\" content=\"La compa\u00f1\u00eda teatral Robinson Cecilio est\u00e1 presentando su primera obra. Hasta el 30 de septiembre en el Versus Teatre\" \/>\n<meta property=\"og:url\" content=\"https:\/\/www.revistarambla.com\/en\/perras-urbanas\/\" \/>\n<meta property=\"og:site_name\" content=\"Revista Rambla\" \/>\n<meta property=\"article:publisher\" content=\"https:\/\/www.facebook.com\/revistarambla\/\" \/>\n<meta property=\"article:published_time\" content=\"2012-08-19T06:26:48+00:00\" \/>\n<meta property=\"article:modified_time\" content=\"2021-12-20T18:20:03+00:00\" \/>\n<meta property=\"og:image\" content=\"https:\/\/www.revistarambla.com\/wp-content\/uploads\/2012\/08\/perras_01.jpg\" \/>\n\t<meta property=\"og:image:width\" content=\"682\" \/>\n\t<meta property=\"og:image:height\" content=\"400\" \/>\n\t<meta property=\"og:image:type\" content=\"image\/jpeg\" \/>\n<meta name=\"author\" content=\"Juan Manuel Zurita Soto\" \/>\n<meta name=\"twitter:card\" content=\"summary_large_image\" \/>\n<meta name=\"twitter:creator\" content=\"@revistarambla\" \/>\n<meta name=\"twitter:site\" content=\"@revistarambla\" \/>\n<meta name=\"twitter:label1\" content=\"Written by\" \/>\n\t<meta name=\"twitter:data1\" content=\"Juan Manuel Zurita Soto\" \/>\n\t<meta name=\"twitter:label2\" content=\"Estimated reading time\" \/>\n\t<meta name=\"twitter:data2\" content=\"4 minutes\" \/>\n<script type=\"application\/ld+json\" class=\"yoast-schema-graph\">{\"@context\":\"https:\\\/\\\/schema.org\",\"@graph\":[{\"@type\":\"Article\",\"@id\":\"https:\\\/\\\/www.revistarambla.com\\\/perras-urbanas\\\/#article\",\"isPartOf\":{\"@id\":\"https:\\\/\\\/www.revistarambla.com\\\/perras-urbanas\\\/\"},\"author\":{\"name\":\"Juan Manuel Zurita Soto\",\"@id\":\"https:\\\/\\\/www.revistarambla.com\\\/#\\\/schema\\\/person\\\/c40e708c39e41ea1aa804e7fdab5b4d2\"},\"headline\":\"Perras urbanas\",\"datePublished\":\"2012-08-19T06:26:48+00:00\",\"dateModified\":\"2021-12-20T18:20:03+00:00\",\"mainEntityOfPage\":{\"@id\":\"https:\\\/\\\/www.revistarambla.com\\\/perras-urbanas\\\/\"},\"wordCount\":735,\"commentCount\":0,\"publisher\":{\"@id\":\"https:\\\/\\\/www.revistarambla.com\\\/#organization\"},\"image\":{\"@id\":\"https:\\\/\\\/www.revistarambla.com\\\/perras-urbanas\\\/#primaryimage\"},\"thumbnailUrl\":\"https:\\\/\\\/www.revistarambla.com\\\/wp-content\\\/uploads\\\/2012\\\/08\\\/perras_02%281%29.jpg\",\"articleSection\":[\"Cultura\",\"Teatro\"],\"inLanguage\":\"en-GB\",\"potentialAction\":[{\"@type\":\"CommentAction\",\"name\":\"Comment\",\"target\":[\"https:\\\/\\\/www.revistarambla.com\\\/perras-urbanas\\\/#respond\"]}]},{\"@type\":\"WebPage\",\"@id\":\"https:\\\/\\\/www.revistarambla.com\\\/perras-urbanas\\\/\",\"url\":\"https:\\\/\\\/www.revistarambla.com\\\/perras-urbanas\\\/\",\"name\":\"Perras urbanas - Revista Rambla\",\"isPartOf\":{\"@id\":\"https:\\\/\\\/www.revistarambla.com\\\/#website\"},\"primaryImageOfPage\":{\"@id\":\"https:\\\/\\\/www.revistarambla.com\\\/perras-urbanas\\\/#primaryimage\"},\"image\":{\"@id\":\"https:\\\/\\\/www.revistarambla.com\\\/perras-urbanas\\\/#primaryimage\"},\"thumbnailUrl\":\"https:\\\/\\\/www.revistarambla.com\\\/wp-content\\\/uploads\\\/2012\\\/08\\\/perras_02%281%29.jpg\",\"datePublished\":\"2012-08-19T06:26:48+00:00\",\"dateModified\":\"2021-12-20T18:20:03+00:00\",\"breadcrumb\":{\"@id\":\"https:\\\/\\\/www.revistarambla.com\\\/perras-urbanas\\\/#breadcrumb\"},\"inLanguage\":\"en-GB\",\"potentialAction\":[{\"@type\":\"ReadAction\",\"target\":[\"https:\\\/\\\/www.revistarambla.com\\\/perras-urbanas\\\/\"]}]},{\"@type\":\"ImageObject\",\"inLanguage\":\"en-GB\",\"@id\":\"https:\\\/\\\/www.revistarambla.com\\\/perras-urbanas\\\/#primaryimage\",\"url\":\"https:\\\/\\\/www.revistarambla.com\\\/wp-content\\\/uploads\\\/2012\\\/08\\\/perras_02%281%29.jpg\",\"contentUrl\":\"https:\\\/\\\/www.revistarambla.com\\\/wp-content\\\/uploads\\\/2012\\\/08\\\/perras_02%281%29.jpg\"},{\"@type\":\"BreadcrumbList\",\"@id\":\"https:\\\/\\\/www.revistarambla.com\\\/perras-urbanas\\\/#breadcrumb\",\"itemListElement\":[{\"@type\":\"ListItem\",\"position\":1,\"name\":\"Portada\",\"item\":\"https:\\\/\\\/www.revistarambla.com\\\/\"},{\"@type\":\"ListItem\",\"position\":2,\"name\":\"Perras urbanas\"}]},{\"@type\":\"WebSite\",\"@id\":\"https:\\\/\\\/www.revistarambla.com\\\/#website\",\"url\":\"https:\\\/\\\/www.revistarambla.com\\\/\",\"name\":\"Revista Rambla Barcelona\",\"description\":\"Periodismo independiente\",\"publisher\":{\"@id\":\"https:\\\/\\\/www.revistarambla.com\\\/#organization\"},\"potentialAction\":[{\"@type\":\"SearchAction\",\"target\":{\"@type\":\"EntryPoint\",\"urlTemplate\":\"https:\\\/\\\/www.revistarambla.com\\\/?s={search_term_string}\"},\"query-input\":{\"@type\":\"PropertyValueSpecification\",\"valueRequired\":true,\"valueName\":\"search_term_string\"}}],\"inLanguage\":\"en-GB\"},{\"@type\":\"Organization\",\"@id\":\"https:\\\/\\\/www.revistarambla.com\\\/#organization\",\"name\":\"Revista Rambla\",\"url\":\"https:\\\/\\\/www.revistarambla.com\\\/\",\"logo\":{\"@type\":\"ImageObject\",\"inLanguage\":\"en-GB\",\"@id\":\"https:\\\/\\\/www.revistarambla.com\\\/#\\\/schema\\\/logo\\\/image\\\/\",\"url\":\"https:\\\/\\\/www.revistarambla.com\\\/wp-content\\\/uploads\\\/2020\\\/09\\\/banner_rambla_1900x600_BB.png\",\"contentUrl\":\"https:\\\/\\\/www.revistarambla.com\\\/wp-content\\\/uploads\\\/2020\\\/09\\\/banner_rambla_1900x600_BB.png\",\"width\":1900,\"height\":600,\"caption\":\"Revista Rambla\"},\"image\":{\"@id\":\"https:\\\/\\\/www.revistarambla.com\\\/#\\\/schema\\\/logo\\\/image\\\/\"},\"sameAs\":[\"https:\\\/\\\/www.facebook.com\\\/revistarambla\\\/\",\"https:\\\/\\\/x.com\\\/revistarambla\",\"https:\\\/\\\/www.instagram.com\\\/revista_rambla\",\"https:\\\/\\\/es.linkedin.com\\\/company\\\/revista-rambla\"]},{\"@type\":\"Person\",\"@id\":\"https:\\\/\\\/www.revistarambla.com\\\/#\\\/schema\\\/person\\\/c40e708c39e41ea1aa804e7fdab5b4d2\",\"name\":\"Juan Manuel Zurita Soto\",\"description\":\"Periodista.\",\"sameAs\":[\"https:\\\/\\\/www.instagram.com\\\/juanmanuelzuritasoto\\\/\",\"https:\\\/\\\/es.linkedin.com\\\/in\\\/juan-manuel-zurita-soto-7435b91b9\"]}]}<\/script>\n<!-- \/ Yoast SEO plugin. -->","yoast_head_json":{"title":"Perras urbanas - Revista Rambla","robots":{"index":"index","follow":"follow","max-snippet":"max-snippet:-1","max-image-preview":"max-image-preview:large","max-video-preview":"max-video-preview:-1"},"canonical":"https:\/\/www.revistarambla.com\/en\/perras-urbanas\/","og_locale":"en_GB","og_type":"article","og_title":"Perras urbanas - Revista Rambla","og_description":"La compa\u00f1\u00eda teatral Robinson Cecilio est\u00e1 presentando su primera obra. Hasta el 30 de septiembre en el Versus Teatre","og_url":"https:\/\/www.revistarambla.com\/en\/perras-urbanas\/","og_site_name":"Revista Rambla","article_publisher":"https:\/\/www.facebook.com\/revistarambla\/","article_published_time":"2012-08-19T06:26:48+00:00","article_modified_time":"2021-12-20T18:20:03+00:00","og_image":[{"width":682,"height":400,"url":"https:\/\/www.revistarambla.com\/wp-content\/uploads\/2012\/08\/perras_01.jpg","type":"image\/jpeg"}],"author":"Juan Manuel Zurita Soto","twitter_card":"summary_large_image","twitter_creator":"@revistarambla","twitter_site":"@revistarambla","twitter_misc":{"Written by":"Juan Manuel Zurita Soto","Estimated reading time":"4 minutes"},"schema":{"@context":"https:\/\/schema.org","@graph":[{"@type":"Article","@id":"https:\/\/www.revistarambla.com\/perras-urbanas\/#article","isPartOf":{"@id":"https:\/\/www.revistarambla.com\/perras-urbanas\/"},"author":{"name":"Juan Manuel Zurita Soto","@id":"https:\/\/www.revistarambla.com\/#\/schema\/person\/c40e708c39e41ea1aa804e7fdab5b4d2"},"headline":"Perras urbanas","datePublished":"2012-08-19T06:26:48+00:00","dateModified":"2021-12-20T18:20:03+00:00","mainEntityOfPage":{"@id":"https:\/\/www.revistarambla.com\/perras-urbanas\/"},"wordCount":735,"commentCount":0,"publisher":{"@id":"https:\/\/www.revistarambla.com\/#organization"},"image":{"@id":"https:\/\/www.revistarambla.com\/perras-urbanas\/#primaryimage"},"thumbnailUrl":"https:\/\/www.revistarambla.com\/wp-content\/uploads\/2012\/08\/perras_02%281%29.jpg","articleSection":["Cultura","Teatro"],"inLanguage":"en-GB","potentialAction":[{"@type":"CommentAction","name":"Comment","target":["https:\/\/www.revistarambla.com\/perras-urbanas\/#respond"]}]},{"@type":"WebPage","@id":"https:\/\/www.revistarambla.com\/perras-urbanas\/","url":"https:\/\/www.revistarambla.com\/perras-urbanas\/","name":"Perras urbanas - Revista Rambla","isPartOf":{"@id":"https:\/\/www.revistarambla.com\/#website"},"primaryImageOfPage":{"@id":"https:\/\/www.revistarambla.com\/perras-urbanas\/#primaryimage"},"image":{"@id":"https:\/\/www.revistarambla.com\/perras-urbanas\/#primaryimage"},"thumbnailUrl":"https:\/\/www.revistarambla.com\/wp-content\/uploads\/2012\/08\/perras_02%281%29.jpg","datePublished":"2012-08-19T06:26:48+00:00","dateModified":"2021-12-20T18:20:03+00:00","breadcrumb":{"@id":"https:\/\/www.revistarambla.com\/perras-urbanas\/#breadcrumb"},"inLanguage":"en-GB","potentialAction":[{"@type":"ReadAction","target":["https:\/\/www.revistarambla.com\/perras-urbanas\/"]}]},{"@type":"ImageObject","inLanguage":"en-GB","@id":"https:\/\/www.revistarambla.com\/perras-urbanas\/#primaryimage","url":"https:\/\/www.revistarambla.com\/wp-content\/uploads\/2012\/08\/perras_02%281%29.jpg","contentUrl":"https:\/\/www.revistarambla.com\/wp-content\/uploads\/2012\/08\/perras_02%281%29.jpg"},{"@type":"BreadcrumbList","@id":"https:\/\/www.revistarambla.com\/perras-urbanas\/#breadcrumb","itemListElement":[{"@type":"ListItem","position":1,"name":"Portada","item":"https:\/\/www.revistarambla.com\/"},{"@type":"ListItem","position":2,"name":"Perras urbanas"}]},{"@type":"WebSite","@id":"https:\/\/www.revistarambla.com\/#website","url":"https:\/\/www.revistarambla.com\/","name":"Revista Rambla Barcelona","description":"Periodismo independiente","publisher":{"@id":"https:\/\/www.revistarambla.com\/#organization"},"potentialAction":[{"@type":"SearchAction","target":{"@type":"EntryPoint","urlTemplate":"https:\/\/www.revistarambla.com\/?s={search_term_string}"},"query-input":{"@type":"PropertyValueSpecification","valueRequired":true,"valueName":"search_term_string"}}],"inLanguage":"en-GB"},{"@type":"Organization","@id":"https:\/\/www.revistarambla.com\/#organization","name":"Revista Rambla","url":"https:\/\/www.revistarambla.com\/","logo":{"@type":"ImageObject","inLanguage":"en-GB","@id":"https:\/\/www.revistarambla.com\/#\/schema\/logo\/image\/","url":"https:\/\/www.revistarambla.com\/wp-content\/uploads\/2020\/09\/banner_rambla_1900x600_BB.png","contentUrl":"https:\/\/www.revistarambla.com\/wp-content\/uploads\/2020\/09\/banner_rambla_1900x600_BB.png","width":1900,"height":600,"caption":"Revista Rambla"},"image":{"@id":"https:\/\/www.revistarambla.com\/#\/schema\/logo\/image\/"},"sameAs":["https:\/\/www.facebook.com\/revistarambla\/","https:\/\/x.com\/revistarambla","https:\/\/www.instagram.com\/revista_rambla","https:\/\/es.linkedin.com\/company\/revista-rambla"]},{"@type":"Person","@id":"https:\/\/www.revistarambla.com\/#\/schema\/person\/c40e708c39e41ea1aa804e7fdab5b4d2","name":"Juan Manuel Zurita Soto","description":"Periodista.","sameAs":["https:\/\/www.instagram.com\/juanmanuelzuritasoto\/","https:\/\/es.linkedin.com\/in\/juan-manuel-zurita-soto-7435b91b9"]}]}},"_links":{"self":[{"href":"https:\/\/www.revistarambla.com\/en\/wp-json\/wp\/v2\/posts\/2083","targetHints":{"allow":["GET"]}}],"collection":[{"href":"https:\/\/www.revistarambla.com\/en\/wp-json\/wp\/v2\/posts"}],"about":[{"href":"https:\/\/www.revistarambla.com\/en\/wp-json\/wp\/v2\/types\/post"}],"author":[{"embeddable":true,"href":"https:\/\/www.revistarambla.com\/en\/wp-json\/wp\/v2\/users\/75"}],"replies":[{"embeddable":true,"href":"https:\/\/www.revistarambla.com\/en\/wp-json\/wp\/v2\/comments?post=2083"}],"version-history":[{"count":0,"href":"https:\/\/www.revistarambla.com\/en\/wp-json\/wp\/v2\/posts\/2083\/revisions"}],"wp:attachment":[{"href":"https:\/\/www.revistarambla.com\/en\/wp-json\/wp\/v2\/media?parent=2083"}],"wp:term":[{"taxonomy":"category","embeddable":true,"href":"https:\/\/www.revistarambla.com\/en\/wp-json\/wp\/v2\/categories?post=2083"},{"taxonomy":"post_tag","embeddable":true,"href":"https:\/\/www.revistarambla.com\/en\/wp-json\/wp\/v2\/tags?post=2083"}],"curies":[{"name":"wp","href":"https:\/\/api.w.org\/{rel}","templated":true}]}}