{"id":20419,"date":"2019-09-25T13:56:36","date_gmt":"2019-09-25T11:56:36","guid":{"rendered":"https:\/\/www.revistarambla.com\/?p=20419"},"modified":"2022-11-17T12:44:34","modified_gmt":"2022-11-17T11:44:34","slug":"el-problema-no-es-el-clima-el-problema-es-el-capitalismo","status":"publish","type":"post","link":"https:\/\/www.revistarambla.com\/en\/el-problema-no-es-el-clima-el-problema-es-el-capitalismo\/","title":{"rendered":"\u00a1El problema no es el clima&#8230; el problema es el capitalismo!"},"content":{"rendered":"<p><a href=\"https:\/\/www.revistarambla.com\/wp-content\/uploads\/2019\/09\/Gerd-Altmann.jpg\"><img decoding=\"async\" class=\"alignright wp-image-20420 size-medium\" src=\"https:\/\/www.revistarambla.com\/wp-content\/uploads\/2019\/09\/Gerd-Altmann-300x205.jpg\" alt=\"capitalismo\" width=\"300\" height=\"205\" srcset=\"https:\/\/www.revistarambla.com\/wp-content\/uploads\/2019\/09\/Gerd-Altmann-300x205.jpg 300w, https:\/\/www.revistarambla.com\/wp-content\/uploads\/2019\/09\/Gerd-Altmann-768x525.jpg 768w, https:\/\/www.revistarambla.com\/wp-content\/uploads\/2019\/09\/Gerd-Altmann-1024x700.jpg 1024w, https:\/\/www.revistarambla.com\/wp-content\/uploads\/2019\/09\/Gerd-Altmann-500x342.jpg 500w, https:\/\/www.revistarambla.com\/wp-content\/uploads\/2019\/09\/Gerd-Altmann-828x566.jpg 828w, https:\/\/www.revistarambla.com\/wp-content\/uploads\/2019\/09\/Gerd-Altmann-633x433.jpg 633w, https:\/\/www.revistarambla.com\/wp-content\/uploads\/2019\/09\/Gerd-Altmann-446x305.jpg 446w, https:\/\/www.revistarambla.com\/wp-content\/uploads\/2019\/09\/Gerd-Altmann.jpg 1920w\" sizes=\"(max-width: 300px) 100vw, 300px\" \/><\/a>En nombre del \u201cprogreso\u201d y del crecimiento sin l\u00edmites, se ha instaurado de forma global un modelo de vivir incompatible con la vida misma, ya que no respeta ni los l\u00edmites f\u00edsicos del planeta ni los equilibrios naturales. Las grandes corporaciones globales que el capitalismo constituy\u00f3 hace d\u00e9cadas (OMC, OCDE, BM, FMI, G-8, G-20, etc.) sirvieron y sirven exclusivamente para asegurar un modelo de comercio, de explotaci\u00f3n, de producci\u00f3n y de distribuci\u00f3n de mercanc\u00edas, que aseguren una tasa de ganancia para las personas poderosas y ricas de este planeta, y jam\u00e1s para satisfacer las necesidades humanas de la inmensa mayor\u00eda de la poblaci\u00f3n mundial.<\/p>\n<p>Por un lado,\u00a0<strong>genera empobrecimiento, desplazamientos y represi\u00f3n de la poblaci\u00f3n que se opone a los proyectos que contaminan y destrozan la naturaleza<\/strong>\u00a0(proyectos mineros a cielo abierto, grandes represas para generar electricidad, fomento de los monocultivos para la exportaci\u00f3n como la soja o el aceite de palma, etc.) en los pa\u00edses explotados por este capitalismo salvaje.<\/p>\n<p>Por otro lado, todo esto se refleja tambi\u00e9n en el \u00e1mbito laboral en nuestras sociedades. Parece que\u00a0<strong>el capitalismo depredador de recursos naturales no tiene l\u00edmites y exprime cada vez m\u00e1s a la clase trabajadora.<\/strong>\u00a0Precariza\u00a0<strong>NUESTRAS<\/strong>\u00a0condiciones de trabajo, aumenta sus beneficios (a costa de la cl\u00e1sica reducci\u00f3n de salarios v\u00eda congelaciones salariales o reducciones directas de salario, despidiendo plantillas y utilizando a las mismas personas\u00a0posteriormente v\u00eda subcontratas o \u00abfalsos aut\u00f3nomos\u00bb, la no aplicaci\u00f3n de la legislaci\u00f3n en materia de prevenci\u00f3n de riesgos laborales, ni tampoco de la legislaci\u00f3n medio ambiental, lo que representa un envenenamiento del medio que termina repercutiendo en la nuestra salud). A la vez que evade impuestos en para\u00edsos fiscales, o con la complicidad de los sindicatos y partidos pol\u00edticos del r\u00e9gimen imponen\u00a0reformas laborales muy agresivas y reformas legislativas en materia laboral que perjudican a la clase trabajadora.<\/p>\n<p><strong>CGT como sindicato anarcosindicalista y combativo que busca otro modelo de sociedad, m\u00e1s justa e igualitaria, participa en esta lucha para acabar de manera radical con la acumulaci\u00f3n y con la explotaci\u00f3n del capitalismo.<\/strong>\u00a0Lucha que tiene que ser global y local al mismo tiempo y, por supuesto, colectiva.<\/p>\n<p>CGT se encuentra en primera l\u00ednea conjuntamente con millones de personas que este 27 de septiembre saldr\u00e1n a las calles del mundo para gritar y exigir a los responsables del desastre global en que nos encontramos, \u00a1BASTA!\u00a0<strong>el capitalismo y su modelo civilizador tienen que desaparecer.<\/strong><\/p>\n<p>CGT Barcelona tambi\u00e9n estaremos en la calle y gritaremos el viernes por la tarde, en el paseo de Gracia de la ciudad,\u00a0<strong>\u201cel problema no es el clima\u2026\u00a0<\/strong><strong>el problema es el capitalismo\u201d<\/strong><strong>.<\/strong><\/p>","protected":false},"excerpt":{"rendered":"<p>En nombre del \u201cprogreso\u201d y del crecimiento sin l\u00edmites, se ha instaurado de forma global un modelo de vivir incompatible con la vida misma, ya que no respeta ni los l\u00edmites f\u00edsicos del planeta ni los equilibrios naturales. Las grandes corporaciones globales que el capitalismo constituy\u00f3 hace d\u00e9cadas (OMC, OCDE, [&hellip;]<\/p>\n","protected":false},"author":327,"featured_media":20420,"comment_status":"open","ping_status":"open","sticky":false,"template":"","format":"standard","meta":{"footnotes":""},"categories":[72],"tags":[],"class_list":["post-20419","post","type-post","status-publish","format-standard","has-post-thumbnail","hentry","category-opinion"],"yoast_head":"<!-- This site is optimized with the Yoast SEO plugin v27.5 - https:\/\/yoast.com\/product\/yoast-seo-wordpress\/ -->\n<title>\u00a1El problema no es el clima, es el capitalismo! - Revista Rambla<\/title>\n<meta name=\"description\" content=\"Las grandes corporaciones globales que el capitalismo constituy\u00f3 hace d\u00e9cadas (OMC, OCDE, BM, FMI, G-8, G-20, etc.) sirvieron y sirven exclusivamente par...\" \/>\n<meta name=\"robots\" content=\"index, follow, max-snippet:-1, max-image-preview:large, max-video-preview:-1\" \/>\n<link rel=\"canonical\" href=\"https:\/\/www.revistarambla.com\/en\/el-problema-no-es-el-clima-el-problema-es-el-capitalismo\/\" \/>\n<meta property=\"og:locale\" content=\"en_GB\" \/>\n<meta property=\"og:type\" content=\"article\" \/>\n<meta property=\"og:title\" content=\"\u00a1El problema no es el clima, es el capitalismo! - Revista Rambla\" \/>\n<meta property=\"og:description\" content=\"Las grandes corporaciones globales que el capitalismo constituy\u00f3 hace d\u00e9cadas (OMC, OCDE, BM, FMI, G-8, G-20, etc.) sirvieron y sirven exclusivamente par...\" \/>\n<meta property=\"og:url\" content=\"https:\/\/www.revistarambla.com\/en\/el-problema-no-es-el-clima-el-problema-es-el-capitalismo\/\" \/>\n<meta property=\"og:site_name\" content=\"Revista Rambla\" \/>\n<meta property=\"article:publisher\" content=\"https:\/\/www.facebook.com\/revistarambla\/\" \/>\n<meta property=\"article:author\" content=\"https:\/\/www.facebook.com\/barcelona.cgt\" \/>\n<meta property=\"article:published_time\" content=\"2019-09-25T11:56:36+00:00\" \/>\n<meta property=\"article:modified_time\" content=\"2022-11-17T11:44:34+00:00\" \/>\n<meta property=\"og:image\" content=\"https:\/\/www.revistarambla.com\/wp-content\/uploads\/2019\/09\/Gerd-Altmann.jpg\" \/>\n\t<meta property=\"og:image:width\" content=\"1920\" \/>\n\t<meta property=\"og:image:height\" content=\"1313\" \/>\n\t<meta property=\"og:image:type\" content=\"image\/jpeg\" \/>\n<meta name=\"author\" content=\"CGT Barcelona\" \/>\n<meta name=\"twitter:card\" content=\"summary_large_image\" \/>\n<meta name=\"twitter:creator\" content=\"@CGTBarcelona\" \/>\n<meta name=\"twitter:site\" content=\"@revistarambla\" \/>\n<meta name=\"twitter:label1\" content=\"Written by\" \/>\n\t<meta name=\"twitter:data1\" content=\"CGT Barcelona\" \/>\n\t<meta name=\"twitter:label2\" content=\"Estimated reading time\" \/>\n\t<meta name=\"twitter:data2\" content=\"3 minutes\" \/>\n<script type=\"application\/ld+json\" class=\"yoast-schema-graph\">{\"@context\":\"https:\\\/\\\/schema.org\",\"@graph\":[{\"@type\":\"Article\",\"@id\":\"https:\\\/\\\/www.revistarambla.com\\\/el-problema-no-es-el-clima-el-problema-es-el-capitalismo\\\/#article\",\"isPartOf\":{\"@id\":\"https:\\\/\\\/www.revistarambla.com\\\/el-problema-no-es-el-clima-el-problema-es-el-capitalismo\\\/\"},\"author\":{\"name\":\"CGT Barcelona\",\"@id\":\"https:\\\/\\\/www.revistarambla.com\\\/#\\\/schema\\\/person\\\/50127bec5551cbc1206e826637f48e65\"},\"headline\":\"\u00a1El problema no es el clima&#8230; el problema es el capitalismo!\",\"datePublished\":\"2019-09-25T11:56:36+00:00\",\"dateModified\":\"2022-11-17T11:44:34+00:00\",\"mainEntityOfPage\":{\"@id\":\"https:\\\/\\\/www.revistarambla.com\\\/el-problema-no-es-el-clima-el-problema-es-el-capitalismo\\\/\"},\"wordCount\":480,\"commentCount\":0,\"publisher\":{\"@id\":\"https:\\\/\\\/www.revistarambla.com\\\/#organization\"},\"image\":{\"@id\":\"https:\\\/\\\/www.revistarambla.com\\\/el-problema-no-es-el-clima-el-problema-es-el-capitalismo\\\/#primaryimage\"},\"thumbnailUrl\":\"https:\\\/\\\/www.revistarambla.com\\\/wp-content\\\/uploads\\\/2019\\\/09\\\/Gerd-Altmann.jpg\",\"articleSection\":[\"Opiniones\"],\"inLanguage\":\"en-GB\",\"potentialAction\":[{\"@type\":\"CommentAction\",\"name\":\"Comment\",\"target\":[\"https:\\\/\\\/www.revistarambla.com\\\/el-problema-no-es-el-clima-el-problema-es-el-capitalismo\\\/#respond\"]}]},{\"@type\":\"WebPage\",\"@id\":\"https:\\\/\\\/www.revistarambla.com\\\/el-problema-no-es-el-clima-el-problema-es-el-capitalismo\\\/\",\"url\":\"https:\\\/\\\/www.revistarambla.com\\\/el-problema-no-es-el-clima-el-problema-es-el-capitalismo\\\/\",\"name\":\"\u00a1El problema no es el clima, es el capitalismo! - Revista Rambla\",\"isPartOf\":{\"@id\":\"https:\\\/\\\/www.revistarambla.com\\\/#website\"},\"primaryImageOfPage\":{\"@id\":\"https:\\\/\\\/www.revistarambla.com\\\/el-problema-no-es-el-clima-el-problema-es-el-capitalismo\\\/#primaryimage\"},\"image\":{\"@id\":\"https:\\\/\\\/www.revistarambla.com\\\/el-problema-no-es-el-clima-el-problema-es-el-capitalismo\\\/#primaryimage\"},\"thumbnailUrl\":\"https:\\\/\\\/www.revistarambla.com\\\/wp-content\\\/uploads\\\/2019\\\/09\\\/Gerd-Altmann.jpg\",\"datePublished\":\"2019-09-25T11:56:36+00:00\",\"dateModified\":\"2022-11-17T11:44:34+00:00\",\"description\":\"Las grandes corporaciones globales que el capitalismo constituy\u00f3 hace d\u00e9cadas (OMC, OCDE, BM, FMI, G-8, G-20, etc.) sirvieron y sirven exclusivamente par...\",\"breadcrumb\":{\"@id\":\"https:\\\/\\\/www.revistarambla.com\\\/el-problema-no-es-el-clima-el-problema-es-el-capitalismo\\\/#breadcrumb\"},\"inLanguage\":\"en-GB\",\"potentialAction\":[{\"@type\":\"ReadAction\",\"target\":[\"https:\\\/\\\/www.revistarambla.com\\\/el-problema-no-es-el-clima-el-problema-es-el-capitalismo\\\/\"]}]},{\"@type\":\"ImageObject\",\"inLanguage\":\"en-GB\",\"@id\":\"https:\\\/\\\/www.revistarambla.com\\\/el-problema-no-es-el-clima-el-problema-es-el-capitalismo\\\/#primaryimage\",\"url\":\"https:\\\/\\\/www.revistarambla.com\\\/wp-content\\\/uploads\\\/2019\\\/09\\\/Gerd-Altmann.jpg\",\"contentUrl\":\"https:\\\/\\\/www.revistarambla.com\\\/wp-content\\\/uploads\\\/2019\\\/09\\\/Gerd-Altmann.jpg\",\"width\":1920,\"height\":1313},{\"@type\":\"BreadcrumbList\",\"@id\":\"https:\\\/\\\/www.revistarambla.com\\\/el-problema-no-es-el-clima-el-problema-es-el-capitalismo\\\/#breadcrumb\",\"itemListElement\":[{\"@type\":\"ListItem\",\"position\":1,\"name\":\"Portada\",\"item\":\"https:\\\/\\\/www.revistarambla.com\\\/\"},{\"@type\":\"ListItem\",\"position\":2,\"name\":\"\u00a1El problema no es el clima&#8230; el problema es el capitalismo!\"}]},{\"@type\":\"WebSite\",\"@id\":\"https:\\\/\\\/www.revistarambla.com\\\/#website\",\"url\":\"https:\\\/\\\/www.revistarambla.com\\\/\",\"name\":\"Revista Rambla Barcelona\",\"description\":\"Periodismo independiente\",\"publisher\":{\"@id\":\"https:\\\/\\\/www.revistarambla.com\\\/#organization\"},\"potentialAction\":[{\"@type\":\"SearchAction\",\"target\":{\"@type\":\"EntryPoint\",\"urlTemplate\":\"https:\\\/\\\/www.revistarambla.com\\\/?s={search_term_string}\"},\"query-input\":{\"@type\":\"PropertyValueSpecification\",\"valueRequired\":true,\"valueName\":\"search_term_string\"}}],\"inLanguage\":\"en-GB\"},{\"@type\":\"Organization\",\"@id\":\"https:\\\/\\\/www.revistarambla.com\\\/#organization\",\"name\":\"Revista Rambla\",\"url\":\"https:\\\/\\\/www.revistarambla.com\\\/\",\"logo\":{\"@type\":\"ImageObject\",\"inLanguage\":\"en-GB\",\"@id\":\"https:\\\/\\\/www.revistarambla.com\\\/#\\\/schema\\\/logo\\\/image\\\/\",\"url\":\"https:\\\/\\\/www.revistarambla.com\\\/wp-content\\\/uploads\\\/2020\\\/09\\\/banner_rambla_1900x600_BB.png\",\"contentUrl\":\"https:\\\/\\\/www.revistarambla.com\\\/wp-content\\\/uploads\\\/2020\\\/09\\\/banner_rambla_1900x600_BB.png\",\"width\":1900,\"height\":600,\"caption\":\"Revista Rambla\"},\"image\":{\"@id\":\"https:\\\/\\\/www.revistarambla.com\\\/#\\\/schema\\\/logo\\\/image\\\/\"},\"sameAs\":[\"https:\\\/\\\/www.facebook.com\\\/revistarambla\\\/\",\"https:\\\/\\\/x.com\\\/revistarambla\",\"https:\\\/\\\/www.instagram.com\\\/revista_rambla\",\"https:\\\/\\\/es.linkedin.com\\\/company\\\/revista-rambla\"]},{\"@type\":\"Person\",\"@id\":\"https:\\\/\\\/www.revistarambla.com\\\/#\\\/schema\\\/person\\\/50127bec5551cbc1206e826637f48e65\",\"name\":\"CGT Barcelona\",\"description\":\"Federaci\u00f3n Local de Sindicatos de Barcelona. Organizaci\u00f3n anarcosindicalista: de clase, aut\u00f3noma, autogestionaria, federalista, internacionalista y libertaria.\",\"sameAs\":[\"https:\\\/\\\/www.cgtbarcelona.org\\\/\",\"https:\\\/\\\/www.facebook.com\\\/barcelona.cgt\",\"https:\\\/\\\/www.instagram.com\\\/cgtbarcelona\\\/\",\"https:\\\/\\\/x.com\\\/CGTBarcelona\"]}]}<\/script>\n<!-- \/ Yoast SEO plugin. -->","yoast_head_json":{"title":"\u00a1El problema no es el clima, es el capitalismo! - Revista Rambla","description":"Las grandes corporaciones globales que el capitalismo constituy\u00f3 hace d\u00e9cadas (OMC, OCDE, BM, FMI, G-8, G-20, etc.) sirvieron y sirven exclusivamente par...","robots":{"index":"index","follow":"follow","max-snippet":"max-snippet:-1","max-image-preview":"max-image-preview:large","max-video-preview":"max-video-preview:-1"},"canonical":"https:\/\/www.revistarambla.com\/en\/el-problema-no-es-el-clima-el-problema-es-el-capitalismo\/","og_locale":"en_GB","og_type":"article","og_title":"\u00a1El problema no es el clima, es el capitalismo! - Revista Rambla","og_description":"Las grandes corporaciones globales que el capitalismo constituy\u00f3 hace d\u00e9cadas (OMC, OCDE, BM, FMI, G-8, G-20, etc.) sirvieron y sirven exclusivamente par...","og_url":"https:\/\/www.revistarambla.com\/en\/el-problema-no-es-el-clima-el-problema-es-el-capitalismo\/","og_site_name":"Revista Rambla","article_publisher":"https:\/\/www.facebook.com\/revistarambla\/","article_author":"https:\/\/www.facebook.com\/barcelona.cgt","article_published_time":"2019-09-25T11:56:36+00:00","article_modified_time":"2022-11-17T11:44:34+00:00","og_image":[{"width":1920,"height":1313,"url":"https:\/\/www.revistarambla.com\/wp-content\/uploads\/2019\/09\/Gerd-Altmann.jpg","type":"image\/jpeg"}],"author":"CGT Barcelona","twitter_card":"summary_large_image","twitter_creator":"@CGTBarcelona","twitter_site":"@revistarambla","twitter_misc":{"Written by":"CGT Barcelona","Estimated reading time":"3 minutes"},"schema":{"@context":"https:\/\/schema.org","@graph":[{"@type":"Article","@id":"https:\/\/www.revistarambla.com\/el-problema-no-es-el-clima-el-problema-es-el-capitalismo\/#article","isPartOf":{"@id":"https:\/\/www.revistarambla.com\/el-problema-no-es-el-clima-el-problema-es-el-capitalismo\/"},"author":{"name":"CGT Barcelona","@id":"https:\/\/www.revistarambla.com\/#\/schema\/person\/50127bec5551cbc1206e826637f48e65"},"headline":"\u00a1El problema no es el clima&#8230; el problema es el capitalismo!","datePublished":"2019-09-25T11:56:36+00:00","dateModified":"2022-11-17T11:44:34+00:00","mainEntityOfPage":{"@id":"https:\/\/www.revistarambla.com\/el-problema-no-es-el-clima-el-problema-es-el-capitalismo\/"},"wordCount":480,"commentCount":0,"publisher":{"@id":"https:\/\/www.revistarambla.com\/#organization"},"image":{"@id":"https:\/\/www.revistarambla.com\/el-problema-no-es-el-clima-el-problema-es-el-capitalismo\/#primaryimage"},"thumbnailUrl":"https:\/\/www.revistarambla.com\/wp-content\/uploads\/2019\/09\/Gerd-Altmann.jpg","articleSection":["Opiniones"],"inLanguage":"en-GB","potentialAction":[{"@type":"CommentAction","name":"Comment","target":["https:\/\/www.revistarambla.com\/el-problema-no-es-el-clima-el-problema-es-el-capitalismo\/#respond"]}]},{"@type":"WebPage","@id":"https:\/\/www.revistarambla.com\/el-problema-no-es-el-clima-el-problema-es-el-capitalismo\/","url":"https:\/\/www.revistarambla.com\/el-problema-no-es-el-clima-el-problema-es-el-capitalismo\/","name":"\u00a1El problema no es el clima, es el capitalismo! - Revista Rambla","isPartOf":{"@id":"https:\/\/www.revistarambla.com\/#website"},"primaryImageOfPage":{"@id":"https:\/\/www.revistarambla.com\/el-problema-no-es-el-clima-el-problema-es-el-capitalismo\/#primaryimage"},"image":{"@id":"https:\/\/www.revistarambla.com\/el-problema-no-es-el-clima-el-problema-es-el-capitalismo\/#primaryimage"},"thumbnailUrl":"https:\/\/www.revistarambla.com\/wp-content\/uploads\/2019\/09\/Gerd-Altmann.jpg","datePublished":"2019-09-25T11:56:36+00:00","dateModified":"2022-11-17T11:44:34+00:00","description":"Las grandes corporaciones globales que el capitalismo constituy\u00f3 hace d\u00e9cadas (OMC, OCDE, BM, FMI, G-8, G-20, etc.) sirvieron y sirven exclusivamente par...","breadcrumb":{"@id":"https:\/\/www.revistarambla.com\/el-problema-no-es-el-clima-el-problema-es-el-capitalismo\/#breadcrumb"},"inLanguage":"en-GB","potentialAction":[{"@type":"ReadAction","target":["https:\/\/www.revistarambla.com\/el-problema-no-es-el-clima-el-problema-es-el-capitalismo\/"]}]},{"@type":"ImageObject","inLanguage":"en-GB","@id":"https:\/\/www.revistarambla.com\/el-problema-no-es-el-clima-el-problema-es-el-capitalismo\/#primaryimage","url":"https:\/\/www.revistarambla.com\/wp-content\/uploads\/2019\/09\/Gerd-Altmann.jpg","contentUrl":"https:\/\/www.revistarambla.com\/wp-content\/uploads\/2019\/09\/Gerd-Altmann.jpg","width":1920,"height":1313},{"@type":"BreadcrumbList","@id":"https:\/\/www.revistarambla.com\/el-problema-no-es-el-clima-el-problema-es-el-capitalismo\/#breadcrumb","itemListElement":[{"@type":"ListItem","position":1,"name":"Portada","item":"https:\/\/www.revistarambla.com\/"},{"@type":"ListItem","position":2,"name":"\u00a1El problema no es el clima&#8230; el problema es el capitalismo!"}]},{"@type":"WebSite","@id":"https:\/\/www.revistarambla.com\/#website","url":"https:\/\/www.revistarambla.com\/","name":"Revista Rambla Barcelona","description":"Periodismo independiente","publisher":{"@id":"https:\/\/www.revistarambla.com\/#organization"},"potentialAction":[{"@type":"SearchAction","target":{"@type":"EntryPoint","urlTemplate":"https:\/\/www.revistarambla.com\/?s={search_term_string}"},"query-input":{"@type":"PropertyValueSpecification","valueRequired":true,"valueName":"search_term_string"}}],"inLanguage":"en-GB"},{"@type":"Organization","@id":"https:\/\/www.revistarambla.com\/#organization","name":"Revista Rambla","url":"https:\/\/www.revistarambla.com\/","logo":{"@type":"ImageObject","inLanguage":"en-GB","@id":"https:\/\/www.revistarambla.com\/#\/schema\/logo\/image\/","url":"https:\/\/www.revistarambla.com\/wp-content\/uploads\/2020\/09\/banner_rambla_1900x600_BB.png","contentUrl":"https:\/\/www.revistarambla.com\/wp-content\/uploads\/2020\/09\/banner_rambla_1900x600_BB.png","width":1900,"height":600,"caption":"Revista Rambla"},"image":{"@id":"https:\/\/www.revistarambla.com\/#\/schema\/logo\/image\/"},"sameAs":["https:\/\/www.facebook.com\/revistarambla\/","https:\/\/x.com\/revistarambla","https:\/\/www.instagram.com\/revista_rambla","https:\/\/es.linkedin.com\/company\/revista-rambla"]},{"@type":"Person","@id":"https:\/\/www.revistarambla.com\/#\/schema\/person\/50127bec5551cbc1206e826637f48e65","name":"CGT Barcelona","description":"Federaci\u00f3n Local de Sindicatos de Barcelona. Organizaci\u00f3n anarcosindicalista: de clase, aut\u00f3noma, autogestionaria, federalista, internacionalista y libertaria.","sameAs":["https:\/\/www.cgtbarcelona.org\/","https:\/\/www.facebook.com\/barcelona.cgt","https:\/\/www.instagram.com\/cgtbarcelona\/","https:\/\/x.com\/CGTBarcelona"]}]}},"_links":{"self":[{"href":"https:\/\/www.revistarambla.com\/en\/wp-json\/wp\/v2\/posts\/20419","targetHints":{"allow":["GET"]}}],"collection":[{"href":"https:\/\/www.revistarambla.com\/en\/wp-json\/wp\/v2\/posts"}],"about":[{"href":"https:\/\/www.revistarambla.com\/en\/wp-json\/wp\/v2\/types\/post"}],"author":[{"embeddable":true,"href":"https:\/\/www.revistarambla.com\/en\/wp-json\/wp\/v2\/users\/327"}],"replies":[{"embeddable":true,"href":"https:\/\/www.revistarambla.com\/en\/wp-json\/wp\/v2\/comments?post=20419"}],"version-history":[{"count":1,"href":"https:\/\/www.revistarambla.com\/en\/wp-json\/wp\/v2\/posts\/20419\/revisions"}],"predecessor-version":[{"id":50901,"href":"https:\/\/www.revistarambla.com\/en\/wp-json\/wp\/v2\/posts\/20419\/revisions\/50901"}],"wp:featuredmedia":[{"embeddable":true,"href":"https:\/\/www.revistarambla.com\/en\/wp-json\/wp\/v2\/media\/20420"}],"wp:attachment":[{"href":"https:\/\/www.revistarambla.com\/en\/wp-json\/wp\/v2\/media?parent=20419"}],"wp:term":[{"taxonomy":"category","embeddable":true,"href":"https:\/\/www.revistarambla.com\/en\/wp-json\/wp\/v2\/categories?post=20419"},{"taxonomy":"post_tag","embeddable":true,"href":"https:\/\/www.revistarambla.com\/en\/wp-json\/wp\/v2\/tags?post=20419"}],"curies":[{"name":"wp","href":"https:\/\/api.w.org\/{rel}","templated":true}]}}