{"id":2040,"date":"2012-07-28T18:13:36","date_gmt":"2012-07-28T18:13:36","guid":{"rendered":"https:\/\/www.revistarambla.com\/calle-13-y-ruben-blades-america-barcelona-latina\/"},"modified":"2021-05-26T18:09:46","modified_gmt":"2021-05-26T16:09:46","slug":"calle-13-y-ruben-blades-america-barcelona-latina","status":"publish","type":"post","link":"https:\/\/www.revistarambla.com\/en\/calle-13-y-ruben-blades-america-barcelona-latina\/","title":{"rendered":"Calle 13 y Rub\u00e9n Blades: Am\u00e9rica &#8211; Barcelona latina"},"content":{"rendered":"<p>Algo extra\u00f1o sucedi\u00f3 ayer en Barcelona: la l\u00ednea roja del metro no finaliz\u00f3 su recorrido en L\u2019Hospitalet, sino en Latinoam\u00e9rica. O, al menos, eso es lo que se sinti\u00f3 durante las cuatro horas que dur\u00f3 la \u00faltima jornada del Salsa y Latin Jazz Festival, en el recinto de La Farga, con las actuaciones de dos grandes de la m\u00fasica latina, el grupo puertorrique\u00f1o Calle 13 y uno de los padres de la salsa, el paname\u00f1o Rub\u00e9n Blades.<\/p>\n<p><img decoding=\"async\" class=\"aligncenter\" src=\"https:\/\/www.revistarambla.com\/wp-content\/uploads\/2012\/07\/concierto1.jpg\" alt=\"alt\" width=\"682\" height=\"400\" \/><\/p>\n<p>El primer indicio que nos hizo sospechar que abandon\u00e1bamos suelo europeo para transportarnos en vuelo directo hacia la Pachamama fue el retraso de una hora y media del inicio del concierto. Haciendo honor a la \u201cpuntualidad\u201d latina, los m\u00fasicos de Calle 13 salieron cuando el p\u00fablico, despu\u00e9s de la larga espera, ya estaba a punto de ir a buscarlos (dondequiera que estuvieran) para traerlos del cogote al escenario. Pero llegaron. Y no decepcionaron. Residente (Ren\u00e9 P\u00e9rez) arranc\u00f3 a puro reggaet\u00f3n, haciendo mover con \u201cBaile de pobres\u201d todas las curvas del estadio. Quit\u00e1ndose r\u00e1pidamente la camiseta (no pod\u00eda ser de otra manera) el cantante continu\u00f3 con un hit de su disco anterior, \u201cNo hay nadie como t\u00fa\u201d, para enlazarlo casi sin respiro con el ritmo de salsa fren\u00e9tica de \u201cVamo\u2019 a portarnos mal\u201d, una potente llamada a la rebeld\u00eda colectiva.<\/p>\n<p>Despu\u00e9s de una primera parte de adrenalina pura, los once m\u00fasicos decidieron darle rienda suelta a su corazoncito con canciones de tintes m\u00e1s sensibles, como \u201cLa vuelta al mundo\u201d. Pero, sin duda, el cl\u00edmax se produjo cuando, despu\u00e9s de que el carism\u00e1tico l\u00edder de la banda dedicara unas emotivas palabras a los nacidos del otro lado del Atl\u00e1ntico, la bella melod\u00eda de \u201cLatinoam\u00e9rica\u201d lleg\u00f3 para abrir un camino directo a las ra\u00edces del continente. El estadio entero vibr\u00f3 no s\u00f3lo con la poes\u00eda y la m\u00fasica de esta canci\u00f3n espl\u00e9ndida sino con algo que la trascendi\u00f3: un profundo amor a la tierra, una aut\u00e9ntica reivindicaci\u00f3n del ser americano.<\/p>\n<p>Siempre con el respeto a la libertad por bandera, Residente present\u00f3 el \u00faltimo tema: \u201cHeteros, homosexuales, bisexuales, transexuales, \u00a1todos son bienvenidos para Calle 13!\u201d. Acto seguido, una ovaci\u00f3n generalizada y las trompetas delirantes de \u201cFiesta de locos\u201d estallaron. La gente meneando, la gente brincando y la gente, finalmente, con la boca abierta al descubrir que la retirada de los artistas no era el cl\u00e1sico amague previo a los bises sino una rotunda despedida.<\/p>\n<p><img decoding=\"async\" class=\"aligncenter\" src=\"https:\/\/www.revistarambla.com\/wp-content\/uploads\/2012\/07\/concierto2.jpg\" alt=\"alt\" width=\"550\" height=\"323\" \/><\/p>\n<p>Menos mal que el viaje a las tierras del cacao y el ma\u00edz continuaba. Los inmejorables vientos de la banda de Rub\u00e9n Blades nos balancearon hacia los or\u00edgenes de la salsa y el estadio se convirti\u00f3, r\u00e1pidamente, en una gran pista de baile. Tampoco falt\u00f3 entre el p\u00fablico la actitud reivindicativa, que unas letras y una interpretaci\u00f3n profundamente comprometidas con la lucha social promovieron en todo momento. Banderas de numerosos pa\u00edses ondearon al ritmo de las tumbadoras y el grito de \u00a1presente! acompa\u00f1\u00f3 la sucesiva menci\u00f3n de las naciones latinoamericanas a lo largo de la noche.<\/p>\n<p>Por otra parte, Blades hizo gala, como un genial director de orquesta, de un dominio absoluto del escenario y de un rigor musical excelso. As\u00ed, el artista desarroll\u00f3 un completo recorrido por sus m\u00e1s de veinte \u00e1lbumes hasta llegar a su canci\u00f3n inmortal \u201cPedro Navaja\u201d.<\/p>\n<p>Luego, las luces del recinto se encendieron y la multitud empez\u00f3 a hacerse a la idea de que tocaba ya emprender el camino de vuelta. Un viaje en metro y de Latinoam\u00e9rica a Plaza Catalu\u00f1a sin escalas. Eso s\u00ed, todos a casa bailando.<\/p>","protected":false},"excerpt":{"rendered":"<p>Algo extra\u00f1o sucedi\u00f3 ayer en Barcelona: la l\u00ednea roja del metro no finaliz\u00f3 su recorrido en L\u2019Hospitalet, sino en Latinoam\u00e9rica. O, al menos, eso es lo que se sinti\u00f3 durante las cuatro horas que dur\u00f3 la \u00faltima jornada del Salsa y Latin Jazz Festival, en el recinto de La Farga, [&hellip;]<\/p>\n","protected":false},"author":1,"featured_media":0,"comment_status":"open","ping_status":"open","sticky":false,"template":"","format":"standard","meta":{"footnotes":""},"categories":[4,65],"tags":[],"class_list":["post-2040","post","type-post","status-publish","format-standard","hentry","category-cultura","category-musica"],"yoast_head":"<!-- This site is optimized with the Yoast SEO plugin v27.5 - https:\/\/yoast.com\/product\/yoast-seo-wordpress\/ -->\n<title>Calle 13 y Rub\u00e9n Blades: Am\u00e9rica - Barcelona latina - Revista Rambla<\/title>\n<meta name=\"robots\" content=\"index, follow, max-snippet:-1, max-image-preview:large, max-video-preview:-1\" \/>\n<link rel=\"canonical\" href=\"https:\/\/www.revistarambla.com\/en\/calle-13-y-ruben-blades-america-barcelona-latina\/\" \/>\n<meta property=\"og:locale\" content=\"en_GB\" \/>\n<meta property=\"og:type\" content=\"article\" \/>\n<meta property=\"og:title\" content=\"Calle 13 y Rub\u00e9n Blades: Am\u00e9rica - Barcelona latina - Revista Rambla\" \/>\n<meta property=\"og:description\" content=\"Algo extra\u00f1o sucedi\u00f3 ayer en Barcelona: la l\u00ednea roja del metro no finaliz\u00f3 su recorrido en L\u2019Hospitalet, sino en Latinoam\u00e9rica. O, al menos, eso es lo que se sinti\u00f3 durante las cuatro horas que dur\u00f3 la \u00faltima jornada del Salsa y Latin Jazz Festival, en el recinto de La Farga, [&hellip;]\" \/>\n<meta property=\"og:url\" content=\"https:\/\/www.revistarambla.com\/en\/calle-13-y-ruben-blades-america-barcelona-latina\/\" \/>\n<meta property=\"og:site_name\" content=\"Revista Rambla\" \/>\n<meta property=\"article:publisher\" content=\"https:\/\/www.facebook.com\/revistarambla\/\" \/>\n<meta property=\"article:published_time\" content=\"2012-07-28T18:13:36+00:00\" \/>\n<meta property=\"article:modified_time\" content=\"2021-05-26T16:09:46+00:00\" \/>\n<meta property=\"og:image\" content=\"https:\/\/i1.wp.com\/www.revistarambla.com\/wp-content\/uploads\/2012\/07\/concierto1.jpg?fit=682%2C400&ssl=1\" \/>\n\t<meta property=\"og:image:width\" content=\"682\" \/>\n\t<meta property=\"og:image:height\" content=\"400\" \/>\n\t<meta property=\"og:image:type\" content=\"image\/jpeg\" \/>\n<meta name=\"author\" content=\"Flor Ragucci\" \/>\n<meta name=\"twitter:card\" content=\"summary_large_image\" \/>\n<meta name=\"twitter:creator\" content=\"@revistarambla\" \/>\n<meta name=\"twitter:site\" content=\"@revistarambla\" \/>\n<meta name=\"twitter:label1\" content=\"Written by\" \/>\n\t<meta name=\"twitter:data1\" content=\"Flor Ragucci\" \/>\n\t<meta name=\"twitter:label2\" content=\"Estimated reading time\" \/>\n\t<meta name=\"twitter:data2\" content=\"3 minutes\" \/>\n<script type=\"application\/ld+json\" class=\"yoast-schema-graph\">{\"@context\":\"https:\\\/\\\/schema.org\",\"@graph\":[{\"@type\":\"Article\",\"@id\":\"https:\\\/\\\/www.revistarambla.com\\\/calle-13-y-ruben-blades-america-barcelona-latina\\\/#article\",\"isPartOf\":{\"@id\":\"https:\\\/\\\/www.revistarambla.com\\\/calle-13-y-ruben-blades-america-barcelona-latina\\\/\"},\"author\":{\"name\":\"Flor Ragucci\",\"@id\":\"https:\\\/\\\/www.revistarambla.com\\\/#\\\/schema\\\/person\\\/4a5652fc8c82df1f8593002d038cd79e\"},\"headline\":\"Calle 13 y Rub\u00e9n Blades: Am\u00e9rica &#8211; Barcelona latina\",\"datePublished\":\"2012-07-28T18:13:36+00:00\",\"dateModified\":\"2021-05-26T16:09:46+00:00\",\"mainEntityOfPage\":{\"@id\":\"https:\\\/\\\/www.revistarambla.com\\\/calle-13-y-ruben-blades-america-barcelona-latina\\\/\"},\"wordCount\":639,\"commentCount\":0,\"publisher\":{\"@id\":\"https:\\\/\\\/www.revistarambla.com\\\/#organization\"},\"image\":{\"@id\":\"https:\\\/\\\/www.revistarambla.com\\\/calle-13-y-ruben-blades-america-barcelona-latina\\\/#primaryimage\"},\"thumbnailUrl\":\"https:\\\/\\\/www.revistarambla.com\\\/wp-content\\\/uploads\\\/2012\\\/07\\\/concierto1.jpg\",\"articleSection\":[\"Cultura\",\"M\u00fasica\"],\"inLanguage\":\"en-GB\",\"potentialAction\":[{\"@type\":\"CommentAction\",\"name\":\"Comment\",\"target\":[\"https:\\\/\\\/www.revistarambla.com\\\/calle-13-y-ruben-blades-america-barcelona-latina\\\/#respond\"]}]},{\"@type\":\"WebPage\",\"@id\":\"https:\\\/\\\/www.revistarambla.com\\\/calle-13-y-ruben-blades-america-barcelona-latina\\\/\",\"url\":\"https:\\\/\\\/www.revistarambla.com\\\/calle-13-y-ruben-blades-america-barcelona-latina\\\/\",\"name\":\"Calle 13 y Rub\u00e9n Blades: Am\u00e9rica - Barcelona latina - Revista Rambla\",\"isPartOf\":{\"@id\":\"https:\\\/\\\/www.revistarambla.com\\\/#website\"},\"primaryImageOfPage\":{\"@id\":\"https:\\\/\\\/www.revistarambla.com\\\/calle-13-y-ruben-blades-america-barcelona-latina\\\/#primaryimage\"},\"image\":{\"@id\":\"https:\\\/\\\/www.revistarambla.com\\\/calle-13-y-ruben-blades-america-barcelona-latina\\\/#primaryimage\"},\"thumbnailUrl\":\"https:\\\/\\\/www.revistarambla.com\\\/wp-content\\\/uploads\\\/2012\\\/07\\\/concierto1.jpg\",\"datePublished\":\"2012-07-28T18:13:36+00:00\",\"dateModified\":\"2021-05-26T16:09:46+00:00\",\"breadcrumb\":{\"@id\":\"https:\\\/\\\/www.revistarambla.com\\\/calle-13-y-ruben-blades-america-barcelona-latina\\\/#breadcrumb\"},\"inLanguage\":\"en-GB\",\"potentialAction\":[{\"@type\":\"ReadAction\",\"target\":[\"https:\\\/\\\/www.revistarambla.com\\\/calle-13-y-ruben-blades-america-barcelona-latina\\\/\"]}]},{\"@type\":\"ImageObject\",\"inLanguage\":\"en-GB\",\"@id\":\"https:\\\/\\\/www.revistarambla.com\\\/calle-13-y-ruben-blades-america-barcelona-latina\\\/#primaryimage\",\"url\":\"https:\\\/\\\/www.revistarambla.com\\\/wp-content\\\/uploads\\\/2012\\\/07\\\/concierto1.jpg\",\"contentUrl\":\"https:\\\/\\\/www.revistarambla.com\\\/wp-content\\\/uploads\\\/2012\\\/07\\\/concierto1.jpg\"},{\"@type\":\"BreadcrumbList\",\"@id\":\"https:\\\/\\\/www.revistarambla.com\\\/calle-13-y-ruben-blades-america-barcelona-latina\\\/#breadcrumb\",\"itemListElement\":[{\"@type\":\"ListItem\",\"position\":1,\"name\":\"Portada\",\"item\":\"https:\\\/\\\/www.revistarambla.com\\\/\"},{\"@type\":\"ListItem\",\"position\":2,\"name\":\"Calle 13 y Rub\u00e9n Blades: Am\u00e9rica &#8211; Barcelona latina\"}]},{\"@type\":\"WebSite\",\"@id\":\"https:\\\/\\\/www.revistarambla.com\\\/#website\",\"url\":\"https:\\\/\\\/www.revistarambla.com\\\/\",\"name\":\"Revista Rambla Barcelona\",\"description\":\"Periodismo independiente\",\"publisher\":{\"@id\":\"https:\\\/\\\/www.revistarambla.com\\\/#organization\"},\"potentialAction\":[{\"@type\":\"SearchAction\",\"target\":{\"@type\":\"EntryPoint\",\"urlTemplate\":\"https:\\\/\\\/www.revistarambla.com\\\/?s={search_term_string}\"},\"query-input\":{\"@type\":\"PropertyValueSpecification\",\"valueRequired\":true,\"valueName\":\"search_term_string\"}}],\"inLanguage\":\"en-GB\"},{\"@type\":\"Organization\",\"@id\":\"https:\\\/\\\/www.revistarambla.com\\\/#organization\",\"name\":\"Revista Rambla\",\"url\":\"https:\\\/\\\/www.revistarambla.com\\\/\",\"logo\":{\"@type\":\"ImageObject\",\"inLanguage\":\"en-GB\",\"@id\":\"https:\\\/\\\/www.revistarambla.com\\\/#\\\/schema\\\/logo\\\/image\\\/\",\"url\":\"https:\\\/\\\/www.revistarambla.com\\\/wp-content\\\/uploads\\\/2020\\\/09\\\/banner_rambla_1900x600_BB.png\",\"contentUrl\":\"https:\\\/\\\/www.revistarambla.com\\\/wp-content\\\/uploads\\\/2020\\\/09\\\/banner_rambla_1900x600_BB.png\",\"width\":1900,\"height\":600,\"caption\":\"Revista Rambla\"},\"image\":{\"@id\":\"https:\\\/\\\/www.revistarambla.com\\\/#\\\/schema\\\/logo\\\/image\\\/\"},\"sameAs\":[\"https:\\\/\\\/www.facebook.com\\\/revistarambla\\\/\",\"https:\\\/\\\/x.com\\\/revistarambla\",\"https:\\\/\\\/www.instagram.com\\\/revista_rambla\",\"https:\\\/\\\/es.linkedin.com\\\/company\\\/revista-rambla\"]},{\"@type\":\"Person\",\"@id\":\"https:\\\/\\\/www.revistarambla.com\\\/#\\\/schema\\\/person\\\/4a5652fc8c82df1f8593002d038cd79e\",\"name\":\"Flor Ragucci\",\"description\":\"Periodista.\",\"sameAs\":[\"https:\\\/\\\/www.revistarambla.com\\\/\"]}]}<\/script>\n<!-- \/ Yoast SEO plugin. -->","yoast_head_json":{"title":"Calle 13 y Rub\u00e9n Blades: Am\u00e9rica - Barcelona latina - Revista Rambla","robots":{"index":"index","follow":"follow","max-snippet":"max-snippet:-1","max-image-preview":"max-image-preview:large","max-video-preview":"max-video-preview:-1"},"canonical":"https:\/\/www.revistarambla.com\/en\/calle-13-y-ruben-blades-america-barcelona-latina\/","og_locale":"en_GB","og_type":"article","og_title":"Calle 13 y Rub\u00e9n Blades: Am\u00e9rica - Barcelona latina - Revista Rambla","og_description":"Algo extra\u00f1o sucedi\u00f3 ayer en Barcelona: la l\u00ednea roja del metro no finaliz\u00f3 su recorrido en L\u2019Hospitalet, sino en Latinoam\u00e9rica. O, al menos, eso es lo que se sinti\u00f3 durante las cuatro horas que dur\u00f3 la \u00faltima jornada del Salsa y Latin Jazz Festival, en el recinto de La Farga, [&hellip;]","og_url":"https:\/\/www.revistarambla.com\/en\/calle-13-y-ruben-blades-america-barcelona-latina\/","og_site_name":"Revista Rambla","article_publisher":"https:\/\/www.facebook.com\/revistarambla\/","article_published_time":"2012-07-28T18:13:36+00:00","article_modified_time":"2021-05-26T16:09:46+00:00","og_image":[{"width":682,"height":400,"url":"https:\/\/i1.wp.com\/www.revistarambla.com\/wp-content\/uploads\/2012\/07\/concierto1.jpg?fit=682%2C400&ssl=1","type":"image\/jpeg"}],"author":"Flor Ragucci","twitter_card":"summary_large_image","twitter_creator":"@revistarambla","twitter_site":"@revistarambla","twitter_misc":{"Written by":"Flor Ragucci","Estimated reading time":"3 minutes"},"schema":{"@context":"https:\/\/schema.org","@graph":[{"@type":"Article","@id":"https:\/\/www.revistarambla.com\/calle-13-y-ruben-blades-america-barcelona-latina\/#article","isPartOf":{"@id":"https:\/\/www.revistarambla.com\/calle-13-y-ruben-blades-america-barcelona-latina\/"},"author":{"name":"Flor Ragucci","@id":"https:\/\/www.revistarambla.com\/#\/schema\/person\/4a5652fc8c82df1f8593002d038cd79e"},"headline":"Calle 13 y Rub\u00e9n Blades: Am\u00e9rica &#8211; Barcelona latina","datePublished":"2012-07-28T18:13:36+00:00","dateModified":"2021-05-26T16:09:46+00:00","mainEntityOfPage":{"@id":"https:\/\/www.revistarambla.com\/calle-13-y-ruben-blades-america-barcelona-latina\/"},"wordCount":639,"commentCount":0,"publisher":{"@id":"https:\/\/www.revistarambla.com\/#organization"},"image":{"@id":"https:\/\/www.revistarambla.com\/calle-13-y-ruben-blades-america-barcelona-latina\/#primaryimage"},"thumbnailUrl":"https:\/\/www.revistarambla.com\/wp-content\/uploads\/2012\/07\/concierto1.jpg","articleSection":["Cultura","M\u00fasica"],"inLanguage":"en-GB","potentialAction":[{"@type":"CommentAction","name":"Comment","target":["https:\/\/www.revistarambla.com\/calle-13-y-ruben-blades-america-barcelona-latina\/#respond"]}]},{"@type":"WebPage","@id":"https:\/\/www.revistarambla.com\/calle-13-y-ruben-blades-america-barcelona-latina\/","url":"https:\/\/www.revistarambla.com\/calle-13-y-ruben-blades-america-barcelona-latina\/","name":"Calle 13 y Rub\u00e9n Blades: Am\u00e9rica - Barcelona latina - Revista Rambla","isPartOf":{"@id":"https:\/\/www.revistarambla.com\/#website"},"primaryImageOfPage":{"@id":"https:\/\/www.revistarambla.com\/calle-13-y-ruben-blades-america-barcelona-latina\/#primaryimage"},"image":{"@id":"https:\/\/www.revistarambla.com\/calle-13-y-ruben-blades-america-barcelona-latina\/#primaryimage"},"thumbnailUrl":"https:\/\/www.revistarambla.com\/wp-content\/uploads\/2012\/07\/concierto1.jpg","datePublished":"2012-07-28T18:13:36+00:00","dateModified":"2021-05-26T16:09:46+00:00","breadcrumb":{"@id":"https:\/\/www.revistarambla.com\/calle-13-y-ruben-blades-america-barcelona-latina\/#breadcrumb"},"inLanguage":"en-GB","potentialAction":[{"@type":"ReadAction","target":["https:\/\/www.revistarambla.com\/calle-13-y-ruben-blades-america-barcelona-latina\/"]}]},{"@type":"ImageObject","inLanguage":"en-GB","@id":"https:\/\/www.revistarambla.com\/calle-13-y-ruben-blades-america-barcelona-latina\/#primaryimage","url":"https:\/\/www.revistarambla.com\/wp-content\/uploads\/2012\/07\/concierto1.jpg","contentUrl":"https:\/\/www.revistarambla.com\/wp-content\/uploads\/2012\/07\/concierto1.jpg"},{"@type":"BreadcrumbList","@id":"https:\/\/www.revistarambla.com\/calle-13-y-ruben-blades-america-barcelona-latina\/#breadcrumb","itemListElement":[{"@type":"ListItem","position":1,"name":"Portada","item":"https:\/\/www.revistarambla.com\/"},{"@type":"ListItem","position":2,"name":"Calle 13 y Rub\u00e9n Blades: Am\u00e9rica &#8211; Barcelona latina"}]},{"@type":"WebSite","@id":"https:\/\/www.revistarambla.com\/#website","url":"https:\/\/www.revistarambla.com\/","name":"Revista Rambla Barcelona","description":"Periodismo independiente","publisher":{"@id":"https:\/\/www.revistarambla.com\/#organization"},"potentialAction":[{"@type":"SearchAction","target":{"@type":"EntryPoint","urlTemplate":"https:\/\/www.revistarambla.com\/?s={search_term_string}"},"query-input":{"@type":"PropertyValueSpecification","valueRequired":true,"valueName":"search_term_string"}}],"inLanguage":"en-GB"},{"@type":"Organization","@id":"https:\/\/www.revistarambla.com\/#organization","name":"Revista Rambla","url":"https:\/\/www.revistarambla.com\/","logo":{"@type":"ImageObject","inLanguage":"en-GB","@id":"https:\/\/www.revistarambla.com\/#\/schema\/logo\/image\/","url":"https:\/\/www.revistarambla.com\/wp-content\/uploads\/2020\/09\/banner_rambla_1900x600_BB.png","contentUrl":"https:\/\/www.revistarambla.com\/wp-content\/uploads\/2020\/09\/banner_rambla_1900x600_BB.png","width":1900,"height":600,"caption":"Revista Rambla"},"image":{"@id":"https:\/\/www.revistarambla.com\/#\/schema\/logo\/image\/"},"sameAs":["https:\/\/www.facebook.com\/revistarambla\/","https:\/\/x.com\/revistarambla","https:\/\/www.instagram.com\/revista_rambla","https:\/\/es.linkedin.com\/company\/revista-rambla"]},{"@type":"Person","@id":"https:\/\/www.revistarambla.com\/#\/schema\/person\/4a5652fc8c82df1f8593002d038cd79e","name":"Flor Ragucci","description":"Periodista.","sameAs":["https:\/\/www.revistarambla.com\/"]}]}},"_links":{"self":[{"href":"https:\/\/www.revistarambla.com\/en\/wp-json\/wp\/v2\/posts\/2040","targetHints":{"allow":["GET"]}}],"collection":[{"href":"https:\/\/www.revistarambla.com\/en\/wp-json\/wp\/v2\/posts"}],"about":[{"href":"https:\/\/www.revistarambla.com\/en\/wp-json\/wp\/v2\/types\/post"}],"author":[{"embeddable":true,"href":"https:\/\/www.revistarambla.com\/en\/wp-json\/wp\/v2\/users\/1"}],"replies":[{"embeddable":true,"href":"https:\/\/www.revistarambla.com\/en\/wp-json\/wp\/v2\/comments?post=2040"}],"version-history":[{"count":0,"href":"https:\/\/www.revistarambla.com\/en\/wp-json\/wp\/v2\/posts\/2040\/revisions"}],"wp:attachment":[{"href":"https:\/\/www.revistarambla.com\/en\/wp-json\/wp\/v2\/media?parent=2040"}],"wp:term":[{"taxonomy":"category","embeddable":true,"href":"https:\/\/www.revistarambla.com\/en\/wp-json\/wp\/v2\/categories?post=2040"},{"taxonomy":"post_tag","embeddable":true,"href":"https:\/\/www.revistarambla.com\/en\/wp-json\/wp\/v2\/tags?post=2040"}],"curies":[{"name":"wp","href":"https:\/\/api.w.org\/{rel}","templated":true}]}}