{"id":1912,"date":"2012-06-29T11:49:56","date_gmt":"2012-06-29T09:49:56","guid":{"rendered":"https:\/\/www.revistarambla.com\/its-time-to-grec\/"},"modified":"2021-12-10T12:36:15","modified_gmt":"2021-12-10T11:36:15","slug":"its-time-to-grec","status":"publish","type":"post","link":"https:\/\/www.revistarambla.com\/en\/its-time-to-grec\/","title":{"rendered":"It&#8217;s time to GREC!"},"content":{"rendered":"<p><img decoding=\"async\" class=\"alignright\" src=\"https:\/\/www.revistarambla.com\/wp-content\/uploads\/2012\/06\/gerg_02.jpg\" alt=\"alt\" width=\"321\" height=\"391\" \/>If you thinking about to come to Barcelona, let me tell you that now, the city is ready to start the Grec Festival from 1 to July 31. Every summer a wide range of possibilities is given in Barcelona to enjoy it, and the Grec Festival offers the perfect chance to get into the groove of the magical nights of Barcelona: good theater plays, dance, music and circus performances.<\/p>\n<p>This festival tries to condense the bohemian spirit of this beautiful mediterranean city by featuring\u00a0 daily performances during the warm July nights. The schedule of performances turn around of the reality expressions through a contemporary view, from the simplest to the most complex ways of communication.<\/p>\n<p>About 70 shows are going to be played during the festival&#8230;most of them totally avant-garde. If you come to the city on these days&#8230;take a look at the programme, (that you will find on the Grec site: <a href=\"http:\/\/grec.bcn.cat\/en\/programa\">http:\/\/grec.bcn.cat\/en\/programa<\/a>), and choose one of the shows, sure you will be fascinated by their beauty, whatever your decision will be.<\/p>\n<p>Mainly, the Grec takes place in a Greek theatre building which was built on 1929, on Montju\u00efc, by Ramon Revent\u00f3s and Nicolau Maria Rubi\u00f3 i Tudur\u00ed for the Universal Exhibition, inspired in the famous Epidaurus theatre. Some other shows are performed in other nice and emblematic places of Barcelona.<\/p>","protected":false},"excerpt":{"rendered":"<p>If you thinking about to come to Barcelona, let me tell you that now, the city is ready to start the Grec Festival from 1 to July 31. Every summer a wide range of possibilities is given in Barcelona to enjoy it, and the Grec Festival offers the perfect chance [&hellip;]<\/p>\n","protected":false},"author":49,"featured_media":0,"comment_status":"open","ping_status":"open","sticky":false,"template":"","format":"standard","meta":{"footnotes":""},"categories":[4,62],"tags":[],"class_list":["post-1912","post","type-post","status-publish","format-standard","hentry","category-cultura","category-teatro"],"yoast_head":"<!-- This site is optimized with the Yoast SEO plugin v27.5 - https:\/\/yoast.com\/product\/yoast-seo-wordpress\/ -->\n<title>It&#039;s time to GREC! - Revista Rambla<\/title>\n<meta name=\"robots\" content=\"index, follow, max-snippet:-1, max-image-preview:large, max-video-preview:-1\" \/>\n<link rel=\"canonical\" href=\"https:\/\/www.revistarambla.com\/en\/its-time-to-grec\/\" \/>\n<meta property=\"og:locale\" content=\"en_GB\" \/>\n<meta property=\"og:type\" content=\"article\" \/>\n<meta property=\"og:title\" content=\"It&#039;s time to GREC! - Revista Rambla\" \/>\n<meta property=\"og:description\" content=\"If you thinking about to come to Barcelona, let me tell you that now, the city is ready to start the Grec Festival from 1 to July 31. Every summer a wide range of possibilities is given in Barcelona to enjoy it, and the Grec Festival offers the perfect chance [&hellip;]\" \/>\n<meta property=\"og:url\" content=\"https:\/\/www.revistarambla.com\/en\/its-time-to-grec\/\" \/>\n<meta property=\"og:site_name\" content=\"Revista Rambla\" \/>\n<meta property=\"article:publisher\" content=\"https:\/\/www.facebook.com\/revistarambla\/\" \/>\n<meta property=\"article:published_time\" content=\"2012-06-29T09:49:56+00:00\" \/>\n<meta property=\"article:modified_time\" content=\"2021-12-10T11:36:15+00:00\" \/>\n<meta property=\"og:image\" content=\"https:\/\/www.revistarambla.com\/wp-content\/uploads\/2012\/06\/gerg_01.jpg\" \/>\n\t<meta property=\"og:image:width\" content=\"324\" \/>\n\t<meta property=\"og:image:height\" content=\"190\" \/>\n\t<meta property=\"og:image:type\" content=\"image\/jpeg\" \/>\n<meta name=\"author\" content=\"Cristina Garc\u00eda Carola\" \/>\n<meta name=\"twitter:card\" content=\"summary_large_image\" \/>\n<meta name=\"twitter:creator\" content=\"@revistarambla\" \/>\n<meta name=\"twitter:site\" content=\"@revistarambla\" \/>\n<meta name=\"twitter:label1\" content=\"Written by\" \/>\n\t<meta name=\"twitter:data1\" content=\"Cristina Garc\u00eda Carola\" \/>\n\t<meta name=\"twitter:label2\" content=\"Estimated reading time\" \/>\n\t<meta name=\"twitter:data2\" content=\"2 minutes\" \/>\n<script type=\"application\/ld+json\" class=\"yoast-schema-graph\">{\"@context\":\"https:\\\/\\\/schema.org\",\"@graph\":[{\"@type\":\"Article\",\"@id\":\"https:\\\/\\\/www.revistarambla.com\\\/its-time-to-grec\\\/#article\",\"isPartOf\":{\"@id\":\"https:\\\/\\\/www.revistarambla.com\\\/its-time-to-grec\\\/\"},\"author\":{\"name\":\"Cristina Garc\u00eda Carola\",\"@id\":\"https:\\\/\\\/www.revistarambla.com\\\/#\\\/schema\\\/person\\\/af12ba23cb162a2dd9f5404aa91190c9\"},\"headline\":\"It&#8217;s time to GREC!\",\"datePublished\":\"2012-06-29T09:49:56+00:00\",\"dateModified\":\"2021-12-10T11:36:15+00:00\",\"mainEntityOfPage\":{\"@id\":\"https:\\\/\\\/www.revistarambla.com\\\/its-time-to-grec\\\/\"},\"wordCount\":231,\"commentCount\":0,\"publisher\":{\"@id\":\"https:\\\/\\\/www.revistarambla.com\\\/#organization\"},\"image\":{\"@id\":\"https:\\\/\\\/www.revistarambla.com\\\/its-time-to-grec\\\/#primaryimage\"},\"thumbnailUrl\":\"https:\\\/\\\/www.revistarambla.com\\\/wp-content\\\/uploads\\\/2012\\\/06\\\/gerg_02.jpg\",\"articleSection\":[\"Cultura\",\"Teatro\"],\"inLanguage\":\"en-GB\",\"potentialAction\":[{\"@type\":\"CommentAction\",\"name\":\"Comment\",\"target\":[\"https:\\\/\\\/www.revistarambla.com\\\/its-time-to-grec\\\/#respond\"]}]},{\"@type\":\"WebPage\",\"@id\":\"https:\\\/\\\/www.revistarambla.com\\\/its-time-to-grec\\\/\",\"url\":\"https:\\\/\\\/www.revistarambla.com\\\/its-time-to-grec\\\/\",\"name\":\"It's time to GREC! - Revista Rambla\",\"isPartOf\":{\"@id\":\"https:\\\/\\\/www.revistarambla.com\\\/#website\"},\"primaryImageOfPage\":{\"@id\":\"https:\\\/\\\/www.revistarambla.com\\\/its-time-to-grec\\\/#primaryimage\"},\"image\":{\"@id\":\"https:\\\/\\\/www.revistarambla.com\\\/its-time-to-grec\\\/#primaryimage\"},\"thumbnailUrl\":\"https:\\\/\\\/www.revistarambla.com\\\/wp-content\\\/uploads\\\/2012\\\/06\\\/gerg_02.jpg\",\"datePublished\":\"2012-06-29T09:49:56+00:00\",\"dateModified\":\"2021-12-10T11:36:15+00:00\",\"breadcrumb\":{\"@id\":\"https:\\\/\\\/www.revistarambla.com\\\/its-time-to-grec\\\/#breadcrumb\"},\"inLanguage\":\"en-GB\",\"potentialAction\":[{\"@type\":\"ReadAction\",\"target\":[\"https:\\\/\\\/www.revistarambla.com\\\/its-time-to-grec\\\/\"]}]},{\"@type\":\"ImageObject\",\"inLanguage\":\"en-GB\",\"@id\":\"https:\\\/\\\/www.revistarambla.com\\\/its-time-to-grec\\\/#primaryimage\",\"url\":\"https:\\\/\\\/www.revistarambla.com\\\/wp-content\\\/uploads\\\/2012\\\/06\\\/gerg_02.jpg\",\"contentUrl\":\"https:\\\/\\\/www.revistarambla.com\\\/wp-content\\\/uploads\\\/2012\\\/06\\\/gerg_02.jpg\"},{\"@type\":\"BreadcrumbList\",\"@id\":\"https:\\\/\\\/www.revistarambla.com\\\/its-time-to-grec\\\/#breadcrumb\",\"itemListElement\":[{\"@type\":\"ListItem\",\"position\":1,\"name\":\"Portada\",\"item\":\"https:\\\/\\\/www.revistarambla.com\\\/\"},{\"@type\":\"ListItem\",\"position\":2,\"name\":\"It&#8217;s time to GREC!\"}]},{\"@type\":\"WebSite\",\"@id\":\"https:\\\/\\\/www.revistarambla.com\\\/#website\",\"url\":\"https:\\\/\\\/www.revistarambla.com\\\/\",\"name\":\"Revista Rambla Barcelona\",\"description\":\"Periodismo independiente\",\"publisher\":{\"@id\":\"https:\\\/\\\/www.revistarambla.com\\\/#organization\"},\"potentialAction\":[{\"@type\":\"SearchAction\",\"target\":{\"@type\":\"EntryPoint\",\"urlTemplate\":\"https:\\\/\\\/www.revistarambla.com\\\/?s={search_term_string}\"},\"query-input\":{\"@type\":\"PropertyValueSpecification\",\"valueRequired\":true,\"valueName\":\"search_term_string\"}}],\"inLanguage\":\"en-GB\"},{\"@type\":\"Organization\",\"@id\":\"https:\\\/\\\/www.revistarambla.com\\\/#organization\",\"name\":\"Revista Rambla\",\"url\":\"https:\\\/\\\/www.revistarambla.com\\\/\",\"logo\":{\"@type\":\"ImageObject\",\"inLanguage\":\"en-GB\",\"@id\":\"https:\\\/\\\/www.revistarambla.com\\\/#\\\/schema\\\/logo\\\/image\\\/\",\"url\":\"https:\\\/\\\/www.revistarambla.com\\\/wp-content\\\/uploads\\\/2020\\\/09\\\/banner_rambla_1900x600_BB.png\",\"contentUrl\":\"https:\\\/\\\/www.revistarambla.com\\\/wp-content\\\/uploads\\\/2020\\\/09\\\/banner_rambla_1900x600_BB.png\",\"width\":1900,\"height\":600,\"caption\":\"Revista Rambla\"},\"image\":{\"@id\":\"https:\\\/\\\/www.revistarambla.com\\\/#\\\/schema\\\/logo\\\/image\\\/\"},\"sameAs\":[\"https:\\\/\\\/www.facebook.com\\\/revistarambla\\\/\",\"https:\\\/\\\/x.com\\\/revistarambla\",\"https:\\\/\\\/www.instagram.com\\\/revista_rambla\",\"https:\\\/\\\/es.linkedin.com\\\/company\\\/revista-rambla\"]},{\"@type\":\"Person\",\"@id\":\"https:\\\/\\\/www.revistarambla.com\\\/#\\\/schema\\\/person\\\/af12ba23cb162a2dd9f5404aa91190c9\",\"name\":\"Cristina Garc\u00eda Carola\",\"description\":\"_\"}]}<\/script>\n<!-- \/ Yoast SEO plugin. -->","yoast_head_json":{"title":"It's time to GREC! - Revista Rambla","robots":{"index":"index","follow":"follow","max-snippet":"max-snippet:-1","max-image-preview":"max-image-preview:large","max-video-preview":"max-video-preview:-1"},"canonical":"https:\/\/www.revistarambla.com\/en\/its-time-to-grec\/","og_locale":"en_GB","og_type":"article","og_title":"It's time to GREC! - Revista Rambla","og_description":"If you thinking about to come to Barcelona, let me tell you that now, the city is ready to start the Grec Festival from 1 to July 31. Every summer a wide range of possibilities is given in Barcelona to enjoy it, and the Grec Festival offers the perfect chance [&hellip;]","og_url":"https:\/\/www.revistarambla.com\/en\/its-time-to-grec\/","og_site_name":"Revista Rambla","article_publisher":"https:\/\/www.facebook.com\/revistarambla\/","article_published_time":"2012-06-29T09:49:56+00:00","article_modified_time":"2021-12-10T11:36:15+00:00","og_image":[{"width":324,"height":190,"url":"https:\/\/www.revistarambla.com\/wp-content\/uploads\/2012\/06\/gerg_01.jpg","type":"image\/jpeg"}],"author":"Cristina Garc\u00eda Carola","twitter_card":"summary_large_image","twitter_creator":"@revistarambla","twitter_site":"@revistarambla","twitter_misc":{"Written by":"Cristina Garc\u00eda Carola","Estimated reading time":"2 minutes"},"schema":{"@context":"https:\/\/schema.org","@graph":[{"@type":"Article","@id":"https:\/\/www.revistarambla.com\/its-time-to-grec\/#article","isPartOf":{"@id":"https:\/\/www.revistarambla.com\/its-time-to-grec\/"},"author":{"name":"Cristina Garc\u00eda Carola","@id":"https:\/\/www.revistarambla.com\/#\/schema\/person\/af12ba23cb162a2dd9f5404aa91190c9"},"headline":"It&#8217;s time to GREC!","datePublished":"2012-06-29T09:49:56+00:00","dateModified":"2021-12-10T11:36:15+00:00","mainEntityOfPage":{"@id":"https:\/\/www.revistarambla.com\/its-time-to-grec\/"},"wordCount":231,"commentCount":0,"publisher":{"@id":"https:\/\/www.revistarambla.com\/#organization"},"image":{"@id":"https:\/\/www.revistarambla.com\/its-time-to-grec\/#primaryimage"},"thumbnailUrl":"https:\/\/www.revistarambla.com\/wp-content\/uploads\/2012\/06\/gerg_02.jpg","articleSection":["Cultura","Teatro"],"inLanguage":"en-GB","potentialAction":[{"@type":"CommentAction","name":"Comment","target":["https:\/\/www.revistarambla.com\/its-time-to-grec\/#respond"]}]},{"@type":"WebPage","@id":"https:\/\/www.revistarambla.com\/its-time-to-grec\/","url":"https:\/\/www.revistarambla.com\/its-time-to-grec\/","name":"It's time to GREC! - Revista Rambla","isPartOf":{"@id":"https:\/\/www.revistarambla.com\/#website"},"primaryImageOfPage":{"@id":"https:\/\/www.revistarambla.com\/its-time-to-grec\/#primaryimage"},"image":{"@id":"https:\/\/www.revistarambla.com\/its-time-to-grec\/#primaryimage"},"thumbnailUrl":"https:\/\/www.revistarambla.com\/wp-content\/uploads\/2012\/06\/gerg_02.jpg","datePublished":"2012-06-29T09:49:56+00:00","dateModified":"2021-12-10T11:36:15+00:00","breadcrumb":{"@id":"https:\/\/www.revistarambla.com\/its-time-to-grec\/#breadcrumb"},"inLanguage":"en-GB","potentialAction":[{"@type":"ReadAction","target":["https:\/\/www.revistarambla.com\/its-time-to-grec\/"]}]},{"@type":"ImageObject","inLanguage":"en-GB","@id":"https:\/\/www.revistarambla.com\/its-time-to-grec\/#primaryimage","url":"https:\/\/www.revistarambla.com\/wp-content\/uploads\/2012\/06\/gerg_02.jpg","contentUrl":"https:\/\/www.revistarambla.com\/wp-content\/uploads\/2012\/06\/gerg_02.jpg"},{"@type":"BreadcrumbList","@id":"https:\/\/www.revistarambla.com\/its-time-to-grec\/#breadcrumb","itemListElement":[{"@type":"ListItem","position":1,"name":"Portada","item":"https:\/\/www.revistarambla.com\/"},{"@type":"ListItem","position":2,"name":"It&#8217;s time to GREC!"}]},{"@type":"WebSite","@id":"https:\/\/www.revistarambla.com\/#website","url":"https:\/\/www.revistarambla.com\/","name":"Revista Rambla Barcelona","description":"Periodismo independiente","publisher":{"@id":"https:\/\/www.revistarambla.com\/#organization"},"potentialAction":[{"@type":"SearchAction","target":{"@type":"EntryPoint","urlTemplate":"https:\/\/www.revistarambla.com\/?s={search_term_string}"},"query-input":{"@type":"PropertyValueSpecification","valueRequired":true,"valueName":"search_term_string"}}],"inLanguage":"en-GB"},{"@type":"Organization","@id":"https:\/\/www.revistarambla.com\/#organization","name":"Revista Rambla","url":"https:\/\/www.revistarambla.com\/","logo":{"@type":"ImageObject","inLanguage":"en-GB","@id":"https:\/\/www.revistarambla.com\/#\/schema\/logo\/image\/","url":"https:\/\/www.revistarambla.com\/wp-content\/uploads\/2020\/09\/banner_rambla_1900x600_BB.png","contentUrl":"https:\/\/www.revistarambla.com\/wp-content\/uploads\/2020\/09\/banner_rambla_1900x600_BB.png","width":1900,"height":600,"caption":"Revista Rambla"},"image":{"@id":"https:\/\/www.revistarambla.com\/#\/schema\/logo\/image\/"},"sameAs":["https:\/\/www.facebook.com\/revistarambla\/","https:\/\/x.com\/revistarambla","https:\/\/www.instagram.com\/revista_rambla","https:\/\/es.linkedin.com\/company\/revista-rambla"]},{"@type":"Person","@id":"https:\/\/www.revistarambla.com\/#\/schema\/person\/af12ba23cb162a2dd9f5404aa91190c9","name":"Cristina Garc\u00eda Carola","description":"_"}]}},"_links":{"self":[{"href":"https:\/\/www.revistarambla.com\/en\/wp-json\/wp\/v2\/posts\/1912","targetHints":{"allow":["GET"]}}],"collection":[{"href":"https:\/\/www.revistarambla.com\/en\/wp-json\/wp\/v2\/posts"}],"about":[{"href":"https:\/\/www.revistarambla.com\/en\/wp-json\/wp\/v2\/types\/post"}],"author":[{"embeddable":true,"href":"https:\/\/www.revistarambla.com\/en\/wp-json\/wp\/v2\/users\/49"}],"replies":[{"embeddable":true,"href":"https:\/\/www.revistarambla.com\/en\/wp-json\/wp\/v2\/comments?post=1912"}],"version-history":[{"count":0,"href":"https:\/\/www.revistarambla.com\/en\/wp-json\/wp\/v2\/posts\/1912\/revisions"}],"wp:attachment":[{"href":"https:\/\/www.revistarambla.com\/en\/wp-json\/wp\/v2\/media?parent=1912"}],"wp:term":[{"taxonomy":"category","embeddable":true,"href":"https:\/\/www.revistarambla.com\/en\/wp-json\/wp\/v2\/categories?post=1912"},{"taxonomy":"post_tag","embeddable":true,"href":"https:\/\/www.revistarambla.com\/en\/wp-json\/wp\/v2\/tags?post=1912"}],"curies":[{"name":"wp","href":"https:\/\/api.w.org\/{rel}","templated":true}]}}