{"id":1864,"date":"2012-06-18T05:51:42","date_gmt":"2012-06-18T03:51:42","guid":{"rendered":"https:\/\/www.revistarambla.com\/al-grito-de-los-maleantes-matan-elefantes\/"},"modified":"2021-12-20T19:21:12","modified_gmt":"2021-12-20T18:21:12","slug":"al-grito-de-los-maleantes-matan-elefantes","status":"publish","type":"post","link":"https:\/\/www.revistarambla.com\/en\/al-grito-de-los-maleantes-matan-elefantes\/","title":{"rendered":"Al grito de: \u00ab\u00a1Los maleantes matan elefantes!\u00bb"},"content":{"rendered":"<p><img decoding=\"async\" class=\"aligncenter\" src=\"https:\/\/www.revistarambla.com\/wp-content\/uploads\/2012\/06\/mani_cgt01%281%29.jpg\" alt=\"alt\" width=\"682\" height=\"400\" \/><\/p>\n<p>Desde cerca de las 11 de la ma\u00f1ana la esquina de Diputaci\u00f3n con Passeig de Sant Joan se lleno de banderas rojinegras y que al grito de no m\u00e1s recortes sociales, no m\u00e1s represi\u00f3n y no a las reformas laborales comenzaron a avanzar hasta la Delegaci\u00f3 de Gobern para luego de un trayecto por distintas calles llegar a el local de la propia CGT en V\u00eda Layetana donde se descolg\u00f3 una pancarta en protesta por quienes est\u00e1n impedidos hoy de asistir a cualquier manifestaci\u00f3n.<\/p>\n<p>A la convocatoria se plegaron otros sindicatos, adherentes del 15-M, colectivos independentistas y distintos grupos de apoyo que juntos protestan por la apertura de expedientes penales y administrativos para quienes han participado activamente en las marchas y actividades que vienen ocurriendo en el pa\u00eds desde el a\u00f1o pasado.<\/p>\n<p>Seg\u00fan se\u00f1ala la convocatoria, la CGT expresa que \u201cCon nuestra movilizaci\u00f3n, hemos puesto de manifiesto la falta de legitimidad del poder pol\u00edtico que nos impone una reforma laboral que anula nuestros derechos como trabajadores y una estafa disfrazada de crisis que nos endeuda de por vida individual y colectivamente como ciudadanos\u201d.<\/p>\n<p>Con un fuerte resguardo policial, la columna camin\u00f3 entonando gritos que ped\u00edan la dimisi\u00f3n de Felip Puig, as\u00ed como el fin del proceso en contra de Laura G\u00f3mez, impedida hoy de participar en la pac\u00edfica caminata por las calles de Barcelona.<\/p>\n<h4>En todas partes\u2026 la misma historia<\/h4>\n<p>Conversamos con un periodista que preparaba un reportaje para la televisi\u00f3n chilena donde quer\u00eda mostrar, seg\u00fan nos se\u00f1alaba, la inmensa diferencia que existe entre lo que realmente sucede en las manifestaciones y el relato que llega por medio de las agencias grandes. \u201chan satanizado el movimiento, uno ve que es una marcha tranquila, pero all\u00e1 llegan noticias como si aqu\u00ed estuvieran destruyendo la ciudad a piedra y fuego\u2026 por eso la idea es hacer un reportaje para que la gente vea all\u00e1 que en todas partes sucede lo mismo, una marcha es pac\u00edfica, llena de gente y lo que finalmente muestran son hechos aislados que dan la impresi\u00f3n de ser mucho m\u00e1s grande de lo que realmente fueron\u201d.<\/p>","protected":false},"excerpt":{"rendered":"<p>Las banderas rojinegras flamearon por las calles catalanas. La Confederaci\u00f3n General del Trabajo, convoco \u00a0para la ma\u00f1ana del s\u00e1bado a una marcha donde denunciaban el constante acoso y represi\u00f3n de la cual esta siendo parte el movimiento social que se opone a las medidas del gobierno<\/p>","protected":false},"author":75,"featured_media":0,"comment_status":"open","ping_status":"open","sticky":false,"template":"","format":"standard","meta":{"footnotes":""},"categories":[3,76],"tags":[],"class_list":["post-1864","post","type-post","status-publish","format-standard","hentry","category-actualidad","category-barcelona"],"yoast_head":"<!-- This site is optimized with the Yoast SEO plugin v27.5 - https:\/\/yoast.com\/product\/yoast-seo-wordpress\/ -->\n<title>Al grito de: &quot;\u00a1Los maleantes matan elefantes!&quot; - Revista Rambla<\/title>\n<meta name=\"robots\" content=\"index, follow, max-snippet:-1, max-image-preview:large, max-video-preview:-1\" \/>\n<link rel=\"canonical\" href=\"https:\/\/www.revistarambla.com\/en\/al-grito-de-los-maleantes-matan-elefantes\/\" \/>\n<meta property=\"og:locale\" content=\"en_GB\" \/>\n<meta property=\"og:type\" content=\"article\" \/>\n<meta property=\"og:title\" content=\"Al grito de: &quot;\u00a1Los maleantes matan elefantes!&quot; - Revista Rambla\" \/>\n<meta property=\"og:description\" content=\"Las banderas rojinegras flamearon por las calles catalanas. La Confederaci\u00f3n General del Trabajo, convoco \u00a0para la ma\u00f1ana del s\u00e1bado a una marcha donde denunciaban el constante acoso y represi\u00f3n de la cual esta siendo parte el movimiento social que se opone a las medidas del gobierno\" \/>\n<meta property=\"og:url\" content=\"https:\/\/www.revistarambla.com\/en\/al-grito-de-los-maleantes-matan-elefantes\/\" \/>\n<meta property=\"og:site_name\" content=\"Revista Rambla\" \/>\n<meta property=\"article:publisher\" content=\"https:\/\/www.facebook.com\/revistarambla\/\" \/>\n<meta property=\"article:published_time\" content=\"2012-06-18T03:51:42+00:00\" \/>\n<meta property=\"article:modified_time\" content=\"2021-12-20T18:21:12+00:00\" \/>\n<meta property=\"og:image\" content=\"https:\/\/www.revistarambla.com\/wp-content\/uploads\/2012\/06\/mani_cgt01(1).jpg\" \/>\n\t<meta property=\"og:image:width\" content=\"682\" \/>\n\t<meta property=\"og:image:height\" content=\"400\" \/>\n\t<meta property=\"og:image:type\" content=\"image\/jpeg\" \/>\n<meta name=\"author\" content=\"Juan Manuel Zurita Soto\" \/>\n<meta name=\"twitter:card\" content=\"summary_large_image\" \/>\n<meta name=\"twitter:creator\" content=\"@revistarambla\" \/>\n<meta name=\"twitter:site\" content=\"@revistarambla\" \/>\n<meta name=\"twitter:label1\" content=\"Written by\" \/>\n\t<meta name=\"twitter:data1\" content=\"Juan Manuel Zurita Soto\" \/>\n\t<meta name=\"twitter:label2\" content=\"Estimated reading time\" \/>\n\t<meta name=\"twitter:data2\" content=\"2 minutes\" \/>\n<script type=\"application\/ld+json\" class=\"yoast-schema-graph\">{\"@context\":\"https:\\\/\\\/schema.org\",\"@graph\":[{\"@type\":\"Article\",\"@id\":\"https:\\\/\\\/www.revistarambla.com\\\/al-grito-de-los-maleantes-matan-elefantes\\\/#article\",\"isPartOf\":{\"@id\":\"https:\\\/\\\/www.revistarambla.com\\\/al-grito-de-los-maleantes-matan-elefantes\\\/\"},\"author\":{\"name\":\"Juan Manuel Zurita Soto\",\"@id\":\"https:\\\/\\\/www.revistarambla.com\\\/#\\\/schema\\\/person\\\/c40e708c39e41ea1aa804e7fdab5b4d2\"},\"headline\":\"Al grito de: \u00ab\u00a1Los maleantes matan elefantes!\u00bb\",\"datePublished\":\"2012-06-18T03:51:42+00:00\",\"dateModified\":\"2021-12-20T18:21:12+00:00\",\"mainEntityOfPage\":{\"@id\":\"https:\\\/\\\/www.revistarambla.com\\\/al-grito-de-los-maleantes-matan-elefantes\\\/\"},\"wordCount\":379,\"commentCount\":0,\"publisher\":{\"@id\":\"https:\\\/\\\/www.revistarambla.com\\\/#organization\"},\"image\":{\"@id\":\"https:\\\/\\\/www.revistarambla.com\\\/al-grito-de-los-maleantes-matan-elefantes\\\/#primaryimage\"},\"thumbnailUrl\":\"https:\\\/\\\/www.revistarambla.com\\\/wp-content\\\/uploads\\\/2012\\\/06\\\/mani_cgt01%281%29.jpg\",\"articleSection\":[\"Actualidad\",\"Barcelona\"],\"inLanguage\":\"en-GB\",\"potentialAction\":[{\"@type\":\"CommentAction\",\"name\":\"Comment\",\"target\":[\"https:\\\/\\\/www.revistarambla.com\\\/al-grito-de-los-maleantes-matan-elefantes\\\/#respond\"]}]},{\"@type\":\"WebPage\",\"@id\":\"https:\\\/\\\/www.revistarambla.com\\\/al-grito-de-los-maleantes-matan-elefantes\\\/\",\"url\":\"https:\\\/\\\/www.revistarambla.com\\\/al-grito-de-los-maleantes-matan-elefantes\\\/\",\"name\":\"Al grito de: \\\"\u00a1Los maleantes matan elefantes!\\\" - Revista Rambla\",\"isPartOf\":{\"@id\":\"https:\\\/\\\/www.revistarambla.com\\\/#website\"},\"primaryImageOfPage\":{\"@id\":\"https:\\\/\\\/www.revistarambla.com\\\/al-grito-de-los-maleantes-matan-elefantes\\\/#primaryimage\"},\"image\":{\"@id\":\"https:\\\/\\\/www.revistarambla.com\\\/al-grito-de-los-maleantes-matan-elefantes\\\/#primaryimage\"},\"thumbnailUrl\":\"https:\\\/\\\/www.revistarambla.com\\\/wp-content\\\/uploads\\\/2012\\\/06\\\/mani_cgt01%281%29.jpg\",\"datePublished\":\"2012-06-18T03:51:42+00:00\",\"dateModified\":\"2021-12-20T18:21:12+00:00\",\"breadcrumb\":{\"@id\":\"https:\\\/\\\/www.revistarambla.com\\\/al-grito-de-los-maleantes-matan-elefantes\\\/#breadcrumb\"},\"inLanguage\":\"en-GB\",\"potentialAction\":[{\"@type\":\"ReadAction\",\"target\":[\"https:\\\/\\\/www.revistarambla.com\\\/al-grito-de-los-maleantes-matan-elefantes\\\/\"]}]},{\"@type\":\"ImageObject\",\"inLanguage\":\"en-GB\",\"@id\":\"https:\\\/\\\/www.revistarambla.com\\\/al-grito-de-los-maleantes-matan-elefantes\\\/#primaryimage\",\"url\":\"https:\\\/\\\/www.revistarambla.com\\\/wp-content\\\/uploads\\\/2012\\\/06\\\/mani_cgt01%281%29.jpg\",\"contentUrl\":\"https:\\\/\\\/www.revistarambla.com\\\/wp-content\\\/uploads\\\/2012\\\/06\\\/mani_cgt01%281%29.jpg\"},{\"@type\":\"BreadcrumbList\",\"@id\":\"https:\\\/\\\/www.revistarambla.com\\\/al-grito-de-los-maleantes-matan-elefantes\\\/#breadcrumb\",\"itemListElement\":[{\"@type\":\"ListItem\",\"position\":1,\"name\":\"Portada\",\"item\":\"https:\\\/\\\/www.revistarambla.com\\\/\"},{\"@type\":\"ListItem\",\"position\":2,\"name\":\"Al grito de: \u00ab\u00a1Los maleantes matan elefantes!\u00bb\"}]},{\"@type\":\"WebSite\",\"@id\":\"https:\\\/\\\/www.revistarambla.com\\\/#website\",\"url\":\"https:\\\/\\\/www.revistarambla.com\\\/\",\"name\":\"Revista Rambla Barcelona\",\"description\":\"Periodismo independiente\",\"publisher\":{\"@id\":\"https:\\\/\\\/www.revistarambla.com\\\/#organization\"},\"potentialAction\":[{\"@type\":\"SearchAction\",\"target\":{\"@type\":\"EntryPoint\",\"urlTemplate\":\"https:\\\/\\\/www.revistarambla.com\\\/?s={search_term_string}\"},\"query-input\":{\"@type\":\"PropertyValueSpecification\",\"valueRequired\":true,\"valueName\":\"search_term_string\"}}],\"inLanguage\":\"en-GB\"},{\"@type\":\"Organization\",\"@id\":\"https:\\\/\\\/www.revistarambla.com\\\/#organization\",\"name\":\"Revista Rambla\",\"url\":\"https:\\\/\\\/www.revistarambla.com\\\/\",\"logo\":{\"@type\":\"ImageObject\",\"inLanguage\":\"en-GB\",\"@id\":\"https:\\\/\\\/www.revistarambla.com\\\/#\\\/schema\\\/logo\\\/image\\\/\",\"url\":\"https:\\\/\\\/www.revistarambla.com\\\/wp-content\\\/uploads\\\/2020\\\/09\\\/banner_rambla_1900x600_BB.png\",\"contentUrl\":\"https:\\\/\\\/www.revistarambla.com\\\/wp-content\\\/uploads\\\/2020\\\/09\\\/banner_rambla_1900x600_BB.png\",\"width\":1900,\"height\":600,\"caption\":\"Revista Rambla\"},\"image\":{\"@id\":\"https:\\\/\\\/www.revistarambla.com\\\/#\\\/schema\\\/logo\\\/image\\\/\"},\"sameAs\":[\"https:\\\/\\\/www.facebook.com\\\/revistarambla\\\/\",\"https:\\\/\\\/x.com\\\/revistarambla\",\"https:\\\/\\\/www.instagram.com\\\/revista_rambla\",\"https:\\\/\\\/es.linkedin.com\\\/company\\\/revista-rambla\"]},{\"@type\":\"Person\",\"@id\":\"https:\\\/\\\/www.revistarambla.com\\\/#\\\/schema\\\/person\\\/c40e708c39e41ea1aa804e7fdab5b4d2\",\"name\":\"Juan Manuel Zurita Soto\",\"description\":\"Periodista.\",\"sameAs\":[\"https:\\\/\\\/www.instagram.com\\\/juanmanuelzuritasoto\\\/\",\"https:\\\/\\\/es.linkedin.com\\\/in\\\/juan-manuel-zurita-soto-7435b91b9\"]}]}<\/script>\n<!-- \/ Yoast SEO plugin. -->","yoast_head_json":{"title":"Al grito de: \"\u00a1Los maleantes matan elefantes!\" - Revista Rambla","robots":{"index":"index","follow":"follow","max-snippet":"max-snippet:-1","max-image-preview":"max-image-preview:large","max-video-preview":"max-video-preview:-1"},"canonical":"https:\/\/www.revistarambla.com\/en\/al-grito-de-los-maleantes-matan-elefantes\/","og_locale":"en_GB","og_type":"article","og_title":"Al grito de: \"\u00a1Los maleantes matan elefantes!\" - Revista Rambla","og_description":"Las banderas rojinegras flamearon por las calles catalanas. La Confederaci\u00f3n General del Trabajo, convoco \u00a0para la ma\u00f1ana del s\u00e1bado a una marcha donde denunciaban el constante acoso y represi\u00f3n de la cual esta siendo parte el movimiento social que se opone a las medidas del gobierno","og_url":"https:\/\/www.revistarambla.com\/en\/al-grito-de-los-maleantes-matan-elefantes\/","og_site_name":"Revista Rambla","article_publisher":"https:\/\/www.facebook.com\/revistarambla\/","article_published_time":"2012-06-18T03:51:42+00:00","article_modified_time":"2021-12-20T18:21:12+00:00","og_image":[{"width":682,"height":400,"url":"https:\/\/www.revistarambla.com\/wp-content\/uploads\/2012\/06\/mani_cgt01(1).jpg","type":"image\/jpeg"}],"author":"Juan Manuel Zurita Soto","twitter_card":"summary_large_image","twitter_creator":"@revistarambla","twitter_site":"@revistarambla","twitter_misc":{"Written by":"Juan Manuel Zurita Soto","Estimated reading time":"2 minutes"},"schema":{"@context":"https:\/\/schema.org","@graph":[{"@type":"Article","@id":"https:\/\/www.revistarambla.com\/al-grito-de-los-maleantes-matan-elefantes\/#article","isPartOf":{"@id":"https:\/\/www.revistarambla.com\/al-grito-de-los-maleantes-matan-elefantes\/"},"author":{"name":"Juan Manuel Zurita Soto","@id":"https:\/\/www.revistarambla.com\/#\/schema\/person\/c40e708c39e41ea1aa804e7fdab5b4d2"},"headline":"Al grito de: \u00ab\u00a1Los maleantes matan elefantes!\u00bb","datePublished":"2012-06-18T03:51:42+00:00","dateModified":"2021-12-20T18:21:12+00:00","mainEntityOfPage":{"@id":"https:\/\/www.revistarambla.com\/al-grito-de-los-maleantes-matan-elefantes\/"},"wordCount":379,"commentCount":0,"publisher":{"@id":"https:\/\/www.revistarambla.com\/#organization"},"image":{"@id":"https:\/\/www.revistarambla.com\/al-grito-de-los-maleantes-matan-elefantes\/#primaryimage"},"thumbnailUrl":"https:\/\/www.revistarambla.com\/wp-content\/uploads\/2012\/06\/mani_cgt01%281%29.jpg","articleSection":["Actualidad","Barcelona"],"inLanguage":"en-GB","potentialAction":[{"@type":"CommentAction","name":"Comment","target":["https:\/\/www.revistarambla.com\/al-grito-de-los-maleantes-matan-elefantes\/#respond"]}]},{"@type":"WebPage","@id":"https:\/\/www.revistarambla.com\/al-grito-de-los-maleantes-matan-elefantes\/","url":"https:\/\/www.revistarambla.com\/al-grito-de-los-maleantes-matan-elefantes\/","name":"Al grito de: \"\u00a1Los maleantes matan elefantes!\" - Revista Rambla","isPartOf":{"@id":"https:\/\/www.revistarambla.com\/#website"},"primaryImageOfPage":{"@id":"https:\/\/www.revistarambla.com\/al-grito-de-los-maleantes-matan-elefantes\/#primaryimage"},"image":{"@id":"https:\/\/www.revistarambla.com\/al-grito-de-los-maleantes-matan-elefantes\/#primaryimage"},"thumbnailUrl":"https:\/\/www.revistarambla.com\/wp-content\/uploads\/2012\/06\/mani_cgt01%281%29.jpg","datePublished":"2012-06-18T03:51:42+00:00","dateModified":"2021-12-20T18:21:12+00:00","breadcrumb":{"@id":"https:\/\/www.revistarambla.com\/al-grito-de-los-maleantes-matan-elefantes\/#breadcrumb"},"inLanguage":"en-GB","potentialAction":[{"@type":"ReadAction","target":["https:\/\/www.revistarambla.com\/al-grito-de-los-maleantes-matan-elefantes\/"]}]},{"@type":"ImageObject","inLanguage":"en-GB","@id":"https:\/\/www.revistarambla.com\/al-grito-de-los-maleantes-matan-elefantes\/#primaryimage","url":"https:\/\/www.revistarambla.com\/wp-content\/uploads\/2012\/06\/mani_cgt01%281%29.jpg","contentUrl":"https:\/\/www.revistarambla.com\/wp-content\/uploads\/2012\/06\/mani_cgt01%281%29.jpg"},{"@type":"BreadcrumbList","@id":"https:\/\/www.revistarambla.com\/al-grito-de-los-maleantes-matan-elefantes\/#breadcrumb","itemListElement":[{"@type":"ListItem","position":1,"name":"Portada","item":"https:\/\/www.revistarambla.com\/"},{"@type":"ListItem","position":2,"name":"Al grito de: \u00ab\u00a1Los maleantes matan elefantes!\u00bb"}]},{"@type":"WebSite","@id":"https:\/\/www.revistarambla.com\/#website","url":"https:\/\/www.revistarambla.com\/","name":"Revista Rambla Barcelona","description":"Periodismo independiente","publisher":{"@id":"https:\/\/www.revistarambla.com\/#organization"},"potentialAction":[{"@type":"SearchAction","target":{"@type":"EntryPoint","urlTemplate":"https:\/\/www.revistarambla.com\/?s={search_term_string}"},"query-input":{"@type":"PropertyValueSpecification","valueRequired":true,"valueName":"search_term_string"}}],"inLanguage":"en-GB"},{"@type":"Organization","@id":"https:\/\/www.revistarambla.com\/#organization","name":"Revista Rambla","url":"https:\/\/www.revistarambla.com\/","logo":{"@type":"ImageObject","inLanguage":"en-GB","@id":"https:\/\/www.revistarambla.com\/#\/schema\/logo\/image\/","url":"https:\/\/www.revistarambla.com\/wp-content\/uploads\/2020\/09\/banner_rambla_1900x600_BB.png","contentUrl":"https:\/\/www.revistarambla.com\/wp-content\/uploads\/2020\/09\/banner_rambla_1900x600_BB.png","width":1900,"height":600,"caption":"Revista Rambla"},"image":{"@id":"https:\/\/www.revistarambla.com\/#\/schema\/logo\/image\/"},"sameAs":["https:\/\/www.facebook.com\/revistarambla\/","https:\/\/x.com\/revistarambla","https:\/\/www.instagram.com\/revista_rambla","https:\/\/es.linkedin.com\/company\/revista-rambla"]},{"@type":"Person","@id":"https:\/\/www.revistarambla.com\/#\/schema\/person\/c40e708c39e41ea1aa804e7fdab5b4d2","name":"Juan Manuel Zurita Soto","description":"Periodista.","sameAs":["https:\/\/www.instagram.com\/juanmanuelzuritasoto\/","https:\/\/es.linkedin.com\/in\/juan-manuel-zurita-soto-7435b91b9"]}]}},"_links":{"self":[{"href":"https:\/\/www.revistarambla.com\/en\/wp-json\/wp\/v2\/posts\/1864","targetHints":{"allow":["GET"]}}],"collection":[{"href":"https:\/\/www.revistarambla.com\/en\/wp-json\/wp\/v2\/posts"}],"about":[{"href":"https:\/\/www.revistarambla.com\/en\/wp-json\/wp\/v2\/types\/post"}],"author":[{"embeddable":true,"href":"https:\/\/www.revistarambla.com\/en\/wp-json\/wp\/v2\/users\/75"}],"replies":[{"embeddable":true,"href":"https:\/\/www.revistarambla.com\/en\/wp-json\/wp\/v2\/comments?post=1864"}],"version-history":[{"count":0,"href":"https:\/\/www.revistarambla.com\/en\/wp-json\/wp\/v2\/posts\/1864\/revisions"}],"wp:attachment":[{"href":"https:\/\/www.revistarambla.com\/en\/wp-json\/wp\/v2\/media?parent=1864"}],"wp:term":[{"taxonomy":"category","embeddable":true,"href":"https:\/\/www.revistarambla.com\/en\/wp-json\/wp\/v2\/categories?post=1864"},{"taxonomy":"post_tag","embeddable":true,"href":"https:\/\/www.revistarambla.com\/en\/wp-json\/wp\/v2\/tags?post=1864"}],"curies":[{"name":"wp","href":"https:\/\/api.w.org\/{rel}","templated":true}]}}