{"id":1844,"date":"2012-06-10T09:43:55","date_gmt":"2012-06-10T09:43:55","guid":{"rendered":"https:\/\/www.revistarambla.com\/el-decreto-suspende-todos-los-pactos-sindicales-hasta-nuevo-aviso\/"},"modified":"2021-05-21T20:23:03","modified_gmt":"2021-05-21T18:23:03","slug":"el-decreto-suspende-todos-los-pactos-sindicales-hasta-nuevo-aviso","status":"publish","type":"post","link":"https:\/\/www.revistarambla.com\/en\/el-decreto-suspende-todos-los-pactos-sindicales-hasta-nuevo-aviso\/","title":{"rendered":"Roser Font (UGT): \u00abEl decreto suspende todos los pactos sindicales hasta nuevo aviso\u00bb"},"content":{"rendered":"<p><img decoding=\"async\" class=\"alignright\" src=\"https:\/\/www.revistarambla.com\/wp-content\/uploads\/2012\/06\/sindicalista.jpg\" alt=\"alt\" width=\"397\" height=\"233\" \/>El mes de junio ha llegado y, como todos los a\u00f1os, no queda sitio en las bibliotecas. Noches en vela para miles de estudiantes que han de pasar los \u00faltimos ex\u00e1menes antes de alcanzar la prometida recompensa de las vacaciones. Luego el verano, feliz par\u00e9ntesis para todos. Luego el retorno, y una vez m\u00e1s el ciclo vital del ecosistema educativo se completa, incompleto: le faltar\u00e1n los 4.886 millones de euros del tijeretazo aprobado por el Gobierno para el curso que viene.<\/p>\n<p>Con el fin de lograr el 3 % de d\u00e9ficit que Bruselas impone a Espa\u00f1a, el Ministerio de Educaci\u00f3n ha decidido elevar las tasas universitarias, aumentar las horas lectivas de los profesores e incrementar el n\u00famero de alumnos por clase, a la vez que se eliminar\u00e1n titulaciones y se reducir\u00e1 el salario de los maestros interinos. El sistema educativo asume, pues, gran parte del coste producido por la actual crisis financiera y somos muchos los que nos preguntamos por qu\u00e9. Roser Font, Secretaria de la Federaci\u00f3 de Treballadors de l\u2019Ensenyament de UGT Catalunya, nos responde:<\/p>\n<p>\u201cTanto el gobierno central como el catal\u00e1n se est\u00e1n aprovechando del discurso de la crisis para justificar la privatizaci\u00f3n, que es lo que quieren. Es un plan perfectamente orquestado: una vez que la gente se haya acostumbrado a pagar, lo mismo le dar\u00e1 pagar un servicio p\u00fablico que uno privado. Estamos viviendo el fin de un modelo de sociedad nacido tras la segunda guerra mundial, el Estado de Bienestar, con el cual se garantizaba salud y educaci\u00f3n para todos a trav\u00e9s del pago de impuestos y se procuraba no dejar a nadie excluido, mantener una comunidad cohesionada, con capacidad de progresar y enriquecerse. Ahora todo ha petado y de ser parte de un sistema productivo pasamos a serlo de un sistema financiero\u201d.<\/p>\n<p><strong>Puesto que Bruselas no impone por d\u00f3nde hay que recortar para alcanzar el 3 % de d\u00e9ficit, \u00bflas medidas adoptadas en Espa\u00f1a no podr\u00edan ser otras?<\/strong><\/p>\n<p>En vez de recortar por los dos pilares del Estado de bienestar, sanidad y educaci\u00f3n, desde UGT proponemos una reforma fiscal m\u00e1s justa: rebajar los impuestos en los productos b\u00e1sicos y quien m\u00e1s tenga que pague m\u00e1s y quien menos, menos.<\/p>\n<p>Por otra parte, durante los meses de negociaci\u00f3n con el Gobierno, nosotros ped\u00edamos un mayor control de las transacciones financieras y una mejor gesti\u00f3n de los recursos. Esto \u00faltimo podr\u00eda lograrse, por ejemplo, prescindiendo del enorme aparato de personal eventual que trabaja en la Administraci\u00f3n sin ser funcionarios: los asesores. \u00a1Pues resulta que todos tienen asesores!<\/p>\n<p><img decoding=\"async\" class=\"alignright\" src=\"https:\/\/www.revistarambla.com\/wp-content\/uploads\/2012\/06\/sindicalista_02.jpg\" alt=\"alt\" width=\"246\" height=\"401\" \/><strong>Entiendo que, en estos momentos, se est\u00e1n haciendo recortes de plantillas tambi\u00e9n a ese nivel\u2026<\/strong><\/p>\n<p>S\u00ed, pero no nos pasan informaci\u00f3n sobre el n\u00famero real de reducciones en el \u00e1mbito del personal eventual. De todos modos, la idea que ten\u00edamos a principio de curso de que con esta medida podr\u00eda evitarse el despido de 700 maestros interinos ha quedado ya desbordada por todo lo que fue sucediendo despu\u00e9s. Desde el mes de enero hasta la aprobaci\u00f3n del Presupuesto General y la ca\u00edda de los Decreto- ley de cada viernes la progresi\u00f3n ha sido brutal. Antes por recortes de tres horas lectivas a los profesores ya organiz\u00e1bamos huelgas, f\u00edjate lo que ha cambiado todo en tan poco tiempo.<\/p>\n<p><strong>\u00bfY en el presente, cu\u00e1l es el plan de lucha que propone UGT?<\/strong><\/p>\n<p>Ahora estamos en un estado de excepci\u00f3n en cuanto a las relaciones laborales. La gente aqu\u00ed est\u00e1 trastornada porque en el lapso de dos o tres meses (desde el momento en el que sali\u00f3 la Ley de medidas urgentes) han quedado en suspenso los pactos y los acuerdos sindicales hasta nuevo aviso. Este punto que aparece en el Decreto es algo tan fuerte que nuestros abogados han estado todo este tiempo para poder cre\u00e9rselo. Y, claro, una vez llegados hasta aqu\u00ed somos concientes de que lo \u00fanico que nos queda es movilizarnos. Entonces pasamos al otro tema: c\u00f3mo organizarnos, que es en lo que\u00a0 estamos ahora, d\u00eda s\u00ed, d\u00eda tambi\u00e9n.<\/p>\n<p><strong>\u00bfEn qu\u00e9 punto se encuentran las negociaciones con la Conselleria d\u2019Educaci\u00f3?<\/strong><\/p>\n<p>Una negociaci\u00f3n real no existe. Los recortes que nos quieren aplicar no se pueden aprobar si no hay mesas de negociaci\u00f3n porque es el procedimiento dictado por ley. Entonces las hacen como un mero tr\u00e1mite. No hay m\u00e1s que ver la din\u00e1mica: previamente a la reuni\u00f3n no tenemos ni el documento con las medidas que se quieren aprobar. \u00a1Nos lo dan el mismo d\u00eda!<\/p>\n<p>Luego las contrapropuestas son in\u00fatiles. No nos las aceptan. Nosotros expresamos nuestro rechazo (ya sin siquiera justificarlo porque los motivos son evidentes) y la persona que se nos pone delante, que viene de parte de la administraci\u00f3n, no dice nada porque muchas veces hasta est\u00e1 de acuerdo con nosotros. Simplemente nos comunica las resoluciones: \u201ces lo que hay y aqu\u00ed lo tienes\u201d.<\/p>\n<p><strong>Ante la poca (o nula) voluntad de di\u00e1logo por parte del Gobierno, \u00bfpens\u00e1is adoptar alguna otra medida adem\u00e1s de la protesta en la calle?<\/strong><\/p>\n<p>Hemos presentado un Recurso de inconstitucionalidad ante la Defensora del pueblo contra el Real Decreto de medidas urgentes que autoriza los recortes. Pero, sinceramente, no creo que sirva de mucho. La v\u00eda es la movilizaci\u00f3n en la calle. El d\u00eda 22, por ejemplo, tuvimos un \u00e9xito importante porque ya no s\u00f3lo es el profesorado el que est\u00e1 indignado sino toda la comunidad educativa. A la gente le llev\u00f3 tiempo reaccionar porque el mismo trastorno que sufrimos los sindicatos despu\u00e9s de la salida del Decreto se le ha transmitido. Pero ahora, como ya es algo tan grande lo que est\u00e1 pasando, todo el mundo lo ve claro y se posiciona.<\/p>\n<p><strong>\u00bfCu\u00e1l de los sectores del sistema educativo se ver\u00e1 m\u00e1s afectado por los recortes?<\/strong><\/p>\n<p>Todos. La educaci\u00f3n de 0-3 lo sufrir\u00e1 terriblemente porque va a haber a\u00fan menos plazas que antes y encima ser\u00e1n m\u00e1s caras. En primaria y secundaria, habr\u00e1 masificaci\u00f3n en las aulas porque aumentar\u00e1 la ratio de alumno por clase, lo cual empeorar\u00e1 la calidad de la ense\u00f1anza y elevar\u00e1 el \u00edndice de fracaso escolar.<\/p>\n<p>En cuanto a la FP, es preocupante que quede parado todo el proceso de innovaci\u00f3n. Aqu\u00ed la empresa privada tendr\u00eda que implicarse tambi\u00e9n, invertir, pero estamos en un pa\u00eds en el que \u00e9sta ha dimitido de su funci\u00f3n social.<\/p>\n<p><strong>Verano, vacaciones y \u201cvuelta al cole\u201d con los recortes ya aplicados. \u00bfC\u00f3mo contin\u00faa la historia?<\/strong><\/p>\n<p>Cuando volvamos en septiembre esperamos demostrar que con todos estos recortes se trabaja peor. Queremos que se visualice, que la sociedad lo vea y salga a la calle. En este tipo de trabajo s\u00f3lo nos queda la calle como arma de protesta porque todo lo que sea parar la producci\u00f3n es parar la educaci\u00f3n de los ni\u00f1os. Yo, como parte de un sindicato de trabajadores de la ense\u00f1anza, no puedo decirles a los maestros: \u201cCuando sean las 5 os vais\u201d. No, porque los ni\u00f1os tardan un rato en marchar y siempre hay alguno al que el padre a\u00fan no ha venido a buscarlo\u2026 El profesorado ahora se est\u00e1 replegando en las aulas. Los que son realmente profesionales lo \u00faltimo que abandonar\u00e1n es la relaci\u00f3n con los alumnos.<\/p>\n<p><img decoding=\"async\" class=\"aligncenter\" src=\"https:\/\/www.revistarambla.com\/wp-content\/uploads\/2012\/06\/sindicalista_01.jpg\" alt=\"alt\" width=\"550\" height=\"323\" \/><\/p>","protected":false},"excerpt":{"rendered":"<p>El mes de junio ha llegado y, como todos los a\u00f1os, no queda sitio en las bibliotecas. Noches en vela para miles de estudiantes que han de pasar los \u00faltimos ex\u00e1menes antes de alcanzar la prometida recompensa de las vacaciones. Luego el verano, feliz par\u00e9ntesis para todos. Luego el retorno, [&hellip;]<\/p>\n","protected":false},"author":1,"featured_media":0,"comment_status":"open","ping_status":"open","sticky":false,"template":"","format":"standard","meta":{"footnotes":""},"categories":[3,59],"tags":[],"class_list":["post-1844","post","type-post","status-publish","format-standard","hentry","category-actualidad","category-catalunya"],"yoast_head":"<!-- This site is optimized with the Yoast SEO plugin v27.5 - https:\/\/yoast.com\/product\/yoast-seo-wordpress\/ -->\n<title>Roser Font (UGT): &quot;El decreto suspende todos los pactos sindicales hasta nuevo aviso&quot; - Revista Rambla<\/title>\n<meta name=\"robots\" content=\"index, follow, max-snippet:-1, max-image-preview:large, max-video-preview:-1\" \/>\n<link rel=\"canonical\" href=\"https:\/\/www.revistarambla.com\/en\/el-decreto-suspende-todos-los-pactos-sindicales-hasta-nuevo-aviso\/\" \/>\n<meta property=\"og:locale\" content=\"en_GB\" \/>\n<meta property=\"og:type\" content=\"article\" \/>\n<meta property=\"og:title\" content=\"Roser Font (UGT): &quot;El decreto suspende todos los pactos sindicales hasta nuevo aviso&quot; - Revista Rambla\" \/>\n<meta property=\"og:description\" content=\"El mes de junio ha llegado y, como todos los a\u00f1os, no queda sitio en las bibliotecas. Noches en vela para miles de estudiantes que han de pasar los \u00faltimos ex\u00e1menes antes de alcanzar la prometida recompensa de las vacaciones. Luego el verano, feliz par\u00e9ntesis para todos. Luego el retorno, [&hellip;]\" \/>\n<meta property=\"og:url\" content=\"https:\/\/www.revistarambla.com\/en\/el-decreto-suspende-todos-los-pactos-sindicales-hasta-nuevo-aviso\/\" \/>\n<meta property=\"og:site_name\" content=\"Revista Rambla\" \/>\n<meta property=\"article:publisher\" content=\"https:\/\/www.facebook.com\/revistarambla\/\" \/>\n<meta property=\"article:published_time\" content=\"2012-06-10T09:43:55+00:00\" \/>\n<meta property=\"article:modified_time\" content=\"2021-05-21T18:23:03+00:00\" \/>\n<meta property=\"og:image\" content=\"https:\/\/i0.wp.com\/www.revistarambla.com\/wp-content\/uploads\/2012\/06\/sindicalista.jpg?fit=682%2C400&ssl=1\" \/>\n\t<meta property=\"og:image:width\" content=\"682\" \/>\n\t<meta property=\"og:image:height\" content=\"400\" \/>\n\t<meta property=\"og:image:type\" content=\"image\/jpeg\" \/>\n<meta name=\"author\" content=\"Flor Ragucci\" \/>\n<meta name=\"twitter:card\" content=\"summary_large_image\" \/>\n<meta name=\"twitter:creator\" content=\"@revistarambla\" \/>\n<meta name=\"twitter:site\" content=\"@revistarambla\" \/>\n<meta name=\"twitter:label1\" content=\"Written by\" \/>\n\t<meta name=\"twitter:data1\" content=\"Flor Ragucci\" \/>\n\t<meta name=\"twitter:label2\" content=\"Estimated reading time\" \/>\n\t<meta name=\"twitter:data2\" content=\"6 minutes\" \/>\n<script type=\"application\/ld+json\" class=\"yoast-schema-graph\">{\"@context\":\"https:\\\/\\\/schema.org\",\"@graph\":[{\"@type\":\"Article\",\"@id\":\"https:\\\/\\\/www.revistarambla.com\\\/el-decreto-suspende-todos-los-pactos-sindicales-hasta-nuevo-aviso\\\/#article\",\"isPartOf\":{\"@id\":\"https:\\\/\\\/www.revistarambla.com\\\/el-decreto-suspende-todos-los-pactos-sindicales-hasta-nuevo-aviso\\\/\"},\"author\":{\"name\":\"Flor Ragucci\",\"@id\":\"https:\\\/\\\/www.revistarambla.com\\\/#\\\/schema\\\/person\\\/4a5652fc8c82df1f8593002d038cd79e\"},\"headline\":\"Roser Font (UGT): \u00abEl decreto suspende todos los pactos sindicales hasta nuevo aviso\u00bb\",\"datePublished\":\"2012-06-10T09:43:55+00:00\",\"dateModified\":\"2021-05-21T18:23:03+00:00\",\"mainEntityOfPage\":{\"@id\":\"https:\\\/\\\/www.revistarambla.com\\\/el-decreto-suspende-todos-los-pactos-sindicales-hasta-nuevo-aviso\\\/\"},\"wordCount\":1277,\"commentCount\":0,\"publisher\":{\"@id\":\"https:\\\/\\\/www.revistarambla.com\\\/#organization\"},\"image\":{\"@id\":\"https:\\\/\\\/www.revistarambla.com\\\/el-decreto-suspende-todos-los-pactos-sindicales-hasta-nuevo-aviso\\\/#primaryimage\"},\"thumbnailUrl\":\"https:\\\/\\\/www.revistarambla.com\\\/wp-content\\\/uploads\\\/2012\\\/06\\\/sindicalista.jpg\",\"articleSection\":[\"Actualidad\",\"Catalunya\"],\"inLanguage\":\"en-GB\",\"potentialAction\":[{\"@type\":\"CommentAction\",\"name\":\"Comment\",\"target\":[\"https:\\\/\\\/www.revistarambla.com\\\/el-decreto-suspende-todos-los-pactos-sindicales-hasta-nuevo-aviso\\\/#respond\"]}]},{\"@type\":\"WebPage\",\"@id\":\"https:\\\/\\\/www.revistarambla.com\\\/el-decreto-suspende-todos-los-pactos-sindicales-hasta-nuevo-aviso\\\/\",\"url\":\"https:\\\/\\\/www.revistarambla.com\\\/el-decreto-suspende-todos-los-pactos-sindicales-hasta-nuevo-aviso\\\/\",\"name\":\"Roser Font (UGT): \\\"El decreto suspende todos los pactos sindicales hasta nuevo aviso\\\" - Revista Rambla\",\"isPartOf\":{\"@id\":\"https:\\\/\\\/www.revistarambla.com\\\/#website\"},\"primaryImageOfPage\":{\"@id\":\"https:\\\/\\\/www.revistarambla.com\\\/el-decreto-suspende-todos-los-pactos-sindicales-hasta-nuevo-aviso\\\/#primaryimage\"},\"image\":{\"@id\":\"https:\\\/\\\/www.revistarambla.com\\\/el-decreto-suspende-todos-los-pactos-sindicales-hasta-nuevo-aviso\\\/#primaryimage\"},\"thumbnailUrl\":\"https:\\\/\\\/www.revistarambla.com\\\/wp-content\\\/uploads\\\/2012\\\/06\\\/sindicalista.jpg\",\"datePublished\":\"2012-06-10T09:43:55+00:00\",\"dateModified\":\"2021-05-21T18:23:03+00:00\",\"breadcrumb\":{\"@id\":\"https:\\\/\\\/www.revistarambla.com\\\/el-decreto-suspende-todos-los-pactos-sindicales-hasta-nuevo-aviso\\\/#breadcrumb\"},\"inLanguage\":\"en-GB\",\"potentialAction\":[{\"@type\":\"ReadAction\",\"target\":[\"https:\\\/\\\/www.revistarambla.com\\\/el-decreto-suspende-todos-los-pactos-sindicales-hasta-nuevo-aviso\\\/\"]}]},{\"@type\":\"ImageObject\",\"inLanguage\":\"en-GB\",\"@id\":\"https:\\\/\\\/www.revistarambla.com\\\/el-decreto-suspende-todos-los-pactos-sindicales-hasta-nuevo-aviso\\\/#primaryimage\",\"url\":\"https:\\\/\\\/www.revistarambla.com\\\/wp-content\\\/uploads\\\/2012\\\/06\\\/sindicalista.jpg\",\"contentUrl\":\"https:\\\/\\\/www.revistarambla.com\\\/wp-content\\\/uploads\\\/2012\\\/06\\\/sindicalista.jpg\"},{\"@type\":\"BreadcrumbList\",\"@id\":\"https:\\\/\\\/www.revistarambla.com\\\/el-decreto-suspende-todos-los-pactos-sindicales-hasta-nuevo-aviso\\\/#breadcrumb\",\"itemListElement\":[{\"@type\":\"ListItem\",\"position\":1,\"name\":\"Portada\",\"item\":\"https:\\\/\\\/www.revistarambla.com\\\/\"},{\"@type\":\"ListItem\",\"position\":2,\"name\":\"Roser Font (UGT): \u00abEl decreto suspende todos los pactos sindicales hasta nuevo aviso\u00bb\"}]},{\"@type\":\"WebSite\",\"@id\":\"https:\\\/\\\/www.revistarambla.com\\\/#website\",\"url\":\"https:\\\/\\\/www.revistarambla.com\\\/\",\"name\":\"Revista Rambla Barcelona\",\"description\":\"Periodismo independiente\",\"publisher\":{\"@id\":\"https:\\\/\\\/www.revistarambla.com\\\/#organization\"},\"potentialAction\":[{\"@type\":\"SearchAction\",\"target\":{\"@type\":\"EntryPoint\",\"urlTemplate\":\"https:\\\/\\\/www.revistarambla.com\\\/?s={search_term_string}\"},\"query-input\":{\"@type\":\"PropertyValueSpecification\",\"valueRequired\":true,\"valueName\":\"search_term_string\"}}],\"inLanguage\":\"en-GB\"},{\"@type\":\"Organization\",\"@id\":\"https:\\\/\\\/www.revistarambla.com\\\/#organization\",\"name\":\"Revista Rambla\",\"url\":\"https:\\\/\\\/www.revistarambla.com\\\/\",\"logo\":{\"@type\":\"ImageObject\",\"inLanguage\":\"en-GB\",\"@id\":\"https:\\\/\\\/www.revistarambla.com\\\/#\\\/schema\\\/logo\\\/image\\\/\",\"url\":\"https:\\\/\\\/www.revistarambla.com\\\/wp-content\\\/uploads\\\/2020\\\/09\\\/banner_rambla_1900x600_BB.png\",\"contentUrl\":\"https:\\\/\\\/www.revistarambla.com\\\/wp-content\\\/uploads\\\/2020\\\/09\\\/banner_rambla_1900x600_BB.png\",\"width\":1900,\"height\":600,\"caption\":\"Revista Rambla\"},\"image\":{\"@id\":\"https:\\\/\\\/www.revistarambla.com\\\/#\\\/schema\\\/logo\\\/image\\\/\"},\"sameAs\":[\"https:\\\/\\\/www.facebook.com\\\/revistarambla\\\/\",\"https:\\\/\\\/x.com\\\/revistarambla\",\"https:\\\/\\\/www.instagram.com\\\/revista_rambla\",\"https:\\\/\\\/es.linkedin.com\\\/company\\\/revista-rambla\"]},{\"@type\":\"Person\",\"@id\":\"https:\\\/\\\/www.revistarambla.com\\\/#\\\/schema\\\/person\\\/4a5652fc8c82df1f8593002d038cd79e\",\"name\":\"Flor Ragucci\",\"description\":\"Periodista.\",\"sameAs\":[\"https:\\\/\\\/www.revistarambla.com\\\/\"]}]}<\/script>\n<!-- \/ Yoast SEO plugin. -->","yoast_head_json":{"title":"Roser Font (UGT): \"El decreto suspende todos los pactos sindicales hasta nuevo aviso\" - Revista Rambla","robots":{"index":"index","follow":"follow","max-snippet":"max-snippet:-1","max-image-preview":"max-image-preview:large","max-video-preview":"max-video-preview:-1"},"canonical":"https:\/\/www.revistarambla.com\/en\/el-decreto-suspende-todos-los-pactos-sindicales-hasta-nuevo-aviso\/","og_locale":"en_GB","og_type":"article","og_title":"Roser Font (UGT): \"El decreto suspende todos los pactos sindicales hasta nuevo aviso\" - Revista Rambla","og_description":"El mes de junio ha llegado y, como todos los a\u00f1os, no queda sitio en las bibliotecas. Noches en vela para miles de estudiantes que han de pasar los \u00faltimos ex\u00e1menes antes de alcanzar la prometida recompensa de las vacaciones. Luego el verano, feliz par\u00e9ntesis para todos. Luego el retorno, [&hellip;]","og_url":"https:\/\/www.revistarambla.com\/en\/el-decreto-suspende-todos-los-pactos-sindicales-hasta-nuevo-aviso\/","og_site_name":"Revista Rambla","article_publisher":"https:\/\/www.facebook.com\/revistarambla\/","article_published_time":"2012-06-10T09:43:55+00:00","article_modified_time":"2021-05-21T18:23:03+00:00","og_image":[{"width":682,"height":400,"url":"https:\/\/i0.wp.com\/www.revistarambla.com\/wp-content\/uploads\/2012\/06\/sindicalista.jpg?fit=682%2C400&ssl=1","type":"image\/jpeg"}],"author":"Flor Ragucci","twitter_card":"summary_large_image","twitter_creator":"@revistarambla","twitter_site":"@revistarambla","twitter_misc":{"Written by":"Flor Ragucci","Estimated reading time":"6 minutes"},"schema":{"@context":"https:\/\/schema.org","@graph":[{"@type":"Article","@id":"https:\/\/www.revistarambla.com\/el-decreto-suspende-todos-los-pactos-sindicales-hasta-nuevo-aviso\/#article","isPartOf":{"@id":"https:\/\/www.revistarambla.com\/el-decreto-suspende-todos-los-pactos-sindicales-hasta-nuevo-aviso\/"},"author":{"name":"Flor Ragucci","@id":"https:\/\/www.revistarambla.com\/#\/schema\/person\/4a5652fc8c82df1f8593002d038cd79e"},"headline":"Roser Font (UGT): \u00abEl decreto suspende todos los pactos sindicales hasta nuevo aviso\u00bb","datePublished":"2012-06-10T09:43:55+00:00","dateModified":"2021-05-21T18:23:03+00:00","mainEntityOfPage":{"@id":"https:\/\/www.revistarambla.com\/el-decreto-suspende-todos-los-pactos-sindicales-hasta-nuevo-aviso\/"},"wordCount":1277,"commentCount":0,"publisher":{"@id":"https:\/\/www.revistarambla.com\/#organization"},"image":{"@id":"https:\/\/www.revistarambla.com\/el-decreto-suspende-todos-los-pactos-sindicales-hasta-nuevo-aviso\/#primaryimage"},"thumbnailUrl":"https:\/\/www.revistarambla.com\/wp-content\/uploads\/2012\/06\/sindicalista.jpg","articleSection":["Actualidad","Catalunya"],"inLanguage":"en-GB","potentialAction":[{"@type":"CommentAction","name":"Comment","target":["https:\/\/www.revistarambla.com\/el-decreto-suspende-todos-los-pactos-sindicales-hasta-nuevo-aviso\/#respond"]}]},{"@type":"WebPage","@id":"https:\/\/www.revistarambla.com\/el-decreto-suspende-todos-los-pactos-sindicales-hasta-nuevo-aviso\/","url":"https:\/\/www.revistarambla.com\/el-decreto-suspende-todos-los-pactos-sindicales-hasta-nuevo-aviso\/","name":"Roser Font (UGT): \"El decreto suspende todos los pactos sindicales hasta nuevo aviso\" - Revista Rambla","isPartOf":{"@id":"https:\/\/www.revistarambla.com\/#website"},"primaryImageOfPage":{"@id":"https:\/\/www.revistarambla.com\/el-decreto-suspende-todos-los-pactos-sindicales-hasta-nuevo-aviso\/#primaryimage"},"image":{"@id":"https:\/\/www.revistarambla.com\/el-decreto-suspende-todos-los-pactos-sindicales-hasta-nuevo-aviso\/#primaryimage"},"thumbnailUrl":"https:\/\/www.revistarambla.com\/wp-content\/uploads\/2012\/06\/sindicalista.jpg","datePublished":"2012-06-10T09:43:55+00:00","dateModified":"2021-05-21T18:23:03+00:00","breadcrumb":{"@id":"https:\/\/www.revistarambla.com\/el-decreto-suspende-todos-los-pactos-sindicales-hasta-nuevo-aviso\/#breadcrumb"},"inLanguage":"en-GB","potentialAction":[{"@type":"ReadAction","target":["https:\/\/www.revistarambla.com\/el-decreto-suspende-todos-los-pactos-sindicales-hasta-nuevo-aviso\/"]}]},{"@type":"ImageObject","inLanguage":"en-GB","@id":"https:\/\/www.revistarambla.com\/el-decreto-suspende-todos-los-pactos-sindicales-hasta-nuevo-aviso\/#primaryimage","url":"https:\/\/www.revistarambla.com\/wp-content\/uploads\/2012\/06\/sindicalista.jpg","contentUrl":"https:\/\/www.revistarambla.com\/wp-content\/uploads\/2012\/06\/sindicalista.jpg"},{"@type":"BreadcrumbList","@id":"https:\/\/www.revistarambla.com\/el-decreto-suspende-todos-los-pactos-sindicales-hasta-nuevo-aviso\/#breadcrumb","itemListElement":[{"@type":"ListItem","position":1,"name":"Portada","item":"https:\/\/www.revistarambla.com\/"},{"@type":"ListItem","position":2,"name":"Roser Font (UGT): \u00abEl decreto suspende todos los pactos sindicales hasta nuevo aviso\u00bb"}]},{"@type":"WebSite","@id":"https:\/\/www.revistarambla.com\/#website","url":"https:\/\/www.revistarambla.com\/","name":"Revista Rambla Barcelona","description":"Periodismo independiente","publisher":{"@id":"https:\/\/www.revistarambla.com\/#organization"},"potentialAction":[{"@type":"SearchAction","target":{"@type":"EntryPoint","urlTemplate":"https:\/\/www.revistarambla.com\/?s={search_term_string}"},"query-input":{"@type":"PropertyValueSpecification","valueRequired":true,"valueName":"search_term_string"}}],"inLanguage":"en-GB"},{"@type":"Organization","@id":"https:\/\/www.revistarambla.com\/#organization","name":"Revista Rambla","url":"https:\/\/www.revistarambla.com\/","logo":{"@type":"ImageObject","inLanguage":"en-GB","@id":"https:\/\/www.revistarambla.com\/#\/schema\/logo\/image\/","url":"https:\/\/www.revistarambla.com\/wp-content\/uploads\/2020\/09\/banner_rambla_1900x600_BB.png","contentUrl":"https:\/\/www.revistarambla.com\/wp-content\/uploads\/2020\/09\/banner_rambla_1900x600_BB.png","width":1900,"height":600,"caption":"Revista Rambla"},"image":{"@id":"https:\/\/www.revistarambla.com\/#\/schema\/logo\/image\/"},"sameAs":["https:\/\/www.facebook.com\/revistarambla\/","https:\/\/x.com\/revistarambla","https:\/\/www.instagram.com\/revista_rambla","https:\/\/es.linkedin.com\/company\/revista-rambla"]},{"@type":"Person","@id":"https:\/\/www.revistarambla.com\/#\/schema\/person\/4a5652fc8c82df1f8593002d038cd79e","name":"Flor Ragucci","description":"Periodista.","sameAs":["https:\/\/www.revistarambla.com\/"]}]}},"_links":{"self":[{"href":"https:\/\/www.revistarambla.com\/en\/wp-json\/wp\/v2\/posts\/1844","targetHints":{"allow":["GET"]}}],"collection":[{"href":"https:\/\/www.revistarambla.com\/en\/wp-json\/wp\/v2\/posts"}],"about":[{"href":"https:\/\/www.revistarambla.com\/en\/wp-json\/wp\/v2\/types\/post"}],"author":[{"embeddable":true,"href":"https:\/\/www.revistarambla.com\/en\/wp-json\/wp\/v2\/users\/1"}],"replies":[{"embeddable":true,"href":"https:\/\/www.revistarambla.com\/en\/wp-json\/wp\/v2\/comments?post=1844"}],"version-history":[{"count":0,"href":"https:\/\/www.revistarambla.com\/en\/wp-json\/wp\/v2\/posts\/1844\/revisions"}],"wp:attachment":[{"href":"https:\/\/www.revistarambla.com\/en\/wp-json\/wp\/v2\/media?parent=1844"}],"wp:term":[{"taxonomy":"category","embeddable":true,"href":"https:\/\/www.revistarambla.com\/en\/wp-json\/wp\/v2\/categories?post=1844"},{"taxonomy":"post_tag","embeddable":true,"href":"https:\/\/www.revistarambla.com\/en\/wp-json\/wp\/v2\/tags?post=1844"}],"curies":[{"name":"wp","href":"https:\/\/api.w.org\/{rel}","templated":true}]}}