{"id":1822,"date":"2012-06-06T15:30:41","date_gmt":"2012-06-06T15:30:41","guid":{"rendered":"https:\/\/www.revistarambla.com\/i-del-no-res-tot-i-postmortem\/"},"modified":"2021-05-20T19:45:03","modified_gmt":"2021-05-20T17:45:03","slug":"i-del-no-res-tot-i-postmortem","status":"publish","type":"post","link":"https:\/\/www.revistarambla.com\/en\/i-del-no-res-tot-i-postmortem\/","title":{"rendered":"&#8216;I del No-res, tot i Post Mortem&#8217;"},"content":{"rendered":"<p><img decoding=\"async\" class=\"alignright\" src=\"https:\/\/www.revistarambla.com\/wp-content\/uploads\/2012\/06\/post11%281%29.jpg\" alt=\"alt\" width=\"312\" height=\"183\" \/><em>I del No-res, toti PostMortem<\/em> s\u00f3n dos poemes llargs, m\u00f2bils, canviants, no finits, gaireb\u00e9 improvisats, urgents, que potser deixen de ser, fins i tot, un poema. Podr\u00edem qualificar-los de reflexi\u00f3 cr\u00edtica escrita en vers, o d&#8217;un assaig d&#8217;all\u00f2, de tot all\u00f2, que podria Ser i\/o Esdevenir; Per\u00f2 tamb\u00e9 s\u00f3n un cant o c\u00e0ntic inevitablement l\u00edric, i una provatura, i una necessitat, i una evocaci\u00f3, i segurament, tamb\u00e9, un desig.<\/p>\n<p>Un desig que camina paral\u00b7lelament a aquests mots que s&#8217;interpel\u00b7len i avancen sense punts suspensius ni la rigidesa d&#8217;unes guies excessivament definit\u00f2ries; tot com una mena de re-apropiaci\u00f3 d&#8217;espais i verbs que ens re-situen a l&#8217;ombra del gest\/fet\/lloc d&#8217;on no hem marxat mai i que sempre hem reconegut. I com que la radicalitat s&#8217;allunya de les prestatgeries mortu\u00f2ries de qualsevol cementiri, s&#8217;hi respira pensament i literatura, poesia i viol\u00e8ncia, concreci\u00f3 poc realista i simbolisme com\u00fa, tot amb absoluta coher\u00e8ncia no-coherent per convicci\u00f3 i amb gran desmesura dubitativa.<\/p>\n<p>Malgrat que segurament totes aquestes afirmacions s\u00f3n f\u00e0cilment q\u00fcestionables i \u00e0dhuc rebatibles. I un llibre nom\u00e9s \u00e9s aix\u00f2. Un llibre. I aquest pret\u00e9n compartir totes les met\u00e0fores quotidianes d&#8217;aquest Art de Viure en rebel\u00b7li\u00f3 contra l&#8217;emmetzinament i la grisor que l&#8217;Imperi ens imposa llaurant llavors d&#8217;espectacle, usura i subordinaci\u00f3 mesella.<\/p>\n<p>Lluny de la resist\u00e8ncia i ben a prop de totes les possibilitats possibles. Ben poc i tant, que aqu\u00ed ho deixem. Que vol dir que aqu\u00ed comen\u00e7a. I com b\u00e9 diu en Carles Hac Mor: Aquest poema no vol dir res, i tanmateix ja ha dit massa.<\/p>\n<p>El llibre comptar\u00e0 amb dos poemes-pr\u00f2leg de Gerard Horta i de Carles Rebassa i els dos poemes riu de David Ca\u00f1o amb il\u00b7lustracions de Pep Boatella.<\/p>\n<p><strong>BIOGRAFIES<\/strong><\/p>\n<p>David Ca\u00f1o (Olot, 1980). Com a poeta ha estat guardonat amb el Premi Amadeu Oller 2007 per \u00abBarcelona\u00bb (Editorial Galerada, 2007) i amb el Premi Vila de Lloseta 2009 per \u00abHe vist el futur en 4D\u00bb (Editorial Moll, 2009). Tamb\u00e9 apareix a les antologies po\u00e8tiques \u201cNing\u00fa no ens representa. Poetes emprenyats\u201d (Setzevents, 2011), \u201cPrice i cia\u201d (Pont del petroli, 2011) i \u201cPoetes a la xarxa\u201d (Poems amp;amp; Blogs, 2010). En aquests darrers anys ha realitzat desenes de recitals arreu dels Pa\u00efsos Catalans, ja sigui en solitari o acompanyant el cantautor Cesk Freixas amb l&#8217;espectacle po\u00e8tico-musical \u201cVers la veu la teva paraula\u201d. Tamb\u00e9 ha col\u00b7laborat, o col\u00b7labora, en diverses publicacions entre les quals destaquen Benzina, La Directa, L&#8217;Accent i Illacrua.<\/p>\n<p>Carles Rebassa (Palma, 1977). Ha publicat \u201cRequiescat in pace\u201d (1998), juntament amb Pere Perell\u00f3, \u201cPoema B\u201d (2006), i \u201cEls joves i les v\u00eddues\u201d (2006), obra guardonada amb el Premi Ausi\u00e0s March. Tamb\u00e9 ha participat al recull po\u00e8tic \u201cNing\u00fa no ens representa. Poetes emprenyats\u201d (Setzevents, 2011). Ha treballat com a actor, dramaturg i constructor d\u2019escenaris per a la companyia Mag Teatre, amb la posada en escena d\u2019obres de Joan Oliver, Josep Palau i Fabre, Blai Bonet, Joan Brossa i Ramon Llull, entre molts altres. Juntament amb el m\u00fasic Toti Soler, ha presentat Un home reparteix fulls clandestins, espectacle po\u00e8tic basat en l\u2019obra de Joan Brossa; i amb la cantant Ester Formosa ha creat l\u2019espectacle Deu catalans i un rus. Ha col\u00b7laborat amb Biel Mesquida en la preparaci\u00f3 d\u2019Auca, un gui\u00f3 cinematogr\u00e0fic basat en el poema del mateix t\u00edtol de Bartomeu Rossell\u00f3-P\u00f2rcel. Recentment ha acabat la seva recerca sobre la vida i l\u2019obra del poeta Blai Bonet: Mite i pols de Blai Bonet i actualment treballa en la novel\u00b7la Prometeu vist de mil maneres.<\/p>\n<p>Gerard Horta(Barcelona, 1962). Ve\u00ed de Nou Barris (Barcelona) des de fa un parell d\u2019anys, treballa com a professor lector al Departament d\u2019Antropologia Social de la Universitat de Barcelona. Ha publicat quatre llibres d\u2019antropologia i, malgrat que no es considera poeta, tamb\u00e9 ha publicat els poemaris Queda\u2019t a Macau i apr\u00e8n-ne! (L\u2019Aixernador, Argentona, 1991); L\u2019erecci\u00f3 de l\u2019instint espiritual (o l\u2019amor dels trobadors) (L\u2019Aixernador, Argentona, 1995); Nit a Chiapas (Edicions 62, Barcelona, 2000), i Balada de l\u2019holand\u00e8s errant Fauleta per a quasi-cad\u00e0vers. Amb el potent\u00edssim grup de rock Triulet ha musicat i representat la Balada&#8230;, de la qual se n\u2019ha fet el CD corresponent, que ha estat medi\u00e0ticament silenciat com cal. Un dia d\u2019aquests fundar\u00e0 un grup religi\u00f3s de caire apocalipticista, per tocar els collons.<\/p>\n<ul>\n<li>Nom: PostMortem \/ I del no-res, TOT<\/li>\n<li>Autor: David Ca\u00f1o<\/li>\n<li>Editorial: Tigre de Paper | Edicions<\/li>\n<li>Pr\u00f2legs:Gerard Horta i Carles Rebassa<\/li>\n<li>Portada i il\u00b7lustracions: Pep Boatella<\/li>\n<li>Maquetaci\u00f3: Sim\u00f3n V\u00e1zquez<\/li>\n<li>ISBN: 978-84-938960-3-4<\/li>\n<li>P\u00e0gines: 96<\/li>\n<li>Preu subscripci\u00f3: 10,20\u20ac<\/li>\n<li>Preu sense subscripci\u00f3: 12\u20ac<\/li>\n<li>Drets: Creative Commons (Reconeixement,No Comercial, Sense Obres Derivades)<\/li>\n<li>Tamany: 120&#215;210 mm<\/li>\n<li>Enquadernaci\u00f3: Carton\u00e9<\/li>\n<\/ul>","protected":false},"excerpt":{"rendered":"<p>I del No-res, toti PostMortem s\u00f3n dos poemes llargs, m\u00f2bils, canviants, no finits, gaireb\u00e9 improvisats, urgents, que potser deixen de ser, fins i tot, un poema. Podr\u00edem qualificar-los de reflexi\u00f3 cr\u00edtica escrita en vers, o d&#8217;un assaig d&#8217;all\u00f2, de tot all\u00f2, que podria Ser i\/o Esdevenir; Per\u00f2 tamb\u00e9 s\u00f3n un [&hellip;]<\/p>\n","protected":false},"author":3,"featured_media":0,"comment_status":"open","ping_status":"open","sticky":false,"template":"","format":"standard","meta":{"footnotes":""},"categories":[4,60],"tags":[],"class_list":["post-1822","post","type-post","status-publish","format-standard","hentry","category-cultura","category-libros"],"yoast_head":"<!-- This site is optimized with the Yoast SEO plugin v27.5 - https:\/\/yoast.com\/product\/yoast-seo-wordpress\/ -->\n<title>&#039;I del No-res, tot i Post Mortem&#039; - Revista Rambla<\/title>\n<meta name=\"robots\" content=\"index, follow, max-snippet:-1, max-image-preview:large, max-video-preview:-1\" \/>\n<link rel=\"canonical\" href=\"https:\/\/www.revistarambla.com\/en\/i-del-no-res-tot-i-postmortem\/\" \/>\n<meta property=\"og:locale\" content=\"en_GB\" \/>\n<meta property=\"og:type\" content=\"article\" \/>\n<meta property=\"og:title\" content=\"&#039;I del No-res, tot i Post Mortem&#039; - Revista Rambla\" \/>\n<meta property=\"og:description\" content=\"I del No-res, toti PostMortem s\u00f3n dos poemes llargs, m\u00f2bils, canviants, no finits, gaireb\u00e9 improvisats, urgents, que potser deixen de ser, fins i tot, un poema. Podr\u00edem qualificar-los de reflexi\u00f3 cr\u00edtica escrita en vers, o d&#8217;un assaig d&#8217;all\u00f2, de tot all\u00f2, que podria Ser i\/o Esdevenir; Per\u00f2 tamb\u00e9 s\u00f3n un [&hellip;]\" \/>\n<meta property=\"og:url\" content=\"https:\/\/www.revistarambla.com\/en\/i-del-no-res-tot-i-postmortem\/\" \/>\n<meta property=\"og:site_name\" content=\"Revista Rambla\" \/>\n<meta property=\"article:publisher\" content=\"https:\/\/www.facebook.com\/revistarambla\/\" \/>\n<meta property=\"article:author\" content=\"https:\/\/www.facebook.com\/revistarambla\" \/>\n<meta property=\"article:published_time\" content=\"2012-06-06T15:30:41+00:00\" \/>\n<meta property=\"article:modified_time\" content=\"2021-05-20T17:45:03+00:00\" \/>\n<meta property=\"og:image\" content=\"https:\/\/i1.wp.com\/www.revistarambla.com\/wp-content\/uploads\/2012\/06\/post11(1).jpg?fit=682%2C400&ssl=1\" \/>\n\t<meta property=\"og:image:width\" content=\"682\" \/>\n\t<meta property=\"og:image:height\" content=\"400\" \/>\n\t<meta property=\"og:image:type\" content=\"image\/jpeg\" \/>\n<meta name=\"author\" content=\"R@mbla\" \/>\n<meta name=\"twitter:card\" content=\"summary_large_image\" \/>\n<meta name=\"twitter:creator\" content=\"@revistarambla\" \/>\n<meta name=\"twitter:site\" content=\"@revistarambla\" \/>\n<meta name=\"twitter:label1\" content=\"Written by\" \/>\n\t<meta name=\"twitter:data1\" content=\"R@mbla\" \/>\n\t<meta name=\"twitter:label2\" content=\"Estimated reading time\" \/>\n\t<meta name=\"twitter:data2\" content=\"4 minutes\" \/>\n<script type=\"application\/ld+json\" class=\"yoast-schema-graph\">{\"@context\":\"https:\\\/\\\/schema.org\",\"@graph\":[{\"@type\":\"Article\",\"@id\":\"https:\\\/\\\/www.revistarambla.com\\\/i-del-no-res-tot-i-postmortem\\\/#article\",\"isPartOf\":{\"@id\":\"https:\\\/\\\/www.revistarambla.com\\\/i-del-no-res-tot-i-postmortem\\\/\"},\"author\":{\"name\":\"R@mbla\",\"@id\":\"https:\\\/\\\/www.revistarambla.com\\\/#\\\/schema\\\/person\\\/a146a5a2550b94981a75131180e1bd9c\"},\"headline\":\"&#8216;I del No-res, tot i Post Mortem&#8217;\",\"datePublished\":\"2012-06-06T15:30:41+00:00\",\"dateModified\":\"2021-05-20T17:45:03+00:00\",\"mainEntityOfPage\":{\"@id\":\"https:\\\/\\\/www.revistarambla.com\\\/i-del-no-res-tot-i-postmortem\\\/\"},\"wordCount\":828,\"commentCount\":0,\"publisher\":{\"@id\":\"https:\\\/\\\/www.revistarambla.com\\\/#organization\"},\"image\":{\"@id\":\"https:\\\/\\\/www.revistarambla.com\\\/i-del-no-res-tot-i-postmortem\\\/#primaryimage\"},\"thumbnailUrl\":\"https:\\\/\\\/www.revistarambla.com\\\/wp-content\\\/uploads\\\/2012\\\/06\\\/post11%281%29.jpg\",\"articleSection\":[\"Cultura\",\"Libros\"],\"inLanguage\":\"en-GB\",\"potentialAction\":[{\"@type\":\"CommentAction\",\"name\":\"Comment\",\"target\":[\"https:\\\/\\\/www.revistarambla.com\\\/i-del-no-res-tot-i-postmortem\\\/#respond\"]}]},{\"@type\":\"WebPage\",\"@id\":\"https:\\\/\\\/www.revistarambla.com\\\/i-del-no-res-tot-i-postmortem\\\/\",\"url\":\"https:\\\/\\\/www.revistarambla.com\\\/i-del-no-res-tot-i-postmortem\\\/\",\"name\":\"'I del No-res, tot i Post Mortem' - Revista Rambla\",\"isPartOf\":{\"@id\":\"https:\\\/\\\/www.revistarambla.com\\\/#website\"},\"primaryImageOfPage\":{\"@id\":\"https:\\\/\\\/www.revistarambla.com\\\/i-del-no-res-tot-i-postmortem\\\/#primaryimage\"},\"image\":{\"@id\":\"https:\\\/\\\/www.revistarambla.com\\\/i-del-no-res-tot-i-postmortem\\\/#primaryimage\"},\"thumbnailUrl\":\"https:\\\/\\\/www.revistarambla.com\\\/wp-content\\\/uploads\\\/2012\\\/06\\\/post11%281%29.jpg\",\"datePublished\":\"2012-06-06T15:30:41+00:00\",\"dateModified\":\"2021-05-20T17:45:03+00:00\",\"breadcrumb\":{\"@id\":\"https:\\\/\\\/www.revistarambla.com\\\/i-del-no-res-tot-i-postmortem\\\/#breadcrumb\"},\"inLanguage\":\"en-GB\",\"potentialAction\":[{\"@type\":\"ReadAction\",\"target\":[\"https:\\\/\\\/www.revistarambla.com\\\/i-del-no-res-tot-i-postmortem\\\/\"]}]},{\"@type\":\"ImageObject\",\"inLanguage\":\"en-GB\",\"@id\":\"https:\\\/\\\/www.revistarambla.com\\\/i-del-no-res-tot-i-postmortem\\\/#primaryimage\",\"url\":\"https:\\\/\\\/www.revistarambla.com\\\/wp-content\\\/uploads\\\/2012\\\/06\\\/post11%281%29.jpg\",\"contentUrl\":\"https:\\\/\\\/www.revistarambla.com\\\/wp-content\\\/uploads\\\/2012\\\/06\\\/post11%281%29.jpg\"},{\"@type\":\"BreadcrumbList\",\"@id\":\"https:\\\/\\\/www.revistarambla.com\\\/i-del-no-res-tot-i-postmortem\\\/#breadcrumb\",\"itemListElement\":[{\"@type\":\"ListItem\",\"position\":1,\"name\":\"Portada\",\"item\":\"https:\\\/\\\/www.revistarambla.com\\\/\"},{\"@type\":\"ListItem\",\"position\":2,\"name\":\"&#8216;I del No-res, tot i Post Mortem&#8217;\"}]},{\"@type\":\"WebSite\",\"@id\":\"https:\\\/\\\/www.revistarambla.com\\\/#website\",\"url\":\"https:\\\/\\\/www.revistarambla.com\\\/\",\"name\":\"Revista Rambla Barcelona\",\"description\":\"Periodismo independiente\",\"publisher\":{\"@id\":\"https:\\\/\\\/www.revistarambla.com\\\/#organization\"},\"potentialAction\":[{\"@type\":\"SearchAction\",\"target\":{\"@type\":\"EntryPoint\",\"urlTemplate\":\"https:\\\/\\\/www.revistarambla.com\\\/?s={search_term_string}\"},\"query-input\":{\"@type\":\"PropertyValueSpecification\",\"valueRequired\":true,\"valueName\":\"search_term_string\"}}],\"inLanguage\":\"en-GB\"},{\"@type\":\"Organization\",\"@id\":\"https:\\\/\\\/www.revistarambla.com\\\/#organization\",\"name\":\"Revista Rambla\",\"url\":\"https:\\\/\\\/www.revistarambla.com\\\/\",\"logo\":{\"@type\":\"ImageObject\",\"inLanguage\":\"en-GB\",\"@id\":\"https:\\\/\\\/www.revistarambla.com\\\/#\\\/schema\\\/logo\\\/image\\\/\",\"url\":\"https:\\\/\\\/www.revistarambla.com\\\/wp-content\\\/uploads\\\/2020\\\/09\\\/banner_rambla_1900x600_BB.png\",\"contentUrl\":\"https:\\\/\\\/www.revistarambla.com\\\/wp-content\\\/uploads\\\/2020\\\/09\\\/banner_rambla_1900x600_BB.png\",\"width\":1900,\"height\":600,\"caption\":\"Revista Rambla\"},\"image\":{\"@id\":\"https:\\\/\\\/www.revistarambla.com\\\/#\\\/schema\\\/logo\\\/image\\\/\"},\"sameAs\":[\"https:\\\/\\\/www.facebook.com\\\/revistarambla\\\/\",\"https:\\\/\\\/x.com\\\/revistarambla\",\"https:\\\/\\\/www.instagram.com\\\/revista_rambla\",\"https:\\\/\\\/es.linkedin.com\\\/company\\\/revista-rambla\"]},{\"@type\":\"Person\",\"@id\":\"https:\\\/\\\/www.revistarambla.com\\\/#\\\/schema\\\/person\\\/a146a5a2550b94981a75131180e1bd9c\",\"name\":\"R@mbla\",\"description\":\"Este art\u00edculo ha sido redactado y\\\/o validado por el equipo de redacci\u00f3n de Revista Rambla.\",\"sameAs\":[\"https:\\\/\\\/www.revistarambla.com\\\/\",\"https:\\\/\\\/www.facebook.com\\\/revistarambla\",\"https:\\\/\\\/x.com\\\/revistarambla\"]}]}<\/script>\n<!-- \/ Yoast SEO plugin. -->","yoast_head_json":{"title":"'I del No-res, tot i Post Mortem' - Revista Rambla","robots":{"index":"index","follow":"follow","max-snippet":"max-snippet:-1","max-image-preview":"max-image-preview:large","max-video-preview":"max-video-preview:-1"},"canonical":"https:\/\/www.revistarambla.com\/en\/i-del-no-res-tot-i-postmortem\/","og_locale":"en_GB","og_type":"article","og_title":"'I del No-res, tot i Post Mortem' - Revista Rambla","og_description":"I del No-res, toti PostMortem s\u00f3n dos poemes llargs, m\u00f2bils, canviants, no finits, gaireb\u00e9 improvisats, urgents, que potser deixen de ser, fins i tot, un poema. Podr\u00edem qualificar-los de reflexi\u00f3 cr\u00edtica escrita en vers, o d&#8217;un assaig d&#8217;all\u00f2, de tot all\u00f2, que podria Ser i\/o Esdevenir; Per\u00f2 tamb\u00e9 s\u00f3n un [&hellip;]","og_url":"https:\/\/www.revistarambla.com\/en\/i-del-no-res-tot-i-postmortem\/","og_site_name":"Revista Rambla","article_publisher":"https:\/\/www.facebook.com\/revistarambla\/","article_author":"https:\/\/www.facebook.com\/revistarambla","article_published_time":"2012-06-06T15:30:41+00:00","article_modified_time":"2021-05-20T17:45:03+00:00","og_image":[{"width":682,"height":400,"url":"https:\/\/i1.wp.com\/www.revistarambla.com\/wp-content\/uploads\/2012\/06\/post11(1).jpg?fit=682%2C400&ssl=1","type":"image\/jpeg"}],"author":"R@mbla","twitter_card":"summary_large_image","twitter_creator":"@revistarambla","twitter_site":"@revistarambla","twitter_misc":{"Written by":"R@mbla","Estimated reading time":"4 minutes"},"schema":{"@context":"https:\/\/schema.org","@graph":[{"@type":"Article","@id":"https:\/\/www.revistarambla.com\/i-del-no-res-tot-i-postmortem\/#article","isPartOf":{"@id":"https:\/\/www.revistarambla.com\/i-del-no-res-tot-i-postmortem\/"},"author":{"name":"R@mbla","@id":"https:\/\/www.revistarambla.com\/#\/schema\/person\/a146a5a2550b94981a75131180e1bd9c"},"headline":"&#8216;I del No-res, tot i Post Mortem&#8217;","datePublished":"2012-06-06T15:30:41+00:00","dateModified":"2021-05-20T17:45:03+00:00","mainEntityOfPage":{"@id":"https:\/\/www.revistarambla.com\/i-del-no-res-tot-i-postmortem\/"},"wordCount":828,"commentCount":0,"publisher":{"@id":"https:\/\/www.revistarambla.com\/#organization"},"image":{"@id":"https:\/\/www.revistarambla.com\/i-del-no-res-tot-i-postmortem\/#primaryimage"},"thumbnailUrl":"https:\/\/www.revistarambla.com\/wp-content\/uploads\/2012\/06\/post11%281%29.jpg","articleSection":["Cultura","Libros"],"inLanguage":"en-GB","potentialAction":[{"@type":"CommentAction","name":"Comment","target":["https:\/\/www.revistarambla.com\/i-del-no-res-tot-i-postmortem\/#respond"]}]},{"@type":"WebPage","@id":"https:\/\/www.revistarambla.com\/i-del-no-res-tot-i-postmortem\/","url":"https:\/\/www.revistarambla.com\/i-del-no-res-tot-i-postmortem\/","name":"'I del No-res, tot i Post Mortem' - Revista Rambla","isPartOf":{"@id":"https:\/\/www.revistarambla.com\/#website"},"primaryImageOfPage":{"@id":"https:\/\/www.revistarambla.com\/i-del-no-res-tot-i-postmortem\/#primaryimage"},"image":{"@id":"https:\/\/www.revistarambla.com\/i-del-no-res-tot-i-postmortem\/#primaryimage"},"thumbnailUrl":"https:\/\/www.revistarambla.com\/wp-content\/uploads\/2012\/06\/post11%281%29.jpg","datePublished":"2012-06-06T15:30:41+00:00","dateModified":"2021-05-20T17:45:03+00:00","breadcrumb":{"@id":"https:\/\/www.revistarambla.com\/i-del-no-res-tot-i-postmortem\/#breadcrumb"},"inLanguage":"en-GB","potentialAction":[{"@type":"ReadAction","target":["https:\/\/www.revistarambla.com\/i-del-no-res-tot-i-postmortem\/"]}]},{"@type":"ImageObject","inLanguage":"en-GB","@id":"https:\/\/www.revistarambla.com\/i-del-no-res-tot-i-postmortem\/#primaryimage","url":"https:\/\/www.revistarambla.com\/wp-content\/uploads\/2012\/06\/post11%281%29.jpg","contentUrl":"https:\/\/www.revistarambla.com\/wp-content\/uploads\/2012\/06\/post11%281%29.jpg"},{"@type":"BreadcrumbList","@id":"https:\/\/www.revistarambla.com\/i-del-no-res-tot-i-postmortem\/#breadcrumb","itemListElement":[{"@type":"ListItem","position":1,"name":"Portada","item":"https:\/\/www.revistarambla.com\/"},{"@type":"ListItem","position":2,"name":"&#8216;I del No-res, tot i Post Mortem&#8217;"}]},{"@type":"WebSite","@id":"https:\/\/www.revistarambla.com\/#website","url":"https:\/\/www.revistarambla.com\/","name":"Revista Rambla Barcelona","description":"Periodismo independiente","publisher":{"@id":"https:\/\/www.revistarambla.com\/#organization"},"potentialAction":[{"@type":"SearchAction","target":{"@type":"EntryPoint","urlTemplate":"https:\/\/www.revistarambla.com\/?s={search_term_string}"},"query-input":{"@type":"PropertyValueSpecification","valueRequired":true,"valueName":"search_term_string"}}],"inLanguage":"en-GB"},{"@type":"Organization","@id":"https:\/\/www.revistarambla.com\/#organization","name":"Revista Rambla","url":"https:\/\/www.revistarambla.com\/","logo":{"@type":"ImageObject","inLanguage":"en-GB","@id":"https:\/\/www.revistarambla.com\/#\/schema\/logo\/image\/","url":"https:\/\/www.revistarambla.com\/wp-content\/uploads\/2020\/09\/banner_rambla_1900x600_BB.png","contentUrl":"https:\/\/www.revistarambla.com\/wp-content\/uploads\/2020\/09\/banner_rambla_1900x600_BB.png","width":1900,"height":600,"caption":"Revista Rambla"},"image":{"@id":"https:\/\/www.revistarambla.com\/#\/schema\/logo\/image\/"},"sameAs":["https:\/\/www.facebook.com\/revistarambla\/","https:\/\/x.com\/revistarambla","https:\/\/www.instagram.com\/revista_rambla","https:\/\/es.linkedin.com\/company\/revista-rambla"]},{"@type":"Person","@id":"https:\/\/www.revistarambla.com\/#\/schema\/person\/a146a5a2550b94981a75131180e1bd9c","name":"R@mbla","description":"Este art\u00edculo ha sido redactado y\/o validado por el equipo de redacci\u00f3n de Revista Rambla.","sameAs":["https:\/\/www.revistarambla.com\/","https:\/\/www.facebook.com\/revistarambla","https:\/\/x.com\/revistarambla"]}]}},"_links":{"self":[{"href":"https:\/\/www.revistarambla.com\/en\/wp-json\/wp\/v2\/posts\/1822","targetHints":{"allow":["GET"]}}],"collection":[{"href":"https:\/\/www.revistarambla.com\/en\/wp-json\/wp\/v2\/posts"}],"about":[{"href":"https:\/\/www.revistarambla.com\/en\/wp-json\/wp\/v2\/types\/post"}],"author":[{"embeddable":true,"href":"https:\/\/www.revistarambla.com\/en\/wp-json\/wp\/v2\/users\/3"}],"replies":[{"embeddable":true,"href":"https:\/\/www.revistarambla.com\/en\/wp-json\/wp\/v2\/comments?post=1822"}],"version-history":[{"count":0,"href":"https:\/\/www.revistarambla.com\/en\/wp-json\/wp\/v2\/posts\/1822\/revisions"}],"wp:attachment":[{"href":"https:\/\/www.revistarambla.com\/en\/wp-json\/wp\/v2\/media?parent=1822"}],"wp:term":[{"taxonomy":"category","embeddable":true,"href":"https:\/\/www.revistarambla.com\/en\/wp-json\/wp\/v2\/categories?post=1822"},{"taxonomy":"post_tag","embeddable":true,"href":"https:\/\/www.revistarambla.com\/en\/wp-json\/wp\/v2\/tags?post=1822"}],"curies":[{"name":"wp","href":"https:\/\/api.w.org\/{rel}","templated":true}]}}