{"id":1819,"date":"2012-06-06T15:18:11","date_gmt":"2012-06-06T13:18:11","guid":{"rendered":"https:\/\/www.revistarambla.com\/defensem-els-mitjans-de-comunicacio\/"},"modified":"2021-12-20T19:21:27","modified_gmt":"2021-12-20T18:21:27","slug":"defensem-els-mitjans-de-comunicacio","status":"publish","type":"post","link":"https:\/\/www.revistarambla.com\/en\/defensem-els-mitjans-de-comunicacio\/","title":{"rendered":"&#8216;Defensem els mitjans de comunicaci\u00f3&#8217;"},"content":{"rendered":"<p><img decoding=\"async\" class=\"aligncenter\" src=\"https:\/\/www.revistarambla.com\/wp-content\/uploads\/2012\/06\/periodistas_02.jpg\" alt=\"alt\" width=\"550\" height=\"304\" \/><\/p>\n<p>Un centenar de trabajadores de medios de comunicaci\u00f3n se congregaron ayer en Plaza Sant Jaume frente al Palau de la Generalitat para manifestar su preocupaci\u00f3n ante la situaci\u00f3n que vive hoy el gremio.<\/p>\n<p>Portando un lienzo con las firmas de Comisiones Obreras, Uni\u00f3n General de Trabajadores, el Sindicat de la Imatge y el Sindicat de Periodistes de Catalunya llegaron hasta el lugar cerca de las 13 horas de ayer martes donde se les sum\u00f3 un gran n\u00famero de trabajadores de ElPunt-Avui.<\/p>\n<p>La protesta va en contra de la privatizaci\u00f3n de la televisi\u00f3n y radio auton\u00f3micas y estatal, as\u00ed como en contra de los recortes, lo que consideran una vulneraci\u00f3n a lo que establecen el art\u00edculo 20 de la Constituci\u00f3n y el art\u00edculo 52 del Estatuto de Catalunya.<\/p>\n<p>Estiman que estas pol\u00edticas vulneran derechos b\u00e1sicos individuales y colectivos como lo son el acceder a una informaci\u00f3n veraz, objetiva, neutral, independiente y de calidad.<\/p>\n<p>Tambi\u00e9n expresaron su preocupaci\u00f3n ante la gobernalizaci\u00f3n de los medios, rompiendo una tradici\u00f3n en la designaci\u00f3n de los directores de los medios.<\/p>\n<p>Luego de leer un manifiesto, entregaron una carta con destino a Artur Mas donde exponen su preocupaci\u00f3n.<\/p>\n<p>Los recortes a los medios de comunicaci\u00f3n se suman a los ya efectuados sen servicios p\u00fablicos, sanidad y educaci\u00f3n que tienen hoy a Espa\u00f1a como el pa\u00eds con las matriculas m\u00e1s altas de toda Europa.<\/p>","protected":false},"excerpt":{"rendered":"<p>Un centenar de trabajadores de medios de comunicaci\u00f3n se congregaron ayer en Plaza Sant Jaume frente al Palau de la Generalitat para manifestar su preocupaci\u00f3n ante la situaci\u00f3n que vive hoy el gremio. Portando un lienzo con las firmas de Comisiones Obreras, Uni\u00f3n General de Trabajadores, el Sindicat de la [&hellip;]<\/p>\n","protected":false},"author":75,"featured_media":0,"comment_status":"open","ping_status":"open","sticky":false,"template":"","format":"standard","meta":{"footnotes":""},"categories":[3,76],"tags":[],"class_list":["post-1819","post","type-post","status-publish","format-standard","hentry","category-actualidad","category-barcelona"],"yoast_head":"<!-- This site is optimized with the Yoast SEO plugin v27.5 - https:\/\/yoast.com\/product\/yoast-seo-wordpress\/ -->\n<title>&#039;Defensem els mitjans de comunicaci\u00f3&#039; - Revista Rambla<\/title>\n<meta name=\"robots\" content=\"index, follow, max-snippet:-1, max-image-preview:large, max-video-preview:-1\" \/>\n<link rel=\"canonical\" href=\"https:\/\/www.revistarambla.com\/en\/defensem-els-mitjans-de-comunicacio\/\" \/>\n<meta property=\"og:locale\" content=\"en_GB\" \/>\n<meta property=\"og:type\" content=\"article\" \/>\n<meta property=\"og:title\" content=\"&#039;Defensem els mitjans de comunicaci\u00f3&#039; - Revista Rambla\" \/>\n<meta property=\"og:description\" content=\"Un centenar de trabajadores de medios de comunicaci\u00f3n se congregaron ayer en Plaza Sant Jaume frente al Palau de la Generalitat para manifestar su preocupaci\u00f3n ante la situaci\u00f3n que vive hoy el gremio. Portando un lienzo con las firmas de Comisiones Obreras, Uni\u00f3n General de Trabajadores, el Sindicat de la [&hellip;]\" \/>\n<meta property=\"og:url\" content=\"https:\/\/www.revistarambla.com\/en\/defensem-els-mitjans-de-comunicacio\/\" \/>\n<meta property=\"og:site_name\" content=\"Revista Rambla\" \/>\n<meta property=\"article:publisher\" content=\"https:\/\/www.facebook.com\/revistarambla\/\" \/>\n<meta property=\"article:published_time\" content=\"2012-06-06T13:18:11+00:00\" \/>\n<meta property=\"article:modified_time\" content=\"2021-12-20T18:21:27+00:00\" \/>\n<meta property=\"og:image\" content=\"https:\/\/www.revistarambla.com\/wp-content\/uploads\/2012\/06\/periodistas_01.jpg\" \/>\n\t<meta property=\"og:image:width\" content=\"682\" \/>\n\t<meta property=\"og:image:height\" content=\"400\" \/>\n\t<meta property=\"og:image:type\" content=\"image\/jpeg\" \/>\n<meta name=\"author\" content=\"Juan Manuel Zurita Soto\" \/>\n<meta name=\"twitter:card\" content=\"summary_large_image\" \/>\n<meta name=\"twitter:creator\" content=\"@revistarambla\" \/>\n<meta name=\"twitter:site\" content=\"@revistarambla\" \/>\n<meta name=\"twitter:label1\" content=\"Written by\" \/>\n\t<meta name=\"twitter:data1\" content=\"Juan Manuel Zurita Soto\" \/>\n\t<meta name=\"twitter:label2\" content=\"Estimated reading time\" \/>\n\t<meta name=\"twitter:data2\" content=\"2 minutes\" \/>\n<script type=\"application\/ld+json\" class=\"yoast-schema-graph\">{\"@context\":\"https:\\\/\\\/schema.org\",\"@graph\":[{\"@type\":\"Article\",\"@id\":\"https:\\\/\\\/www.revistarambla.com\\\/defensem-els-mitjans-de-comunicacio\\\/#article\",\"isPartOf\":{\"@id\":\"https:\\\/\\\/www.revistarambla.com\\\/defensem-els-mitjans-de-comunicacio\\\/\"},\"author\":{\"name\":\"Juan Manuel Zurita Soto\",\"@id\":\"https:\\\/\\\/www.revistarambla.com\\\/#\\\/schema\\\/person\\\/c40e708c39e41ea1aa804e7fdab5b4d2\"},\"headline\":\"&#8216;Defensem els mitjans de comunicaci\u00f3&#8217;\",\"datePublished\":\"2012-06-06T13:18:11+00:00\",\"dateModified\":\"2021-12-20T18:21:27+00:00\",\"mainEntityOfPage\":{\"@id\":\"https:\\\/\\\/www.revistarambla.com\\\/defensem-els-mitjans-de-comunicacio\\\/\"},\"wordCount\":255,\"commentCount\":0,\"publisher\":{\"@id\":\"https:\\\/\\\/www.revistarambla.com\\\/#organization\"},\"image\":{\"@id\":\"https:\\\/\\\/www.revistarambla.com\\\/defensem-els-mitjans-de-comunicacio\\\/#primaryimage\"},\"thumbnailUrl\":\"https:\\\/\\\/www.revistarambla.com\\\/wp-content\\\/uploads\\\/2012\\\/06\\\/periodistas_02.jpg\",\"articleSection\":[\"Actualidad\",\"Barcelona\"],\"inLanguage\":\"en-GB\",\"potentialAction\":[{\"@type\":\"CommentAction\",\"name\":\"Comment\",\"target\":[\"https:\\\/\\\/www.revistarambla.com\\\/defensem-els-mitjans-de-comunicacio\\\/#respond\"]}]},{\"@type\":\"WebPage\",\"@id\":\"https:\\\/\\\/www.revistarambla.com\\\/defensem-els-mitjans-de-comunicacio\\\/\",\"url\":\"https:\\\/\\\/www.revistarambla.com\\\/defensem-els-mitjans-de-comunicacio\\\/\",\"name\":\"'Defensem els mitjans de comunicaci\u00f3' - Revista Rambla\",\"isPartOf\":{\"@id\":\"https:\\\/\\\/www.revistarambla.com\\\/#website\"},\"primaryImageOfPage\":{\"@id\":\"https:\\\/\\\/www.revistarambla.com\\\/defensem-els-mitjans-de-comunicacio\\\/#primaryimage\"},\"image\":{\"@id\":\"https:\\\/\\\/www.revistarambla.com\\\/defensem-els-mitjans-de-comunicacio\\\/#primaryimage\"},\"thumbnailUrl\":\"https:\\\/\\\/www.revistarambla.com\\\/wp-content\\\/uploads\\\/2012\\\/06\\\/periodistas_02.jpg\",\"datePublished\":\"2012-06-06T13:18:11+00:00\",\"dateModified\":\"2021-12-20T18:21:27+00:00\",\"breadcrumb\":{\"@id\":\"https:\\\/\\\/www.revistarambla.com\\\/defensem-els-mitjans-de-comunicacio\\\/#breadcrumb\"},\"inLanguage\":\"en-GB\",\"potentialAction\":[{\"@type\":\"ReadAction\",\"target\":[\"https:\\\/\\\/www.revistarambla.com\\\/defensem-els-mitjans-de-comunicacio\\\/\"]}]},{\"@type\":\"ImageObject\",\"inLanguage\":\"en-GB\",\"@id\":\"https:\\\/\\\/www.revistarambla.com\\\/defensem-els-mitjans-de-comunicacio\\\/#primaryimage\",\"url\":\"https:\\\/\\\/www.revistarambla.com\\\/wp-content\\\/uploads\\\/2012\\\/06\\\/periodistas_02.jpg\",\"contentUrl\":\"https:\\\/\\\/www.revistarambla.com\\\/wp-content\\\/uploads\\\/2012\\\/06\\\/periodistas_02.jpg\"},{\"@type\":\"BreadcrumbList\",\"@id\":\"https:\\\/\\\/www.revistarambla.com\\\/defensem-els-mitjans-de-comunicacio\\\/#breadcrumb\",\"itemListElement\":[{\"@type\":\"ListItem\",\"position\":1,\"name\":\"Portada\",\"item\":\"https:\\\/\\\/www.revistarambla.com\\\/\"},{\"@type\":\"ListItem\",\"position\":2,\"name\":\"&#8216;Defensem els mitjans de comunicaci\u00f3&#8217;\"}]},{\"@type\":\"WebSite\",\"@id\":\"https:\\\/\\\/www.revistarambla.com\\\/#website\",\"url\":\"https:\\\/\\\/www.revistarambla.com\\\/\",\"name\":\"Revista Rambla Barcelona\",\"description\":\"Periodismo independiente\",\"publisher\":{\"@id\":\"https:\\\/\\\/www.revistarambla.com\\\/#organization\"},\"potentialAction\":[{\"@type\":\"SearchAction\",\"target\":{\"@type\":\"EntryPoint\",\"urlTemplate\":\"https:\\\/\\\/www.revistarambla.com\\\/?s={search_term_string}\"},\"query-input\":{\"@type\":\"PropertyValueSpecification\",\"valueRequired\":true,\"valueName\":\"search_term_string\"}}],\"inLanguage\":\"en-GB\"},{\"@type\":\"Organization\",\"@id\":\"https:\\\/\\\/www.revistarambla.com\\\/#organization\",\"name\":\"Revista Rambla\",\"url\":\"https:\\\/\\\/www.revistarambla.com\\\/\",\"logo\":{\"@type\":\"ImageObject\",\"inLanguage\":\"en-GB\",\"@id\":\"https:\\\/\\\/www.revistarambla.com\\\/#\\\/schema\\\/logo\\\/image\\\/\",\"url\":\"https:\\\/\\\/www.revistarambla.com\\\/wp-content\\\/uploads\\\/2020\\\/09\\\/banner_rambla_1900x600_BB.png\",\"contentUrl\":\"https:\\\/\\\/www.revistarambla.com\\\/wp-content\\\/uploads\\\/2020\\\/09\\\/banner_rambla_1900x600_BB.png\",\"width\":1900,\"height\":600,\"caption\":\"Revista Rambla\"},\"image\":{\"@id\":\"https:\\\/\\\/www.revistarambla.com\\\/#\\\/schema\\\/logo\\\/image\\\/\"},\"sameAs\":[\"https:\\\/\\\/www.facebook.com\\\/revistarambla\\\/\",\"https:\\\/\\\/x.com\\\/revistarambla\",\"https:\\\/\\\/www.instagram.com\\\/revista_rambla\",\"https:\\\/\\\/es.linkedin.com\\\/company\\\/revista-rambla\"]},{\"@type\":\"Person\",\"@id\":\"https:\\\/\\\/www.revistarambla.com\\\/#\\\/schema\\\/person\\\/c40e708c39e41ea1aa804e7fdab5b4d2\",\"name\":\"Juan Manuel Zurita Soto\",\"description\":\"Periodista.\",\"sameAs\":[\"https:\\\/\\\/www.instagram.com\\\/juanmanuelzuritasoto\\\/\",\"https:\\\/\\\/es.linkedin.com\\\/in\\\/juan-manuel-zurita-soto-7435b91b9\"]}]}<\/script>\n<!-- \/ Yoast SEO plugin. -->","yoast_head_json":{"title":"'Defensem els mitjans de comunicaci\u00f3' - Revista Rambla","robots":{"index":"index","follow":"follow","max-snippet":"max-snippet:-1","max-image-preview":"max-image-preview:large","max-video-preview":"max-video-preview:-1"},"canonical":"https:\/\/www.revistarambla.com\/en\/defensem-els-mitjans-de-comunicacio\/","og_locale":"en_GB","og_type":"article","og_title":"'Defensem els mitjans de comunicaci\u00f3' - Revista Rambla","og_description":"Un centenar de trabajadores de medios de comunicaci\u00f3n se congregaron ayer en Plaza Sant Jaume frente al Palau de la Generalitat para manifestar su preocupaci\u00f3n ante la situaci\u00f3n que vive hoy el gremio. Portando un lienzo con las firmas de Comisiones Obreras, Uni\u00f3n General de Trabajadores, el Sindicat de la [&hellip;]","og_url":"https:\/\/www.revistarambla.com\/en\/defensem-els-mitjans-de-comunicacio\/","og_site_name":"Revista Rambla","article_publisher":"https:\/\/www.facebook.com\/revistarambla\/","article_published_time":"2012-06-06T13:18:11+00:00","article_modified_time":"2021-12-20T18:21:27+00:00","og_image":[{"width":682,"height":400,"url":"https:\/\/www.revistarambla.com\/wp-content\/uploads\/2012\/06\/periodistas_01.jpg","type":"image\/jpeg"}],"author":"Juan Manuel Zurita Soto","twitter_card":"summary_large_image","twitter_creator":"@revistarambla","twitter_site":"@revistarambla","twitter_misc":{"Written by":"Juan Manuel Zurita Soto","Estimated reading time":"2 minutes"},"schema":{"@context":"https:\/\/schema.org","@graph":[{"@type":"Article","@id":"https:\/\/www.revistarambla.com\/defensem-els-mitjans-de-comunicacio\/#article","isPartOf":{"@id":"https:\/\/www.revistarambla.com\/defensem-els-mitjans-de-comunicacio\/"},"author":{"name":"Juan Manuel Zurita Soto","@id":"https:\/\/www.revistarambla.com\/#\/schema\/person\/c40e708c39e41ea1aa804e7fdab5b4d2"},"headline":"&#8216;Defensem els mitjans de comunicaci\u00f3&#8217;","datePublished":"2012-06-06T13:18:11+00:00","dateModified":"2021-12-20T18:21:27+00:00","mainEntityOfPage":{"@id":"https:\/\/www.revistarambla.com\/defensem-els-mitjans-de-comunicacio\/"},"wordCount":255,"commentCount":0,"publisher":{"@id":"https:\/\/www.revistarambla.com\/#organization"},"image":{"@id":"https:\/\/www.revistarambla.com\/defensem-els-mitjans-de-comunicacio\/#primaryimage"},"thumbnailUrl":"https:\/\/www.revistarambla.com\/wp-content\/uploads\/2012\/06\/periodistas_02.jpg","articleSection":["Actualidad","Barcelona"],"inLanguage":"en-GB","potentialAction":[{"@type":"CommentAction","name":"Comment","target":["https:\/\/www.revistarambla.com\/defensem-els-mitjans-de-comunicacio\/#respond"]}]},{"@type":"WebPage","@id":"https:\/\/www.revistarambla.com\/defensem-els-mitjans-de-comunicacio\/","url":"https:\/\/www.revistarambla.com\/defensem-els-mitjans-de-comunicacio\/","name":"'Defensem els mitjans de comunicaci\u00f3' - Revista Rambla","isPartOf":{"@id":"https:\/\/www.revistarambla.com\/#website"},"primaryImageOfPage":{"@id":"https:\/\/www.revistarambla.com\/defensem-els-mitjans-de-comunicacio\/#primaryimage"},"image":{"@id":"https:\/\/www.revistarambla.com\/defensem-els-mitjans-de-comunicacio\/#primaryimage"},"thumbnailUrl":"https:\/\/www.revistarambla.com\/wp-content\/uploads\/2012\/06\/periodistas_02.jpg","datePublished":"2012-06-06T13:18:11+00:00","dateModified":"2021-12-20T18:21:27+00:00","breadcrumb":{"@id":"https:\/\/www.revistarambla.com\/defensem-els-mitjans-de-comunicacio\/#breadcrumb"},"inLanguage":"en-GB","potentialAction":[{"@type":"ReadAction","target":["https:\/\/www.revistarambla.com\/defensem-els-mitjans-de-comunicacio\/"]}]},{"@type":"ImageObject","inLanguage":"en-GB","@id":"https:\/\/www.revistarambla.com\/defensem-els-mitjans-de-comunicacio\/#primaryimage","url":"https:\/\/www.revistarambla.com\/wp-content\/uploads\/2012\/06\/periodistas_02.jpg","contentUrl":"https:\/\/www.revistarambla.com\/wp-content\/uploads\/2012\/06\/periodistas_02.jpg"},{"@type":"BreadcrumbList","@id":"https:\/\/www.revistarambla.com\/defensem-els-mitjans-de-comunicacio\/#breadcrumb","itemListElement":[{"@type":"ListItem","position":1,"name":"Portada","item":"https:\/\/www.revistarambla.com\/"},{"@type":"ListItem","position":2,"name":"&#8216;Defensem els mitjans de comunicaci\u00f3&#8217;"}]},{"@type":"WebSite","@id":"https:\/\/www.revistarambla.com\/#website","url":"https:\/\/www.revistarambla.com\/","name":"Revista Rambla Barcelona","description":"Periodismo independiente","publisher":{"@id":"https:\/\/www.revistarambla.com\/#organization"},"potentialAction":[{"@type":"SearchAction","target":{"@type":"EntryPoint","urlTemplate":"https:\/\/www.revistarambla.com\/?s={search_term_string}"},"query-input":{"@type":"PropertyValueSpecification","valueRequired":true,"valueName":"search_term_string"}}],"inLanguage":"en-GB"},{"@type":"Organization","@id":"https:\/\/www.revistarambla.com\/#organization","name":"Revista Rambla","url":"https:\/\/www.revistarambla.com\/","logo":{"@type":"ImageObject","inLanguage":"en-GB","@id":"https:\/\/www.revistarambla.com\/#\/schema\/logo\/image\/","url":"https:\/\/www.revistarambla.com\/wp-content\/uploads\/2020\/09\/banner_rambla_1900x600_BB.png","contentUrl":"https:\/\/www.revistarambla.com\/wp-content\/uploads\/2020\/09\/banner_rambla_1900x600_BB.png","width":1900,"height":600,"caption":"Revista Rambla"},"image":{"@id":"https:\/\/www.revistarambla.com\/#\/schema\/logo\/image\/"},"sameAs":["https:\/\/www.facebook.com\/revistarambla\/","https:\/\/x.com\/revistarambla","https:\/\/www.instagram.com\/revista_rambla","https:\/\/es.linkedin.com\/company\/revista-rambla"]},{"@type":"Person","@id":"https:\/\/www.revistarambla.com\/#\/schema\/person\/c40e708c39e41ea1aa804e7fdab5b4d2","name":"Juan Manuel Zurita Soto","description":"Periodista.","sameAs":["https:\/\/www.instagram.com\/juanmanuelzuritasoto\/","https:\/\/es.linkedin.com\/in\/juan-manuel-zurita-soto-7435b91b9"]}]}},"_links":{"self":[{"href":"https:\/\/www.revistarambla.com\/en\/wp-json\/wp\/v2\/posts\/1819","targetHints":{"allow":["GET"]}}],"collection":[{"href":"https:\/\/www.revistarambla.com\/en\/wp-json\/wp\/v2\/posts"}],"about":[{"href":"https:\/\/www.revistarambla.com\/en\/wp-json\/wp\/v2\/types\/post"}],"author":[{"embeddable":true,"href":"https:\/\/www.revistarambla.com\/en\/wp-json\/wp\/v2\/users\/75"}],"replies":[{"embeddable":true,"href":"https:\/\/www.revistarambla.com\/en\/wp-json\/wp\/v2\/comments?post=1819"}],"version-history":[{"count":0,"href":"https:\/\/www.revistarambla.com\/en\/wp-json\/wp\/v2\/posts\/1819\/revisions"}],"wp:attachment":[{"href":"https:\/\/www.revistarambla.com\/en\/wp-json\/wp\/v2\/media?parent=1819"}],"wp:term":[{"taxonomy":"category","embeddable":true,"href":"https:\/\/www.revistarambla.com\/en\/wp-json\/wp\/v2\/categories?post=1819"},{"taxonomy":"post_tag","embeddable":true,"href":"https:\/\/www.revistarambla.com\/en\/wp-json\/wp\/v2\/tags?post=1819"}],"curies":[{"name":"wp","href":"https:\/\/api.w.org\/{rel}","templated":true}]}}