{"id":18134,"date":"2019-05-21T16:59:56","date_gmt":"2019-05-21T14:59:56","guid":{"rendered":"https:\/\/www.revistarambla.com\/?p=18134"},"modified":"2025-01-23T21:40:54","modified_gmt":"2025-01-23T20:40:54","slug":"volt-la-regeneracion-politica-de-la-union-europea","status":"publish","type":"post","link":"https:\/\/www.revistarambla.com\/en\/volt-la-regeneracion-politica-de-la-union-europea\/","title":{"rendered":"&#8216;VOLT&#8217;, \u00bfLa regeneraci\u00f3n pol\u00edtica de la Uni\u00f3n Europea?"},"content":{"rendered":"<p>El pasado <strong>21 de febrero, en <\/strong>el Centro de Documentaci\u00f3n Europea de la UAB, regentado por la diligente y creativa <strong>Conxi Mu\u00f1oz Ruiz<\/strong>, tuve la oportunidad y el placer de participar en una conferencia-tertulia sobre las \u201c<em>Elecciones a la Uni\u00f3n Europea: soluciones a trav\u00e9s del paneurope\u00edsmo\u201d<\/em><em>. <\/em>Fue impartida a dos manos: el doctorando<strong>Francesco Camonita<\/strong><strong>, que<\/strong>disert\u00f3 sobre las \u201celecciones europeas\u201d; y un miembro del neonato partido Volt, <strong>Manuel Biagi<\/strong><strong>, <\/strong>que present\u00f3 esta nueva formaci\u00f3n pol\u00edtica. <em>La conferencia fue seguida de un animado y estimulante debate <\/em>con el p\u00fablico asistente (j\u00f3venes universitarios europeos y espa\u00f1oles). Ante la proximidad de las elecciones europeas del 26M, viene como anillo al dedo sintetizar lo expuesto por ellos.<\/p>\n<figure id=\"attachment_18135\" aria-describedby=\"caption-attachment-18135\" style=\"width: 300px\" class=\"wp-caption alignright\"><a href=\"https:\/\/www.revistarambla.com\/wp-content\/uploads\/2019\/05\/rambla.png\"><img decoding=\"async\" class=\"wp-image-18135 size-medium\" src=\"https:\/\/www.revistarambla.com\/wp-content\/uploads\/2019\/05\/rambla-300x210.png\" alt=\"\" width=\"300\" height=\"210\" srcset=\"https:\/\/www.revistarambla.com\/wp-content\/uploads\/2019\/05\/rambla-300x210.png 300w, https:\/\/www.revistarambla.com\/wp-content\/uploads\/2019\/05\/rambla-768x539.png 768w, https:\/\/www.revistarambla.com\/wp-content\/uploads\/2019\/05\/rambla-1024x718.png 1024w, https:\/\/www.revistarambla.com\/wp-content\/uploads\/2019\/05\/rambla-500x351.png 500w, https:\/\/www.revistarambla.com\/wp-content\/uploads\/2019\/05\/rambla-807x566.png 807w, https:\/\/www.revistarambla.com\/wp-content\/uploads\/2019\/05\/rambla-618x433.png 618w, https:\/\/www.revistarambla.com\/wp-content\/uploads\/2019\/05\/rambla-435x305.png 435w, https:\/\/www.revistarambla.com\/wp-content\/uploads\/2019\/05\/rambla.png 2048w\" sizes=\"(max-width: 300px) 100vw, 300px\" \/><\/a><figcaption id=\"caption-attachment-18135\" class=\"wp-caption-text\">Ilustra Jos\u00e9 Antonio Lara Cort\u00e9s<\/figcaption><\/figure>\n<p>Tanto el uno como elotro levantaron acta del estado lamentable en el que se encuentra el barco europeo, que va a la deriva, que hace aguas y que puede encallar y naufragar, si no se hace algo para evitarlo. Para el Sr. Camonita, los electores no hacen ni caso a las elecciones al Parlamento europeo, que son consideradas como unas elecciones de segundo orden. De ah\u00ed la escasa participaci\u00f3n en estos comicios europeos. Adem\u00e1s, consideran que el Parlamento europeo es simplemente un cementerio de elefantes o un retiro de lujo o un premio o una bicoca, para las clases pol\u00edticas nacionales, a cambio de \u201c<em>estar<\/em>\u201d y no hacer nada. Y, por lo tanto, los diputados europeos est\u00e1n s\u00f3lo dedicados a vivir y a vivir del sudor de los votantes-ciudadanos europeos.<\/p>\n<p>Por su lado, seg\u00fan el Sr. Biagi, la Uni\u00f3n Europea (U.E.) vive una situaci\u00f3n dram\u00e1tica, fruto del profundo malestar y creciente desafecto de los ciudadanos hacia el \u201cproyecto europeo\u201d; malestar y desafecto, que pueden conducir a su destrucci\u00f3n. En efecto, hasta ahora, se ha ido dando forma a la \u201c<em>Europa de los Mercados<\/em>\u201d, olvid\u00e1ndose de la \u201c<em>Europa de los Ciudadanos<\/em>\u201d, al carecer aqu\u00e9lla de pol\u00edticas correctoras de las leyes del mercado para potenciar los derechos sociales y el Estado del bienestar. Esta \u201cEuropa de los Mercaderes\u201d ha provocado una serie de debilidades estructurales, que pueden hacer naufragar el proyecto europeo. A t\u00edtulo ilustrativo y sin \u00e1nimo de ser exhaustivo, basta con que pensemos en la creciente desigualdad entre los ciudadanos, en la falta de transparencia y de rendici\u00f3n de cuentas de las instituciones europeas, en el individualismo de los Estados miembros (cada uno barre para su casa, sin pensar que los problemas de un pa\u00eds son los problemas de todos), en el desmantelamiento del Estado del bienestar, en la p\u00e9rdida de derechos y de conquistas sociales, en la precariedad del empleo, en los altos \u00edndices de desempleo, etc.<\/p>\n<p>Todo esto ha provocado un profundo desafecto en los ciudadanos hacia el proyecto europeo y un creciente desencanto entre los europeos de a pie. De estos polvos, los lodos del Brexit; y, en la mayor parte de los pa\u00edses miembros de la Uni\u00f3n Europea, los lodos de la multiplicaci\u00f3n de los euroesc\u00e9pticos, de los eurocr\u00edticos, de los eur\u00f3fobos, de la resurrecci\u00f3n de los nacionalismos, del renacimiento de los partidos extremistas y de los partidos populistas, del \u00a1S\u00e1lvese quien pueda!, etc.<\/p>\n<p>Para hacer frente a todos estos problemas y a la previsible destrucci\u00f3n de la Uni\u00f3n Europea, seg\u00fan el Sr. Biagi, los ciudadanos europeos debemos movilizarnos y empoderarnos en defensa de la Uni\u00f3n Europea. Este empoderamiento, permitir\u00e1 revitalizar la democracia y poner coto a los bur\u00f3cratas y a la sesteante casta pol\u00edtica europea. Adem\u00e1s, posibilitar\u00e1 el impulso de pol\u00edticas inclusivas, solidarias y redistributivas. Por otro lado, propiciar\u00e1 la armonizaci\u00f3n y la convergencia de las identidades locales y nacionales con una <a href=\"https:\/\/www.lavanguardia.com\/vanguardia-dossier\/20190512\/462148049632\/europa-en-juego-dilema-identidad-europea.html\">identidad europea com\u00fan<\/a>. Tambi\u00e9n permitir\u00e1 llevar a cabo una \u201cpol\u00edtica de las cosas\u201d, alejada de las declaraciones grandilocuentes y ret\u00f3ricas, que busque soluciones reales a problemas reales. Finalmente, este empoderamiento podr\u00e1 propiciar una evoluci\u00f3n de la Uni\u00f3n Europea hacia una mayor convergencia econ\u00f3mica, pol\u00edtica, social y laboral de los pa\u00edses miembros; en definitiva, una mayor justicia e igualdad entre los europeos.<\/p>\n<p>\u00bfC\u00f3mo podremos movilizarnos y empoderarnos los ciudadanos europeos? Ante la gestaci\u00f3n lenta y accidentada de la Uni\u00f3n Europea y ante un aborto previsible, no se puede seguir confiando, seg\u00fan el Sr. Biagi,en aquellos partidos tradicionales que han conducido a la \u201cnascitura\u201d Uni\u00f3n Europea a <a href=\"http:\/\/honrad.blogspot.com\/2018\/11\/union-europea-cronica-de-una-muerte.html\">la situaci\u00f3n cr\u00edtica que est\u00e1 viviendo<\/a>. Por eso, hay que dar un voto de confianza a las nuevas formaciones pol\u00edticas, que han surgido para defender, potenciar y consolidar los futuros \u201c<em>Estados Unidos de Europa<\/em>\u201d. Entre estas nuevas fuerzas pol\u00edticas est\u00e1 VOLT, que tiene la pretensi\u00f3n de ser la tabla de salvaci\u00f3n para evitar el naufragio definitivo del herido y maltrecho proyecto europeo.<\/p>\n<p>VOLT naci\u00f3, en 2017, de la mano de tres j\u00f3venes europeos de la llamada \u201c<em>generaci\u00f3n Erasmus<\/em>\u201d o \u201c<em>generaci\u00f3n milleannials<\/em>\u201d: un italiano, Andrea Venzon; una francesa, Colombe Cahen-Salvador; y un alem\u00e1n, Damian Boeselager. Estos tres j\u00f3venes se cayeron del caballo, como Saulo de Tarso camino de Damasco, el d\u00eda en que se produjo el \u201c<em>big bang\u201d<\/em>del Brexit (2016). Desde entonces, s\u00f3lo les ocup\u00f3 y preocup\u00f3 c\u00f3mo defender la Europa unida y sus ideales, ante la desidia de los partidos tradicionales, ante el renacimiento de los partidos nacionalistas y populistas, y ante la proliferaci\u00f3n de los euroesc\u00e9pticos y eur\u00f3fobos.<\/p>\n<p>VOLT [&lt; \u201c<em>revolt<\/em>\u201d (ingl.): \u201crebeli\u00f3n\u201d] es un partido paneuropeo (que aspira a la aproximaci\u00f3n pol\u00edtica, econ\u00f3mica y cultural de los pa\u00edses de Europa), transnacional (implantado en todos los pa\u00edses de la Uni\u00f3n Europea) y transversal (la fractura no est\u00e1 entre derecha e izquierda, sino entre \u201ceurope\u00edstas\u201d y \u201cpopulistas\u201d). Se trata de un ant\u00eddoto contra la oleada populista, neo-nacionalista y euroesc\u00e9ptica. Por eso, ha nacido con el compromiso de reformar la Uni\u00f3n Europea y no de destruirla y para que los ciudadanos recuperen la fe en la pol\u00edtica. Para ello, se propone cambiar el panorama pol\u00edtico europeo, rompiendo la burbuja de los partidos tradicionales, condici\u00f3n<em>sine qua non<\/em>de una regeneraci\u00f3n pol\u00edtica real y en toda regla. S\u00f3lo as\u00ed se podr\u00e1n afrontar los desaf\u00edos actuales y futuros de la Uni\u00f3n Europea en un marco europeo y no en el marco nacional, como han hecho hasta ahora los impotentes partidos tradicionales. Por todo esto, VOLT se presenta a las elecciones del 26M, en todos los pa\u00edses de la Uni\u00f3n Europea, con unas mismas siglas, con una misma bandera, con un mismo color, con <a href=\"https:\/\/medium.com\/volt-espa%C3%B1a\/la-declaraci%C3%B3n-de-%C3%A1msterdam-496c74202d6d\">un mismo programa<\/a>.<\/p>\n<p>Ante el desprestigio de la casta pol\u00edtica tradicional y de los brotes verdes de la nueva (C\u2019s, Podemos, VOX, \u2026), cortados todos por el mismo patr\u00f3n, y ante los desaf\u00edos a los que tiene que hacer frente la Uni\u00f3n Europea, era y es muy necesario y esperanzador el nacimiento de partidos paneuropeos, transnacionales y trasversales como VOLT. Ahora bien, en las elecciones del 26M, ser\u00e1 muy dif\u00edcil que VOLT tenga \u00e9xito electoral y pueda aplicar su programa.<\/p>\n<p>Por un lado,los medios de comunicaci\u00f3n, al menos en Espa\u00f1a, han hecho o\u00eddos sordos y \u201cvista ciega\u201d a las propuestas de VOLT. Durante la campa\u00f1a, nunca han hablado de este partido y, por lo tanto, es un desconocido para los electores. Y ya se sabe que lo que no se conoce no existe y no puede ser votado ni amado. Por otro lado, como qued\u00f3 reflejado en el debate que sigui\u00f3 a la conferencia precitada, los j\u00f3venes, enga\u00f1ados y decepcionados reiteradamente por los partidos tradicionales, son recelosos a implicarse en las nuevas formaciones pol\u00edticas. Tienen miedo a ser enga\u00f1ados una vez m\u00e1s ya que, como reza el proverbio \u00e1rabe, \u201c<em>L<\/em><em>a primera vez que me enga\u00f1es, ser\u00e1 culpa tuya. La segunda ser\u00e1 culpa m\u00eda<\/em>\u00ab.<\/p>\n<p>Por lo tanto, VOLT tendr\u00e1 que esperar para aplicar sus buenas ideas y materializar sus regeneradoras intenciones, para que se instalela \u201c<em>Europa de los ciudadanos<\/em>, la <em>Europa Social<\/em>, la <em>Europa del Bienestar<\/em>, la <em>Europa de los Principios y Valores<\/em>. Sin embrago, su tiempo llegar\u00e1 inevitablemente, para salvar del naufragio al barco de la Uni\u00f3n Europea. Ahora bien, cuando llegue su momento, VOLT tiene que tener preparado el ant\u00eddoto o vacuna para protegerse contra los \u201c<em>carro\u00f1eros<\/em>\u201d de otros partidos pol\u00edticos que se acercar\u00e1n a VOLT, cual moscas a un tentador panal de miel. Estos carro\u00f1eros son los que corrompen el ejercicio del poder y no lo contrario, como asevera el \u201c<em>dictum<\/em>\u201d de <strong>Lord Acton<\/strong>. En efecto, llegan a la pol\u00edtica sin haber comido y sin comer, y s\u00f3lo para poder comer. Y, luego, pasa lo que pasa: unos por otros, la casa sin barrer.<\/p>\n","protected":false},"excerpt":{"rendered":"<p>El pasado 21 de febrero, en el Centro de Documentaci\u00f3n Europea de la UAB, regentado por la diligente y creativa Conxi Mu\u00f1oz Ruiz, tuve la oportunidad y el placer de participar en una conferencia-tertulia sobre las \u201cElecciones a la Uni\u00f3n Europea: soluciones a trav\u00e9s del paneurope\u00edsmo\u201d. Fue impartida a dos [&hellip;]<\/p>\n","protected":false},"author":17,"featured_media":18135,"comment_status":"open","ping_status":"open","sticky":false,"template":"","format":"standard","meta":{"footnotes":""},"categories":[4114],"tags":[],"class_list":["post-18134","post","type-post","status-publish","format-standard","has-post-thumbnail","hentry","category-cantando-las-verdades"],"yoast_head":"<!-- This site is optimized with the Yoast SEO plugin v27.5 - https:\/\/yoast.com\/product\/yoast-seo-wordpress\/ -->\n<title>&#039;VOLT&#039;, \u00bfLa regeneraci\u00f3n pol\u00edtica de la Uni\u00f3n Europea? - Revista Rambla<\/title>\n<meta name=\"description\" content=\"La Uni\u00f3n Europea (U.E.) vive una situaci\u00f3n dram\u00e1tica, fruto del profundo malestar y creciente desafecto de los ciudadanos hacia el \u201cproyecto europeo\u201d\" \/>\n<meta name=\"robots\" content=\"index, follow, max-snippet:-1, max-image-preview:large, max-video-preview:-1\" \/>\n<link rel=\"canonical\" href=\"https:\/\/www.revistarambla.com\/en\/volt-la-regeneracion-politica-de-la-union-europea\/\" \/>\n<meta property=\"og:locale\" content=\"en_GB\" \/>\n<meta property=\"og:type\" content=\"article\" \/>\n<meta property=\"og:title\" content=\"&#039;VOLT&#039;, \u00bfLa regeneraci\u00f3n pol\u00edtica de la Uni\u00f3n Europea? - Revista Rambla\" \/>\n<meta property=\"og:description\" content=\"La Uni\u00f3n Europea (U.E.) vive una situaci\u00f3n dram\u00e1tica, fruto del profundo malestar y creciente desafecto de los ciudadanos hacia el \u201cproyecto europeo\u201d\" \/>\n<meta property=\"og:url\" content=\"https:\/\/www.revistarambla.com\/en\/volt-la-regeneracion-politica-de-la-union-europea\/\" \/>\n<meta property=\"og:site_name\" content=\"Revista Rambla\" \/>\n<meta property=\"article:publisher\" content=\"https:\/\/www.facebook.com\/revistarambla\/\" \/>\n<meta property=\"article:author\" content=\"https:\/\/www.facebook.com\/manuelignacio.cabezasgonzalez\" \/>\n<meta property=\"article:published_time\" content=\"2019-05-21T14:59:56+00:00\" \/>\n<meta property=\"article:modified_time\" content=\"2025-01-23T20:40:54+00:00\" \/>\n<meta property=\"og:image\" content=\"https:\/\/www.revistarambla.com\/wp-content\/uploads\/2019\/05\/rambla.png\" \/>\n\t<meta property=\"og:image:width\" content=\"2048\" \/>\n\t<meta property=\"og:image:height\" content=\"1436\" \/>\n\t<meta property=\"og:image:type\" content=\"image\/png\" \/>\n<meta name=\"author\" content=\"Manuel Ignacio Cabezas Gonz\u00e1lez\" \/>\n<meta name=\"twitter:card\" content=\"summary_large_image\" \/>\n<meta name=\"twitter:creator\" content=\"@ManuelICabezas\" \/>\n<meta name=\"twitter:site\" content=\"@revistarambla\" \/>\n<meta name=\"twitter:label1\" content=\"Written by\" \/>\n\t<meta name=\"twitter:data1\" content=\"Manuel Ignacio Cabezas Gonz\u00e1lez\" \/>\n\t<meta name=\"twitter:label2\" content=\"Estimated reading time\" \/>\n\t<meta name=\"twitter:data2\" content=\"7 minutes\" \/>\n<script type=\"application\/ld+json\" class=\"yoast-schema-graph\">{\"@context\":\"https:\\\/\\\/schema.org\",\"@graph\":[{\"@type\":\"Article\",\"@id\":\"https:\\\/\\\/www.revistarambla.com\\\/volt-la-regeneracion-politica-de-la-union-europea\\\/#article\",\"isPartOf\":{\"@id\":\"https:\\\/\\\/www.revistarambla.com\\\/volt-la-regeneracion-politica-de-la-union-europea\\\/\"},\"author\":{\"name\":\"Manuel Ignacio Cabezas Gonz\u00e1lez\",\"@id\":\"https:\\\/\\\/www.revistarambla.com\\\/#\\\/schema\\\/person\\\/3d71c575842522757de7f4f9c9b40215\"},\"headline\":\"&#8216;VOLT&#8217;, \u00bfLa regeneraci\u00f3n pol\u00edtica de la Uni\u00f3n Europea?\",\"datePublished\":\"2019-05-21T14:59:56+00:00\",\"dateModified\":\"2025-01-23T20:40:54+00:00\",\"mainEntityOfPage\":{\"@id\":\"https:\\\/\\\/www.revistarambla.com\\\/volt-la-regeneracion-politica-de-la-union-europea\\\/\"},\"wordCount\":1525,\"commentCount\":0,\"publisher\":{\"@id\":\"https:\\\/\\\/www.revistarambla.com\\\/#organization\"},\"image\":{\"@id\":\"https:\\\/\\\/www.revistarambla.com\\\/volt-la-regeneracion-politica-de-la-union-europea\\\/#primaryimage\"},\"thumbnailUrl\":\"https:\\\/\\\/www.revistarambla.com\\\/wp-content\\\/uploads\\\/2019\\\/05\\\/rambla.png\",\"articleSection\":[\"Cantando las verdades\"],\"inLanguage\":\"en-GB\",\"potentialAction\":[{\"@type\":\"CommentAction\",\"name\":\"Comment\",\"target\":[\"https:\\\/\\\/www.revistarambla.com\\\/volt-la-regeneracion-politica-de-la-union-europea\\\/#respond\"]}]},{\"@type\":\"WebPage\",\"@id\":\"https:\\\/\\\/www.revistarambla.com\\\/volt-la-regeneracion-politica-de-la-union-europea\\\/\",\"url\":\"https:\\\/\\\/www.revistarambla.com\\\/volt-la-regeneracion-politica-de-la-union-europea\\\/\",\"name\":\"'VOLT', \u00bfLa regeneraci\u00f3n pol\u00edtica de la Uni\u00f3n Europea? - Revista Rambla\",\"isPartOf\":{\"@id\":\"https:\\\/\\\/www.revistarambla.com\\\/#website\"},\"primaryImageOfPage\":{\"@id\":\"https:\\\/\\\/www.revistarambla.com\\\/volt-la-regeneracion-politica-de-la-union-europea\\\/#primaryimage\"},\"image\":{\"@id\":\"https:\\\/\\\/www.revistarambla.com\\\/volt-la-regeneracion-politica-de-la-union-europea\\\/#primaryimage\"},\"thumbnailUrl\":\"https:\\\/\\\/www.revistarambla.com\\\/wp-content\\\/uploads\\\/2019\\\/05\\\/rambla.png\",\"datePublished\":\"2019-05-21T14:59:56+00:00\",\"dateModified\":\"2025-01-23T20:40:54+00:00\",\"description\":\"La Uni\u00f3n Europea (U.E.) vive una situaci\u00f3n dram\u00e1tica, fruto del profundo malestar y creciente desafecto de los ciudadanos hacia el \u201cproyecto europeo\u201d\",\"breadcrumb\":{\"@id\":\"https:\\\/\\\/www.revistarambla.com\\\/volt-la-regeneracion-politica-de-la-union-europea\\\/#breadcrumb\"},\"inLanguage\":\"en-GB\",\"potentialAction\":[{\"@type\":\"ReadAction\",\"target\":[\"https:\\\/\\\/www.revistarambla.com\\\/volt-la-regeneracion-politica-de-la-union-europea\\\/\"]}]},{\"@type\":\"ImageObject\",\"inLanguage\":\"en-GB\",\"@id\":\"https:\\\/\\\/www.revistarambla.com\\\/volt-la-regeneracion-politica-de-la-union-europea\\\/#primaryimage\",\"url\":\"https:\\\/\\\/www.revistarambla.com\\\/wp-content\\\/uploads\\\/2019\\\/05\\\/rambla.png\",\"contentUrl\":\"https:\\\/\\\/www.revistarambla.com\\\/wp-content\\\/uploads\\\/2019\\\/05\\\/rambla.png\",\"width\":2048,\"height\":1436},{\"@type\":\"BreadcrumbList\",\"@id\":\"https:\\\/\\\/www.revistarambla.com\\\/volt-la-regeneracion-politica-de-la-union-europea\\\/#breadcrumb\",\"itemListElement\":[{\"@type\":\"ListItem\",\"position\":1,\"name\":\"Portada\",\"item\":\"https:\\\/\\\/www.revistarambla.com\\\/\"},{\"@type\":\"ListItem\",\"position\":2,\"name\":\"&#8216;VOLT&#8217;, \u00bfLa regeneraci\u00f3n pol\u00edtica de la Uni\u00f3n Europea?\"}]},{\"@type\":\"WebSite\",\"@id\":\"https:\\\/\\\/www.revistarambla.com\\\/#website\",\"url\":\"https:\\\/\\\/www.revistarambla.com\\\/\",\"name\":\"Revista Rambla Barcelona\",\"description\":\"Periodismo independiente\",\"publisher\":{\"@id\":\"https:\\\/\\\/www.revistarambla.com\\\/#organization\"},\"potentialAction\":[{\"@type\":\"SearchAction\",\"target\":{\"@type\":\"EntryPoint\",\"urlTemplate\":\"https:\\\/\\\/www.revistarambla.com\\\/?s={search_term_string}\"},\"query-input\":{\"@type\":\"PropertyValueSpecification\",\"valueRequired\":true,\"valueName\":\"search_term_string\"}}],\"inLanguage\":\"en-GB\"},{\"@type\":\"Organization\",\"@id\":\"https:\\\/\\\/www.revistarambla.com\\\/#organization\",\"name\":\"Revista Rambla\",\"url\":\"https:\\\/\\\/www.revistarambla.com\\\/\",\"logo\":{\"@type\":\"ImageObject\",\"inLanguage\":\"en-GB\",\"@id\":\"https:\\\/\\\/www.revistarambla.com\\\/#\\\/schema\\\/logo\\\/image\\\/\",\"url\":\"https:\\\/\\\/www.revistarambla.com\\\/wp-content\\\/uploads\\\/2020\\\/09\\\/banner_rambla_1900x600_BB.png\",\"contentUrl\":\"https:\\\/\\\/www.revistarambla.com\\\/wp-content\\\/uploads\\\/2020\\\/09\\\/banner_rambla_1900x600_BB.png\",\"width\":1900,\"height\":600,\"caption\":\"Revista Rambla\"},\"image\":{\"@id\":\"https:\\\/\\\/www.revistarambla.com\\\/#\\\/schema\\\/logo\\\/image\\\/\"},\"sameAs\":[\"https:\\\/\\\/www.facebook.com\\\/revistarambla\\\/\",\"https:\\\/\\\/x.com\\\/revistarambla\",\"https:\\\/\\\/www.instagram.com\\\/revista_rambla\",\"https:\\\/\\\/es.linkedin.com\\\/company\\\/revista-rambla\"]},{\"@type\":\"Person\",\"@id\":\"https:\\\/\\\/www.revistarambla.com\\\/#\\\/schema\\\/person\\\/3d71c575842522757de7f4f9c9b40215\",\"name\":\"Manuel Ignacio Cabezas Gonz\u00e1lez\",\"description\":\"Doctor en Didactolog\u00eda de las Lenguas y de las Culturas. Profesor Titular de Ling\u00fc\u00edstica y de Ling\u00fc\u00edstica Aplicada. Departamento de Filolog\u00eda Francesa y Rom\u00e1nica (UAB).\",\"sameAs\":[\"http:\\\/\\\/honrad.blogspot.com\\\/\",\"https:\\\/\\\/www.facebook.com\\\/manuelignacio.cabezasgonzalez\",\"https:\\\/\\\/x.com\\\/ManuelICabezas\"]}]}<\/script>\n<!-- \/ Yoast SEO plugin. -->","yoast_head_json":{"title":"'VOLT', \u00bfLa regeneraci\u00f3n pol\u00edtica de la Uni\u00f3n Europea? - Revista Rambla","description":"La Uni\u00f3n Europea (U.E.) vive una situaci\u00f3n dram\u00e1tica, fruto del profundo malestar y creciente desafecto de los ciudadanos hacia el \u201cproyecto europeo\u201d","robots":{"index":"index","follow":"follow","max-snippet":"max-snippet:-1","max-image-preview":"max-image-preview:large","max-video-preview":"max-video-preview:-1"},"canonical":"https:\/\/www.revistarambla.com\/en\/volt-la-regeneracion-politica-de-la-union-europea\/","og_locale":"en_GB","og_type":"article","og_title":"'VOLT', \u00bfLa regeneraci\u00f3n pol\u00edtica de la Uni\u00f3n Europea? - Revista Rambla","og_description":"La Uni\u00f3n Europea (U.E.) vive una situaci\u00f3n dram\u00e1tica, fruto del profundo malestar y creciente desafecto de los ciudadanos hacia el \u201cproyecto europeo\u201d","og_url":"https:\/\/www.revistarambla.com\/en\/volt-la-regeneracion-politica-de-la-union-europea\/","og_site_name":"Revista Rambla","article_publisher":"https:\/\/www.facebook.com\/revistarambla\/","article_author":"https:\/\/www.facebook.com\/manuelignacio.cabezasgonzalez","article_published_time":"2019-05-21T14:59:56+00:00","article_modified_time":"2025-01-23T20:40:54+00:00","og_image":[{"width":2048,"height":1436,"url":"https:\/\/www.revistarambla.com\/wp-content\/uploads\/2019\/05\/rambla.png","type":"image\/png"}],"author":"Manuel Ignacio Cabezas Gonz\u00e1lez","twitter_card":"summary_large_image","twitter_creator":"@ManuelICabezas","twitter_site":"@revistarambla","twitter_misc":{"Written by":"Manuel Ignacio Cabezas Gonz\u00e1lez","Estimated reading time":"7 minutes"},"schema":{"@context":"https:\/\/schema.org","@graph":[{"@type":"Article","@id":"https:\/\/www.revistarambla.com\/volt-la-regeneracion-politica-de-la-union-europea\/#article","isPartOf":{"@id":"https:\/\/www.revistarambla.com\/volt-la-regeneracion-politica-de-la-union-europea\/"},"author":{"name":"Manuel Ignacio Cabezas Gonz\u00e1lez","@id":"https:\/\/www.revistarambla.com\/#\/schema\/person\/3d71c575842522757de7f4f9c9b40215"},"headline":"&#8216;VOLT&#8217;, \u00bfLa regeneraci\u00f3n pol\u00edtica de la Uni\u00f3n Europea?","datePublished":"2019-05-21T14:59:56+00:00","dateModified":"2025-01-23T20:40:54+00:00","mainEntityOfPage":{"@id":"https:\/\/www.revistarambla.com\/volt-la-regeneracion-politica-de-la-union-europea\/"},"wordCount":1525,"commentCount":0,"publisher":{"@id":"https:\/\/www.revistarambla.com\/#organization"},"image":{"@id":"https:\/\/www.revistarambla.com\/volt-la-regeneracion-politica-de-la-union-europea\/#primaryimage"},"thumbnailUrl":"https:\/\/www.revistarambla.com\/wp-content\/uploads\/2019\/05\/rambla.png","articleSection":["Cantando las verdades"],"inLanguage":"en-GB","potentialAction":[{"@type":"CommentAction","name":"Comment","target":["https:\/\/www.revistarambla.com\/volt-la-regeneracion-politica-de-la-union-europea\/#respond"]}]},{"@type":"WebPage","@id":"https:\/\/www.revistarambla.com\/volt-la-regeneracion-politica-de-la-union-europea\/","url":"https:\/\/www.revistarambla.com\/volt-la-regeneracion-politica-de-la-union-europea\/","name":"'VOLT', \u00bfLa regeneraci\u00f3n pol\u00edtica de la Uni\u00f3n Europea? - Revista Rambla","isPartOf":{"@id":"https:\/\/www.revistarambla.com\/#website"},"primaryImageOfPage":{"@id":"https:\/\/www.revistarambla.com\/volt-la-regeneracion-politica-de-la-union-europea\/#primaryimage"},"image":{"@id":"https:\/\/www.revistarambla.com\/volt-la-regeneracion-politica-de-la-union-europea\/#primaryimage"},"thumbnailUrl":"https:\/\/www.revistarambla.com\/wp-content\/uploads\/2019\/05\/rambla.png","datePublished":"2019-05-21T14:59:56+00:00","dateModified":"2025-01-23T20:40:54+00:00","description":"La Uni\u00f3n Europea (U.E.) vive una situaci\u00f3n dram\u00e1tica, fruto del profundo malestar y creciente desafecto de los ciudadanos hacia el \u201cproyecto europeo\u201d","breadcrumb":{"@id":"https:\/\/www.revistarambla.com\/volt-la-regeneracion-politica-de-la-union-europea\/#breadcrumb"},"inLanguage":"en-GB","potentialAction":[{"@type":"ReadAction","target":["https:\/\/www.revistarambla.com\/volt-la-regeneracion-politica-de-la-union-europea\/"]}]},{"@type":"ImageObject","inLanguage":"en-GB","@id":"https:\/\/www.revistarambla.com\/volt-la-regeneracion-politica-de-la-union-europea\/#primaryimage","url":"https:\/\/www.revistarambla.com\/wp-content\/uploads\/2019\/05\/rambla.png","contentUrl":"https:\/\/www.revistarambla.com\/wp-content\/uploads\/2019\/05\/rambla.png","width":2048,"height":1436},{"@type":"BreadcrumbList","@id":"https:\/\/www.revistarambla.com\/volt-la-regeneracion-politica-de-la-union-europea\/#breadcrumb","itemListElement":[{"@type":"ListItem","position":1,"name":"Portada","item":"https:\/\/www.revistarambla.com\/"},{"@type":"ListItem","position":2,"name":"&#8216;VOLT&#8217;, \u00bfLa regeneraci\u00f3n pol\u00edtica de la Uni\u00f3n Europea?"}]},{"@type":"WebSite","@id":"https:\/\/www.revistarambla.com\/#website","url":"https:\/\/www.revistarambla.com\/","name":"Revista Rambla Barcelona","description":"Periodismo independiente","publisher":{"@id":"https:\/\/www.revistarambla.com\/#organization"},"potentialAction":[{"@type":"SearchAction","target":{"@type":"EntryPoint","urlTemplate":"https:\/\/www.revistarambla.com\/?s={search_term_string}"},"query-input":{"@type":"PropertyValueSpecification","valueRequired":true,"valueName":"search_term_string"}}],"inLanguage":"en-GB"},{"@type":"Organization","@id":"https:\/\/www.revistarambla.com\/#organization","name":"Revista Rambla","url":"https:\/\/www.revistarambla.com\/","logo":{"@type":"ImageObject","inLanguage":"en-GB","@id":"https:\/\/www.revistarambla.com\/#\/schema\/logo\/image\/","url":"https:\/\/www.revistarambla.com\/wp-content\/uploads\/2020\/09\/banner_rambla_1900x600_BB.png","contentUrl":"https:\/\/www.revistarambla.com\/wp-content\/uploads\/2020\/09\/banner_rambla_1900x600_BB.png","width":1900,"height":600,"caption":"Revista Rambla"},"image":{"@id":"https:\/\/www.revistarambla.com\/#\/schema\/logo\/image\/"},"sameAs":["https:\/\/www.facebook.com\/revistarambla\/","https:\/\/x.com\/revistarambla","https:\/\/www.instagram.com\/revista_rambla","https:\/\/es.linkedin.com\/company\/revista-rambla"]},{"@type":"Person","@id":"https:\/\/www.revistarambla.com\/#\/schema\/person\/3d71c575842522757de7f4f9c9b40215","name":"Manuel Ignacio Cabezas Gonz\u00e1lez","description":"Doctor en Didactolog\u00eda de las Lenguas y de las Culturas. Profesor Titular de Ling\u00fc\u00edstica y de Ling\u00fc\u00edstica Aplicada. Departamento de Filolog\u00eda Francesa y Rom\u00e1nica (UAB).","sameAs":["http:\/\/honrad.blogspot.com\/","https:\/\/www.facebook.com\/manuelignacio.cabezasgonzalez","https:\/\/x.com\/ManuelICabezas"]}]}},"_links":{"self":[{"href":"https:\/\/www.revistarambla.com\/en\/wp-json\/wp\/v2\/posts\/18134","targetHints":{"allow":["GET"]}}],"collection":[{"href":"https:\/\/www.revistarambla.com\/en\/wp-json\/wp\/v2\/posts"}],"about":[{"href":"https:\/\/www.revistarambla.com\/en\/wp-json\/wp\/v2\/types\/post"}],"author":[{"embeddable":true,"href":"https:\/\/www.revistarambla.com\/en\/wp-json\/wp\/v2\/users\/17"}],"replies":[{"embeddable":true,"href":"https:\/\/www.revistarambla.com\/en\/wp-json\/wp\/v2\/comments?post=18134"}],"version-history":[{"count":1,"href":"https:\/\/www.revistarambla.com\/en\/wp-json\/wp\/v2\/posts\/18134\/revisions"}],"predecessor-version":[{"id":64123,"href":"https:\/\/www.revistarambla.com\/en\/wp-json\/wp\/v2\/posts\/18134\/revisions\/64123"}],"wp:featuredmedia":[{"embeddable":true,"href":"https:\/\/www.revistarambla.com\/en\/wp-json\/wp\/v2\/media\/18135"}],"wp:attachment":[{"href":"https:\/\/www.revistarambla.com\/en\/wp-json\/wp\/v2\/media?parent=18134"}],"wp:term":[{"taxonomy":"category","embeddable":true,"href":"https:\/\/www.revistarambla.com\/en\/wp-json\/wp\/v2\/categories?post=18134"},{"taxonomy":"post_tag","embeddable":true,"href":"https:\/\/www.revistarambla.com\/en\/wp-json\/wp\/v2\/tags?post=18134"}],"curies":[{"name":"wp","href":"https:\/\/api.w.org\/{rel}","templated":true}]}}