{"id":1791,"date":"2012-06-01T10:23:55","date_gmt":"2012-06-01T10:23:55","guid":{"rendered":"https:\/\/www.revistarambla.com\/mujeres-la-fuerza-del-cambio-en-india\/"},"modified":"2021-05-20T19:18:40","modified_gmt":"2021-05-20T17:18:40","slug":"mujeres-la-fuerza-del-cambio-en-india","status":"publish","type":"post","link":"https:\/\/www.revistarambla.com\/en\/mujeres-la-fuerza-del-cambio-en-india\/","title":{"rendered":"Mujeres: la fuerza del cambio en India"},"content":{"rendered":"<p>Atenci\u00f3n: un cami\u00f3n indio ha desembarcado en el Puerto Viejo de Barcelona. Se queda hasta el domingo y nos invita a subir. Lo conduce la Fundaci\u00f3n Vicente Ferrer y lo que transporta es una exposici\u00f3n fotogr\u00e1fica sobre siete mujeres que, en uno de los estados m\u00e1s pobres de la India, han emprendido proyectos vitales y profesionales para salir de la exclusi\u00f3n social.<\/p>\n<p><img decoding=\"async\" class=\"aligncenter\" src=\"https:\/\/www.revistarambla.com\/wp-content\/uploads\/2012\/06\/india_03.jpg\" alt=\"alt\" width=\"550\" height=\"273\" \/><\/p>\n<p>Un testimonio de superaci\u00f3n en un contexto de doble discriminaci\u00f3n: la de pertenecer a un grupo social sin un lugar propio dentro de la sociedad india, como es el del mundo rural, y la de ser mujer, con todos los problemas que esto conlleva en un pa\u00eds en el que las mujeres no son due\u00f1as de su propio destino.<\/p>\n<p>Si bien hay muchos datos sobre la India que ya no nos sorprenden tanto -es el segundo pa\u00eds m\u00e1s poblado del mundo (1.200 millones de habitantes), la cuarta mayor econom\u00eda mundial, el s\u00e9ptimo pa\u00eds m\u00e1s extenso y la cuna de importantes religiones-existe uno que posiblemente desconocemos: la India se est\u00e1 quedando, literalmente, sin mujeres. La principal causa es el aborto selectivo que las familias practican cuando se enteran de que el beb\u00e9 que est\u00e1 por nacer es una ni\u00f1a. La cultura profundamente patriarcal de este pa\u00eds y, sobre todo, de las zonas rurales, determina que las mujeres cuando se casan tienen que pagar a la familia del novio una dote, lo cual implica un duro golpe econ\u00f3mico, muchas veces imposible de asumir. El nacimiento de un hijo var\u00f3n resulta, pues, sin\u00f3nimo de riqueza y alegr\u00eda. El de una hija, en cambio, se recibe sin celebraciones, como una condena.<\/p>\n<p><img decoding=\"async\" class=\"alignright\" src=\"https:\/\/www.revistarambla.com\/wp-content\/uploads\/2012\/06\/india_02.jpg\" alt=\"alt\" width=\"250\" height=\"399\" \/>La muestra fotogr\u00e1fica que recorre Espa\u00f1a durante el mes de junio desgrana el programa de desarrollo integral de la Fundaci\u00f3n en Andhra Pradesh, segundo estado de la India en casos de violencia de g\u00e9nero. Montse Ortiz, especialista de g\u00e9nero dentro de la Fundaci\u00f3n, explica que el programa act\u00faa de forma transversal: \u201cnos ocupamos de \u00e1reas como educaci\u00f3n, vivienda, sanidad, ecolog\u00eda y personas con discapacidad y en cada una de ellas trabajamos, a la vez, la situaci\u00f3n de la mujer\u201d. Montse destaca la importancia de que las mujeres vayan ganando autonom\u00eda personal y financiera para reforzar su autoestima dentro de un sistema que las excluye. En este sentido, la Fundaci\u00f3n lleva a cabo una iniciativa muy interesante, los Shengan, grupos donde las mujeres se encuentran para identificar sus problemas y compartir sus intereses. \u201cAll\u00ed ellas fortalecen su autoestima porque, por fin, pueden salir del espacio privado en el que viven relegadas para expresarse y reivindicarse en p\u00fablico\u201d a\u00f1ade la especialista.<\/p>\n<p>Siete mujeres son las que ilustran el proceso de empoderamiento que, con apoyo de la Fundaci\u00f3n, se est\u00e1 desarrollando en la India rural. Yellamma es una de ellas. Su marido la devolvi\u00f3 a su familia a los tres a\u00f1os de casarse por no poder trabajar debido a una discapacidad. Sufre movilidad reducida y ha tenido que recluirse en casa por culpa del estigma social. Hoy, sin embargo, Yellamma trabaja desde el hogar elaborando productos de yute para los talleres artesanales de la Fundaci\u00f3n Vicente Ferrer. Gracias a la posibilidad de un empleo remunerado, esta mujer vuelve a ocupar su posici\u00f3n social y a disfrutar del respeto de la comunidad y, lo que es m\u00e1s importante, de su propia estima.<\/p>\n<p>Otro ejemplo es el de Likita, una ni\u00f1a que, con tan s\u00f3lo nueve a\u00f1os, tiene claro que quiere ser ingeniera, y lo ser\u00e1. Sus padres, que no han tenido la opci\u00f3n de estudiar, est\u00e1n invirtiendo todos sus esfuerzos para que ella y su hermano de seis a\u00f1os puedan tener esa oportunidad. En India, donde se prioriza la educaci\u00f3n de los ni\u00f1os, representa un gran \u00e9xito social que las ni\u00f1as logren el acceso a la escuela y la universidad.<\/p>\n<p>Su testimonio es uno de los siete cuyas im\u00e1genes y palabras podemos encontrar en el cami\u00f3n de colores aparcado hasta el domingo en el Port Vell\u00a0 de Barcelona. Una oportunidad de acercarse a un pa\u00eds que muchos desconocemos: La India de las mujeres.<\/p>","protected":false},"excerpt":{"rendered":"<p>Atenci\u00f3n: un cami\u00f3n indio ha desembarcado en el Puerto Viejo de Barcelona. Se queda hasta el domingo y nos invita a subir. Lo conduce la Fundaci\u00f3n Vicente Ferrer y lo que transporta es una exposici\u00f3n fotogr\u00e1fica sobre siete mujeres que, en uno de los estados m\u00e1s pobres de la India, [&hellip;]<\/p>\n","protected":false},"author":1,"featured_media":0,"comment_status":"open","ping_status":"open","sticky":false,"template":"","format":"standard","meta":{"footnotes":""},"categories":[3,76],"tags":[],"class_list":["post-1791","post","type-post","status-publish","format-standard","hentry","category-actualidad","category-barcelona"],"yoast_head":"<!-- This site is optimized with the Yoast SEO plugin v27.5 - https:\/\/yoast.com\/product\/yoast-seo-wordpress\/ -->\n<title>Mujeres: la fuerza del cambio en India - Revista Rambla<\/title>\n<meta name=\"robots\" content=\"index, follow, max-snippet:-1, max-image-preview:large, max-video-preview:-1\" \/>\n<link rel=\"canonical\" href=\"https:\/\/www.revistarambla.com\/en\/mujeres-la-fuerza-del-cambio-en-india\/\" \/>\n<meta property=\"og:locale\" content=\"en_GB\" \/>\n<meta property=\"og:type\" content=\"article\" \/>\n<meta property=\"og:title\" content=\"Mujeres: la fuerza del cambio en India - Revista Rambla\" \/>\n<meta property=\"og:description\" content=\"Atenci\u00f3n: un cami\u00f3n indio ha desembarcado en el Puerto Viejo de Barcelona. Se queda hasta el domingo y nos invita a subir. Lo conduce la Fundaci\u00f3n Vicente Ferrer y lo que transporta es una exposici\u00f3n fotogr\u00e1fica sobre siete mujeres que, en uno de los estados m\u00e1s pobres de la India, [&hellip;]\" \/>\n<meta property=\"og:url\" content=\"https:\/\/www.revistarambla.com\/en\/mujeres-la-fuerza-del-cambio-en-india\/\" \/>\n<meta property=\"og:site_name\" content=\"Revista Rambla\" \/>\n<meta property=\"article:publisher\" content=\"https:\/\/www.facebook.com\/revistarambla\/\" \/>\n<meta property=\"article:published_time\" content=\"2012-06-01T10:23:55+00:00\" \/>\n<meta property=\"article:modified_time\" content=\"2021-05-20T17:18:40+00:00\" \/>\n<meta property=\"og:image\" content=\"https:\/\/i1.wp.com\/www.revistarambla.com\/wp-content\/uploads\/2012\/06\/india.jpg?fit=682%2C400&ssl=1\" \/>\n\t<meta property=\"og:image:width\" content=\"682\" \/>\n\t<meta property=\"og:image:height\" content=\"400\" \/>\n\t<meta property=\"og:image:type\" content=\"image\/jpeg\" \/>\n<meta name=\"author\" content=\"Flor Ragucci\" \/>\n<meta name=\"twitter:card\" content=\"summary_large_image\" \/>\n<meta name=\"twitter:creator\" content=\"@revistarambla\" \/>\n<meta name=\"twitter:site\" content=\"@revistarambla\" \/>\n<meta name=\"twitter:label1\" content=\"Written by\" \/>\n\t<meta name=\"twitter:data1\" content=\"Flor Ragucci\" \/>\n\t<meta name=\"twitter:label2\" content=\"Estimated reading time\" \/>\n\t<meta name=\"twitter:data2\" content=\"4 minutes\" \/>\n<script type=\"application\/ld+json\" class=\"yoast-schema-graph\">{\"@context\":\"https:\\\/\\\/schema.org\",\"@graph\":[{\"@type\":\"Article\",\"@id\":\"https:\\\/\\\/www.revistarambla.com\\\/mujeres-la-fuerza-del-cambio-en-india\\\/#article\",\"isPartOf\":{\"@id\":\"https:\\\/\\\/www.revistarambla.com\\\/mujeres-la-fuerza-del-cambio-en-india\\\/\"},\"author\":{\"name\":\"Flor Ragucci\",\"@id\":\"https:\\\/\\\/www.revistarambla.com\\\/#\\\/schema\\\/person\\\/4a5652fc8c82df1f8593002d038cd79e\"},\"headline\":\"Mujeres: la fuerza del cambio en India\",\"datePublished\":\"2012-06-01T10:23:55+00:00\",\"dateModified\":\"2021-05-20T17:18:40+00:00\",\"mainEntityOfPage\":{\"@id\":\"https:\\\/\\\/www.revistarambla.com\\\/mujeres-la-fuerza-del-cambio-en-india\\\/\"},\"wordCount\":728,\"commentCount\":0,\"publisher\":{\"@id\":\"https:\\\/\\\/www.revistarambla.com\\\/#organization\"},\"image\":{\"@id\":\"https:\\\/\\\/www.revistarambla.com\\\/mujeres-la-fuerza-del-cambio-en-india\\\/#primaryimage\"},\"thumbnailUrl\":\"https:\\\/\\\/www.revistarambla.com\\\/wp-content\\\/uploads\\\/2012\\\/06\\\/india_03.jpg\",\"articleSection\":[\"Actualidad\",\"Barcelona\"],\"inLanguage\":\"en-GB\",\"potentialAction\":[{\"@type\":\"CommentAction\",\"name\":\"Comment\",\"target\":[\"https:\\\/\\\/www.revistarambla.com\\\/mujeres-la-fuerza-del-cambio-en-india\\\/#respond\"]}]},{\"@type\":\"WebPage\",\"@id\":\"https:\\\/\\\/www.revistarambla.com\\\/mujeres-la-fuerza-del-cambio-en-india\\\/\",\"url\":\"https:\\\/\\\/www.revistarambla.com\\\/mujeres-la-fuerza-del-cambio-en-india\\\/\",\"name\":\"Mujeres: la fuerza del cambio en India - Revista Rambla\",\"isPartOf\":{\"@id\":\"https:\\\/\\\/www.revistarambla.com\\\/#website\"},\"primaryImageOfPage\":{\"@id\":\"https:\\\/\\\/www.revistarambla.com\\\/mujeres-la-fuerza-del-cambio-en-india\\\/#primaryimage\"},\"image\":{\"@id\":\"https:\\\/\\\/www.revistarambla.com\\\/mujeres-la-fuerza-del-cambio-en-india\\\/#primaryimage\"},\"thumbnailUrl\":\"https:\\\/\\\/www.revistarambla.com\\\/wp-content\\\/uploads\\\/2012\\\/06\\\/india_03.jpg\",\"datePublished\":\"2012-06-01T10:23:55+00:00\",\"dateModified\":\"2021-05-20T17:18:40+00:00\",\"breadcrumb\":{\"@id\":\"https:\\\/\\\/www.revistarambla.com\\\/mujeres-la-fuerza-del-cambio-en-india\\\/#breadcrumb\"},\"inLanguage\":\"en-GB\",\"potentialAction\":[{\"@type\":\"ReadAction\",\"target\":[\"https:\\\/\\\/www.revistarambla.com\\\/mujeres-la-fuerza-del-cambio-en-india\\\/\"]}]},{\"@type\":\"ImageObject\",\"inLanguage\":\"en-GB\",\"@id\":\"https:\\\/\\\/www.revistarambla.com\\\/mujeres-la-fuerza-del-cambio-en-india\\\/#primaryimage\",\"url\":\"https:\\\/\\\/www.revistarambla.com\\\/wp-content\\\/uploads\\\/2012\\\/06\\\/india_03.jpg\",\"contentUrl\":\"https:\\\/\\\/www.revistarambla.com\\\/wp-content\\\/uploads\\\/2012\\\/06\\\/india_03.jpg\"},{\"@type\":\"BreadcrumbList\",\"@id\":\"https:\\\/\\\/www.revistarambla.com\\\/mujeres-la-fuerza-del-cambio-en-india\\\/#breadcrumb\",\"itemListElement\":[{\"@type\":\"ListItem\",\"position\":1,\"name\":\"Portada\",\"item\":\"https:\\\/\\\/www.revistarambla.com\\\/\"},{\"@type\":\"ListItem\",\"position\":2,\"name\":\"Mujeres: la fuerza del cambio en India\"}]},{\"@type\":\"WebSite\",\"@id\":\"https:\\\/\\\/www.revistarambla.com\\\/#website\",\"url\":\"https:\\\/\\\/www.revistarambla.com\\\/\",\"name\":\"Revista Rambla Barcelona\",\"description\":\"Periodismo independiente\",\"publisher\":{\"@id\":\"https:\\\/\\\/www.revistarambla.com\\\/#organization\"},\"potentialAction\":[{\"@type\":\"SearchAction\",\"target\":{\"@type\":\"EntryPoint\",\"urlTemplate\":\"https:\\\/\\\/www.revistarambla.com\\\/?s={search_term_string}\"},\"query-input\":{\"@type\":\"PropertyValueSpecification\",\"valueRequired\":true,\"valueName\":\"search_term_string\"}}],\"inLanguage\":\"en-GB\"},{\"@type\":\"Organization\",\"@id\":\"https:\\\/\\\/www.revistarambla.com\\\/#organization\",\"name\":\"Revista Rambla\",\"url\":\"https:\\\/\\\/www.revistarambla.com\\\/\",\"logo\":{\"@type\":\"ImageObject\",\"inLanguage\":\"en-GB\",\"@id\":\"https:\\\/\\\/www.revistarambla.com\\\/#\\\/schema\\\/logo\\\/image\\\/\",\"url\":\"https:\\\/\\\/www.revistarambla.com\\\/wp-content\\\/uploads\\\/2020\\\/09\\\/banner_rambla_1900x600_BB.png\",\"contentUrl\":\"https:\\\/\\\/www.revistarambla.com\\\/wp-content\\\/uploads\\\/2020\\\/09\\\/banner_rambla_1900x600_BB.png\",\"width\":1900,\"height\":600,\"caption\":\"Revista Rambla\"},\"image\":{\"@id\":\"https:\\\/\\\/www.revistarambla.com\\\/#\\\/schema\\\/logo\\\/image\\\/\"},\"sameAs\":[\"https:\\\/\\\/www.facebook.com\\\/revistarambla\\\/\",\"https:\\\/\\\/x.com\\\/revistarambla\",\"https:\\\/\\\/www.instagram.com\\\/revista_rambla\",\"https:\\\/\\\/es.linkedin.com\\\/company\\\/revista-rambla\"]},{\"@type\":\"Person\",\"@id\":\"https:\\\/\\\/www.revistarambla.com\\\/#\\\/schema\\\/person\\\/4a5652fc8c82df1f8593002d038cd79e\",\"name\":\"Flor Ragucci\",\"description\":\"Periodista.\",\"sameAs\":[\"https:\\\/\\\/www.revistarambla.com\\\/\"]}]}<\/script>\n<!-- \/ Yoast SEO plugin. -->","yoast_head_json":{"title":"Mujeres: la fuerza del cambio en India - Revista Rambla","robots":{"index":"index","follow":"follow","max-snippet":"max-snippet:-1","max-image-preview":"max-image-preview:large","max-video-preview":"max-video-preview:-1"},"canonical":"https:\/\/www.revistarambla.com\/en\/mujeres-la-fuerza-del-cambio-en-india\/","og_locale":"en_GB","og_type":"article","og_title":"Mujeres: la fuerza del cambio en India - Revista Rambla","og_description":"Atenci\u00f3n: un cami\u00f3n indio ha desembarcado en el Puerto Viejo de Barcelona. Se queda hasta el domingo y nos invita a subir. Lo conduce la Fundaci\u00f3n Vicente Ferrer y lo que transporta es una exposici\u00f3n fotogr\u00e1fica sobre siete mujeres que, en uno de los estados m\u00e1s pobres de la India, [&hellip;]","og_url":"https:\/\/www.revistarambla.com\/en\/mujeres-la-fuerza-del-cambio-en-india\/","og_site_name":"Revista Rambla","article_publisher":"https:\/\/www.facebook.com\/revistarambla\/","article_published_time":"2012-06-01T10:23:55+00:00","article_modified_time":"2021-05-20T17:18:40+00:00","og_image":[{"width":682,"height":400,"url":"https:\/\/i1.wp.com\/www.revistarambla.com\/wp-content\/uploads\/2012\/06\/india.jpg?fit=682%2C400&ssl=1","type":"image\/jpeg"}],"author":"Flor Ragucci","twitter_card":"summary_large_image","twitter_creator":"@revistarambla","twitter_site":"@revistarambla","twitter_misc":{"Written by":"Flor Ragucci","Estimated reading time":"4 minutes"},"schema":{"@context":"https:\/\/schema.org","@graph":[{"@type":"Article","@id":"https:\/\/www.revistarambla.com\/mujeres-la-fuerza-del-cambio-en-india\/#article","isPartOf":{"@id":"https:\/\/www.revistarambla.com\/mujeres-la-fuerza-del-cambio-en-india\/"},"author":{"name":"Flor Ragucci","@id":"https:\/\/www.revistarambla.com\/#\/schema\/person\/4a5652fc8c82df1f8593002d038cd79e"},"headline":"Mujeres: la fuerza del cambio en India","datePublished":"2012-06-01T10:23:55+00:00","dateModified":"2021-05-20T17:18:40+00:00","mainEntityOfPage":{"@id":"https:\/\/www.revistarambla.com\/mujeres-la-fuerza-del-cambio-en-india\/"},"wordCount":728,"commentCount":0,"publisher":{"@id":"https:\/\/www.revistarambla.com\/#organization"},"image":{"@id":"https:\/\/www.revistarambla.com\/mujeres-la-fuerza-del-cambio-en-india\/#primaryimage"},"thumbnailUrl":"https:\/\/www.revistarambla.com\/wp-content\/uploads\/2012\/06\/india_03.jpg","articleSection":["Actualidad","Barcelona"],"inLanguage":"en-GB","potentialAction":[{"@type":"CommentAction","name":"Comment","target":["https:\/\/www.revistarambla.com\/mujeres-la-fuerza-del-cambio-en-india\/#respond"]}]},{"@type":"WebPage","@id":"https:\/\/www.revistarambla.com\/mujeres-la-fuerza-del-cambio-en-india\/","url":"https:\/\/www.revistarambla.com\/mujeres-la-fuerza-del-cambio-en-india\/","name":"Mujeres: la fuerza del cambio en India - Revista Rambla","isPartOf":{"@id":"https:\/\/www.revistarambla.com\/#website"},"primaryImageOfPage":{"@id":"https:\/\/www.revistarambla.com\/mujeres-la-fuerza-del-cambio-en-india\/#primaryimage"},"image":{"@id":"https:\/\/www.revistarambla.com\/mujeres-la-fuerza-del-cambio-en-india\/#primaryimage"},"thumbnailUrl":"https:\/\/www.revistarambla.com\/wp-content\/uploads\/2012\/06\/india_03.jpg","datePublished":"2012-06-01T10:23:55+00:00","dateModified":"2021-05-20T17:18:40+00:00","breadcrumb":{"@id":"https:\/\/www.revistarambla.com\/mujeres-la-fuerza-del-cambio-en-india\/#breadcrumb"},"inLanguage":"en-GB","potentialAction":[{"@type":"ReadAction","target":["https:\/\/www.revistarambla.com\/mujeres-la-fuerza-del-cambio-en-india\/"]}]},{"@type":"ImageObject","inLanguage":"en-GB","@id":"https:\/\/www.revistarambla.com\/mujeres-la-fuerza-del-cambio-en-india\/#primaryimage","url":"https:\/\/www.revistarambla.com\/wp-content\/uploads\/2012\/06\/india_03.jpg","contentUrl":"https:\/\/www.revistarambla.com\/wp-content\/uploads\/2012\/06\/india_03.jpg"},{"@type":"BreadcrumbList","@id":"https:\/\/www.revistarambla.com\/mujeres-la-fuerza-del-cambio-en-india\/#breadcrumb","itemListElement":[{"@type":"ListItem","position":1,"name":"Portada","item":"https:\/\/www.revistarambla.com\/"},{"@type":"ListItem","position":2,"name":"Mujeres: la fuerza del cambio en India"}]},{"@type":"WebSite","@id":"https:\/\/www.revistarambla.com\/#website","url":"https:\/\/www.revistarambla.com\/","name":"Revista Rambla Barcelona","description":"Periodismo independiente","publisher":{"@id":"https:\/\/www.revistarambla.com\/#organization"},"potentialAction":[{"@type":"SearchAction","target":{"@type":"EntryPoint","urlTemplate":"https:\/\/www.revistarambla.com\/?s={search_term_string}"},"query-input":{"@type":"PropertyValueSpecification","valueRequired":true,"valueName":"search_term_string"}}],"inLanguage":"en-GB"},{"@type":"Organization","@id":"https:\/\/www.revistarambla.com\/#organization","name":"Revista Rambla","url":"https:\/\/www.revistarambla.com\/","logo":{"@type":"ImageObject","inLanguage":"en-GB","@id":"https:\/\/www.revistarambla.com\/#\/schema\/logo\/image\/","url":"https:\/\/www.revistarambla.com\/wp-content\/uploads\/2020\/09\/banner_rambla_1900x600_BB.png","contentUrl":"https:\/\/www.revistarambla.com\/wp-content\/uploads\/2020\/09\/banner_rambla_1900x600_BB.png","width":1900,"height":600,"caption":"Revista Rambla"},"image":{"@id":"https:\/\/www.revistarambla.com\/#\/schema\/logo\/image\/"},"sameAs":["https:\/\/www.facebook.com\/revistarambla\/","https:\/\/x.com\/revistarambla","https:\/\/www.instagram.com\/revista_rambla","https:\/\/es.linkedin.com\/company\/revista-rambla"]},{"@type":"Person","@id":"https:\/\/www.revistarambla.com\/#\/schema\/person\/4a5652fc8c82df1f8593002d038cd79e","name":"Flor Ragucci","description":"Periodista.","sameAs":["https:\/\/www.revistarambla.com\/"]}]}},"_links":{"self":[{"href":"https:\/\/www.revistarambla.com\/en\/wp-json\/wp\/v2\/posts\/1791","targetHints":{"allow":["GET"]}}],"collection":[{"href":"https:\/\/www.revistarambla.com\/en\/wp-json\/wp\/v2\/posts"}],"about":[{"href":"https:\/\/www.revistarambla.com\/en\/wp-json\/wp\/v2\/types\/post"}],"author":[{"embeddable":true,"href":"https:\/\/www.revistarambla.com\/en\/wp-json\/wp\/v2\/users\/1"}],"replies":[{"embeddable":true,"href":"https:\/\/www.revistarambla.com\/en\/wp-json\/wp\/v2\/comments?post=1791"}],"version-history":[{"count":0,"href":"https:\/\/www.revistarambla.com\/en\/wp-json\/wp\/v2\/posts\/1791\/revisions"}],"wp:attachment":[{"href":"https:\/\/www.revistarambla.com\/en\/wp-json\/wp\/v2\/media?parent=1791"}],"wp:term":[{"taxonomy":"category","embeddable":true,"href":"https:\/\/www.revistarambla.com\/en\/wp-json\/wp\/v2\/categories?post=1791"},{"taxonomy":"post_tag","embeddable":true,"href":"https:\/\/www.revistarambla.com\/en\/wp-json\/wp\/v2\/tags?post=1791"}],"curies":[{"name":"wp","href":"https:\/\/api.w.org\/{rel}","templated":true}]}}