{"id":1786,"date":"2012-05-31T06:09:18","date_gmt":"2012-05-31T06:09:18","guid":{"rendered":"https:\/\/www.revistarambla.com\/laura-gomez-hemos-comprobado-que-somos-fuertes\/"},"modified":"2021-05-09T16:55:47","modified_gmt":"2021-05-09T14:55:47","slug":"laura-gomez-hemos-comprobado-que-somos-fuertes","status":"publish","type":"post","link":"https:\/\/www.revistarambla.com\/en\/laura-gomez-hemos-comprobado-que-somos-fuertes\/","title":{"rendered":"Laura G\u00f3mez: \u00abHemos comprobado que somos fuertes\u00bb"},"content":{"rendered":"<p><img decoding=\"async\" class=\"aligncenter\" src=\"https:\/\/www.revistarambla.com\/wp-content\/uploads\/2012\/05\/LAURA_GOMEZ_02.jpg\" alt=\"alt\" width=\"550\" height=\"326\" \/><\/p>\n<p><strong><span data-scayt_word=\"Mucho\" data-scaytid=\"54\">Mucho<\/span> <span data-scayt_word=\"que\" data-scaytid=\"30\">que<\/span> <span data-scayt_word=\"decir\" data-scaytid=\"58\">decir<\/span> <span data-scayt_word=\"tras\" data-scaytid=\"59\">tras<\/span> 22 <span data-scayt_word=\"d\u00edas\" data-scaytid=\"60\">d\u00edas<\/span> en <span data-scayt_word=\"prisi\u00f3n\" data-scaytid=\"61\">prisi\u00f3n<\/span> y un <span data-scayt_word=\"proceso\" data-scaytid=\"62\">proceso<\/span> <span data-scayt_word=\"abierto\" data-scaytid=\"63\">abierto<\/span> con la <span data-scayt_word=\"posibilidad\" data-scaytid=\"64\">posibilidad<\/span> de <span data-scayt_word=\"hasta\" data-scaytid=\"65\">hasta<\/span> 36 <span data-scayt_word=\"a\u00f1os\" data-scaytid=\"66\">a\u00f1os<\/span> de <span data-scayt_word=\"condena\" data-scaytid=\"67\">condena<\/span> <span data-scayt_word=\"por\" data-scaytid=\"28\">por<\/span> <span data-scayt_word=\"haber\" data-scaytid=\"68\">haber<\/span> <span data-scayt_word=\"quemado\" data-scaytid=\"69\">quemado<\/span> <span data-scayt_word=\"una\" data-scaytid=\"32\">una<\/span> <span data-scayt_word=\"caja\" data-scaytid=\"71\">caja<\/span> de <span data-scayt_word=\"cart\u00f3n\" data-scaytid=\"72\">cart\u00f3n<\/span> <span data-scayt_word=\"frente\" data-scaytid=\"73\">frente<\/span> a la <span data-scayt_word=\"Bolsa\" data-scaytid=\"74\">Bolsa<\/span> de Barcelona. <span data-scayt_word=\"Mucho\" data-scaytid=\"55\">Mucho<\/span> <span data-scayt_word=\"que\" data-scaytid=\"31\">que<\/span> <span data-scayt_word=\"pensar\" data-scaytid=\"75\">pensar<\/span>.<\/strong><\/p>\n<p>La <span data-scayt_word=\"verdad\" data-scaytid=\"119\">verdad<\/span> <span data-scayt_word=\"es\" data-scaytid=\"120\">es<\/span> <span data-scayt_word=\"que\" data-scaytid=\"123\">que<\/span> le <span data-scayt_word=\"di\" data-scaytid=\"134\">di<\/span> <span data-scayt_word=\"muchas\" data-scaytid=\"135\">muchas<\/span> <span data-scayt_word=\"vueltas\" data-scaytid=\"136\">vueltas<\/span> y he <span data-scayt_word=\"llegado\" data-scaytid=\"137\">llegado<\/span> a <span data-scayt_word=\"una\" data-scaytid=\"138\">una<\/span> <span data-scayt_word=\"conclusi\u00f3n\" data-scaytid=\"140\">conclusi\u00f3n<\/span>: No me <span data-scayt_word=\"han\" data-scaytid=\"141\">han<\/span> <span data-scayt_word=\"detenido\" data-scaytid=\"143\">detenido<\/span> <span data-scayt_word=\"por\" data-scaytid=\"144\">por<\/span> lo <span data-scayt_word=\"que\" data-scaytid=\"124\">que<\/span> he <span data-scayt_word=\"hecho\" data-scaytid=\"148\">hecho<\/span> <span data-scayt_word=\"sino\" data-scaytid=\"149\">sino<\/span> <span data-scayt_word=\"por\" data-scaytid=\"145\">por<\/span> <span data-scayt_word=\"ser\" data-scaytid=\"152\">ser<\/span> <span data-scayt_word=\"afiliada\" data-scaytid=\"153\">afiliada<\/span> a la <span data-scayt_word=\"CGT\" data-scaytid=\"154\">CGT<\/span>. Si <span data-scayt_word=\"hubiera\" data-scaytid=\"156\">hubiera<\/span> <span data-scayt_word=\"sido\" data-scaytid=\"157\">sido<\/span> <span data-scayt_word=\"realmente\" data-scaytid=\"158\">realmente<\/span> <span data-scayt_word=\"por\" data-scaytid=\"146\">por<\/span> la <span data-scayt_word=\"acci\u00f3n\" data-scaytid=\"159\">acci\u00f3n<\/span> <span data-scayt_word=\"frente\" data-scaytid=\"160\">frente<\/span> a La <span data-scayt_word=\"Bolsa\" data-scaytid=\"161\">Bolsa<\/span>, en <span data-scayt_word=\"ese\" data-scaytid=\"251\">ese<\/span> <span data-scayt_word=\"mismo\" data-scaytid=\"252\">mismo<\/span> <span data-scayt_word=\"momento\" data-scaytid=\"253\">momento<\/span> me <span data-scayt_word=\"podr\u00edan\" data-scaytid=\"254\">podr\u00edan<\/span> <span data-scayt_word=\"haber\" data-scaytid=\"162\">haber<\/span> <span data-scayt_word=\"llevado\" data-scaytid=\"256\">llevado<\/span> o <span data-scayt_word=\"sancionado\" data-scaytid=\"257\">sancionado<\/span> de <span data-scayt_word=\"alguna\" data-scaytid=\"258\">alguna<\/span> <span data-scayt_word=\"manera\" data-scaytid=\"259\">manera<\/span> <span data-scayt_word=\"\u00a1Est\u00e1bamos\" data-scaytid=\"260\">\u00a1Est\u00e1bamos<\/span> <span data-scayt_word=\"rodeados\" data-scaytid=\"261\">rodeados<\/span> de <span data-scayt_word=\"polic\u00edas\" data-scaytid=\"262\">polic\u00edas<\/span>! <span data-scayt_word=\"Pero\" data-scaytid=\"263\">Pero<\/span> no <span data-scayt_word=\"es\" data-scaytid=\"121\">es<\/span> <span data-scayt_word=\"eso\" data-scaytid=\"265\">eso<\/span> lo <span data-scayt_word=\"que\" data-scaytid=\"125\">que<\/span> <span data-scayt_word=\"interesa\" data-scaytid=\"267\">interesa<\/span>. Lo <span data-scayt_word=\"que\" data-scaytid=\"126\">que<\/span> <span data-scayt_word=\"ellos\" data-scaytid=\"268\">ellos<\/span> <span data-scayt_word=\"quieren\" data-scaytid=\"269\">quieren<\/span> <span data-scayt_word=\"es\" data-scaytid=\"122\">es<\/span> <span data-scayt_word=\"parar\" data-scaytid=\"270\">parar<\/span> un <span data-scayt_word=\"movimiento\" data-scaytid=\"271\">movimiento<\/span> <span data-scayt_word=\"que\" data-scaytid=\"127\">que<\/span> <span data-scayt_word=\"est\u00e1\" data-scaytid=\"163\">est\u00e1<\/span> <span data-scayt_word=\"creciendo\" data-scaytid=\"273\">creciendo<\/span>. El <span data-scayt_word=\"sindicato\" data-scaytid=\"274\">sindicato<\/span> <span data-scayt_word=\"lleva\" data-scaytid=\"275\">lleva<\/span> <span data-scayt_word=\"tiempo\" data-scaytid=\"276\">tiempo<\/span> <span data-scayt_word=\"teniendo\" data-scaytid=\"277\">teniendo<\/span> <span data-scayt_word=\"cada\" data-scaytid=\"278\">cada<\/span> <span data-scayt_word=\"vez\" data-scaytid=\"164\">vez<\/span> <span data-scayt_word=\"m\u00e1s\" data-scaytid=\"280\">m\u00e1s<\/span> <span data-scayt_word=\"poder\" data-scaytid=\"282\">poder<\/span> de <span data-scayt_word=\"convocatoria\" data-scaytid=\"283\">convocatoria<\/span> y <span data-scayt_word=\"eso\" data-scaytid=\"266\">eso<\/span> no lo <span data-scayt_word=\"pueden\" data-scaytid=\"284\">pueden<\/span> <span data-scayt_word=\"consentir\" data-scaytid=\"285\">consentir<\/span>. <span data-scayt_word=\"Quer\u00edan\" data-scaytid=\"286\">Quer\u00edan<\/span> <span data-scayt_word=\"que\" data-scaytid=\"128\">que<\/span> la <span data-scayt_word=\"reacci\u00f3n\" data-scaytid=\"288\">reacci\u00f3n<\/span> a <span data-scayt_word=\"esta\" data-scaytid=\"289\">esta<\/span> <span data-scayt_word=\"detenci\u00f3n\" data-scaytid=\"290\">detenci\u00f3n<\/span> <span data-scayt_word=\"fuera\" data-scaytid=\"291\">fuera<\/span> el <span data-scayt_word=\"miedo\" data-scaytid=\"292\">miedo<\/span>, no <span data-scayt_word=\"s\u00f3lo\" data-scaytid=\"293\">s\u00f3lo<\/span> de <span data-scayt_word=\"parte\" data-scaytid=\"295\">parte<\/span> de <span data-scayt_word=\"nuestra\" data-scaytid=\"296\">nuestra<\/span> <span data-scayt_word=\"organizaci\u00f3n\" data-scaytid=\"297\">organizaci\u00f3n<\/span> <span data-scayt_word=\"sino\" data-scaytid=\"150\">sino<\/span> de la de <span data-scayt_word=\"todos\" data-scaytid=\"299\">todos<\/span> los <span data-scayt_word=\"colectivos\" data-scaytid=\"300\">colectivos<\/span> <span data-scayt_word=\"libertarios\" data-scaytid=\"301\">libertarios<\/span>. <span data-scayt_word=\"Quer\u00edan\" data-scaytid=\"287\">Quer\u00edan<\/span> <span data-scayt_word=\"que\" data-scaytid=\"129\">que<\/span> se <span data-scayt_word=\"dieran\" data-scaytid=\"302\">dieran<\/span> <span data-scayt_word=\"pasos\" data-scaytid=\"303\">pasos<\/span> <span data-scayt_word=\"atr\u00e1s\" data-scaytid=\"304\">atr\u00e1s<\/span> en la <span data-scayt_word=\"lucha\" data-scaytid=\"305\">lucha<\/span> de la <span data-scayt_word=\"gente\" data-scaytid=\"306\">gente<\/span> en <span data-scayt_word=\"las\" data-scaytid=\"307\">las<\/span> <span data-scayt_word=\"calles\" data-scaytid=\"308\">calles<\/span>, y <span data-scayt_word=\"tambi\u00e9n\" data-scaytid=\"309\">tambi\u00e9n<\/span>, <span data-scayt_word=\"por\" data-scaytid=\"147\">por<\/span> <span data-scayt_word=\"supuesto\" data-scaytid=\"311\">supuesto<\/span>, <span data-scayt_word=\"que\" data-scaytid=\"130\">que<\/span> se <span data-scayt_word=\"criminalizara\" data-scaytid=\"312\">criminalizara<\/span> <span data-scayt_word=\"a\u00fan\" data-scaytid=\"313\">a\u00fan<\/span> <span data-scayt_word=\"m\u00e1s\" data-scaytid=\"281\">m\u00e1s<\/span> a los <span data-scayt_word=\"movimientos\" data-scaytid=\"314\">movimientos<\/span> <span data-scayt_word=\"sociales\" data-scaytid=\"315\">sociales<\/span>. Mi <span data-scayt_word=\"acto\" data-scaytid=\"316\">acto<\/span> <span data-scayt_word=\"simb\u00f3lico\" data-scaytid=\"317\">simb\u00f3lico<\/span> a <span data-scayt_word=\"cara\" data-scaytid=\"318\">cara<\/span> <span data-scayt_word=\"descubierta\" data-scaytid=\"319\">descubierta<\/span> <span data-scayt_word=\"durante\" data-scaytid=\"320\">durante<\/span> la <span data-scayt_word=\"manifestaci\u00f3n\" data-scaytid=\"321\">manifestaci\u00f3n<\/span> del <span data-scayt_word=\"29M\" data-scaytid=\"322\">29M<\/span> <span data-scayt_word=\"fue\" data-scaytid=\"323\">fue<\/span> <span data-scayt_word=\"justo\" data-scaytid=\"324\">justo<\/span> lo <span data-scayt_word=\"que\" data-scaytid=\"131\">que<\/span> <span data-scayt_word=\"necesitaban\" data-scaytid=\"325\">necesitaban<\/span>: <span data-scayt_word=\"detener\" data-scaytid=\"326\">detener<\/span> a <span data-scayt_word=\"una\" data-scaytid=\"139\">una<\/span> persona <span data-scayt_word=\"que\" data-scaytid=\"132\">que<\/span> <span data-scayt_word=\"ocupa\" data-scaytid=\"327\">ocupa<\/span> un cargo <span data-scayt_word=\"importante\" data-scaytid=\"328\">importante<\/span> <span data-scayt_word=\"dentro\" data-scaytid=\"329\">dentro<\/span> de la <span data-scayt_word=\"organizaci\u00f3n\" data-scaytid=\"298\">organizaci\u00f3n<\/span> y <span data-scayt_word=\"as\u00ed\" data-scaytid=\"330\">as\u00ed<\/span> <span data-scayt_word=\"darle\" data-scaytid=\"331\">darle<\/span> un <span data-scayt_word=\"golpe\" data-scaytid=\"332\">golpe<\/span> <span data-scayt_word=\"duro\" data-scaytid=\"333\">duro<\/span> no <span data-scayt_word=\"s\u00f3lo\" data-scaytid=\"294\">s\u00f3lo<\/span> a la <span data-scayt_word=\"CGT\" data-scaytid=\"155\">CGT<\/span> de Barcelona <span data-scayt_word=\"sino\" data-scaytid=\"151\">sino<\/span> <span data-scayt_word=\"tambi\u00e9n\" data-scaytid=\"310\">tambi\u00e9n<\/span> a <span data-scayt_word=\"nivel\" data-scaytid=\"334\">nivel<\/span> de <span data-scayt_word=\"todo\" data-scaytid=\"335\">todo<\/span> el <span data-scayt_word=\"Estado\" data-scaytid=\"336\">Estado<\/span>. <span data-scayt_word=\"Pero\" data-scaytid=\"264\">Pero<\/span> no lo <span data-scayt_word=\"han\" data-scaytid=\"142\">han<\/span> <span data-scayt_word=\"conseguido\" data-scaytid=\"337\">conseguido<\/span>.<\/p>\n<p><strong>\u00bf<span data-scayt_word=\"Esperabas\" data-scaytid=\"338\">Esperabas<\/span> <span data-scayt_word=\"que\" data-scaytid=\"133\">que<\/span> <span data-scayt_word=\"esto\" data-scaytid=\"339\">esto<\/span> <span data-scayt_word=\"pudiera\" data-scaytid=\"340\">pudiera<\/span> <span data-scayt_word=\"pasar\" data-scaytid=\"341\">pasar<\/span>?<\/strong><\/p>\n<p>La detenci\u00f3n no me sorprende. Entiendo que forma parte de toda una estrategia. Pero lo pensaba m\u00e1s como una posibilidad durante los d\u00edas posteriores al 29M. Luego ya no se me pasaba por la cabeza porque, en general, no tengo ning\u00fan tipo de paranoia en este sentido. Pero se ve que durante todo el mes estuvieron haciendo un seguimiento de mis movimientos porque sino no se entiende c\u00f3mo hicieron para aparecer justo a las 9 de la ma\u00f1ana, hora en la que siempre salgo de casa con los perros para pasearlos antes de ir al trabajo.<\/p>\n<p><strong>\u00bfC\u00f3mo fue el momento de la detenci\u00f3n?<\/strong><\/p>\n<p>Yo iba escuchando m\u00fasica, con los perros. Se me acerca un poli y me dice: \u201cLaura G\u00f3mez\u201d. Yo, tan tranquila, me quito los cascos y le respondo: \u201c\u00bfSi?\u201d. Luego pienso \u201c\u00bfY este tipo c\u00f3mo sabe mi nombre?\u201d. Entonces me comunican que estoy detenida y ante mi pregunta sobre los motivos, la respuesta es \u201cYa se enterar\u00e1\u201d.<\/p>\n<p>Como siempre, hab\u00eda dos polis: el bueno y el malo. El bueno, al menos, se interes\u00f3 por los perros y me pregunt\u00f3 si ten\u00eda a alguien que se encargara de ellos \u00a1Pero yo quer\u00eda saber por qu\u00e9 me estaban deteniendo! Entonces empezaron: \u201cincendio, da\u00f1os, coacciones, desorden p\u00fablico\u2026\u201d<\/p>\n<p>Vinieron dos coches para llevarme. Lo curioso es que hab\u00edamos estado el d\u00eda anterior en la comisar\u00eda de los Mossos porque ten\u00edamos una citaci\u00f3n por otro asunto. \u00bfPor qu\u00e9 no me detuvieron cuando estaba ah\u00ed y no con todo ese show en la calle a pleno d\u00eda?<\/p>\n<p>Eso s\u00ed, muy considerado, el poli bueno me dice: \u201cT\u00fa eres una persona razonable, tranquila, as\u00ed que te metes en el coche y te esposamos adentro para que no te vean los vecinos\u201d.<\/p>\n<p><strong>Ahora, despu\u00e9s de todo, \u00bfc\u00f3mo est\u00e1s?<\/strong><\/p>\n<p>Muy bien. Yo encontr\u00e9 ah\u00ed dentro cierto equilibrio, no sufr\u00ed miedo ni presiones aunque me preocupaba mucho c\u00f3mo estaban recibiendo la situaci\u00f3n mi hija, mi madre, mis amigos. No saber qu\u00e9 pensaban, con qu\u00e9 informaci\u00f3n contaban mis seres queridos fue lo peor de todo. Pero, por suerte, estaba tranquila porque confiaba en que mis compa\u00f1eros iban a cuidar de mi familia. As\u00ed que, pese a todo, me he sentido y me siento muy fuerte.<\/p>\n<p><strong>\u00bfY la CGT? \u00bfC\u00f3mo se encuentra la organizaci\u00f3n?<\/strong><\/p>\n<p>Tambi\u00e9n fortalecida. Nosotros somos un movimiento que busca visibilizar la voz de muchos que todav\u00eda no se atreven a salir a manifestarse y el gobierno, con acciones como esta que lo que pretenden es paralizar a la gente, lo que ha conseguido es todo lo contrario. Ahora la gente se da m\u00e1s cuenta porque es mucho m\u00e1s f\u00e1cil verlo: lo que quieren es romper toda unidad de lucha.<\/p>\n<p><strong>\u00bfC\u00f3mo ha sido el trato en la c\u00e1rcel?<\/strong><\/p>\n<p>Cuando entra una persona nueva siempre hay curiosidad y mi caso era bastante especial, as\u00ed que al principio era como el bicho raro. Pero al cabo de unos d\u00edas, las dem\u00e1s internas comenzaron a acercarse. \u201c\u00bfHas quemado La Bolsa?\u201d me preguntaban. Estaban muy interesadas en saber cosas sobre los movimientos obreros porque la mayor\u00eda no ha participado nunca en una manifestaci\u00f3n.<\/p>\n<p>Tambi\u00e9n he recibido simpat\u00eda por parte de las funcionarias de prisi\u00f3n. Me repet\u00edan continuamente que era una injusticia que estuviera ah\u00ed y me daban \u00e1nimo dici\u00e9ndome que me ir\u00eda pronto. Las escuchaba hablar mucho de los recortes. Todo el tiempo comparaban, tanto las funcionarias como las internas, lo que hab\u00eda antes y lo que hay ahora, todo lo que les est\u00e1n quitando.<\/p>\n<p>Y bueno, al final ya se re\u00edan mucho de mi situaci\u00f3n. Ven\u00edan y me dec\u00edan \u201cLaura \u00bftienes fuego?\u201d.<\/p>\n<p><strong>Cuando ingresaste en prisi\u00f3n, \u00bfcre\u00edas que podr\u00edas quedarte dentro? <\/strong><\/p>\n<p>Los primeros d\u00edas s\u00ed, no paraba de leer la orden de detenci\u00f3n que ten\u00eda sobre la mesa porque no lo pod\u00eda creer. Hasta que al final la romp\u00ed y me centr\u00e9 en mantenerme bien an\u00edmicamente y confiar en el trabajo de los compa\u00f1eros.<\/p>\n<p><strong>El 25 de abril la jueza te dict\u00f3 prisi\u00f3n provisional sin fianza pero, sin embargo, el 17 de mayo saliste tras el pago de 6 mil euros. \u00bf Por qu\u00e9 crees que te impusieron la fianza finalmente? <\/strong><\/p>\n<p>Posiblemente por la demanda por da\u00f1os que present\u00f3 La Bolsa. No es cualquier lugar, estamos hablando de La Bolsa de Comercio, que es donde se articula toda esta centrifugaci\u00f3n de capital p\u00fablico a la banca privada que est\u00e1 provocando la reacci\u00f3n del pueblo y la consiguiente represi\u00f3n por parte del Estado.<\/p>\n<p><strong>\u00bfPiensas que puede haber m\u00e1s detenciones?<\/strong><\/p>\n<p>Cuando estaba dentro yo estaba pendiente de los ingresos porque si segu\u00edan adelante con esta estrategia, claro que pod\u00edan entrar m\u00e1s compa\u00f1eros. Pero pienso que si lo hacen es un suicidio pol\u00edtico porque lo \u00fanico que conseguir\u00edan ser\u00eda una mayor reacci\u00f3n por parte del movimiento. Aunque, como han demostrado no tener demasiado seso, es una posibilidad que no descarto.<\/p>\n<p>Probablemente veamos que la represi\u00f3n contin\u00faa pero ya no la personalicen tanto. Han visto que existe solidaridad entre los diferentes movimientos sociales y saben que eso no lo pueden parar.<\/p>\n<p><strong>\u00bfEsperabas el apoyo que has tenido desde los otros sindicatos?<\/strong><\/p>\n<p>La verdad es que me sorprendi\u00f3 la firma de un manifiesto conjunto con sindicatos con los que tenemos un conflicto permanente. Adem\u00e1s durante la misma manifestaci\u00f3n del 29 y los d\u00edas posteriores la opini\u00f3n m\u00e1s generalizada fue la de que s\u00f3lo algunos eran, supuestamente, capaces de hacer una manifestaci\u00f3n pac\u00edfica, y otros que \u00e9ramos los radicales. Sinceramente, creo que se han posicionado de nuestro lado porque no ten\u00edan m\u00e1s remedio, era lo pol\u00edticamente correcto. As\u00ed que yo no les pienso agradecer.<\/p>\n<p><strong>\u00bfEste tiempo en prisi\u00f3n te ha servido para cambiar la visi\u00f3n respecto a algunos temas?<\/strong><\/p>\n<p>S\u00ed. Cada vez tengo m\u00e1s claro que la justicia est\u00e1 totalmente dirigida por los pol\u00edticos. No es independiente, est\u00e1 manipulada y eso me preocupa much\u00edsimo. Es algo que, sin duda, hay que denunciar.<\/p>\n<p>Tambi\u00e9n he aprendido mucho de cara a la organizaci\u00f3n. Ahora somos m\u00e1s concientes de la capacidad de acci\u00f3n que tenemos. Hemos podido comprobar que somos fuertes.<\/p>\n<p>Y, por \u00faltimo, destaco la respuesta social. He recibido cartas de gente que no conozco que me dec\u00eda: \u201cLaura, estoy contigo\u201d. Yo, que soy muy cr\u00edtica con la gente porque pienso que tiene miedo y que por eso no se manifiesta, he visto que la gente responde, que s\u00ed que tiene conciencia. Quiz\u00e1s el hecho de que alguien entre a la c\u00e1rcel ha ayudado a que se tomara conciencia de que todos somos susceptibles de caer en esta situaci\u00f3n.<\/p>\n<p><strong>\u00bfCu\u00e1l es ahora el camino a seguir?<\/strong><\/p>\n<p>Lo que hay que hacer es no parar. Aprovechar lo sucedido para reforzar la uni\u00f3n y reflexionar conjuntamente porque, posiblemente, tengamos que modificar nuestras formas de protesta para no dejar que nos criminalicen y, por tanto, la gente tenga miedo y deje de movilizarse.<\/p>\n<p>Hay que estar seguros de que somos m\u00e1s. De verdad que somos m\u00e1s los que queremos gritar que los que quieren continuar con este sistema.<\/p>\n<p><strong>\u00bfY tu lucha, c\u00f3mo contin\u00faa?<\/strong><\/p>\n<p>Yo estoy ilusionada y con ganas de ponerme en marcha. No me arrepiento en absoluto de haber estado ah\u00ed el d\u00eda 29. Lo \u00fanico que me sabe mal es no poder participar en ninguna manifestaci\u00f3n hasta que se acabe el proceso judicial. Eso s\u00ed que me jode porque \u00a1ahora es el momento de estar en la calle! Pero igualmente estar\u00e9 detr\u00e1s, desde la organizaci\u00f3n. Encontraremos la f\u00f3rmula jur\u00eddica o imaginativa de resolverlo.<\/p>","protected":false},"excerpt":{"rendered":"<p>Laura es libre otra vez. Laura est\u00e1 en su casa. Laura va y viene por los largos pasillos de la sede central de la CGT. Laura, por fin, se sienta, sonr\u00ede y habla<\/p>","protected":false},"author":1,"featured_media":0,"comment_status":"open","ping_status":"open","sticky":false,"template":"","format":"standard","meta":{"footnotes":""},"categories":[3,76],"tags":[],"class_list":["post-1786","post","type-post","status-publish","format-standard","hentry","category-actualidad","category-barcelona"],"yoast_head":"<!-- This site is optimized with the Yoast SEO plugin v27.5 - https:\/\/yoast.com\/product\/yoast-seo-wordpress\/ -->\n<title>Laura G\u00f3mez: &quot;Hemos comprobado que somos fuertes&quot; - Revista Rambla<\/title>\n<meta name=\"robots\" content=\"index, follow, max-snippet:-1, max-image-preview:large, max-video-preview:-1\" \/>\n<link rel=\"canonical\" href=\"https:\/\/www.revistarambla.com\/en\/laura-gomez-hemos-comprobado-que-somos-fuertes\/\" \/>\n<meta property=\"og:locale\" content=\"en_GB\" \/>\n<meta property=\"og:type\" content=\"article\" \/>\n<meta property=\"og:title\" content=\"Laura G\u00f3mez: &quot;Hemos comprobado que somos fuertes&quot; - Revista Rambla\" \/>\n<meta property=\"og:description\" content=\"Laura es libre otra vez. Laura est\u00e1 en su casa. Laura va y viene por los largos pasillos de la sede central de la CGT. Laura, por fin, se sienta, sonr\u00ede y habla\" \/>\n<meta property=\"og:url\" content=\"https:\/\/www.revistarambla.com\/en\/laura-gomez-hemos-comprobado-que-somos-fuertes\/\" \/>\n<meta property=\"og:site_name\" content=\"Revista Rambla\" \/>\n<meta property=\"article:publisher\" content=\"https:\/\/www.facebook.com\/revistarambla\/\" \/>\n<meta property=\"article:published_time\" content=\"2012-05-31T06:09:18+00:00\" \/>\n<meta property=\"article:modified_time\" content=\"2021-05-09T14:55:47+00:00\" \/>\n<meta property=\"og:image\" content=\"https:\/\/i2.wp.com\/www.revistarambla.com\/wp-content\/uploads\/2012\/05\/LAURA_GOMEZ_00.jpg?fit=628%2C392&ssl=1\" \/>\n\t<meta property=\"og:image:width\" content=\"628\" \/>\n\t<meta property=\"og:image:height\" content=\"392\" \/>\n\t<meta property=\"og:image:type\" content=\"image\/jpeg\" \/>\n<meta name=\"author\" content=\"Flor Ragucci\" \/>\n<meta name=\"twitter:card\" content=\"summary_large_image\" \/>\n<meta name=\"twitter:creator\" content=\"@revistarambla\" \/>\n<meta name=\"twitter:site\" content=\"@revistarambla\" \/>\n<meta name=\"twitter:label1\" content=\"Written by\" \/>\n\t<meta name=\"twitter:data1\" content=\"Flor Ragucci\" \/>\n\t<meta name=\"twitter:label2\" content=\"Estimated reading time\" \/>\n\t<meta name=\"twitter:data2\" content=\"7 minutes\" \/>\n<script type=\"application\/ld+json\" class=\"yoast-schema-graph\">{\"@context\":\"https:\\\/\\\/schema.org\",\"@graph\":[{\"@type\":\"Article\",\"@id\":\"https:\\\/\\\/www.revistarambla.com\\\/laura-gomez-hemos-comprobado-que-somos-fuertes\\\/#article\",\"isPartOf\":{\"@id\":\"https:\\\/\\\/www.revistarambla.com\\\/laura-gomez-hemos-comprobado-que-somos-fuertes\\\/\"},\"author\":{\"name\":\"Flor Ragucci\",\"@id\":\"https:\\\/\\\/www.revistarambla.com\\\/#\\\/schema\\\/person\\\/4a5652fc8c82df1f8593002d038cd79e\"},\"headline\":\"Laura G\u00f3mez: \u00abHemos comprobado que somos fuertes\u00bb\",\"datePublished\":\"2012-05-31T06:09:18+00:00\",\"dateModified\":\"2021-05-09T14:55:47+00:00\",\"mainEntityOfPage\":{\"@id\":\"https:\\\/\\\/www.revistarambla.com\\\/laura-gomez-hemos-comprobado-que-somos-fuertes\\\/\"},\"wordCount\":1607,\"commentCount\":0,\"publisher\":{\"@id\":\"https:\\\/\\\/www.revistarambla.com\\\/#organization\"},\"image\":{\"@id\":\"https:\\\/\\\/www.revistarambla.com\\\/laura-gomez-hemos-comprobado-que-somos-fuertes\\\/#primaryimage\"},\"thumbnailUrl\":\"https:\\\/\\\/www.revistarambla.com\\\/wp-content\\\/uploads\\\/2012\\\/05\\\/LAURA_GOMEZ_02.jpg\",\"articleSection\":[\"Actualidad\",\"Barcelona\"],\"inLanguage\":\"en-GB\",\"potentialAction\":[{\"@type\":\"CommentAction\",\"name\":\"Comment\",\"target\":[\"https:\\\/\\\/www.revistarambla.com\\\/laura-gomez-hemos-comprobado-que-somos-fuertes\\\/#respond\"]}]},{\"@type\":\"WebPage\",\"@id\":\"https:\\\/\\\/www.revistarambla.com\\\/laura-gomez-hemos-comprobado-que-somos-fuertes\\\/\",\"url\":\"https:\\\/\\\/www.revistarambla.com\\\/laura-gomez-hemos-comprobado-que-somos-fuertes\\\/\",\"name\":\"Laura G\u00f3mez: \\\"Hemos comprobado que somos fuertes\\\" - Revista Rambla\",\"isPartOf\":{\"@id\":\"https:\\\/\\\/www.revistarambla.com\\\/#website\"},\"primaryImageOfPage\":{\"@id\":\"https:\\\/\\\/www.revistarambla.com\\\/laura-gomez-hemos-comprobado-que-somos-fuertes\\\/#primaryimage\"},\"image\":{\"@id\":\"https:\\\/\\\/www.revistarambla.com\\\/laura-gomez-hemos-comprobado-que-somos-fuertes\\\/#primaryimage\"},\"thumbnailUrl\":\"https:\\\/\\\/www.revistarambla.com\\\/wp-content\\\/uploads\\\/2012\\\/05\\\/LAURA_GOMEZ_02.jpg\",\"datePublished\":\"2012-05-31T06:09:18+00:00\",\"dateModified\":\"2021-05-09T14:55:47+00:00\",\"breadcrumb\":{\"@id\":\"https:\\\/\\\/www.revistarambla.com\\\/laura-gomez-hemos-comprobado-que-somos-fuertes\\\/#breadcrumb\"},\"inLanguage\":\"en-GB\",\"potentialAction\":[{\"@type\":\"ReadAction\",\"target\":[\"https:\\\/\\\/www.revistarambla.com\\\/laura-gomez-hemos-comprobado-que-somos-fuertes\\\/\"]}]},{\"@type\":\"ImageObject\",\"inLanguage\":\"en-GB\",\"@id\":\"https:\\\/\\\/www.revistarambla.com\\\/laura-gomez-hemos-comprobado-que-somos-fuertes\\\/#primaryimage\",\"url\":\"https:\\\/\\\/www.revistarambla.com\\\/wp-content\\\/uploads\\\/2012\\\/05\\\/LAURA_GOMEZ_02.jpg\",\"contentUrl\":\"https:\\\/\\\/www.revistarambla.com\\\/wp-content\\\/uploads\\\/2012\\\/05\\\/LAURA_GOMEZ_02.jpg\"},{\"@type\":\"BreadcrumbList\",\"@id\":\"https:\\\/\\\/www.revistarambla.com\\\/laura-gomez-hemos-comprobado-que-somos-fuertes\\\/#breadcrumb\",\"itemListElement\":[{\"@type\":\"ListItem\",\"position\":1,\"name\":\"Portada\",\"item\":\"https:\\\/\\\/www.revistarambla.com\\\/\"},{\"@type\":\"ListItem\",\"position\":2,\"name\":\"Laura G\u00f3mez: \u00abHemos comprobado que somos fuertes\u00bb\"}]},{\"@type\":\"WebSite\",\"@id\":\"https:\\\/\\\/www.revistarambla.com\\\/#website\",\"url\":\"https:\\\/\\\/www.revistarambla.com\\\/\",\"name\":\"Revista Rambla Barcelona\",\"description\":\"Periodismo independiente\",\"publisher\":{\"@id\":\"https:\\\/\\\/www.revistarambla.com\\\/#organization\"},\"potentialAction\":[{\"@type\":\"SearchAction\",\"target\":{\"@type\":\"EntryPoint\",\"urlTemplate\":\"https:\\\/\\\/www.revistarambla.com\\\/?s={search_term_string}\"},\"query-input\":{\"@type\":\"PropertyValueSpecification\",\"valueRequired\":true,\"valueName\":\"search_term_string\"}}],\"inLanguage\":\"en-GB\"},{\"@type\":\"Organization\",\"@id\":\"https:\\\/\\\/www.revistarambla.com\\\/#organization\",\"name\":\"Revista Rambla\",\"url\":\"https:\\\/\\\/www.revistarambla.com\\\/\",\"logo\":{\"@type\":\"ImageObject\",\"inLanguage\":\"en-GB\",\"@id\":\"https:\\\/\\\/www.revistarambla.com\\\/#\\\/schema\\\/logo\\\/image\\\/\",\"url\":\"https:\\\/\\\/www.revistarambla.com\\\/wp-content\\\/uploads\\\/2020\\\/09\\\/banner_rambla_1900x600_BB.png\",\"contentUrl\":\"https:\\\/\\\/www.revistarambla.com\\\/wp-content\\\/uploads\\\/2020\\\/09\\\/banner_rambla_1900x600_BB.png\",\"width\":1900,\"height\":600,\"caption\":\"Revista Rambla\"},\"image\":{\"@id\":\"https:\\\/\\\/www.revistarambla.com\\\/#\\\/schema\\\/logo\\\/image\\\/\"},\"sameAs\":[\"https:\\\/\\\/www.facebook.com\\\/revistarambla\\\/\",\"https:\\\/\\\/x.com\\\/revistarambla\",\"https:\\\/\\\/www.instagram.com\\\/revista_rambla\",\"https:\\\/\\\/es.linkedin.com\\\/company\\\/revista-rambla\"]},{\"@type\":\"Person\",\"@id\":\"https:\\\/\\\/www.revistarambla.com\\\/#\\\/schema\\\/person\\\/4a5652fc8c82df1f8593002d038cd79e\",\"name\":\"Flor Ragucci\",\"description\":\"Periodista.\",\"sameAs\":[\"https:\\\/\\\/www.revistarambla.com\\\/\"]}]}<\/script>\n<!-- \/ Yoast SEO plugin. -->","yoast_head_json":{"title":"Laura G\u00f3mez: \"Hemos comprobado que somos fuertes\" - Revista Rambla","robots":{"index":"index","follow":"follow","max-snippet":"max-snippet:-1","max-image-preview":"max-image-preview:large","max-video-preview":"max-video-preview:-1"},"canonical":"https:\/\/www.revistarambla.com\/en\/laura-gomez-hemos-comprobado-que-somos-fuertes\/","og_locale":"en_GB","og_type":"article","og_title":"Laura G\u00f3mez: \"Hemos comprobado que somos fuertes\" - Revista Rambla","og_description":"Laura es libre otra vez. Laura est\u00e1 en su casa. Laura va y viene por los largos pasillos de la sede central de la CGT. Laura, por fin, se sienta, sonr\u00ede y habla","og_url":"https:\/\/www.revistarambla.com\/en\/laura-gomez-hemos-comprobado-que-somos-fuertes\/","og_site_name":"Revista Rambla","article_publisher":"https:\/\/www.facebook.com\/revistarambla\/","article_published_time":"2012-05-31T06:09:18+00:00","article_modified_time":"2021-05-09T14:55:47+00:00","og_image":[{"width":628,"height":392,"url":"https:\/\/i2.wp.com\/www.revistarambla.com\/wp-content\/uploads\/2012\/05\/LAURA_GOMEZ_00.jpg?fit=628%2C392&ssl=1","type":"image\/jpeg"}],"author":"Flor Ragucci","twitter_card":"summary_large_image","twitter_creator":"@revistarambla","twitter_site":"@revistarambla","twitter_misc":{"Written by":"Flor Ragucci","Estimated reading time":"7 minutes"},"schema":{"@context":"https:\/\/schema.org","@graph":[{"@type":"Article","@id":"https:\/\/www.revistarambla.com\/laura-gomez-hemos-comprobado-que-somos-fuertes\/#article","isPartOf":{"@id":"https:\/\/www.revistarambla.com\/laura-gomez-hemos-comprobado-que-somos-fuertes\/"},"author":{"name":"Flor Ragucci","@id":"https:\/\/www.revistarambla.com\/#\/schema\/person\/4a5652fc8c82df1f8593002d038cd79e"},"headline":"Laura G\u00f3mez: \u00abHemos comprobado que somos fuertes\u00bb","datePublished":"2012-05-31T06:09:18+00:00","dateModified":"2021-05-09T14:55:47+00:00","mainEntityOfPage":{"@id":"https:\/\/www.revistarambla.com\/laura-gomez-hemos-comprobado-que-somos-fuertes\/"},"wordCount":1607,"commentCount":0,"publisher":{"@id":"https:\/\/www.revistarambla.com\/#organization"},"image":{"@id":"https:\/\/www.revistarambla.com\/laura-gomez-hemos-comprobado-que-somos-fuertes\/#primaryimage"},"thumbnailUrl":"https:\/\/www.revistarambla.com\/wp-content\/uploads\/2012\/05\/LAURA_GOMEZ_02.jpg","articleSection":["Actualidad","Barcelona"],"inLanguage":"en-GB","potentialAction":[{"@type":"CommentAction","name":"Comment","target":["https:\/\/www.revistarambla.com\/laura-gomez-hemos-comprobado-que-somos-fuertes\/#respond"]}]},{"@type":"WebPage","@id":"https:\/\/www.revistarambla.com\/laura-gomez-hemos-comprobado-que-somos-fuertes\/","url":"https:\/\/www.revistarambla.com\/laura-gomez-hemos-comprobado-que-somos-fuertes\/","name":"Laura G\u00f3mez: \"Hemos comprobado que somos fuertes\" - Revista Rambla","isPartOf":{"@id":"https:\/\/www.revistarambla.com\/#website"},"primaryImageOfPage":{"@id":"https:\/\/www.revistarambla.com\/laura-gomez-hemos-comprobado-que-somos-fuertes\/#primaryimage"},"image":{"@id":"https:\/\/www.revistarambla.com\/laura-gomez-hemos-comprobado-que-somos-fuertes\/#primaryimage"},"thumbnailUrl":"https:\/\/www.revistarambla.com\/wp-content\/uploads\/2012\/05\/LAURA_GOMEZ_02.jpg","datePublished":"2012-05-31T06:09:18+00:00","dateModified":"2021-05-09T14:55:47+00:00","breadcrumb":{"@id":"https:\/\/www.revistarambla.com\/laura-gomez-hemos-comprobado-que-somos-fuertes\/#breadcrumb"},"inLanguage":"en-GB","potentialAction":[{"@type":"ReadAction","target":["https:\/\/www.revistarambla.com\/laura-gomez-hemos-comprobado-que-somos-fuertes\/"]}]},{"@type":"ImageObject","inLanguage":"en-GB","@id":"https:\/\/www.revistarambla.com\/laura-gomez-hemos-comprobado-que-somos-fuertes\/#primaryimage","url":"https:\/\/www.revistarambla.com\/wp-content\/uploads\/2012\/05\/LAURA_GOMEZ_02.jpg","contentUrl":"https:\/\/www.revistarambla.com\/wp-content\/uploads\/2012\/05\/LAURA_GOMEZ_02.jpg"},{"@type":"BreadcrumbList","@id":"https:\/\/www.revistarambla.com\/laura-gomez-hemos-comprobado-que-somos-fuertes\/#breadcrumb","itemListElement":[{"@type":"ListItem","position":1,"name":"Portada","item":"https:\/\/www.revistarambla.com\/"},{"@type":"ListItem","position":2,"name":"Laura G\u00f3mez: \u00abHemos comprobado que somos fuertes\u00bb"}]},{"@type":"WebSite","@id":"https:\/\/www.revistarambla.com\/#website","url":"https:\/\/www.revistarambla.com\/","name":"Revista Rambla Barcelona","description":"Periodismo independiente","publisher":{"@id":"https:\/\/www.revistarambla.com\/#organization"},"potentialAction":[{"@type":"SearchAction","target":{"@type":"EntryPoint","urlTemplate":"https:\/\/www.revistarambla.com\/?s={search_term_string}"},"query-input":{"@type":"PropertyValueSpecification","valueRequired":true,"valueName":"search_term_string"}}],"inLanguage":"en-GB"},{"@type":"Organization","@id":"https:\/\/www.revistarambla.com\/#organization","name":"Revista Rambla","url":"https:\/\/www.revistarambla.com\/","logo":{"@type":"ImageObject","inLanguage":"en-GB","@id":"https:\/\/www.revistarambla.com\/#\/schema\/logo\/image\/","url":"https:\/\/www.revistarambla.com\/wp-content\/uploads\/2020\/09\/banner_rambla_1900x600_BB.png","contentUrl":"https:\/\/www.revistarambla.com\/wp-content\/uploads\/2020\/09\/banner_rambla_1900x600_BB.png","width":1900,"height":600,"caption":"Revista Rambla"},"image":{"@id":"https:\/\/www.revistarambla.com\/#\/schema\/logo\/image\/"},"sameAs":["https:\/\/www.facebook.com\/revistarambla\/","https:\/\/x.com\/revistarambla","https:\/\/www.instagram.com\/revista_rambla","https:\/\/es.linkedin.com\/company\/revista-rambla"]},{"@type":"Person","@id":"https:\/\/www.revistarambla.com\/#\/schema\/person\/4a5652fc8c82df1f8593002d038cd79e","name":"Flor Ragucci","description":"Periodista.","sameAs":["https:\/\/www.revistarambla.com\/"]}]}},"_links":{"self":[{"href":"https:\/\/www.revistarambla.com\/en\/wp-json\/wp\/v2\/posts\/1786","targetHints":{"allow":["GET"]}}],"collection":[{"href":"https:\/\/www.revistarambla.com\/en\/wp-json\/wp\/v2\/posts"}],"about":[{"href":"https:\/\/www.revistarambla.com\/en\/wp-json\/wp\/v2\/types\/post"}],"author":[{"embeddable":true,"href":"https:\/\/www.revistarambla.com\/en\/wp-json\/wp\/v2\/users\/1"}],"replies":[{"embeddable":true,"href":"https:\/\/www.revistarambla.com\/en\/wp-json\/wp\/v2\/comments?post=1786"}],"version-history":[{"count":0,"href":"https:\/\/www.revistarambla.com\/en\/wp-json\/wp\/v2\/posts\/1786\/revisions"}],"wp:attachment":[{"href":"https:\/\/www.revistarambla.com\/en\/wp-json\/wp\/v2\/media?parent=1786"}],"wp:term":[{"taxonomy":"category","embeddable":true,"href":"https:\/\/www.revistarambla.com\/en\/wp-json\/wp\/v2\/categories?post=1786"},{"taxonomy":"post_tag","embeddable":true,"href":"https:\/\/www.revistarambla.com\/en\/wp-json\/wp\/v2\/tags?post=1786"}],"curies":[{"name":"wp","href":"https:\/\/api.w.org\/{rel}","templated":true}]}}