{"id":1761,"date":"2012-05-24T12:08:28","date_gmt":"2012-05-24T10:08:28","guid":{"rendered":"https:\/\/www.revistarambla.com\/ugt-y-ccoo-llaman-a-frenar-la-reforma-laboral\/"},"modified":"2021-12-20T19:21:59","modified_gmt":"2021-12-20T18:21:59","slug":"ugt-y-ccoo-llaman-a-frenar-la-reforma-laboral","status":"publish","type":"post","link":"https:\/\/www.revistarambla.com\/en\/ugt-y-ccoo-llaman-a-frenar-la-reforma-laboral\/","title":{"rendered":"UGT y CCOO llaman a frenar la reforma laboral"},"content":{"rendered":"<p><img decoding=\"async\" class=\"aligncenter\" src=\"https:\/\/www.revistarambla.com\/wp-content\/uploads\/2012\/05\/portesta02.jpg\" alt=\"alt\" width=\"550\" height=\"329\" \/><\/p>\n<p>La actividad de hoy, convocada para las diez de la ma\u00f1ana, se suma a la realizada anoche en distintas ciudades del pa\u00eds, cuando miles de personas asistieron a las concentraciones nocturnas con motivo de la jornada \u201cNoche y D\u00eda contra la reforma laboral\u201d para hacer ver su rechazo a la iniciativa del gobierno.<\/p>\n<p>En Barcelona la cita de ayer fue desde las 22 horas en Pla\u00e7a de Sant Jaume, para despu\u00e9s trasladarse hasta la Delegaci\u00f3n del Gobierno en carrer de Mallorca, donde volvieron a reunirse hoy en una nueva protesta.<\/p>\n<p>Hasta ese lugar llegaron manifestantes sindicales que enarbolando banderas de CCOO y UGT tuvieron durante un breve espacio cortado en transito vehicular sin que se registraran problemas, mientras un grupo de mossos d&#8217;esquadra proteg\u00eda la fachada de la Delegaci\u00f3n dificultando el caminar por las veredas.<\/p>\n<p><img decoding=\"async\" class=\"alignright\" src=\"https:\/\/www.revistarambla.com\/wp-content\/uploads\/2012\/05\/porotesta03.jpg\" alt=\"alt\" width=\"250\" height=\"436\" \/>Josep Maria \u00c0lvarez y Joan Carles Gallego, secretarios generales de Uni\u00f3 General de Treballadors y de Comissions Obreres,ingresaron al edificio para hacer entrega de una carta a las autoridades, la cual hace presente el descontento y la preocupaci\u00f3n por el tr\u00e1mite que entra al parlamento.<\/p>\n<p>A la salida, los dirigentes caminaron hasta una improvisada tarima desde donde, en breves palabras, se\u00f1alaron la importancia de organizarse contra una medida que consideran ilegal.<\/p>\n<p>Ambos hicieron hincapi\u00e9 en la necesidad de luchar frente a este tr\u00e1mite, ya que ha sido parte de un enga\u00f1o de las autoridades de gobierno hacia su electorado, a quienes prometieron condiciones que a s\u00f3lo tres meses de asumir el poder, fueron traicionadas.<\/p>\n<p>\u00c0lvarez se\u00f1al\u00f3 que las medidas anunciadas no han sido de cara a la gente y poniendo en manos de los empresarios y los poderosos las riendas de este gobierno: \u201cda la sensaci\u00f3n de que en Espa\u00f1a conviven dos pa\u00edses distintos; por un lado uno que reivindica los derechos sociales, y por otro, un parlamento que da la espalda a la ciudadan\u00eda y lo traiciona\u201d agreg\u00f3.<\/p>\n<p>Por su parte, Gallego manifest\u00f3 que la reforma laboral traer\u00e1 consigo m\u00e1s desigualdad, m\u00e1s pobreza y por lo tanto, m\u00e1s injusticia social e insisti\u00f3 en la \u00a0necesidad de un gran pacto que pueda poner freno a lo que consideran una verdadera agresi\u00f3n.<\/p>\n<p>La convocatoria culmin\u00f3 tranquilamente restituy\u00e9ndose el flujo vehicular y despidi\u00e9ndose al \u00a0grito de \u00a1Visca la lluita obrera!.<\/p>\n<p><img decoding=\"async\" class=\"aligncenter\" src=\"https:\/\/www.revistarambla.com\/wp-content\/uploads\/2012\/05\/porotesta04.jpg\" alt=\"alt\" width=\"550\" height=\"328\" \/><\/p>","protected":false},"excerpt":{"rendered":"<p>La actividad de hoy, convocada para las diez de la ma\u00f1ana, se suma a la realizada anoche en distintas ciudades del pa\u00eds, cuando miles de personas asistieron a las concentraciones nocturnas con motivo de la jornada \u201cNoche y D\u00eda contra la reforma laboral\u201d para hacer ver su rechazo a la [&hellip;]<\/p>\n","protected":false},"author":75,"featured_media":0,"comment_status":"open","ping_status":"open","sticky":false,"template":"","format":"standard","meta":{"footnotes":""},"categories":[3,76],"tags":[],"class_list":["post-1761","post","type-post","status-publish","format-standard","hentry","category-actualidad","category-barcelona"],"yoast_head":"<!-- This site is optimized with the Yoast SEO plugin v27.5 - https:\/\/yoast.com\/product\/yoast-seo-wordpress\/ -->\n<title>UGT y CCOO llaman a frenar la reforma laboral - Revista Rambla<\/title>\n<meta name=\"robots\" content=\"index, follow, max-snippet:-1, max-image-preview:large, max-video-preview:-1\" \/>\n<link rel=\"canonical\" href=\"https:\/\/www.revistarambla.com\/en\/ugt-y-ccoo-llaman-a-frenar-la-reforma-laboral\/\" \/>\n<meta property=\"og:locale\" content=\"en_GB\" \/>\n<meta property=\"og:type\" content=\"article\" \/>\n<meta property=\"og:title\" content=\"UGT y CCOO llaman a frenar la reforma laboral - Revista Rambla\" \/>\n<meta property=\"og:description\" content=\"La actividad de hoy, convocada para las diez de la ma\u00f1ana, se suma a la realizada anoche en distintas ciudades del pa\u00eds, cuando miles de personas asistieron a las concentraciones nocturnas con motivo de la jornada \u201cNoche y D\u00eda contra la reforma laboral\u201d para hacer ver su rechazo a la [&hellip;]\" \/>\n<meta property=\"og:url\" content=\"https:\/\/www.revistarambla.com\/en\/ugt-y-ccoo-llaman-a-frenar-la-reforma-laboral\/\" \/>\n<meta property=\"og:site_name\" content=\"Revista Rambla\" \/>\n<meta property=\"article:publisher\" content=\"https:\/\/www.facebook.com\/revistarambla\/\" \/>\n<meta property=\"article:published_time\" content=\"2012-05-24T10:08:28+00:00\" \/>\n<meta property=\"article:modified_time\" content=\"2021-12-20T18:21:59+00:00\" \/>\n<meta property=\"og:image\" content=\"https:\/\/www.revistarambla.com\/wp-content\/uploads\/2012\/05\/porotesta01.jpg\" \/>\n\t<meta property=\"og:image:width\" content=\"275\" \/>\n\t<meta property=\"og:image:height\" content=\"166\" \/>\n\t<meta property=\"og:image:type\" content=\"image\/jpeg\" \/>\n<meta name=\"author\" content=\"Juan Manuel Zurita Soto\" \/>\n<meta name=\"twitter:card\" content=\"summary_large_image\" \/>\n<meta name=\"twitter:creator\" content=\"@revistarambla\" \/>\n<meta name=\"twitter:site\" content=\"@revistarambla\" \/>\n<meta name=\"twitter:label1\" content=\"Written by\" \/>\n\t<meta name=\"twitter:data1\" content=\"Juan Manuel Zurita Soto\" \/>\n\t<meta name=\"twitter:label2\" content=\"Estimated reading time\" \/>\n\t<meta name=\"twitter:data2\" content=\"3 minutes\" \/>\n<script type=\"application\/ld+json\" class=\"yoast-schema-graph\">{\"@context\":\"https:\\\/\\\/schema.org\",\"@graph\":[{\"@type\":\"Article\",\"@id\":\"https:\\\/\\\/www.revistarambla.com\\\/ugt-y-ccoo-llaman-a-frenar-la-reforma-laboral\\\/#article\",\"isPartOf\":{\"@id\":\"https:\\\/\\\/www.revistarambla.com\\\/ugt-y-ccoo-llaman-a-frenar-la-reforma-laboral\\\/\"},\"author\":{\"name\":\"Juan Manuel Zurita Soto\",\"@id\":\"https:\\\/\\\/www.revistarambla.com\\\/#\\\/schema\\\/person\\\/c40e708c39e41ea1aa804e7fdab5b4d2\"},\"headline\":\"UGT y CCOO llaman a frenar la reforma laboral\",\"datePublished\":\"2012-05-24T10:08:28+00:00\",\"dateModified\":\"2021-12-20T18:21:59+00:00\",\"mainEntityOfPage\":{\"@id\":\"https:\\\/\\\/www.revistarambla.com\\\/ugt-y-ccoo-llaman-a-frenar-la-reforma-laboral\\\/\"},\"wordCount\":408,\"commentCount\":0,\"publisher\":{\"@id\":\"https:\\\/\\\/www.revistarambla.com\\\/#organization\"},\"image\":{\"@id\":\"https:\\\/\\\/www.revistarambla.com\\\/ugt-y-ccoo-llaman-a-frenar-la-reforma-laboral\\\/#primaryimage\"},\"thumbnailUrl\":\"https:\\\/\\\/www.revistarambla.com\\\/wp-content\\\/uploads\\\/2012\\\/05\\\/portesta02.jpg\",\"articleSection\":[\"Actualidad\",\"Barcelona\"],\"inLanguage\":\"en-GB\",\"potentialAction\":[{\"@type\":\"CommentAction\",\"name\":\"Comment\",\"target\":[\"https:\\\/\\\/www.revistarambla.com\\\/ugt-y-ccoo-llaman-a-frenar-la-reforma-laboral\\\/#respond\"]}]},{\"@type\":\"WebPage\",\"@id\":\"https:\\\/\\\/www.revistarambla.com\\\/ugt-y-ccoo-llaman-a-frenar-la-reforma-laboral\\\/\",\"url\":\"https:\\\/\\\/www.revistarambla.com\\\/ugt-y-ccoo-llaman-a-frenar-la-reforma-laboral\\\/\",\"name\":\"UGT y CCOO llaman a frenar la reforma laboral - Revista Rambla\",\"isPartOf\":{\"@id\":\"https:\\\/\\\/www.revistarambla.com\\\/#website\"},\"primaryImageOfPage\":{\"@id\":\"https:\\\/\\\/www.revistarambla.com\\\/ugt-y-ccoo-llaman-a-frenar-la-reforma-laboral\\\/#primaryimage\"},\"image\":{\"@id\":\"https:\\\/\\\/www.revistarambla.com\\\/ugt-y-ccoo-llaman-a-frenar-la-reforma-laboral\\\/#primaryimage\"},\"thumbnailUrl\":\"https:\\\/\\\/www.revistarambla.com\\\/wp-content\\\/uploads\\\/2012\\\/05\\\/portesta02.jpg\",\"datePublished\":\"2012-05-24T10:08:28+00:00\",\"dateModified\":\"2021-12-20T18:21:59+00:00\",\"breadcrumb\":{\"@id\":\"https:\\\/\\\/www.revistarambla.com\\\/ugt-y-ccoo-llaman-a-frenar-la-reforma-laboral\\\/#breadcrumb\"},\"inLanguage\":\"en-GB\",\"potentialAction\":[{\"@type\":\"ReadAction\",\"target\":[\"https:\\\/\\\/www.revistarambla.com\\\/ugt-y-ccoo-llaman-a-frenar-la-reforma-laboral\\\/\"]}]},{\"@type\":\"ImageObject\",\"inLanguage\":\"en-GB\",\"@id\":\"https:\\\/\\\/www.revistarambla.com\\\/ugt-y-ccoo-llaman-a-frenar-la-reforma-laboral\\\/#primaryimage\",\"url\":\"https:\\\/\\\/www.revistarambla.com\\\/wp-content\\\/uploads\\\/2012\\\/05\\\/portesta02.jpg\",\"contentUrl\":\"https:\\\/\\\/www.revistarambla.com\\\/wp-content\\\/uploads\\\/2012\\\/05\\\/portesta02.jpg\"},{\"@type\":\"BreadcrumbList\",\"@id\":\"https:\\\/\\\/www.revistarambla.com\\\/ugt-y-ccoo-llaman-a-frenar-la-reforma-laboral\\\/#breadcrumb\",\"itemListElement\":[{\"@type\":\"ListItem\",\"position\":1,\"name\":\"Portada\",\"item\":\"https:\\\/\\\/www.revistarambla.com\\\/\"},{\"@type\":\"ListItem\",\"position\":2,\"name\":\"UGT y CCOO llaman a frenar la reforma laboral\"}]},{\"@type\":\"WebSite\",\"@id\":\"https:\\\/\\\/www.revistarambla.com\\\/#website\",\"url\":\"https:\\\/\\\/www.revistarambla.com\\\/\",\"name\":\"Revista Rambla Barcelona\",\"description\":\"Periodismo independiente\",\"publisher\":{\"@id\":\"https:\\\/\\\/www.revistarambla.com\\\/#organization\"},\"potentialAction\":[{\"@type\":\"SearchAction\",\"target\":{\"@type\":\"EntryPoint\",\"urlTemplate\":\"https:\\\/\\\/www.revistarambla.com\\\/?s={search_term_string}\"},\"query-input\":{\"@type\":\"PropertyValueSpecification\",\"valueRequired\":true,\"valueName\":\"search_term_string\"}}],\"inLanguage\":\"en-GB\"},{\"@type\":\"Organization\",\"@id\":\"https:\\\/\\\/www.revistarambla.com\\\/#organization\",\"name\":\"Revista Rambla\",\"url\":\"https:\\\/\\\/www.revistarambla.com\\\/\",\"logo\":{\"@type\":\"ImageObject\",\"inLanguage\":\"en-GB\",\"@id\":\"https:\\\/\\\/www.revistarambla.com\\\/#\\\/schema\\\/logo\\\/image\\\/\",\"url\":\"https:\\\/\\\/www.revistarambla.com\\\/wp-content\\\/uploads\\\/2020\\\/09\\\/banner_rambla_1900x600_BB.png\",\"contentUrl\":\"https:\\\/\\\/www.revistarambla.com\\\/wp-content\\\/uploads\\\/2020\\\/09\\\/banner_rambla_1900x600_BB.png\",\"width\":1900,\"height\":600,\"caption\":\"Revista Rambla\"},\"image\":{\"@id\":\"https:\\\/\\\/www.revistarambla.com\\\/#\\\/schema\\\/logo\\\/image\\\/\"},\"sameAs\":[\"https:\\\/\\\/www.facebook.com\\\/revistarambla\\\/\",\"https:\\\/\\\/x.com\\\/revistarambla\",\"https:\\\/\\\/www.instagram.com\\\/revista_rambla\",\"https:\\\/\\\/es.linkedin.com\\\/company\\\/revista-rambla\"]},{\"@type\":\"Person\",\"@id\":\"https:\\\/\\\/www.revistarambla.com\\\/#\\\/schema\\\/person\\\/c40e708c39e41ea1aa804e7fdab5b4d2\",\"name\":\"Juan Manuel Zurita Soto\",\"description\":\"Periodista.\",\"sameAs\":[\"https:\\\/\\\/www.instagram.com\\\/juanmanuelzuritasoto\\\/\",\"https:\\\/\\\/es.linkedin.com\\\/in\\\/juan-manuel-zurita-soto-7435b91b9\"]}]}<\/script>\n<!-- \/ Yoast SEO plugin. -->","yoast_head_json":{"title":"UGT y CCOO llaman a frenar la reforma laboral - Revista Rambla","robots":{"index":"index","follow":"follow","max-snippet":"max-snippet:-1","max-image-preview":"max-image-preview:large","max-video-preview":"max-video-preview:-1"},"canonical":"https:\/\/www.revistarambla.com\/en\/ugt-y-ccoo-llaman-a-frenar-la-reforma-laboral\/","og_locale":"en_GB","og_type":"article","og_title":"UGT y CCOO llaman a frenar la reforma laboral - Revista Rambla","og_description":"La actividad de hoy, convocada para las diez de la ma\u00f1ana, se suma a la realizada anoche en distintas ciudades del pa\u00eds, cuando miles de personas asistieron a las concentraciones nocturnas con motivo de la jornada \u201cNoche y D\u00eda contra la reforma laboral\u201d para hacer ver su rechazo a la [&hellip;]","og_url":"https:\/\/www.revistarambla.com\/en\/ugt-y-ccoo-llaman-a-frenar-la-reforma-laboral\/","og_site_name":"Revista Rambla","article_publisher":"https:\/\/www.facebook.com\/revistarambla\/","article_published_time":"2012-05-24T10:08:28+00:00","article_modified_time":"2021-12-20T18:21:59+00:00","og_image":[{"width":275,"height":166,"url":"https:\/\/www.revistarambla.com\/wp-content\/uploads\/2012\/05\/porotesta01.jpg","type":"image\/jpeg"}],"author":"Juan Manuel Zurita Soto","twitter_card":"summary_large_image","twitter_creator":"@revistarambla","twitter_site":"@revistarambla","twitter_misc":{"Written by":"Juan Manuel Zurita Soto","Estimated reading time":"3 minutes"},"schema":{"@context":"https:\/\/schema.org","@graph":[{"@type":"Article","@id":"https:\/\/www.revistarambla.com\/ugt-y-ccoo-llaman-a-frenar-la-reforma-laboral\/#article","isPartOf":{"@id":"https:\/\/www.revistarambla.com\/ugt-y-ccoo-llaman-a-frenar-la-reforma-laboral\/"},"author":{"name":"Juan Manuel Zurita Soto","@id":"https:\/\/www.revistarambla.com\/#\/schema\/person\/c40e708c39e41ea1aa804e7fdab5b4d2"},"headline":"UGT y CCOO llaman a frenar la reforma laboral","datePublished":"2012-05-24T10:08:28+00:00","dateModified":"2021-12-20T18:21:59+00:00","mainEntityOfPage":{"@id":"https:\/\/www.revistarambla.com\/ugt-y-ccoo-llaman-a-frenar-la-reforma-laboral\/"},"wordCount":408,"commentCount":0,"publisher":{"@id":"https:\/\/www.revistarambla.com\/#organization"},"image":{"@id":"https:\/\/www.revistarambla.com\/ugt-y-ccoo-llaman-a-frenar-la-reforma-laboral\/#primaryimage"},"thumbnailUrl":"https:\/\/www.revistarambla.com\/wp-content\/uploads\/2012\/05\/portesta02.jpg","articleSection":["Actualidad","Barcelona"],"inLanguage":"en-GB","potentialAction":[{"@type":"CommentAction","name":"Comment","target":["https:\/\/www.revistarambla.com\/ugt-y-ccoo-llaman-a-frenar-la-reforma-laboral\/#respond"]}]},{"@type":"WebPage","@id":"https:\/\/www.revistarambla.com\/ugt-y-ccoo-llaman-a-frenar-la-reforma-laboral\/","url":"https:\/\/www.revistarambla.com\/ugt-y-ccoo-llaman-a-frenar-la-reforma-laboral\/","name":"UGT y CCOO llaman a frenar la reforma laboral - Revista Rambla","isPartOf":{"@id":"https:\/\/www.revistarambla.com\/#website"},"primaryImageOfPage":{"@id":"https:\/\/www.revistarambla.com\/ugt-y-ccoo-llaman-a-frenar-la-reforma-laboral\/#primaryimage"},"image":{"@id":"https:\/\/www.revistarambla.com\/ugt-y-ccoo-llaman-a-frenar-la-reforma-laboral\/#primaryimage"},"thumbnailUrl":"https:\/\/www.revistarambla.com\/wp-content\/uploads\/2012\/05\/portesta02.jpg","datePublished":"2012-05-24T10:08:28+00:00","dateModified":"2021-12-20T18:21:59+00:00","breadcrumb":{"@id":"https:\/\/www.revistarambla.com\/ugt-y-ccoo-llaman-a-frenar-la-reforma-laboral\/#breadcrumb"},"inLanguage":"en-GB","potentialAction":[{"@type":"ReadAction","target":["https:\/\/www.revistarambla.com\/ugt-y-ccoo-llaman-a-frenar-la-reforma-laboral\/"]}]},{"@type":"ImageObject","inLanguage":"en-GB","@id":"https:\/\/www.revistarambla.com\/ugt-y-ccoo-llaman-a-frenar-la-reforma-laboral\/#primaryimage","url":"https:\/\/www.revistarambla.com\/wp-content\/uploads\/2012\/05\/portesta02.jpg","contentUrl":"https:\/\/www.revistarambla.com\/wp-content\/uploads\/2012\/05\/portesta02.jpg"},{"@type":"BreadcrumbList","@id":"https:\/\/www.revistarambla.com\/ugt-y-ccoo-llaman-a-frenar-la-reforma-laboral\/#breadcrumb","itemListElement":[{"@type":"ListItem","position":1,"name":"Portada","item":"https:\/\/www.revistarambla.com\/"},{"@type":"ListItem","position":2,"name":"UGT y CCOO llaman a frenar la reforma laboral"}]},{"@type":"WebSite","@id":"https:\/\/www.revistarambla.com\/#website","url":"https:\/\/www.revistarambla.com\/","name":"Revista Rambla Barcelona","description":"Periodismo independiente","publisher":{"@id":"https:\/\/www.revistarambla.com\/#organization"},"potentialAction":[{"@type":"SearchAction","target":{"@type":"EntryPoint","urlTemplate":"https:\/\/www.revistarambla.com\/?s={search_term_string}"},"query-input":{"@type":"PropertyValueSpecification","valueRequired":true,"valueName":"search_term_string"}}],"inLanguage":"en-GB"},{"@type":"Organization","@id":"https:\/\/www.revistarambla.com\/#organization","name":"Revista Rambla","url":"https:\/\/www.revistarambla.com\/","logo":{"@type":"ImageObject","inLanguage":"en-GB","@id":"https:\/\/www.revistarambla.com\/#\/schema\/logo\/image\/","url":"https:\/\/www.revistarambla.com\/wp-content\/uploads\/2020\/09\/banner_rambla_1900x600_BB.png","contentUrl":"https:\/\/www.revistarambla.com\/wp-content\/uploads\/2020\/09\/banner_rambla_1900x600_BB.png","width":1900,"height":600,"caption":"Revista Rambla"},"image":{"@id":"https:\/\/www.revistarambla.com\/#\/schema\/logo\/image\/"},"sameAs":["https:\/\/www.facebook.com\/revistarambla\/","https:\/\/x.com\/revistarambla","https:\/\/www.instagram.com\/revista_rambla","https:\/\/es.linkedin.com\/company\/revista-rambla"]},{"@type":"Person","@id":"https:\/\/www.revistarambla.com\/#\/schema\/person\/c40e708c39e41ea1aa804e7fdab5b4d2","name":"Juan Manuel Zurita Soto","description":"Periodista.","sameAs":["https:\/\/www.instagram.com\/juanmanuelzuritasoto\/","https:\/\/es.linkedin.com\/in\/juan-manuel-zurita-soto-7435b91b9"]}]}},"_links":{"self":[{"href":"https:\/\/www.revistarambla.com\/en\/wp-json\/wp\/v2\/posts\/1761","targetHints":{"allow":["GET"]}}],"collection":[{"href":"https:\/\/www.revistarambla.com\/en\/wp-json\/wp\/v2\/posts"}],"about":[{"href":"https:\/\/www.revistarambla.com\/en\/wp-json\/wp\/v2\/types\/post"}],"author":[{"embeddable":true,"href":"https:\/\/www.revistarambla.com\/en\/wp-json\/wp\/v2\/users\/75"}],"replies":[{"embeddable":true,"href":"https:\/\/www.revistarambla.com\/en\/wp-json\/wp\/v2\/comments?post=1761"}],"version-history":[{"count":0,"href":"https:\/\/www.revistarambla.com\/en\/wp-json\/wp\/v2\/posts\/1761\/revisions"}],"wp:attachment":[{"href":"https:\/\/www.revistarambla.com\/en\/wp-json\/wp\/v2\/media?parent=1761"}],"wp:term":[{"taxonomy":"category","embeddable":true,"href":"https:\/\/www.revistarambla.com\/en\/wp-json\/wp\/v2\/categories?post=1761"},{"taxonomy":"post_tag","embeddable":true,"href":"https:\/\/www.revistarambla.com\/en\/wp-json\/wp\/v2\/tags?post=1761"}],"curies":[{"name":"wp","href":"https:\/\/api.w.org\/{rel}","templated":true}]}}