{"id":1739,"date":"2012-05-21T05:20:39","date_gmt":"2012-05-21T05:20:39","guid":{"rendered":"https:\/\/www.revistarambla.com\/cronica-de-una-continuidad\/"},"modified":"2021-05-20T18:45:56","modified_gmt":"2021-05-20T16:45:56","slug":"cronica-de-una-continuidad","status":"publish","type":"post","link":"https:\/\/www.revistarambla.com\/en\/cronica-de-una-continuidad\/","title":{"rendered":"Cr\u00f3nica de una continuidad"},"content":{"rendered":"<p>Hace una semana est\u00e1bamos volviendo a las plazas. Alz\u00e1bamos la voz para que resonaran nuevamente en la conciencia colectiva las propuestas de cambio. Hace una semana viv\u00edamos el primer aniversario del 15M, no como una efem\u00e9rides, no como un acto de nostalgia, sino como un aut\u00e9ntico cumplea\u00f1os, es decir, como una celebraci\u00f3n del crecimiento, de la vida que contin\u00faa. \u00a0<img decoding=\"async\" class=\"aligncenter\" src=\"https:\/\/www.revistarambla.com\/wp-content\/uploads\/2012\/05\/15_CATALUNYA002.jpg\" alt=\"alt\" width=\"550\" height=\"334\" \/><\/p>\n<p>Si de algo valieron las multitudinarias manifestaciones en todo el pa\u00eds el s\u00e1bado por la tarde y el retorno a las plazas centrales de Barcelona, Madrid, Valencia o Sevilla de las comisiones de trabajo y las asambleas populares, fue para visibilizar la solidez de un movimiento que s\u00f3lo ha menguado en su presencia medi\u00e1tica. Durante estos cuatro d\u00edas hemos podido constatar en los diferentes puestos informativos todo el trabajo que se ha ido haciendo a lo largo de un a\u00f1o, as\u00ed como conocer los nuevos objetivos de cada \u00e1rea y sus consiguientes l\u00edneas de acci\u00f3n.<\/p>\n<h3>En la Plaza<\/h3>\n<p>Una vuelta por Plaza Catalunya el domingo a la tarde nos ha acercado, por ejemplo,\u00a0 al testimonio de feministes indignades, grupo surgido en la acampada del a\u00f1o pasado para dar contenido de g\u00e9nero a este nuevo espacio pol\u00edtico, as\u00ed como para evidenciar las discriminaciones que sufren las mujeres en la vida diaria. Una de ellas se muestra muy satisfecha porque \u201cantes las reivindicaciones feministas no se reflejaban en el lenguaje de las asambleas y en cambio ahora siempre se tienen en cuenta a la hora de tomar decisiones\u201d. Tambi\u00e9n nos cuenta que a lo largo de este a\u00f1o de trabajo, en el que se han reunido (y lo seguir\u00e1n haciendo) una vez por semana, \u201clos v\u00ednculos del grupo se han consolidado y los objetivos de lucha se han ido puliendo, ajust\u00e1ndose a las necesidades de un contexto sociopol\u00edtico que se ha modificado\u201d. Se refieren, fundamentalmente, a los cambios provocados por los recortes del gobierno en sanidad y su incidencia directa en las mujeres como principales trabajadoras del sector y como encargadas, por antonomasia, del cuidado de personas enfermas. \u201cLa disminuci\u00f3n de horas de atenci\u00f3n y de camas en los hospitales ya sabemos qui\u00e9nes la absorber\u00e1n, y sin ning\u00fan reconocimiento. Esto no puede seguir as\u00ed\u201d.<\/p>\n<p>Las diferentes Asambleas de Barrios de Barcelona tambi\u00e9n han llevado a la plaza sus experiencias de todo un a\u00f1o. Anna, participante activa del grupo de trabajo de Gr\u00e0cia, reflexiona sobre el camino recorrido y asegura: \u201cEl avance m\u00e1s grande ha sido el de aprender a comunicarnos. Las asambleas al inicio eran un verdadero caos y ahora, en cambio, podemos expresarnos, escucharnos y tomar decisiones conjuntas\u201d. Josu\u00e9, por su parte, es miembro de la Asamblea de Poblenou y nos cuenta que en el barrio ya exist\u00eda antes del surgimiento del 15M un punto de encuentro para colectivos anticapitalistas pero que despu\u00e9s de la acampada en la plaza la participaci\u00f3n de la gente ha aumentado notoriamente. \u201cDesde entonces, hay una masa cr\u00edtica que se mantiene, m\u00e1s all\u00e1 de las inevitables subidas y bajadas. Nuestro principal objetivo es el de informar y crear conciencia ciudadana. Hasta la revoluci\u00f3n\u201d.<\/p>\n<h3>En las asambleas<\/h3>\n<p>Quien ha estado en alguna de las cuatro asambleas que se llevaron a cabo desde el s\u00e1bado 12 hasta el martes 15 de mayo, habr\u00e1 podido percibir en ellas ciertos cambios con respecto a las de hace un a\u00f1o. Para empezar, la \u201cescenograf\u00eda\u201d de la plaza. Donde en el 2011 hab\u00eda un gigante cartel publicitario de una lujosa marca de moda, ahora nos atacaba visualmente el siniestro oportunismo de la empresa Ray Ban mostrando la escena de una manifestaci\u00f3n en la que, en medio de una violenta represi\u00f3n policial, una pareja de j\u00f3venes se besa. Por suerte, la creatividad de los indignados no se ha quedado atr\u00e1s y en tan s\u00f3lo un d\u00eda, las caras de unos enamorados han sido reemplazadas por las de otros: Artur Mas y Mariano Rajoy.<\/p>\n<p>En este escenario observamos, entonces, el verdadero gran cambio: los contenidos. Si el a\u00f1o pasado el foco de atenci\u00f3n era la falta de representatividad de la clase pol\u00edtica, ahora el eje de reflexi\u00f3n ha girado en torno a la dictadura del poder financiero. Los recortes en sanidad y educaci\u00f3n, las deudas hipotecarias y las estafas de los bancos han sido los indudables protagonistas de estas jornadas\u2026 y de las que vendr\u00e1n.<\/p>\n<h3>En la acci\u00f3n<\/h3>\n<p>El martes 15 de mayo, como resultado de los debates, los encuentros, las asambleas y el incesante intercambio de ideas que se ha producido en Plaza Catalunya, se pusieron en marcha acciones reivindicativas y concientizadoras en diferentes puntos de la ciudad. Una de ellas fue la impulsada por las plataformas Auditoria Ciutadana del Deute, Democracia real ya Barcelona, Afectados por la Hipoteca y los Iaioflautas para pelear por el derecho a una vivienda digna y por la decisi\u00f3n soberana de qu\u00e9 hacer con la deuda de las hipotecas. Esta iniciativa recibe el nombre de Misi\u00f3n rescate ciudadano en tu banco m\u00e1s cercano y consiste en reunirse para entrar a los bancos y acompa\u00f1ar a las personas morosas para negociar la daci\u00f3n en pago de sus viviendas y la permanencia en ellas en r\u00e9gimen de alquiler social. A su vez, la intenci\u00f3n es presionar a las entidades bancarias para reconvertir el stock inmobiliario que est\u00e1n acumulando, en un parque p\u00fablico de casas de alquiler.<\/p>\n<p>A las 8 de la ma\u00f1ana del martes, se dio comienzo a esta campa\u00f1a en cuatro plazas de la ciudad con una gran respuesta por parte de la gente, que brind\u00f3 apoyo a las familias damnificadas al mismo tiempo que aprovech\u00f3 para expresar su denuncia hacia los mecanismos ileg\u00edtimos que est\u00e1n empleando los bancos para lucrarse con la deuda p\u00fablica.<\/p>\n<p>Los colosos financieros tambi\u00e9n fueron el objetivo de la segunda gran acci\u00f3n organizada para el d\u00eda del aniversario del 15M. A las 5 de la tarde la convocatoria era frente a lo que hasta ese d\u00eda se conoc\u00eda como la Sede Central de La Caixa, ubicada en Les Corts, y a partir de entonces pas\u00f3 a llamarse \u201cLas Torres de Mordor\u201d. Con la escenificaci\u00f3n de un juicio popular a la Generalitat de Catalunya y a los directivos del banco, se ha querido demostrar la culpabilidad de ambos sobre la actual crisis econ\u00f3mica. En primera fila se encontraban los Iaioflautas y los miembros de la Plataforma Estafabanca, un grupo muy variado de personas que han sido enga\u00f1adas con productos de ahorro (participaciones preferentes, deuda subordinada y otros productos t\u00f3xicos) que los bancos les vendieron como \u201cseguros\u201d.<\/p>\n<p>Pese al enorme despliegue policial que acordon\u00f3 la zona, se decidi\u00f3 en asamblea continuar la protesta con una acampada frente a las torres hasta el 22 de mayo, d\u00eda en que est\u00e1 convocada una huelga general en el \u00e1mbito de la educaci\u00f3n.<\/p>\n<p>La idea es no parar. La idea es seguir denunciando a viva voz las mentiras que se utilizan desde el poder para proteger a los grandes capitales a costa de los derechos ciudadanos. La idea es unirse y seguir creciendo. La idea es continuar celebrando la vida de la lucha colectiva.<\/p>","protected":false},"excerpt":{"rendered":"<p>Hace una semana est\u00e1bamos volviendo a las plazas. Alz\u00e1bamos la voz para que resonaran nuevamente en la conciencia colectiva las propuestas de cambio. Hace una semana viv\u00edamos el primer aniversario del 15M, no como una efem\u00e9rides, no como un acto de nostalgia, sino como un aut\u00e9ntico cumplea\u00f1os, es decir, como [&hellip;]<\/p>\n","protected":false},"author":1,"featured_media":0,"comment_status":"open","ping_status":"open","sticky":false,"template":"","format":"standard","meta":{"footnotes":""},"categories":[3,76],"tags":[],"class_list":["post-1739","post","type-post","status-publish","format-standard","hentry","category-actualidad","category-barcelona"],"yoast_head":"<!-- This site is optimized with the Yoast SEO plugin v27.5 - https:\/\/yoast.com\/product\/yoast-seo-wordpress\/ -->\n<title>Cr\u00f3nica de una continuidad - Revista Rambla<\/title>\n<meta name=\"robots\" content=\"index, follow, max-snippet:-1, max-image-preview:large, max-video-preview:-1\" \/>\n<link rel=\"canonical\" href=\"https:\/\/www.revistarambla.com\/en\/cronica-de-una-continuidad\/\" \/>\n<meta property=\"og:locale\" content=\"en_GB\" \/>\n<meta property=\"og:type\" content=\"article\" \/>\n<meta property=\"og:title\" content=\"Cr\u00f3nica de una continuidad - Revista Rambla\" \/>\n<meta property=\"og:description\" content=\"Hace una semana est\u00e1bamos volviendo a las plazas. Alz\u00e1bamos la voz para que resonaran nuevamente en la conciencia colectiva las propuestas de cambio. Hace una semana viv\u00edamos el primer aniversario del 15M, no como una efem\u00e9rides, no como un acto de nostalgia, sino como un aut\u00e9ntico cumplea\u00f1os, es decir, como [&hellip;]\" \/>\n<meta property=\"og:url\" content=\"https:\/\/www.revistarambla.com\/en\/cronica-de-una-continuidad\/\" \/>\n<meta property=\"og:site_name\" content=\"Revista Rambla\" \/>\n<meta property=\"article:publisher\" content=\"https:\/\/www.facebook.com\/revistarambla\/\" \/>\n<meta property=\"article:published_time\" content=\"2012-05-21T05:20:39+00:00\" \/>\n<meta property=\"article:modified_time\" content=\"2021-05-20T16:45:56+00:00\" \/>\n<meta property=\"og:image\" content=\"https:\/\/i2.wp.com\/www.revistarambla.com\/wp-content\/uploads\/2012\/05\/15_CATALUNYA001.jpg?fit=275%2C154&ssl=1\" \/>\n\t<meta property=\"og:image:width\" content=\"275\" \/>\n\t<meta property=\"og:image:height\" content=\"154\" \/>\n\t<meta property=\"og:image:type\" content=\"image\/jpeg\" \/>\n<meta name=\"author\" content=\"Flor Ragucci\" \/>\n<meta name=\"twitter:card\" content=\"summary_large_image\" \/>\n<meta name=\"twitter:creator\" content=\"@revistarambla\" \/>\n<meta name=\"twitter:site\" content=\"@revistarambla\" \/>\n<meta name=\"twitter:label1\" content=\"Written by\" \/>\n\t<meta name=\"twitter:data1\" content=\"Flor Ragucci\" \/>\n\t<meta name=\"twitter:label2\" content=\"Estimated reading time\" \/>\n\t<meta name=\"twitter:data2\" content=\"6 minutes\" \/>\n<script type=\"application\/ld+json\" class=\"yoast-schema-graph\">{\"@context\":\"https:\\\/\\\/schema.org\",\"@graph\":[{\"@type\":\"Article\",\"@id\":\"https:\\\/\\\/www.revistarambla.com\\\/cronica-de-una-continuidad\\\/#article\",\"isPartOf\":{\"@id\":\"https:\\\/\\\/www.revistarambla.com\\\/cronica-de-una-continuidad\\\/\"},\"author\":{\"name\":\"Flor Ragucci\",\"@id\":\"https:\\\/\\\/www.revistarambla.com\\\/#\\\/schema\\\/person\\\/4a5652fc8c82df1f8593002d038cd79e\"},\"headline\":\"Cr\u00f3nica de una continuidad\",\"datePublished\":\"2012-05-21T05:20:39+00:00\",\"dateModified\":\"2021-05-20T16:45:56+00:00\",\"mainEntityOfPage\":{\"@id\":\"https:\\\/\\\/www.revistarambla.com\\\/cronica-de-una-continuidad\\\/\"},\"wordCount\":1244,\"commentCount\":0,\"publisher\":{\"@id\":\"https:\\\/\\\/www.revistarambla.com\\\/#organization\"},\"image\":{\"@id\":\"https:\\\/\\\/www.revistarambla.com\\\/cronica-de-una-continuidad\\\/#primaryimage\"},\"thumbnailUrl\":\"https:\\\/\\\/www.revistarambla.com\\\/wp-content\\\/uploads\\\/2012\\\/05\\\/15_CATALUNYA002.jpg\",\"articleSection\":[\"Actualidad\",\"Barcelona\"],\"inLanguage\":\"en-GB\",\"potentialAction\":[{\"@type\":\"CommentAction\",\"name\":\"Comment\",\"target\":[\"https:\\\/\\\/www.revistarambla.com\\\/cronica-de-una-continuidad\\\/#respond\"]}]},{\"@type\":\"WebPage\",\"@id\":\"https:\\\/\\\/www.revistarambla.com\\\/cronica-de-una-continuidad\\\/\",\"url\":\"https:\\\/\\\/www.revistarambla.com\\\/cronica-de-una-continuidad\\\/\",\"name\":\"Cr\u00f3nica de una continuidad - Revista Rambla\",\"isPartOf\":{\"@id\":\"https:\\\/\\\/www.revistarambla.com\\\/#website\"},\"primaryImageOfPage\":{\"@id\":\"https:\\\/\\\/www.revistarambla.com\\\/cronica-de-una-continuidad\\\/#primaryimage\"},\"image\":{\"@id\":\"https:\\\/\\\/www.revistarambla.com\\\/cronica-de-una-continuidad\\\/#primaryimage\"},\"thumbnailUrl\":\"https:\\\/\\\/www.revistarambla.com\\\/wp-content\\\/uploads\\\/2012\\\/05\\\/15_CATALUNYA002.jpg\",\"datePublished\":\"2012-05-21T05:20:39+00:00\",\"dateModified\":\"2021-05-20T16:45:56+00:00\",\"breadcrumb\":{\"@id\":\"https:\\\/\\\/www.revistarambla.com\\\/cronica-de-una-continuidad\\\/#breadcrumb\"},\"inLanguage\":\"en-GB\",\"potentialAction\":[{\"@type\":\"ReadAction\",\"target\":[\"https:\\\/\\\/www.revistarambla.com\\\/cronica-de-una-continuidad\\\/\"]}]},{\"@type\":\"ImageObject\",\"inLanguage\":\"en-GB\",\"@id\":\"https:\\\/\\\/www.revistarambla.com\\\/cronica-de-una-continuidad\\\/#primaryimage\",\"url\":\"https:\\\/\\\/www.revistarambla.com\\\/wp-content\\\/uploads\\\/2012\\\/05\\\/15_CATALUNYA002.jpg\",\"contentUrl\":\"https:\\\/\\\/www.revistarambla.com\\\/wp-content\\\/uploads\\\/2012\\\/05\\\/15_CATALUNYA002.jpg\"},{\"@type\":\"BreadcrumbList\",\"@id\":\"https:\\\/\\\/www.revistarambla.com\\\/cronica-de-una-continuidad\\\/#breadcrumb\",\"itemListElement\":[{\"@type\":\"ListItem\",\"position\":1,\"name\":\"Portada\",\"item\":\"https:\\\/\\\/www.revistarambla.com\\\/\"},{\"@type\":\"ListItem\",\"position\":2,\"name\":\"Cr\u00f3nica de una continuidad\"}]},{\"@type\":\"WebSite\",\"@id\":\"https:\\\/\\\/www.revistarambla.com\\\/#website\",\"url\":\"https:\\\/\\\/www.revistarambla.com\\\/\",\"name\":\"Revista Rambla Barcelona\",\"description\":\"Periodismo independiente\",\"publisher\":{\"@id\":\"https:\\\/\\\/www.revistarambla.com\\\/#organization\"},\"potentialAction\":[{\"@type\":\"SearchAction\",\"target\":{\"@type\":\"EntryPoint\",\"urlTemplate\":\"https:\\\/\\\/www.revistarambla.com\\\/?s={search_term_string}\"},\"query-input\":{\"@type\":\"PropertyValueSpecification\",\"valueRequired\":true,\"valueName\":\"search_term_string\"}}],\"inLanguage\":\"en-GB\"},{\"@type\":\"Organization\",\"@id\":\"https:\\\/\\\/www.revistarambla.com\\\/#organization\",\"name\":\"Revista Rambla\",\"url\":\"https:\\\/\\\/www.revistarambla.com\\\/\",\"logo\":{\"@type\":\"ImageObject\",\"inLanguage\":\"en-GB\",\"@id\":\"https:\\\/\\\/www.revistarambla.com\\\/#\\\/schema\\\/logo\\\/image\\\/\",\"url\":\"https:\\\/\\\/www.revistarambla.com\\\/wp-content\\\/uploads\\\/2020\\\/09\\\/banner_rambla_1900x600_BB.png\",\"contentUrl\":\"https:\\\/\\\/www.revistarambla.com\\\/wp-content\\\/uploads\\\/2020\\\/09\\\/banner_rambla_1900x600_BB.png\",\"width\":1900,\"height\":600,\"caption\":\"Revista Rambla\"},\"image\":{\"@id\":\"https:\\\/\\\/www.revistarambla.com\\\/#\\\/schema\\\/logo\\\/image\\\/\"},\"sameAs\":[\"https:\\\/\\\/www.facebook.com\\\/revistarambla\\\/\",\"https:\\\/\\\/x.com\\\/revistarambla\",\"https:\\\/\\\/www.instagram.com\\\/revista_rambla\",\"https:\\\/\\\/es.linkedin.com\\\/company\\\/revista-rambla\"]},{\"@type\":\"Person\",\"@id\":\"https:\\\/\\\/www.revistarambla.com\\\/#\\\/schema\\\/person\\\/4a5652fc8c82df1f8593002d038cd79e\",\"name\":\"Flor Ragucci\",\"description\":\"Periodista.\",\"sameAs\":[\"https:\\\/\\\/www.revistarambla.com\\\/\"]}]}<\/script>\n<!-- \/ Yoast SEO plugin. -->","yoast_head_json":{"title":"Cr\u00f3nica de una continuidad - Revista Rambla","robots":{"index":"index","follow":"follow","max-snippet":"max-snippet:-1","max-image-preview":"max-image-preview:large","max-video-preview":"max-video-preview:-1"},"canonical":"https:\/\/www.revistarambla.com\/en\/cronica-de-una-continuidad\/","og_locale":"en_GB","og_type":"article","og_title":"Cr\u00f3nica de una continuidad - Revista Rambla","og_description":"Hace una semana est\u00e1bamos volviendo a las plazas. Alz\u00e1bamos la voz para que resonaran nuevamente en la conciencia colectiva las propuestas de cambio. Hace una semana viv\u00edamos el primer aniversario del 15M, no como una efem\u00e9rides, no como un acto de nostalgia, sino como un aut\u00e9ntico cumplea\u00f1os, es decir, como [&hellip;]","og_url":"https:\/\/www.revistarambla.com\/en\/cronica-de-una-continuidad\/","og_site_name":"Revista Rambla","article_publisher":"https:\/\/www.facebook.com\/revistarambla\/","article_published_time":"2012-05-21T05:20:39+00:00","article_modified_time":"2021-05-20T16:45:56+00:00","og_image":[{"width":275,"height":154,"url":"https:\/\/i2.wp.com\/www.revistarambla.com\/wp-content\/uploads\/2012\/05\/15_CATALUNYA001.jpg?fit=275%2C154&ssl=1","type":"image\/jpeg"}],"author":"Flor Ragucci","twitter_card":"summary_large_image","twitter_creator":"@revistarambla","twitter_site":"@revistarambla","twitter_misc":{"Written by":"Flor Ragucci","Estimated reading time":"6 minutes"},"schema":{"@context":"https:\/\/schema.org","@graph":[{"@type":"Article","@id":"https:\/\/www.revistarambla.com\/cronica-de-una-continuidad\/#article","isPartOf":{"@id":"https:\/\/www.revistarambla.com\/cronica-de-una-continuidad\/"},"author":{"name":"Flor Ragucci","@id":"https:\/\/www.revistarambla.com\/#\/schema\/person\/4a5652fc8c82df1f8593002d038cd79e"},"headline":"Cr\u00f3nica de una continuidad","datePublished":"2012-05-21T05:20:39+00:00","dateModified":"2021-05-20T16:45:56+00:00","mainEntityOfPage":{"@id":"https:\/\/www.revistarambla.com\/cronica-de-una-continuidad\/"},"wordCount":1244,"commentCount":0,"publisher":{"@id":"https:\/\/www.revistarambla.com\/#organization"},"image":{"@id":"https:\/\/www.revistarambla.com\/cronica-de-una-continuidad\/#primaryimage"},"thumbnailUrl":"https:\/\/www.revistarambla.com\/wp-content\/uploads\/2012\/05\/15_CATALUNYA002.jpg","articleSection":["Actualidad","Barcelona"],"inLanguage":"en-GB","potentialAction":[{"@type":"CommentAction","name":"Comment","target":["https:\/\/www.revistarambla.com\/cronica-de-una-continuidad\/#respond"]}]},{"@type":"WebPage","@id":"https:\/\/www.revistarambla.com\/cronica-de-una-continuidad\/","url":"https:\/\/www.revistarambla.com\/cronica-de-una-continuidad\/","name":"Cr\u00f3nica de una continuidad - Revista Rambla","isPartOf":{"@id":"https:\/\/www.revistarambla.com\/#website"},"primaryImageOfPage":{"@id":"https:\/\/www.revistarambla.com\/cronica-de-una-continuidad\/#primaryimage"},"image":{"@id":"https:\/\/www.revistarambla.com\/cronica-de-una-continuidad\/#primaryimage"},"thumbnailUrl":"https:\/\/www.revistarambla.com\/wp-content\/uploads\/2012\/05\/15_CATALUNYA002.jpg","datePublished":"2012-05-21T05:20:39+00:00","dateModified":"2021-05-20T16:45:56+00:00","breadcrumb":{"@id":"https:\/\/www.revistarambla.com\/cronica-de-una-continuidad\/#breadcrumb"},"inLanguage":"en-GB","potentialAction":[{"@type":"ReadAction","target":["https:\/\/www.revistarambla.com\/cronica-de-una-continuidad\/"]}]},{"@type":"ImageObject","inLanguage":"en-GB","@id":"https:\/\/www.revistarambla.com\/cronica-de-una-continuidad\/#primaryimage","url":"https:\/\/www.revistarambla.com\/wp-content\/uploads\/2012\/05\/15_CATALUNYA002.jpg","contentUrl":"https:\/\/www.revistarambla.com\/wp-content\/uploads\/2012\/05\/15_CATALUNYA002.jpg"},{"@type":"BreadcrumbList","@id":"https:\/\/www.revistarambla.com\/cronica-de-una-continuidad\/#breadcrumb","itemListElement":[{"@type":"ListItem","position":1,"name":"Portada","item":"https:\/\/www.revistarambla.com\/"},{"@type":"ListItem","position":2,"name":"Cr\u00f3nica de una continuidad"}]},{"@type":"WebSite","@id":"https:\/\/www.revistarambla.com\/#website","url":"https:\/\/www.revistarambla.com\/","name":"Revista Rambla Barcelona","description":"Periodismo independiente","publisher":{"@id":"https:\/\/www.revistarambla.com\/#organization"},"potentialAction":[{"@type":"SearchAction","target":{"@type":"EntryPoint","urlTemplate":"https:\/\/www.revistarambla.com\/?s={search_term_string}"},"query-input":{"@type":"PropertyValueSpecification","valueRequired":true,"valueName":"search_term_string"}}],"inLanguage":"en-GB"},{"@type":"Organization","@id":"https:\/\/www.revistarambla.com\/#organization","name":"Revista Rambla","url":"https:\/\/www.revistarambla.com\/","logo":{"@type":"ImageObject","inLanguage":"en-GB","@id":"https:\/\/www.revistarambla.com\/#\/schema\/logo\/image\/","url":"https:\/\/www.revistarambla.com\/wp-content\/uploads\/2020\/09\/banner_rambla_1900x600_BB.png","contentUrl":"https:\/\/www.revistarambla.com\/wp-content\/uploads\/2020\/09\/banner_rambla_1900x600_BB.png","width":1900,"height":600,"caption":"Revista Rambla"},"image":{"@id":"https:\/\/www.revistarambla.com\/#\/schema\/logo\/image\/"},"sameAs":["https:\/\/www.facebook.com\/revistarambla\/","https:\/\/x.com\/revistarambla","https:\/\/www.instagram.com\/revista_rambla","https:\/\/es.linkedin.com\/company\/revista-rambla"]},{"@type":"Person","@id":"https:\/\/www.revistarambla.com\/#\/schema\/person\/4a5652fc8c82df1f8593002d038cd79e","name":"Flor Ragucci","description":"Periodista.","sameAs":["https:\/\/www.revistarambla.com\/"]}]}},"_links":{"self":[{"href":"https:\/\/www.revistarambla.com\/en\/wp-json\/wp\/v2\/posts\/1739","targetHints":{"allow":["GET"]}}],"collection":[{"href":"https:\/\/www.revistarambla.com\/en\/wp-json\/wp\/v2\/posts"}],"about":[{"href":"https:\/\/www.revistarambla.com\/en\/wp-json\/wp\/v2\/types\/post"}],"author":[{"embeddable":true,"href":"https:\/\/www.revistarambla.com\/en\/wp-json\/wp\/v2\/users\/1"}],"replies":[{"embeddable":true,"href":"https:\/\/www.revistarambla.com\/en\/wp-json\/wp\/v2\/comments?post=1739"}],"version-history":[{"count":0,"href":"https:\/\/www.revistarambla.com\/en\/wp-json\/wp\/v2\/posts\/1739\/revisions"}],"wp:attachment":[{"href":"https:\/\/www.revistarambla.com\/en\/wp-json\/wp\/v2\/media?parent=1739"}],"wp:term":[{"taxonomy":"category","embeddable":true,"href":"https:\/\/www.revistarambla.com\/en\/wp-json\/wp\/v2\/categories?post=1739"},{"taxonomy":"post_tag","embeddable":true,"href":"https:\/\/www.revistarambla.com\/en\/wp-json\/wp\/v2\/tags?post=1739"}],"curies":[{"name":"wp","href":"https:\/\/api.w.org\/{rel}","templated":true}]}}