{"id":1726,"date":"2012-05-19T05:22:32","date_gmt":"2012-05-19T03:22:32","guid":{"rendered":"https:\/\/www.revistarambla.com\/un-nuevo-anos-nuevos-afiches-para-que-a-nadie-se-le-olvide\/"},"modified":"2021-12-20T19:22:30","modified_gmt":"2021-12-20T18:22:30","slug":"un-nuevo-anos-nuevos-afiches-para-que-a-nadie-se-le-olvide","status":"publish","type":"post","link":"https:\/\/www.revistarambla.com\/en\/un-nuevo-anos-nuevos-afiches-para-que-a-nadie-se-le-olvide\/","title":{"rendered":"Nuevos afiches para que a nadie se le olvide"},"content":{"rendered":"<p>Desde la marcha del d\u00eda s\u00e1bado hasta hoy son varios los lienzos, afiches y carteles que se levantaron en Plaza Catalunya como punto neur\u00e1lgico de las conmemoraciones del 15-M. Es que el descontento no ha deca\u00eddo, con anuncios como recortes viernes tras viernes la organizaci\u00f3n parece ser la \u00fanica forma de mantener viva las demandas que se vienen haciendo escuchar desde\u00a0 hace un a\u00f1o.<\/p>\n<p><img decoding=\"async\" class=\"aligncenter\" src=\"https:\/\/www.revistarambla.com\/wp-content\/uploads\/2012\/05\/carteles11.jpg\" alt=\"alt\" width=\"444\" height=\"260\" \/><\/p>\n<p>Prueba de ello es que a la idea de reducir cada d\u00eda m\u00e1s el \u201cestado de bienestar\u201d, la originalidad corre por parte de los afectados, quienes haciendo uso del ingenio y de la indignaci\u00f3n han dado rienda suelta a su indignaci\u00f3n de manera cada vez m\u00e1s original.<\/p>\n<p>A continuaci\u00f3n una selecci\u00f3n de algunos de las pancartas m\u00e1s llamativas, las que seguir\u00e1nmarchando por la ciudad a lo largo del a\u00f1o.<\/p>\n<figure style=\"width: 550px\" class=\"wp-caption aligncenter\"><img decoding=\"async\" src=\"https:\/\/www.revistarambla.com\/wp-content\/uploads\/2012\/05\/01guernica.jpg\" alt=\"alt\" width=\"550\" height=\"366\" \/><figcaption class=\"wp-caption-text\">Lo que ya un s\u00edmboloen si mismo, el Guernica de un viejo conocido de la ciudad, Pablo Picasso y que fuera s\u00edmbolo de la barbarie facista.<\/figcaption><\/figure>\n<figure style=\"width: 550px\" class=\"wp-caption aligncenter\"><img decoding=\"async\" src=\"https:\/\/www.revistarambla.com\/wp-content\/uploads\/2012\/05\/02jiovenes.jpg\" alt=\"alt\" width=\"550\" height=\"366\" \/><figcaption class=\"wp-caption-text\">Si con los gritos no le queda claro el descontento se\u00f1or Rajoy, h\u00e1game el favor de leerme el pecho.<\/figcaption><\/figure>\n<figure style=\"width: 490px\" class=\"wp-caption aligncenter\"><img decoding=\"async\" src=\"https:\/\/www.revistarambla.com\/wp-content\/uploads\/2012\/05\/04hitler.jpg\" alt=\"alt\" width=\"490\" height=\"672\" \/><figcaption class=\"wp-caption-text\">Y para los que a\u00fan no aprenden de historia<\/figcaption><\/figure>\n<figure style=\"width: 550px\" class=\"wp-caption aligncenter\"><img decoding=\"async\" src=\"https:\/\/www.revistarambla.com\/wp-content\/uploads\/2012\/05\/05power.jpg\" alt=\"alt\" width=\"550\" height=\"338\" \/><figcaption class=\"wp-caption-text\">En catal\u00e1n, en espa\u00f1ol, y en ingles&#8230; para que lo lean tambi\u00e9n en Wall Street<\/figcaption><\/figure>\n<figure style=\"width: 550px\" class=\"wp-caption aligncenter\"><img decoding=\"async\" src=\"https:\/\/www.revistarambla.com\/wp-content\/uploads\/2012\/05\/06iaioflautas.jpg\" alt=\"alt\" width=\"550\" height=\"366\" \/><figcaption class=\"wp-caption-text\">Todo perro flauta tiene un Iaio que lo antecede.<\/figcaption><\/figure>\n<figure style=\"width: 550px\" class=\"wp-caption aligncenter\"><img decoding=\"async\" src=\"https:\/\/www.revistarambla.com\/wp-content\/uploads\/2012\/05\/07we.jpg\" alt=\"alt\" width=\"550\" height=\"341\" \/><figcaption class=\"wp-caption-text\">Del norte de Africa hasta Chile, de Catalunya a Wall Street, de M\u00e9xico hasta Siria. Indignados del mundo&#8230;\u00a1un\u00edos!<\/figcaption><\/figure>\n<figure style=\"width: 550px\" class=\"wp-caption aligncenter\"><img decoding=\"async\" src=\"https:\/\/www.revistarambla.com\/wp-content\/uploads\/2012\/05\/08mandela.jpg\" alt=\"alt\" width=\"550\" height=\"364\" \/><figcaption class=\"wp-caption-text\">Mandela, Gandhi&#8230; se\u00f1or Puig, se\u00f1or Rajoy, \u00bflos conocen?<\/figcaption><\/figure>","protected":false},"excerpt":{"rendered":"<p>Desde la marcha del d\u00eda s\u00e1bado hasta hoy son varios los lienzos, afiches y carteles que se levantaron en Plaza Catalunya como punto neur\u00e1lgico de las conmemoraciones del 15-M. Es que el descontento no ha deca\u00eddo, con anuncios como recortes viernes tras viernes la organizaci\u00f3n parece ser la \u00fanica forma [&hellip;]<\/p>\n","protected":false},"author":75,"featured_media":0,"comment_status":"open","ping_status":"open","sticky":false,"template":"","format":"standard","meta":{"footnotes":""},"categories":[3,76],"tags":[],"class_list":["post-1726","post","type-post","status-publish","format-standard","hentry","category-actualidad","category-barcelona"],"yoast_head":"<!-- This site is optimized with the Yoast SEO plugin v27.5 - https:\/\/yoast.com\/product\/yoast-seo-wordpress\/ -->\n<title>Nuevos afiches para que a nadie se le olvide - Revista Rambla<\/title>\n<meta name=\"robots\" content=\"index, follow, max-snippet:-1, max-image-preview:large, max-video-preview:-1\" \/>\n<link rel=\"canonical\" href=\"https:\/\/www.revistarambla.com\/en\/un-nuevo-anos-nuevos-afiches-para-que-a-nadie-se-le-olvide\/\" \/>\n<meta property=\"og:locale\" content=\"en_GB\" \/>\n<meta property=\"og:type\" content=\"article\" \/>\n<meta property=\"og:title\" content=\"Nuevos afiches para que a nadie se le olvide - Revista Rambla\" \/>\n<meta property=\"og:description\" content=\"Desde la marcha del d\u00eda s\u00e1bado hasta hoy son varios los lienzos, afiches y carteles que se levantaron en Plaza Catalunya como punto neur\u00e1lgico de las conmemoraciones del 15-M. Es que el descontento no ha deca\u00eddo, con anuncios como recortes viernes tras viernes la organizaci\u00f3n parece ser la \u00fanica forma [&hellip;]\" \/>\n<meta property=\"og:url\" content=\"https:\/\/www.revistarambla.com\/en\/un-nuevo-anos-nuevos-afiches-para-que-a-nadie-se-le-olvide\/\" \/>\n<meta property=\"og:site_name\" content=\"Revista Rambla\" \/>\n<meta property=\"article:publisher\" content=\"https:\/\/www.facebook.com\/revistarambla\/\" \/>\n<meta property=\"article:published_time\" content=\"2012-05-19T03:22:32+00:00\" \/>\n<meta property=\"article:modified_time\" content=\"2021-12-20T18:22:30+00:00\" \/>\n<meta property=\"og:image\" content=\"https:\/\/www.revistarambla.com\/wp-content\/uploads\/2012\/05\/carteles11.jpg\" \/>\n\t<meta property=\"og:image:width\" content=\"275\" \/>\n\t<meta property=\"og:image:height\" content=\"161\" \/>\n\t<meta property=\"og:image:type\" content=\"image\/jpeg\" \/>\n<meta name=\"author\" content=\"Juan Manuel Zurita Soto\" \/>\n<meta name=\"twitter:card\" content=\"summary_large_image\" \/>\n<meta name=\"twitter:creator\" content=\"@revistarambla\" \/>\n<meta name=\"twitter:site\" content=\"@revistarambla\" \/>\n<meta name=\"twitter:label1\" content=\"Written by\" \/>\n\t<meta name=\"twitter:data1\" content=\"Juan Manuel Zurita Soto\" \/>\n\t<meta name=\"twitter:label2\" content=\"Estimated reading time\" \/>\n\t<meta name=\"twitter:data2\" content=\"3 minutes\" \/>\n<script type=\"application\/ld+json\" class=\"yoast-schema-graph\">{\"@context\":\"https:\\\/\\\/schema.org\",\"@graph\":[{\"@type\":\"Article\",\"@id\":\"https:\\\/\\\/www.revistarambla.com\\\/un-nuevo-anos-nuevos-afiches-para-que-a-nadie-se-le-olvide\\\/#article\",\"isPartOf\":{\"@id\":\"https:\\\/\\\/www.revistarambla.com\\\/un-nuevo-anos-nuevos-afiches-para-que-a-nadie-se-le-olvide\\\/\"},\"author\":{\"name\":\"Juan Manuel Zurita Soto\",\"@id\":\"https:\\\/\\\/www.revistarambla.com\\\/#\\\/schema\\\/person\\\/c40e708c39e41ea1aa804e7fdab5b4d2\"},\"headline\":\"Nuevos afiches para que a nadie se le olvide\",\"datePublished\":\"2012-05-19T03:22:32+00:00\",\"dateModified\":\"2021-12-20T18:22:30+00:00\",\"mainEntityOfPage\":{\"@id\":\"https:\\\/\\\/www.revistarambla.com\\\/un-nuevo-anos-nuevos-afiches-para-que-a-nadie-se-le-olvide\\\/\"},\"wordCount\":317,\"commentCount\":0,\"publisher\":{\"@id\":\"https:\\\/\\\/www.revistarambla.com\\\/#organization\"},\"image\":{\"@id\":\"https:\\\/\\\/www.revistarambla.com\\\/un-nuevo-anos-nuevos-afiches-para-que-a-nadie-se-le-olvide\\\/#primaryimage\"},\"thumbnailUrl\":\"https:\\\/\\\/www.revistarambla.com\\\/wp-content\\\/uploads\\\/2012\\\/05\\\/carteles11.jpg\",\"articleSection\":[\"Actualidad\",\"Barcelona\"],\"inLanguage\":\"en-GB\",\"potentialAction\":[{\"@type\":\"CommentAction\",\"name\":\"Comment\",\"target\":[\"https:\\\/\\\/www.revistarambla.com\\\/un-nuevo-anos-nuevos-afiches-para-que-a-nadie-se-le-olvide\\\/#respond\"]}]},{\"@type\":\"WebPage\",\"@id\":\"https:\\\/\\\/www.revistarambla.com\\\/un-nuevo-anos-nuevos-afiches-para-que-a-nadie-se-le-olvide\\\/\",\"url\":\"https:\\\/\\\/www.revistarambla.com\\\/un-nuevo-anos-nuevos-afiches-para-que-a-nadie-se-le-olvide\\\/\",\"name\":\"Nuevos afiches para que a nadie se le olvide - Revista Rambla\",\"isPartOf\":{\"@id\":\"https:\\\/\\\/www.revistarambla.com\\\/#website\"},\"primaryImageOfPage\":{\"@id\":\"https:\\\/\\\/www.revistarambla.com\\\/un-nuevo-anos-nuevos-afiches-para-que-a-nadie-se-le-olvide\\\/#primaryimage\"},\"image\":{\"@id\":\"https:\\\/\\\/www.revistarambla.com\\\/un-nuevo-anos-nuevos-afiches-para-que-a-nadie-se-le-olvide\\\/#primaryimage\"},\"thumbnailUrl\":\"https:\\\/\\\/www.revistarambla.com\\\/wp-content\\\/uploads\\\/2012\\\/05\\\/carteles11.jpg\",\"datePublished\":\"2012-05-19T03:22:32+00:00\",\"dateModified\":\"2021-12-20T18:22:30+00:00\",\"breadcrumb\":{\"@id\":\"https:\\\/\\\/www.revistarambla.com\\\/un-nuevo-anos-nuevos-afiches-para-que-a-nadie-se-le-olvide\\\/#breadcrumb\"},\"inLanguage\":\"en-GB\",\"potentialAction\":[{\"@type\":\"ReadAction\",\"target\":[\"https:\\\/\\\/www.revistarambla.com\\\/un-nuevo-anos-nuevos-afiches-para-que-a-nadie-se-le-olvide\\\/\"]}]},{\"@type\":\"ImageObject\",\"inLanguage\":\"en-GB\",\"@id\":\"https:\\\/\\\/www.revistarambla.com\\\/un-nuevo-anos-nuevos-afiches-para-que-a-nadie-se-le-olvide\\\/#primaryimage\",\"url\":\"https:\\\/\\\/www.revistarambla.com\\\/wp-content\\\/uploads\\\/2012\\\/05\\\/carteles11.jpg\",\"contentUrl\":\"https:\\\/\\\/www.revistarambla.com\\\/wp-content\\\/uploads\\\/2012\\\/05\\\/carteles11.jpg\"},{\"@type\":\"BreadcrumbList\",\"@id\":\"https:\\\/\\\/www.revistarambla.com\\\/un-nuevo-anos-nuevos-afiches-para-que-a-nadie-se-le-olvide\\\/#breadcrumb\",\"itemListElement\":[{\"@type\":\"ListItem\",\"position\":1,\"name\":\"Portada\",\"item\":\"https:\\\/\\\/www.revistarambla.com\\\/\"},{\"@type\":\"ListItem\",\"position\":2,\"name\":\"Nuevos afiches para que a nadie se le olvide\"}]},{\"@type\":\"WebSite\",\"@id\":\"https:\\\/\\\/www.revistarambla.com\\\/#website\",\"url\":\"https:\\\/\\\/www.revistarambla.com\\\/\",\"name\":\"Revista Rambla Barcelona\",\"description\":\"Periodismo independiente\",\"publisher\":{\"@id\":\"https:\\\/\\\/www.revistarambla.com\\\/#organization\"},\"potentialAction\":[{\"@type\":\"SearchAction\",\"target\":{\"@type\":\"EntryPoint\",\"urlTemplate\":\"https:\\\/\\\/www.revistarambla.com\\\/?s={search_term_string}\"},\"query-input\":{\"@type\":\"PropertyValueSpecification\",\"valueRequired\":true,\"valueName\":\"search_term_string\"}}],\"inLanguage\":\"en-GB\"},{\"@type\":\"Organization\",\"@id\":\"https:\\\/\\\/www.revistarambla.com\\\/#organization\",\"name\":\"Revista Rambla\",\"url\":\"https:\\\/\\\/www.revistarambla.com\\\/\",\"logo\":{\"@type\":\"ImageObject\",\"inLanguage\":\"en-GB\",\"@id\":\"https:\\\/\\\/www.revistarambla.com\\\/#\\\/schema\\\/logo\\\/image\\\/\",\"url\":\"https:\\\/\\\/www.revistarambla.com\\\/wp-content\\\/uploads\\\/2020\\\/09\\\/banner_rambla_1900x600_BB.png\",\"contentUrl\":\"https:\\\/\\\/www.revistarambla.com\\\/wp-content\\\/uploads\\\/2020\\\/09\\\/banner_rambla_1900x600_BB.png\",\"width\":1900,\"height\":600,\"caption\":\"Revista Rambla\"},\"image\":{\"@id\":\"https:\\\/\\\/www.revistarambla.com\\\/#\\\/schema\\\/logo\\\/image\\\/\"},\"sameAs\":[\"https:\\\/\\\/www.facebook.com\\\/revistarambla\\\/\",\"https:\\\/\\\/x.com\\\/revistarambla\",\"https:\\\/\\\/www.instagram.com\\\/revista_rambla\",\"https:\\\/\\\/es.linkedin.com\\\/company\\\/revista-rambla\"]},{\"@type\":\"Person\",\"@id\":\"https:\\\/\\\/www.revistarambla.com\\\/#\\\/schema\\\/person\\\/c40e708c39e41ea1aa804e7fdab5b4d2\",\"name\":\"Juan Manuel Zurita Soto\",\"description\":\"Periodista.\",\"sameAs\":[\"https:\\\/\\\/www.instagram.com\\\/juanmanuelzuritasoto\\\/\",\"https:\\\/\\\/es.linkedin.com\\\/in\\\/juan-manuel-zurita-soto-7435b91b9\"]}]}<\/script>\n<!-- \/ Yoast SEO plugin. -->","yoast_head_json":{"title":"Nuevos afiches para que a nadie se le olvide - Revista Rambla","robots":{"index":"index","follow":"follow","max-snippet":"max-snippet:-1","max-image-preview":"max-image-preview:large","max-video-preview":"max-video-preview:-1"},"canonical":"https:\/\/www.revistarambla.com\/en\/un-nuevo-anos-nuevos-afiches-para-que-a-nadie-se-le-olvide\/","og_locale":"en_GB","og_type":"article","og_title":"Nuevos afiches para que a nadie se le olvide - Revista Rambla","og_description":"Desde la marcha del d\u00eda s\u00e1bado hasta hoy son varios los lienzos, afiches y carteles que se levantaron en Plaza Catalunya como punto neur\u00e1lgico de las conmemoraciones del 15-M. Es que el descontento no ha deca\u00eddo, con anuncios como recortes viernes tras viernes la organizaci\u00f3n parece ser la \u00fanica forma [&hellip;]","og_url":"https:\/\/www.revistarambla.com\/en\/un-nuevo-anos-nuevos-afiches-para-que-a-nadie-se-le-olvide\/","og_site_name":"Revista Rambla","article_publisher":"https:\/\/www.facebook.com\/revistarambla\/","article_published_time":"2012-05-19T03:22:32+00:00","article_modified_time":"2021-12-20T18:22:30+00:00","og_image":[{"width":275,"height":161,"url":"https:\/\/www.revistarambla.com\/wp-content\/uploads\/2012\/05\/carteles11.jpg","type":"image\/jpeg"}],"author":"Juan Manuel Zurita Soto","twitter_card":"summary_large_image","twitter_creator":"@revistarambla","twitter_site":"@revistarambla","twitter_misc":{"Written by":"Juan Manuel Zurita Soto","Estimated reading time":"3 minutes"},"schema":{"@context":"https:\/\/schema.org","@graph":[{"@type":"Article","@id":"https:\/\/www.revistarambla.com\/un-nuevo-anos-nuevos-afiches-para-que-a-nadie-se-le-olvide\/#article","isPartOf":{"@id":"https:\/\/www.revistarambla.com\/un-nuevo-anos-nuevos-afiches-para-que-a-nadie-se-le-olvide\/"},"author":{"name":"Juan Manuel Zurita Soto","@id":"https:\/\/www.revistarambla.com\/#\/schema\/person\/c40e708c39e41ea1aa804e7fdab5b4d2"},"headline":"Nuevos afiches para que a nadie se le olvide","datePublished":"2012-05-19T03:22:32+00:00","dateModified":"2021-12-20T18:22:30+00:00","mainEntityOfPage":{"@id":"https:\/\/www.revistarambla.com\/un-nuevo-anos-nuevos-afiches-para-que-a-nadie-se-le-olvide\/"},"wordCount":317,"commentCount":0,"publisher":{"@id":"https:\/\/www.revistarambla.com\/#organization"},"image":{"@id":"https:\/\/www.revistarambla.com\/un-nuevo-anos-nuevos-afiches-para-que-a-nadie-se-le-olvide\/#primaryimage"},"thumbnailUrl":"https:\/\/www.revistarambla.com\/wp-content\/uploads\/2012\/05\/carteles11.jpg","articleSection":["Actualidad","Barcelona"],"inLanguage":"en-GB","potentialAction":[{"@type":"CommentAction","name":"Comment","target":["https:\/\/www.revistarambla.com\/un-nuevo-anos-nuevos-afiches-para-que-a-nadie-se-le-olvide\/#respond"]}]},{"@type":"WebPage","@id":"https:\/\/www.revistarambla.com\/un-nuevo-anos-nuevos-afiches-para-que-a-nadie-se-le-olvide\/","url":"https:\/\/www.revistarambla.com\/un-nuevo-anos-nuevos-afiches-para-que-a-nadie-se-le-olvide\/","name":"Nuevos afiches para que a nadie se le olvide - Revista Rambla","isPartOf":{"@id":"https:\/\/www.revistarambla.com\/#website"},"primaryImageOfPage":{"@id":"https:\/\/www.revistarambla.com\/un-nuevo-anos-nuevos-afiches-para-que-a-nadie-se-le-olvide\/#primaryimage"},"image":{"@id":"https:\/\/www.revistarambla.com\/un-nuevo-anos-nuevos-afiches-para-que-a-nadie-se-le-olvide\/#primaryimage"},"thumbnailUrl":"https:\/\/www.revistarambla.com\/wp-content\/uploads\/2012\/05\/carteles11.jpg","datePublished":"2012-05-19T03:22:32+00:00","dateModified":"2021-12-20T18:22:30+00:00","breadcrumb":{"@id":"https:\/\/www.revistarambla.com\/un-nuevo-anos-nuevos-afiches-para-que-a-nadie-se-le-olvide\/#breadcrumb"},"inLanguage":"en-GB","potentialAction":[{"@type":"ReadAction","target":["https:\/\/www.revistarambla.com\/un-nuevo-anos-nuevos-afiches-para-que-a-nadie-se-le-olvide\/"]}]},{"@type":"ImageObject","inLanguage":"en-GB","@id":"https:\/\/www.revistarambla.com\/un-nuevo-anos-nuevos-afiches-para-que-a-nadie-se-le-olvide\/#primaryimage","url":"https:\/\/www.revistarambla.com\/wp-content\/uploads\/2012\/05\/carteles11.jpg","contentUrl":"https:\/\/www.revistarambla.com\/wp-content\/uploads\/2012\/05\/carteles11.jpg"},{"@type":"BreadcrumbList","@id":"https:\/\/www.revistarambla.com\/un-nuevo-anos-nuevos-afiches-para-que-a-nadie-se-le-olvide\/#breadcrumb","itemListElement":[{"@type":"ListItem","position":1,"name":"Portada","item":"https:\/\/www.revistarambla.com\/"},{"@type":"ListItem","position":2,"name":"Nuevos afiches para que a nadie se le olvide"}]},{"@type":"WebSite","@id":"https:\/\/www.revistarambla.com\/#website","url":"https:\/\/www.revistarambla.com\/","name":"Revista Rambla Barcelona","description":"Periodismo independiente","publisher":{"@id":"https:\/\/www.revistarambla.com\/#organization"},"potentialAction":[{"@type":"SearchAction","target":{"@type":"EntryPoint","urlTemplate":"https:\/\/www.revistarambla.com\/?s={search_term_string}"},"query-input":{"@type":"PropertyValueSpecification","valueRequired":true,"valueName":"search_term_string"}}],"inLanguage":"en-GB"},{"@type":"Organization","@id":"https:\/\/www.revistarambla.com\/#organization","name":"Revista Rambla","url":"https:\/\/www.revistarambla.com\/","logo":{"@type":"ImageObject","inLanguage":"en-GB","@id":"https:\/\/www.revistarambla.com\/#\/schema\/logo\/image\/","url":"https:\/\/www.revistarambla.com\/wp-content\/uploads\/2020\/09\/banner_rambla_1900x600_BB.png","contentUrl":"https:\/\/www.revistarambla.com\/wp-content\/uploads\/2020\/09\/banner_rambla_1900x600_BB.png","width":1900,"height":600,"caption":"Revista Rambla"},"image":{"@id":"https:\/\/www.revistarambla.com\/#\/schema\/logo\/image\/"},"sameAs":["https:\/\/www.facebook.com\/revistarambla\/","https:\/\/x.com\/revistarambla","https:\/\/www.instagram.com\/revista_rambla","https:\/\/es.linkedin.com\/company\/revista-rambla"]},{"@type":"Person","@id":"https:\/\/www.revistarambla.com\/#\/schema\/person\/c40e708c39e41ea1aa804e7fdab5b4d2","name":"Juan Manuel Zurita Soto","description":"Periodista.","sameAs":["https:\/\/www.instagram.com\/juanmanuelzuritasoto\/","https:\/\/es.linkedin.com\/in\/juan-manuel-zurita-soto-7435b91b9"]}]}},"_links":{"self":[{"href":"https:\/\/www.revistarambla.com\/en\/wp-json\/wp\/v2\/posts\/1726","targetHints":{"allow":["GET"]}}],"collection":[{"href":"https:\/\/www.revistarambla.com\/en\/wp-json\/wp\/v2\/posts"}],"about":[{"href":"https:\/\/www.revistarambla.com\/en\/wp-json\/wp\/v2\/types\/post"}],"author":[{"embeddable":true,"href":"https:\/\/www.revistarambla.com\/en\/wp-json\/wp\/v2\/users\/75"}],"replies":[{"embeddable":true,"href":"https:\/\/www.revistarambla.com\/en\/wp-json\/wp\/v2\/comments?post=1726"}],"version-history":[{"count":0,"href":"https:\/\/www.revistarambla.com\/en\/wp-json\/wp\/v2\/posts\/1726\/revisions"}],"wp:attachment":[{"href":"https:\/\/www.revistarambla.com\/en\/wp-json\/wp\/v2\/media?parent=1726"}],"wp:term":[{"taxonomy":"category","embeddable":true,"href":"https:\/\/www.revistarambla.com\/en\/wp-json\/wp\/v2\/categories?post=1726"},{"taxonomy":"post_tag","embeddable":true,"href":"https:\/\/www.revistarambla.com\/en\/wp-json\/wp\/v2\/tags?post=1726"}],"curies":[{"name":"wp","href":"https:\/\/api.w.org\/{rel}","templated":true}]}}