{"id":1705,"date":"2012-05-15T23:06:11","date_gmt":"2012-05-15T21:06:11","guid":{"rendered":"https:\/\/www.revistarambla.com\/iquienes-son-los-indignados\/"},"modified":"2021-12-20T19:22:52","modified_gmt":"2021-12-20T18:22:52","slug":"iquienes-son-los-indignados","status":"publish","type":"post","link":"https:\/\/www.revistarambla.com\/en\/iquienes-son-los-indignados\/","title":{"rendered":"\u00bfQui\u00e9nes son los indignados?"},"content":{"rendered":"<p>Dimos una vuelta por Plaza Catalunya, donde las carpas instaladas en los pastos conmemoran el comienzo de un movimiento que desde hace un a\u00f1o intenta poner freno a las pol\u00edticas de recortes y a una crisis de la cual no se sienten culpables. Aqu\u00ed un peque\u00f1o resumen de algunos de los grupos que hoy representan parte de ese descontento que se hizo escuchar en el mundo entero.<\/p>\n<h3>Los Iaioflautas: \u00abPara la gente joven somos una punto de referencia y le damos moral\u00bb<\/h3>\n<p><img decoding=\"async\" class=\"alignright\" src=\"https:\/\/www.revistarambla.com\/wp-content\/uploads\/2012\/05\/iaioflautas.jpg\" alt=\"alt\" width=\"370\" height=\"247\" \/><\/p>\n<p>No es necesario contar aqu\u00ed la historia de ese particular nombre que llevan colgado en sus petos amarillos y que combina tan bien con el blanco de sus cabelleras. Son los abuelos catalanes que ven con miedo como ese \u201cestado benefactor que tanto nos cost\u00f3 construir\u201d se va desmoronando cada viernes con los tan anunciados recortes. Conversamos con ellos pues es su propia voz la que ha demandado salir a la luz p\u00fablica para apoyar el movimiento.<\/p>\n<p>Es que, como ellos mismos nos se\u00f1alaron, no est\u00e1n ac\u00e1 para pedir nada en particular, sino que para dar fuerza moral al resto de los manifestantes \u201cnos cost\u00f3 una enormidad crear el estado benefactor y hoy quieren destruirlo\u201d, dicen. Est\u00e1n organizados como movimiento aut\u00f3nomo desde el mes de octubre del 2011 cuando se encerraron en el Banco Santander y se hicieron conocidos en todo el mundo.<\/p>\n<p>\u201cSomos un movimiento asambleario, no dependemos de ning\u00fan partido pol\u00edtico y nos hemos plegado al 15-M\u201d cuentan orgullosos, \u201clo particular de nuestro movimiento es que no pedimos nada para nosotros, lo que no queremos es que nuestros hijos y nietos se encuentren con una sociedad peor que la que hemos vivido nosotros\u201d agregan \u201ces que nosotros ya hemos pasado m\u00e1s de tres cuartas partes de nuestras vidas y lo que queremos es que la gente que viene detr\u00e1s tengan esa sociedad por la que luchamos\u00a0 durante la dictadura y la transici\u00f3n. Esa es nuestra filosof\u00eda\u201d<\/p>\n<h3>Los estafados: \u00abHemos tenido que aprender pagando\u00bb<\/h3>\n<p><img decoding=\"async\" class=\"alignright\" src=\"https:\/\/www.revistarambla.com\/wp-content\/uploads\/2012\/05\/jordi_iniesta.jpg\" alt=\"alt\" width=\"370\" height=\"216\" \/><\/p>\n<p>Hasta hace un tiempo para Jordi y Antonio los t\u00e9rminos \u201cmercado secundario\u201d, \u201cprima de riesgo\u201d o \u201cdeuda subordinada\u201d les eran totalmente desconocidos. Pero la actual situaci\u00f3n los ha transformado en peritos en el tema y ese l\u00e9xico antes tan lejano, a la fuerza, es hoy parte de su discurso. Es que son dos de las v\u00edctimas de los bancos y han visto como el sue\u00f1o de un piso propio, en el caso del primero, o el fruto del trabajo de toda una vida, en el segundo, se han esfumado en manos de las instituciones en que un d\u00eda confiaron.<\/p>\n<p>Jordi tiene veintinueve y hasta el a\u00f1o pasado hab\u00eda depositado treinta y cinco mil euros para optar a la compra de un piso. En el banco la posibilidad de una cuenta para vivienda no le ofrec\u00edan, as\u00ed que opt\u00f3 por \u201cparticipaciones preferentes\u201d. En diciembre del 2011 tuvo que acudir al banco ya que un imprevisto lo oblig\u00f3 a la necesidad de retirar parte de sus ahorros, pero le dijeron que no, que lo sent\u00edan mucho pero que su dinero estaba congelado.<\/p>\n<p>Lo citaron para enero y la respuesta fue la siguiente \u201cdel cien por cien del capital que yo hab\u00eda invertido, el treinta se me trasformaba en acciones del mismo banco y el setenta restante, en deuda subordinada\u201d. En resumidas cuentas, si en junio de esta a\u00f1o vende esas acciones, pierde el cuarenta por ciento. \u201cYo no entend\u00eda nada, de \u201cparticipaciones preferentes\u201d pasaba a \u201cdeudas subordinadas\u201d, lo que significa que si quiero recuperar la totalidad de mi dinero tengo que esperar diez a\u00f1os\u201d.<\/p>\n<p><img decoding=\"async\" class=\"alignright\" src=\"https:\/\/www.revistarambla.com\/wp-content\/uploads\/2012\/05\/antonio_PIERNAS.jpg\" alt=\"alt\" width=\"370\" height=\"212\" \/><\/p>\n<p>La posibilidad que le dieron para contar con el dinero hoy es solicitar al mismo banco un pr\u00e9stamo, es decir, pagar un inter\u00e9s por usar lo propio. \u201cLe entregu\u00e9 el dinero de mi casa, el banquero era de confianza no s\u00f3lo m\u00eda, sino que de toda mi familia, paso un tiempo y cuando fui a sacar el dinero al banco, vino la sorpresa\u201d, cuenta Antonio.<\/p>\n<p>Le dijeron que no pod\u00eda por que ahora era un cliente \u201cpreferente\u201d. Eso lo descoloc\u00f3, jam\u00e1s se hab\u00eda enterado que era \u201cpreferente\u201d, y en todo caso, si era as\u00ed, con mayor raz\u00f3n esperaba que le dieran su dinero cuando \u00e9l lo necesitara. La palabra misma lo anunciaba como un cliente con un trato especial.<\/p>\n<p>Adem\u00e1s del dinero, lo que m\u00e1s le duele es la traici\u00f3n a su confianza \u201cyo a la chica que me atend\u00eda hasta le hab\u00eda regalado un ramo de flores, para que veas que nos llev\u00e1bamos bien\u201d, cuenta en relaci\u00f3n a la ejecutiva que le inform\u00f3 de la imposibilidad de realizar su giro. Ah\u00ed se acord\u00f3 que todo lo que hab\u00eda visto por la televisi\u00f3n no era tan lejano, ahora \u00e9l era una m\u00e1s de las v\u00edctimas de los bancos y por eso est\u00e1 en Plaza Catalunya para contar su historia y avisar al resto de los riegos que significan las instituciones financieras.<\/p>\n<h3>Plataforma de afectados por las hipotecas: \u00abLa vivienda no tiene que ser un negocio, sino que un derecho\u00bb<\/h3>\n<p><img decoding=\"async\" class=\"alignright\" src=\"https:\/\/www.revistarambla.com\/wp-content\/uploads\/2012\/05\/deesnonaments.jpg\" alt=\"alt\" width=\"371\" height=\"234\" \/><\/p>\n<p>Cuentan que si bien la plataforma naci\u00f3 hace tres a\u00f1os, pero \u201ccuando se hizo la convocatoria nos sentimos plenamente identificados pues no somos mercanc\u00eda de pol\u00edticos ni banqueros y hemos estado trabajando en las asambleas de barrio, as\u00ed que nos sentimos plenamente 15-M\u201d<\/p>\n<p>Para ello se han planteado tres objetivos principales, estos son que gente que est\u00e1 en proceso de ejecuci\u00f3n hipotecaria y la gente que ya ha acabado su proceso, pero que mantiene una deuda, se le condone y puedan comenzar de cero. La segunda es la moratoria de los desahucios, y la tercera,\u00a0 es crear un parque p\u00fablico de alquiler social con los pisos que ya han sido ejecutados.<\/p>\n<p>Se\u00f1alan la verg\u00fcenza que es ver hoy que muchas entidades financieras han creado inmobiliarias que ofrecen \u201cpisos a saldo\u201d provenientes de esas mismas ejecuciones hipotecarias que han dejado sin casa a un numero cada vez m\u00e1s grande de ciudadanos.<\/p>","protected":false},"excerpt":{"rendered":"<p>Son varios los testimonios que dan cuenta de la situaci\u00f3n que se esta viviendo en Barcelona y el resto del pa\u00eds. Van desde los m\u00e1s j\u00f3venes hasta los mayores, quienes han aprendido que mediante la organizaci\u00f3n y por medio del di\u00e1logo entre pares, se pueden hacer escuchar m\u00e1s fuerte sus demandas<\/p>","protected":false},"author":75,"featured_media":0,"comment_status":"open","ping_status":"open","sticky":false,"template":"","format":"standard","meta":{"footnotes":""},"categories":[3,76],"tags":[],"class_list":["post-1705","post","type-post","status-publish","format-standard","hentry","category-actualidad","category-barcelona"],"yoast_head":"<!-- This site is optimized with the Yoast SEO plugin v27.5 - https:\/\/yoast.com\/product\/yoast-seo-wordpress\/ -->\n<title>\u00bfQui\u00e9nes son los indignados? - Revista Rambla<\/title>\n<meta name=\"robots\" content=\"index, follow, max-snippet:-1, max-image-preview:large, max-video-preview:-1\" \/>\n<link rel=\"canonical\" href=\"https:\/\/www.revistarambla.com\/en\/iquienes-son-los-indignados\/\" \/>\n<meta property=\"og:locale\" content=\"en_GB\" \/>\n<meta property=\"og:type\" content=\"article\" \/>\n<meta property=\"og:title\" content=\"\u00bfQui\u00e9nes son los indignados? - Revista Rambla\" \/>\n<meta property=\"og:description\" content=\"Son varios los testimonios que dan cuenta de la situaci\u00f3n que se esta viviendo en Barcelona y el resto del pa\u00eds. Van desde los m\u00e1s j\u00f3venes hasta los mayores, quienes han aprendido que mediante la organizaci\u00f3n y por medio del di\u00e1logo entre pares, se pueden hacer escuchar m\u00e1s fuerte sus demandas\" \/>\n<meta property=\"og:url\" content=\"https:\/\/www.revistarambla.com\/en\/iquienes-son-los-indignados\/\" \/>\n<meta property=\"og:site_name\" content=\"Revista Rambla\" \/>\n<meta property=\"article:publisher\" content=\"https:\/\/www.facebook.com\/revistarambla\/\" \/>\n<meta property=\"article:published_time\" content=\"2012-05-15T21:06:11+00:00\" \/>\n<meta property=\"article:modified_time\" content=\"2021-12-20T18:22:52+00:00\" \/>\n<meta property=\"og:image\" content=\"https:\/\/www.revistarambla.com\/wp-content\/uploads\/2012\/05\/indignados00.jpg\" \/>\n\t<meta property=\"og:image:width\" content=\"275\" \/>\n\t<meta property=\"og:image:height\" content=\"160\" \/>\n\t<meta property=\"og:image:type\" content=\"image\/jpeg\" \/>\n<meta name=\"author\" content=\"Juan Manuel Zurita Soto\" \/>\n<meta name=\"twitter:card\" content=\"summary_large_image\" \/>\n<meta name=\"twitter:creator\" content=\"@revistarambla\" \/>\n<meta name=\"twitter:site\" content=\"@revistarambla\" \/>\n<meta name=\"twitter:label1\" content=\"Written by\" \/>\n\t<meta name=\"twitter:data1\" content=\"Juan Manuel Zurita Soto\" \/>\n\t<meta name=\"twitter:label2\" content=\"Estimated reading time\" \/>\n\t<meta name=\"twitter:data2\" content=\"6 minutes\" \/>\n<script type=\"application\/ld+json\" class=\"yoast-schema-graph\">{\"@context\":\"https:\\\/\\\/schema.org\",\"@graph\":[{\"@type\":\"Article\",\"@id\":\"https:\\\/\\\/www.revistarambla.com\\\/iquienes-son-los-indignados\\\/#article\",\"isPartOf\":{\"@id\":\"https:\\\/\\\/www.revistarambla.com\\\/iquienes-son-los-indignados\\\/\"},\"author\":{\"name\":\"Juan Manuel Zurita Soto\",\"@id\":\"https:\\\/\\\/www.revistarambla.com\\\/#\\\/schema\\\/person\\\/c40e708c39e41ea1aa804e7fdab5b4d2\"},\"headline\":\"\u00bfQui\u00e9nes son los indignados?\",\"datePublished\":\"2012-05-15T21:06:11+00:00\",\"dateModified\":\"2021-12-20T18:22:52+00:00\",\"mainEntityOfPage\":{\"@id\":\"https:\\\/\\\/www.revistarambla.com\\\/iquienes-son-los-indignados\\\/\"},\"wordCount\":1036,\"commentCount\":0,\"publisher\":{\"@id\":\"https:\\\/\\\/www.revistarambla.com\\\/#organization\"},\"image\":{\"@id\":\"https:\\\/\\\/www.revistarambla.com\\\/iquienes-son-los-indignados\\\/#primaryimage\"},\"thumbnailUrl\":\"https:\\\/\\\/www.revistarambla.com\\\/wp-content\\\/uploads\\\/2012\\\/05\\\/iaioflautas.jpg\",\"articleSection\":[\"Actualidad\",\"Barcelona\"],\"inLanguage\":\"en-GB\",\"potentialAction\":[{\"@type\":\"CommentAction\",\"name\":\"Comment\",\"target\":[\"https:\\\/\\\/www.revistarambla.com\\\/iquienes-son-los-indignados\\\/#respond\"]}]},{\"@type\":\"WebPage\",\"@id\":\"https:\\\/\\\/www.revistarambla.com\\\/iquienes-son-los-indignados\\\/\",\"url\":\"https:\\\/\\\/www.revistarambla.com\\\/iquienes-son-los-indignados\\\/\",\"name\":\"\u00bfQui\u00e9nes son los indignados? - Revista Rambla\",\"isPartOf\":{\"@id\":\"https:\\\/\\\/www.revistarambla.com\\\/#website\"},\"primaryImageOfPage\":{\"@id\":\"https:\\\/\\\/www.revistarambla.com\\\/iquienes-son-los-indignados\\\/#primaryimage\"},\"image\":{\"@id\":\"https:\\\/\\\/www.revistarambla.com\\\/iquienes-son-los-indignados\\\/#primaryimage\"},\"thumbnailUrl\":\"https:\\\/\\\/www.revistarambla.com\\\/wp-content\\\/uploads\\\/2012\\\/05\\\/iaioflautas.jpg\",\"datePublished\":\"2012-05-15T21:06:11+00:00\",\"dateModified\":\"2021-12-20T18:22:52+00:00\",\"breadcrumb\":{\"@id\":\"https:\\\/\\\/www.revistarambla.com\\\/iquienes-son-los-indignados\\\/#breadcrumb\"},\"inLanguage\":\"en-GB\",\"potentialAction\":[{\"@type\":\"ReadAction\",\"target\":[\"https:\\\/\\\/www.revistarambla.com\\\/iquienes-son-los-indignados\\\/\"]}]},{\"@type\":\"ImageObject\",\"inLanguage\":\"en-GB\",\"@id\":\"https:\\\/\\\/www.revistarambla.com\\\/iquienes-son-los-indignados\\\/#primaryimage\",\"url\":\"https:\\\/\\\/www.revistarambla.com\\\/wp-content\\\/uploads\\\/2012\\\/05\\\/iaioflautas.jpg\",\"contentUrl\":\"https:\\\/\\\/www.revistarambla.com\\\/wp-content\\\/uploads\\\/2012\\\/05\\\/iaioflautas.jpg\"},{\"@type\":\"BreadcrumbList\",\"@id\":\"https:\\\/\\\/www.revistarambla.com\\\/iquienes-son-los-indignados\\\/#breadcrumb\",\"itemListElement\":[{\"@type\":\"ListItem\",\"position\":1,\"name\":\"Portada\",\"item\":\"https:\\\/\\\/www.revistarambla.com\\\/\"},{\"@type\":\"ListItem\",\"position\":2,\"name\":\"\u00bfQui\u00e9nes son los indignados?\"}]},{\"@type\":\"WebSite\",\"@id\":\"https:\\\/\\\/www.revistarambla.com\\\/#website\",\"url\":\"https:\\\/\\\/www.revistarambla.com\\\/\",\"name\":\"Revista Rambla Barcelona\",\"description\":\"Periodismo independiente\",\"publisher\":{\"@id\":\"https:\\\/\\\/www.revistarambla.com\\\/#organization\"},\"potentialAction\":[{\"@type\":\"SearchAction\",\"target\":{\"@type\":\"EntryPoint\",\"urlTemplate\":\"https:\\\/\\\/www.revistarambla.com\\\/?s={search_term_string}\"},\"query-input\":{\"@type\":\"PropertyValueSpecification\",\"valueRequired\":true,\"valueName\":\"search_term_string\"}}],\"inLanguage\":\"en-GB\"},{\"@type\":\"Organization\",\"@id\":\"https:\\\/\\\/www.revistarambla.com\\\/#organization\",\"name\":\"Revista Rambla\",\"url\":\"https:\\\/\\\/www.revistarambla.com\\\/\",\"logo\":{\"@type\":\"ImageObject\",\"inLanguage\":\"en-GB\",\"@id\":\"https:\\\/\\\/www.revistarambla.com\\\/#\\\/schema\\\/logo\\\/image\\\/\",\"url\":\"https:\\\/\\\/www.revistarambla.com\\\/wp-content\\\/uploads\\\/2020\\\/09\\\/banner_rambla_1900x600_BB.png\",\"contentUrl\":\"https:\\\/\\\/www.revistarambla.com\\\/wp-content\\\/uploads\\\/2020\\\/09\\\/banner_rambla_1900x600_BB.png\",\"width\":1900,\"height\":600,\"caption\":\"Revista Rambla\"},\"image\":{\"@id\":\"https:\\\/\\\/www.revistarambla.com\\\/#\\\/schema\\\/logo\\\/image\\\/\"},\"sameAs\":[\"https:\\\/\\\/www.facebook.com\\\/revistarambla\\\/\",\"https:\\\/\\\/x.com\\\/revistarambla\",\"https:\\\/\\\/www.instagram.com\\\/revista_rambla\",\"https:\\\/\\\/es.linkedin.com\\\/company\\\/revista-rambla\"]},{\"@type\":\"Person\",\"@id\":\"https:\\\/\\\/www.revistarambla.com\\\/#\\\/schema\\\/person\\\/c40e708c39e41ea1aa804e7fdab5b4d2\",\"name\":\"Juan Manuel Zurita Soto\",\"description\":\"Periodista.\",\"sameAs\":[\"https:\\\/\\\/www.instagram.com\\\/juanmanuelzuritasoto\\\/\",\"https:\\\/\\\/es.linkedin.com\\\/in\\\/juan-manuel-zurita-soto-7435b91b9\"]}]}<\/script>\n<!-- \/ Yoast SEO plugin. -->","yoast_head_json":{"title":"\u00bfQui\u00e9nes son los indignados? - Revista Rambla","robots":{"index":"index","follow":"follow","max-snippet":"max-snippet:-1","max-image-preview":"max-image-preview:large","max-video-preview":"max-video-preview:-1"},"canonical":"https:\/\/www.revistarambla.com\/en\/iquienes-son-los-indignados\/","og_locale":"en_GB","og_type":"article","og_title":"\u00bfQui\u00e9nes son los indignados? - Revista Rambla","og_description":"Son varios los testimonios que dan cuenta de la situaci\u00f3n que se esta viviendo en Barcelona y el resto del pa\u00eds. Van desde los m\u00e1s j\u00f3venes hasta los mayores, quienes han aprendido que mediante la organizaci\u00f3n y por medio del di\u00e1logo entre pares, se pueden hacer escuchar m\u00e1s fuerte sus demandas","og_url":"https:\/\/www.revistarambla.com\/en\/iquienes-son-los-indignados\/","og_site_name":"Revista Rambla","article_publisher":"https:\/\/www.facebook.com\/revistarambla\/","article_published_time":"2012-05-15T21:06:11+00:00","article_modified_time":"2021-12-20T18:22:52+00:00","og_image":[{"width":275,"height":160,"url":"https:\/\/www.revistarambla.com\/wp-content\/uploads\/2012\/05\/indignados00.jpg","type":"image\/jpeg"}],"author":"Juan Manuel Zurita Soto","twitter_card":"summary_large_image","twitter_creator":"@revistarambla","twitter_site":"@revistarambla","twitter_misc":{"Written by":"Juan Manuel Zurita Soto","Estimated reading time":"6 minutes"},"schema":{"@context":"https:\/\/schema.org","@graph":[{"@type":"Article","@id":"https:\/\/www.revistarambla.com\/iquienes-son-los-indignados\/#article","isPartOf":{"@id":"https:\/\/www.revistarambla.com\/iquienes-son-los-indignados\/"},"author":{"name":"Juan Manuel Zurita Soto","@id":"https:\/\/www.revistarambla.com\/#\/schema\/person\/c40e708c39e41ea1aa804e7fdab5b4d2"},"headline":"\u00bfQui\u00e9nes son los indignados?","datePublished":"2012-05-15T21:06:11+00:00","dateModified":"2021-12-20T18:22:52+00:00","mainEntityOfPage":{"@id":"https:\/\/www.revistarambla.com\/iquienes-son-los-indignados\/"},"wordCount":1036,"commentCount":0,"publisher":{"@id":"https:\/\/www.revistarambla.com\/#organization"},"image":{"@id":"https:\/\/www.revistarambla.com\/iquienes-son-los-indignados\/#primaryimage"},"thumbnailUrl":"https:\/\/www.revistarambla.com\/wp-content\/uploads\/2012\/05\/iaioflautas.jpg","articleSection":["Actualidad","Barcelona"],"inLanguage":"en-GB","potentialAction":[{"@type":"CommentAction","name":"Comment","target":["https:\/\/www.revistarambla.com\/iquienes-son-los-indignados\/#respond"]}]},{"@type":"WebPage","@id":"https:\/\/www.revistarambla.com\/iquienes-son-los-indignados\/","url":"https:\/\/www.revistarambla.com\/iquienes-son-los-indignados\/","name":"\u00bfQui\u00e9nes son los indignados? - Revista Rambla","isPartOf":{"@id":"https:\/\/www.revistarambla.com\/#website"},"primaryImageOfPage":{"@id":"https:\/\/www.revistarambla.com\/iquienes-son-los-indignados\/#primaryimage"},"image":{"@id":"https:\/\/www.revistarambla.com\/iquienes-son-los-indignados\/#primaryimage"},"thumbnailUrl":"https:\/\/www.revistarambla.com\/wp-content\/uploads\/2012\/05\/iaioflautas.jpg","datePublished":"2012-05-15T21:06:11+00:00","dateModified":"2021-12-20T18:22:52+00:00","breadcrumb":{"@id":"https:\/\/www.revistarambla.com\/iquienes-son-los-indignados\/#breadcrumb"},"inLanguage":"en-GB","potentialAction":[{"@type":"ReadAction","target":["https:\/\/www.revistarambla.com\/iquienes-son-los-indignados\/"]}]},{"@type":"ImageObject","inLanguage":"en-GB","@id":"https:\/\/www.revistarambla.com\/iquienes-son-los-indignados\/#primaryimage","url":"https:\/\/www.revistarambla.com\/wp-content\/uploads\/2012\/05\/iaioflautas.jpg","contentUrl":"https:\/\/www.revistarambla.com\/wp-content\/uploads\/2012\/05\/iaioflautas.jpg"},{"@type":"BreadcrumbList","@id":"https:\/\/www.revistarambla.com\/iquienes-son-los-indignados\/#breadcrumb","itemListElement":[{"@type":"ListItem","position":1,"name":"Portada","item":"https:\/\/www.revistarambla.com\/"},{"@type":"ListItem","position":2,"name":"\u00bfQui\u00e9nes son los indignados?"}]},{"@type":"WebSite","@id":"https:\/\/www.revistarambla.com\/#website","url":"https:\/\/www.revistarambla.com\/","name":"Revista Rambla Barcelona","description":"Periodismo independiente","publisher":{"@id":"https:\/\/www.revistarambla.com\/#organization"},"potentialAction":[{"@type":"SearchAction","target":{"@type":"EntryPoint","urlTemplate":"https:\/\/www.revistarambla.com\/?s={search_term_string}"},"query-input":{"@type":"PropertyValueSpecification","valueRequired":true,"valueName":"search_term_string"}}],"inLanguage":"en-GB"},{"@type":"Organization","@id":"https:\/\/www.revistarambla.com\/#organization","name":"Revista Rambla","url":"https:\/\/www.revistarambla.com\/","logo":{"@type":"ImageObject","inLanguage":"en-GB","@id":"https:\/\/www.revistarambla.com\/#\/schema\/logo\/image\/","url":"https:\/\/www.revistarambla.com\/wp-content\/uploads\/2020\/09\/banner_rambla_1900x600_BB.png","contentUrl":"https:\/\/www.revistarambla.com\/wp-content\/uploads\/2020\/09\/banner_rambla_1900x600_BB.png","width":1900,"height":600,"caption":"Revista Rambla"},"image":{"@id":"https:\/\/www.revistarambla.com\/#\/schema\/logo\/image\/"},"sameAs":["https:\/\/www.facebook.com\/revistarambla\/","https:\/\/x.com\/revistarambla","https:\/\/www.instagram.com\/revista_rambla","https:\/\/es.linkedin.com\/company\/revista-rambla"]},{"@type":"Person","@id":"https:\/\/www.revistarambla.com\/#\/schema\/person\/c40e708c39e41ea1aa804e7fdab5b4d2","name":"Juan Manuel Zurita Soto","description":"Periodista.","sameAs":["https:\/\/www.instagram.com\/juanmanuelzuritasoto\/","https:\/\/es.linkedin.com\/in\/juan-manuel-zurita-soto-7435b91b9"]}]}},"_links":{"self":[{"href":"https:\/\/www.revistarambla.com\/en\/wp-json\/wp\/v2\/posts\/1705","targetHints":{"allow":["GET"]}}],"collection":[{"href":"https:\/\/www.revistarambla.com\/en\/wp-json\/wp\/v2\/posts"}],"about":[{"href":"https:\/\/www.revistarambla.com\/en\/wp-json\/wp\/v2\/types\/post"}],"author":[{"embeddable":true,"href":"https:\/\/www.revistarambla.com\/en\/wp-json\/wp\/v2\/users\/75"}],"replies":[{"embeddable":true,"href":"https:\/\/www.revistarambla.com\/en\/wp-json\/wp\/v2\/comments?post=1705"}],"version-history":[{"count":0,"href":"https:\/\/www.revistarambla.com\/en\/wp-json\/wp\/v2\/posts\/1705\/revisions"}],"wp:attachment":[{"href":"https:\/\/www.revistarambla.com\/en\/wp-json\/wp\/v2\/media?parent=1705"}],"wp:term":[{"taxonomy":"category","embeddable":true,"href":"https:\/\/www.revistarambla.com\/en\/wp-json\/wp\/v2\/categories?post=1705"},{"taxonomy":"post_tag","embeddable":true,"href":"https:\/\/www.revistarambla.com\/en\/wp-json\/wp\/v2\/tags?post=1705"}],"curies":[{"name":"wp","href":"https:\/\/api.w.org\/{rel}","templated":true}]}}