{"id":1692,"date":"2012-05-14T06:32:08","date_gmt":"2012-05-14T04:32:08","guid":{"rendered":"https:\/\/www.revistarambla.com\/la-variable-interpretacion-de-los-cinicos\/"},"modified":"2022-10-21T18:13:49","modified_gmt":"2022-10-21T16:13:49","slug":"la-variable-interpretacion-de-los-cinicos","status":"publish","type":"post","link":"https:\/\/www.revistarambla.com\/en\/la-variable-interpretacion-de-los-cinicos\/","title":{"rendered":"La variable interpretaci\u00f3n de los c\u00ednicos"},"content":{"rendered":"<p>No hay mayor sordo que quien no quiere o\u00edr, ni c\u00ednico m\u00e1s grande que aquel que no quiere entender. Adela Ram\u00edrez lo sabe muy bien. Tuvo tiempo para comprenderlo durante los siete a\u00f1os que pas\u00f3 encerrada en una c\u00e1rcel chiapaneca. Siete interminables a\u00f1os durante los cuales a la justicia mexicana no le import\u00f3 el significado de las palabras que Adela no dejaba de pronunciar en el antiguo idioma de los choles, \u00fanica lengua que hablaba. Al final su perseverancia tuvo frutos y la benevolencia del sistema admiti\u00f3 el desciframiento de aquellos sonidos emitidos por la mujer: \u201cyo no mat\u00e9 a mi hijo\u201d.<\/p>\n<p>Todo hubiera sido m\u00e1s sencillo si desde el primer d\u00eda el juez que instruy\u00f3 el caso hubiese puesto a su disposici\u00f3n el traductor al que legalmente Adela ten\u00eda derecho. Pero no lo hizo. No es extra\u00f1o: vivimos malos momentos para los derechos, sobre todo cuando su aplicaci\u00f3n amenaza con trastocar las interpretaciones simples, tan prejuiciosas como reconfortantes. \u00bfQu\u00e9 m\u00e1s sencillo que convertir en culpable a una v\u00edctima que re\u00fane los atributos de mujer, pobre, analfabeta e ind\u00edgena? Demasiados infortunios juntos como para que, a los ojos del juez y del polic\u00eda, no resultara sospechosa de alguna maldad oculta que explicase todo ese castigo divino reunido en su ser.<\/p>\n<p>Ahora, cada vez m\u00e1s exprimidos de culpa estos colectivos a golpe de decreto ley y recorte, Ulloa nos desvela un nuevo y verdadero causante de nuestros infortunios: el disidente.<\/p>\n<p>No muy diferente parece haber sido el razonamiento que llev\u00f3 al secretario de Estado de Seguridad, Ignacio Ulloa, a justificar la ocupaci\u00f3n policial de Barcelona durante la reciente reuni\u00f3n del Banco Central Europeo. Y es que, a su juicio, el riesgo de una pedrada rebelde amenazaba con disparar la prima de riesgo, \u00fanico desvelo para los sue\u00f1os macroecon\u00f3micos de nuestros gobernantes. Las explicaciones del responsable de Interior avanzan un paso m\u00e1s en el proceso de neolengua orwelliana que se est\u00e1 gestando en nuestras sociedades pretendidamente democr\u00e1ticas y ultrainformadas. Porque si en los lejanos d\u00edas del inicio de la crisis nadie negaba la responsabilidad de especuladores y banqueros en el estallido de la debacle, muy pronto el establishment pol\u00edtico y medi\u00e1tico se encarg\u00f3 de desviar las culpas hacia pensionistas, enfermos, estudiantes, parados o inmigrantes, transformados as\u00ed en despilfarradores acomodaticios del dinero p\u00fablico. Ahora, cada vez m\u00e1s exprimidos de culpa estos colectivos a golpe de decreto ley y recorte, Ulloa nos desvela un nuevo y verdadero causante de nuestros infortunios: el disidente.<\/p>\n<p>De este modo, la represi\u00f3n al inconformista supera el mero gesto desp\u00f3tico del poder para adoptar el perfil de una tecnocr\u00e1tica decisi\u00f3n econ\u00f3mica. Gases lacrim\u00f3genes y privatizaci\u00f3n de hospitales, he aqu\u00ed la alqu\u00edmica receta neoliberal con la que obrar el milagro del saneamiento de un sistema al borde del precipicio social. Eso y unas gotas de socialismo para ricos, inyectando m\u00e1s dinero p\u00fablico en las arcas de unos bancos pre\u00f1ados de ladrillo. Al fin y al cabo, hace mucho que los generadores de opini\u00f3n se encargaron de sacar la lucha de clases de la agenda pol\u00edtica para archivarla en alg\u00fan perdido apartado de cualquier cuenta de resultados, como gasto prescindible, f\u00e1cil de eliminar aplicando el correctivo preciso con la intensidad necesaria. Las pr\u00f3ximas movilizaciones del 15M nos permitir\u00e1n conocer la fidelidad gubernamental con estas ideas, inquebrantable si damos cr\u00e9dito a los finos an\u00e1lisis de Esperanza Aguirre. Tambi\u00e9n descubriremos el grado de intensidad que se considera necesaria, aunque, en cualquier caso, despu\u00e9s de sucesos como Valencia, o Barcelona, ya podemos aventurar que para nuestros bienintencionados gobernantes, nunca ser\u00e1 desproporcionada.<\/p>\n<p>Y en medio de todos estos episodios, la paradoja. Si para Adela o los contestatarios los gritos de denuncia les convierten en culpables, para otros los susurros de culpabilidad son la antesala de la inocencia. Lo vemos tambi\u00e9n estos d\u00edas a prop\u00f3sito de la trama Noos. Don I\u00f1aki Urdangar\u00edn, duque de Palma y esposo de la Infanta Cristina, junto a su socio Diego Torres estar\u00edan negociando su autoinculpaci\u00f3n y la devoluci\u00f3n de 3,7 millones de euros de los 10 millones obtenidos de las arcas p\u00fablicas, a cambio de evitar la c\u00e1rcel. Pero, sobre todo, a cambio de mantener lo m\u00e1s inmaculado posible, dadas las circunstancias, a la figura de Juan Carlos I, cuyas gestiones en favor de los negocios de los presuntos defraudadores comienzan a ser m\u00e1s peligrosas para el monarca que las ca\u00eddas en Botsuana. Cosas de la Justicia, dir\u00e1n algunos. Tampoco faltar\u00e1n quienes piensen que no hay mayor est\u00fapido que aquel que no quiere saber. Aunque, claro, esos ser\u00e1n malpensados dignos de cualquier sospecha.<\/p>","protected":false},"excerpt":{"rendered":"<p>No hay mayor sordo que quien no quiere o\u00edr, ni c\u00ednico m\u00e1s grande que aquel que no quiere entender. Adela Ram\u00edrez lo sabe muy bien. Tuvo tiempo para comprenderlo durante los siete a\u00f1os que pas\u00f3 encerrada en una c\u00e1rcel chiapaneca. Siete interminables a\u00f1os durante los cuales a la justicia mexicana [&hellip;]<\/p>\n","protected":false},"author":325,"featured_media":32547,"comment_status":"open","ping_status":"open","sticky":false,"template":"","format":"standard","meta":{"footnotes":""},"categories":[72],"tags":[],"class_list":["post-1692","post","type-post","status-publish","format-standard","has-post-thumbnail","hentry","category-opinion"],"yoast_head":"<!-- This site is optimized with the Yoast SEO plugin v27.5 - https:\/\/yoast.com\/product\/yoast-seo-wordpress\/ -->\n<title>La variable interpretaci\u00f3n de los c\u00ednicos - Revista Rambla<\/title>\n<meta name=\"robots\" content=\"index, follow, max-snippet:-1, max-image-preview:large, max-video-preview:-1\" \/>\n<link rel=\"canonical\" href=\"https:\/\/www.revistarambla.com\/en\/la-variable-interpretacion-de-los-cinicos\/\" \/>\n<meta property=\"og:locale\" content=\"en_GB\" \/>\n<meta property=\"og:type\" content=\"article\" \/>\n<meta property=\"og:title\" content=\"La variable interpretaci\u00f3n de los c\u00ednicos - Revista Rambla\" \/>\n<meta property=\"og:description\" content=\"No hay mayor sordo que quien no quiere o\u00edr, ni c\u00ednico m\u00e1s grande que aquel que no quiere entender. Adela Ram\u00edrez lo sabe muy bien. Tuvo tiempo para comprenderlo durante los siete a\u00f1os que pas\u00f3 encerrada en una c\u00e1rcel chiapaneca. Siete interminables a\u00f1os durante los cuales a la justicia mexicana [&hellip;]\" \/>\n<meta property=\"og:url\" content=\"https:\/\/www.revistarambla.com\/en\/la-variable-interpretacion-de-los-cinicos\/\" \/>\n<meta property=\"og:site_name\" content=\"Revista Rambla\" \/>\n<meta property=\"article:publisher\" content=\"https:\/\/www.facebook.com\/revistarambla\/\" \/>\n<meta property=\"article:author\" content=\"https:\/\/www.facebook.com\/josemanuelrambla\/\" \/>\n<meta property=\"article:published_time\" content=\"2012-05-14T04:32:08+00:00\" \/>\n<meta property=\"article:modified_time\" content=\"2022-10-21T16:13:49+00:00\" \/>\n<meta property=\"og:image\" content=\"https:\/\/www.revistarambla.com\/wp-content\/uploads\/2012\/05\/secretario-seguridad.jpg\" \/>\n\t<meta property=\"og:image:width\" content=\"690\" \/>\n\t<meta property=\"og:image:height\" content=\"912\" \/>\n\t<meta property=\"og:image:type\" content=\"image\/jpeg\" \/>\n<meta name=\"author\" content=\"Jos\u00e9 Manuel Rambla\" \/>\n<meta name=\"twitter:card\" content=\"summary_large_image\" \/>\n<meta name=\"twitter:creator\" content=\"@jmrambla\" \/>\n<meta name=\"twitter:site\" content=\"@revistarambla\" \/>\n<meta name=\"twitter:label1\" content=\"Written by\" \/>\n\t<meta name=\"twitter:data1\" content=\"Jos\u00e9 Manuel Rambla\" \/>\n\t<meta name=\"twitter:label2\" content=\"Estimated reading time\" \/>\n\t<meta name=\"twitter:data2\" content=\"4 minutes\" \/>\n<script type=\"application\/ld+json\" class=\"yoast-schema-graph\">{\"@context\":\"https:\\\/\\\/schema.org\",\"@graph\":[{\"@type\":\"Article\",\"@id\":\"https:\\\/\\\/www.revistarambla.com\\\/la-variable-interpretacion-de-los-cinicos\\\/#article\",\"isPartOf\":{\"@id\":\"https:\\\/\\\/www.revistarambla.com\\\/la-variable-interpretacion-de-los-cinicos\\\/\"},\"author\":{\"name\":\"Jos\u00e9 Manuel Rambla\",\"@id\":\"https:\\\/\\\/www.revistarambla.com\\\/#\\\/schema\\\/person\\\/f8e404c0293434eaf6a60da08d1123e3\"},\"headline\":\"La variable interpretaci\u00f3n de los c\u00ednicos\",\"datePublished\":\"2012-05-14T04:32:08+00:00\",\"dateModified\":\"2022-10-21T16:13:49+00:00\",\"mainEntityOfPage\":{\"@id\":\"https:\\\/\\\/www.revistarambla.com\\\/la-variable-interpretacion-de-los-cinicos\\\/\"},\"wordCount\":827,\"commentCount\":0,\"publisher\":{\"@id\":\"https:\\\/\\\/www.revistarambla.com\\\/#organization\"},\"image\":{\"@id\":\"https:\\\/\\\/www.revistarambla.com\\\/la-variable-interpretacion-de-los-cinicos\\\/#primaryimage\"},\"thumbnailUrl\":\"https:\\\/\\\/www.revistarambla.com\\\/wp-content\\\/uploads\\\/2012\\\/05\\\/secretario-seguridad.jpg\",\"articleSection\":[\"Opiniones\"],\"inLanguage\":\"en-GB\",\"potentialAction\":[{\"@type\":\"CommentAction\",\"name\":\"Comment\",\"target\":[\"https:\\\/\\\/www.revistarambla.com\\\/la-variable-interpretacion-de-los-cinicos\\\/#respond\"]}]},{\"@type\":\"WebPage\",\"@id\":\"https:\\\/\\\/www.revistarambla.com\\\/la-variable-interpretacion-de-los-cinicos\\\/\",\"url\":\"https:\\\/\\\/www.revistarambla.com\\\/la-variable-interpretacion-de-los-cinicos\\\/\",\"name\":\"La variable interpretaci\u00f3n de los c\u00ednicos - Revista Rambla\",\"isPartOf\":{\"@id\":\"https:\\\/\\\/www.revistarambla.com\\\/#website\"},\"primaryImageOfPage\":{\"@id\":\"https:\\\/\\\/www.revistarambla.com\\\/la-variable-interpretacion-de-los-cinicos\\\/#primaryimage\"},\"image\":{\"@id\":\"https:\\\/\\\/www.revistarambla.com\\\/la-variable-interpretacion-de-los-cinicos\\\/#primaryimage\"},\"thumbnailUrl\":\"https:\\\/\\\/www.revistarambla.com\\\/wp-content\\\/uploads\\\/2012\\\/05\\\/secretario-seguridad.jpg\",\"datePublished\":\"2012-05-14T04:32:08+00:00\",\"dateModified\":\"2022-10-21T16:13:49+00:00\",\"breadcrumb\":{\"@id\":\"https:\\\/\\\/www.revistarambla.com\\\/la-variable-interpretacion-de-los-cinicos\\\/#breadcrumb\"},\"inLanguage\":\"en-GB\",\"potentialAction\":[{\"@type\":\"ReadAction\",\"target\":[\"https:\\\/\\\/www.revistarambla.com\\\/la-variable-interpretacion-de-los-cinicos\\\/\"]}]},{\"@type\":\"ImageObject\",\"inLanguage\":\"en-GB\",\"@id\":\"https:\\\/\\\/www.revistarambla.com\\\/la-variable-interpretacion-de-los-cinicos\\\/#primaryimage\",\"url\":\"https:\\\/\\\/www.revistarambla.com\\\/wp-content\\\/uploads\\\/2012\\\/05\\\/secretario-seguridad.jpg\",\"contentUrl\":\"https:\\\/\\\/www.revistarambla.com\\\/wp-content\\\/uploads\\\/2012\\\/05\\\/secretario-seguridad.jpg\",\"width\":690,\"height\":912},{\"@type\":\"BreadcrumbList\",\"@id\":\"https:\\\/\\\/www.revistarambla.com\\\/la-variable-interpretacion-de-los-cinicos\\\/#breadcrumb\",\"itemListElement\":[{\"@type\":\"ListItem\",\"position\":1,\"name\":\"Portada\",\"item\":\"https:\\\/\\\/www.revistarambla.com\\\/\"},{\"@type\":\"ListItem\",\"position\":2,\"name\":\"La variable interpretaci\u00f3n de los c\u00ednicos\"}]},{\"@type\":\"WebSite\",\"@id\":\"https:\\\/\\\/www.revistarambla.com\\\/#website\",\"url\":\"https:\\\/\\\/www.revistarambla.com\\\/\",\"name\":\"Revista Rambla Barcelona\",\"description\":\"Periodismo independiente\",\"publisher\":{\"@id\":\"https:\\\/\\\/www.revistarambla.com\\\/#organization\"},\"potentialAction\":[{\"@type\":\"SearchAction\",\"target\":{\"@type\":\"EntryPoint\",\"urlTemplate\":\"https:\\\/\\\/www.revistarambla.com\\\/?s={search_term_string}\"},\"query-input\":{\"@type\":\"PropertyValueSpecification\",\"valueRequired\":true,\"valueName\":\"search_term_string\"}}],\"inLanguage\":\"en-GB\"},{\"@type\":\"Organization\",\"@id\":\"https:\\\/\\\/www.revistarambla.com\\\/#organization\",\"name\":\"Revista Rambla\",\"url\":\"https:\\\/\\\/www.revistarambla.com\\\/\",\"logo\":{\"@type\":\"ImageObject\",\"inLanguage\":\"en-GB\",\"@id\":\"https:\\\/\\\/www.revistarambla.com\\\/#\\\/schema\\\/logo\\\/image\\\/\",\"url\":\"https:\\\/\\\/www.revistarambla.com\\\/wp-content\\\/uploads\\\/2020\\\/09\\\/banner_rambla_1900x600_BB.png\",\"contentUrl\":\"https:\\\/\\\/www.revistarambla.com\\\/wp-content\\\/uploads\\\/2020\\\/09\\\/banner_rambla_1900x600_BB.png\",\"width\":1900,\"height\":600,\"caption\":\"Revista Rambla\"},\"image\":{\"@id\":\"https:\\\/\\\/www.revistarambla.com\\\/#\\\/schema\\\/logo\\\/image\\\/\"},\"sameAs\":[\"https:\\\/\\\/www.facebook.com\\\/revistarambla\\\/\",\"https:\\\/\\\/x.com\\\/revistarambla\",\"https:\\\/\\\/www.instagram.com\\\/revista_rambla\",\"https:\\\/\\\/es.linkedin.com\\\/company\\\/revista-rambla\"]},{\"@type\":\"Person\",\"@id\":\"https:\\\/\\\/www.revistarambla.com\\\/#\\\/schema\\\/person\\\/f8e404c0293434eaf6a60da08d1123e3\",\"name\":\"Jos\u00e9 Manuel Rambla\",\"description\":\"Periodista cultural y columnista.\",\"sameAs\":[\"https:\\\/\\\/aesteladodelparaiso.com\\\/\",\"https:\\\/\\\/www.facebook.com\\\/josemanuelrambla\\\/\",\"https:\\\/\\\/x.com\\\/jmrambla\"]}]}<\/script>\n<!-- \/ Yoast SEO plugin. -->","yoast_head_json":{"title":"La variable interpretaci\u00f3n de los c\u00ednicos - Revista Rambla","robots":{"index":"index","follow":"follow","max-snippet":"max-snippet:-1","max-image-preview":"max-image-preview:large","max-video-preview":"max-video-preview:-1"},"canonical":"https:\/\/www.revistarambla.com\/en\/la-variable-interpretacion-de-los-cinicos\/","og_locale":"en_GB","og_type":"article","og_title":"La variable interpretaci\u00f3n de los c\u00ednicos - Revista Rambla","og_description":"No hay mayor sordo que quien no quiere o\u00edr, ni c\u00ednico m\u00e1s grande que aquel que no quiere entender. Adela Ram\u00edrez lo sabe muy bien. Tuvo tiempo para comprenderlo durante los siete a\u00f1os que pas\u00f3 encerrada en una c\u00e1rcel chiapaneca. Siete interminables a\u00f1os durante los cuales a la justicia mexicana [&hellip;]","og_url":"https:\/\/www.revistarambla.com\/en\/la-variable-interpretacion-de-los-cinicos\/","og_site_name":"Revista Rambla","article_publisher":"https:\/\/www.facebook.com\/revistarambla\/","article_author":"https:\/\/www.facebook.com\/josemanuelrambla\/","article_published_time":"2012-05-14T04:32:08+00:00","article_modified_time":"2022-10-21T16:13:49+00:00","og_image":[{"width":690,"height":912,"url":"https:\/\/www.revistarambla.com\/wp-content\/uploads\/2012\/05\/secretario-seguridad.jpg","type":"image\/jpeg"}],"author":"Jos\u00e9 Manuel Rambla","twitter_card":"summary_large_image","twitter_creator":"@jmrambla","twitter_site":"@revistarambla","twitter_misc":{"Written by":"Jos\u00e9 Manuel Rambla","Estimated reading time":"4 minutes"},"schema":{"@context":"https:\/\/schema.org","@graph":[{"@type":"Article","@id":"https:\/\/www.revistarambla.com\/la-variable-interpretacion-de-los-cinicos\/#article","isPartOf":{"@id":"https:\/\/www.revistarambla.com\/la-variable-interpretacion-de-los-cinicos\/"},"author":{"name":"Jos\u00e9 Manuel Rambla","@id":"https:\/\/www.revistarambla.com\/#\/schema\/person\/f8e404c0293434eaf6a60da08d1123e3"},"headline":"La variable interpretaci\u00f3n de los c\u00ednicos","datePublished":"2012-05-14T04:32:08+00:00","dateModified":"2022-10-21T16:13:49+00:00","mainEntityOfPage":{"@id":"https:\/\/www.revistarambla.com\/la-variable-interpretacion-de-los-cinicos\/"},"wordCount":827,"commentCount":0,"publisher":{"@id":"https:\/\/www.revistarambla.com\/#organization"},"image":{"@id":"https:\/\/www.revistarambla.com\/la-variable-interpretacion-de-los-cinicos\/#primaryimage"},"thumbnailUrl":"https:\/\/www.revistarambla.com\/wp-content\/uploads\/2012\/05\/secretario-seguridad.jpg","articleSection":["Opiniones"],"inLanguage":"en-GB","potentialAction":[{"@type":"CommentAction","name":"Comment","target":["https:\/\/www.revistarambla.com\/la-variable-interpretacion-de-los-cinicos\/#respond"]}]},{"@type":"WebPage","@id":"https:\/\/www.revistarambla.com\/la-variable-interpretacion-de-los-cinicos\/","url":"https:\/\/www.revistarambla.com\/la-variable-interpretacion-de-los-cinicos\/","name":"La variable interpretaci\u00f3n de los c\u00ednicos - Revista Rambla","isPartOf":{"@id":"https:\/\/www.revistarambla.com\/#website"},"primaryImageOfPage":{"@id":"https:\/\/www.revistarambla.com\/la-variable-interpretacion-de-los-cinicos\/#primaryimage"},"image":{"@id":"https:\/\/www.revistarambla.com\/la-variable-interpretacion-de-los-cinicos\/#primaryimage"},"thumbnailUrl":"https:\/\/www.revistarambla.com\/wp-content\/uploads\/2012\/05\/secretario-seguridad.jpg","datePublished":"2012-05-14T04:32:08+00:00","dateModified":"2022-10-21T16:13:49+00:00","breadcrumb":{"@id":"https:\/\/www.revistarambla.com\/la-variable-interpretacion-de-los-cinicos\/#breadcrumb"},"inLanguage":"en-GB","potentialAction":[{"@type":"ReadAction","target":["https:\/\/www.revistarambla.com\/la-variable-interpretacion-de-los-cinicos\/"]}]},{"@type":"ImageObject","inLanguage":"en-GB","@id":"https:\/\/www.revistarambla.com\/la-variable-interpretacion-de-los-cinicos\/#primaryimage","url":"https:\/\/www.revistarambla.com\/wp-content\/uploads\/2012\/05\/secretario-seguridad.jpg","contentUrl":"https:\/\/www.revistarambla.com\/wp-content\/uploads\/2012\/05\/secretario-seguridad.jpg","width":690,"height":912},{"@type":"BreadcrumbList","@id":"https:\/\/www.revistarambla.com\/la-variable-interpretacion-de-los-cinicos\/#breadcrumb","itemListElement":[{"@type":"ListItem","position":1,"name":"Portada","item":"https:\/\/www.revistarambla.com\/"},{"@type":"ListItem","position":2,"name":"La variable interpretaci\u00f3n de los c\u00ednicos"}]},{"@type":"WebSite","@id":"https:\/\/www.revistarambla.com\/#website","url":"https:\/\/www.revistarambla.com\/","name":"Revista Rambla Barcelona","description":"Periodismo independiente","publisher":{"@id":"https:\/\/www.revistarambla.com\/#organization"},"potentialAction":[{"@type":"SearchAction","target":{"@type":"EntryPoint","urlTemplate":"https:\/\/www.revistarambla.com\/?s={search_term_string}"},"query-input":{"@type":"PropertyValueSpecification","valueRequired":true,"valueName":"search_term_string"}}],"inLanguage":"en-GB"},{"@type":"Organization","@id":"https:\/\/www.revistarambla.com\/#organization","name":"Revista Rambla","url":"https:\/\/www.revistarambla.com\/","logo":{"@type":"ImageObject","inLanguage":"en-GB","@id":"https:\/\/www.revistarambla.com\/#\/schema\/logo\/image\/","url":"https:\/\/www.revistarambla.com\/wp-content\/uploads\/2020\/09\/banner_rambla_1900x600_BB.png","contentUrl":"https:\/\/www.revistarambla.com\/wp-content\/uploads\/2020\/09\/banner_rambla_1900x600_BB.png","width":1900,"height":600,"caption":"Revista Rambla"},"image":{"@id":"https:\/\/www.revistarambla.com\/#\/schema\/logo\/image\/"},"sameAs":["https:\/\/www.facebook.com\/revistarambla\/","https:\/\/x.com\/revistarambla","https:\/\/www.instagram.com\/revista_rambla","https:\/\/es.linkedin.com\/company\/revista-rambla"]},{"@type":"Person","@id":"https:\/\/www.revistarambla.com\/#\/schema\/person\/f8e404c0293434eaf6a60da08d1123e3","name":"Jos\u00e9 Manuel Rambla","description":"Periodista cultural y columnista.","sameAs":["https:\/\/aesteladodelparaiso.com\/","https:\/\/www.facebook.com\/josemanuelrambla\/","https:\/\/x.com\/jmrambla"]}]}},"_links":{"self":[{"href":"https:\/\/www.revistarambla.com\/en\/wp-json\/wp\/v2\/posts\/1692","targetHints":{"allow":["GET"]}}],"collection":[{"href":"https:\/\/www.revistarambla.com\/en\/wp-json\/wp\/v2\/posts"}],"about":[{"href":"https:\/\/www.revistarambla.com\/en\/wp-json\/wp\/v2\/types\/post"}],"author":[{"embeddable":true,"href":"https:\/\/www.revistarambla.com\/en\/wp-json\/wp\/v2\/users\/325"}],"replies":[{"embeddable":true,"href":"https:\/\/www.revistarambla.com\/en\/wp-json\/wp\/v2\/comments?post=1692"}],"version-history":[{"count":1,"href":"https:\/\/www.revistarambla.com\/en\/wp-json\/wp\/v2\/posts\/1692\/revisions"}],"predecessor-version":[{"id":48328,"href":"https:\/\/www.revistarambla.com\/en\/wp-json\/wp\/v2\/posts\/1692\/revisions\/48328"}],"wp:featuredmedia":[{"embeddable":true,"href":"https:\/\/www.revistarambla.com\/en\/wp-json\/wp\/v2\/media\/32547"}],"wp:attachment":[{"href":"https:\/\/www.revistarambla.com\/en\/wp-json\/wp\/v2\/media?parent=1692"}],"wp:term":[{"taxonomy":"category","embeddable":true,"href":"https:\/\/www.revistarambla.com\/en\/wp-json\/wp\/v2\/categories?post=1692"},{"taxonomy":"post_tag","embeddable":true,"href":"https:\/\/www.revistarambla.com\/en\/wp-json\/wp\/v2\/tags?post=1692"}],"curies":[{"name":"wp","href":"https:\/\/api.w.org\/{rel}","templated":true}]}}