{"id":1687,"date":"2012-05-13T06:17:10","date_gmt":"2012-05-13T06:17:10","guid":{"rendered":"https:\/\/www.revistarambla.com\/somnis-de-somnis\/"},"modified":"2022-10-26T11:39:56","modified_gmt":"2022-10-26T09:39:56","slug":"somnis-de-somnis","status":"publish","type":"post","link":"https:\/\/www.revistarambla.com\/en\/somnis-de-somnis\/","title":{"rendered":"&#8216;Somnis de somnis&#8217;"},"content":{"rendered":"<p>En el <a href=\"https:\/\/www.revistarambla.com\/en\/category\/cultura\/teatro\/\">teatro espa\u00f1ol<\/a>, el sue\u00f1o ha sido casi un g\u00e9nero, el sue\u00f1o como imagen de la vida y tambi\u00e9n de la muerte, el sue\u00f1o premonitorio\u2026 tenemos ejemplos de obras magistrales que tratan el tema. Desde la antig\u00fcedad ha sido un tema recurrente en la literatura, el psicoan\u00e1lisis y los pintores, el cine y los medios audiovisuales modernos vuelven a beber de esta fuente. El escritor italiano Antonio Tabucchi, muerto recientemente, escribi\u00f3 hace unos a\u00f1os una obra literaria recomendable (Sue\u00f1os de sue\u00f1os), dedicada a los posibles sue\u00f1os de personajes famosos, esos sue\u00f1os son como una sint\u00e9tica biograf\u00eda siguiendo el estilo de Vidas imaginarias de Marcel Schowb y con una mirada al maestro J. L. Borges.<\/p>\n<p><img decoding=\"async\" class=\"wp-image-32512 aligncenter\" src=\"https:\/\/www.revistarambla.com\/wp-content\/uploads\/2012\/05\/Screenshot_2021-05-18-cartell_somnis_de_somnis-alta824-160-jpg-Imagen-JPEG-2362-\u00d7-3566-pixeles-Escalado-18--199x300.png\" alt=\"\" width=\"307\" height=\"463\" srcset=\"https:\/\/www.revistarambla.com\/wp-content\/uploads\/2012\/05\/Screenshot_2021-05-18-cartell_somnis_de_somnis-alta824-160-jpg-Imagen-JPEG-2362-\u00d7-3566-pixeles-Escalado-18--199x300.png 199w, https:\/\/www.revistarambla.com\/wp-content\/uploads\/2012\/05\/Screenshot_2021-05-18-cartell_somnis_de_somnis-alta824-160-jpg-Imagen-JPEG-2362-\u00d7-3566-pixeles-Escalado-18-.png 433w\" sizes=\"(max-width: 307px) 100vw, 307px\" \/><\/p>\n<p>El director Pep Tosar ha escogido algunos sue\u00f1os so\u00f1ados del libro de Tabucchi, son casi todos poetas, se ha dejado de lado pintores y otros, algunos de los personajes son conocidos, Freud, Pessoa, Leopardi, Maiakovski, otros requieren del p\u00fablico un esfuerzo, en el sue\u00f1o de Cecco Angioleri, poeta y blasfemo nos faltan referencias, aunque la representaci\u00f3n del sue\u00f1o nos muestra las cualidades y temperamento del sujeto.<\/p>\n<p>Esta obra fue representada hace a\u00f1os en la Sala Muntaner jugando con el idioma y las palabras, esta es una nueva reposici\u00f3n que ya pas\u00f3 este a\u00f1o por el Circol Malda, todo el texto es en catal\u00e1n y hay alguna novedad en el reparto.<\/p>\n<p>Cinco personajes que interpretan cinco sue\u00f1os buscando una unidad, trabajo de actores con una interpretaci\u00f3n notable, la puesta en escena, una pantalla donde se proyectan im\u00e1genes que complementan el sue\u00f1o y la escenograf\u00eda, unas sillas, mesa y un perchero que sirve de vestuario, un grupo de actores de negro sobre el fondo oscuro del escenario. Los actores hacen a la vez de m\u00fasicos\/cantantes junto con la voz y el piano de Mar\u00eda Lorea, que desde el inicio acompa\u00f1a la obra y por la sala sonar\u00e1n bellas canciones como: A felicidade, Blue Moon, Que ser\u00e1, ser\u00e1, Noche de ronda, Vete de m\u00ed, que ser\u00e1n el fondo sonoro de los sue\u00f1os.<\/p>\n<p>Algunas de las escenas nos dejan sensaciones encontradas, el enlace freudiano corta a veces el fluido de la continuidad de los sue\u00f1os, aunque otras veces los toques de comicidad, la fuerza del personaje y el sue\u00f1o ayudan a la dramaturgia,<\/p>\n<p>El hilo conductor en este montaje es el Dr. Sigmund Freud, que se presenta como psicoanalista, y con una libreta en la mano interroga a los so\u00f1adores pacientes que desfilan por el peque\u00f1o escenario del C\u00edrcol Mald\u00e0, y ser\u00e1n esos personajes famosos los que relaten y vivan los sue\u00f1os so\u00f1ados.<\/p>\n<p>El sue\u00f1o alucin\u00f3geno de Cecco Angioleri, nos lleva a la Siena de finales del 1200, el soneto m\u00e1s conocido de este desconocido, S&#8217;i&#8217;fosse foco, arderei &#8216;l mondo (si yo fuese fuego, har\u00eda arder al mundo), muy buena actuaci\u00f3n, aunque bien representada nos faltan referencias sobre el personaje.<\/p>\n<p>El sue\u00f1o lun\u00e1tico y pastoril de Leopardi, es un sue\u00f1o que nos lleva a la Luna, al amor imposible y al espejo infinito, con toques de humor de toda la compa\u00f1\u00eda.<\/p>\n<p>El sue\u00f1o higi\u00e9nico, un Maiakovski que viaja en metro, eso s\u00ed a toda velocidad, pero ya no va en el tren revolucionario, su obsesi\u00f3n: ser entendido por los obreros, su otra obsesi\u00f3n, la limpieza. Pat\u00e9tico sue\u00f1o con matices de buen teatro.<\/p>\n<p>El sue\u00f1o del falsario, aqu\u00ed Fernando Pessoa nos lleva a un sue\u00f1o de iniciaci\u00f3n con su heter\u00f3nimo Alberto Caeiro, un personaje retratado por su obsesiva necesidad de ser otro y distinto, ayuda a subir de tono el espect\u00e1culo.<\/p>\n<p>El sue\u00f1o sexual, Freud vestido de su paciente hist\u00e9rica Dora, se pasea por Viena, recibiendo piropos soeces y recomendaciones terap\u00e9uticas, el Dr. Freud que nos ha acompa\u00f1ado desde el principio intentado descifrar los sue\u00f1os de los otros, nos lleva a un final donde los sue\u00f1os y so\u00f1ados forman ahora s\u00ed, un c\u00edrculo cerrado.<br \/>\ndel 10 de Mayo al 17 de Junio de 2012<\/p>\n<ul>\n<li>Fechas: jueves a las 20,30h, viernes y s\u00e1bado 21h, domingo 19h.<\/li>\n<li>Lugar: C\u00edrcol Mald\u00e0, calle del P\u00ed, 5<\/li>\n<li>Direcci\u00f3: Pep Tosar<\/li>\n<li>Texto Antoni Tabucci<\/li>\n<li>Actors y m\u00fasics: V\u00edctor Pi, Mar\u00eda Lorea, \u00d3scar Intente, Laura Aubert, Evelyn Ar\u00e9valo, Felipe Cabezas<\/li>\n<\/ul>","protected":false},"excerpt":{"rendered":"<p>En el teatro espa\u00f1ol, el sue\u00f1o ha sido casi un g\u00e9nero, el sue\u00f1o como imagen de la vida y tambi\u00e9n de la muerte, el sue\u00f1o premonitorio\u2026 tenemos ejemplos de obras magistrales que tratan el tema. Desde la antig\u00fcedad ha sido un tema recurrente en la literatura, el psicoan\u00e1lisis y los [&hellip;]<\/p>\n","protected":false},"author":1,"featured_media":32512,"comment_status":"open","ping_status":"open","sticky":false,"template":"","format":"standard","meta":{"footnotes":""},"categories":[62],"tags":[],"class_list":["post-1687","post","type-post","status-publish","format-standard","has-post-thumbnail","hentry","category-teatro"],"yoast_head":"<!-- This site is optimized with the Yoast SEO plugin v27.5 - https:\/\/yoast.com\/product\/yoast-seo-wordpress\/ -->\n<title>&#039;Somnis de somnis&#039; - Revista Rambla<\/title>\n<meta name=\"robots\" content=\"index, follow, max-snippet:-1, max-image-preview:large, max-video-preview:-1\" \/>\n<link rel=\"canonical\" href=\"https:\/\/www.revistarambla.com\/en\/somnis-de-somnis\/\" \/>\n<meta property=\"og:locale\" content=\"en_GB\" \/>\n<meta property=\"og:type\" content=\"article\" \/>\n<meta property=\"og:title\" content=\"&#039;Somnis de somnis&#039; - Revista Rambla\" \/>\n<meta property=\"og:description\" content=\"En el teatro espa\u00f1ol, el sue\u00f1o ha sido casi un g\u00e9nero, el sue\u00f1o como imagen de la vida y tambi\u00e9n de la muerte, el sue\u00f1o premonitorio\u2026 tenemos ejemplos de obras magistrales que tratan el tema. Desde la antig\u00fcedad ha sido un tema recurrente en la literatura, el psicoan\u00e1lisis y los [&hellip;]\" \/>\n<meta property=\"og:url\" content=\"https:\/\/www.revistarambla.com\/en\/somnis-de-somnis\/\" \/>\n<meta property=\"og:site_name\" content=\"Revista Rambla\" \/>\n<meta property=\"article:publisher\" content=\"https:\/\/www.facebook.com\/revistarambla\/\" \/>\n<meta property=\"article:published_time\" content=\"2012-05-13T06:17:10+00:00\" \/>\n<meta property=\"article:modified_time\" content=\"2022-10-26T09:39:56+00:00\" \/>\n<meta property=\"og:image\" content=\"https:\/\/www.revistarambla.com\/wp-content\/uploads\/2012\/05\/Screenshot_2021-05-18-cartell_somnis_de_somnis-alta824-160-jpg-Imagen-JPEG-2362-\u00d7-3566-pixeles-Escalado-18-.png\" \/>\n\t<meta property=\"og:image:width\" content=\"433\" \/>\n\t<meta property=\"og:image:height\" content=\"654\" \/>\n\t<meta property=\"og:image:type\" content=\"image\/png\" \/>\n<meta name=\"author\" content=\"Evelio G\u00f3mez\" \/>\n<meta name=\"twitter:card\" content=\"summary_large_image\" \/>\n<meta name=\"twitter:creator\" content=\"@revistarambla\" \/>\n<meta name=\"twitter:site\" content=\"@revistarambla\" \/>\n<meta name=\"twitter:label1\" content=\"Written by\" \/>\n\t<meta name=\"twitter:data1\" content=\"Evelio G\u00f3mez\" \/>\n\t<meta name=\"twitter:label2\" content=\"Estimated reading time\" \/>\n\t<meta name=\"twitter:data2\" content=\"4 minutes\" \/>\n<script type=\"application\/ld+json\" class=\"yoast-schema-graph\">{\"@context\":\"https:\\\/\\\/schema.org\",\"@graph\":[{\"@type\":\"Article\",\"@id\":\"https:\\\/\\\/www.revistarambla.com\\\/somnis-de-somnis\\\/#article\",\"isPartOf\":{\"@id\":\"https:\\\/\\\/www.revistarambla.com\\\/somnis-de-somnis\\\/\"},\"author\":{\"name\":\"Evelio G\u00f3mez\",\"@id\":\"https:\\\/\\\/www.revistarambla.com\\\/#\\\/schema\\\/person\\\/4a5652fc8c82df1f8593002d038cd79e\"},\"headline\":\"&#8216;Somnis de somnis&#8217;\",\"datePublished\":\"2012-05-13T06:17:10+00:00\",\"dateModified\":\"2022-10-26T09:39:56+00:00\",\"mainEntityOfPage\":{\"@id\":\"https:\\\/\\\/www.revistarambla.com\\\/somnis-de-somnis\\\/\"},\"wordCount\":762,\"commentCount\":0,\"publisher\":{\"@id\":\"https:\\\/\\\/www.revistarambla.com\\\/#organization\"},\"image\":{\"@id\":\"https:\\\/\\\/www.revistarambla.com\\\/somnis-de-somnis\\\/#primaryimage\"},\"thumbnailUrl\":\"https:\\\/\\\/www.revistarambla.com\\\/wp-content\\\/uploads\\\/2012\\\/05\\\/Screenshot_2021-05-18-cartell_somnis_de_somnis-alta824-160-jpg-Imagen-JPEG-2362-\u00d7-3566-pixeles-Escalado-18-.png\",\"articleSection\":[\"Teatro\"],\"inLanguage\":\"en-GB\",\"potentialAction\":[{\"@type\":\"CommentAction\",\"name\":\"Comment\",\"target\":[\"https:\\\/\\\/www.revistarambla.com\\\/somnis-de-somnis\\\/#respond\"]}]},{\"@type\":\"WebPage\",\"@id\":\"https:\\\/\\\/www.revistarambla.com\\\/somnis-de-somnis\\\/\",\"url\":\"https:\\\/\\\/www.revistarambla.com\\\/somnis-de-somnis\\\/\",\"name\":\"'Somnis de somnis' - Revista Rambla\",\"isPartOf\":{\"@id\":\"https:\\\/\\\/www.revistarambla.com\\\/#website\"},\"primaryImageOfPage\":{\"@id\":\"https:\\\/\\\/www.revistarambla.com\\\/somnis-de-somnis\\\/#primaryimage\"},\"image\":{\"@id\":\"https:\\\/\\\/www.revistarambla.com\\\/somnis-de-somnis\\\/#primaryimage\"},\"thumbnailUrl\":\"https:\\\/\\\/www.revistarambla.com\\\/wp-content\\\/uploads\\\/2012\\\/05\\\/Screenshot_2021-05-18-cartell_somnis_de_somnis-alta824-160-jpg-Imagen-JPEG-2362-\u00d7-3566-pixeles-Escalado-18-.png\",\"datePublished\":\"2012-05-13T06:17:10+00:00\",\"dateModified\":\"2022-10-26T09:39:56+00:00\",\"breadcrumb\":{\"@id\":\"https:\\\/\\\/www.revistarambla.com\\\/somnis-de-somnis\\\/#breadcrumb\"},\"inLanguage\":\"en-GB\",\"potentialAction\":[{\"@type\":\"ReadAction\",\"target\":[\"https:\\\/\\\/www.revistarambla.com\\\/somnis-de-somnis\\\/\"]}]},{\"@type\":\"ImageObject\",\"inLanguage\":\"en-GB\",\"@id\":\"https:\\\/\\\/www.revistarambla.com\\\/somnis-de-somnis\\\/#primaryimage\",\"url\":\"https:\\\/\\\/www.revistarambla.com\\\/wp-content\\\/uploads\\\/2012\\\/05\\\/Screenshot_2021-05-18-cartell_somnis_de_somnis-alta824-160-jpg-Imagen-JPEG-2362-\u00d7-3566-pixeles-Escalado-18-.png\",\"contentUrl\":\"https:\\\/\\\/www.revistarambla.com\\\/wp-content\\\/uploads\\\/2012\\\/05\\\/Screenshot_2021-05-18-cartell_somnis_de_somnis-alta824-160-jpg-Imagen-JPEG-2362-\u00d7-3566-pixeles-Escalado-18-.png\",\"width\":433,\"height\":654},{\"@type\":\"BreadcrumbList\",\"@id\":\"https:\\\/\\\/www.revistarambla.com\\\/somnis-de-somnis\\\/#breadcrumb\",\"itemListElement\":[{\"@type\":\"ListItem\",\"position\":1,\"name\":\"Portada\",\"item\":\"https:\\\/\\\/www.revistarambla.com\\\/\"},{\"@type\":\"ListItem\",\"position\":2,\"name\":\"&#8216;Somnis de somnis&#8217;\"}]},{\"@type\":\"WebSite\",\"@id\":\"https:\\\/\\\/www.revistarambla.com\\\/#website\",\"url\":\"https:\\\/\\\/www.revistarambla.com\\\/\",\"name\":\"Revista Rambla Barcelona\",\"description\":\"Periodismo independiente\",\"publisher\":{\"@id\":\"https:\\\/\\\/www.revistarambla.com\\\/#organization\"},\"potentialAction\":[{\"@type\":\"SearchAction\",\"target\":{\"@type\":\"EntryPoint\",\"urlTemplate\":\"https:\\\/\\\/www.revistarambla.com\\\/?s={search_term_string}\"},\"query-input\":{\"@type\":\"PropertyValueSpecification\",\"valueRequired\":true,\"valueName\":\"search_term_string\"}}],\"inLanguage\":\"en-GB\"},{\"@type\":\"Organization\",\"@id\":\"https:\\\/\\\/www.revistarambla.com\\\/#organization\",\"name\":\"Revista Rambla\",\"url\":\"https:\\\/\\\/www.revistarambla.com\\\/\",\"logo\":{\"@type\":\"ImageObject\",\"inLanguage\":\"en-GB\",\"@id\":\"https:\\\/\\\/www.revistarambla.com\\\/#\\\/schema\\\/logo\\\/image\\\/\",\"url\":\"https:\\\/\\\/www.revistarambla.com\\\/wp-content\\\/uploads\\\/2020\\\/09\\\/banner_rambla_1900x600_BB.png\",\"contentUrl\":\"https:\\\/\\\/www.revistarambla.com\\\/wp-content\\\/uploads\\\/2020\\\/09\\\/banner_rambla_1900x600_BB.png\",\"width\":1900,\"height\":600,\"caption\":\"Revista Rambla\"},\"image\":{\"@id\":\"https:\\\/\\\/www.revistarambla.com\\\/#\\\/schema\\\/logo\\\/image\\\/\"},\"sameAs\":[\"https:\\\/\\\/www.facebook.com\\\/revistarambla\\\/\",\"https:\\\/\\\/x.com\\\/revistarambla\",\"https:\\\/\\\/www.instagram.com\\\/revista_rambla\",\"https:\\\/\\\/es.linkedin.com\\\/company\\\/revista-rambla\"]},{\"@type\":\"Person\",\"@id\":\"https:\\\/\\\/www.revistarambla.com\\\/#\\\/schema\\\/person\\\/4a5652fc8c82df1f8593002d038cd79e\",\"name\":\"Evelio G\u00f3mez\",\"description\":\"Editor, dise\u00f1ador e ilustrador.\",\"sameAs\":[\"http:\\\/\\\/tipotapa.es\\\/\"]}]}<\/script>\n<!-- \/ Yoast SEO plugin. -->","yoast_head_json":{"title":"'Somnis de somnis' - Revista Rambla","robots":{"index":"index","follow":"follow","max-snippet":"max-snippet:-1","max-image-preview":"max-image-preview:large","max-video-preview":"max-video-preview:-1"},"canonical":"https:\/\/www.revistarambla.com\/en\/somnis-de-somnis\/","og_locale":"en_GB","og_type":"article","og_title":"'Somnis de somnis' - Revista Rambla","og_description":"En el teatro espa\u00f1ol, el sue\u00f1o ha sido casi un g\u00e9nero, el sue\u00f1o como imagen de la vida y tambi\u00e9n de la muerte, el sue\u00f1o premonitorio\u2026 tenemos ejemplos de obras magistrales que tratan el tema. Desde la antig\u00fcedad ha sido un tema recurrente en la literatura, el psicoan\u00e1lisis y los [&hellip;]","og_url":"https:\/\/www.revistarambla.com\/en\/somnis-de-somnis\/","og_site_name":"Revista Rambla","article_publisher":"https:\/\/www.facebook.com\/revistarambla\/","article_published_time":"2012-05-13T06:17:10+00:00","article_modified_time":"2022-10-26T09:39:56+00:00","og_image":[{"width":433,"height":654,"url":"https:\/\/www.revistarambla.com\/wp-content\/uploads\/2012\/05\/Screenshot_2021-05-18-cartell_somnis_de_somnis-alta824-160-jpg-Imagen-JPEG-2362-\u00d7-3566-pixeles-Escalado-18-.png","type":"image\/png"}],"author":"Evelio G\u00f3mez","twitter_card":"summary_large_image","twitter_creator":"@revistarambla","twitter_site":"@revistarambla","twitter_misc":{"Written by":"Evelio G\u00f3mez","Estimated reading time":"4 minutes"},"schema":{"@context":"https:\/\/schema.org","@graph":[{"@type":"Article","@id":"https:\/\/www.revistarambla.com\/somnis-de-somnis\/#article","isPartOf":{"@id":"https:\/\/www.revistarambla.com\/somnis-de-somnis\/"},"author":{"name":"Evelio G\u00f3mez","@id":"https:\/\/www.revistarambla.com\/#\/schema\/person\/4a5652fc8c82df1f8593002d038cd79e"},"headline":"&#8216;Somnis de somnis&#8217;","datePublished":"2012-05-13T06:17:10+00:00","dateModified":"2022-10-26T09:39:56+00:00","mainEntityOfPage":{"@id":"https:\/\/www.revistarambla.com\/somnis-de-somnis\/"},"wordCount":762,"commentCount":0,"publisher":{"@id":"https:\/\/www.revistarambla.com\/#organization"},"image":{"@id":"https:\/\/www.revistarambla.com\/somnis-de-somnis\/#primaryimage"},"thumbnailUrl":"https:\/\/www.revistarambla.com\/wp-content\/uploads\/2012\/05\/Screenshot_2021-05-18-cartell_somnis_de_somnis-alta824-160-jpg-Imagen-JPEG-2362-\u00d7-3566-pixeles-Escalado-18-.png","articleSection":["Teatro"],"inLanguage":"en-GB","potentialAction":[{"@type":"CommentAction","name":"Comment","target":["https:\/\/www.revistarambla.com\/somnis-de-somnis\/#respond"]}]},{"@type":"WebPage","@id":"https:\/\/www.revistarambla.com\/somnis-de-somnis\/","url":"https:\/\/www.revistarambla.com\/somnis-de-somnis\/","name":"'Somnis de somnis' - Revista Rambla","isPartOf":{"@id":"https:\/\/www.revistarambla.com\/#website"},"primaryImageOfPage":{"@id":"https:\/\/www.revistarambla.com\/somnis-de-somnis\/#primaryimage"},"image":{"@id":"https:\/\/www.revistarambla.com\/somnis-de-somnis\/#primaryimage"},"thumbnailUrl":"https:\/\/www.revistarambla.com\/wp-content\/uploads\/2012\/05\/Screenshot_2021-05-18-cartell_somnis_de_somnis-alta824-160-jpg-Imagen-JPEG-2362-\u00d7-3566-pixeles-Escalado-18-.png","datePublished":"2012-05-13T06:17:10+00:00","dateModified":"2022-10-26T09:39:56+00:00","breadcrumb":{"@id":"https:\/\/www.revistarambla.com\/somnis-de-somnis\/#breadcrumb"},"inLanguage":"en-GB","potentialAction":[{"@type":"ReadAction","target":["https:\/\/www.revistarambla.com\/somnis-de-somnis\/"]}]},{"@type":"ImageObject","inLanguage":"en-GB","@id":"https:\/\/www.revistarambla.com\/somnis-de-somnis\/#primaryimage","url":"https:\/\/www.revistarambla.com\/wp-content\/uploads\/2012\/05\/Screenshot_2021-05-18-cartell_somnis_de_somnis-alta824-160-jpg-Imagen-JPEG-2362-\u00d7-3566-pixeles-Escalado-18-.png","contentUrl":"https:\/\/www.revistarambla.com\/wp-content\/uploads\/2012\/05\/Screenshot_2021-05-18-cartell_somnis_de_somnis-alta824-160-jpg-Imagen-JPEG-2362-\u00d7-3566-pixeles-Escalado-18-.png","width":433,"height":654},{"@type":"BreadcrumbList","@id":"https:\/\/www.revistarambla.com\/somnis-de-somnis\/#breadcrumb","itemListElement":[{"@type":"ListItem","position":1,"name":"Portada","item":"https:\/\/www.revistarambla.com\/"},{"@type":"ListItem","position":2,"name":"&#8216;Somnis de somnis&#8217;"}]},{"@type":"WebSite","@id":"https:\/\/www.revistarambla.com\/#website","url":"https:\/\/www.revistarambla.com\/","name":"Revista Rambla Barcelona","description":"Periodismo independiente","publisher":{"@id":"https:\/\/www.revistarambla.com\/#organization"},"potentialAction":[{"@type":"SearchAction","target":{"@type":"EntryPoint","urlTemplate":"https:\/\/www.revistarambla.com\/?s={search_term_string}"},"query-input":{"@type":"PropertyValueSpecification","valueRequired":true,"valueName":"search_term_string"}}],"inLanguage":"en-GB"},{"@type":"Organization","@id":"https:\/\/www.revistarambla.com\/#organization","name":"Revista Rambla","url":"https:\/\/www.revistarambla.com\/","logo":{"@type":"ImageObject","inLanguage":"en-GB","@id":"https:\/\/www.revistarambla.com\/#\/schema\/logo\/image\/","url":"https:\/\/www.revistarambla.com\/wp-content\/uploads\/2020\/09\/banner_rambla_1900x600_BB.png","contentUrl":"https:\/\/www.revistarambla.com\/wp-content\/uploads\/2020\/09\/banner_rambla_1900x600_BB.png","width":1900,"height":600,"caption":"Revista Rambla"},"image":{"@id":"https:\/\/www.revistarambla.com\/#\/schema\/logo\/image\/"},"sameAs":["https:\/\/www.facebook.com\/revistarambla\/","https:\/\/x.com\/revistarambla","https:\/\/www.instagram.com\/revista_rambla","https:\/\/es.linkedin.com\/company\/revista-rambla"]},{"@type":"Person","@id":"https:\/\/www.revistarambla.com\/#\/schema\/person\/4a5652fc8c82df1f8593002d038cd79e","name":"Evelio G\u00f3mez","description":"Editor, dise\u00f1ador e ilustrador.","sameAs":["http:\/\/tipotapa.es\/"]}]}},"_links":{"self":[{"href":"https:\/\/www.revistarambla.com\/en\/wp-json\/wp\/v2\/posts\/1687","targetHints":{"allow":["GET"]}}],"collection":[{"href":"https:\/\/www.revistarambla.com\/en\/wp-json\/wp\/v2\/posts"}],"about":[{"href":"https:\/\/www.revistarambla.com\/en\/wp-json\/wp\/v2\/types\/post"}],"author":[{"embeddable":true,"href":"https:\/\/www.revistarambla.com\/en\/wp-json\/wp\/v2\/users\/1"}],"replies":[{"embeddable":true,"href":"https:\/\/www.revistarambla.com\/en\/wp-json\/wp\/v2\/comments?post=1687"}],"version-history":[{"count":3,"href":"https:\/\/www.revistarambla.com\/en\/wp-json\/wp\/v2\/posts\/1687\/revisions"}],"predecessor-version":[{"id":48686,"href":"https:\/\/www.revistarambla.com\/en\/wp-json\/wp\/v2\/posts\/1687\/revisions\/48686"}],"wp:featuredmedia":[{"embeddable":true,"href":"https:\/\/www.revistarambla.com\/en\/wp-json\/wp\/v2\/media\/32512"}],"wp:attachment":[{"href":"https:\/\/www.revistarambla.com\/en\/wp-json\/wp\/v2\/media?parent=1687"}],"wp:term":[{"taxonomy":"category","embeddable":true,"href":"https:\/\/www.revistarambla.com\/en\/wp-json\/wp\/v2\/categories?post=1687"},{"taxonomy":"post_tag","embeddable":true,"href":"https:\/\/www.revistarambla.com\/en\/wp-json\/wp\/v2\/tags?post=1687"}],"curies":[{"name":"wp","href":"https:\/\/api.w.org\/{rel}","templated":true}]}}