{"id":16813,"date":"2018-11-20T11:49:43","date_gmt":"2018-11-20T10:49:43","guid":{"rendered":"https:\/\/www.revistarambla.com\/?p=16813"},"modified":"2021-01-29T02:40:45","modified_gmt":"2021-01-29T01:40:45","slug":"como-se-hizo-stanley-kubrick","status":"publish","type":"post","link":"https:\/\/www.revistarambla.com\/en\/como-se-hizo-stanley-kubrick\/","title":{"rendered":"C\u00f3mo se hizo Stanley Kubrick"},"content":{"rendered":"<p>En el 50 aniversario de \u201c2001: una odisea en el espacio\u201d, el CCCB acoge hasta el 31 de marzo una exposici\u00f3n colosal y prolija, reflejo de la mente y la trayectoria del creador. En Espa\u00f1a tiene como comisario al cr\u00edtico Jordi Costa e incluye materiales hasta ahora in\u00e9ditos y entrevistas a profesionales del pa\u00eds que trabajaron en las pel\u00edculas del cineasta.<\/p>\n<p><a href=\"https:\/\/www.revistarambla.com\/wp-content\/uploads\/2018\/11\/exposicion-reivindica-Barcelona-Stanley-Kubrick_EDIIMA20181023_0811_4.jpg\"><img decoding=\"async\" class=\"alignright wp-image-16815\" src=\"https:\/\/www.revistarambla.com\/wp-content\/uploads\/2018\/11\/exposicion-reivindica-Barcelona-Stanley-Kubrick_EDIIMA20181023_0811_4.jpg\" alt=\"Stanley Kubrick\" width=\"300\" height=\"169\" srcset=\"https:\/\/www.revistarambla.com\/wp-content\/uploads\/2018\/11\/exposicion-reivindica-Barcelona-Stanley-Kubrick_EDIIMA20181023_0811_4.jpg 643w, https:\/\/www.revistarambla.com\/wp-content\/uploads\/2018\/11\/exposicion-reivindica-Barcelona-Stanley-Kubrick_EDIIMA20181023_0811_4-300x169.jpg 300w, https:\/\/www.revistarambla.com\/wp-content\/uploads\/2018\/11\/exposicion-reivindica-Barcelona-Stanley-Kubrick_EDIIMA20181023_0811_4-500x281.jpg 500w, https:\/\/www.revistarambla.com\/wp-content\/uploads\/2018\/11\/exposicion-reivindica-Barcelona-Stanley-Kubrick_EDIIMA20181023_0811_4-458x258.jpg 458w\" sizes=\"(max-width: 300px) 100vw, 300px\" \/><\/a>La sensaci\u00f3n al caminar por \u201cStanley Kubrick\u201d, la exhibici\u00f3n inaugurada por el Centro de Cultura Contempor\u00e1nea de Barcelona el pasado 23 de octubre, recuerda al pasmo de ver esa parte de la serie \u201cCosmos\u201d en que Carl Sagan pasea por oc\u00e9anos de tiempo explicando la evoluci\u00f3n humana : \u201cAqu\u00ed aparecen los hom\u00ednidos. All\u00e1 \u2013a tres pasos, equivalentes a decenas de miles de a\u00f1os y de avances- descubrieron el fuego\u201d.<\/p>\n<p>Aqu\u00ed los m\u00e1s de 600 objetos de Stanley Kubrick seleccionados por el <a href=\"https:\/\/www.dff.film\/\">Deutsches Filmmuseum de Frankfurt<\/a> en 2004 -la muestra ha recorrido 18 pa\u00edses antes de llegar al nuestro- desglosan el proceso de construcci\u00f3n global de su carrera de artesano y el particular de cada uno de sus proyectos. Cronol\u00f3gicamente y paso a paso. Est\u00e1n las versiones del gui\u00f3n de \u201cLolita\u201d, los partes de rodaje de \u201cEspartaco\u201d, las mujeres-mesa del Milk Bar de \u201cLa naranja mec\u00e1nica\u201d, el jersey del cohete en el pecho del hijo de Jack Torrance, la t\u00fanica que us\u00f3 Lawrence Olivier para hacer de Craso, y las pruebas de las vueltas que tuvo que dar Saul Bass al buscar el dise\u00f1o perfecto para el cartel de \u201cEl resplandor\u201d. Hay toneladas de documentaci\u00f3n (para \u201cNapole\u00f3n\u201d, obra inacabada con cuyos materiales HBO prepara ahora una serie, quiso saber incluso los h\u00e1bitos alimenticios de Bonaparte). Y de cartas (pon\u00eda las cosas por escrito hasta cuando mandaba dar de comer a sus gatos. Aunque esto no sale en la muestra, pero da idea de las perlas que pueden encontrarse entre la cantidad ingente de materiales que hab\u00eda para cribar). M\u00e1s que un banquete de objetos para mit\u00f3manos, es un inventario de los experimentos de un maestro del ensayo-error, siempre en la b\u00fasqueda de nuevas herramientas expresivas de potencia nuclear y precisi\u00f3n milim\u00e9trica.<\/p>\n<p>La silla vac\u00eda del director, ba\u00f1ada en luz cenital y subida a una tarima, preside el recorrido por oscuros laberintos que evocan los de su propia mente. Frente a ese trono, un mosaico de v\u00eddeos creado por Manuel Huerga de Kubrick-haciendo-cosas-en-todas-partes-a-la-vez alude tambi\u00e9n al bullir de su cabeza: Stanley Kubrick calibrando el matiz dram\u00e1tico que aportan los hombros de Shelley Duvall al encogerse en una escena de \u201cEl Resplandor\u201d, Stanley Kubrick indicando a un foquista qu\u00e9 objetivos ha de meterse en el bolsillo (en una repisa a pocos metros est\u00e1 esa lente, antes s\u00f3lo usada por la NASA para retratar la cara oscura de la luna, que \u00e9l mand\u00f3 adaptar para filmar a Barry Lyndon a la luz de las velas), Stanley Kubrick ordenando como un J\u00fapiter, rey de los cielos, que pare de caer la nieve en el set o ense\u00f1ando c\u00e1nticos a los reclutas de \u201cLa chaqueta met\u00e1lica\u201d. \u201cSiento no haber estado con ustedes esta noche\u2026 justo en este momento, probablemente estoy en el coche de camino al estudio\u201d dice aceptando el premio D.W. Griffith que le dieron mientras rodaba \u201cEyes Wide Shut\u201d. En esa misma aparici\u00f3n pregrabada cont\u00f3 que dirigir es \u201ccomo intentar escribir \u201cGuerra y paz\u201d montado en los coches de choque de una feria\u201d.<\/p>\n<p>El Stanley Kubrick autodidacta de los inicios est\u00e1 en las fotograf\u00edas de gente ordinaria en las calles y de artistas, como Sinatra y Montgomery Clift, que empez\u00f3 a hacer cuando, a\u00fan adolescente y con una c\u00e1mara regalada por su padre, consigui\u00f3 que la revista Look le empezase a publicar. Rescat\u00f3 a los boxeadores de sus fotos para su primer corto documental, \u201cDay of fight\u201d, y su gusto por las personas an\u00f3nimas con un universo propio para el siguiente: \u201cFlying Padre\u201d, sobre un cura que iba de una a otra de sus parroquias repartidas en 640 hect\u00e1reas pilotando su avioneta. Virtuoso del pesimismo humanista, dec\u00eda amar la filosof\u00eda de los que, en ausencia de Dios o de un sentido de la vida, se construyen el mundo a su medida: cuanto m\u00e1s rico en detalles sea, mayor ser\u00e1 la superficie de agarre que te impedir\u00e1 caer al abismo. Identific\u00f3 ese don en Espartaco y en los delincuentes con planes maestros saboteados por sus propias emociones que saldr\u00e1n en \u201cAtraco perfecto\u201d y \u201cEl beso del asesino\u201d. El hecho de que tambi\u00e9n est\u00e9 accesible en la sala \u201cFear and Desire\u201d, primer largometraje del que se rumoreaba que el director hab\u00eda destruido todas las copias por sus pobres resultados, hace que resuene a otro nivel una paradoja presente en toda la exposici\u00f3n. La de que el truco de este mago es m\u00e1s bello cuanto m\u00e1s desnudo est\u00e1: al ver sus limitaciones del principio junto al rastro de su persistencia posterior, cualquier mito de un genio innato y sin esfuerzo queda eclipsado.<\/p>\n<p>En cada proyecto, la primera chispa suele ser un libro. \u201c\u00a1Aqu\u00ed est\u00e1 la escena!\u201d, garabatea triunfante rodeando un p\u00e1rrafo. Despu\u00e9s vienen las colaboraciones con que sobre eso, piedra a piedra, se acaba haciendo la muralla china. Stanley Kubrick es, de entre todos los cineastas \u201cautor\u201d, el m\u00e1s famoso por sus <em>dream teams<\/em>. El cr\u00edtico \u00c1ngel Fern\u00e1ndez Santos le llam\u00f3 \u201caprendiz de Dios\u201d por su af\u00e1n de creador que lo domina todo. Cada toma de decisiones y cada disciplina art\u00edstica que toma parte en un film. Pero tambi\u00e9n la suya es una obra recordada por la aportaci\u00f3n de artistas de primera l\u00ednea. Famosos, como Kidman y Cruise, y an\u00f3nimos, como Dan Richter: el mimo al que tuvo un a\u00f1o estudiando los movimientos de los simios para \u201c2001: una odisea en el espacio\u201d (su traje peludo y sus apuntes est\u00e1n en el CCCB). Alejados de su tiempo, como Beethoven y Strauss, y tambi\u00e9n contempor\u00e1neos: \u201cEs su decisi\u00f3n, por supuesto, reintroducir, si lo desea, cualquiera de las escenas eliminadas\u201d, le dice con extrema cautela Vladimir Nabokov al enviarle el gui\u00f3n adaptado de su libro, \u201cLolita\u201d. La carta reposa junto a educadas protestas de Acci\u00f3n Cat\u00f3lica y los presbiterianos contra la pel\u00edcula, y junto a otra en que Sue Lyon, la actriz que encarn\u00f3 al objeto de deseo del ped\u00f3filo Humbert Humbert, le cuenta al director que tras el rodaje acab\u00f3 apartada del mundo, felizmente encerrada en un matrimonio, como lo hizo su personaje. No muy lejos de los storyboards de Ken Adams para la comedia de pesadilla \u201cTel\u00e9fono rojo, volamos hacia Mosc\u00fa\u201d, sobre la que queda documentada la euforia de los pacifistas y la censura de la dictadura de Portugal, hay fotos de los soldados que Franco cedi\u00f3 como extras para \u201cEspartaco\u201d, sin que el tirano reparase en este caso en el gol por la escuadra impl\u00edcito en el mensaje del film. Odiaba la autoridad castrante, pero nunca la identific\u00f3 con sus progenitores. Con su humor negro, dedica \u201cA mam\u00e1 y a pap\u00e1, con todo mi amor\u201d la claqueta de \u201cLa naranja mec\u00e1nica\u201d, esa en que el protagonista descubre al salir de la c\u00e1rcel que sus padres le han buscado un sustituto. Y es su ans\u00eda de independencia la que hace brillar con m\u00e1s luz la cita que da acceso a la exposici\u00f3n: \u201cSi se puede escribir, si se puede pensar, se puede filmar\u201d. Con ese lema no s\u00f3lo elev\u00f3 los l\u00edmites t\u00e9cnicos del cine, sino que tampoco tuvo reparo en sortear miedos, reglas y tab\u00fas para hablar de deseos reprimidos, de violencia, de aislamiento, y de todo lo que encontr\u00f3 valioso al sondear tenazmente el alma humana.<\/p>","protected":false},"excerpt":{"rendered":"<p>En el 50 aniversario de \u201c2001: una odisea en el espacio\u201d, el CCCB acoge hasta el 31 de marzo una exposici\u00f3n colosal y prolija, reflejo de la mente y la trayectoria del creador. En Espa\u00f1a tiene como comisario al cr\u00edtico Jordi Costa e incluye materiales hasta ahora in\u00e9ditos y entrevistas [&hellip;]<\/p>\n","protected":false},"author":15,"featured_media":16814,"comment_status":"open","ping_status":"open","sticky":false,"template":"","format":"standard","meta":{"footnotes":""},"categories":[61,4],"tags":[],"class_list":["post-16813","post","type-post","status-publish","format-standard","has-post-thumbnail","hentry","category-cine","category-cultura"],"yoast_head":"<!-- This site is optimized with the Yoast SEO plugin v27.5 - https:\/\/yoast.com\/product\/yoast-seo-wordpress\/ -->\n<title>C\u00f3mo se hizo Stanley Kubrick (expo) - Revista Rambla<\/title>\n<meta name=\"description\" content=\"En el 50 aniversario de \u201c2001: una odisea en el espacio\u201d, el CCCB acoge una exposici\u00f3n colosal y prolija, reflejo de la mente de Stanley Kubrick.\" \/>\n<meta name=\"robots\" content=\"index, follow, max-snippet:-1, max-image-preview:large, max-video-preview:-1\" \/>\n<link rel=\"canonical\" href=\"https:\/\/www.revistarambla.com\/en\/como-se-hizo-stanley-kubrick\/\" \/>\n<meta property=\"og:locale\" content=\"en_GB\" \/>\n<meta property=\"og:type\" content=\"article\" \/>\n<meta property=\"og:title\" content=\"C\u00f3mo se hizo Stanley Kubrick (expo) - Revista Rambla\" \/>\n<meta property=\"og:description\" content=\"En el 50 aniversario de \u201c2001: una odisea en el espacio\u201d, el CCCB acoge una exposici\u00f3n colosal y prolija, reflejo de la mente de Stanley Kubrick.\" \/>\n<meta property=\"og:url\" content=\"https:\/\/www.revistarambla.com\/en\/como-se-hizo-stanley-kubrick\/\" \/>\n<meta property=\"og:site_name\" content=\"Revista Rambla\" \/>\n<meta property=\"article:publisher\" content=\"https:\/\/www.facebook.com\/revistarambla\/\" \/>\n<meta property=\"article:published_time\" content=\"2018-11-20T10:49:43+00:00\" \/>\n<meta property=\"article:modified_time\" content=\"2021-01-29T01:40:45+00:00\" \/>\n<meta property=\"og:image\" content=\"https:\/\/i2.wp.com\/www.revistarambla.com\/wp-content\/uploads\/2018\/11\/stanley-kubrick-e1494963928763.jpg?fit=737%2C414&ssl=1\" \/>\n\t<meta property=\"og:image:width\" content=\"737\" \/>\n\t<meta property=\"og:image:height\" content=\"414\" \/>\n\t<meta property=\"og:image:type\" content=\"image\/jpeg\" \/>\n<meta name=\"author\" content=\"Carmen Men\u00e9ndez\" \/>\n<meta name=\"twitter:card\" content=\"summary_large_image\" \/>\n<meta name=\"twitter:creator\" content=\"@revistarambla\" \/>\n<meta name=\"twitter:site\" content=\"@revistarambla\" \/>\n<meta name=\"twitter:label1\" content=\"Written by\" \/>\n\t<meta name=\"twitter:data1\" content=\"Carmen Men\u00e9ndez\" \/>\n\t<meta name=\"twitter:label2\" content=\"Estimated reading time\" \/>\n\t<meta name=\"twitter:data2\" content=\"6 minutes\" \/>\n<script type=\"application\/ld+json\" class=\"yoast-schema-graph\">{\"@context\":\"https:\\\/\\\/schema.org\",\"@graph\":[{\"@type\":\"Article\",\"@id\":\"https:\\\/\\\/www.revistarambla.com\\\/como-se-hizo-stanley-kubrick\\\/#article\",\"isPartOf\":{\"@id\":\"https:\\\/\\\/www.revistarambla.com\\\/como-se-hizo-stanley-kubrick\\\/\"},\"author\":{\"name\":\"Carmen Men\u00e9ndez\",\"@id\":\"https:\\\/\\\/www.revistarambla.com\\\/#\\\/schema\\\/person\\\/2b19179a8ace334b829ad72cc6e6ce97\"},\"headline\":\"C\u00f3mo se hizo Stanley Kubrick\",\"datePublished\":\"2018-11-20T10:49:43+00:00\",\"dateModified\":\"2021-01-29T01:40:45+00:00\",\"mainEntityOfPage\":{\"@id\":\"https:\\\/\\\/www.revistarambla.com\\\/como-se-hizo-stanley-kubrick\\\/\"},\"wordCount\":1337,\"commentCount\":0,\"publisher\":{\"@id\":\"https:\\\/\\\/www.revistarambla.com\\\/#organization\"},\"image\":{\"@id\":\"https:\\\/\\\/www.revistarambla.com\\\/como-se-hizo-stanley-kubrick\\\/#primaryimage\"},\"thumbnailUrl\":\"https:\\\/\\\/www.revistarambla.com\\\/wp-content\\\/uploads\\\/2018\\\/11\\\/stanley-kubrick-e1494963928763.jpg\",\"articleSection\":[\"Cine &amp; Series\",\"Cultura\"],\"inLanguage\":\"en-GB\",\"potentialAction\":[{\"@type\":\"CommentAction\",\"name\":\"Comment\",\"target\":[\"https:\\\/\\\/www.revistarambla.com\\\/como-se-hizo-stanley-kubrick\\\/#respond\"]}]},{\"@type\":\"WebPage\",\"@id\":\"https:\\\/\\\/www.revistarambla.com\\\/como-se-hizo-stanley-kubrick\\\/\",\"url\":\"https:\\\/\\\/www.revistarambla.com\\\/como-se-hizo-stanley-kubrick\\\/\",\"name\":\"C\u00f3mo se hizo Stanley Kubrick (expo) - Revista Rambla\",\"isPartOf\":{\"@id\":\"https:\\\/\\\/www.revistarambla.com\\\/#website\"},\"primaryImageOfPage\":{\"@id\":\"https:\\\/\\\/www.revistarambla.com\\\/como-se-hizo-stanley-kubrick\\\/#primaryimage\"},\"image\":{\"@id\":\"https:\\\/\\\/www.revistarambla.com\\\/como-se-hizo-stanley-kubrick\\\/#primaryimage\"},\"thumbnailUrl\":\"https:\\\/\\\/www.revistarambla.com\\\/wp-content\\\/uploads\\\/2018\\\/11\\\/stanley-kubrick-e1494963928763.jpg\",\"datePublished\":\"2018-11-20T10:49:43+00:00\",\"dateModified\":\"2021-01-29T01:40:45+00:00\",\"description\":\"En el 50 aniversario de \u201c2001: una odisea en el espacio\u201d, el CCCB acoge una exposici\u00f3n colosal y prolija, reflejo de la mente de Stanley Kubrick.\",\"breadcrumb\":{\"@id\":\"https:\\\/\\\/www.revistarambla.com\\\/como-se-hizo-stanley-kubrick\\\/#breadcrumb\"},\"inLanguage\":\"en-GB\",\"potentialAction\":[{\"@type\":\"ReadAction\",\"target\":[\"https:\\\/\\\/www.revistarambla.com\\\/como-se-hizo-stanley-kubrick\\\/\"]}]},{\"@type\":\"ImageObject\",\"inLanguage\":\"en-GB\",\"@id\":\"https:\\\/\\\/www.revistarambla.com\\\/como-se-hizo-stanley-kubrick\\\/#primaryimage\",\"url\":\"https:\\\/\\\/www.revistarambla.com\\\/wp-content\\\/uploads\\\/2018\\\/11\\\/stanley-kubrick-e1494963928763.jpg\",\"contentUrl\":\"https:\\\/\\\/www.revistarambla.com\\\/wp-content\\\/uploads\\\/2018\\\/11\\\/stanley-kubrick-e1494963928763.jpg\",\"width\":737,\"height\":414},{\"@type\":\"BreadcrumbList\",\"@id\":\"https:\\\/\\\/www.revistarambla.com\\\/como-se-hizo-stanley-kubrick\\\/#breadcrumb\",\"itemListElement\":[{\"@type\":\"ListItem\",\"position\":1,\"name\":\"Portada\",\"item\":\"https:\\\/\\\/www.revistarambla.com\\\/\"},{\"@type\":\"ListItem\",\"position\":2,\"name\":\"C\u00f3mo se hizo Stanley Kubrick\"}]},{\"@type\":\"WebSite\",\"@id\":\"https:\\\/\\\/www.revistarambla.com\\\/#website\",\"url\":\"https:\\\/\\\/www.revistarambla.com\\\/\",\"name\":\"Revista Rambla Barcelona\",\"description\":\"Periodismo independiente\",\"publisher\":{\"@id\":\"https:\\\/\\\/www.revistarambla.com\\\/#organization\"},\"potentialAction\":[{\"@type\":\"SearchAction\",\"target\":{\"@type\":\"EntryPoint\",\"urlTemplate\":\"https:\\\/\\\/www.revistarambla.com\\\/?s={search_term_string}\"},\"query-input\":{\"@type\":\"PropertyValueSpecification\",\"valueRequired\":true,\"valueName\":\"search_term_string\"}}],\"inLanguage\":\"en-GB\"},{\"@type\":\"Organization\",\"@id\":\"https:\\\/\\\/www.revistarambla.com\\\/#organization\",\"name\":\"Revista Rambla\",\"url\":\"https:\\\/\\\/www.revistarambla.com\\\/\",\"logo\":{\"@type\":\"ImageObject\",\"inLanguage\":\"en-GB\",\"@id\":\"https:\\\/\\\/www.revistarambla.com\\\/#\\\/schema\\\/logo\\\/image\\\/\",\"url\":\"https:\\\/\\\/www.revistarambla.com\\\/wp-content\\\/uploads\\\/2020\\\/09\\\/banner_rambla_1900x600_BB.png\",\"contentUrl\":\"https:\\\/\\\/www.revistarambla.com\\\/wp-content\\\/uploads\\\/2020\\\/09\\\/banner_rambla_1900x600_BB.png\",\"width\":1900,\"height\":600,\"caption\":\"Revista Rambla\"},\"image\":{\"@id\":\"https:\\\/\\\/www.revistarambla.com\\\/#\\\/schema\\\/logo\\\/image\\\/\"},\"sameAs\":[\"https:\\\/\\\/www.facebook.com\\\/revistarambla\\\/\",\"https:\\\/\\\/x.com\\\/revistarambla\",\"https:\\\/\\\/www.instagram.com\\\/revista_rambla\",\"https:\\\/\\\/es.linkedin.com\\\/company\\\/revista-rambla\"]},{\"@type\":\"Person\",\"@id\":\"https:\\\/\\\/www.revistarambla.com\\\/#\\\/schema\\\/person\\\/2b19179a8ace334b829ad72cc6e6ce97\",\"name\":\"Carmen Men\u00e9ndez\"}]}<\/script>\n<!-- \/ Yoast SEO plugin. -->","yoast_head_json":{"title":"C\u00f3mo se hizo Stanley Kubrick (expo) - Revista Rambla","description":"En el 50 aniversario de \u201c2001: una odisea en el espacio\u201d, el CCCB acoge una exposici\u00f3n colosal y prolija, reflejo de la mente de Stanley Kubrick.","robots":{"index":"index","follow":"follow","max-snippet":"max-snippet:-1","max-image-preview":"max-image-preview:large","max-video-preview":"max-video-preview:-1"},"canonical":"https:\/\/www.revistarambla.com\/en\/como-se-hizo-stanley-kubrick\/","og_locale":"en_GB","og_type":"article","og_title":"C\u00f3mo se hizo Stanley Kubrick (expo) - Revista Rambla","og_description":"En el 50 aniversario de \u201c2001: una odisea en el espacio\u201d, el CCCB acoge una exposici\u00f3n colosal y prolija, reflejo de la mente de Stanley Kubrick.","og_url":"https:\/\/www.revistarambla.com\/en\/como-se-hizo-stanley-kubrick\/","og_site_name":"Revista Rambla","article_publisher":"https:\/\/www.facebook.com\/revistarambla\/","article_published_time":"2018-11-20T10:49:43+00:00","article_modified_time":"2021-01-29T01:40:45+00:00","og_image":[{"width":737,"height":414,"url":"https:\/\/i2.wp.com\/www.revistarambla.com\/wp-content\/uploads\/2018\/11\/stanley-kubrick-e1494963928763.jpg?fit=737%2C414&ssl=1","type":"image\/jpeg"}],"author":"Carmen Men\u00e9ndez","twitter_card":"summary_large_image","twitter_creator":"@revistarambla","twitter_site":"@revistarambla","twitter_misc":{"Written by":"Carmen Men\u00e9ndez","Estimated reading time":"6 minutes"},"schema":{"@context":"https:\/\/schema.org","@graph":[{"@type":"Article","@id":"https:\/\/www.revistarambla.com\/como-se-hizo-stanley-kubrick\/#article","isPartOf":{"@id":"https:\/\/www.revistarambla.com\/como-se-hizo-stanley-kubrick\/"},"author":{"name":"Carmen Men\u00e9ndez","@id":"https:\/\/www.revistarambla.com\/#\/schema\/person\/2b19179a8ace334b829ad72cc6e6ce97"},"headline":"C\u00f3mo se hizo Stanley Kubrick","datePublished":"2018-11-20T10:49:43+00:00","dateModified":"2021-01-29T01:40:45+00:00","mainEntityOfPage":{"@id":"https:\/\/www.revistarambla.com\/como-se-hizo-stanley-kubrick\/"},"wordCount":1337,"commentCount":0,"publisher":{"@id":"https:\/\/www.revistarambla.com\/#organization"},"image":{"@id":"https:\/\/www.revistarambla.com\/como-se-hizo-stanley-kubrick\/#primaryimage"},"thumbnailUrl":"https:\/\/www.revistarambla.com\/wp-content\/uploads\/2018\/11\/stanley-kubrick-e1494963928763.jpg","articleSection":["Cine &amp; Series","Cultura"],"inLanguage":"en-GB","potentialAction":[{"@type":"CommentAction","name":"Comment","target":["https:\/\/www.revistarambla.com\/como-se-hizo-stanley-kubrick\/#respond"]}]},{"@type":"WebPage","@id":"https:\/\/www.revistarambla.com\/como-se-hizo-stanley-kubrick\/","url":"https:\/\/www.revistarambla.com\/como-se-hizo-stanley-kubrick\/","name":"C\u00f3mo se hizo Stanley Kubrick (expo) - Revista Rambla","isPartOf":{"@id":"https:\/\/www.revistarambla.com\/#website"},"primaryImageOfPage":{"@id":"https:\/\/www.revistarambla.com\/como-se-hizo-stanley-kubrick\/#primaryimage"},"image":{"@id":"https:\/\/www.revistarambla.com\/como-se-hizo-stanley-kubrick\/#primaryimage"},"thumbnailUrl":"https:\/\/www.revistarambla.com\/wp-content\/uploads\/2018\/11\/stanley-kubrick-e1494963928763.jpg","datePublished":"2018-11-20T10:49:43+00:00","dateModified":"2021-01-29T01:40:45+00:00","description":"En el 50 aniversario de \u201c2001: una odisea en el espacio\u201d, el CCCB acoge una exposici\u00f3n colosal y prolija, reflejo de la mente de Stanley Kubrick.","breadcrumb":{"@id":"https:\/\/www.revistarambla.com\/como-se-hizo-stanley-kubrick\/#breadcrumb"},"inLanguage":"en-GB","potentialAction":[{"@type":"ReadAction","target":["https:\/\/www.revistarambla.com\/como-se-hizo-stanley-kubrick\/"]}]},{"@type":"ImageObject","inLanguage":"en-GB","@id":"https:\/\/www.revistarambla.com\/como-se-hizo-stanley-kubrick\/#primaryimage","url":"https:\/\/www.revistarambla.com\/wp-content\/uploads\/2018\/11\/stanley-kubrick-e1494963928763.jpg","contentUrl":"https:\/\/www.revistarambla.com\/wp-content\/uploads\/2018\/11\/stanley-kubrick-e1494963928763.jpg","width":737,"height":414},{"@type":"BreadcrumbList","@id":"https:\/\/www.revistarambla.com\/como-se-hizo-stanley-kubrick\/#breadcrumb","itemListElement":[{"@type":"ListItem","position":1,"name":"Portada","item":"https:\/\/www.revistarambla.com\/"},{"@type":"ListItem","position":2,"name":"C\u00f3mo se hizo Stanley Kubrick"}]},{"@type":"WebSite","@id":"https:\/\/www.revistarambla.com\/#website","url":"https:\/\/www.revistarambla.com\/","name":"Revista Rambla Barcelona","description":"Periodismo independiente","publisher":{"@id":"https:\/\/www.revistarambla.com\/#organization"},"potentialAction":[{"@type":"SearchAction","target":{"@type":"EntryPoint","urlTemplate":"https:\/\/www.revistarambla.com\/?s={search_term_string}"},"query-input":{"@type":"PropertyValueSpecification","valueRequired":true,"valueName":"search_term_string"}}],"inLanguage":"en-GB"},{"@type":"Organization","@id":"https:\/\/www.revistarambla.com\/#organization","name":"Revista Rambla","url":"https:\/\/www.revistarambla.com\/","logo":{"@type":"ImageObject","inLanguage":"en-GB","@id":"https:\/\/www.revistarambla.com\/#\/schema\/logo\/image\/","url":"https:\/\/www.revistarambla.com\/wp-content\/uploads\/2020\/09\/banner_rambla_1900x600_BB.png","contentUrl":"https:\/\/www.revistarambla.com\/wp-content\/uploads\/2020\/09\/banner_rambla_1900x600_BB.png","width":1900,"height":600,"caption":"Revista Rambla"},"image":{"@id":"https:\/\/www.revistarambla.com\/#\/schema\/logo\/image\/"},"sameAs":["https:\/\/www.facebook.com\/revistarambla\/","https:\/\/x.com\/revistarambla","https:\/\/www.instagram.com\/revista_rambla","https:\/\/es.linkedin.com\/company\/revista-rambla"]},{"@type":"Person","@id":"https:\/\/www.revistarambla.com\/#\/schema\/person\/2b19179a8ace334b829ad72cc6e6ce97","name":"Carmen Men\u00e9ndez"}]}},"_links":{"self":[{"href":"https:\/\/www.revistarambla.com\/en\/wp-json\/wp\/v2\/posts\/16813","targetHints":{"allow":["GET"]}}],"collection":[{"href":"https:\/\/www.revistarambla.com\/en\/wp-json\/wp\/v2\/posts"}],"about":[{"href":"https:\/\/www.revistarambla.com\/en\/wp-json\/wp\/v2\/types\/post"}],"author":[{"embeddable":true,"href":"https:\/\/www.revistarambla.com\/en\/wp-json\/wp\/v2\/users\/15"}],"replies":[{"embeddable":true,"href":"https:\/\/www.revistarambla.com\/en\/wp-json\/wp\/v2\/comments?post=16813"}],"version-history":[{"count":0,"href":"https:\/\/www.revistarambla.com\/en\/wp-json\/wp\/v2\/posts\/16813\/revisions"}],"wp:featuredmedia":[{"embeddable":true,"href":"https:\/\/www.revistarambla.com\/en\/wp-json\/wp\/v2\/media\/16814"}],"wp:attachment":[{"href":"https:\/\/www.revistarambla.com\/en\/wp-json\/wp\/v2\/media?parent=16813"}],"wp:term":[{"taxonomy":"category","embeddable":true,"href":"https:\/\/www.revistarambla.com\/en\/wp-json\/wp\/v2\/categories?post=16813"},{"taxonomy":"post_tag","embeddable":true,"href":"https:\/\/www.revistarambla.com\/en\/wp-json\/wp\/v2\/tags?post=16813"}],"curies":[{"name":"wp","href":"https:\/\/api.w.org\/{rel}","templated":true}]}}