{"id":1679,"date":"2012-05-11T05:08:07","date_gmt":"2012-05-11T03:08:07","guid":{"rendered":"https:\/\/www.revistarambla.com\/el-baile-irene-nemirovski\/"},"modified":"2021-12-10T12:23:45","modified_gmt":"2021-12-10T11:23:45","slug":"el-baile-irene-nemirovski","status":"publish","type":"post","link":"https:\/\/www.revistarambla.com\/en\/el-baile-irene-nemirovski\/","title":{"rendered":"&#8216;El baile&#8217; de Ir\u00e8ne N\u00e8mirovski"},"content":{"rendered":"<div>\n<dl id=\"attachment_31789\">\n<dt>\n<p><figure style=\"width: 350px\" class=\"wp-caption alignright\"><img decoding=\"async\" src=\"https:\/\/www.revistarambla.com\/wp-content\/uploads\/2012\/05\/Irene_Nemirovsky_25yo-172x300.jpg\" alt=\"\" width=\"350\" height=\"610\" \/><figcaption class=\"wp-caption-text\">Ir\u00e8ne N\u00e8mirovski a los 25 a\u00f1os.<\/figcaption><\/figure><\/dt>\n<\/dl>\n<\/div>\n<p>Tras un\u00a0 golpe de suerte en el mundo burs\u00e1til a mediados de 1936; cuando Europa segu\u00eda convulsionada por el fascismo, Alfred Kampf se volvi\u00f3 millonario. Desde ese d\u00eda\u00a0 se terminaron \u00a0los duros a\u00f1os de una vida llena de estrecheces en la rue Favart y los reproches de Rosine, su mujer, que \u00a0nunca pens\u00f3 que\u00a0 saldr\u00eda \u00a0del t\u00fanel de la miseria. Un buen d\u00eda los Kampf se instalan en una de las zonas nobles de Par\u00eds, pero \u00a0el brillo de la aristocracia, a ellos ni siquiera les alcanza a rozar pues el dinero aunque disfraza, no otorga reconocimiento social; pero Rosine no se lo termina de creer, aquella nueva posici\u00f3n social significa un hecho demasiado\u00a0 transcendente para una vida relegada a caprichos y remilgos. Hostiga a los criados que viven a sus servicios, trata de usted a su marido; se inclina por los \u00a0buenos modales con obligada necesidad y centra su atenci\u00f3n en \u00a0Antoinette, su hija que con tan solo catorce a\u00f1os desea el amor de los adultos con el ansia de alguien que teme la soledad. Antoinette, hubiera preferido tener otra madre, detesta que Rosine le corrija las posturas en la mesa y un d\u00eda en silencio, le declara la guerra, \u00a0critica su arribismo, su car\u00e1cter descolocado porque la madre vive frustrada y dispuesta al reconocimiento social. Miss Betty, ama de llaves inglesa que parece m\u00e1s arist\u00f3crata que la due\u00f1a de casa, lo sabe todo, agacha la cabeza y hace caso a \u00a0todas las \u00f3rdenes de aquella complicada mujer enemiga de s\u00ed misma.\u00a0 En cambio Alfred Kampf sobrelleva su \u00a0nueva vida con decoro y sin esperar m\u00e1s. Ahora bien; un d\u00eda\u00a0 de pronto a Rosine se le ocurre la idea brillante de ofrecer un baile para condes y dem\u00e1s personajes importantes que componen la burgues\u00eda parisiense. Sabe bien que un baile en su casa resultar\u00e1 una inversi\u00f3n antes que una p\u00e9rdida de tiempo. En adelante, todo se centrar\u00e1 en los preparativos para tal importante acontecimiento que parece celebrar solo ella. \u00a0El d\u00eda que miss Betty sale \u00a0a entregar las invitaciones por el correo postal, \u00a0Antoinette la acompa\u00f1a y se la entrega personalmente a su maestra de piano. Ese d\u00eda, un hecho inusitado resume toda la venganza que hace de esta historia un soplo hiriente de por vida. Un argumento sencillo, imbuido de detalles psicol\u00f3gicos en cada uno de los personajes que componen esta peque\u00f1a pieza de baile con una tremenda fuerza que cabe en pocas palabras. El d\u00eda del baile \u00a0llega al fin y as\u00ed tambi\u00e9n la dura realidad que a veces ronda a la vuelta de la esquina. L\u00e1grimas y risas en un abrazo cari\u00f1oso cargado de inteligencia pero tambi\u00e9n de iron\u00eda, con joyas incrustadas de piedras preciosas y la mirada marchita.<\/p>\n<p>Ir\u00e8ne N\u00e8mirovski, la autora de esta singular novela, ten\u00eda diecis\u00e9is a\u00f1os cuando tras la revoluci\u00f3n rusa de 1917 se instal\u00f3 con sus padres en Par\u00eds. Luego de licenciarse en la Sorbona envi\u00f3 su primera novela, David Golder \u00a0a la editorial Grasset pero olvid\u00f3 incluir en el manuscrito su nombre y su direcci\u00f3n, solamente hab\u00eda anotado un apartado de correos. El editor Bernard Grasset public\u00f3 un anuncio en los peri\u00f3dicos invitando al autor a que se diera a conocer. En adelante Ir\u00e8ne N\u00e8mirovski\u00a0 se consagr\u00f3 como una de las autoras revelaci\u00f3n de aquel entonces. \u00a0Su origen jud\u00edo, a\u00f1os m\u00e1s tarde a ella y a su marido los condujo al error humano de Auschwitz, pero sus novelas rescatadas en el tiempo perdurar\u00e1n consagr\u00e1ndola como una de las autoras imprescindibles del siglo XX. En el a\u00f1o 2004 p\u00f3stumamente recibi\u00f3 el premio Renaudot, por Suite Francesa, novela de largo aliento donde narra el despertar de la invasi\u00f3n alemana. Retrata el Par\u00eds de aquellos a\u00f1os \u00a0pero sobre todo el transcurrir de los distintos estratos sociales que conflu\u00edan ya entonces bajo el mismo cielo de la ciudad luz.<\/p>","protected":false},"excerpt":{"rendered":"<p>Tras un\u00a0 golpe de suerte en el mundo burs\u00e1til a mediados de 1936; cuando Europa segu\u00eda convulsionada por el fascismo, Alfred Kampf se volvi\u00f3 millonario. Desde ese d\u00eda\u00a0 se terminaron \u00a0los duros a\u00f1os de una vida llena de estrecheces en la rue Favart y los reproches de Rosine, su mujer, [&hellip;]<\/p>\n","protected":false},"author":48,"featured_media":31789,"comment_status":"open","ping_status":"open","sticky":false,"template":"","format":"standard","meta":{"footnotes":""},"categories":[4,60],"tags":[],"class_list":["post-1679","post","type-post","status-publish","format-standard","has-post-thumbnail","hentry","category-cultura","category-libros"],"yoast_head":"<!-- This site is optimized with the Yoast SEO plugin v27.5 - https:\/\/yoast.com\/product\/yoast-seo-wordpress\/ -->\n<title>&#039;El baile&#039; de Ir\u00e8ne N\u00e8mirovski - Revista Rambla<\/title>\n<meta name=\"robots\" content=\"index, follow, max-snippet:-1, max-image-preview:large, max-video-preview:-1\" \/>\n<link rel=\"canonical\" href=\"https:\/\/www.revistarambla.com\/en\/el-baile-irene-nemirovski\/\" \/>\n<meta property=\"og:locale\" content=\"en_GB\" \/>\n<meta property=\"og:type\" content=\"article\" \/>\n<meta property=\"og:title\" content=\"&#039;El baile&#039; de Ir\u00e8ne N\u00e8mirovski - Revista Rambla\" \/>\n<meta property=\"og:description\" content=\"Tras un\u00a0 golpe de suerte en el mundo burs\u00e1til a mediados de 1936; cuando Europa segu\u00eda convulsionada por el fascismo, Alfred Kampf se volvi\u00f3 millonario. Desde ese d\u00eda\u00a0 se terminaron \u00a0los duros a\u00f1os de una vida llena de estrecheces en la rue Favart y los reproches de Rosine, su mujer, [&hellip;]\" \/>\n<meta property=\"og:url\" content=\"https:\/\/www.revistarambla.com\/en\/el-baile-irene-nemirovski\/\" \/>\n<meta property=\"og:site_name\" content=\"Revista Rambla\" \/>\n<meta property=\"article:publisher\" content=\"https:\/\/www.facebook.com\/revistarambla\/\" \/>\n<meta property=\"article:published_time\" content=\"2012-05-11T03:08:07+00:00\" \/>\n<meta property=\"article:modified_time\" content=\"2021-12-10T11:23:45+00:00\" \/>\n<meta property=\"og:image\" content=\"https:\/\/www.revistarambla.com\/wp-content\/uploads\/2012\/05\/Irene_Nemirovsky_25yo.jpg\" \/>\n\t<meta property=\"og:image:width\" content=\"860\" \/>\n\t<meta property=\"og:image:height\" content=\"1500\" \/>\n\t<meta property=\"og:image:type\" content=\"image\/jpeg\" \/>\n<meta name=\"author\" content=\"Cristian Jara Alvarado\" \/>\n<meta name=\"twitter:card\" content=\"summary_large_image\" \/>\n<meta name=\"twitter:creator\" content=\"@revistarambla\" \/>\n<meta name=\"twitter:site\" content=\"@revistarambla\" \/>\n<meta name=\"twitter:label1\" content=\"Written by\" \/>\n\t<meta name=\"twitter:data1\" content=\"Cristian Jara Alvarado\" \/>\n\t<meta name=\"twitter:label2\" content=\"Estimated reading time\" \/>\n\t<meta name=\"twitter:data2\" content=\"4 minutes\" \/>\n<script type=\"application\/ld+json\" class=\"yoast-schema-graph\">{\"@context\":\"https:\\\/\\\/schema.org\",\"@graph\":[{\"@type\":\"Article\",\"@id\":\"https:\\\/\\\/www.revistarambla.com\\\/el-baile-irene-nemirovski\\\/#article\",\"isPartOf\":{\"@id\":\"https:\\\/\\\/www.revistarambla.com\\\/el-baile-irene-nemirovski\\\/\"},\"author\":{\"name\":\"Cristian Jara Alvarado\",\"@id\":\"https:\\\/\\\/www.revistarambla.com\\\/#\\\/schema\\\/person\\\/1533ce1c5e463a7ffe5cde703d920ee6\"},\"headline\":\"&#8216;El baile&#8217; de Ir\u00e8ne N\u00e8mirovski\",\"datePublished\":\"2012-05-11T03:08:07+00:00\",\"dateModified\":\"2021-12-10T11:23:45+00:00\",\"mainEntityOfPage\":{\"@id\":\"https:\\\/\\\/www.revistarambla.com\\\/el-baile-irene-nemirovski\\\/\"},\"wordCount\":710,\"commentCount\":0,\"publisher\":{\"@id\":\"https:\\\/\\\/www.revistarambla.com\\\/#organization\"},\"image\":{\"@id\":\"https:\\\/\\\/www.revistarambla.com\\\/el-baile-irene-nemirovski\\\/#primaryimage\"},\"thumbnailUrl\":\"https:\\\/\\\/www.revistarambla.com\\\/wp-content\\\/uploads\\\/2012\\\/05\\\/Irene_Nemirovsky_25yo.jpg\",\"articleSection\":[\"Cultura\",\"Libros\"],\"inLanguage\":\"en-GB\",\"potentialAction\":[{\"@type\":\"CommentAction\",\"name\":\"Comment\",\"target\":[\"https:\\\/\\\/www.revistarambla.com\\\/el-baile-irene-nemirovski\\\/#respond\"]}]},{\"@type\":\"WebPage\",\"@id\":\"https:\\\/\\\/www.revistarambla.com\\\/el-baile-irene-nemirovski\\\/\",\"url\":\"https:\\\/\\\/www.revistarambla.com\\\/el-baile-irene-nemirovski\\\/\",\"name\":\"'El baile' de Ir\u00e8ne N\u00e8mirovski - Revista Rambla\",\"isPartOf\":{\"@id\":\"https:\\\/\\\/www.revistarambla.com\\\/#website\"},\"primaryImageOfPage\":{\"@id\":\"https:\\\/\\\/www.revistarambla.com\\\/el-baile-irene-nemirovski\\\/#primaryimage\"},\"image\":{\"@id\":\"https:\\\/\\\/www.revistarambla.com\\\/el-baile-irene-nemirovski\\\/#primaryimage\"},\"thumbnailUrl\":\"https:\\\/\\\/www.revistarambla.com\\\/wp-content\\\/uploads\\\/2012\\\/05\\\/Irene_Nemirovsky_25yo.jpg\",\"datePublished\":\"2012-05-11T03:08:07+00:00\",\"dateModified\":\"2021-12-10T11:23:45+00:00\",\"breadcrumb\":{\"@id\":\"https:\\\/\\\/www.revistarambla.com\\\/el-baile-irene-nemirovski\\\/#breadcrumb\"},\"inLanguage\":\"en-GB\",\"potentialAction\":[{\"@type\":\"ReadAction\",\"target\":[\"https:\\\/\\\/www.revistarambla.com\\\/el-baile-irene-nemirovski\\\/\"]}]},{\"@type\":\"ImageObject\",\"inLanguage\":\"en-GB\",\"@id\":\"https:\\\/\\\/www.revistarambla.com\\\/el-baile-irene-nemirovski\\\/#primaryimage\",\"url\":\"https:\\\/\\\/www.revistarambla.com\\\/wp-content\\\/uploads\\\/2012\\\/05\\\/Irene_Nemirovsky_25yo.jpg\",\"contentUrl\":\"https:\\\/\\\/www.revistarambla.com\\\/wp-content\\\/uploads\\\/2012\\\/05\\\/Irene_Nemirovsky_25yo.jpg\",\"width\":860,\"height\":1500},{\"@type\":\"BreadcrumbList\",\"@id\":\"https:\\\/\\\/www.revistarambla.com\\\/el-baile-irene-nemirovski\\\/#breadcrumb\",\"itemListElement\":[{\"@type\":\"ListItem\",\"position\":1,\"name\":\"Portada\",\"item\":\"https:\\\/\\\/www.revistarambla.com\\\/\"},{\"@type\":\"ListItem\",\"position\":2,\"name\":\"&#8216;El baile&#8217; de Ir\u00e8ne N\u00e8mirovski\"}]},{\"@type\":\"WebSite\",\"@id\":\"https:\\\/\\\/www.revistarambla.com\\\/#website\",\"url\":\"https:\\\/\\\/www.revistarambla.com\\\/\",\"name\":\"Revista Rambla Barcelona\",\"description\":\"Periodismo independiente\",\"publisher\":{\"@id\":\"https:\\\/\\\/www.revistarambla.com\\\/#organization\"},\"potentialAction\":[{\"@type\":\"SearchAction\",\"target\":{\"@type\":\"EntryPoint\",\"urlTemplate\":\"https:\\\/\\\/www.revistarambla.com\\\/?s={search_term_string}\"},\"query-input\":{\"@type\":\"PropertyValueSpecification\",\"valueRequired\":true,\"valueName\":\"search_term_string\"}}],\"inLanguage\":\"en-GB\"},{\"@type\":\"Organization\",\"@id\":\"https:\\\/\\\/www.revistarambla.com\\\/#organization\",\"name\":\"Revista Rambla\",\"url\":\"https:\\\/\\\/www.revistarambla.com\\\/\",\"logo\":{\"@type\":\"ImageObject\",\"inLanguage\":\"en-GB\",\"@id\":\"https:\\\/\\\/www.revistarambla.com\\\/#\\\/schema\\\/logo\\\/image\\\/\",\"url\":\"https:\\\/\\\/www.revistarambla.com\\\/wp-content\\\/uploads\\\/2020\\\/09\\\/banner_rambla_1900x600_BB.png\",\"contentUrl\":\"https:\\\/\\\/www.revistarambla.com\\\/wp-content\\\/uploads\\\/2020\\\/09\\\/banner_rambla_1900x600_BB.png\",\"width\":1900,\"height\":600,\"caption\":\"Revista Rambla\"},\"image\":{\"@id\":\"https:\\\/\\\/www.revistarambla.com\\\/#\\\/schema\\\/logo\\\/image\\\/\"},\"sameAs\":[\"https:\\\/\\\/www.facebook.com\\\/revistarambla\\\/\",\"https:\\\/\\\/x.com\\\/revistarambla\",\"https:\\\/\\\/www.instagram.com\\\/revista_rambla\",\"https:\\\/\\\/es.linkedin.com\\\/company\\\/revista-rambla\"]},{\"@type\":\"Person\",\"@id\":\"https:\\\/\\\/www.revistarambla.com\\\/#\\\/schema\\\/person\\\/1533ce1c5e463a7ffe5cde703d920ee6\",\"name\":\"Cristian Jara Alvarado\",\"description\":\"Narrador, guionista y editor.\"}]}<\/script>\n<!-- \/ Yoast SEO plugin. -->","yoast_head_json":{"title":"'El baile' de Ir\u00e8ne N\u00e8mirovski - Revista Rambla","robots":{"index":"index","follow":"follow","max-snippet":"max-snippet:-1","max-image-preview":"max-image-preview:large","max-video-preview":"max-video-preview:-1"},"canonical":"https:\/\/www.revistarambla.com\/en\/el-baile-irene-nemirovski\/","og_locale":"en_GB","og_type":"article","og_title":"'El baile' de Ir\u00e8ne N\u00e8mirovski - Revista Rambla","og_description":"Tras un\u00a0 golpe de suerte en el mundo burs\u00e1til a mediados de 1936; cuando Europa segu\u00eda convulsionada por el fascismo, Alfred Kampf se volvi\u00f3 millonario. Desde ese d\u00eda\u00a0 se terminaron \u00a0los duros a\u00f1os de una vida llena de estrecheces en la rue Favart y los reproches de Rosine, su mujer, [&hellip;]","og_url":"https:\/\/www.revistarambla.com\/en\/el-baile-irene-nemirovski\/","og_site_name":"Revista Rambla","article_publisher":"https:\/\/www.facebook.com\/revistarambla\/","article_published_time":"2012-05-11T03:08:07+00:00","article_modified_time":"2021-12-10T11:23:45+00:00","og_image":[{"width":860,"height":1500,"url":"https:\/\/www.revistarambla.com\/wp-content\/uploads\/2012\/05\/Irene_Nemirovsky_25yo.jpg","type":"image\/jpeg"}],"author":"Cristian Jara Alvarado","twitter_card":"summary_large_image","twitter_creator":"@revistarambla","twitter_site":"@revistarambla","twitter_misc":{"Written by":"Cristian Jara Alvarado","Estimated reading time":"4 minutes"},"schema":{"@context":"https:\/\/schema.org","@graph":[{"@type":"Article","@id":"https:\/\/www.revistarambla.com\/el-baile-irene-nemirovski\/#article","isPartOf":{"@id":"https:\/\/www.revistarambla.com\/el-baile-irene-nemirovski\/"},"author":{"name":"Cristian Jara Alvarado","@id":"https:\/\/www.revistarambla.com\/#\/schema\/person\/1533ce1c5e463a7ffe5cde703d920ee6"},"headline":"&#8216;El baile&#8217; de Ir\u00e8ne N\u00e8mirovski","datePublished":"2012-05-11T03:08:07+00:00","dateModified":"2021-12-10T11:23:45+00:00","mainEntityOfPage":{"@id":"https:\/\/www.revistarambla.com\/el-baile-irene-nemirovski\/"},"wordCount":710,"commentCount":0,"publisher":{"@id":"https:\/\/www.revistarambla.com\/#organization"},"image":{"@id":"https:\/\/www.revistarambla.com\/el-baile-irene-nemirovski\/#primaryimage"},"thumbnailUrl":"https:\/\/www.revistarambla.com\/wp-content\/uploads\/2012\/05\/Irene_Nemirovsky_25yo.jpg","articleSection":["Cultura","Libros"],"inLanguage":"en-GB","potentialAction":[{"@type":"CommentAction","name":"Comment","target":["https:\/\/www.revistarambla.com\/el-baile-irene-nemirovski\/#respond"]}]},{"@type":"WebPage","@id":"https:\/\/www.revistarambla.com\/el-baile-irene-nemirovski\/","url":"https:\/\/www.revistarambla.com\/el-baile-irene-nemirovski\/","name":"'El baile' de Ir\u00e8ne N\u00e8mirovski - Revista Rambla","isPartOf":{"@id":"https:\/\/www.revistarambla.com\/#website"},"primaryImageOfPage":{"@id":"https:\/\/www.revistarambla.com\/el-baile-irene-nemirovski\/#primaryimage"},"image":{"@id":"https:\/\/www.revistarambla.com\/el-baile-irene-nemirovski\/#primaryimage"},"thumbnailUrl":"https:\/\/www.revistarambla.com\/wp-content\/uploads\/2012\/05\/Irene_Nemirovsky_25yo.jpg","datePublished":"2012-05-11T03:08:07+00:00","dateModified":"2021-12-10T11:23:45+00:00","breadcrumb":{"@id":"https:\/\/www.revistarambla.com\/el-baile-irene-nemirovski\/#breadcrumb"},"inLanguage":"en-GB","potentialAction":[{"@type":"ReadAction","target":["https:\/\/www.revistarambla.com\/el-baile-irene-nemirovski\/"]}]},{"@type":"ImageObject","inLanguage":"en-GB","@id":"https:\/\/www.revistarambla.com\/el-baile-irene-nemirovski\/#primaryimage","url":"https:\/\/www.revistarambla.com\/wp-content\/uploads\/2012\/05\/Irene_Nemirovsky_25yo.jpg","contentUrl":"https:\/\/www.revistarambla.com\/wp-content\/uploads\/2012\/05\/Irene_Nemirovsky_25yo.jpg","width":860,"height":1500},{"@type":"BreadcrumbList","@id":"https:\/\/www.revistarambla.com\/el-baile-irene-nemirovski\/#breadcrumb","itemListElement":[{"@type":"ListItem","position":1,"name":"Portada","item":"https:\/\/www.revistarambla.com\/"},{"@type":"ListItem","position":2,"name":"&#8216;El baile&#8217; de Ir\u00e8ne N\u00e8mirovski"}]},{"@type":"WebSite","@id":"https:\/\/www.revistarambla.com\/#website","url":"https:\/\/www.revistarambla.com\/","name":"Revista Rambla Barcelona","description":"Periodismo independiente","publisher":{"@id":"https:\/\/www.revistarambla.com\/#organization"},"potentialAction":[{"@type":"SearchAction","target":{"@type":"EntryPoint","urlTemplate":"https:\/\/www.revistarambla.com\/?s={search_term_string}"},"query-input":{"@type":"PropertyValueSpecification","valueRequired":true,"valueName":"search_term_string"}}],"inLanguage":"en-GB"},{"@type":"Organization","@id":"https:\/\/www.revistarambla.com\/#organization","name":"Revista Rambla","url":"https:\/\/www.revistarambla.com\/","logo":{"@type":"ImageObject","inLanguage":"en-GB","@id":"https:\/\/www.revistarambla.com\/#\/schema\/logo\/image\/","url":"https:\/\/www.revistarambla.com\/wp-content\/uploads\/2020\/09\/banner_rambla_1900x600_BB.png","contentUrl":"https:\/\/www.revistarambla.com\/wp-content\/uploads\/2020\/09\/banner_rambla_1900x600_BB.png","width":1900,"height":600,"caption":"Revista Rambla"},"image":{"@id":"https:\/\/www.revistarambla.com\/#\/schema\/logo\/image\/"},"sameAs":["https:\/\/www.facebook.com\/revistarambla\/","https:\/\/x.com\/revistarambla","https:\/\/www.instagram.com\/revista_rambla","https:\/\/es.linkedin.com\/company\/revista-rambla"]},{"@type":"Person","@id":"https:\/\/www.revistarambla.com\/#\/schema\/person\/1533ce1c5e463a7ffe5cde703d920ee6","name":"Cristian Jara Alvarado","description":"Narrador, guionista y editor."}]}},"_links":{"self":[{"href":"https:\/\/www.revistarambla.com\/en\/wp-json\/wp\/v2\/posts\/1679","targetHints":{"allow":["GET"]}}],"collection":[{"href":"https:\/\/www.revistarambla.com\/en\/wp-json\/wp\/v2\/posts"}],"about":[{"href":"https:\/\/www.revistarambla.com\/en\/wp-json\/wp\/v2\/types\/post"}],"author":[{"embeddable":true,"href":"https:\/\/www.revistarambla.com\/en\/wp-json\/wp\/v2\/users\/48"}],"replies":[{"embeddable":true,"href":"https:\/\/www.revistarambla.com\/en\/wp-json\/wp\/v2\/comments?post=1679"}],"version-history":[{"count":0,"href":"https:\/\/www.revistarambla.com\/en\/wp-json\/wp\/v2\/posts\/1679\/revisions"}],"wp:featuredmedia":[{"embeddable":true,"href":"https:\/\/www.revistarambla.com\/en\/wp-json\/wp\/v2\/media\/31789"}],"wp:attachment":[{"href":"https:\/\/www.revistarambla.com\/en\/wp-json\/wp\/v2\/media?parent=1679"}],"wp:term":[{"taxonomy":"category","embeddable":true,"href":"https:\/\/www.revistarambla.com\/en\/wp-json\/wp\/v2\/categories?post=1679"},{"taxonomy":"post_tag","embeddable":true,"href":"https:\/\/www.revistarambla.com\/en\/wp-json\/wp\/v2\/tags?post=1679"}],"curies":[{"name":"wp","href":"https:\/\/api.w.org\/{rel}","templated":true}]}}