{"id":1678,"date":"2012-05-10T13:11:09","date_gmt":"2012-05-10T11:11:09","guid":{"rendered":"https:\/\/www.revistarambla.com\/eduardo-galeano-en-la-universitat-de-barcelona\/"},"modified":"2021-12-20T19:23:44","modified_gmt":"2021-12-20T18:23:44","slug":"eduardo-galeano-en-la-universitat-de-barcelona","status":"publish","type":"post","link":"https:\/\/www.revistarambla.com\/en\/eduardo-galeano-en-la-universitat-de-barcelona\/","title":{"rendered":"El escritor uruguayo Eduardo Galeano presenta en Barcelona &#8216;Los hijos de los d\u00edas&#8217;"},"content":{"rendered":"<p><img decoding=\"async\" class=\"aligncenter\" src=\"https:\/\/www.revistarambla.com\/wp-content\/uploads\/2012\/05\/eduardo_galiano01.jpg\" alt=\"alt\" width=\"550\" height=\"321\" \/><\/p>\n<p>Galeano es un escritor que goza de una fuerte popularidad en los pa\u00edses de habla hispana, es una especie de gu\u00eda espiritual para muchos y una de las plumas m\u00e1s populares a la hora de describir Am\u00e9rica Latina.<\/p>\n<p>Y eso se nota en la gran afluencia de p\u00fablico que siempre atrae, la fila de seguidores que espera se abran las puertas del Paraninf, donde se present\u00f3, lleva casi una hora, y es que seg\u00fan el rector Did\u00e1c Ram\u00edrez, el lugar no estaba tan repleto desde la visita de Johan Cruyff a\u00f1os atr\u00e1s, incluso, ha quedado gente sin poder ingresar y para quienes se ha dispuesto una sala donde podr\u00e1n seguir la conferencia por medio de una pantalla gigante.<\/p>\n<p>Nos logramos ubicar a un costado, no queda ning\u00fan asiento disponible, hay gente parada o sentada en el suelo y ese silencio de espera recuerda a ratos una ceremonia religiosa.<\/p>\n<p>Entonces, puntualmente aparece Galeano y la gente se pone de pie para ovacionarlo, \u00e9l tambi\u00e9n aplaude y se ve en el batir de sus manos y luego en su cansada voz, que sus setenta y un a\u00f1os, sus m\u00e1s de treinta publicaciones y sus viajes por el mundo lo tienen de cuerpo cansado.<\/p>\n<p>Las palabras de introducci\u00f3n vinieron por parte del director general de Casa Am\u00e9rica\u00a0 Catalunya, Antoni Traveria, y del propio rector de la Universitat de Barcelona, quien se\u00f1al\u00f3 lo vigente que sigue hasta hoy la obra del uruguayo, y no se qued\u00f3 solo en la frase, sino que citando \u201cLas venas abiertas de Am\u00e9rica Latina\u201d, quiz\u00e1s su libro m\u00e1s famoso, compar\u00f3 lo relatado por el escritor hace m\u00e1s de cuarenta a\u00f1os con las situaciones que se siguen viviendo hoy, como el caso de Repsol en Argentina, reflexi\u00f3n que le vali\u00f3 un fuerte aplauso.<\/p>\n<p><img decoding=\"async\" class=\"alignright\" src=\"https:\/\/www.revistarambla.com\/wp-content\/uploads\/2012\/05\/eduardo_galiano02.jpg\" alt=\"alt\" width=\"300\" height=\"511\" \/>La presentaci\u00f3n no fue extensa, adem\u00e1s de las palabras de agradecimiento y un par de recomendaciones sobre la firma de ejemplares al final, los anfitriones abandonaron la mesa para dejar al visitante con un p\u00fablico que quer\u00eda escuchar de su propia voz algunos fragmentos de \u201cLos hijos de los d\u00edas\u201d, su m\u00e1s reciente obra.<\/p>\n<p>Y la lectura que hizo se pase\u00f3 por m\u00e1s de treinta de sus microrelatos, y en ella saluda las nuevas constituciones de Bolivia y Ecuador, homenajea al Che Guevara, Emiliano Zapata y Augusto C\u00e9sar Sandino, cuenta la historia de Macarena, la nieta secuestrada de Juan Gelman y la del zapato de Rosa Luxenburg.<\/p>\n<p>Pero tambi\u00e9n se sirve de met\u00e1foras que est\u00e1n como siempre en el l\u00edmite entre el humor y la ternura\u00a0 para ilustrar , por ejemplo, los fracasos en las cumbres de naciones o la derrota empresarial de los McDonald\u2019s bolivianos<\/p>\n<p>La ovaci\u00f3n es contundente, cada dos minutos se escucha el aplauso fuerte del p\u00fablico, y es que as historias que lee son de una extensi\u00f3n menor a una p\u00e1gina, hay algunas que no sobrepasan las cinco l\u00edneas, seg\u00fan explica.<\/p>\n<p>Sentada al lado nuestro una se\u00f1ora no cabe de la emoci\u00f3n, tiene en sus manos el ejemplar de la obra presentada, se la pido, es extra\u00f1o, nunca hab\u00eda tenido un libro de Galeano tan bien encuadernado; este tiene un empaste de tapas duras diferente al de cart\u00f3n blando com\u00fan en sus libros, pero el dise\u00f1o de sus p\u00e1ginas es el de siempre, un escrito corto en cada una de ellas que deja a ratos un gran espacio blanco sin tinta, con su cl\u00e1sico marco de delgada l\u00ednea negra en cada hoja.<\/p>\n<p>Es que quiz\u00e1s ese mismo libro de m\u00e1s de cuatrocientas p\u00e1ginas cabr\u00eda solo en doscientas, pero el formato ya es parte de su sello y a la gente parece gustarle as\u00ed.<\/p>\n<p>Y ah\u00ed esta la se\u00f1ora, esperando que llegue el final para obtener una firma y una dedicatoria, tal como esperan muchos m\u00e1s que parecen no salir de un estado de \u00e9xtasis cada vez que el uruguayo comienza a leer esas peque\u00f1as historias que escribi\u00f3 para cada d\u00eda del a\u00f1o.<\/p>","protected":false},"excerpt":{"rendered":"<p>Eduardo Galeano esta de visita en Barcelona, y viene con un libro bajo la manga, una especie de calendario donde cada d\u00eda tiene un peque\u00f1o relato que versa sobre pol\u00edtica, cuidado medio ambiente, f\u00fatbol y amor, los temas que viene escribiendo desde hace casi cincuenta a\u00f1os<\/p>","protected":false},"author":75,"featured_media":0,"comment_status":"open","ping_status":"open","sticky":false,"template":"","format":"standard","meta":{"footnotes":""},"categories":[4,60],"tags":[],"class_list":["post-1678","post","type-post","status-publish","format-standard","hentry","category-cultura","category-libros"],"yoast_head":"<!-- This site is optimized with the Yoast SEO plugin v27.5 - https:\/\/yoast.com\/product\/yoast-seo-wordpress\/ -->\n<title>El escritor uruguayo Eduardo Galeano presenta en Barcelona &#039;Los hijos de los d\u00edas&#039; - Revista Rambla<\/title>\n<meta name=\"robots\" content=\"index, follow, max-snippet:-1, max-image-preview:large, max-video-preview:-1\" \/>\n<link rel=\"canonical\" href=\"https:\/\/www.revistarambla.com\/en\/eduardo-galeano-en-la-universitat-de-barcelona\/\" \/>\n<meta property=\"og:locale\" content=\"en_GB\" \/>\n<meta property=\"og:type\" content=\"article\" \/>\n<meta property=\"og:title\" content=\"El escritor uruguayo Eduardo Galeano presenta en Barcelona &#039;Los hijos de los d\u00edas&#039; - Revista Rambla\" \/>\n<meta property=\"og:description\" content=\"Eduardo Galeano esta de visita en Barcelona, y viene con un libro bajo la manga, una especie de calendario donde cada d\u00eda tiene un peque\u00f1o relato que versa sobre pol\u00edtica, cuidado medio ambiente, f\u00fatbol y amor, los temas que viene escribiendo desde hace casi cincuenta a\u00f1os\" \/>\n<meta property=\"og:url\" content=\"https:\/\/www.revistarambla.com\/en\/eduardo-galeano-en-la-universitat-de-barcelona\/\" \/>\n<meta property=\"og:site_name\" content=\"Revista Rambla\" \/>\n<meta property=\"article:publisher\" content=\"https:\/\/www.facebook.com\/revistarambla\/\" \/>\n<meta property=\"article:published_time\" content=\"2012-05-10T11:11:09+00:00\" \/>\n<meta property=\"article:modified_time\" content=\"2021-12-20T18:23:44+00:00\" \/>\n<meta property=\"og:image\" content=\"https:\/\/www.revistarambla.com\/wp-content\/uploads\/2012\/05\/eduardo_galiano00.jpg\" \/>\n\t<meta property=\"og:image:width\" content=\"275\" \/>\n\t<meta property=\"og:image:height\" content=\"155\" \/>\n\t<meta property=\"og:image:type\" content=\"image\/jpeg\" \/>\n<meta name=\"author\" content=\"Juan Manuel Zurita Soto\" \/>\n<meta name=\"twitter:card\" content=\"summary_large_image\" \/>\n<meta name=\"twitter:creator\" content=\"@revistarambla\" \/>\n<meta name=\"twitter:site\" content=\"@revistarambla\" \/>\n<meta name=\"twitter:label1\" content=\"Written by\" \/>\n\t<meta name=\"twitter:data1\" content=\"Juan Manuel Zurita Soto\" \/>\n\t<meta name=\"twitter:label2\" content=\"Estimated reading time\" \/>\n\t<meta name=\"twitter:data2\" content=\"4 minutes\" \/>\n<script type=\"application\/ld+json\" class=\"yoast-schema-graph\">{\"@context\":\"https:\\\/\\\/schema.org\",\"@graph\":[{\"@type\":\"Article\",\"@id\":\"https:\\\/\\\/www.revistarambla.com\\\/eduardo-galeano-en-la-universitat-de-barcelona\\\/#article\",\"isPartOf\":{\"@id\":\"https:\\\/\\\/www.revistarambla.com\\\/eduardo-galeano-en-la-universitat-de-barcelona\\\/\"},\"author\":{\"name\":\"Juan Manuel Zurita Soto\",\"@id\":\"https:\\\/\\\/www.revistarambla.com\\\/#\\\/schema\\\/person\\\/c40e708c39e41ea1aa804e7fdab5b4d2\"},\"headline\":\"El escritor uruguayo Eduardo Galeano presenta en Barcelona &#8216;Los hijos de los d\u00edas&#8217;\",\"datePublished\":\"2012-05-10T11:11:09+00:00\",\"dateModified\":\"2021-12-20T18:23:44+00:00\",\"mainEntityOfPage\":{\"@id\":\"https:\\\/\\\/www.revistarambla.com\\\/eduardo-galeano-en-la-universitat-de-barcelona\\\/\"},\"wordCount\":724,\"commentCount\":0,\"publisher\":{\"@id\":\"https:\\\/\\\/www.revistarambla.com\\\/#organization\"},\"image\":{\"@id\":\"https:\\\/\\\/www.revistarambla.com\\\/eduardo-galeano-en-la-universitat-de-barcelona\\\/#primaryimage\"},\"thumbnailUrl\":\"https:\\\/\\\/www.revistarambla.com\\\/wp-content\\\/uploads\\\/2012\\\/05\\\/eduardo_galiano01.jpg\",\"articleSection\":[\"Cultura\",\"Libros\"],\"inLanguage\":\"en-GB\",\"potentialAction\":[{\"@type\":\"CommentAction\",\"name\":\"Comment\",\"target\":[\"https:\\\/\\\/www.revistarambla.com\\\/eduardo-galeano-en-la-universitat-de-barcelona\\\/#respond\"]}]},{\"@type\":\"WebPage\",\"@id\":\"https:\\\/\\\/www.revistarambla.com\\\/eduardo-galeano-en-la-universitat-de-barcelona\\\/\",\"url\":\"https:\\\/\\\/www.revistarambla.com\\\/eduardo-galeano-en-la-universitat-de-barcelona\\\/\",\"name\":\"El escritor uruguayo Eduardo Galeano presenta en Barcelona 'Los hijos de los d\u00edas' - Revista Rambla\",\"isPartOf\":{\"@id\":\"https:\\\/\\\/www.revistarambla.com\\\/#website\"},\"primaryImageOfPage\":{\"@id\":\"https:\\\/\\\/www.revistarambla.com\\\/eduardo-galeano-en-la-universitat-de-barcelona\\\/#primaryimage\"},\"image\":{\"@id\":\"https:\\\/\\\/www.revistarambla.com\\\/eduardo-galeano-en-la-universitat-de-barcelona\\\/#primaryimage\"},\"thumbnailUrl\":\"https:\\\/\\\/www.revistarambla.com\\\/wp-content\\\/uploads\\\/2012\\\/05\\\/eduardo_galiano01.jpg\",\"datePublished\":\"2012-05-10T11:11:09+00:00\",\"dateModified\":\"2021-12-20T18:23:44+00:00\",\"breadcrumb\":{\"@id\":\"https:\\\/\\\/www.revistarambla.com\\\/eduardo-galeano-en-la-universitat-de-barcelona\\\/#breadcrumb\"},\"inLanguage\":\"en-GB\",\"potentialAction\":[{\"@type\":\"ReadAction\",\"target\":[\"https:\\\/\\\/www.revistarambla.com\\\/eduardo-galeano-en-la-universitat-de-barcelona\\\/\"]}]},{\"@type\":\"ImageObject\",\"inLanguage\":\"en-GB\",\"@id\":\"https:\\\/\\\/www.revistarambla.com\\\/eduardo-galeano-en-la-universitat-de-barcelona\\\/#primaryimage\",\"url\":\"https:\\\/\\\/www.revistarambla.com\\\/wp-content\\\/uploads\\\/2012\\\/05\\\/eduardo_galiano01.jpg\",\"contentUrl\":\"https:\\\/\\\/www.revistarambla.com\\\/wp-content\\\/uploads\\\/2012\\\/05\\\/eduardo_galiano01.jpg\"},{\"@type\":\"BreadcrumbList\",\"@id\":\"https:\\\/\\\/www.revistarambla.com\\\/eduardo-galeano-en-la-universitat-de-barcelona\\\/#breadcrumb\",\"itemListElement\":[{\"@type\":\"ListItem\",\"position\":1,\"name\":\"Portada\",\"item\":\"https:\\\/\\\/www.revistarambla.com\\\/\"},{\"@type\":\"ListItem\",\"position\":2,\"name\":\"El escritor uruguayo Eduardo Galeano presenta en Barcelona &#8216;Los hijos de los d\u00edas&#8217;\"}]},{\"@type\":\"WebSite\",\"@id\":\"https:\\\/\\\/www.revistarambla.com\\\/#website\",\"url\":\"https:\\\/\\\/www.revistarambla.com\\\/\",\"name\":\"Revista Rambla Barcelona\",\"description\":\"Periodismo independiente\",\"publisher\":{\"@id\":\"https:\\\/\\\/www.revistarambla.com\\\/#organization\"},\"potentialAction\":[{\"@type\":\"SearchAction\",\"target\":{\"@type\":\"EntryPoint\",\"urlTemplate\":\"https:\\\/\\\/www.revistarambla.com\\\/?s={search_term_string}\"},\"query-input\":{\"@type\":\"PropertyValueSpecification\",\"valueRequired\":true,\"valueName\":\"search_term_string\"}}],\"inLanguage\":\"en-GB\"},{\"@type\":\"Organization\",\"@id\":\"https:\\\/\\\/www.revistarambla.com\\\/#organization\",\"name\":\"Revista Rambla\",\"url\":\"https:\\\/\\\/www.revistarambla.com\\\/\",\"logo\":{\"@type\":\"ImageObject\",\"inLanguage\":\"en-GB\",\"@id\":\"https:\\\/\\\/www.revistarambla.com\\\/#\\\/schema\\\/logo\\\/image\\\/\",\"url\":\"https:\\\/\\\/www.revistarambla.com\\\/wp-content\\\/uploads\\\/2020\\\/09\\\/banner_rambla_1900x600_BB.png\",\"contentUrl\":\"https:\\\/\\\/www.revistarambla.com\\\/wp-content\\\/uploads\\\/2020\\\/09\\\/banner_rambla_1900x600_BB.png\",\"width\":1900,\"height\":600,\"caption\":\"Revista Rambla\"},\"image\":{\"@id\":\"https:\\\/\\\/www.revistarambla.com\\\/#\\\/schema\\\/logo\\\/image\\\/\"},\"sameAs\":[\"https:\\\/\\\/www.facebook.com\\\/revistarambla\\\/\",\"https:\\\/\\\/x.com\\\/revistarambla\",\"https:\\\/\\\/www.instagram.com\\\/revista_rambla\",\"https:\\\/\\\/es.linkedin.com\\\/company\\\/revista-rambla\"]},{\"@type\":\"Person\",\"@id\":\"https:\\\/\\\/www.revistarambla.com\\\/#\\\/schema\\\/person\\\/c40e708c39e41ea1aa804e7fdab5b4d2\",\"name\":\"Juan Manuel Zurita Soto\",\"description\":\"Periodista.\",\"sameAs\":[\"https:\\\/\\\/www.instagram.com\\\/juanmanuelzuritasoto\\\/\",\"https:\\\/\\\/es.linkedin.com\\\/in\\\/juan-manuel-zurita-soto-7435b91b9\"]}]}<\/script>\n<!-- \/ Yoast SEO plugin. -->","yoast_head_json":{"title":"El escritor uruguayo Eduardo Galeano presenta en Barcelona 'Los hijos de los d\u00edas' - Revista Rambla","robots":{"index":"index","follow":"follow","max-snippet":"max-snippet:-1","max-image-preview":"max-image-preview:large","max-video-preview":"max-video-preview:-1"},"canonical":"https:\/\/www.revistarambla.com\/en\/eduardo-galeano-en-la-universitat-de-barcelona\/","og_locale":"en_GB","og_type":"article","og_title":"El escritor uruguayo Eduardo Galeano presenta en Barcelona 'Los hijos de los d\u00edas' - Revista Rambla","og_description":"Eduardo Galeano esta de visita en Barcelona, y viene con un libro bajo la manga, una especie de calendario donde cada d\u00eda tiene un peque\u00f1o relato que versa sobre pol\u00edtica, cuidado medio ambiente, f\u00fatbol y amor, los temas que viene escribiendo desde hace casi cincuenta a\u00f1os","og_url":"https:\/\/www.revistarambla.com\/en\/eduardo-galeano-en-la-universitat-de-barcelona\/","og_site_name":"Revista Rambla","article_publisher":"https:\/\/www.facebook.com\/revistarambla\/","article_published_time":"2012-05-10T11:11:09+00:00","article_modified_time":"2021-12-20T18:23:44+00:00","og_image":[{"width":275,"height":155,"url":"https:\/\/www.revistarambla.com\/wp-content\/uploads\/2012\/05\/eduardo_galiano00.jpg","type":"image\/jpeg"}],"author":"Juan Manuel Zurita Soto","twitter_card":"summary_large_image","twitter_creator":"@revistarambla","twitter_site":"@revistarambla","twitter_misc":{"Written by":"Juan Manuel Zurita Soto","Estimated reading time":"4 minutes"},"schema":{"@context":"https:\/\/schema.org","@graph":[{"@type":"Article","@id":"https:\/\/www.revistarambla.com\/eduardo-galeano-en-la-universitat-de-barcelona\/#article","isPartOf":{"@id":"https:\/\/www.revistarambla.com\/eduardo-galeano-en-la-universitat-de-barcelona\/"},"author":{"name":"Juan Manuel Zurita Soto","@id":"https:\/\/www.revistarambla.com\/#\/schema\/person\/c40e708c39e41ea1aa804e7fdab5b4d2"},"headline":"El escritor uruguayo Eduardo Galeano presenta en Barcelona &#8216;Los hijos de los d\u00edas&#8217;","datePublished":"2012-05-10T11:11:09+00:00","dateModified":"2021-12-20T18:23:44+00:00","mainEntityOfPage":{"@id":"https:\/\/www.revistarambla.com\/eduardo-galeano-en-la-universitat-de-barcelona\/"},"wordCount":724,"commentCount":0,"publisher":{"@id":"https:\/\/www.revistarambla.com\/#organization"},"image":{"@id":"https:\/\/www.revistarambla.com\/eduardo-galeano-en-la-universitat-de-barcelona\/#primaryimage"},"thumbnailUrl":"https:\/\/www.revistarambla.com\/wp-content\/uploads\/2012\/05\/eduardo_galiano01.jpg","articleSection":["Cultura","Libros"],"inLanguage":"en-GB","potentialAction":[{"@type":"CommentAction","name":"Comment","target":["https:\/\/www.revistarambla.com\/eduardo-galeano-en-la-universitat-de-barcelona\/#respond"]}]},{"@type":"WebPage","@id":"https:\/\/www.revistarambla.com\/eduardo-galeano-en-la-universitat-de-barcelona\/","url":"https:\/\/www.revistarambla.com\/eduardo-galeano-en-la-universitat-de-barcelona\/","name":"El escritor uruguayo Eduardo Galeano presenta en Barcelona 'Los hijos de los d\u00edas' - Revista Rambla","isPartOf":{"@id":"https:\/\/www.revistarambla.com\/#website"},"primaryImageOfPage":{"@id":"https:\/\/www.revistarambla.com\/eduardo-galeano-en-la-universitat-de-barcelona\/#primaryimage"},"image":{"@id":"https:\/\/www.revistarambla.com\/eduardo-galeano-en-la-universitat-de-barcelona\/#primaryimage"},"thumbnailUrl":"https:\/\/www.revistarambla.com\/wp-content\/uploads\/2012\/05\/eduardo_galiano01.jpg","datePublished":"2012-05-10T11:11:09+00:00","dateModified":"2021-12-20T18:23:44+00:00","breadcrumb":{"@id":"https:\/\/www.revistarambla.com\/eduardo-galeano-en-la-universitat-de-barcelona\/#breadcrumb"},"inLanguage":"en-GB","potentialAction":[{"@type":"ReadAction","target":["https:\/\/www.revistarambla.com\/eduardo-galeano-en-la-universitat-de-barcelona\/"]}]},{"@type":"ImageObject","inLanguage":"en-GB","@id":"https:\/\/www.revistarambla.com\/eduardo-galeano-en-la-universitat-de-barcelona\/#primaryimage","url":"https:\/\/www.revistarambla.com\/wp-content\/uploads\/2012\/05\/eduardo_galiano01.jpg","contentUrl":"https:\/\/www.revistarambla.com\/wp-content\/uploads\/2012\/05\/eduardo_galiano01.jpg"},{"@type":"BreadcrumbList","@id":"https:\/\/www.revistarambla.com\/eduardo-galeano-en-la-universitat-de-barcelona\/#breadcrumb","itemListElement":[{"@type":"ListItem","position":1,"name":"Portada","item":"https:\/\/www.revistarambla.com\/"},{"@type":"ListItem","position":2,"name":"El escritor uruguayo Eduardo Galeano presenta en Barcelona &#8216;Los hijos de los d\u00edas&#8217;"}]},{"@type":"WebSite","@id":"https:\/\/www.revistarambla.com\/#website","url":"https:\/\/www.revistarambla.com\/","name":"Revista Rambla Barcelona","description":"Periodismo independiente","publisher":{"@id":"https:\/\/www.revistarambla.com\/#organization"},"potentialAction":[{"@type":"SearchAction","target":{"@type":"EntryPoint","urlTemplate":"https:\/\/www.revistarambla.com\/?s={search_term_string}"},"query-input":{"@type":"PropertyValueSpecification","valueRequired":true,"valueName":"search_term_string"}}],"inLanguage":"en-GB"},{"@type":"Organization","@id":"https:\/\/www.revistarambla.com\/#organization","name":"Revista Rambla","url":"https:\/\/www.revistarambla.com\/","logo":{"@type":"ImageObject","inLanguage":"en-GB","@id":"https:\/\/www.revistarambla.com\/#\/schema\/logo\/image\/","url":"https:\/\/www.revistarambla.com\/wp-content\/uploads\/2020\/09\/banner_rambla_1900x600_BB.png","contentUrl":"https:\/\/www.revistarambla.com\/wp-content\/uploads\/2020\/09\/banner_rambla_1900x600_BB.png","width":1900,"height":600,"caption":"Revista Rambla"},"image":{"@id":"https:\/\/www.revistarambla.com\/#\/schema\/logo\/image\/"},"sameAs":["https:\/\/www.facebook.com\/revistarambla\/","https:\/\/x.com\/revistarambla","https:\/\/www.instagram.com\/revista_rambla","https:\/\/es.linkedin.com\/company\/revista-rambla"]},{"@type":"Person","@id":"https:\/\/www.revistarambla.com\/#\/schema\/person\/c40e708c39e41ea1aa804e7fdab5b4d2","name":"Juan Manuel Zurita Soto","description":"Periodista.","sameAs":["https:\/\/www.instagram.com\/juanmanuelzuritasoto\/","https:\/\/es.linkedin.com\/in\/juan-manuel-zurita-soto-7435b91b9"]}]}},"_links":{"self":[{"href":"https:\/\/www.revistarambla.com\/en\/wp-json\/wp\/v2\/posts\/1678","targetHints":{"allow":["GET"]}}],"collection":[{"href":"https:\/\/www.revistarambla.com\/en\/wp-json\/wp\/v2\/posts"}],"about":[{"href":"https:\/\/www.revistarambla.com\/en\/wp-json\/wp\/v2\/types\/post"}],"author":[{"embeddable":true,"href":"https:\/\/www.revistarambla.com\/en\/wp-json\/wp\/v2\/users\/75"}],"replies":[{"embeddable":true,"href":"https:\/\/www.revistarambla.com\/en\/wp-json\/wp\/v2\/comments?post=1678"}],"version-history":[{"count":0,"href":"https:\/\/www.revistarambla.com\/en\/wp-json\/wp\/v2\/posts\/1678\/revisions"}],"wp:attachment":[{"href":"https:\/\/www.revistarambla.com\/en\/wp-json\/wp\/v2\/media?parent=1678"}],"wp:term":[{"taxonomy":"category","embeddable":true,"href":"https:\/\/www.revistarambla.com\/en\/wp-json\/wp\/v2\/categories?post=1678"},{"taxonomy":"post_tag","embeddable":true,"href":"https:\/\/www.revistarambla.com\/en\/wp-json\/wp\/v2\/tags?post=1678"}],"curies":[{"name":"wp","href":"https:\/\/api.w.org\/{rel}","templated":true}]}}