{"id":1673,"date":"2012-05-09T09:40:11","date_gmt":"2012-05-09T07:40:11","guid":{"rendered":"https:\/\/www.revistarambla.com\/taifa-llibres-presenta-la-catalunya-antifeixista-de-j-a-pozo\/"},"modified":"2021-12-08T16:20:43","modified_gmt":"2021-12-08T15:20:43","slug":"taifa-llibres-presenta-la-catalunya-antifeixista-de-j-a-pozo","status":"publish","type":"post","link":"https:\/\/www.revistarambla.com\/en\/taifa-llibres-presenta-la-catalunya-antifeixista-de-j-a-pozo\/","title":{"rendered":"Taifa Llibres presenta &#8216;La Catalunya antifeixista&#8217;, de Josep Antoni Pozo"},"content":{"rendered":"<p>Batll\u00f3 tose repetidamente, carraspea, da la bienvenida al personal, y una alusi\u00f3n suya al car\u00e1cter conflictivo del tema del libro que se presenta esta tarde en su librer\u00eda (la tarde de ayer, un martes de mayo) le hace recordar con gesto melanc\u00f3lico lo decepcionante que resulta siempre para un hombre de izquierdas el hecho de que \u00abla izquierda se pelee con la izquierda\u00bb.<\/p>\n<p><img decoding=\"async\" class=\"aligncenter\" src=\"https:\/\/www.revistarambla.com\/wp-content\/uploads\/2012\/05\/jose.jpg\" alt=\"alt\" width=\"550\" height=\"282\" \/><\/p>\n<p>Ton Barnils, editor de Edicions Dau, crey\u00f3 conveniente empezar su intervenci\u00f3n aclarando que La Catalunya antifeixista es ante todo el resultado de las investigaciones que el Dr. Josep Antoni Pozo realiz\u00f3 en vistas a su tesis doctoral; una aclaraci\u00f3n que resulta interesante no tanto en s\u00ed misma sino por cuanto quien la dice es un editor, personaje que no suele sentirse atra\u00eddo por el aspecto \u2013y tama\u00f1o\u2013 que de ordinario ofrecen los trabajos de investigaci\u00f3n, especialmente las tesis doctorales. Tampoco quiso Barnils ahorrarse la referencia al trabajo de campo que exige una investigaci\u00f3n historiogr\u00e1fica de este tipo, la cual debe siempre bucear en archivos esparcidos a lo largo y ancho de nuestra geograf\u00eda para descubrir qui\u00e9nes eran el alcalde o el regidor del espacio y momento hist\u00f3rico estudiado. Lo que sin duda quiso decir el editor de Edicions Dau es que con tal raigambre no es casual que leyendo La Catalunya antifeixista se note el peso y la consistencia propios de una aut\u00e9ntica investigaci\u00f3n hist\u00f3rica. No estamos pues ante un libro de divulgaci\u00f3n, sino ante un estudio cr\u00edtico que revisa y cuestiona estudios hist\u00f3ricos previos.<\/p>\n<p>Por otra parte, La Catalunya antifeixista es un libro de dos, es decir, en \u00e9l su autor contin\u00faa esa l\u00ednea de investigaci\u00f3n cuyos primeros resultados hab\u00eda recogido en Poder legal y poder real en la Catalu\u00f1a revolucionaria de 1936 (Sevilla 2012).Si este primer libro se ocupaba del momento de hundimiento del Estado en 1936, el segundo quiere centrarse m\u00e1s bien en la recomposici\u00f3n estatal en el a\u00f1o siguiente. A fin de situar correctamente las tesis sostenidas en este \u00faltimo libro, el Dr. Pozo enumer\u00f3 ante su no tan reducido auditorio los temas principales de su libro, a saber: 1. el surgimiento del poder revolucionario, 2. la relaci\u00f3n de este poder con el poder real, 3. el papel de la CNT en el proceso de hundimiento del Estado, as\u00ed como los mecanismos que luego intervienen en la recomposici\u00f3n del aparato estatal.<\/p>\n<p>Uno de los conceptos que vertebraron la exposici\u00f3n del Dr. Pozo fue el de \u00abcomit\u00e9 revolucionario\u00bb, agrupaci\u00f3n que lleg\u00f3 a tener en Catalu\u00f1a un car\u00e1cter m\u00e1s representativo que el de los organismos legales del momento; un comit\u00e9 era, pues, una autoridad de facto, si bien no de iure, raz\u00f3n que para el autor de La Catalunya antifeixista aclara la escisi\u00f3n entre, por una parte, el poder real del Comit\u00e9 Central de Milicia (CCM), que controla el aparato policial-militar, y, por otra, el poder meramente nominal del gobierno de la Generalitat. \u00abSer\u00eda lo que hoy llamar\u00edamos una invasi\u00f3n de competencias\u00bb, aclara Josep Antoni Pozo, que no deja de referirse al hecho de que no todos los historiadores aceptar\u00edan esta dualidad de poderes por sonarles demasiado \u00abmarxista\u00bb, \u00abbolchevique incluso\u00bb. Como prueba de la colisi\u00f3n de dos poderes que pisan un mismo terreno el autor citaba el caso del control de paso de ciudadanos en la frontera; \u00abel control por parte del gobierno era algo m\u00e1s ficticio que real, pues los visados y los pasaportes eran controlados realmente por el CCM\u00bb.<\/p>\n<p>En relaci\u00f3n con el papel de la CNT en la formaci\u00f3n del nuevo gobierno Pozo dice haber falsado la hip\u00f3tesis que dec\u00eda algo as\u00ed como que la CNT catalana se opon\u00eda a cualquier participaci\u00f3n en los gobiernos de la Rep\u00fablica y de la Generalitat; los archivos \u2013sostiene\u2013 muestran claramente que fueron los miembros mismos de la CNT los que dieron el primer paso hacia esa participaci\u00f3n, de modo que la Constituci\u00f3n del gobierno de J. Tarradellas dej\u00f3 atr\u00e1s la escisi\u00f3n mencionada y, con ella, la CCM. Precisamente la disoluci\u00f3n de los comit\u00e9s revolucionarios mediante una serie de decretos (\u00abca\u00f1ones contra la revoluci\u00f3n\u00bb) desmantel\u00f3 los reductos de poder revolucionario a la vez que restablec\u00eda los mecanismos del estado mediante \u2013entre otras cosas\u2013 la creaci\u00f3n de un nuevo cuerpo policial que destruyese todos los cuerpos previos, no solo la Guardia Civil, sino cuerpos cuya expulsi\u00f3n fue sentida por los mismos como un ataque contra cualquier m\u00ednima noci\u00f3n de gratitud; de ah\u00ed surgi\u00f3 la disidencia, el descontento y la oposici\u00f3n que culminar\u00edan en las barricadas y una huelga general.<\/p>\n<p>Especialmente interesante sonaron a nuestros o\u00eddos dos declaraciones del autor a prop\u00f3sito de dos preguntas del p\u00fablico. \u00abEstamos en una situaci\u00f3n que tiene muchas similitudes con una situaci\u00f3n prefascista\u00bb, dec\u00eda Pozo; \u00abel desprestigio de pol\u00edticos e instituciones, junto al hecho de que las soluciones aportadas por un entramado de instituciones europeas que no son democr\u00e1ticas pueden desvelarse ineficaces, deja en el aire la pregunta: \u00bfqu\u00e9 pasar\u00e1?\u00bb; recuerda asimismo titulares del Bolet\u00edn de la Conferencia Episcopal de la Espa\u00f1a de los a\u00f1os 30, y dice que, en efecto, no hay muchas diferencias con el Bolet\u00edn que se publica a d\u00eda de hoy; por \u00faltimo, y a ra\u00edz de la repetid\u00edsima pregunta \u00ab\u00bfpor qu\u00e9 fracas\u00f3 la revoluci\u00f3n\u00bb), el autor del libro que ayer se presentaba en Taifa Llibres (c\/Verdi 12), La Catalunya antifeixista, dej\u00f3 escaparse de sus labios las siguientes palabras: \u00abla revoluci\u00f3n no se hizo porque no hab\u00eda revolucionarios que la defendiesen\u00bb, \u00abla explicaci\u00f3n que dice \u201cno se pod\u00eda hacer de otra manera\u201d es fatalismo hist\u00f3rico\u00bb.<\/p>\n<p>Seg\u00fan su autor, La Catalunya antifeixista es un libro que pone en cuesti\u00f3n el establishment acad\u00e9mico, revisa fuentes que durante largo tiempo no hab\u00edan sido extra\u00eddas de su lecho de polvo, y hace hablar de nuevo a los documentos desde una perspectiva, quiz\u00e1, un poco m\u00e1s hermen\u00e9utica.<\/p>\n<p><img decoding=\"async\" class=\"aligncenter\" src=\"https:\/\/www.revistarambla.com\/wp-content\/uploads\/2012\/05\/jose2.jpg\" alt=\"alt\" width=\"550\" height=\"588\" \/><\/p>","protected":false},"excerpt":{"rendered":"<p>Batll\u00f3 tose repetidamente, carraspea, da la bienvenida al personal, y una alusi\u00f3n suya al car\u00e1cter conflictivo del tema del libro que se presenta esta tarde en su librer\u00eda (la tarde de ayer, un martes de mayo) le hace recordar con gesto melanc\u00f3lico lo decepcionante que resulta siempre para un hombre [&hellip;]<\/p>\n","protected":false},"author":31,"featured_media":0,"comment_status":"open","ping_status":"open","sticky":false,"template":"","format":"standard","meta":{"footnotes":""},"categories":[4,562,60],"tags":[],"class_list":["post-1673","post","type-post","status-publish","format-standard","hentry","category-cultura","category-historia","category-libros"],"yoast_head":"<!-- This site is optimized with the Yoast SEO plugin v27.5 - https:\/\/yoast.com\/product\/yoast-seo-wordpress\/ -->\n<title>Taifa Llibres presenta &#039;La Catalunya antifeixista&#039;, de Josep Antoni Pozo - Revista Rambla<\/title>\n<meta name=\"robots\" content=\"index, follow, max-snippet:-1, max-image-preview:large, max-video-preview:-1\" \/>\n<link rel=\"canonical\" href=\"https:\/\/www.revistarambla.com\/en\/taifa-llibres-presenta-la-catalunya-antifeixista-de-j-a-pozo\/\" \/>\n<meta property=\"og:locale\" content=\"en_GB\" \/>\n<meta property=\"og:type\" content=\"article\" \/>\n<meta property=\"og:title\" content=\"Taifa Llibres presenta &#039;La Catalunya antifeixista&#039;, de Josep Antoni Pozo - Revista Rambla\" \/>\n<meta property=\"og:description\" content=\"Batll\u00f3 tose repetidamente, carraspea, da la bienvenida al personal, y una alusi\u00f3n suya al car\u00e1cter conflictivo del tema del libro que se presenta esta tarde en su librer\u00eda (la tarde de ayer, un martes de mayo) le hace recordar con gesto melanc\u00f3lico lo decepcionante que resulta siempre para un hombre [&hellip;]\" \/>\n<meta property=\"og:url\" content=\"https:\/\/www.revistarambla.com\/en\/taifa-llibres-presenta-la-catalunya-antifeixista-de-j-a-pozo\/\" \/>\n<meta property=\"og:site_name\" content=\"Revista Rambla\" \/>\n<meta property=\"article:publisher\" content=\"https:\/\/www.facebook.com\/revistarambla\/\" \/>\n<meta property=\"article:published_time\" content=\"2012-05-09T07:40:11+00:00\" \/>\n<meta property=\"article:modified_time\" content=\"2021-12-08T15:20:43+00:00\" \/>\n<meta property=\"og:image\" content=\"https:\/\/www.revistarambla.com\/wp-content\/uploads\/2012\/05\/jose1.jpg\" \/>\n\t<meta property=\"og:image:width\" content=\"275\" \/>\n\t<meta property=\"og:image:height\" content=\"163\" \/>\n\t<meta property=\"og:image:type\" content=\"image\/jpeg\" \/>\n<meta name=\"author\" content=\"Aida M\u00edguez Barciela\" \/>\n<meta name=\"twitter:card\" content=\"summary_large_image\" \/>\n<meta name=\"twitter:creator\" content=\"@revistarambla\" \/>\n<meta name=\"twitter:site\" content=\"@revistarambla\" \/>\n<meta name=\"twitter:label1\" content=\"Written by\" \/>\n\t<meta name=\"twitter:data1\" content=\"Aida M\u00edguez Barciela\" \/>\n\t<meta name=\"twitter:label2\" content=\"Estimated reading time\" \/>\n\t<meta name=\"twitter:data2\" content=\"5 minutes\" \/>\n<script type=\"application\/ld+json\" class=\"yoast-schema-graph\">{\"@context\":\"https:\\\/\\\/schema.org\",\"@graph\":[{\"@type\":\"Article\",\"@id\":\"https:\\\/\\\/www.revistarambla.com\\\/taifa-llibres-presenta-la-catalunya-antifeixista-de-j-a-pozo\\\/#article\",\"isPartOf\":{\"@id\":\"https:\\\/\\\/www.revistarambla.com\\\/taifa-llibres-presenta-la-catalunya-antifeixista-de-j-a-pozo\\\/\"},\"author\":{\"name\":\"Aida M\u00edguez Barciela\",\"@id\":\"https:\\\/\\\/www.revistarambla.com\\\/#\\\/schema\\\/person\\\/25a0419bcd668768d91ea2aed2fa2b3f\"},\"headline\":\"Taifa Llibres presenta &#8216;La Catalunya antifeixista&#8217;, de Josep Antoni Pozo\",\"datePublished\":\"2012-05-09T07:40:11+00:00\",\"dateModified\":\"2021-12-08T15:20:43+00:00\",\"mainEntityOfPage\":{\"@id\":\"https:\\\/\\\/www.revistarambla.com\\\/taifa-llibres-presenta-la-catalunya-antifeixista-de-j-a-pozo\\\/\"},\"wordCount\":1051,\"commentCount\":0,\"publisher\":{\"@id\":\"https:\\\/\\\/www.revistarambla.com\\\/#organization\"},\"image\":{\"@id\":\"https:\\\/\\\/www.revistarambla.com\\\/taifa-llibres-presenta-la-catalunya-antifeixista-de-j-a-pozo\\\/#primaryimage\"},\"thumbnailUrl\":\"https:\\\/\\\/www.revistarambla.com\\\/wp-content\\\/uploads\\\/2012\\\/05\\\/jose.jpg\",\"articleSection\":[\"Cultura\",\"Historia\",\"Libros\"],\"inLanguage\":\"en-GB\",\"potentialAction\":[{\"@type\":\"CommentAction\",\"name\":\"Comment\",\"target\":[\"https:\\\/\\\/www.revistarambla.com\\\/taifa-llibres-presenta-la-catalunya-antifeixista-de-j-a-pozo\\\/#respond\"]}]},{\"@type\":\"WebPage\",\"@id\":\"https:\\\/\\\/www.revistarambla.com\\\/taifa-llibres-presenta-la-catalunya-antifeixista-de-j-a-pozo\\\/\",\"url\":\"https:\\\/\\\/www.revistarambla.com\\\/taifa-llibres-presenta-la-catalunya-antifeixista-de-j-a-pozo\\\/\",\"name\":\"Taifa Llibres presenta 'La Catalunya antifeixista', de Josep Antoni Pozo - Revista Rambla\",\"isPartOf\":{\"@id\":\"https:\\\/\\\/www.revistarambla.com\\\/#website\"},\"primaryImageOfPage\":{\"@id\":\"https:\\\/\\\/www.revistarambla.com\\\/taifa-llibres-presenta-la-catalunya-antifeixista-de-j-a-pozo\\\/#primaryimage\"},\"image\":{\"@id\":\"https:\\\/\\\/www.revistarambla.com\\\/taifa-llibres-presenta-la-catalunya-antifeixista-de-j-a-pozo\\\/#primaryimage\"},\"thumbnailUrl\":\"https:\\\/\\\/www.revistarambla.com\\\/wp-content\\\/uploads\\\/2012\\\/05\\\/jose.jpg\",\"datePublished\":\"2012-05-09T07:40:11+00:00\",\"dateModified\":\"2021-12-08T15:20:43+00:00\",\"breadcrumb\":{\"@id\":\"https:\\\/\\\/www.revistarambla.com\\\/taifa-llibres-presenta-la-catalunya-antifeixista-de-j-a-pozo\\\/#breadcrumb\"},\"inLanguage\":\"en-GB\",\"potentialAction\":[{\"@type\":\"ReadAction\",\"target\":[\"https:\\\/\\\/www.revistarambla.com\\\/taifa-llibres-presenta-la-catalunya-antifeixista-de-j-a-pozo\\\/\"]}]},{\"@type\":\"ImageObject\",\"inLanguage\":\"en-GB\",\"@id\":\"https:\\\/\\\/www.revistarambla.com\\\/taifa-llibres-presenta-la-catalunya-antifeixista-de-j-a-pozo\\\/#primaryimage\",\"url\":\"https:\\\/\\\/www.revistarambla.com\\\/wp-content\\\/uploads\\\/2012\\\/05\\\/jose.jpg\",\"contentUrl\":\"https:\\\/\\\/www.revistarambla.com\\\/wp-content\\\/uploads\\\/2012\\\/05\\\/jose.jpg\"},{\"@type\":\"BreadcrumbList\",\"@id\":\"https:\\\/\\\/www.revistarambla.com\\\/taifa-llibres-presenta-la-catalunya-antifeixista-de-j-a-pozo\\\/#breadcrumb\",\"itemListElement\":[{\"@type\":\"ListItem\",\"position\":1,\"name\":\"Portada\",\"item\":\"https:\\\/\\\/www.revistarambla.com\\\/\"},{\"@type\":\"ListItem\",\"position\":2,\"name\":\"Taifa Llibres presenta &#8216;La Catalunya antifeixista&#8217;, de Josep Antoni Pozo\"}]},{\"@type\":\"WebSite\",\"@id\":\"https:\\\/\\\/www.revistarambla.com\\\/#website\",\"url\":\"https:\\\/\\\/www.revistarambla.com\\\/\",\"name\":\"Revista Rambla Barcelona\",\"description\":\"Periodismo independiente\",\"publisher\":{\"@id\":\"https:\\\/\\\/www.revistarambla.com\\\/#organization\"},\"potentialAction\":[{\"@type\":\"SearchAction\",\"target\":{\"@type\":\"EntryPoint\",\"urlTemplate\":\"https:\\\/\\\/www.revistarambla.com\\\/?s={search_term_string}\"},\"query-input\":{\"@type\":\"PropertyValueSpecification\",\"valueRequired\":true,\"valueName\":\"search_term_string\"}}],\"inLanguage\":\"en-GB\"},{\"@type\":\"Organization\",\"@id\":\"https:\\\/\\\/www.revistarambla.com\\\/#organization\",\"name\":\"Revista Rambla\",\"url\":\"https:\\\/\\\/www.revistarambla.com\\\/\",\"logo\":{\"@type\":\"ImageObject\",\"inLanguage\":\"en-GB\",\"@id\":\"https:\\\/\\\/www.revistarambla.com\\\/#\\\/schema\\\/logo\\\/image\\\/\",\"url\":\"https:\\\/\\\/www.revistarambla.com\\\/wp-content\\\/uploads\\\/2020\\\/09\\\/banner_rambla_1900x600_BB.png\",\"contentUrl\":\"https:\\\/\\\/www.revistarambla.com\\\/wp-content\\\/uploads\\\/2020\\\/09\\\/banner_rambla_1900x600_BB.png\",\"width\":1900,\"height\":600,\"caption\":\"Revista Rambla\"},\"image\":{\"@id\":\"https:\\\/\\\/www.revistarambla.com\\\/#\\\/schema\\\/logo\\\/image\\\/\"},\"sameAs\":[\"https:\\\/\\\/www.facebook.com\\\/revistarambla\\\/\",\"https:\\\/\\\/x.com\\\/revistarambla\",\"https:\\\/\\\/www.instagram.com\\\/revista_rambla\",\"https:\\\/\\\/es.linkedin.com\\\/company\\\/revista-rambla\"]},{\"@type\":\"Person\",\"@id\":\"https:\\\/\\\/www.revistarambla.com\\\/#\\\/schema\\\/person\\\/25a0419bcd668768d91ea2aed2fa2b3f\",\"name\":\"Aida M\u00edguez Barciela\",\"description\":\"Doctora en Filosof\u00eda por la Universidad de Barcelona. Su trabajo de investigaci\u00f3n se centra en la hermen\u00e9utica de los textos griegos antiguos.\"}]}<\/script>\n<!-- \/ Yoast SEO plugin. -->","yoast_head_json":{"title":"Taifa Llibres presenta 'La Catalunya antifeixista', de Josep Antoni Pozo - Revista Rambla","robots":{"index":"index","follow":"follow","max-snippet":"max-snippet:-1","max-image-preview":"max-image-preview:large","max-video-preview":"max-video-preview:-1"},"canonical":"https:\/\/www.revistarambla.com\/en\/taifa-llibres-presenta-la-catalunya-antifeixista-de-j-a-pozo\/","og_locale":"en_GB","og_type":"article","og_title":"Taifa Llibres presenta 'La Catalunya antifeixista', de Josep Antoni Pozo - Revista Rambla","og_description":"Batll\u00f3 tose repetidamente, carraspea, da la bienvenida al personal, y una alusi\u00f3n suya al car\u00e1cter conflictivo del tema del libro que se presenta esta tarde en su librer\u00eda (la tarde de ayer, un martes de mayo) le hace recordar con gesto melanc\u00f3lico lo decepcionante que resulta siempre para un hombre [&hellip;]","og_url":"https:\/\/www.revistarambla.com\/en\/taifa-llibres-presenta-la-catalunya-antifeixista-de-j-a-pozo\/","og_site_name":"Revista Rambla","article_publisher":"https:\/\/www.facebook.com\/revistarambla\/","article_published_time":"2012-05-09T07:40:11+00:00","article_modified_time":"2021-12-08T15:20:43+00:00","og_image":[{"width":275,"height":163,"url":"https:\/\/www.revistarambla.com\/wp-content\/uploads\/2012\/05\/jose1.jpg","type":"image\/jpeg"}],"author":"Aida M\u00edguez Barciela","twitter_card":"summary_large_image","twitter_creator":"@revistarambla","twitter_site":"@revistarambla","twitter_misc":{"Written by":"Aida M\u00edguez Barciela","Estimated reading time":"5 minutes"},"schema":{"@context":"https:\/\/schema.org","@graph":[{"@type":"Article","@id":"https:\/\/www.revistarambla.com\/taifa-llibres-presenta-la-catalunya-antifeixista-de-j-a-pozo\/#article","isPartOf":{"@id":"https:\/\/www.revistarambla.com\/taifa-llibres-presenta-la-catalunya-antifeixista-de-j-a-pozo\/"},"author":{"name":"Aida M\u00edguez Barciela","@id":"https:\/\/www.revistarambla.com\/#\/schema\/person\/25a0419bcd668768d91ea2aed2fa2b3f"},"headline":"Taifa Llibres presenta &#8216;La Catalunya antifeixista&#8217;, de Josep Antoni Pozo","datePublished":"2012-05-09T07:40:11+00:00","dateModified":"2021-12-08T15:20:43+00:00","mainEntityOfPage":{"@id":"https:\/\/www.revistarambla.com\/taifa-llibres-presenta-la-catalunya-antifeixista-de-j-a-pozo\/"},"wordCount":1051,"commentCount":0,"publisher":{"@id":"https:\/\/www.revistarambla.com\/#organization"},"image":{"@id":"https:\/\/www.revistarambla.com\/taifa-llibres-presenta-la-catalunya-antifeixista-de-j-a-pozo\/#primaryimage"},"thumbnailUrl":"https:\/\/www.revistarambla.com\/wp-content\/uploads\/2012\/05\/jose.jpg","articleSection":["Cultura","Historia","Libros"],"inLanguage":"en-GB","potentialAction":[{"@type":"CommentAction","name":"Comment","target":["https:\/\/www.revistarambla.com\/taifa-llibres-presenta-la-catalunya-antifeixista-de-j-a-pozo\/#respond"]}]},{"@type":"WebPage","@id":"https:\/\/www.revistarambla.com\/taifa-llibres-presenta-la-catalunya-antifeixista-de-j-a-pozo\/","url":"https:\/\/www.revistarambla.com\/taifa-llibres-presenta-la-catalunya-antifeixista-de-j-a-pozo\/","name":"Taifa Llibres presenta 'La Catalunya antifeixista', de Josep Antoni Pozo - Revista Rambla","isPartOf":{"@id":"https:\/\/www.revistarambla.com\/#website"},"primaryImageOfPage":{"@id":"https:\/\/www.revistarambla.com\/taifa-llibres-presenta-la-catalunya-antifeixista-de-j-a-pozo\/#primaryimage"},"image":{"@id":"https:\/\/www.revistarambla.com\/taifa-llibres-presenta-la-catalunya-antifeixista-de-j-a-pozo\/#primaryimage"},"thumbnailUrl":"https:\/\/www.revistarambla.com\/wp-content\/uploads\/2012\/05\/jose.jpg","datePublished":"2012-05-09T07:40:11+00:00","dateModified":"2021-12-08T15:20:43+00:00","breadcrumb":{"@id":"https:\/\/www.revistarambla.com\/taifa-llibres-presenta-la-catalunya-antifeixista-de-j-a-pozo\/#breadcrumb"},"inLanguage":"en-GB","potentialAction":[{"@type":"ReadAction","target":["https:\/\/www.revistarambla.com\/taifa-llibres-presenta-la-catalunya-antifeixista-de-j-a-pozo\/"]}]},{"@type":"ImageObject","inLanguage":"en-GB","@id":"https:\/\/www.revistarambla.com\/taifa-llibres-presenta-la-catalunya-antifeixista-de-j-a-pozo\/#primaryimage","url":"https:\/\/www.revistarambla.com\/wp-content\/uploads\/2012\/05\/jose.jpg","contentUrl":"https:\/\/www.revistarambla.com\/wp-content\/uploads\/2012\/05\/jose.jpg"},{"@type":"BreadcrumbList","@id":"https:\/\/www.revistarambla.com\/taifa-llibres-presenta-la-catalunya-antifeixista-de-j-a-pozo\/#breadcrumb","itemListElement":[{"@type":"ListItem","position":1,"name":"Portada","item":"https:\/\/www.revistarambla.com\/"},{"@type":"ListItem","position":2,"name":"Taifa Llibres presenta &#8216;La Catalunya antifeixista&#8217;, de Josep Antoni Pozo"}]},{"@type":"WebSite","@id":"https:\/\/www.revistarambla.com\/#website","url":"https:\/\/www.revistarambla.com\/","name":"Revista Rambla Barcelona","description":"Periodismo independiente","publisher":{"@id":"https:\/\/www.revistarambla.com\/#organization"},"potentialAction":[{"@type":"SearchAction","target":{"@type":"EntryPoint","urlTemplate":"https:\/\/www.revistarambla.com\/?s={search_term_string}"},"query-input":{"@type":"PropertyValueSpecification","valueRequired":true,"valueName":"search_term_string"}}],"inLanguage":"en-GB"},{"@type":"Organization","@id":"https:\/\/www.revistarambla.com\/#organization","name":"Revista Rambla","url":"https:\/\/www.revistarambla.com\/","logo":{"@type":"ImageObject","inLanguage":"en-GB","@id":"https:\/\/www.revistarambla.com\/#\/schema\/logo\/image\/","url":"https:\/\/www.revistarambla.com\/wp-content\/uploads\/2020\/09\/banner_rambla_1900x600_BB.png","contentUrl":"https:\/\/www.revistarambla.com\/wp-content\/uploads\/2020\/09\/banner_rambla_1900x600_BB.png","width":1900,"height":600,"caption":"Revista Rambla"},"image":{"@id":"https:\/\/www.revistarambla.com\/#\/schema\/logo\/image\/"},"sameAs":["https:\/\/www.facebook.com\/revistarambla\/","https:\/\/x.com\/revistarambla","https:\/\/www.instagram.com\/revista_rambla","https:\/\/es.linkedin.com\/company\/revista-rambla"]},{"@type":"Person","@id":"https:\/\/www.revistarambla.com\/#\/schema\/person\/25a0419bcd668768d91ea2aed2fa2b3f","name":"Aida M\u00edguez Barciela","description":"Doctora en Filosof\u00eda por la Universidad de Barcelona. Su trabajo de investigaci\u00f3n se centra en la hermen\u00e9utica de los textos griegos antiguos."}]}},"_links":{"self":[{"href":"https:\/\/www.revistarambla.com\/en\/wp-json\/wp\/v2\/posts\/1673","targetHints":{"allow":["GET"]}}],"collection":[{"href":"https:\/\/www.revistarambla.com\/en\/wp-json\/wp\/v2\/posts"}],"about":[{"href":"https:\/\/www.revistarambla.com\/en\/wp-json\/wp\/v2\/types\/post"}],"author":[{"embeddable":true,"href":"https:\/\/www.revistarambla.com\/en\/wp-json\/wp\/v2\/users\/31"}],"replies":[{"embeddable":true,"href":"https:\/\/www.revistarambla.com\/en\/wp-json\/wp\/v2\/comments?post=1673"}],"version-history":[{"count":0,"href":"https:\/\/www.revistarambla.com\/en\/wp-json\/wp\/v2\/posts\/1673\/revisions"}],"wp:attachment":[{"href":"https:\/\/www.revistarambla.com\/en\/wp-json\/wp\/v2\/media?parent=1673"}],"wp:term":[{"taxonomy":"category","embeddable":true,"href":"https:\/\/www.revistarambla.com\/en\/wp-json\/wp\/v2\/categories?post=1673"},{"taxonomy":"post_tag","embeddable":true,"href":"https:\/\/www.revistarambla.com\/en\/wp-json\/wp\/v2\/tags?post=1673"}],"curies":[{"name":"wp","href":"https:\/\/api.w.org\/{rel}","templated":true}]}}