{"id":1668,"date":"2012-05-07T11:44:58","date_gmt":"2012-05-07T11:44:58","guid":{"rendered":"https:\/\/www.revistarambla.com\/nos-enganaron-con-la-primavera\/"},"modified":"2021-05-18T20:38:43","modified_gmt":"2021-05-18T18:38:43","slug":"nos-enganaron-con-la-primavera","status":"publish","type":"post","link":"https:\/\/www.revistarambla.com\/en\/nos-enganaron-con-la-primavera\/","title":{"rendered":"Nos enga\u00f1aron con la primavera"},"content":{"rendered":"<p><img decoding=\"async\" class=\"alignright\" src=\"https:\/\/www.revistarambla.com\/wp-content\/uploads\/2012\/05\/nazanin001.jpg\" alt=\"alt\" width=\"360\" height=\"190\" \/><\/p>\n<p><strong>Nazan\u00edn Armanian<\/strong> no da abasto y es normal. No es f\u00e1cil ser una de las pocas referentes a las que podemos acudir para intentar comprender lo que sucede en Ir\u00e1n y Oriente Medio.<\/p>\n<p>Estudiantes, profesores, periodistas\u2026 todos buscamos respuestas para una realidad que se nos escapa entre confusos art\u00edculos de prensa y v\u00eddeos desinformativos.<\/p>\n<p>Pero Nazan\u00edn, polit\u00f3loga y escritora iran\u00ed, est\u00e1, pese a todo, aqu\u00ed, tomando un caf\u00e9 con nosotros y explic\u00e1ndonos con la claridad en la sonrisa, la compleja historia de su pa\u00eds.<\/p>\n<p><strong>\u00bfHace cu\u00e1nto que vive en Barcelona?<\/strong><\/p>\n<p>En 1983 llegu\u00e9 a Madrid, donde viv\u00ed hasta que en el `92 me mud\u00e9 a esta ciudad, donde trabajo\u00a0como profesora en la Universidad de Barcelona y desde hace un par de a\u00f1os colaboro con el diario P\u00fablico.<\/p>\n<p><strong>\u00bfPor qu\u00e9 Espa\u00f1a?<\/strong><\/p>\n<p>Porque en ese momento era el \u00fanico pa\u00eds que todav\u00eda no hab\u00eda impuesto el visado a los iran\u00edes. Hace 40 a\u00f1os, no necesit\u00e1bamos visa para casi ning\u00fan lugar del mundo. \u00a1\u00c9ramos ricos, solventes! Pero despu\u00e9s de la llegada de los islamistas, todos nos exigieron el permiso para entrar.<\/p>\n<p><strong>\u00bfY por qu\u00e9 no seguir viviendo en Ir\u00e1n?<\/strong><\/p>\n<p>Despu\u00e9s del golpe organizado por la CIA en 1979 para derrocar al dictador Reza Pahlavi, los primeros en ser ejecutados fueron los socialistas, los comunistas, los sindicatos y las organizaciones feministas. As\u00ed que tuvimos que irnos.<\/p>\n<p>Luego de una dictadura de tantas d\u00e9cadas, las fuerzas progresistas estaban muy debilitadas y las \u00fanicas que todav\u00eda pod\u00edan funcionar eran las islamistas porque estaban financiadas por Estados Unidos y el Sha como un cintur\u00f3n de seguridad contra los comunistas del Norte (no olvidemos que Ir\u00e1n tiene 1600 km de frontera con Rusia). \u00a1EEUU no pod\u00eda permitir que la segunda reserva de gas y petr\u00f3leo del planeta se convirtiera en otra Cuba! Entonces llevaron a los islamistas para abortar la revoluci\u00f3n popular y luego invadieron Ir\u00e1n a trav\u00e9s de Saddam Husein.<\/p>\n<p>En realidad, el primer gobierno que form\u00f3 el Ayatol\u00e1 Jomeini fue con los liberales islamistas, un ala burguesa moderada. Pero gracias a las maniobras norteamericanas, algunos grupos radicales islamistas organizaron la toma de la Embajada de Estados Unidos para, con la excusa de que eran aliados de la CIA, acusar a los liberales de traidores de la revoluci\u00f3n y llevar a la ultra derecha religiosa al poder.<\/p>\n<p>Hace unos meses ha publicado Ir\u00e1n. La revoluci\u00f3n constante, un libro en el que nos introduceen la historia moderna de Ir\u00e1n, desde la Revoluci\u00f3n Constitucional del 1906 hasta la ca\u00edda del Sha, Mohammad Reza Pahlav\u00ed en 1979, y que concluye con un cap\u00edtulo titulado: \u201cIr\u00e1n alerta roja\u201d. \u00bfPor qu\u00e9 esta afirmaci\u00f3n?<\/p>\n<p>Ir\u00e1n est\u00e1 ahora solo en el mundo. Est\u00e1 perdiendo a su principal y \u00fanico aliado, Siria, Chavez est\u00e1 enfermo y entre el resto de pa\u00edses hay un consenso generalizado para poner fin a la Rep\u00fablica Isl\u00e1mica. En lo \u00fanico que no se ponen de acuerdo es en d\u00f3nde bombardear \u00bfEl palacio presidencial?\u00bfLas instalaciones militares?<\/p>\n<p><strong>\u00bfA qu\u00e9 se debe este acuerdo?<\/strong><\/p>\n<p>En realidad, se trata de un choque de intereses entre Israel y EEUU. El balance de las fuerzas en Oriente Medio est\u00e1n ahora en perjuicio de Israel, un pa\u00eds que es muy poderoso econ\u00f3mica y militarmente pero peque\u00f1ito y rodeado de enemigos, sin contar con los graves problemas internos que tambi\u00e9n est\u00e1 sufriendo, \u00a1no hay m\u00e1s que ver los 300 mil indignados que hace poco salieron a la calle para protestar por la pol\u00edtica de ultraderecha que los gobierna! Entonces Israel no quiere perder el dominio sobre la zona y para eso presiona a Estados Unidos.<\/p>\n<p>Sin embargo, ya desde que Obama era candidato a presidente, insist\u00eda en la importancia de llegar a un acuerdo con Ir\u00e1n para cerrar el tema nuclear y no tener que caer en otra guerra como la de Irak. \u00c9l lleg\u00f3 al poder con un mensaje pacifista. Quer\u00eda dialogar con el r\u00e9gimen isl\u00e1mico porque, adem\u00e1s, sab\u00eda que el verdadero problema de Norteam\u00e9rica es China y no Oriente Medio. Pero, como el lobby jud\u00edo y pro-israel\u00ed de Estados Unidos es el que paga siempre la campa\u00f1a electoral del candidato que ganar\u00e1, a medida que se acercan las elecciones, Obama aumenta su tono contra Ir\u00e1n y a favor de Israel.<\/p>\n<p><strong>\u00bfC\u00f3mo cree que continuar\u00e1 la historia?<\/strong><\/p>\n<p>El plan de Estados Unidos e Israel es producir un ataque militar que desencadene una guerra civil para dividir a Ir\u00e1n en muchos pa\u00edses peque\u00f1os, como se ha hecho ya en los Balcanes, por ejemplo. Un pa\u00eds grande es siempre una amenaza (Ir\u00e1n es tres veces m\u00e1s extenso que Espa\u00f1a) y una sociedad dividida es siempre m\u00e1s f\u00e1cil de gobernar. El dominio sobre Ir\u00e1n significar\u00eda controlar a una de las \u00faltimas reservas de petr\u00f3leo que suministra el combustible a China, despu\u00e9s de que \u00e9sta perdiera a Libia, Irak y Sud\u00e1n. Estados Unidos tiene delante de s\u00ed la oportunidad de contener a su principal enemigo porque, como de momento no va a atacarlo militarmente, cortarle las v\u00edas de energ\u00eda es otra buena forma de conseguirlo.<\/p>\n<p><strong>\u00bfCu\u00e1l es la reacci\u00f3n del gobierno de Ir\u00e1n ante estas amenazas?<\/strong><\/p>\n<p>Ante el peligro de guerras externas e internas, el R\u00e9gimen Isl\u00e1mico hace dos cosas: una, recurrir a la violencia para sofocar las protestas populares y, otra, fomentar una guerra con un enemigo externo, que podr\u00eda ser Israel o Arabia Saud\u00ed, para que el pueblo apoye al gobierno como representante de una causa com\u00fan.<\/p>\n<p><strong>\u00bfY la poblaci\u00f3n qu\u00e9 opina?<\/strong><\/p>\n<p>La gente quiere democracia y un estado laico. Por eso en el 2009 vot\u00f3 a Mousavi y no a Ahmadineyad, porque el pueblo ve\u00eda en \u00e9l a un candidato menos integrista y, por tanto, a la esperanza de una menor represi\u00f3n religiosa. Por eso tambi\u00e9n sali\u00f3 a la calle para denunciar el fraude electoral cuando, finalmente, sali\u00f3 elegido Ahmadineyad.<\/p>\n<p>Ahora buena parte del pueblo piensa que la \u00fanica manera de acabar con el R\u00e9gimen es a trav\u00e9s de un ataque militar exterior porque, despu\u00e9s de todo lo sucedido, cree que desde dentro no hay posibilidad de salida.<\/p>\n<p><strong>\u00bfC\u00f3mo se posiciona usted frente a esta situaci\u00f3n?<\/strong><\/p>\n<p>Yo soy de la izquierda iran\u00ed, soy marxista y estoy en contra de cualquier ataque militar porque s\u00e9 que, por m\u00e1s moderado que este fuera, matar\u00eda a miles de personas. Adem\u00e1s nunca se sabe cu\u00e1nto tiempo puede llevar una acci\u00f3n como esta ni, menos a\u00fan, c\u00f3mo puede acabar. Las fuerzas extranjeras tienen sus propios intereses, y van en contra de los de Ir\u00e1n. Por eso creo que, aunque dure m\u00e1s el r\u00e9gimen totalitario, esto ser\u00eda menos perjudicial para la historia de Ir\u00e1n que una guerra.<\/p>\n<p><strong>En febrero de 1979 los cronistas internacionales hablaron de primavera iran\u00ed para referirse al fin de la dictadura del Sha Reza Pahlavi. Treinta a\u00f1os despu\u00e9s, \u00bfEs otra vez primavera en el mundo \u00e1rabe?<\/strong><\/p>\n<p>En una columna del diario P\u00fablico afirm\u00e9 no hace mucho que la revoluci\u00f3n en Egipto no tendr\u00eda futuro \u00a1y casi me matan! Yo lo siento, pero tristemente, si el contexto internacional no ayuda, caen unos y se pone a otros.<\/p>\n<p>En 1979 la situaci\u00f3n era favorable para la ca\u00edda del Sha porque, al ser este un aliado de Estados Unidos, Ir\u00e1n contaba con el apoyo de la URSS. Ahora, en cambio, ning\u00fan movimiento progresista tiene respaldo internacional.<\/p>\n<p>En 2009 la Rebeli\u00f3n Verde (nombre que hace alusi\u00f3n al color de la esperanza) volvi\u00f3 a colocar al pa\u00eds en la vanguardia de las luchas por la democracia, pero el pueblo se qued\u00f3 completamente solo. China y Rusia no quisieron apoyarlo porque pensaban que esto iba de la mano de los americanos. Estados Unidos tampoco porque Obama, que acababa de asumir la presidencia en medio de los graves problemas con Irak, Afganist\u00e1n, Guant\u00e1namo y la crisis econ\u00f3mica, no iba a permitir que uno de los primeros exportadores de petr\u00f3leo se desestabilizara. As\u00ed que el Jefe de la Casablanca envi\u00f3 una carta de felicitaci\u00f3n a Ahmadineyad y ah\u00ed se acab\u00f3 la historia.<\/p>\n<p><img decoding=\"async\" class=\"alignright\" src=\"https:\/\/www.revistarambla.com\/wp-content\/uploads\/2012\/05\/nazanin003.jpg\" alt=\"alt\" width=\"210\" height=\"436\" data-temp=\"true\" \/><strong>Usted nos habla de pol\u00edtica internacional, \u00bfpero qu\u00e9 sucede con la primavera del pueblo?<\/strong><\/p>\n<p>Nosotros somos la generaci\u00f3n que hicimos la revoluci\u00f3n. Yo, por ejemplo, ten\u00eda dieciocho a\u00f1os cuando esto ocurri\u00f3. Eso significa que la conciencia revolucionaria est\u00e1 viva todav\u00eda. Pero despu\u00e9s de treinta a\u00f1os de una dictadura absolutista que ejecut\u00f3 a cerca de 50 mil activistas, despu\u00e9s de un fraude electoral que ha dejado en el poder al candidato que muy pocos han votado, en un pa\u00eds donde actualmente no existen los partidos pol\u00edticos ni los sindicatos (lo que hay son diversas facciones del r\u00e9gimen), la gente siente que desde dentro no se puede cambiar nada. El pueblo se siente traicionado y piensa que si hace algo caer\u00e1 de mal en peor, como ya le ha ocurrido en la revoluci\u00f3n contra el Sha.<\/p>\n<p><strong>Hace poco vimos en los medios a una mujer encima del poster de Ahmadineyad diciendo \u201cTengo hambre\u201d\u2026\u00bfC\u00f3mo vive la gente hoy en Ir\u00e1n?<\/strong><\/p>\n<p>Ahora cerca del 35 % de la poblaci\u00f3n vive bajo la l\u00ednea de pobreza. Hay 12 millones de parados. El r\u00e9gimen ha privatizado todas la industria estatal y, como no hay inversiones extranjeras a causa de las fuertes sanciones econ\u00f3micas impuestas por Estados Unidos y la ONU al comercio con Ir\u00e1n, las empresas est\u00e1n cerrando.<\/p>\n<p>Ning\u00fan banco extranjero puede trabajar con Ir\u00e1n (incluso el Banco Central Iran\u00ed ha cerrado todas sus sedes fuera de las fronteras), por lo tanto no se puede enviar dinero al exterior ni los emigrantes pueden enviar dinero a sus familiares. Todo est\u00e1 bloqueado \u00a1pero somos un pa\u00eds que no est\u00e1 acostumbrado a esto! Siempre ha habido una gran libertad de acci\u00f3n a la hora de montar negocios: Ir\u00e1n es la tierra del petr\u00f3leo, una tierra rica donde no se paga impuestos para abrir actividades comerciales y donde, entonces, el gobierno no puede controlarlo todo. Sin embargo, ahora el control viene desde el exterior y se ha parado completamente el desarrollo que nos caracterizaba.<\/p>\n<p><strong>Tras el proceso de homogeneizaci\u00f3n impuesto por el Sha Pahlavi, en el que se prohib\u00eda el uso de las lenguas minoritarias y se persegu\u00eda toda diferencia \u00e9tnica en Ir\u00e1n \u00bfQu\u00e9 tipo de pol\u00edticas culturales y ling\u00fc\u00edsticas lleva a cabo la Rep\u00fablica Isl\u00e1mica en la actualidad?<\/strong><\/p>\n<p>El R\u00e9gimen permite que cada pueblo se exprese en su lengua, lleve su vestimenta y mantenga sus tradiciones aunque aboga por un Ir\u00e1n homogeneizado bajo la norma persa. Pero esto es un error porque en Ir\u00e1n s\u00f3lo el 45 por ciento de la poblaci\u00f3n habla este idioma y \u00a1 porque Ir\u00e1n no es Persia! Nuestro territorio tiene cerca de treinta y tres minor\u00edas \u00e9tnicas. El pueblo kurdo, que forma parte de Ir\u00e1n desde hace 4 mil a\u00f1os, siempre ha tenido una conciencia pol\u00edtica muy s\u00f3lida y, por tanto, ya en la \u00e9poca del Sha reclamaba la creaci\u00f3n de un Estado Federal. Hoy la reivindicaci\u00f3n contin\u00faa y desde los movimientos de izquierda la respaldamos, no sin temor de que Estados Unidos se apoye en las minor\u00edas reaccionarias de estos grupos para desintegrar el pa\u00eds, tal como lo ha hecho en Afganist\u00e1n o Irak.<\/p>\n<p><strong>En su libro, usted habla de \u201cuna falsa narraci\u00f3n sobre Ir\u00e1n que nos ha sembrado la memoria de prejuicios\u201d. \u00bfQu\u00e9 hay de falso y qu\u00e9 de cierto en la imagen que el mundo tiene de su pa\u00eds?<\/strong><\/p>\n<p>La imagen construida desde Occidente da a entender a la gente de a pie que el R\u00e9gimen de Ir\u00e1n y el pueblo iran\u00ed son lo mismo. Se piensa que somos una naci\u00f3n analfabeta, integrista e islamista. Pero lo cierto es que el 85 por ciento de la poblaci\u00f3n est\u00e1 alfabetizada y que somos la sociedad menos religiosa de Oriente Medio. Ir\u00e1n no es un pa\u00eds isl\u00e1mico. Es cristiano, jud\u00edo, musulm\u00e1n, ateo\u2026 es una cuna de diversas culturas, en donde vive mucha gente joven y preparada que lo que quiere es una democracia como la que sabe que existe fuera. Por eso, por favor, \u00a1dejad a la religi\u00f3n como un asunto privado! Ir\u00e1n no es \u00e1rabe ni isl\u00e1mico. Ir\u00e1n es Ir\u00e1n, un pa\u00eds milenario con identidad propia.<\/p>\n<p><strong>Y en cuanto a la situaci\u00f3n de la mujer\u2026<\/strong><\/p>\n<p>Tambi\u00e9n existe una percepci\u00f3n equivocada. Est\u00e1 prohibido no llevar velo, caminar por la calle con un hombre, maquillarse y, sin embargo, la batalla que libran las mujeres cada d\u00eda en las calles de Teher\u00e1n es impresionante. Desde la desobediencia civil siguen luchando despu\u00e9s de treinta a\u00f1os de azotes, multas y c\u00e1rcel. Y as\u00ed es que cuando alguien va a Ir\u00e1n se queda alucinado con lo que ve: much\u00edsimas mujeres maquilladas, operadas \u00a1o punkis!<\/p>\n<p><strong>\u00bfQu\u00e9 prop\u00f3sitos cree que existen detr\u00e1s de esta distorsi\u00f3n de la informaci\u00f3n?<\/strong><\/p>\n<p>Los medios de comunicaci\u00f3n representan a los poderes financieros, pol\u00edticos, econ\u00f3micos y militares. En estos momentos las grandes potencias (Estados Unidos e Israel, sobre todo) legitiman su ofensiva contra Ir\u00e1n difundiendo la idea de que \u00e9ste significa un grave peligro para la regi\u00f3n y para el planeta.<\/p>\n<p>Pero todos sabemos que el programa nuclear iran\u00ed no puede ser de uso militar porque, si as\u00ed fuera, ya el resto de pa\u00edses lo hubiera saboteado. De hecho, eso ha ocurrido con el \u201cComplot Marilyn\u201d, un plan por el cual los israel\u00edes acordaron con los alemanes que vend\u00edan piezas para las centrifugadoras de la central nuclear iran\u00ed, colocar un chip que hiciera que no funcionaran y que en el momento de ponerlas en marcha, volaran por los aires. Efectivamente, 12 mil centrifugadoras nucleares se incendiaron ah\u00ed mismo.<\/p>\n<p><strong>\u00bfC\u00f3mo podemos, entonces, tener acceso desde Occidente a una informaci\u00f3n m\u00e1s ver\u00eddica sobre la actualidad iran\u00ed?<\/strong><\/p>\n<p>Como estamos tan preocupados por nuestra imagen mundial, los iran\u00edes somos, despu\u00e9s de los americanos \u00a1los mayores blogueros del mundo! Existen al d\u00eda de hoy cerca de 60 mil blogs escritosen todas las lenguas desde Ir\u00e1n, m\u00e1s los publicados por los exiliados en diferentes partes del mundo. Yo, sin ir m\u00e1s lejos, tengo una p\u00e1gina web en la que tambi\u00e9n he colgado enlaces a muchos de estos sitios de la red. Los iran\u00edes nos queremos dar a conocer. \u00a1No puede ser que yo haya estudiado en el Instituto el Quijote o Garc\u00eda Lorca y que aqu\u00ed no sepan ni d\u00f3nde est\u00e1 mi pa\u00eds!<\/p>","protected":false},"excerpt":{"rendered":"<p>Nazan\u00edn Armanian no da abasto y es normal. No es f\u00e1cil ser una de las pocas referentes a las que podemos acudir para intentar comprender lo que sucede en Ir\u00e1n y Oriente Medio. Estudiantes, profesores, periodistas\u2026 todos buscamos respuestas para una realidad que se nos escapa entre confusos art\u00edculos de [&hellip;]<\/p>\n","protected":false},"author":1,"featured_media":0,"comment_status":"open","ping_status":"open","sticky":false,"template":"","format":"standard","meta":{"footnotes":""},"categories":[3,76],"tags":[],"class_list":["post-1668","post","type-post","status-publish","format-standard","hentry","category-actualidad","category-barcelona"],"yoast_head":"<!-- This site is optimized with the Yoast SEO plugin v27.5 - https:\/\/yoast.com\/product\/yoast-seo-wordpress\/ -->\n<title>Nos enga\u00f1aron con la primavera - Revista Rambla<\/title>\n<meta name=\"robots\" content=\"index, follow, max-snippet:-1, max-image-preview:large, max-video-preview:-1\" \/>\n<link rel=\"canonical\" href=\"https:\/\/www.revistarambla.com\/en\/nos-enganaron-con-la-primavera\/\" \/>\n<meta property=\"og:locale\" content=\"en_GB\" \/>\n<meta property=\"og:type\" content=\"article\" \/>\n<meta property=\"og:title\" content=\"Nos enga\u00f1aron con la primavera - Revista Rambla\" \/>\n<meta property=\"og:description\" content=\"Nazan\u00edn Armanian no da abasto y es normal. No es f\u00e1cil ser una de las pocas referentes a las que podemos acudir para intentar comprender lo que sucede en Ir\u00e1n y Oriente Medio. Estudiantes, profesores, periodistas\u2026 todos buscamos respuestas para una realidad que se nos escapa entre confusos art\u00edculos de [&hellip;]\" \/>\n<meta property=\"og:url\" content=\"https:\/\/www.revistarambla.com\/en\/nos-enganaron-con-la-primavera\/\" \/>\n<meta property=\"og:site_name\" content=\"Revista Rambla\" \/>\n<meta property=\"article:publisher\" content=\"https:\/\/www.facebook.com\/revistarambla\/\" \/>\n<meta property=\"article:published_time\" content=\"2012-05-07T11:44:58+00:00\" \/>\n<meta property=\"article:modified_time\" content=\"2021-05-18T18:38:43+00:00\" \/>\n<meta property=\"og:image\" content=\"https:\/\/i0.wp.com\/www.revistarambla.com\/wp-content\/uploads\/2012\/05\/nazanin002.jpg?fit=275%2C149&ssl=1\" \/>\n\t<meta property=\"og:image:width\" content=\"275\" \/>\n\t<meta property=\"og:image:height\" content=\"149\" \/>\n\t<meta property=\"og:image:type\" content=\"image\/jpeg\" \/>\n<meta name=\"author\" content=\"Flor Ragucci\" \/>\n<meta name=\"twitter:card\" content=\"summary_large_image\" \/>\n<meta name=\"twitter:creator\" content=\"@revistarambla\" \/>\n<meta name=\"twitter:site\" content=\"@revistarambla\" \/>\n<meta name=\"twitter:label1\" content=\"Written by\" \/>\n\t<meta name=\"twitter:data1\" content=\"Flor Ragucci\" \/>\n\t<meta name=\"twitter:label2\" content=\"Estimated reading time\" \/>\n\t<meta name=\"twitter:data2\" content=\"11 minutes\" \/>\n<script type=\"application\/ld+json\" class=\"yoast-schema-graph\">{\"@context\":\"https:\\\/\\\/schema.org\",\"@graph\":[{\"@type\":\"Article\",\"@id\":\"https:\\\/\\\/www.revistarambla.com\\\/nos-enganaron-con-la-primavera\\\/#article\",\"isPartOf\":{\"@id\":\"https:\\\/\\\/www.revistarambla.com\\\/nos-enganaron-con-la-primavera\\\/\"},\"author\":{\"name\":\"Flor Ragucci\",\"@id\":\"https:\\\/\\\/www.revistarambla.com\\\/#\\\/schema\\\/person\\\/4a5652fc8c82df1f8593002d038cd79e\"},\"headline\":\"Nos enga\u00f1aron con la primavera\",\"datePublished\":\"2012-05-07T11:44:58+00:00\",\"dateModified\":\"2021-05-18T18:38:43+00:00\",\"mainEntityOfPage\":{\"@id\":\"https:\\\/\\\/www.revistarambla.com\\\/nos-enganaron-con-la-primavera\\\/\"},\"wordCount\":2548,\"commentCount\":0,\"publisher\":{\"@id\":\"https:\\\/\\\/www.revistarambla.com\\\/#organization\"},\"image\":{\"@id\":\"https:\\\/\\\/www.revistarambla.com\\\/nos-enganaron-con-la-primavera\\\/#primaryimage\"},\"thumbnailUrl\":\"https:\\\/\\\/www.revistarambla.com\\\/wp-content\\\/uploads\\\/2012\\\/05\\\/nazanin001.jpg\",\"articleSection\":[\"Actualidad\",\"Barcelona\"],\"inLanguage\":\"en-GB\",\"potentialAction\":[{\"@type\":\"CommentAction\",\"name\":\"Comment\",\"target\":[\"https:\\\/\\\/www.revistarambla.com\\\/nos-enganaron-con-la-primavera\\\/#respond\"]}]},{\"@type\":\"WebPage\",\"@id\":\"https:\\\/\\\/www.revistarambla.com\\\/nos-enganaron-con-la-primavera\\\/\",\"url\":\"https:\\\/\\\/www.revistarambla.com\\\/nos-enganaron-con-la-primavera\\\/\",\"name\":\"Nos enga\u00f1aron con la primavera - Revista Rambla\",\"isPartOf\":{\"@id\":\"https:\\\/\\\/www.revistarambla.com\\\/#website\"},\"primaryImageOfPage\":{\"@id\":\"https:\\\/\\\/www.revistarambla.com\\\/nos-enganaron-con-la-primavera\\\/#primaryimage\"},\"image\":{\"@id\":\"https:\\\/\\\/www.revistarambla.com\\\/nos-enganaron-con-la-primavera\\\/#primaryimage\"},\"thumbnailUrl\":\"https:\\\/\\\/www.revistarambla.com\\\/wp-content\\\/uploads\\\/2012\\\/05\\\/nazanin001.jpg\",\"datePublished\":\"2012-05-07T11:44:58+00:00\",\"dateModified\":\"2021-05-18T18:38:43+00:00\",\"breadcrumb\":{\"@id\":\"https:\\\/\\\/www.revistarambla.com\\\/nos-enganaron-con-la-primavera\\\/#breadcrumb\"},\"inLanguage\":\"en-GB\",\"potentialAction\":[{\"@type\":\"ReadAction\",\"target\":[\"https:\\\/\\\/www.revistarambla.com\\\/nos-enganaron-con-la-primavera\\\/\"]}]},{\"@type\":\"ImageObject\",\"inLanguage\":\"en-GB\",\"@id\":\"https:\\\/\\\/www.revistarambla.com\\\/nos-enganaron-con-la-primavera\\\/#primaryimage\",\"url\":\"https:\\\/\\\/www.revistarambla.com\\\/wp-content\\\/uploads\\\/2012\\\/05\\\/nazanin001.jpg\",\"contentUrl\":\"https:\\\/\\\/www.revistarambla.com\\\/wp-content\\\/uploads\\\/2012\\\/05\\\/nazanin001.jpg\"},{\"@type\":\"BreadcrumbList\",\"@id\":\"https:\\\/\\\/www.revistarambla.com\\\/nos-enganaron-con-la-primavera\\\/#breadcrumb\",\"itemListElement\":[{\"@type\":\"ListItem\",\"position\":1,\"name\":\"Portada\",\"item\":\"https:\\\/\\\/www.revistarambla.com\\\/\"},{\"@type\":\"ListItem\",\"position\":2,\"name\":\"Nos enga\u00f1aron con la primavera\"}]},{\"@type\":\"WebSite\",\"@id\":\"https:\\\/\\\/www.revistarambla.com\\\/#website\",\"url\":\"https:\\\/\\\/www.revistarambla.com\\\/\",\"name\":\"Revista Rambla Barcelona\",\"description\":\"Periodismo independiente\",\"publisher\":{\"@id\":\"https:\\\/\\\/www.revistarambla.com\\\/#organization\"},\"potentialAction\":[{\"@type\":\"SearchAction\",\"target\":{\"@type\":\"EntryPoint\",\"urlTemplate\":\"https:\\\/\\\/www.revistarambla.com\\\/?s={search_term_string}\"},\"query-input\":{\"@type\":\"PropertyValueSpecification\",\"valueRequired\":true,\"valueName\":\"search_term_string\"}}],\"inLanguage\":\"en-GB\"},{\"@type\":\"Organization\",\"@id\":\"https:\\\/\\\/www.revistarambla.com\\\/#organization\",\"name\":\"Revista Rambla\",\"url\":\"https:\\\/\\\/www.revistarambla.com\\\/\",\"logo\":{\"@type\":\"ImageObject\",\"inLanguage\":\"en-GB\",\"@id\":\"https:\\\/\\\/www.revistarambla.com\\\/#\\\/schema\\\/logo\\\/image\\\/\",\"url\":\"https:\\\/\\\/www.revistarambla.com\\\/wp-content\\\/uploads\\\/2020\\\/09\\\/banner_rambla_1900x600_BB.png\",\"contentUrl\":\"https:\\\/\\\/www.revistarambla.com\\\/wp-content\\\/uploads\\\/2020\\\/09\\\/banner_rambla_1900x600_BB.png\",\"width\":1900,\"height\":600,\"caption\":\"Revista Rambla\"},\"image\":{\"@id\":\"https:\\\/\\\/www.revistarambla.com\\\/#\\\/schema\\\/logo\\\/image\\\/\"},\"sameAs\":[\"https:\\\/\\\/www.facebook.com\\\/revistarambla\\\/\",\"https:\\\/\\\/x.com\\\/revistarambla\",\"https:\\\/\\\/www.instagram.com\\\/revista_rambla\",\"https:\\\/\\\/es.linkedin.com\\\/company\\\/revista-rambla\"]},{\"@type\":\"Person\",\"@id\":\"https:\\\/\\\/www.revistarambla.com\\\/#\\\/schema\\\/person\\\/4a5652fc8c82df1f8593002d038cd79e\",\"name\":\"Flor Ragucci\",\"description\":\"Periodista.\",\"sameAs\":[\"https:\\\/\\\/www.revistarambla.com\\\/\"]}]}<\/script>\n<!-- \/ Yoast SEO plugin. -->","yoast_head_json":{"title":"Nos enga\u00f1aron con la primavera - Revista Rambla","robots":{"index":"index","follow":"follow","max-snippet":"max-snippet:-1","max-image-preview":"max-image-preview:large","max-video-preview":"max-video-preview:-1"},"canonical":"https:\/\/www.revistarambla.com\/en\/nos-enganaron-con-la-primavera\/","og_locale":"en_GB","og_type":"article","og_title":"Nos enga\u00f1aron con la primavera - Revista Rambla","og_description":"Nazan\u00edn Armanian no da abasto y es normal. No es f\u00e1cil ser una de las pocas referentes a las que podemos acudir para intentar comprender lo que sucede en Ir\u00e1n y Oriente Medio. Estudiantes, profesores, periodistas\u2026 todos buscamos respuestas para una realidad que se nos escapa entre confusos art\u00edculos de [&hellip;]","og_url":"https:\/\/www.revistarambla.com\/en\/nos-enganaron-con-la-primavera\/","og_site_name":"Revista Rambla","article_publisher":"https:\/\/www.facebook.com\/revistarambla\/","article_published_time":"2012-05-07T11:44:58+00:00","article_modified_time":"2021-05-18T18:38:43+00:00","og_image":[{"width":275,"height":149,"url":"https:\/\/i0.wp.com\/www.revistarambla.com\/wp-content\/uploads\/2012\/05\/nazanin002.jpg?fit=275%2C149&ssl=1","type":"image\/jpeg"}],"author":"Flor Ragucci","twitter_card":"summary_large_image","twitter_creator":"@revistarambla","twitter_site":"@revistarambla","twitter_misc":{"Written by":"Flor Ragucci","Estimated reading time":"11 minutes"},"schema":{"@context":"https:\/\/schema.org","@graph":[{"@type":"Article","@id":"https:\/\/www.revistarambla.com\/nos-enganaron-con-la-primavera\/#article","isPartOf":{"@id":"https:\/\/www.revistarambla.com\/nos-enganaron-con-la-primavera\/"},"author":{"name":"Flor Ragucci","@id":"https:\/\/www.revistarambla.com\/#\/schema\/person\/4a5652fc8c82df1f8593002d038cd79e"},"headline":"Nos enga\u00f1aron con la primavera","datePublished":"2012-05-07T11:44:58+00:00","dateModified":"2021-05-18T18:38:43+00:00","mainEntityOfPage":{"@id":"https:\/\/www.revistarambla.com\/nos-enganaron-con-la-primavera\/"},"wordCount":2548,"commentCount":0,"publisher":{"@id":"https:\/\/www.revistarambla.com\/#organization"},"image":{"@id":"https:\/\/www.revistarambla.com\/nos-enganaron-con-la-primavera\/#primaryimage"},"thumbnailUrl":"https:\/\/www.revistarambla.com\/wp-content\/uploads\/2012\/05\/nazanin001.jpg","articleSection":["Actualidad","Barcelona"],"inLanguage":"en-GB","potentialAction":[{"@type":"CommentAction","name":"Comment","target":["https:\/\/www.revistarambla.com\/nos-enganaron-con-la-primavera\/#respond"]}]},{"@type":"WebPage","@id":"https:\/\/www.revistarambla.com\/nos-enganaron-con-la-primavera\/","url":"https:\/\/www.revistarambla.com\/nos-enganaron-con-la-primavera\/","name":"Nos enga\u00f1aron con la primavera - Revista Rambla","isPartOf":{"@id":"https:\/\/www.revistarambla.com\/#website"},"primaryImageOfPage":{"@id":"https:\/\/www.revistarambla.com\/nos-enganaron-con-la-primavera\/#primaryimage"},"image":{"@id":"https:\/\/www.revistarambla.com\/nos-enganaron-con-la-primavera\/#primaryimage"},"thumbnailUrl":"https:\/\/www.revistarambla.com\/wp-content\/uploads\/2012\/05\/nazanin001.jpg","datePublished":"2012-05-07T11:44:58+00:00","dateModified":"2021-05-18T18:38:43+00:00","breadcrumb":{"@id":"https:\/\/www.revistarambla.com\/nos-enganaron-con-la-primavera\/#breadcrumb"},"inLanguage":"en-GB","potentialAction":[{"@type":"ReadAction","target":["https:\/\/www.revistarambla.com\/nos-enganaron-con-la-primavera\/"]}]},{"@type":"ImageObject","inLanguage":"en-GB","@id":"https:\/\/www.revistarambla.com\/nos-enganaron-con-la-primavera\/#primaryimage","url":"https:\/\/www.revistarambla.com\/wp-content\/uploads\/2012\/05\/nazanin001.jpg","contentUrl":"https:\/\/www.revistarambla.com\/wp-content\/uploads\/2012\/05\/nazanin001.jpg"},{"@type":"BreadcrumbList","@id":"https:\/\/www.revistarambla.com\/nos-enganaron-con-la-primavera\/#breadcrumb","itemListElement":[{"@type":"ListItem","position":1,"name":"Portada","item":"https:\/\/www.revistarambla.com\/"},{"@type":"ListItem","position":2,"name":"Nos enga\u00f1aron con la primavera"}]},{"@type":"WebSite","@id":"https:\/\/www.revistarambla.com\/#website","url":"https:\/\/www.revistarambla.com\/","name":"Revista Rambla Barcelona","description":"Periodismo independiente","publisher":{"@id":"https:\/\/www.revistarambla.com\/#organization"},"potentialAction":[{"@type":"SearchAction","target":{"@type":"EntryPoint","urlTemplate":"https:\/\/www.revistarambla.com\/?s={search_term_string}"},"query-input":{"@type":"PropertyValueSpecification","valueRequired":true,"valueName":"search_term_string"}}],"inLanguage":"en-GB"},{"@type":"Organization","@id":"https:\/\/www.revistarambla.com\/#organization","name":"Revista Rambla","url":"https:\/\/www.revistarambla.com\/","logo":{"@type":"ImageObject","inLanguage":"en-GB","@id":"https:\/\/www.revistarambla.com\/#\/schema\/logo\/image\/","url":"https:\/\/www.revistarambla.com\/wp-content\/uploads\/2020\/09\/banner_rambla_1900x600_BB.png","contentUrl":"https:\/\/www.revistarambla.com\/wp-content\/uploads\/2020\/09\/banner_rambla_1900x600_BB.png","width":1900,"height":600,"caption":"Revista Rambla"},"image":{"@id":"https:\/\/www.revistarambla.com\/#\/schema\/logo\/image\/"},"sameAs":["https:\/\/www.facebook.com\/revistarambla\/","https:\/\/x.com\/revistarambla","https:\/\/www.instagram.com\/revista_rambla","https:\/\/es.linkedin.com\/company\/revista-rambla"]},{"@type":"Person","@id":"https:\/\/www.revistarambla.com\/#\/schema\/person\/4a5652fc8c82df1f8593002d038cd79e","name":"Flor Ragucci","description":"Periodista.","sameAs":["https:\/\/www.revistarambla.com\/"]}]}},"_links":{"self":[{"href":"https:\/\/www.revistarambla.com\/en\/wp-json\/wp\/v2\/posts\/1668","targetHints":{"allow":["GET"]}}],"collection":[{"href":"https:\/\/www.revistarambla.com\/en\/wp-json\/wp\/v2\/posts"}],"about":[{"href":"https:\/\/www.revistarambla.com\/en\/wp-json\/wp\/v2\/types\/post"}],"author":[{"embeddable":true,"href":"https:\/\/www.revistarambla.com\/en\/wp-json\/wp\/v2\/users\/1"}],"replies":[{"embeddable":true,"href":"https:\/\/www.revistarambla.com\/en\/wp-json\/wp\/v2\/comments?post=1668"}],"version-history":[{"count":0,"href":"https:\/\/www.revistarambla.com\/en\/wp-json\/wp\/v2\/posts\/1668\/revisions"}],"wp:attachment":[{"href":"https:\/\/www.revistarambla.com\/en\/wp-json\/wp\/v2\/media?parent=1668"}],"wp:term":[{"taxonomy":"category","embeddable":true,"href":"https:\/\/www.revistarambla.com\/en\/wp-json\/wp\/v2\/categories?post=1668"},{"taxonomy":"post_tag","embeddable":true,"href":"https:\/\/www.revistarambla.com\/en\/wp-json\/wp\/v2\/tags?post=1668"}],"curies":[{"name":"wp","href":"https:\/\/api.w.org\/{rel}","templated":true}]}}