{"id":16671,"date":"2018-10-16T10:20:32","date_gmt":"2018-10-16T08:20:32","guid":{"rendered":"https:\/\/www.revistarambla.com\/?p=16671"},"modified":"2021-12-28T17:36:55","modified_gmt":"2021-12-28T16:36:55","slug":"eugeni-rodriguez-och-el-estigma-en-la-masculinidad-es-ser-maricon-y-en-la-feminidad-ser-puta","status":"publish","type":"post","link":"https:\/\/www.revistarambla.com\/en\/eugeni-rodriguez-och-el-estigma-en-la-masculinidad-es-ser-maricon-y-en-la-feminidad-ser-puta\/","title":{"rendered":"Eugeni Rodr\u00edguez (OCH): \u00abEl estigma en la masculinidad es ser maric\u00f3n y en la feminidad, ser puta\u00bb"},"content":{"rendered":"<p><img decoding=\"async\" class=\"alignright wp-image-16674\" src=\"https:\/\/www.revistarambla.com\/wp-content\/uploads\/2018\/10\/Eugeni-Rodriguez-01-300x201.jpg\" alt=\"observatorio contra la homofobia\" width=\"400\" height=\"268\" srcset=\"https:\/\/www.revistarambla.com\/wp-content\/uploads\/2018\/10\/Eugeni-Rodriguez-01-300x201.jpg 300w, https:\/\/www.revistarambla.com\/wp-content\/uploads\/2018\/10\/Eugeni-Rodriguez-01-500x334.jpg 500w, https:\/\/www.revistarambla.com\/wp-content\/uploads\/2018\/10\/Eugeni-Rodriguez-01-456x305.jpg 456w, https:\/\/www.revistarambla.com\/wp-content\/uploads\/2018\/10\/Eugeni-Rodriguez-01.jpg 628w\" sizes=\"(max-width: 400px) 100vw, 400px\" \/>Eugeni Rodr\u00edguez es activista por los derechos del colectivo LGTBI y presidente del Observatorio contra la Homofobia de Catalunya. Recientemente, ha sido premiado por el Ayuntamiento de Ripollet (Barcelona) por sus m\u00e1s de 30 a\u00f1os de compromiso social. Conversamos con \u00e9l sobre diferentes cuestiones que afectan a la comunidad LGTBI a ra\u00edz del \u00e9xito del<a href=\"https:\/\/twitter.com\/search?q=%23Mequeer&amp;src=typed_query\"> movimiento #Mequeer en Twitter<\/a>.<\/p>\n<p><strong>Se tiende a creer que la discriminaci\u00f3n hacia el colectivo LGTBI es una cuesti\u00f3n generacional, es decir, muchas veces se \u201cperdonan\u201d los comentarios de personas de edad madura o avanzada por considerarlas \u201cde otra \u00e9poca\u201d. Pero nuestros j\u00f3venes y adolescentes siguen llam\u00e1ndose \u201cmaric\u00f3n\u201d en los patios de los institutos. \u00bfC\u00f3mo se explica la discriminaci\u00f3n en edades tan tempranas? <\/strong><\/p>\n<p>El problema es que no ha habido un cambio estructural. El modelo social para representar la sexualidad, la afectividad y el g\u00e9nero continua siendo heterocentrista. En la masculinidad, el estigma es ser maric\u00f3n y en la feminidad, ser puta. Existe la visi\u00f3n, sobre todo entre ni\u00f1os, de que es muy grave que puedas ser \u201cde la otra acera\u201d. Contin\u00faan los mismos esquemas porque realmente no ha habido un cambio en la base del problema. Se han hecho algunos avances en la estructura, pero el trabajo sigue siendo modificar los cimientos de la discriminaci\u00f3n.<\/p>\n<p><strong>Hace unas semanas, un ni\u00f1o de 9 a\u00f1os se suicid\u00f3 en Estados Unidos tras declarar su homosexualidad en el colegio. Las cifras del acoso escolar por razones de LGTBIfobia son muy elevadas. \u00bfQu\u00e9 planes de prevenci\u00f3n se pueden seguir en las escuelas? <\/strong><\/p>\n<p>En Catalunya tenemos la Ley 11\/2014 \u00a0contra la LGTBIfobia, la cual sentencia que tiene que haber protocolos de actuaci\u00f3n, que han costado mucho de fijar, pero por fin el a\u00f1o pasado se consigui\u00f3. Estos protocolos, que han de ser conocidos por tutores, jefes de estudio y directores, est\u00e1n publicados en la web de la Generalitat, pero realmente no se conocen. Los profesionales de la educaci\u00f3n no tienen la formaci\u00f3n necesaria en este aspecto. Habr\u00eda que ofrecerse una formaci\u00f3n permanente y continuada. Desde el Observatorio contra la Homofobia siempre hemos pedido que haya un tel\u00e9fono o un servicio de urgencia para todos los casos de <em>bullying\u00a0<\/em>por razones de LGTBIfobia, sobre todo para asistir a alumnos de Primaria y Secundaria.<\/p>\n<p><strong>La Ley 11\/2014 contra la Homofobia, aprobada en Catalunya y de la que usted fue impulsor, \u00bfse est\u00e1 implementando actualmente de forma correcta? <\/strong><\/p>\n<p>La Ley se est\u00e1 ejecutando, pero con una lentitud pasmosa. Recientemente publiqu\u00e9 un <em>tweet\u00a0<\/em>para pedir responsabilidades por el retraso absoluto en la implementaci\u00f3n de la Ley, y tambi\u00e9n para exigir la destituci\u00f3n de la responsable de pol\u00edticas LGTBI de la Generalitat, la Sra. Llu\u00efsa Jim\u00e9nez y la directora general de Igualdad, la Sra. Mireia Mata.<\/p>\n<p><strong>La etiqueta #Mequeer ha sido seguida y comentada masivamente en las redes al ser un altavoz para denunciar las discriminaciones que el colectivo sufre a diario. \u00bfC\u00f3mo valora este movimiento? <\/strong><\/p>\n<p>La iniciativa del #Mequeer es buena, pero hubo alguien que dijo que ser\u00eda una moda pasajera, y as\u00ed ha sido. Est\u00e1 bien poder expresarse con un <em>hashtag\u00a0<\/em>en Twitter, pero lo realmente importante es que la persona que sufre una discriminaci\u00f3n o agresi\u00f3n lo denuncie a la polic\u00eda, al juzgado o bien a las entidades que nos dedicamos a ello. En todo el Estado hay diferentes organizaciones que trabajan en este aspecto. Es muy importe denunciarlo y que tenga un itinerario legal o como m\u00ednimo que el movimiento LGTBI lo registre.<\/p>\n<p><strong>\u00bfQu\u00e9 medidas adopta el OCH delante de una agresi\u00f3n denunciada? <\/strong><\/p>\n<p>Desde el Observatorio contra la Homofobia<em>, <\/em>lo primero que hacemos ante una agresi\u00f3n que se nos comunica es averiguar que la denuncia sea cierta y corresponda a una situaci\u00f3n concreta en un d\u00eda concreto. Una vez sabemos que una persona o un colectivo ha sido agredido, le ofrecemos los caminos que puede seguir. Hay que dejar claro que la poblaci\u00f3n LGTBI, por cuestiones at\u00e1vicas, no tiene demasiada confianza en los itinerarios legales porque much\u00edsimas veces los datos se han utilizado en nuestra contra. El Observatorio puede presionar en las instituciones, hacer mediaciones o denunciar casos p\u00fablicamente. Nuestra misi\u00f3n es luchar contra la impunidad de las agresiones LGTBIf\u00f3bicas.<\/p>\n<p><strong>Las doctrinas religiosas y los fascismos han fomentado la discriminaci\u00f3n y persecuci\u00f3n a las personas LGTBI. \u00bfSon estas las instituciones que m\u00e1s da\u00f1o han hecho a la comunidad?\u00a0 <\/strong><\/p>\n<p>Sin lugar a dudas, el fascismo es la expresi\u00f3n m\u00e1xima del rechazo a la diversidad sexual y cualquier otro autoritarismo va a ir en contra de la libertad. Tenemos que rechazar toda expresi\u00f3n autoritaria que se concreta en movimientos fascistas o de ultraderecha.<\/p>\n<p><strong>En 1984, en Londres, la marcha del orgullo fue secundada por el sindicato de mineros, en solidaridad por el apoyo recibido anteriormente por la comunidad gay. \u00bfPiensa que la solidaridad puede salvarnos de las distintas formas de discriminaci\u00f3n? <\/strong><\/p>\n<p>Es absolutamente necesario tener una visi\u00f3n transversal y estar al servicio de diferentes causas y colectivos como el feminismo o la clase obrera porque es la forma de combatir la epidemia de la LGTBIfobia.<\/p>\n<p><strong>Para muchas personas, los bares y locales destinados a la comunidad LGTBI son \u201crefugios\u201d para no sentir las miradas acusatorias de los dem\u00e1s. \u00bfCree que llegar\u00e1 el d\u00eda en que podamos disfrutar de nuestro ocio sin barreras?<\/strong><\/p>\n<p>L\u00f3gicamente, nadie elige ir a un lugar donde te cobran un peaje. En t\u00e9rminos generalistas, los heterosexuales acuden a las discotecas gui\u00e1ndose por sus preferencias musicales. Los gays vamos a bares de ambiente, independientemente de la m\u00fasica. Es claramente un refugio, y los cimientos que producen esta situaci\u00f3n son los mismos que producen el <em>bullying<\/em>. Tenemos que cambiarlos para que la poblaci\u00f3n LGTBI pueda vivir en igualdad total y absoluta con el resto de personas.<\/p>\n<p><strong>\u00bfConsidera que los orgullos organizados cada a\u00f1o en las grandes ciudades responden a las necesidades del colectivo o son meras celebraciones para incentivar el consumo?<\/strong><\/p>\n<p>Est\u00e1 claro que responden a una necesidad porque cada a\u00f1o se registran cantidades multitudinarias de asistentes, tanto en Madrid como en Barcelona. Las personas que vivimos una represi\u00f3n y que no podemos visibilizarnos de forma adecuada, necesitamos fechas concretas para poder salir a la calle y ver que no estamos solos pero, evidentemente, no es la soluci\u00f3n. Por otra parte, en los orgullos hay consumo porque muchos de ellos est\u00e1n capitaneados por iniciativas privadas que buscan el lucro. En Catalunya somos herederos de la primera manifestaci\u00f3n del orgullo gay que hubo en el Estado espa\u00f1ol, en 1977, y seguimos un esquema no lucrativo. Personalmente, creo m\u00e1s en un 28 de junio reivindicativo que lucrativo.<\/p>\n<p><strong>\u00bfQu\u00e9 reivindicaciones de la comunidad LGTBI considera que ya se han alcanzado?\u00a0 <\/strong><\/p>\n<p>En el marco del Estado espa\u00f1ol, tenemos que valorar que durante el gobierno de Rodr\u00edguez Zapatero se aprobara el matrimonio igualitario. Fue un debate de primera l\u00ednea y el hecho de que, independientemente de tu orientaci\u00f3n sexual, te puedas casar, supuso un avance muy importante. Por otra parte, creo en la validez del movimiento LGTBI como interlocutor ya que las organizaciones han estado siempre reclamando los derechos del colectivo, incluso anteponi\u00e9ndose a las leyes. Estas son las dos cuestiones que pondr\u00eda m\u00e1s en valor.<\/p>","protected":false},"excerpt":{"rendered":"<p>Eugeni Rodr\u00edguez es activista por los derechos del colectivo LGTBI y presidente del Observatorio contra la Homofobia de Catalunya. Recientemente, ha sido premiado por el Ayuntamiento de Ripollet (Barcelona) por sus m\u00e1s de 30 a\u00f1os de compromiso social. Conversamos con \u00e9l sobre diferentes cuestiones que afectan a la comunidad LGTBI [&hellip;]<\/p>\n","protected":false},"author":15,"featured_media":16673,"comment_status":"open","ping_status":"open","sticky":false,"template":"","format":"standard","meta":{"footnotes":""},"categories":[3,76],"tags":[],"class_list":["post-16671","post","type-post","status-publish","format-standard","has-post-thumbnail","hentry","category-actualidad","category-barcelona"],"yoast_head":"<!-- This site is optimized with the Yoast SEO plugin v27.5 - https:\/\/yoast.com\/product\/yoast-seo-wordpress\/ -->\n<title>Eugeni Rodr\u00edguez del Observatorio contra la homofobia - Revista Rambla<\/title>\n<meta name=\"description\" content=\"Eugeni Rodr\u00edguez es activista por los derechos del colectivo LGTBI y presidente del Observatorio contra la Homofobia de Catalunya.\" \/>\n<meta name=\"robots\" content=\"index, follow, max-snippet:-1, max-image-preview:large, max-video-preview:-1\" \/>\n<link rel=\"canonical\" href=\"https:\/\/www.revistarambla.com\/en\/eugeni-rodriguez-och-el-estigma-en-la-masculinidad-es-ser-maricon-y-en-la-feminidad-ser-puta\/\" \/>\n<meta property=\"og:locale\" content=\"en_GB\" \/>\n<meta property=\"og:type\" content=\"article\" \/>\n<meta property=\"og:title\" content=\"Eugeni Rodr\u00edguez del Observatorio contra la homofobia - Revista Rambla\" \/>\n<meta property=\"og:description\" content=\"Eugeni Rodr\u00edguez es activista por los derechos del colectivo LGTBI y presidente del Observatorio contra la Homofobia de Catalunya.\" \/>\n<meta property=\"og:url\" content=\"https:\/\/www.revistarambla.com\/en\/eugeni-rodriguez-och-el-estigma-en-la-masculinidad-es-ser-maricon-y-en-la-feminidad-ser-puta\/\" \/>\n<meta property=\"og:site_name\" content=\"Revista Rambla\" \/>\n<meta property=\"article:publisher\" content=\"https:\/\/www.facebook.com\/revistarambla\/\" \/>\n<meta property=\"article:published_time\" content=\"2018-10-16T08:20:32+00:00\" \/>\n<meta property=\"article:modified_time\" content=\"2021-12-28T16:36:55+00:00\" \/>\n<meta property=\"og:image\" content=\"https:\/\/www.revistarambla.com\/wp-content\/uploads\/2018\/10\/Eugeni-Rodr\u00edguez-02.jpg\" \/>\n\t<meta property=\"og:image:width\" content=\"721\" \/>\n\t<meta property=\"og:image:height\" content=\"556\" \/>\n\t<meta property=\"og:image:type\" content=\"image\/jpeg\" \/>\n<meta name=\"author\" content=\"Marta P\u00e9rez\" \/>\n<meta name=\"twitter:card\" content=\"summary_large_image\" \/>\n<meta name=\"twitter:creator\" content=\"@revistarambla\" \/>\n<meta name=\"twitter:site\" content=\"@revistarambla\" \/>\n<meta name=\"twitter:label1\" content=\"Written by\" \/>\n\t<meta name=\"twitter:data1\" content=\"Marta P\u00e9rez\" \/>\n\t<meta name=\"twitter:label2\" content=\"Estimated reading time\" \/>\n\t<meta name=\"twitter:data2\" content=\"6 minutes\" \/>\n<script type=\"application\/ld+json\" class=\"yoast-schema-graph\">{\"@context\":\"https:\\\/\\\/schema.org\",\"@graph\":[{\"@type\":\"Article\",\"@id\":\"https:\\\/\\\/www.revistarambla.com\\\/eugeni-rodriguez-och-el-estigma-en-la-masculinidad-es-ser-maricon-y-en-la-feminidad-ser-puta\\\/#article\",\"isPartOf\":{\"@id\":\"https:\\\/\\\/www.revistarambla.com\\\/eugeni-rodriguez-och-el-estigma-en-la-masculinidad-es-ser-maricon-y-en-la-feminidad-ser-puta\\\/\"},\"author\":{\"name\":\"Marta P\u00e9rez\",\"@id\":\"https:\\\/\\\/www.revistarambla.com\\\/#\\\/schema\\\/person\\\/2b19179a8ace334b829ad72cc6e6ce97\"},\"headline\":\"Eugeni Rodr\u00edguez (OCH): \u00abEl estigma en la masculinidad es ser maric\u00f3n y en la feminidad, ser puta\u00bb\",\"datePublished\":\"2018-10-16T08:20:32+00:00\",\"dateModified\":\"2021-12-28T16:36:55+00:00\",\"mainEntityOfPage\":{\"@id\":\"https:\\\/\\\/www.revistarambla.com\\\/eugeni-rodriguez-och-el-estigma-en-la-masculinidad-es-ser-maricon-y-en-la-feminidad-ser-puta\\\/\"},\"wordCount\":1272,\"commentCount\":0,\"publisher\":{\"@id\":\"https:\\\/\\\/www.revistarambla.com\\\/#organization\"},\"image\":{\"@id\":\"https:\\\/\\\/www.revistarambla.com\\\/eugeni-rodriguez-och-el-estigma-en-la-masculinidad-es-ser-maricon-y-en-la-feminidad-ser-puta\\\/#primaryimage\"},\"thumbnailUrl\":\"https:\\\/\\\/www.revistarambla.com\\\/wp-content\\\/uploads\\\/2018\\\/10\\\/Eugeni-Rodr\u00edguez-02.jpg\",\"articleSection\":[\"Actualidad\",\"Barcelona\"],\"inLanguage\":\"en-GB\",\"potentialAction\":[{\"@type\":\"CommentAction\",\"name\":\"Comment\",\"target\":[\"https:\\\/\\\/www.revistarambla.com\\\/eugeni-rodriguez-och-el-estigma-en-la-masculinidad-es-ser-maricon-y-en-la-feminidad-ser-puta\\\/#respond\"]}]},{\"@type\":\"WebPage\",\"@id\":\"https:\\\/\\\/www.revistarambla.com\\\/eugeni-rodriguez-och-el-estigma-en-la-masculinidad-es-ser-maricon-y-en-la-feminidad-ser-puta\\\/\",\"url\":\"https:\\\/\\\/www.revistarambla.com\\\/eugeni-rodriguez-och-el-estigma-en-la-masculinidad-es-ser-maricon-y-en-la-feminidad-ser-puta\\\/\",\"name\":\"Eugeni Rodr\u00edguez del Observatorio contra la homofobia - Revista Rambla\",\"isPartOf\":{\"@id\":\"https:\\\/\\\/www.revistarambla.com\\\/#website\"},\"primaryImageOfPage\":{\"@id\":\"https:\\\/\\\/www.revistarambla.com\\\/eugeni-rodriguez-och-el-estigma-en-la-masculinidad-es-ser-maricon-y-en-la-feminidad-ser-puta\\\/#primaryimage\"},\"image\":{\"@id\":\"https:\\\/\\\/www.revistarambla.com\\\/eugeni-rodriguez-och-el-estigma-en-la-masculinidad-es-ser-maricon-y-en-la-feminidad-ser-puta\\\/#primaryimage\"},\"thumbnailUrl\":\"https:\\\/\\\/www.revistarambla.com\\\/wp-content\\\/uploads\\\/2018\\\/10\\\/Eugeni-Rodr\u00edguez-02.jpg\",\"datePublished\":\"2018-10-16T08:20:32+00:00\",\"dateModified\":\"2021-12-28T16:36:55+00:00\",\"description\":\"Eugeni Rodr\u00edguez es activista por los derechos del colectivo LGTBI y presidente del Observatorio contra la Homofobia de Catalunya.\",\"breadcrumb\":{\"@id\":\"https:\\\/\\\/www.revistarambla.com\\\/eugeni-rodriguez-och-el-estigma-en-la-masculinidad-es-ser-maricon-y-en-la-feminidad-ser-puta\\\/#breadcrumb\"},\"inLanguage\":\"en-GB\",\"potentialAction\":[{\"@type\":\"ReadAction\",\"target\":[\"https:\\\/\\\/www.revistarambla.com\\\/eugeni-rodriguez-och-el-estigma-en-la-masculinidad-es-ser-maricon-y-en-la-feminidad-ser-puta\\\/\"]}]},{\"@type\":\"ImageObject\",\"inLanguage\":\"en-GB\",\"@id\":\"https:\\\/\\\/www.revistarambla.com\\\/eugeni-rodriguez-och-el-estigma-en-la-masculinidad-es-ser-maricon-y-en-la-feminidad-ser-puta\\\/#primaryimage\",\"url\":\"https:\\\/\\\/www.revistarambla.com\\\/wp-content\\\/uploads\\\/2018\\\/10\\\/Eugeni-Rodr\u00edguez-02.jpg\",\"contentUrl\":\"https:\\\/\\\/www.revistarambla.com\\\/wp-content\\\/uploads\\\/2018\\\/10\\\/Eugeni-Rodr\u00edguez-02.jpg\",\"width\":721,\"height\":556},{\"@type\":\"BreadcrumbList\",\"@id\":\"https:\\\/\\\/www.revistarambla.com\\\/eugeni-rodriguez-och-el-estigma-en-la-masculinidad-es-ser-maricon-y-en-la-feminidad-ser-puta\\\/#breadcrumb\",\"itemListElement\":[{\"@type\":\"ListItem\",\"position\":1,\"name\":\"Portada\",\"item\":\"https:\\\/\\\/www.revistarambla.com\\\/\"},{\"@type\":\"ListItem\",\"position\":2,\"name\":\"Eugeni Rodr\u00edguez (OCH): \u00abEl estigma en la masculinidad es ser maric\u00f3n y en la feminidad, ser puta\u00bb\"}]},{\"@type\":\"WebSite\",\"@id\":\"https:\\\/\\\/www.revistarambla.com\\\/#website\",\"url\":\"https:\\\/\\\/www.revistarambla.com\\\/\",\"name\":\"Revista Rambla Barcelona\",\"description\":\"Periodismo independiente\",\"publisher\":{\"@id\":\"https:\\\/\\\/www.revistarambla.com\\\/#organization\"},\"potentialAction\":[{\"@type\":\"SearchAction\",\"target\":{\"@type\":\"EntryPoint\",\"urlTemplate\":\"https:\\\/\\\/www.revistarambla.com\\\/?s={search_term_string}\"},\"query-input\":{\"@type\":\"PropertyValueSpecification\",\"valueRequired\":true,\"valueName\":\"search_term_string\"}}],\"inLanguage\":\"en-GB\"},{\"@type\":\"Organization\",\"@id\":\"https:\\\/\\\/www.revistarambla.com\\\/#organization\",\"name\":\"Revista Rambla\",\"url\":\"https:\\\/\\\/www.revistarambla.com\\\/\",\"logo\":{\"@type\":\"ImageObject\",\"inLanguage\":\"en-GB\",\"@id\":\"https:\\\/\\\/www.revistarambla.com\\\/#\\\/schema\\\/logo\\\/image\\\/\",\"url\":\"https:\\\/\\\/www.revistarambla.com\\\/wp-content\\\/uploads\\\/2020\\\/09\\\/banner_rambla_1900x600_BB.png\",\"contentUrl\":\"https:\\\/\\\/www.revistarambla.com\\\/wp-content\\\/uploads\\\/2020\\\/09\\\/banner_rambla_1900x600_BB.png\",\"width\":1900,\"height\":600,\"caption\":\"Revista Rambla\"},\"image\":{\"@id\":\"https:\\\/\\\/www.revistarambla.com\\\/#\\\/schema\\\/logo\\\/image\\\/\"},\"sameAs\":[\"https:\\\/\\\/www.facebook.com\\\/revistarambla\\\/\",\"https:\\\/\\\/x.com\\\/revistarambla\",\"https:\\\/\\\/www.instagram.com\\\/revista_rambla\",\"https:\\\/\\\/es.linkedin.com\\\/company\\\/revista-rambla\"]},{\"@type\":\"Person\",\"@id\":\"https:\\\/\\\/www.revistarambla.com\\\/#\\\/schema\\\/person\\\/2b19179a8ace334b829ad72cc6e6ce97\",\"name\":\"Marta P\u00e9rez\",\"description\":\"Periodista.\"}]}<\/script>\n<!-- \/ Yoast SEO plugin. -->","yoast_head_json":{"title":"Eugeni Rodr\u00edguez del Observatorio contra la homofobia - Revista Rambla","description":"Eugeni Rodr\u00edguez es activista por los derechos del colectivo LGTBI y presidente del Observatorio contra la Homofobia de Catalunya.","robots":{"index":"index","follow":"follow","max-snippet":"max-snippet:-1","max-image-preview":"max-image-preview:large","max-video-preview":"max-video-preview:-1"},"canonical":"https:\/\/www.revistarambla.com\/en\/eugeni-rodriguez-och-el-estigma-en-la-masculinidad-es-ser-maricon-y-en-la-feminidad-ser-puta\/","og_locale":"en_GB","og_type":"article","og_title":"Eugeni Rodr\u00edguez del Observatorio contra la homofobia - Revista Rambla","og_description":"Eugeni Rodr\u00edguez es activista por los derechos del colectivo LGTBI y presidente del Observatorio contra la Homofobia de Catalunya.","og_url":"https:\/\/www.revistarambla.com\/en\/eugeni-rodriguez-och-el-estigma-en-la-masculinidad-es-ser-maricon-y-en-la-feminidad-ser-puta\/","og_site_name":"Revista Rambla","article_publisher":"https:\/\/www.facebook.com\/revistarambla\/","article_published_time":"2018-10-16T08:20:32+00:00","article_modified_time":"2021-12-28T16:36:55+00:00","og_image":[{"width":721,"height":556,"url":"https:\/\/www.revistarambla.com\/wp-content\/uploads\/2018\/10\/Eugeni-Rodr\u00edguez-02.jpg","type":"image\/jpeg"}],"author":"Marta P\u00e9rez","twitter_card":"summary_large_image","twitter_creator":"@revistarambla","twitter_site":"@revistarambla","twitter_misc":{"Written by":"Marta P\u00e9rez","Estimated reading time":"6 minutes"},"schema":{"@context":"https:\/\/schema.org","@graph":[{"@type":"Article","@id":"https:\/\/www.revistarambla.com\/eugeni-rodriguez-och-el-estigma-en-la-masculinidad-es-ser-maricon-y-en-la-feminidad-ser-puta\/#article","isPartOf":{"@id":"https:\/\/www.revistarambla.com\/eugeni-rodriguez-och-el-estigma-en-la-masculinidad-es-ser-maricon-y-en-la-feminidad-ser-puta\/"},"author":{"name":"Marta P\u00e9rez","@id":"https:\/\/www.revistarambla.com\/#\/schema\/person\/2b19179a8ace334b829ad72cc6e6ce97"},"headline":"Eugeni Rodr\u00edguez (OCH): \u00abEl estigma en la masculinidad es ser maric\u00f3n y en la feminidad, ser puta\u00bb","datePublished":"2018-10-16T08:20:32+00:00","dateModified":"2021-12-28T16:36:55+00:00","mainEntityOfPage":{"@id":"https:\/\/www.revistarambla.com\/eugeni-rodriguez-och-el-estigma-en-la-masculinidad-es-ser-maricon-y-en-la-feminidad-ser-puta\/"},"wordCount":1272,"commentCount":0,"publisher":{"@id":"https:\/\/www.revistarambla.com\/#organization"},"image":{"@id":"https:\/\/www.revistarambla.com\/eugeni-rodriguez-och-el-estigma-en-la-masculinidad-es-ser-maricon-y-en-la-feminidad-ser-puta\/#primaryimage"},"thumbnailUrl":"https:\/\/www.revistarambla.com\/wp-content\/uploads\/2018\/10\/Eugeni-Rodr\u00edguez-02.jpg","articleSection":["Actualidad","Barcelona"],"inLanguage":"en-GB","potentialAction":[{"@type":"CommentAction","name":"Comment","target":["https:\/\/www.revistarambla.com\/eugeni-rodriguez-och-el-estigma-en-la-masculinidad-es-ser-maricon-y-en-la-feminidad-ser-puta\/#respond"]}]},{"@type":"WebPage","@id":"https:\/\/www.revistarambla.com\/eugeni-rodriguez-och-el-estigma-en-la-masculinidad-es-ser-maricon-y-en-la-feminidad-ser-puta\/","url":"https:\/\/www.revistarambla.com\/eugeni-rodriguez-och-el-estigma-en-la-masculinidad-es-ser-maricon-y-en-la-feminidad-ser-puta\/","name":"Eugeni Rodr\u00edguez del Observatorio contra la homofobia - Revista Rambla","isPartOf":{"@id":"https:\/\/www.revistarambla.com\/#website"},"primaryImageOfPage":{"@id":"https:\/\/www.revistarambla.com\/eugeni-rodriguez-och-el-estigma-en-la-masculinidad-es-ser-maricon-y-en-la-feminidad-ser-puta\/#primaryimage"},"image":{"@id":"https:\/\/www.revistarambla.com\/eugeni-rodriguez-och-el-estigma-en-la-masculinidad-es-ser-maricon-y-en-la-feminidad-ser-puta\/#primaryimage"},"thumbnailUrl":"https:\/\/www.revistarambla.com\/wp-content\/uploads\/2018\/10\/Eugeni-Rodr\u00edguez-02.jpg","datePublished":"2018-10-16T08:20:32+00:00","dateModified":"2021-12-28T16:36:55+00:00","description":"Eugeni Rodr\u00edguez es activista por los derechos del colectivo LGTBI y presidente del Observatorio contra la Homofobia de Catalunya.","breadcrumb":{"@id":"https:\/\/www.revistarambla.com\/eugeni-rodriguez-och-el-estigma-en-la-masculinidad-es-ser-maricon-y-en-la-feminidad-ser-puta\/#breadcrumb"},"inLanguage":"en-GB","potentialAction":[{"@type":"ReadAction","target":["https:\/\/www.revistarambla.com\/eugeni-rodriguez-och-el-estigma-en-la-masculinidad-es-ser-maricon-y-en-la-feminidad-ser-puta\/"]}]},{"@type":"ImageObject","inLanguage":"en-GB","@id":"https:\/\/www.revistarambla.com\/eugeni-rodriguez-och-el-estigma-en-la-masculinidad-es-ser-maricon-y-en-la-feminidad-ser-puta\/#primaryimage","url":"https:\/\/www.revistarambla.com\/wp-content\/uploads\/2018\/10\/Eugeni-Rodr\u00edguez-02.jpg","contentUrl":"https:\/\/www.revistarambla.com\/wp-content\/uploads\/2018\/10\/Eugeni-Rodr\u00edguez-02.jpg","width":721,"height":556},{"@type":"BreadcrumbList","@id":"https:\/\/www.revistarambla.com\/eugeni-rodriguez-och-el-estigma-en-la-masculinidad-es-ser-maricon-y-en-la-feminidad-ser-puta\/#breadcrumb","itemListElement":[{"@type":"ListItem","position":1,"name":"Portada","item":"https:\/\/www.revistarambla.com\/"},{"@type":"ListItem","position":2,"name":"Eugeni Rodr\u00edguez (OCH): \u00abEl estigma en la masculinidad es ser maric\u00f3n y en la feminidad, ser puta\u00bb"}]},{"@type":"WebSite","@id":"https:\/\/www.revistarambla.com\/#website","url":"https:\/\/www.revistarambla.com\/","name":"Revista Rambla Barcelona","description":"Periodismo independiente","publisher":{"@id":"https:\/\/www.revistarambla.com\/#organization"},"potentialAction":[{"@type":"SearchAction","target":{"@type":"EntryPoint","urlTemplate":"https:\/\/www.revistarambla.com\/?s={search_term_string}"},"query-input":{"@type":"PropertyValueSpecification","valueRequired":true,"valueName":"search_term_string"}}],"inLanguage":"en-GB"},{"@type":"Organization","@id":"https:\/\/www.revistarambla.com\/#organization","name":"Revista Rambla","url":"https:\/\/www.revistarambla.com\/","logo":{"@type":"ImageObject","inLanguage":"en-GB","@id":"https:\/\/www.revistarambla.com\/#\/schema\/logo\/image\/","url":"https:\/\/www.revistarambla.com\/wp-content\/uploads\/2020\/09\/banner_rambla_1900x600_BB.png","contentUrl":"https:\/\/www.revistarambla.com\/wp-content\/uploads\/2020\/09\/banner_rambla_1900x600_BB.png","width":1900,"height":600,"caption":"Revista Rambla"},"image":{"@id":"https:\/\/www.revistarambla.com\/#\/schema\/logo\/image\/"},"sameAs":["https:\/\/www.facebook.com\/revistarambla\/","https:\/\/x.com\/revistarambla","https:\/\/www.instagram.com\/revista_rambla","https:\/\/es.linkedin.com\/company\/revista-rambla"]},{"@type":"Person","@id":"https:\/\/www.revistarambla.com\/#\/schema\/person\/2b19179a8ace334b829ad72cc6e6ce97","name":"Marta P\u00e9rez","description":"Periodista."}]}},"_links":{"self":[{"href":"https:\/\/www.revistarambla.com\/en\/wp-json\/wp\/v2\/posts\/16671","targetHints":{"allow":["GET"]}}],"collection":[{"href":"https:\/\/www.revistarambla.com\/en\/wp-json\/wp\/v2\/posts"}],"about":[{"href":"https:\/\/www.revistarambla.com\/en\/wp-json\/wp\/v2\/types\/post"}],"author":[{"embeddable":true,"href":"https:\/\/www.revistarambla.com\/en\/wp-json\/wp\/v2\/users\/15"}],"replies":[{"embeddable":true,"href":"https:\/\/www.revistarambla.com\/en\/wp-json\/wp\/v2\/comments?post=16671"}],"version-history":[{"count":0,"href":"https:\/\/www.revistarambla.com\/en\/wp-json\/wp\/v2\/posts\/16671\/revisions"}],"wp:featuredmedia":[{"embeddable":true,"href":"https:\/\/www.revistarambla.com\/en\/wp-json\/wp\/v2\/media\/16673"}],"wp:attachment":[{"href":"https:\/\/www.revistarambla.com\/en\/wp-json\/wp\/v2\/media?parent=16671"}],"wp:term":[{"taxonomy":"category","embeddable":true,"href":"https:\/\/www.revistarambla.com\/en\/wp-json\/wp\/v2\/categories?post=16671"},{"taxonomy":"post_tag","embeddable":true,"href":"https:\/\/www.revistarambla.com\/en\/wp-json\/wp\/v2\/tags?post=16671"}],"curies":[{"name":"wp","href":"https:\/\/api.w.org\/{rel}","templated":true}]}}