{"id":1655,"date":"2012-05-06T15:13:18","date_gmt":"2012-05-06T13:13:18","guid":{"rendered":"https:\/\/www.revistarambla.com\/querella-contra-el-franquismocronica-desde-buenos-aires-vi\/"},"modified":"2022-01-08T20:01:12","modified_gmt":"2022-01-08T19:01:12","slug":"querella-contra-el-franquismocronica-desde-buenos-aires-vi","status":"publish","type":"post","link":"https:\/\/www.revistarambla.com\/en\/querella-contra-el-franquismocronica-desde-buenos-aires-vi\/","title":{"rendered":"Querella contra el franquismo: cr\u00f3nica desde Buenos Aires"},"content":{"rendered":"<p><img decoding=\"async\" class=\"alignright\" src=\"https:\/\/www.revistarambla.com\/wp-content\/uploads\/2012\/05\/ESMA_02.jpg\" alt=\"alt\" width=\"350\" height=\"467\" \/><\/p>\n<p>La Escuela de Mec\u00e1nica de la Armada\u00a0fue un centro clandestino de tortura y desaparici\u00f3n durante la dictadura militar argentina, un \u201cchupadero\u201d en el argot de los detenidos desaparecidos, sin duda el m\u00e1s conocido y el que ha pasado a la historia como un aut\u00e9ntico sumidero del horror. Desde nuestra llegada a Buenos Aires ten\u00edamos programada una visita guiada por la Asociaci\u00f3n de Detenidos Desaparecidos y por fin ayer nos atrevimos a hacerla.<\/p>\n<p>Era un d\u00eda lluvioso. Por indicaci\u00f3n de nuestro gu\u00eda, \u201cCachito\u201d para los amigos, iniciamos el recorrido siguiendo el camino que hac\u00edan los coches que trasportaban a los prisioneros, avanzamos por una bonita pradera sembrada de construcciones de inequ\u00edvoco \u201cestilo militar\u201d, que albergaban los alojamientos y centros de instrucci\u00f3n de los futuros mec\u00e1nicos de la armada argentina, chavales de quince o diecis\u00e9is a\u00f1os, cabos segundos,\u00a0 llamados a convertirse en los suboficiales del sector m\u00e1s clasista del ej\u00e9rcito argentino, como suelen serlo todas las armadas del mundo.<\/p>\n<p>Pero los detenidos no ve\u00edan nada de esto, iban convenientemente encapuchados, esposados y golpeados, cuando no heridos. Su destino era el pabell\u00f3n de oficiales, justo debajo del sal\u00f3n donde se celebraban las fiestas. A la vez que se brindaba por la patria, el honor y este tipo de cosas, en los s\u00f3tanos se torturaba hasta la muerte a seres humanos indefensos.<\/p>\n<p>El s\u00f3tano es un gran espacio di\u00e1fano, unos paneles explican su distribuci\u00f3n en distintas \u00e9pocas. Siempre hubo salas de tortura, similares y reconocibles por cualquiera de nosotros y, algo que nos llam\u00f3 la atenci\u00f3n, una \u201cenfermer\u00eda\u201d. Nos explicaron que en ese local se inyectaba pentotal a los internos e internas que iban a ser \u201ctrasladados\u201d, vimos el aparcamiento donde se instalaban los camiones que los llevar\u00edan como fardos a los aviones desde donde los arrojar\u00edan al mar. Algo recorre tu espalda y te encojes por dentro, comprobamos que nos hacemos mayores, que hay que volver a tragarse las l\u00e1grimas.<\/p>\n<p>Pero\u2026 \u00bfpor qu\u00e9 no los mataban de una vez con una inyecci\u00f3n mortal, qu\u00e9 raz\u00f3n ten\u00edan los vuelos de la muerte? La respuesta es sobrecogedora, e ilustrativa de hasta d\u00f3nde puede llegar la crueldad y el cinismo de la iglesia cat\u00f3lica: por indicaci\u00f3n de monse\u00f1or Gracelli, vicario castrense de la marina, se les arrojaba vivos al mar para que dios, si esa era su voluntad, pudiera salvar las vidas que \u00e9l quisiera\u2026 De esta forma, adem\u00e1s, no hab\u00eda ni pecado ni arrepentimiento, los asesinos eran un instrumento de la voluntad de dios. En aquel momento todos pensamos en Rouco Varela.<\/p>\n<p>siguiente paso de quienes sobreviv\u00edan, siempre pendientes de un posible \u201ctraslado\u201d, era La Capucha, local que ocupaba toda la tercera planta donde la gente detenida permanec\u00eda encapuchada, con grilletes en los pies y esposada; tumbada sobre colchonetas de goma espuma, en nichos de setenta y cinco cent\u00edmetros de ancho por dos metros de largo separados entre s\u00ed por paneles de aglomerado. Com\u00edan por debajo de la capucha y sin moverse de su sitio, no pod\u00edan levantarse salvo para ir al servicio, momento que pod\u00eda ser aprovechado para violar a las mujeres o darle una paliza a los hombres. El para\u00edso, en expresi\u00f3n de Cachito, era la ducha, \u00fanico momento en que se estaba de pie, sin capucha y al correr el agua sobre el cuerpo les devolv\u00eda la sensaci\u00f3n de estar vivos.<\/p>\n<p>El final de la estancia en La Capucha, el \u201carchivo\u201d en el argot de los carceleros, era el \u201ctraslado\u201d o pasar a La Capuchita, que ocupaba la \u00faltima planta y donde se realizaba trabajo esclavo para la armada. All\u00ed las condiciones de vida eran distintas, se dorm\u00eda en una cama, no hab\u00eda capucha ni grilletes y se trabajaba, fundamentalmente en la falsificaci\u00f3n de documentos y en la elaboraci\u00f3n de un dossier de prensa internacional y nacional. Lo doloroso de esa obligaci\u00f3n de tener que colaborar con ellos para salvar la vida se agravaba por el hecho de\u00a0\u00a0que el dormitorio colectivo estaba al lado de dos salas donde se realizaban torturas, en ocasiones d\u00eda y noche, y deb\u00edan convivir con los gritos y golpes, recordatorio permanente de cu\u00e1l era su situaci\u00f3n real y del sufrimiento de sus compa\u00f1eras y compa\u00f1eros.<\/p>\n<p>Es en este punto donde encontramos m\u00e1s afectado a nuestro gu\u00eda. \u00c9l estuvo all\u00ed y esa es la explicaci\u00f3n de que pudiera salvar la vida. Nos confes\u00f3 que su principal problema hoy es explicar a los familiares de las personas desaparecidas por qu\u00e9 \u00e9l est\u00e1 vivo y su gente querida no, cuando le piden explicaciones sobre lo que hizo. Son preguntas que dejan traslucir la sospecha y tienen su explicaci\u00f3n en un enorme dolor todav\u00eda presente. Nos cuenta alguna de las teor\u00edas que se ha formulado para explicarlo, pero termina confesando que no sabe por qu\u00e9 \u00e9l est\u00e1 vivo. Concluimos que aquel horror no pod\u00eda tener ninguna explicaci\u00f3n l\u00f3gica, que la \u00fanica l\u00f3gica del terror a ese nivel es la arbitrariedad m\u00e1s absoluta.<\/p>\n<p>Salimos al exterior, segu\u00eda lloviendo pero nos pareci\u00f3 una ma\u00f1ana espl\u00e9ndida. Hab\u00edan pasado m\u00e1s de dos horas y est\u00e1bamos muy conmovidos. Nos abrazamos a Cachito. Fuimos a comer y hablamos de todo, comprobando lo que se parec\u00edan nuestros torturadores y lo que nos parecemos sus rehenes. Pero nuestra principal conclusi\u00f3n es que debemos lograr que la gente de nuestro pa\u00eds pueda alg\u00fan d\u00eda \u201cvisitar\u201dla Direcci\u00f3nGeneralde Seguridad o el cuartel de Intxaurrondo. Ver, o\u00edr y sentir lo que pas\u00f3 \u2013y aun pasa\u2026- en aquellas guaridas del horror ser\u00e1 la mejor garant\u00eda de que no vuelva a pasar NUNCA M\u00c1S.<\/p>\n<p><img decoding=\"async\" class=\"aligncenter\" src=\"https:\/\/www.revistarambla.com\/wp-content\/uploads\/2012\/05\/ESMA_03.jpg\" alt=\"alt\" width=\"550\" height=\"299\" \/><\/p>","protected":false},"excerpt":{"rendered":"<p>La Escuela de Mec\u00e1nica de la Armada\u00a0fue un centro clandestino de tortura y desaparici\u00f3n durante la dictadura militar argentina, un \u201cchupadero\u201d en el argot de los detenidos desaparecidos, sin duda el m\u00e1s conocido y el que ha pasado a la historia como un aut\u00e9ntico sumidero del horror. Desde nuestra llegada [&hellip;]<\/p>\n","protected":false},"author":97,"featured_media":0,"comment_status":"open","ping_status":"open","sticky":false,"template":"","format":"standard","meta":{"footnotes":""},"categories":[3,58,57],"tags":[],"class_list":["post-1655","post","type-post","status-publish","format-standard","hentry","category-actualidad","category-estado-espanol","category-global"],"yoast_head":"<!-- This site is optimized with the Yoast SEO plugin v27.5 - https:\/\/yoast.com\/product\/yoast-seo-wordpress\/ -->\n<title>Querella contra el franquismo: cr\u00f3nica desde Buenos Aires - Revista Rambla<\/title>\n<meta name=\"robots\" content=\"index, follow, max-snippet:-1, max-image-preview:large, max-video-preview:-1\" \/>\n<link rel=\"canonical\" href=\"https:\/\/www.revistarambla.com\/en\/querella-contra-el-franquismocronica-desde-buenos-aires-vi\/\" \/>\n<meta property=\"og:locale\" content=\"en_GB\" \/>\n<meta property=\"og:type\" content=\"article\" \/>\n<meta property=\"og:title\" content=\"Querella contra el franquismo: cr\u00f3nica desde Buenos Aires - Revista Rambla\" \/>\n<meta property=\"og:description\" content=\"La Escuela de Mec\u00e1nica de la Armada\u00a0fue un centro clandestino de tortura y desaparici\u00f3n durante la dictadura militar argentina, un \u201cchupadero\u201d en el argot de los detenidos desaparecidos, sin duda el m\u00e1s conocido y el que ha pasado a la historia como un aut\u00e9ntico sumidero del horror. Desde nuestra llegada [&hellip;]\" \/>\n<meta property=\"og:url\" content=\"https:\/\/www.revistarambla.com\/en\/querella-contra-el-franquismocronica-desde-buenos-aires-vi\/\" \/>\n<meta property=\"og:site_name\" content=\"Revista Rambla\" \/>\n<meta property=\"article:publisher\" content=\"https:\/\/www.facebook.com\/revistarambla\/\" \/>\n<meta property=\"article:author\" content=\"https:\/\/www.facebook.com\/LaComunaPresxsDelFranquismo\/\" \/>\n<meta property=\"article:published_time\" content=\"2012-05-06T13:13:18+00:00\" \/>\n<meta property=\"article:modified_time\" content=\"2022-01-08T19:01:12+00:00\" \/>\n<meta property=\"og:image\" content=\"https:\/\/www.revistarambla.com\/wp-content\/uploads\/2012\/05\/ESMA_01.jpg\" \/>\n\t<meta property=\"og:image:width\" content=\"275\" \/>\n\t<meta property=\"og:image:height\" content=\"166\" \/>\n\t<meta property=\"og:image:type\" content=\"image\/jpeg\" \/>\n<meta name=\"author\" content=\"Manuel Blanco Chivite,&nbsp;Sabin Arana,&nbsp;Josu Ibargutxi&nbsp;y&nbsp;Chato Galante\" \/>\n<meta name=\"twitter:card\" content=\"summary_large_image\" \/>\n<meta name=\"twitter:creator\" content=\"@lacomunapresxs\" \/>\n<meta name=\"twitter:site\" content=\"@revistarambla\" \/>\n<meta name=\"twitter:label1\" content=\"Written by\" \/>\n\t<meta name=\"twitter:data1\" content=\"Manuel Blanco Chivite,&nbsp;Sabin Arana,&nbsp;Josu Ibargutxi&nbsp;y&nbsp;Chato Galante\" \/>\n\t<meta name=\"twitter:label2\" content=\"Estimated reading time\" \/>\n\t<meta name=\"twitter:data2\" content=\"5 minutes\" \/>\n<script type=\"application\/ld+json\" class=\"yoast-schema-graph\">{\"@context\":\"https:\\\/\\\/schema.org\",\"@graph\":[{\"@type\":\"Article\",\"@id\":\"https:\\\/\\\/www.revistarambla.com\\\/querella-contra-el-franquismocronica-desde-buenos-aires-vi\\\/#article\",\"isPartOf\":{\"@id\":\"https:\\\/\\\/www.revistarambla.com\\\/querella-contra-el-franquismocronica-desde-buenos-aires-vi\\\/\"},\"author\":{\"name\":\"Manuel Blanco Chivite,&nbsp;Sabin Arana,&nbsp;Josu Ibargutxi&nbsp;y&nbsp;Chato Galante\",\"@id\":\"https:\\\/\\\/www.revistarambla.com\\\/#\\\/schema\\\/person\\\/e3e50b25d04340ea7d87123101d5af4b\"},\"headline\":\"Querella contra el franquismo: cr\u00f3nica desde Buenos Aires\",\"datePublished\":\"2012-05-06T13:13:18+00:00\",\"dateModified\":\"2022-01-08T19:01:12+00:00\",\"mainEntityOfPage\":{\"@id\":\"https:\\\/\\\/www.revistarambla.com\\\/querella-contra-el-franquismocronica-desde-buenos-aires-vi\\\/\"},\"wordCount\":1007,\"commentCount\":0,\"publisher\":{\"@id\":\"https:\\\/\\\/www.revistarambla.com\\\/#organization\"},\"image\":{\"@id\":\"https:\\\/\\\/www.revistarambla.com\\\/querella-contra-el-franquismocronica-desde-buenos-aires-vi\\\/#primaryimage\"},\"thumbnailUrl\":\"https:\\\/\\\/www.revistarambla.com\\\/wp-content\\\/uploads\\\/2012\\\/05\\\/ESMA_02.jpg\",\"articleSection\":[\"Actualidad\",\"Estado Espa\u00f1ol\",\"Global\"],\"inLanguage\":\"en-GB\",\"potentialAction\":[{\"@type\":\"CommentAction\",\"name\":\"Comment\",\"target\":[\"https:\\\/\\\/www.revistarambla.com\\\/querella-contra-el-franquismocronica-desde-buenos-aires-vi\\\/#respond\"]}]},{\"@type\":\"WebPage\",\"@id\":\"https:\\\/\\\/www.revistarambla.com\\\/querella-contra-el-franquismocronica-desde-buenos-aires-vi\\\/\",\"url\":\"https:\\\/\\\/www.revistarambla.com\\\/querella-contra-el-franquismocronica-desde-buenos-aires-vi\\\/\",\"name\":\"Querella contra el franquismo: cr\u00f3nica desde Buenos Aires - Revista Rambla\",\"isPartOf\":{\"@id\":\"https:\\\/\\\/www.revistarambla.com\\\/#website\"},\"primaryImageOfPage\":{\"@id\":\"https:\\\/\\\/www.revistarambla.com\\\/querella-contra-el-franquismocronica-desde-buenos-aires-vi\\\/#primaryimage\"},\"image\":{\"@id\":\"https:\\\/\\\/www.revistarambla.com\\\/querella-contra-el-franquismocronica-desde-buenos-aires-vi\\\/#primaryimage\"},\"thumbnailUrl\":\"https:\\\/\\\/www.revistarambla.com\\\/wp-content\\\/uploads\\\/2012\\\/05\\\/ESMA_02.jpg\",\"datePublished\":\"2012-05-06T13:13:18+00:00\",\"dateModified\":\"2022-01-08T19:01:12+00:00\",\"breadcrumb\":{\"@id\":\"https:\\\/\\\/www.revistarambla.com\\\/querella-contra-el-franquismocronica-desde-buenos-aires-vi\\\/#breadcrumb\"},\"inLanguage\":\"en-GB\",\"potentialAction\":[{\"@type\":\"ReadAction\",\"target\":[\"https:\\\/\\\/www.revistarambla.com\\\/querella-contra-el-franquismocronica-desde-buenos-aires-vi\\\/\"]}]},{\"@type\":\"ImageObject\",\"inLanguage\":\"en-GB\",\"@id\":\"https:\\\/\\\/www.revistarambla.com\\\/querella-contra-el-franquismocronica-desde-buenos-aires-vi\\\/#primaryimage\",\"url\":\"https:\\\/\\\/www.revistarambla.com\\\/wp-content\\\/uploads\\\/2012\\\/05\\\/ESMA_02.jpg\",\"contentUrl\":\"https:\\\/\\\/www.revistarambla.com\\\/wp-content\\\/uploads\\\/2012\\\/05\\\/ESMA_02.jpg\"},{\"@type\":\"BreadcrumbList\",\"@id\":\"https:\\\/\\\/www.revistarambla.com\\\/querella-contra-el-franquismocronica-desde-buenos-aires-vi\\\/#breadcrumb\",\"itemListElement\":[{\"@type\":\"ListItem\",\"position\":1,\"name\":\"Portada\",\"item\":\"https:\\\/\\\/www.revistarambla.com\\\/\"},{\"@type\":\"ListItem\",\"position\":2,\"name\":\"Querella contra el franquismo: cr\u00f3nica desde Buenos Aires\"}]},{\"@type\":\"WebSite\",\"@id\":\"https:\\\/\\\/www.revistarambla.com\\\/#website\",\"url\":\"https:\\\/\\\/www.revistarambla.com\\\/\",\"name\":\"Revista Rambla Barcelona\",\"description\":\"Periodismo independiente\",\"publisher\":{\"@id\":\"https:\\\/\\\/www.revistarambla.com\\\/#organization\"},\"potentialAction\":[{\"@type\":\"SearchAction\",\"target\":{\"@type\":\"EntryPoint\",\"urlTemplate\":\"https:\\\/\\\/www.revistarambla.com\\\/?s={search_term_string}\"},\"query-input\":{\"@type\":\"PropertyValueSpecification\",\"valueRequired\":true,\"valueName\":\"search_term_string\"}}],\"inLanguage\":\"en-GB\"},{\"@type\":\"Organization\",\"@id\":\"https:\\\/\\\/www.revistarambla.com\\\/#organization\",\"name\":\"Revista Rambla\",\"url\":\"https:\\\/\\\/www.revistarambla.com\\\/\",\"logo\":{\"@type\":\"ImageObject\",\"inLanguage\":\"en-GB\",\"@id\":\"https:\\\/\\\/www.revistarambla.com\\\/#\\\/schema\\\/logo\\\/image\\\/\",\"url\":\"https:\\\/\\\/www.revistarambla.com\\\/wp-content\\\/uploads\\\/2020\\\/09\\\/banner_rambla_1900x600_BB.png\",\"contentUrl\":\"https:\\\/\\\/www.revistarambla.com\\\/wp-content\\\/uploads\\\/2020\\\/09\\\/banner_rambla_1900x600_BB.png\",\"width\":1900,\"height\":600,\"caption\":\"Revista Rambla\"},\"image\":{\"@id\":\"https:\\\/\\\/www.revistarambla.com\\\/#\\\/schema\\\/logo\\\/image\\\/\"},\"sameAs\":[\"https:\\\/\\\/www.facebook.com\\\/revistarambla\\\/\",\"https:\\\/\\\/x.com\\\/revistarambla\",\"https:\\\/\\\/www.instagram.com\\\/revista_rambla\",\"https:\\\/\\\/es.linkedin.com\\\/company\\\/revista-rambla\"]},[{\"@type\":[\"Person\"],\"@id\":\"https:\\\/\\\/www.revistarambla.com\\\/#\\\/schema\\\/person\\\/e3e50b25d04340ea7d87123101d5af4b\",\"name\":\"Manuel Blanco Chivite\",\"image\":{\"@type\":\"ImageObject\",\"@id\":\"\",\"inLanguage\":\"en_GB\",\"url\":\"https:\\\/\\\/www.revistarambla.com\\\/wp-content\\\/uploads\\\/2021\\\/04\\\/memo113.webp\",\"caption\":\"Manuel Blanco Chivite\"}},{\"@type\":[\"Person\"],\"@id\":\"https:\\\/\\\/www.revistarambla.com\\\/#\\\/schema\\\/person\\\/e3e50b25d04340ea7d87123101d5af4b\",\"name\":\"Sabin Arana\",\"image\":{\"@type\":\"ImageObject\",\"@id\":\"\",\"inLanguage\":\"en_GB\",\"url\":\"https:\\\/\\\/www.revistarambla.com\\\/wp-content\\\/litespeed\\\/avatar\\\/e0de3cb86f30117e120eb135706c3bfb.jpg?ver=1777318223\",\"caption\":\"Sabin Arana\"}},{\"@type\":[\"Person\"],\"@id\":\"https:\\\/\\\/www.revistarambla.com\\\/#\\\/schema\\\/person\\\/e3e50b25d04340ea7d87123101d5af4b\",\"name\":\"Josu Ibargutxi\",\"image\":{\"@type\":\"ImageObject\",\"@id\":\"\",\"inLanguage\":\"en_GB\",\"url\":\"https:\\\/\\\/www.revistarambla.com\\\/wp-content\\\/litespeed\\\/avatar\\\/e0de3cb86f30117e120eb135706c3bfb.jpg?ver=1777318223\",\"caption\":\"Josu Ibargutxi\"}},{\"@type\":[\"Person\"],\"@id\":\"https:\\\/\\\/www.revistarambla.com\\\/#\\\/schema\\\/person\\\/e3e50b25d04340ea7d87123101d5af4b\",\"name\":\"Chato Galante\",\"image\":{\"@type\":\"ImageObject\",\"@id\":\"\",\"inLanguage\":\"en_GB\",\"url\":\"https:\\\/\\\/www.revistarambla.com\\\/wp-content\\\/litespeed\\\/avatar\\\/e0de3cb86f30117e120eb135706c3bfb.jpg?ver=1777318223\",\"caption\":\"Chato Galante\"}}]]}<\/script>\n<!-- \/ Yoast SEO plugin. -->","yoast_head_json":{"title":"Querella contra el franquismo: cr\u00f3nica desde Buenos Aires - Revista Rambla","robots":{"index":"index","follow":"follow","max-snippet":"max-snippet:-1","max-image-preview":"max-image-preview:large","max-video-preview":"max-video-preview:-1"},"canonical":"https:\/\/www.revistarambla.com\/en\/querella-contra-el-franquismocronica-desde-buenos-aires-vi\/","og_locale":"en_GB","og_type":"article","og_title":"Querella contra el franquismo: cr\u00f3nica desde Buenos Aires - Revista Rambla","og_description":"La Escuela de Mec\u00e1nica de la Armada\u00a0fue un centro clandestino de tortura y desaparici\u00f3n durante la dictadura militar argentina, un \u201cchupadero\u201d en el argot de los detenidos desaparecidos, sin duda el m\u00e1s conocido y el que ha pasado a la historia como un aut\u00e9ntico sumidero del horror. Desde nuestra llegada [&hellip;]","og_url":"https:\/\/www.revistarambla.com\/en\/querella-contra-el-franquismocronica-desde-buenos-aires-vi\/","og_site_name":"Revista Rambla","article_publisher":"https:\/\/www.facebook.com\/revistarambla\/","article_author":"https:\/\/www.facebook.com\/LaComunaPresxsDelFranquismo\/","article_published_time":"2012-05-06T13:13:18+00:00","article_modified_time":"2022-01-08T19:01:12+00:00","og_image":[{"width":275,"height":166,"url":"https:\/\/www.revistarambla.com\/wp-content\/uploads\/2012\/05\/ESMA_01.jpg","type":"image\/jpeg"}],"author":"Manuel Blanco Chivite,&nbsp;Sabin Arana,&nbsp;Josu Ibargutxi&nbsp;y&nbsp;Chato Galante","twitter_card":"summary_large_image","twitter_creator":"@lacomunapresxs","twitter_site":"@revistarambla","twitter_misc":{"Written by":"Manuel Blanco Chivite,&nbsp;Sabin Arana,&nbsp;Josu Ibargutxi&nbsp;y&nbsp;Chato Galante","Estimated reading time":"5 minutes"},"schema":{"@context":"https:\/\/schema.org","@graph":[{"@type":"Article","@id":"https:\/\/www.revistarambla.com\/querella-contra-el-franquismocronica-desde-buenos-aires-vi\/#article","isPartOf":{"@id":"https:\/\/www.revistarambla.com\/querella-contra-el-franquismocronica-desde-buenos-aires-vi\/"},"author":{"name":"Manuel Blanco Chivite,&nbsp;Sabin Arana,&nbsp;Josu Ibargutxi&nbsp;y&nbsp;Chato Galante","@id":"https:\/\/www.revistarambla.com\/#\/schema\/person\/e3e50b25d04340ea7d87123101d5af4b"},"headline":"Querella contra el franquismo: cr\u00f3nica desde Buenos Aires","datePublished":"2012-05-06T13:13:18+00:00","dateModified":"2022-01-08T19:01:12+00:00","mainEntityOfPage":{"@id":"https:\/\/www.revistarambla.com\/querella-contra-el-franquismocronica-desde-buenos-aires-vi\/"},"wordCount":1007,"commentCount":0,"publisher":{"@id":"https:\/\/www.revistarambla.com\/#organization"},"image":{"@id":"https:\/\/www.revistarambla.com\/querella-contra-el-franquismocronica-desde-buenos-aires-vi\/#primaryimage"},"thumbnailUrl":"https:\/\/www.revistarambla.com\/wp-content\/uploads\/2012\/05\/ESMA_02.jpg","articleSection":["Actualidad","Estado Espa\u00f1ol","Global"],"inLanguage":"en-GB","potentialAction":[{"@type":"CommentAction","name":"Comment","target":["https:\/\/www.revistarambla.com\/querella-contra-el-franquismocronica-desde-buenos-aires-vi\/#respond"]}]},{"@type":"WebPage","@id":"https:\/\/www.revistarambla.com\/querella-contra-el-franquismocronica-desde-buenos-aires-vi\/","url":"https:\/\/www.revistarambla.com\/querella-contra-el-franquismocronica-desde-buenos-aires-vi\/","name":"Querella contra el franquismo: cr\u00f3nica desde Buenos Aires - Revista Rambla","isPartOf":{"@id":"https:\/\/www.revistarambla.com\/#website"},"primaryImageOfPage":{"@id":"https:\/\/www.revistarambla.com\/querella-contra-el-franquismocronica-desde-buenos-aires-vi\/#primaryimage"},"image":{"@id":"https:\/\/www.revistarambla.com\/querella-contra-el-franquismocronica-desde-buenos-aires-vi\/#primaryimage"},"thumbnailUrl":"https:\/\/www.revistarambla.com\/wp-content\/uploads\/2012\/05\/ESMA_02.jpg","datePublished":"2012-05-06T13:13:18+00:00","dateModified":"2022-01-08T19:01:12+00:00","breadcrumb":{"@id":"https:\/\/www.revistarambla.com\/querella-contra-el-franquismocronica-desde-buenos-aires-vi\/#breadcrumb"},"inLanguage":"en-GB","potentialAction":[{"@type":"ReadAction","target":["https:\/\/www.revistarambla.com\/querella-contra-el-franquismocronica-desde-buenos-aires-vi\/"]}]},{"@type":"ImageObject","inLanguage":"en-GB","@id":"https:\/\/www.revistarambla.com\/querella-contra-el-franquismocronica-desde-buenos-aires-vi\/#primaryimage","url":"https:\/\/www.revistarambla.com\/wp-content\/uploads\/2012\/05\/ESMA_02.jpg","contentUrl":"https:\/\/www.revistarambla.com\/wp-content\/uploads\/2012\/05\/ESMA_02.jpg"},{"@type":"BreadcrumbList","@id":"https:\/\/www.revistarambla.com\/querella-contra-el-franquismocronica-desde-buenos-aires-vi\/#breadcrumb","itemListElement":[{"@type":"ListItem","position":1,"name":"Portada","item":"https:\/\/www.revistarambla.com\/"},{"@type":"ListItem","position":2,"name":"Querella contra el franquismo: cr\u00f3nica desde Buenos Aires"}]},{"@type":"WebSite","@id":"https:\/\/www.revistarambla.com\/#website","url":"https:\/\/www.revistarambla.com\/","name":"Revista Rambla Barcelona","description":"Periodismo independiente","publisher":{"@id":"https:\/\/www.revistarambla.com\/#organization"},"potentialAction":[{"@type":"SearchAction","target":{"@type":"EntryPoint","urlTemplate":"https:\/\/www.revistarambla.com\/?s={search_term_string}"},"query-input":{"@type":"PropertyValueSpecification","valueRequired":true,"valueName":"search_term_string"}}],"inLanguage":"en-GB"},{"@type":"Organization","@id":"https:\/\/www.revistarambla.com\/#organization","name":"Revista Rambla","url":"https:\/\/www.revistarambla.com\/","logo":{"@type":"ImageObject","inLanguage":"en-GB","@id":"https:\/\/www.revistarambla.com\/#\/schema\/logo\/image\/","url":"https:\/\/www.revistarambla.com\/wp-content\/uploads\/2020\/09\/banner_rambla_1900x600_BB.png","contentUrl":"https:\/\/www.revistarambla.com\/wp-content\/uploads\/2020\/09\/banner_rambla_1900x600_BB.png","width":1900,"height":600,"caption":"Revista Rambla"},"image":{"@id":"https:\/\/www.revistarambla.com\/#\/schema\/logo\/image\/"},"sameAs":["https:\/\/www.facebook.com\/revistarambla\/","https:\/\/x.com\/revistarambla","https:\/\/www.instagram.com\/revista_rambla","https:\/\/es.linkedin.com\/company\/revista-rambla"]},[{"@type":["Person"],"@id":"https:\/\/www.revistarambla.com\/#\/schema\/person\/e3e50b25d04340ea7d87123101d5af4b","name":"Manuel Blanco Chivite","image":{"@type":"ImageObject","@id":"","inLanguage":"en_GB","url":"https:\/\/www.revistarambla.com\/wp-content\/uploads\/2021\/04\/memo113.webp","caption":"Manuel Blanco Chivite"}},{"@type":["Person"],"@id":"https:\/\/www.revistarambla.com\/#\/schema\/person\/e3e50b25d04340ea7d87123101d5af4b","name":"Sabin Arana","image":{"@type":"ImageObject","@id":"","inLanguage":"en_GB","url":"https:\/\/www.revistarambla.com\/wp-content\/litespeed\/avatar\/e0de3cb86f30117e120eb135706c3bfb.jpg?ver=1777318223","caption":"Sabin Arana"}},{"@type":["Person"],"@id":"https:\/\/www.revistarambla.com\/#\/schema\/person\/e3e50b25d04340ea7d87123101d5af4b","name":"Josu Ibargutxi","image":{"@type":"ImageObject","@id":"","inLanguage":"en_GB","url":"https:\/\/www.revistarambla.com\/wp-content\/litespeed\/avatar\/e0de3cb86f30117e120eb135706c3bfb.jpg?ver=1777318223","caption":"Josu Ibargutxi"}},{"@type":["Person"],"@id":"https:\/\/www.revistarambla.com\/#\/schema\/person\/e3e50b25d04340ea7d87123101d5af4b","name":"Chato Galante","image":{"@type":"ImageObject","@id":"","inLanguage":"en_GB","url":"https:\/\/www.revistarambla.com\/wp-content\/litespeed\/avatar\/e0de3cb86f30117e120eb135706c3bfb.jpg?ver=1777318223","caption":"Chato Galante"}}]]}},"_links":{"self":[{"href":"https:\/\/www.revistarambla.com\/en\/wp-json\/wp\/v2\/posts\/1655","targetHints":{"allow":["GET"]}}],"collection":[{"href":"https:\/\/www.revistarambla.com\/en\/wp-json\/wp\/v2\/posts"}],"about":[{"href":"https:\/\/www.revistarambla.com\/en\/wp-json\/wp\/v2\/types\/post"}],"author":[{"embeddable":true,"href":"https:\/\/www.revistarambla.com\/en\/wp-json\/wp\/v2\/users\/97"}],"replies":[{"embeddable":true,"href":"https:\/\/www.revistarambla.com\/en\/wp-json\/wp\/v2\/comments?post=1655"}],"version-history":[{"count":0,"href":"https:\/\/www.revistarambla.com\/en\/wp-json\/wp\/v2\/posts\/1655\/revisions"}],"wp:attachment":[{"href":"https:\/\/www.revistarambla.com\/en\/wp-json\/wp\/v2\/media?parent=1655"}],"wp:term":[{"taxonomy":"category","embeddable":true,"href":"https:\/\/www.revistarambla.com\/en\/wp-json\/wp\/v2\/categories?post=1655"},{"taxonomy":"post_tag","embeddable":true,"href":"https:\/\/www.revistarambla.com\/en\/wp-json\/wp\/v2\/tags?post=1655"}],"curies":[{"name":"wp","href":"https:\/\/api.w.org\/{rel}","templated":true}]}}