{"id":1650,"date":"2012-05-06T14:53:59","date_gmt":"2012-05-06T12:53:59","guid":{"rendered":"https:\/\/www.revistarambla.com\/vivir-del-sol\/"},"modified":"2022-10-21T18:14:07","modified_gmt":"2022-10-21T16:14:07","slug":"vivir-del-sol","status":"publish","type":"post","link":"https:\/\/www.revistarambla.com\/en\/vivir-del-sol\/","title":{"rendered":"Vivir del sol"},"content":{"rendered":"<p>Prahlad Jani tiene 83 a\u00f1os, vive en el estado indio de Gujarat y sus seguidores le conocen como la Mataji o diosa. Cuando ten\u00eda 8 a\u00f1os, la divinidad Amba lo bendijo convirti\u00e9ndole en hombre santo. Desde entonces se cobija en cuevas y asegura no haber vuelto a ingerir ni comida ni bebida. Tambi\u00e9n el qu\u00edmico Michael Wermer afirma que vive sin alimentarse desde 2001 cuando conoci\u00f3 a Jani y comenz\u00f3 a seguir su ejemplo. Wermer cont\u00f3 su experiencia en el documental Vivir del Sol, cuya visi\u00f3n impresion\u00f3 tanto a la suiza Anna Gut que no dud\u00f3 en abrazar la filosof\u00eda de la Mataji. La pasada semana el cuerpo de esta mujer que quiso alimentarse del sol terminaba, parad\u00f3jicamente, siendo alimento de la tierra. Antes que a Anna (nombre ficticio con el que ha sido bautizada por la prensa), la fe en las vivencias de Jani se llev\u00f3 a la tumba a la australiana Verity Lin, a la neozelandesa Lani Morris, al alem\u00e1n Timo Degen.<\/p>\n<figure style=\"width: 550px\" class=\"wp-caption aligncenter\"><img decoding=\"async\" src=\"https:\/\/www.revistarambla.com\/wp-content\/uploads\/2012\/05\/rambla_01.jpg\" alt=\"alt\" width=\"550\" height=\"198\" \/><figcaption class=\"wp-caption-text\">Ilustra Evelio G\u00f3mez.<\/figcaption><\/figure>\n<p>Pese a estos riesgos, el ultraliberalismo parece haberse apropiado con inusitado entusiasmo del misticismo de Prahlad Jani para, uni\u00e9ndolo a las iluminadas palabras de su gur\u00fa Milton Friedman, hacer de sus pr\u00e1cticas la gu\u00eda con la que encarar la crisis de la zona euro. Con una ortodoxia tal que incluso parece dispuesta a asumir ese travestismo que el capricho de Amba impone al yogui indio, vestido con sari y tocado en la frente con la roja marca de la tika, reservada a las mujeres casadas: no es extra\u00f1o, pues, que sus entusiastas seguidores europeos adopten tambi\u00e9n la misma ambig\u00fcedad andr\u00f3gina con los binomios \u00c1ngela Merkel yNicol\u00e1s Sarkozy oMariano Rajoy yEsperanza Aguirre. En cualquier caso, en todo este tiempo, los nuevos sacerdotes europeos han dejado constancia de su dogmatismo de conversos imponiendo a los ciudadanos el m\u00e1s estricto ayuno, eliminando de nuestros cansados organismos la m\u00e1s m\u00ednima dosis que alimente nuestra salud p\u00fablica, nuestros derechos, nuestra educaci\u00f3n p\u00fablica, nuestro m\u00ednimo bienestar colectivo. Por el d\u00e9ficit cero al ayuno final.<\/p>\n<p>Y como Gut, Lin, Morris o Degen, tambi\u00e9n los pa\u00edses europeos parecen condenados a morir de inanici\u00f3n, a ver como las antojadizas exigencias de las modernas divinidades financieras terminan por arrebatarles las \u00faltimas energ\u00edas. A uno tras otro: Grecia, Portugal, Irlanda&#8230; Espa\u00f1a&#8230; Italia&#8230; No importa, la fe ciega en la austeridad m\u00edstica aplicada al ajuste fiscal es inquebrantable. S\u00f3lo con ella alcanzaremos la deseada estabilidad presupuestaria, el nirvana econ\u00f3mico que alg\u00fan d\u00eda nos devolver\u00e1 la felicidad de estar en conjunci\u00f3n con las fuerzas del esp\u00edritu que distribuyen las agencias de clasificaci\u00f3n. Aunque para los m\u00e1s d\u00e9biles el sacrificio exigido puedan resultar mortal. Aunque a veces sintamos p\u00e1nico ante la meticulosa destrucci\u00f3n que nos envuelve.<\/p>\n<p>Da igual. Al fin y al cabo, la visi\u00f3n de la destrucci\u00f3n extrema tambi\u00e9n puede resultar reconfortante. Lo pone de relieve un reciente informe de Instituto de Estudios sobre Turismo Necrol\u00f3gico, de la Universidad Central de Lancarster, que explica las razones \u00faltimas que cada a\u00f1o lleva a miles de personas a viajar a lugares tan luctuosos como Auschwitz, la zona cero de Nueva York o Chern\u00f3bil. Regresar de un espacio donde la muerte rein\u00f3 en estado puro genera en quien lo contempl\u00f3 una consoladora sensaci\u00f3n de alivio. Una paz solo comparable con la alcanzada por quienes, aceptando con humildad y resignaci\u00f3n los rigores del ayuno, consiguen al fin poder alimentarse del sol.<\/p>","protected":false},"excerpt":{"rendered":"<p>Prahlad Jani tiene 83 a\u00f1os, vive en el estado indio de Gujarat y sus seguidores le conocen como la Mataji o diosa. Cuando ten\u00eda 8 a\u00f1os, la divinidad Amba lo bendijo convirti\u00e9ndole en hombre santo. Desde entonces se cobija en cuevas y asegura no haber vuelto a ingerir ni comida [&hellip;]<\/p>\n","protected":false},"author":325,"featured_media":0,"comment_status":"open","ping_status":"open","sticky":false,"template":"","format":"standard","meta":{"footnotes":""},"categories":[72],"tags":[],"class_list":["post-1650","post","type-post","status-publish","format-standard","hentry","category-opinion"],"yoast_head":"<!-- This site is optimized with the Yoast SEO plugin v27.5 - https:\/\/yoast.com\/product\/yoast-seo-wordpress\/ -->\n<title>Vivir del sol - Revista Rambla<\/title>\n<meta name=\"robots\" content=\"index, follow, max-snippet:-1, max-image-preview:large, max-video-preview:-1\" \/>\n<link rel=\"canonical\" href=\"https:\/\/www.revistarambla.com\/en\/vivir-del-sol\/\" \/>\n<meta property=\"og:locale\" content=\"en_GB\" \/>\n<meta property=\"og:type\" content=\"article\" \/>\n<meta property=\"og:title\" content=\"Vivir del sol - Revista Rambla\" \/>\n<meta property=\"og:description\" content=\"Prahlad Jani tiene 83 a\u00f1os, vive en el estado indio de Gujarat y sus seguidores le conocen como la Mataji o diosa. Cuando ten\u00eda 8 a\u00f1os, la divinidad Amba lo bendijo convirti\u00e9ndole en hombre santo. Desde entonces se cobija en cuevas y asegura no haber vuelto a ingerir ni comida [&hellip;]\" \/>\n<meta property=\"og:url\" content=\"https:\/\/www.revistarambla.com\/en\/vivir-del-sol\/\" \/>\n<meta property=\"og:site_name\" content=\"Revista Rambla\" \/>\n<meta property=\"article:publisher\" content=\"https:\/\/www.facebook.com\/revistarambla\/\" \/>\n<meta property=\"article:author\" content=\"https:\/\/www.facebook.com\/josemanuelrambla\/\" \/>\n<meta property=\"article:published_time\" content=\"2012-05-06T12:53:59+00:00\" \/>\n<meta property=\"article:modified_time\" content=\"2022-10-21T16:14:07+00:00\" \/>\n<meta property=\"og:image\" content=\"https:\/\/www.revistarambla.com\/wp-content\/uploads\/2012\/05\/rambla.jpg\" \/>\n\t<meta property=\"og:image:width\" content=\"275\" \/>\n\t<meta property=\"og:image:height\" content=\"154\" \/>\n\t<meta property=\"og:image:type\" content=\"image\/jpeg\" \/>\n<meta name=\"author\" content=\"Jos\u00e9 Manuel Rambla\" \/>\n<meta name=\"twitter:card\" content=\"summary_large_image\" \/>\n<meta name=\"twitter:creator\" content=\"@jmrambla\" \/>\n<meta name=\"twitter:site\" content=\"@revistarambla\" \/>\n<meta name=\"twitter:label1\" content=\"Written by\" \/>\n\t<meta name=\"twitter:data1\" content=\"Jos\u00e9 Manuel Rambla\" \/>\n\t<meta name=\"twitter:label2\" content=\"Estimated reading time\" \/>\n\t<meta name=\"twitter:data2\" content=\"3 minutes\" \/>\n<script type=\"application\/ld+json\" class=\"yoast-schema-graph\">{\"@context\":\"https:\\\/\\\/schema.org\",\"@graph\":[{\"@type\":\"Article\",\"@id\":\"https:\\\/\\\/www.revistarambla.com\\\/vivir-del-sol\\\/#article\",\"isPartOf\":{\"@id\":\"https:\\\/\\\/www.revistarambla.com\\\/vivir-del-sol\\\/\"},\"author\":{\"name\":\"Jos\u00e9 Manuel Rambla\",\"@id\":\"https:\\\/\\\/www.revistarambla.com\\\/#\\\/schema\\\/person\\\/f8e404c0293434eaf6a60da08d1123e3\"},\"headline\":\"Vivir del sol\",\"datePublished\":\"2012-05-06T12:53:59+00:00\",\"dateModified\":\"2022-10-21T16:14:07+00:00\",\"mainEntityOfPage\":{\"@id\":\"https:\\\/\\\/www.revistarambla.com\\\/vivir-del-sol\\\/\"},\"wordCount\":619,\"commentCount\":0,\"publisher\":{\"@id\":\"https:\\\/\\\/www.revistarambla.com\\\/#organization\"},\"image\":{\"@id\":\"https:\\\/\\\/www.revistarambla.com\\\/vivir-del-sol\\\/#primaryimage\"},\"thumbnailUrl\":\"https:\\\/\\\/www.revistarambla.com\\\/wp-content\\\/uploads\\\/2012\\\/05\\\/rambla_01.jpg\",\"articleSection\":[\"Opiniones\"],\"inLanguage\":\"en-GB\",\"potentialAction\":[{\"@type\":\"CommentAction\",\"name\":\"Comment\",\"target\":[\"https:\\\/\\\/www.revistarambla.com\\\/vivir-del-sol\\\/#respond\"]}]},{\"@type\":\"WebPage\",\"@id\":\"https:\\\/\\\/www.revistarambla.com\\\/vivir-del-sol\\\/\",\"url\":\"https:\\\/\\\/www.revistarambla.com\\\/vivir-del-sol\\\/\",\"name\":\"Vivir del sol - Revista Rambla\",\"isPartOf\":{\"@id\":\"https:\\\/\\\/www.revistarambla.com\\\/#website\"},\"primaryImageOfPage\":{\"@id\":\"https:\\\/\\\/www.revistarambla.com\\\/vivir-del-sol\\\/#primaryimage\"},\"image\":{\"@id\":\"https:\\\/\\\/www.revistarambla.com\\\/vivir-del-sol\\\/#primaryimage\"},\"thumbnailUrl\":\"https:\\\/\\\/www.revistarambla.com\\\/wp-content\\\/uploads\\\/2012\\\/05\\\/rambla_01.jpg\",\"datePublished\":\"2012-05-06T12:53:59+00:00\",\"dateModified\":\"2022-10-21T16:14:07+00:00\",\"breadcrumb\":{\"@id\":\"https:\\\/\\\/www.revistarambla.com\\\/vivir-del-sol\\\/#breadcrumb\"},\"inLanguage\":\"en-GB\",\"potentialAction\":[{\"@type\":\"ReadAction\",\"target\":[\"https:\\\/\\\/www.revistarambla.com\\\/vivir-del-sol\\\/\"]}]},{\"@type\":\"ImageObject\",\"inLanguage\":\"en-GB\",\"@id\":\"https:\\\/\\\/www.revistarambla.com\\\/vivir-del-sol\\\/#primaryimage\",\"url\":\"https:\\\/\\\/www.revistarambla.com\\\/wp-content\\\/uploads\\\/2012\\\/05\\\/rambla_01.jpg\",\"contentUrl\":\"https:\\\/\\\/www.revistarambla.com\\\/wp-content\\\/uploads\\\/2012\\\/05\\\/rambla_01.jpg\"},{\"@type\":\"BreadcrumbList\",\"@id\":\"https:\\\/\\\/www.revistarambla.com\\\/vivir-del-sol\\\/#breadcrumb\",\"itemListElement\":[{\"@type\":\"ListItem\",\"position\":1,\"name\":\"Portada\",\"item\":\"https:\\\/\\\/www.revistarambla.com\\\/\"},{\"@type\":\"ListItem\",\"position\":2,\"name\":\"Vivir del sol\"}]},{\"@type\":\"WebSite\",\"@id\":\"https:\\\/\\\/www.revistarambla.com\\\/#website\",\"url\":\"https:\\\/\\\/www.revistarambla.com\\\/\",\"name\":\"Revista Rambla Barcelona\",\"description\":\"Periodismo independiente\",\"publisher\":{\"@id\":\"https:\\\/\\\/www.revistarambla.com\\\/#organization\"},\"potentialAction\":[{\"@type\":\"SearchAction\",\"target\":{\"@type\":\"EntryPoint\",\"urlTemplate\":\"https:\\\/\\\/www.revistarambla.com\\\/?s={search_term_string}\"},\"query-input\":{\"@type\":\"PropertyValueSpecification\",\"valueRequired\":true,\"valueName\":\"search_term_string\"}}],\"inLanguage\":\"en-GB\"},{\"@type\":\"Organization\",\"@id\":\"https:\\\/\\\/www.revistarambla.com\\\/#organization\",\"name\":\"Revista Rambla\",\"url\":\"https:\\\/\\\/www.revistarambla.com\\\/\",\"logo\":{\"@type\":\"ImageObject\",\"inLanguage\":\"en-GB\",\"@id\":\"https:\\\/\\\/www.revistarambla.com\\\/#\\\/schema\\\/logo\\\/image\\\/\",\"url\":\"https:\\\/\\\/www.revistarambla.com\\\/wp-content\\\/uploads\\\/2020\\\/09\\\/banner_rambla_1900x600_BB.png\",\"contentUrl\":\"https:\\\/\\\/www.revistarambla.com\\\/wp-content\\\/uploads\\\/2020\\\/09\\\/banner_rambla_1900x600_BB.png\",\"width\":1900,\"height\":600,\"caption\":\"Revista Rambla\"},\"image\":{\"@id\":\"https:\\\/\\\/www.revistarambla.com\\\/#\\\/schema\\\/logo\\\/image\\\/\"},\"sameAs\":[\"https:\\\/\\\/www.facebook.com\\\/revistarambla\\\/\",\"https:\\\/\\\/x.com\\\/revistarambla\",\"https:\\\/\\\/www.instagram.com\\\/revista_rambla\",\"https:\\\/\\\/es.linkedin.com\\\/company\\\/revista-rambla\"]},{\"@type\":\"Person\",\"@id\":\"https:\\\/\\\/www.revistarambla.com\\\/#\\\/schema\\\/person\\\/f8e404c0293434eaf6a60da08d1123e3\",\"name\":\"Jos\u00e9 Manuel Rambla\",\"description\":\"Periodista cultural y columnista.\",\"sameAs\":[\"https:\\\/\\\/aesteladodelparaiso.com\\\/\",\"https:\\\/\\\/www.facebook.com\\\/josemanuelrambla\\\/\",\"https:\\\/\\\/x.com\\\/jmrambla\"]}]}<\/script>\n<!-- \/ Yoast SEO plugin. -->","yoast_head_json":{"title":"Vivir del sol - Revista Rambla","robots":{"index":"index","follow":"follow","max-snippet":"max-snippet:-1","max-image-preview":"max-image-preview:large","max-video-preview":"max-video-preview:-1"},"canonical":"https:\/\/www.revistarambla.com\/en\/vivir-del-sol\/","og_locale":"en_GB","og_type":"article","og_title":"Vivir del sol - Revista Rambla","og_description":"Prahlad Jani tiene 83 a\u00f1os, vive en el estado indio de Gujarat y sus seguidores le conocen como la Mataji o diosa. Cuando ten\u00eda 8 a\u00f1os, la divinidad Amba lo bendijo convirti\u00e9ndole en hombre santo. Desde entonces se cobija en cuevas y asegura no haber vuelto a ingerir ni comida [&hellip;]","og_url":"https:\/\/www.revistarambla.com\/en\/vivir-del-sol\/","og_site_name":"Revista Rambla","article_publisher":"https:\/\/www.facebook.com\/revistarambla\/","article_author":"https:\/\/www.facebook.com\/josemanuelrambla\/","article_published_time":"2012-05-06T12:53:59+00:00","article_modified_time":"2022-10-21T16:14:07+00:00","og_image":[{"width":275,"height":154,"url":"https:\/\/www.revistarambla.com\/wp-content\/uploads\/2012\/05\/rambla.jpg","type":"image\/jpeg"}],"author":"Jos\u00e9 Manuel Rambla","twitter_card":"summary_large_image","twitter_creator":"@jmrambla","twitter_site":"@revistarambla","twitter_misc":{"Written by":"Jos\u00e9 Manuel Rambla","Estimated reading time":"3 minutes"},"schema":{"@context":"https:\/\/schema.org","@graph":[{"@type":"Article","@id":"https:\/\/www.revistarambla.com\/vivir-del-sol\/#article","isPartOf":{"@id":"https:\/\/www.revistarambla.com\/vivir-del-sol\/"},"author":{"name":"Jos\u00e9 Manuel Rambla","@id":"https:\/\/www.revistarambla.com\/#\/schema\/person\/f8e404c0293434eaf6a60da08d1123e3"},"headline":"Vivir del sol","datePublished":"2012-05-06T12:53:59+00:00","dateModified":"2022-10-21T16:14:07+00:00","mainEntityOfPage":{"@id":"https:\/\/www.revistarambla.com\/vivir-del-sol\/"},"wordCount":619,"commentCount":0,"publisher":{"@id":"https:\/\/www.revistarambla.com\/#organization"},"image":{"@id":"https:\/\/www.revistarambla.com\/vivir-del-sol\/#primaryimage"},"thumbnailUrl":"https:\/\/www.revistarambla.com\/wp-content\/uploads\/2012\/05\/rambla_01.jpg","articleSection":["Opiniones"],"inLanguage":"en-GB","potentialAction":[{"@type":"CommentAction","name":"Comment","target":["https:\/\/www.revistarambla.com\/vivir-del-sol\/#respond"]}]},{"@type":"WebPage","@id":"https:\/\/www.revistarambla.com\/vivir-del-sol\/","url":"https:\/\/www.revistarambla.com\/vivir-del-sol\/","name":"Vivir del sol - Revista Rambla","isPartOf":{"@id":"https:\/\/www.revistarambla.com\/#website"},"primaryImageOfPage":{"@id":"https:\/\/www.revistarambla.com\/vivir-del-sol\/#primaryimage"},"image":{"@id":"https:\/\/www.revistarambla.com\/vivir-del-sol\/#primaryimage"},"thumbnailUrl":"https:\/\/www.revistarambla.com\/wp-content\/uploads\/2012\/05\/rambla_01.jpg","datePublished":"2012-05-06T12:53:59+00:00","dateModified":"2022-10-21T16:14:07+00:00","breadcrumb":{"@id":"https:\/\/www.revistarambla.com\/vivir-del-sol\/#breadcrumb"},"inLanguage":"en-GB","potentialAction":[{"@type":"ReadAction","target":["https:\/\/www.revistarambla.com\/vivir-del-sol\/"]}]},{"@type":"ImageObject","inLanguage":"en-GB","@id":"https:\/\/www.revistarambla.com\/vivir-del-sol\/#primaryimage","url":"https:\/\/www.revistarambla.com\/wp-content\/uploads\/2012\/05\/rambla_01.jpg","contentUrl":"https:\/\/www.revistarambla.com\/wp-content\/uploads\/2012\/05\/rambla_01.jpg"},{"@type":"BreadcrumbList","@id":"https:\/\/www.revistarambla.com\/vivir-del-sol\/#breadcrumb","itemListElement":[{"@type":"ListItem","position":1,"name":"Portada","item":"https:\/\/www.revistarambla.com\/"},{"@type":"ListItem","position":2,"name":"Vivir del sol"}]},{"@type":"WebSite","@id":"https:\/\/www.revistarambla.com\/#website","url":"https:\/\/www.revistarambla.com\/","name":"Revista Rambla Barcelona","description":"Periodismo independiente","publisher":{"@id":"https:\/\/www.revistarambla.com\/#organization"},"potentialAction":[{"@type":"SearchAction","target":{"@type":"EntryPoint","urlTemplate":"https:\/\/www.revistarambla.com\/?s={search_term_string}"},"query-input":{"@type":"PropertyValueSpecification","valueRequired":true,"valueName":"search_term_string"}}],"inLanguage":"en-GB"},{"@type":"Organization","@id":"https:\/\/www.revistarambla.com\/#organization","name":"Revista Rambla","url":"https:\/\/www.revistarambla.com\/","logo":{"@type":"ImageObject","inLanguage":"en-GB","@id":"https:\/\/www.revistarambla.com\/#\/schema\/logo\/image\/","url":"https:\/\/www.revistarambla.com\/wp-content\/uploads\/2020\/09\/banner_rambla_1900x600_BB.png","contentUrl":"https:\/\/www.revistarambla.com\/wp-content\/uploads\/2020\/09\/banner_rambla_1900x600_BB.png","width":1900,"height":600,"caption":"Revista Rambla"},"image":{"@id":"https:\/\/www.revistarambla.com\/#\/schema\/logo\/image\/"},"sameAs":["https:\/\/www.facebook.com\/revistarambla\/","https:\/\/x.com\/revistarambla","https:\/\/www.instagram.com\/revista_rambla","https:\/\/es.linkedin.com\/company\/revista-rambla"]},{"@type":"Person","@id":"https:\/\/www.revistarambla.com\/#\/schema\/person\/f8e404c0293434eaf6a60da08d1123e3","name":"Jos\u00e9 Manuel Rambla","description":"Periodista cultural y columnista.","sameAs":["https:\/\/aesteladodelparaiso.com\/","https:\/\/www.facebook.com\/josemanuelrambla\/","https:\/\/x.com\/jmrambla"]}]}},"_links":{"self":[{"href":"https:\/\/www.revistarambla.com\/en\/wp-json\/wp\/v2\/posts\/1650","targetHints":{"allow":["GET"]}}],"collection":[{"href":"https:\/\/www.revistarambla.com\/en\/wp-json\/wp\/v2\/posts"}],"about":[{"href":"https:\/\/www.revistarambla.com\/en\/wp-json\/wp\/v2\/types\/post"}],"author":[{"embeddable":true,"href":"https:\/\/www.revistarambla.com\/en\/wp-json\/wp\/v2\/users\/325"}],"replies":[{"embeddable":true,"href":"https:\/\/www.revistarambla.com\/en\/wp-json\/wp\/v2\/comments?post=1650"}],"version-history":[{"count":1,"href":"https:\/\/www.revistarambla.com\/en\/wp-json\/wp\/v2\/posts\/1650\/revisions"}],"predecessor-version":[{"id":48329,"href":"https:\/\/www.revistarambla.com\/en\/wp-json\/wp\/v2\/posts\/1650\/revisions\/48329"}],"wp:attachment":[{"href":"https:\/\/www.revistarambla.com\/en\/wp-json\/wp\/v2\/media?parent=1650"}],"wp:term":[{"taxonomy":"category","embeddable":true,"href":"https:\/\/www.revistarambla.com\/en\/wp-json\/wp\/v2\/categories?post=1650"},{"taxonomy":"post_tag","embeddable":true,"href":"https:\/\/www.revistarambla.com\/en\/wp-json\/wp\/v2\/tags?post=1650"}],"curies":[{"name":"wp","href":"https:\/\/api.w.org\/{rel}","templated":true}]}}